{"id":30119,"date":"2025-05-23T08:49:14","date_gmt":"2025-05-23T06:49:14","guid":{"rendered":"https:\/\/vosgesinfo.fr\/laplainedesvosgesinfo\/?p=30119"},"modified":"2025-05-23T08:49:04","modified_gmt":"2025-05-23T06:49:04","slug":"vittel-_-le-cpo-centre-dentrainement-des-equipes-de-france-de-waterpolo","status":"publish","type":"post","link":"https:\/\/vosgesinfo.fr\/laplainedesvosgesinfo\/2025\/05\/vittel-_-le-cpo-centre-dentrainement-des-equipes-de-france-de-waterpolo\/","title":{"rendered":"VITTEL &#8211; Le CPO  centre d\u2019entra\u00eenement des \u00e9quipes de France de Waterpolo"},"content":{"rendered":"<p><a href=\"https:\/\/vosgesinfo.fr\/app\/uploads\/sites\/2\/2025\/05\/wa.jpg\"><img decoding=\"async\" class=\"wp-image-30120 size-full\" src=\"https:\/\/vosgesinfo.fr\/app\/uploads\/sites\/2\/2025\/05\/wa.jpg\" alt=\"\" width=\"612\" height=\"406\" srcset=\"https:\/\/vosgesinfo.fr\/app\/uploads\/sites\/2\/2025\/05\/wa.jpg 612w, https:\/\/vosgesinfo.fr\/app\/uploads\/sites\/2\/2025\/05\/wa-300x199.jpg 300w\" sizes=\"(max-width: 612px) 100vw, 612px\" \/><\/a><\/p>\n<p>Du 27 mai au 28 juin 2025, le Centre de Pr\u00e9paration Omnisports (CPO) de Vittel accueillera plusieurs \u00e9quipes nationales fran\u00e7aises pour une s\u00e9rie de stages et de comp\u00e9titions. Ce mois exceptionnel place une nouvelle fois Vittel au c\u0153ur du sport de haut niveau et du rayonnement national.<br \/>\nLes \u00c9quipes de France de water-polo se succ\u00e9deront durant toute la p\u00e9riode :<br \/>\n\u2022 \u00c9quipe de France Masculine : 27 mai au 6 juin<br \/>\n\u2022 \u00c9quipe de France U16 F\u00e9minine : 9 au 16 juin<br \/>\n\u2022 \u00c9quipe de France F\u00e9minine : 18 au 28 juin<br \/>\nDu 15 au 22 juin, l\u2019\u00c9quipe de France U15 Masculine de basket-ball partagera \u00e9galement les installations avec l\u2019\u00c9quipe d\u2019Allemagne, dans un cadre d\u2019\u00e9changes et de pr\u00e9paration. Des matchs exhibition pourraient \u00eatre propos\u00e9s au public : informations \u00e0venir.<br \/>\nPlusieurs \u00e9v\u00e9nements ouverts au public rythmeront ce mois f\u00e9d\u00e9ral :<br \/>\n\u2022 Coupe de France des Ligues U15 F\u00e9minines de water-polo : 7 au 9 juin<br \/>\n\u2022 Championnat des Vosges de natation : 14 et 15 juin<br \/>\nCe mois f\u00e9d\u00e9ral t\u00e9moigne de la confiance des F\u00e9d\u00e9rations nationales envers les infrastructures vittelloises. \u00c0 noter : en raison de ces stages, le bassin de 50 m\u00e8tres ne sera pas accessible du 27 mai au 28 juin. Le bassin de 25 m\u00e8tres reste ouvert<\/p>\n","protected":false},"excerpt":{"rendered":"<p>Du 27 mai au 28 juin 2025, le Centre de Pr\u00e9paration Omnisports (CPO) de Vittel accueillera plusieurs \u00e9quipes nationales fran\u00e7aises [&hellip;]<\/p>\n","protected":false},"author":126,"featured_media":30120,"comment_status":"open","ping_status":"open","sticky":false,"template":"","format":"standard","meta":{"footnotes":""},"categories":[29,14],"tags":[],"class_list":["post-30119","post","type-post","status-publish","format-standard","has-post-thumbnail","hentry","category-a-la-une","category-sport"],"acf":[],"yoast_head":"<!-- This site is optimized with the Yoast SEO plugin v22.5 - https:\/\/yoast.com\/wordpress\/plugins\/seo\/ -->\n<title>VITTEL - Le CPO centre d\u2019entra\u00eenement des \u00e9quipes de France de Waterpolo - La Plaine des Vosges<\/title>\n<meta name=\"robots\" content=\"index, follow, max-snippet:-1, max-image-preview:large, max-video-preview:-1\" \/>\n<link rel=\"canonical\" href=\"https:\/\/vosgesinfo.fr\/laplainedesvosgesinfo\/2025\/05\/vittel-_-le-cpo-centre-dentrainement-des-equipes-de-france-de-waterpolo\/\" \/>\n<meta name=\"twitter:card\" content=\"summary_large_image\" \/>\n<meta name=\"twitter:title\" content=\"VITTEL - Le CPO centre d\u2019entra\u00eenement des \u00e9quipes de France de Waterpolo - La Plaine des Vosges\" \/>\n<meta name=\"twitter:description\" content=\"Du 27 mai au 28 juin 2025, le Centre de Pr\u00e9paration Omnisports (CPO) de Vittel accueillera plusieurs \u00e9quipes nationales fran\u00e7aises [&hellip;]\" \/>\n<meta name=\"twitter:image\" content=\"https:\/\/vosgesinfo.fr\/app\/uploads\/sites\/2\/2025\/05\/wa.jpg\" \/>\n<meta name=\"twitter:creator\" content=\"@VosgesInfo88\" \/>\n<meta name=\"twitter:site\" content=\"@VosgesInfo88\" \/>\n<meta name=\"twitter:label1\" content=\"\u00c9crit par\" \/>\n\t<meta name=\"twitter:data1\" content=\"La R\u00e9daction\" \/>\n\t<meta name=\"twitter:label2\" content=\"Dur\u00e9e de lecture estim\u00e9e\" \/>\n\t<meta name=\"twitter:data2\" content=\"2 minutes\" \/>\n<script type=\"application\/ld+json\" class=\"yoast-schema-graph\">{\"@context\":\"https:\/\/schema.org\",\"@graph\":[{\"@type\":\"Article\",\"@id\":\"https:\/\/vosgesinfo.fr\/laplainedesvosgesinfo\/2025\/05\/vittel-_-le-cpo-centre-dentrainement-des-equipes-de-france-de-waterpolo\/#article\",\"isPartOf\":{\"@id\":\"https:\/\/vosgesinfo.fr\/laplainedesvosgesinfo\/2025\/05\/vittel-_-le-cpo-centre-dentrainement-des-equipes-de-france-de-waterpolo\/\"},\"author\":{\"name\":\"La R\u00e9daction\",\"@id\":\"https:\/\/vosgesinfo.fr\/laplainedesvosgesinfo\/#\/schema\/person\/db412391f749f1ee67e177e1dc017316\"},\"headline\":\"VITTEL &#8211; Le CPO centre d\u2019entra\u00eenement des \u00e9quipes de France de Waterpolo\",\"datePublished\":\"2025-05-23T06:49:14+00:00\",\"dateModified\":\"2025-05-23T06:49:04+00:00\",\"mainEntityOfPage\":{\"@id\":\"https:\/\/vosgesinfo.fr\/laplainedesvosgesinfo\/2025\/05\/vittel-_-le-cpo-centre-dentrainement-des-equipes-de-france-de-waterpolo\/\"},\"wordCount\":215,\"commentCount\":0,\"publisher\":{\"@id\":\"https:\/\/vosgesinfo.fr\/laplainedesvosgesinfo\/#organization\"},\"image\":{\"@id\":\"https:\/\/vosgesinfo.fr\/laplainedesvosgesinfo\/2025\/05\/vittel-_-le-cpo-centre-dentrainement-des-equipes-de-france-de-waterpolo\/#primaryimage\"},\"thumbnailUrl\":\"https:\/\/vosgesinfo.fr\/app\/uploads\/sites\/2\/2025\/05\/wa.jpg\",\"articleSection\":[\"A la Une\",\"Sport\"],\"inLanguage\":\"fr-FR\",\"potentialAction\":[{\"@type\":\"CommentAction\",\"name\":\"Comment\",\"target\":[\"https:\/\/vosgesinfo.fr\/laplainedesvosgesinfo\/2025\/05\/vittel-_-le-cpo-centre-dentrainement-des-equipes-de-france-de-waterpolo\/#respond\"]}]},{\"@type\":\"WebPage\",\"@id\":\"https:\/\/vosgesinfo.fr\/laplainedesvosgesinfo\/2025\/05\/vittel-_-le-cpo-centre-dentrainement-des-equipes-de-france-de-waterpolo\/\",\"url\":\"https:\/\/vosgesinfo.fr\/laplainedesvosgesinfo\/2025\/05\/vittel-_-le-cpo-centre-dentrainement-des-equipes-de-france-de-waterpolo\/\",\"name\":\"VITTEL - Le CPO centre d\u2019entra\u00eenement des \u00e9quipes de France de Waterpolo - La Plaine des Vosges\",\"isPartOf\":{\"@id\":\"https:\/\/vosgesinfo.fr\/laplainedesvosgesinfo\/#website\"},\"primaryImageOfPage\":{\"@id\":\"https:\/\/vosgesinfo.fr\/laplainedesvosgesinfo\/2025\/05\/vittel-_-le-cpo-centre-dentrainement-des-equipes-de-france-de-waterpolo\/#primaryimage\"},\"image\":{\"@id\":\"https:\/\/vosgesinfo.fr\/laplainedesvosgesinfo\/2025\/05\/vittel-_-le-cpo-centre-dentrainement-des-equipes-de-france-de-waterpolo\/#primaryimage\"},\"thumbnailUrl\":\"https:\/\/vosgesinfo.fr\/app\/uploads\/sites\/2\/2025\/05\/wa.jpg\",\"datePublished\":\"2025-05-23T06:49:14+00:00\",\"dateModified\":\"2025-05-23T06:49:04+00:00\",\"breadcrumb\":{\"@id\":\"https:\/\/vosgesinfo.fr\/laplainedesvosgesinfo\/2025\/05\/vittel-_-le-cpo-centre-dentrainement-des-equipes-de-france-de-waterpolo\/#breadcrumb\"},\"inLanguage\":\"fr-FR\",\"potentialAction\":[{\"@type\":\"ReadAction\",\"target\":[\"https:\/\/vosgesinfo.fr\/laplainedesvosgesinfo\/2025\/05\/vittel-_-le-cpo-centre-dentrainement-des-equipes-de-france-de-waterpolo\/\"]}]},{\"@type\":\"ImageObject\",\"inLanguage\":\"fr-FR\",\"@id\":\"https:\/\/vosgesinfo.fr\/laplainedesvosgesinfo\/2025\/05\/vittel-_-le-cpo-centre-dentrainement-des-equipes-de-france-de-waterpolo\/#primaryimage\",\"url\":\"https:\/\/vosgesinfo.fr\/app\/uploads\/sites\/2\/2025\/05\/wa.jpg\",\"contentUrl\":\"https:\/\/vosgesinfo.fr\/app\/uploads\/sites\/2\/2025\/05\/wa.jpg\",\"width\":612,\"height\":406,\"caption\":\"two water polo players during a game\"},{\"@type\":\"BreadcrumbList\",\"@id\":\"https:\/\/vosgesinfo.fr\/laplainedesvosgesinfo\/2025\/05\/vittel-_-le-cpo-centre-dentrainement-des-equipes-de-france-de-waterpolo\/#breadcrumb\",\"itemListElement\":[{\"@type\":\"ListItem\",\"position\":1,\"name\":\"Home\",\"item\":\"https:\/\/vosgesinfo.fr\/laplainedesvosgesinfo\/\"},{\"@type\":\"ListItem\",\"position\":2,\"name\":\"VITTEL &#8211; Le CPO centre d\u2019entra\u00eenement des \u00e9quipes de France de Waterpolo\"}]},{\"@type\":\"WebSite\",\"@id\":\"https:\/\/vosgesinfo.fr\/laplainedesvosgesinfo\/#website\",\"url\":\"https:\/\/vosgesinfo.fr\/laplainedesvosgesinfo\/\",\"name\":\"La Plaine des Vosges\",\"description\":\"Toute l&#039;actualit\u00e9 de la plaine de Vosges\",\"publisher\":{\"@id\":\"https:\/\/vosgesinfo.fr\/laplainedesvosgesinfo\/#organization\"},\"alternateName\":\"Toute l'actualit\u00e9 de la plaine des Vosges\",\"potentialAction\":[{\"@type\":\"SearchAction\",\"target\":{\"@type\":\"EntryPoint\",\"urlTemplate\":\"https:\/\/vosgesinfo.fr\/laplainedesvosgesinfo\/?s={search_term_string}\"},\"query-input\":\"required name=search_term_string\"}],\"inLanguage\":\"fr-FR\"},{\"@type\":\"Organization\",\"@id\":\"https:\/\/vosgesinfo.fr\/laplainedesvosgesinfo\/#organization\",\"name\":\"La Plaine des Vosges\",\"url\":\"https:\/\/vosgesinfo.fr\/laplainedesvosgesinfo\/\",\"logo\":{\"@type\":\"ImageObject\",\"inLanguage\":\"fr-FR\",\"@id\":\"https:\/\/vosgesinfo.fr\/laplainedesvosgesinfo\/#\/schema\/logo\/image\/\",\"url\":\"https:\/\/vosgesinfo.fr\/app\/uploads\/sites\/2\/2023\/08\/logo-laplaineinfo.svg\",\"contentUrl\":\"https:\/\/vosgesinfo.fr\/app\/uploads\/sites\/2\/2023\/08\/logo-laplaineinfo.svg\",\"width\":1,\"height\":1,\"caption\":\"La Plaine des Vosges\"},\"image\":{\"@id\":\"https:\/\/vosgesinfo.fr\/laplainedesvosgesinfo\/#\/schema\/logo\/image\/\"},\"sameAs\":[\"https:\/\/www.facebook.com\/laplainedesvosges\",\"https:\/\/x.com\/VosgesInfo88\",\"https:\/\/www.youtube.com\/@vosgesinfo\"]},{\"@type\":\"Person\",\"@id\":\"https:\/\/vosgesinfo.fr\/laplainedesvosgesinfo\/#\/schema\/person\/db412391f749f1ee67e177e1dc017316\",\"name\":\"La R\u00e9daction\",\"image\":{\"@type\":\"ImageObject\",\"inLanguage\":\"fr-FR\",\"@id\":\"https:\/\/vosgesinfo.fr\/laplainedesvosgesinfo\/#\/schema\/person\/image\/\",\"url\":\"https:\/\/secure.gravatar.com\/avatar\/d10cfbea47ec464014dd9e55d3c353f7c4017b65068eb823d0882be0ff3b0ff6?s=96&d=mm&r=g\",\"contentUrl\":\"https:\/\/secure.gravatar.com\/avatar\/d10cfbea47ec464014dd9e55d3c353f7c4017b65068eb823d0882be0ff3b0ff6?s=96&d=mm&r=g\",\"caption\":\"La R\u00e9daction\"},\"url\":\"https:\/\/vosgesinfo.fr\/laplainedesvosgesinfo\/author\/redaction\/\"}]}<\/script>\n<!-- \/ Yoast SEO plugin. -->","yoast_head_json":{"title":"VITTEL - Le CPO centre d\u2019entra\u00eenement des \u00e9quipes de France de Waterpolo - La Plaine des Vosges","robots":{"index":"index","follow":"follow","max-snippet":"max-snippet:-1","max-image-preview":"max-image-preview:large","max-video-preview":"max-video-preview:-1"},"canonical":"https:\/\/vosgesinfo.fr\/laplainedesvosgesinfo\/2025\/05\/vittel-_-le-cpo-centre-dentrainement-des-equipes-de-france-de-waterpolo\/","twitter_card":"summary_large_image","twitter_title":"VITTEL - Le CPO centre d\u2019entra\u00eenement des \u00e9quipes de France de Waterpolo - La Plaine des Vosges","twitter_description":"Du 27 mai au 28 juin 2025, le Centre de Pr\u00e9paration Omnisports (CPO) de Vittel accueillera plusieurs \u00e9quipes nationales fran\u00e7aises [&hellip;]","twitter_image":"https:\/\/vosgesinfo.fr\/app\/uploads\/sites\/2\/2025\/05\/wa.jpg","twitter_creator":"@VosgesInfo88","twitter_site":"@VosgesInfo88","twitter_misc":{"\u00c9crit par":"La R\u00e9daction","Dur\u00e9e de lecture estim\u00e9e":"2 minutes"},"schema":{"@context":"https:\/\/schema.org","@graph":[{"@type":"Article","@id":"https:\/\/vosgesinfo.fr\/laplainedesvosgesinfo\/2025\/05\/vittel-_-le-cpo-centre-dentrainement-des-equipes-de-france-de-waterpolo\/#article","isPartOf":{"@id":"https:\/\/vosgesinfo.fr\/laplainedesvosgesinfo\/2025\/05\/vittel-_-le-cpo-centre-dentrainement-des-equipes-de-france-de-waterpolo\/"},"author":{"name":"La R\u00e9daction","@id":"https:\/\/vosgesinfo.fr\/laplainedesvosgesinfo\/#\/schema\/person\/db412391f749f1ee67e177e1dc017316"},"headline":"VITTEL &#8211; Le CPO centre d\u2019entra\u00eenement des \u00e9quipes de France de Waterpolo","datePublished":"2025-05-23T06:49:14+00:00","dateModified":"2025-05-23T06:49:04+00:00","mainEntityOfPage":{"@id":"https:\/\/vosgesinfo.fr\/laplainedesvosgesinfo\/2025\/05\/vittel-_-le-cpo-centre-dentrainement-des-equipes-de-france-de-waterpolo\/"},"wordCount":215,"commentCount":0,"publisher":{"@id":"https:\/\/vosgesinfo.fr\/laplainedesvosgesinfo\/#organization"},"image":{"@id":"https:\/\/vosgesinfo.fr\/laplainedesvosgesinfo\/2025\/05\/vittel-_-le-cpo-centre-dentrainement-des-equipes-de-france-de-waterpolo\/#primaryimage"},"thumbnailUrl":"https:\/\/vosgesinfo.fr\/app\/uploads\/sites\/2\/2025\/05\/wa.jpg","articleSection":["A la Une","Sport"],"inLanguage":"fr-FR","potentialAction":[{"@type":"CommentAction","name":"Comment","target":["https:\/\/vosgesinfo.fr\/laplainedesvosgesinfo\/2025\/05\/vittel-_-le-cpo-centre-dentrainement-des-equipes-de-france-de-waterpolo\/#respond"]}]},{"@type":"WebPage","@id":"https:\/\/vosgesinfo.fr\/laplainedesvosgesinfo\/2025\/05\/vittel-_-le-cpo-centre-dentrainement-des-equipes-de-france-de-waterpolo\/","url":"https:\/\/vosgesinfo.fr\/laplainedesvosgesinfo\/2025\/05\/vittel-_-le-cpo-centre-dentrainement-des-equipes-de-france-de-waterpolo\/","name":"VITTEL - Le CPO centre d\u2019entra\u00eenement des \u00e9quipes de France de Waterpolo - La Plaine des Vosges","isPartOf":{"@id":"https:\/\/vosgesinfo.fr\/laplainedesvosgesinfo\/#website"},"primaryImageOfPage":{"@id":"https:\/\/vosgesinfo.fr\/laplainedesvosgesinfo\/2025\/05\/vittel-_-le-cpo-centre-dentrainement-des-equipes-de-france-de-waterpolo\/#primaryimage"},"image":{"@id":"https:\/\/vosgesinfo.fr\/laplainedesvosgesinfo\/2025\/05\/vittel-_-le-cpo-centre-dentrainement-des-equipes-de-france-de-waterpolo\/#primaryimage"},"thumbnailUrl":"https:\/\/vosgesinfo.fr\/app\/uploads\/sites\/2\/2025\/05\/wa.jpg","datePublished":"2025-05-23T06:49:14+00:00","dateModified":"2025-05-23T06:49:04+00:00","breadcrumb":{"@id":"https:\/\/vosgesinfo.fr\/laplainedesvosgesinfo\/2025\/05\/vittel-_-le-cpo-centre-dentrainement-des-equipes-de-france-de-waterpolo\/#breadcrumb"},"inLanguage":"fr-FR","potentialAction":[{"@type":"ReadAction","target":["https:\/\/vosgesinfo.fr\/laplainedesvosgesinfo\/2025\/05\/vittel-_-le-cpo-centre-dentrainement-des-equipes-de-france-de-waterpolo\/"]}]},{"@type":"ImageObject","inLanguage":"fr-FR","@id":"https:\/\/vosgesinfo.fr\/laplainedesvosgesinfo\/2025\/05\/vittel-_-le-cpo-centre-dentrainement-des-equipes-de-france-de-waterpolo\/#primaryimage","url":"https:\/\/vosgesinfo.fr\/app\/uploads\/sites\/2\/2025\/05\/wa.jpg","contentUrl":"https:\/\/vosgesinfo.fr\/app\/uploads\/sites\/2\/2025\/05\/wa.jpg","width":612,"height":406,"caption":"two water polo players during a game"},{"@type":"BreadcrumbList","@id":"https:\/\/vosgesinfo.fr\/laplainedesvosgesinfo\/2025\/05\/vittel-_-le-cpo-centre-dentrainement-des-equipes-de-france-de-waterpolo\/#breadcrumb","itemListElement":[{"@type":"ListItem","position":1,"name":"Home","item":"https:\/\/vosgesinfo.fr\/laplainedesvosgesinfo\/"},{"@type":"ListItem","position":2,"name":"VITTEL &#8211; Le CPO centre d\u2019entra\u00eenement des \u00e9quipes de France de Waterpolo"}]},{"@type":"WebSite","@id":"https:\/\/vosgesinfo.fr\/laplainedesvosgesinfo\/#website","url":"https:\/\/vosgesinfo.fr\/laplainedesvosgesinfo\/","name":"La Plaine des Vosges","description":"Toute l&#039;actualit\u00e9 de la plaine de Vosges","publisher":{"@id":"https:\/\/vosgesinfo.fr\/laplainedesvosgesinfo\/#organization"},"alternateName":"Toute l'actualit\u00e9 de la plaine des Vosges","potentialAction":[{"@type":"SearchAction","target":{"@type":"EntryPoint","urlTemplate":"https:\/\/vosgesinfo.fr\/laplainedesvosgesinfo\/?s={search_term_string}"},"query-input":"required name=search_term_string"}],"inLanguage":"fr-FR"},{"@type":"Organization","@id":"https:\/\/vosgesinfo.fr\/laplainedesvosgesinfo\/#organization","name":"La Plaine des Vosges","url":"https:\/\/vosgesinfo.fr\/laplainedesvosgesinfo\/","logo":{"@type":"ImageObject","inLanguage":"fr-FR","@id":"https:\/\/vosgesinfo.fr\/laplainedesvosgesinfo\/#\/schema\/logo\/image\/","url":"https:\/\/vosgesinfo.fr\/app\/uploads\/sites\/2\/2023\/08\/logo-laplaineinfo.svg","contentUrl":"https:\/\/vosgesinfo.fr\/app\/uploads\/sites\/2\/2023\/08\/logo-laplaineinfo.svg","width":1,"height":1,"caption":"La Plaine des Vosges"},"image":{"@id":"https:\/\/vosgesinfo.fr\/laplainedesvosgesinfo\/#\/schema\/logo\/image\/"},"sameAs":["https:\/\/www.facebook.com\/laplainedesvosges","https:\/\/x.com\/VosgesInfo88","https:\/\/www.youtube.com\/@vosgesinfo"]},{"@type":"Person","@id":"https:\/\/vosgesinfo.fr\/laplainedesvosgesinfo\/#\/schema\/person\/db412391f749f1ee67e177e1dc017316","name":"La R\u00e9daction","image":{"@type":"ImageObject","inLanguage":"fr-FR","@id":"https:\/\/vosgesinfo.fr\/laplainedesvosgesinfo\/#\/schema\/person\/image\/","url":"https:\/\/secure.gravatar.com\/avatar\/d10cfbea47ec464014dd9e55d3c353f7c4017b65068eb823d0882be0ff3b0ff6?s=96&d=mm&r=g","contentUrl":"https:\/\/secure.gravatar.com\/avatar\/d10cfbea47ec464014dd9e55d3c353f7c4017b65068eb823d0882be0ff3b0ff6?s=96&d=mm&r=g","caption":"La R\u00e9daction"},"url":"https:\/\/vosgesinfo.fr\/laplainedesvosgesinfo\/author\/redaction\/"}]}},"_links":{"self":[{"href":"https:\/\/vosgesinfo.fr\/laplainedesvosgesinfo\/wp-json\/wp\/v2\/posts\/30119","targetHints":{"allow":["GET"]}}],"collection":[{"href":"https:\/\/vosgesinfo.fr\/laplainedesvosgesinfo\/wp-json\/wp\/v2\/posts"}],"about":[{"href":"https:\/\/vosgesinfo.fr\/laplainedesvosgesinfo\/wp-json\/wp\/v2\/types\/post"}],"author":[{"embeddable":true,"href":"https:\/\/vosgesinfo.fr\/laplainedesvosgesinfo\/wp-json\/wp\/v2\/users\/126"}],"replies":[{"embeddable":true,"href":"https:\/\/vosgesinfo.fr\/laplainedesvosgesinfo\/wp-json\/wp\/v2\/comments?post=30119"}],"version-history":[{"count":3,"href":"https:\/\/vosgesinfo.fr\/laplainedesvosgesinfo\/wp-json\/wp\/v2\/posts\/30119\/revisions"}],"predecessor-version":[{"id":30123,"href":"https:\/\/vosgesinfo.fr\/laplainedesvosgesinfo\/wp-json\/wp\/v2\/posts\/30119\/revisions\/30123"}],"wp:featuredmedia":[{"embeddable":true,"href":"https:\/\/vosgesinfo.fr\/laplainedesvosgesinfo\/wp-json\/wp\/v2\/media\/30120"}],"wp:attachment":[{"href":"https:\/\/vosgesinfo.fr\/laplainedesvosgesinfo\/wp-json\/wp\/v2\/media?parent=30119"}],"wp:term":[{"taxonomy":"category","embeddable":true,"href":"https:\/\/vosgesinfo.fr\/laplainedesvosgesinfo\/wp-json\/wp\/v2\/categories?post=30119"},{"taxonomy":"post_tag","embeddable":true,"href":"https:\/\/vosgesinfo.fr\/laplainedesvosgesinfo\/wp-json\/wp\/v2\/tags?post=30119"}],"curies":[{"name":"wp","href":"https:\/\/api.w.org\/{rel}","templated":true}]}}