{"id":30130,"date":"2025-05-23T17:10:05","date_gmt":"2025-05-23T15:10:05","guid":{"rendered":"https:\/\/vosgesinfo.fr\/laplainedesvosgesinfo\/?p=30130"},"modified":"2025-05-23T16:57:52","modified_gmt":"2025-05-23T14:57:52","slug":"le-trophee-des-sportifs-vendredi-28-juin","status":"publish","type":"post","link":"https:\/\/vosgesinfo.fr\/laplainedesvosgesinfo\/2025\/05\/le-trophee-des-sportifs-vendredi-28-juin\/","title":{"rendered":"Le Troph\u00e9e des sportifs vendredi 28 juin"},"content":{"rendered":"<p><a href=\"https:\/\/vosgesinfo.fr\/app\/uploads\/sites\/2\/2025\/05\/trof.png\"><img decoding=\"async\" class=\"aligncenter wp-image-30134 size-full\" src=\"https:\/\/vosgesinfo.fr\/app\/uploads\/sites\/2\/2025\/05\/trof.png\" alt=\"\" width=\"719\" height=\"508\" srcset=\"https:\/\/vosgesinfo.fr\/app\/uploads\/sites\/2\/2025\/05\/trof.png 719w, https:\/\/vosgesinfo.fr\/app\/uploads\/sites\/2\/2025\/05\/trof-300x212.png 300w\" sizes=\"(max-width: 719px) 100vw, 719px\" \/><\/a>Traditionnellement, la Ville de Vittel, en partenariat avec les clubs sportifs locaux, met \u00e0 l\u2019honneur les talents du territoire \u00e0 travers les Troph\u00e9es des Sportifs. Une c\u00e9r\u00e9monie r\u00e9compense tous les nomin\u00e9s, et l\u2019un d\u2019eux re\u00e7oit une distinction particuli\u00e8re : le Troph\u00e9e Antoine Borowski du Sportif de l\u2019Ann\u00e9e, attribu\u00e9 conjointement par les clubs et les habitants.<br \/>\nCette ann\u00e9e encore, la Ville invite les Vittellois \u00e0 \u00e9lire leur sportif pr\u00e9f\u00e9r\u00e9 parmi cinq finalistes s\u00e9lectionn\u00e9s par les associations sportives (voir ci-dessous).<br \/>\nLes laur\u00e9ats seront c\u00e9l\u00e9br\u00e9s lors de la c\u00e9r\u00e9monie officielle qui se tiendra :<br \/>\nVendredi 20 juin 2025<br \/>\n\u00c0 18h00<br \/>\nCentre de Pr\u00e9paration Omnisports (CPO)<\/p>\n<p>Comment sont d\u00e9sign\u00e9s les finalistes ?<br \/>\nChaque club sportif vittellois a d\u00e9sign\u00e9 un repr\u00e9sentant pour la saison 2023-2024. Parmi eux, cinq finalistes ont \u00e9t\u00e9 s\u00e9lectionn\u00e9s par l\u2019ensemble des associations sportives.<br \/>\nPar la suite, le Sportif de l\u2019Ann\u00e9e sera \u00e9lu \u00e0 parts \u00e9gales par :<br \/>\n\u2022 Le vote des habitants (50 %)<br \/>\n\u2022 Le vote des clubs (50 %)<br \/>\nPour garantir l\u2019\u00e9quit\u00e9 du scrutin, le vote citoyen s\u2019effectue via un compte Google (aucune donn\u00e9e<br \/>\npersonnelle ne sera conserv\u00e9e).<br \/>\nFin des votes : lundi 10 juin \u00e0 minuit<br \/>\nLien pour voter : https:\/\/forms.gle\/kZh2SaSVPidCe4AQ8<\/p>\n<p>Les finalistes 2023-2024<br \/>\nRUGBY \u2013 \u00c9quipe M8 6 fois championne sur les tournois \/ Championne des Vosges, de Lorraine et du Grand Est \/ Victoire<br \/>\ncontre les champions de Franche-Comt\u00e9.<br \/>\nTRIATHLON \u2013 Ruben CHARTIER : Champion Grand Est de duathlon \/ 3\u1d49 aux championnats Grand Est de triathlon et d\u2019aquathlon \/ 2\u1d49<br \/>\ndes demi-finales du championnat de France de triathlon \/ 6\u1d49 au championnat de France par \u00e9quipes.<br \/>\nGYMNASTIQUE \u2013 Emma FRAN\u00c7OIS<br \/>\nIndividuel 16 ans : Championne des Vosges \/ Vice-championne de Lorraine \/ 9\u1d49 au Grand Est \/ 34\u1d49<br \/>\naux Championnats de France<br \/>\nPar \u00e9quipe 10 ans et + : Championne des Vosges \/ 3\u1d49 Lorraine \/ 3\u1d49 Grand Est<br \/>\nCYCLISME \u2013 Th\u00e9o MORICE (U13) &amp; Martin TANNEUR (U15)<br \/>\n\u2022 Th\u00e9o : 6 podiums sur 7 courses, 3 victoires \/ Maillots du meilleur sprinteur et grimpeur sur<br \/>\nles Tours du Jura et des Vosges \/ 9 podiums en cyclo-cross \/ Vice-champion des Vosges<br \/>\n\u2022 Martin : 5 podiums sur 11 courses \/ 6\u1d49 au Petit Tour du Jura \/ S\u00e9lection au championnat de<br \/>\nFrance de cyclo-cross \u00e0 Albi<br \/>\nESCRIME \u2013 Ivan LAIN\u00c9 (M13, 1\u02b3\u1d49 ann\u00e9e)<br \/>\n2\u1d49 de la Coupe de Lorraine (classement g\u00e9n\u00e9ral) \/ 4\u1d49 au Master Grand Est \/ 2\u1d49 du Challenge national<br \/>\nM13 Zone Est (38 tireurs)<br \/>\nExprimez votre soutien, votez et partagez !<\/p>\n","protected":false},"excerpt":{"rendered":"<p>Traditionnellement, la Ville de Vittel, en partenariat avec les clubs sportifs locaux, met \u00e0 l\u2019honneur les talents du territoire \u00e0 [&hellip;]<\/p>\n","protected":false},"author":126,"featured_media":30134,"comment_status":"open","ping_status":"open","sticky":false,"template":"","format":"standard","meta":{"footnotes":""},"categories":[29,38],"tags":[],"class_list":["post-30130","post","type-post","status-publish","format-standard","has-post-thumbnail","hentry","category-a-la-une","category-vittel-la-plaine"],"acf":[],"yoast_head":"<!-- This site is optimized with the Yoast SEO plugin v22.5 - https:\/\/yoast.com\/wordpress\/plugins\/seo\/ -->\n<title>Le Troph\u00e9e des sportifs vendredi 28 juin - La Plaine des Vosges<\/title>\n<meta name=\"robots\" content=\"index, follow, max-snippet:-1, max-image-preview:large, max-video-preview:-1\" \/>\n<link rel=\"canonical\" href=\"https:\/\/vosgesinfo.fr\/laplainedesvosgesinfo\/2025\/05\/le-trophee-des-sportifs-vendredi-28-juin\/\" \/>\n<meta name=\"twitter:card\" content=\"summary_large_image\" \/>\n<meta name=\"twitter:title\" content=\"Le Troph\u00e9e des sportifs vendredi 28 juin - La Plaine des Vosges\" \/>\n<meta name=\"twitter:description\" content=\"Traditionnellement, la Ville de Vittel, en partenariat avec les clubs sportifs locaux, met \u00e0 l\u2019honneur les talents du territoire \u00e0 [&hellip;]\" \/>\n<meta name=\"twitter:image\" content=\"https:\/\/vosgesinfo.fr\/app\/uploads\/sites\/2\/2025\/05\/trof.png\" \/>\n<meta name=\"twitter:creator\" content=\"@VosgesInfo88\" \/>\n<meta name=\"twitter:site\" content=\"@VosgesInfo88\" \/>\n<meta name=\"twitter:label1\" content=\"\u00c9crit par\" \/>\n\t<meta name=\"twitter:data1\" content=\"La R\u00e9daction\" \/>\n\t<meta name=\"twitter:label2\" content=\"Dur\u00e9e de lecture estim\u00e9e\" \/>\n\t<meta name=\"twitter:data2\" content=\"3 minutes\" \/>\n<script type=\"application\/ld+json\" class=\"yoast-schema-graph\">{\"@context\":\"https:\/\/schema.org\",\"@graph\":[{\"@type\":\"Article\",\"@id\":\"https:\/\/vosgesinfo.fr\/laplainedesvosgesinfo\/2025\/05\/le-trophee-des-sportifs-vendredi-28-juin\/#article\",\"isPartOf\":{\"@id\":\"https:\/\/vosgesinfo.fr\/laplainedesvosgesinfo\/2025\/05\/le-trophee-des-sportifs-vendredi-28-juin\/\"},\"author\":{\"name\":\"La R\u00e9daction\",\"@id\":\"https:\/\/vosgesinfo.fr\/laplainedesvosgesinfo\/#\/schema\/person\/db412391f749f1ee67e177e1dc017316\"},\"headline\":\"Le Troph\u00e9e des sportifs vendredi 28 juin\",\"datePublished\":\"2025-05-23T15:10:05+00:00\",\"dateModified\":\"2025-05-23T14:57:52+00:00\",\"mainEntityOfPage\":{\"@id\":\"https:\/\/vosgesinfo.fr\/laplainedesvosgesinfo\/2025\/05\/le-trophee-des-sportifs-vendredi-28-juin\/\"},\"wordCount\":393,\"commentCount\":0,\"publisher\":{\"@id\":\"https:\/\/vosgesinfo.fr\/laplainedesvosgesinfo\/#organization\"},\"image\":{\"@id\":\"https:\/\/vosgesinfo.fr\/laplainedesvosgesinfo\/2025\/05\/le-trophee-des-sportifs-vendredi-28-juin\/#primaryimage\"},\"thumbnailUrl\":\"https:\/\/vosgesinfo.fr\/app\/uploads\/sites\/2\/2025\/05\/trof.png\",\"articleSection\":[\"A la Une\",\"Vittel\"],\"inLanguage\":\"fr-FR\",\"potentialAction\":[{\"@type\":\"CommentAction\",\"name\":\"Comment\",\"target\":[\"https:\/\/vosgesinfo.fr\/laplainedesvosgesinfo\/2025\/05\/le-trophee-des-sportifs-vendredi-28-juin\/#respond\"]}]},{\"@type\":\"WebPage\",\"@id\":\"https:\/\/vosgesinfo.fr\/laplainedesvosgesinfo\/2025\/05\/le-trophee-des-sportifs-vendredi-28-juin\/\",\"url\":\"https:\/\/vosgesinfo.fr\/laplainedesvosgesinfo\/2025\/05\/le-trophee-des-sportifs-vendredi-28-juin\/\",\"name\":\"Le Troph\u00e9e des sportifs vendredi 28 juin - La Plaine des Vosges\",\"isPartOf\":{\"@id\":\"https:\/\/vosgesinfo.fr\/laplainedesvosgesinfo\/#website\"},\"primaryImageOfPage\":{\"@id\":\"https:\/\/vosgesinfo.fr\/laplainedesvosgesinfo\/2025\/05\/le-trophee-des-sportifs-vendredi-28-juin\/#primaryimage\"},\"image\":{\"@id\":\"https:\/\/vosgesinfo.fr\/laplainedesvosgesinfo\/2025\/05\/le-trophee-des-sportifs-vendredi-28-juin\/#primaryimage\"},\"thumbnailUrl\":\"https:\/\/vosgesinfo.fr\/app\/uploads\/sites\/2\/2025\/05\/trof.png\",\"datePublished\":\"2025-05-23T15:10:05+00:00\",\"dateModified\":\"2025-05-23T14:57:52+00:00\",\"breadcrumb\":{\"@id\":\"https:\/\/vosgesinfo.fr\/laplainedesvosgesinfo\/2025\/05\/le-trophee-des-sportifs-vendredi-28-juin\/#breadcrumb\"},\"inLanguage\":\"fr-FR\",\"potentialAction\":[{\"@type\":\"ReadAction\",\"target\":[\"https:\/\/vosgesinfo.fr\/laplainedesvosgesinfo\/2025\/05\/le-trophee-des-sportifs-vendredi-28-juin\/\"]}]},{\"@type\":\"ImageObject\",\"inLanguage\":\"fr-FR\",\"@id\":\"https:\/\/vosgesinfo.fr\/laplainedesvosgesinfo\/2025\/05\/le-trophee-des-sportifs-vendredi-28-juin\/#primaryimage\",\"url\":\"https:\/\/vosgesinfo.fr\/app\/uploads\/sites\/2\/2025\/05\/trof.png\",\"contentUrl\":\"https:\/\/vosgesinfo.fr\/app\/uploads\/sites\/2\/2025\/05\/trof.png\",\"width\":719,\"height\":508},{\"@type\":\"BreadcrumbList\",\"@id\":\"https:\/\/vosgesinfo.fr\/laplainedesvosgesinfo\/2025\/05\/le-trophee-des-sportifs-vendredi-28-juin\/#breadcrumb\",\"itemListElement\":[{\"@type\":\"ListItem\",\"position\":1,\"name\":\"Home\",\"item\":\"https:\/\/vosgesinfo.fr\/laplainedesvosgesinfo\/\"},{\"@type\":\"ListItem\",\"position\":2,\"name\":\"Le Troph\u00e9e des sportifs vendredi 28 juin\"}]},{\"@type\":\"WebSite\",\"@id\":\"https:\/\/vosgesinfo.fr\/laplainedesvosgesinfo\/#website\",\"url\":\"https:\/\/vosgesinfo.fr\/laplainedesvosgesinfo\/\",\"name\":\"La Plaine des Vosges\",\"description\":\"Toute l&#039;actualit\u00e9 de la plaine de Vosges\",\"publisher\":{\"@id\":\"https:\/\/vosgesinfo.fr\/laplainedesvosgesinfo\/#organization\"},\"alternateName\":\"Toute l'actualit\u00e9 de la plaine des Vosges\",\"potentialAction\":[{\"@type\":\"SearchAction\",\"target\":{\"@type\":\"EntryPoint\",\"urlTemplate\":\"https:\/\/vosgesinfo.fr\/laplainedesvosgesinfo\/?s={search_term_string}\"},\"query-input\":\"required name=search_term_string\"}],\"inLanguage\":\"fr-FR\"},{\"@type\":\"Organization\",\"@id\":\"https:\/\/vosgesinfo.fr\/laplainedesvosgesinfo\/#organization\",\"name\":\"La Plaine des Vosges\",\"url\":\"https:\/\/vosgesinfo.fr\/laplainedesvosgesinfo\/\",\"logo\":{\"@type\":\"ImageObject\",\"inLanguage\":\"fr-FR\",\"@id\":\"https:\/\/vosgesinfo.fr\/laplainedesvosgesinfo\/#\/schema\/logo\/image\/\",\"url\":\"https:\/\/vosgesinfo.fr\/app\/uploads\/sites\/2\/2023\/08\/logo-laplaineinfo.svg\",\"contentUrl\":\"https:\/\/vosgesinfo.fr\/app\/uploads\/sites\/2\/2023\/08\/logo-laplaineinfo.svg\",\"width\":1,\"height\":1,\"caption\":\"La Plaine des Vosges\"},\"image\":{\"@id\":\"https:\/\/vosgesinfo.fr\/laplainedesvosgesinfo\/#\/schema\/logo\/image\/\"},\"sameAs\":[\"https:\/\/www.facebook.com\/laplainedesvosges\",\"https:\/\/x.com\/VosgesInfo88\",\"https:\/\/www.youtube.com\/@vosgesinfo\"]},{\"@type\":\"Person\",\"@id\":\"https:\/\/vosgesinfo.fr\/laplainedesvosgesinfo\/#\/schema\/person\/db412391f749f1ee67e177e1dc017316\",\"name\":\"La R\u00e9daction\",\"image\":{\"@type\":\"ImageObject\",\"inLanguage\":\"fr-FR\",\"@id\":\"https:\/\/vosgesinfo.fr\/laplainedesvosgesinfo\/#\/schema\/person\/image\/\",\"url\":\"https:\/\/secure.gravatar.com\/avatar\/d10cfbea47ec464014dd9e55d3c353f7c4017b65068eb823d0882be0ff3b0ff6?s=96&d=mm&r=g\",\"contentUrl\":\"https:\/\/secure.gravatar.com\/avatar\/d10cfbea47ec464014dd9e55d3c353f7c4017b65068eb823d0882be0ff3b0ff6?s=96&d=mm&r=g\",\"caption\":\"La R\u00e9daction\"},\"url\":\"https:\/\/vosgesinfo.fr\/laplainedesvosgesinfo\/author\/redaction\/\"}]}<\/script>\n<!-- \/ Yoast SEO plugin. -->","yoast_head_json":{"title":"Le Troph\u00e9e des sportifs vendredi 28 juin - La Plaine des Vosges","robots":{"index":"index","follow":"follow","max-snippet":"max-snippet:-1","max-image-preview":"max-image-preview:large","max-video-preview":"max-video-preview:-1"},"canonical":"https:\/\/vosgesinfo.fr\/laplainedesvosgesinfo\/2025\/05\/le-trophee-des-sportifs-vendredi-28-juin\/","twitter_card":"summary_large_image","twitter_title":"Le Troph\u00e9e des sportifs vendredi 28 juin - La Plaine des Vosges","twitter_description":"Traditionnellement, la Ville de Vittel, en partenariat avec les clubs sportifs locaux, met \u00e0 l\u2019honneur les talents du territoire \u00e0 [&hellip;]","twitter_image":"https:\/\/vosgesinfo.fr\/app\/uploads\/sites\/2\/2025\/05\/trof.png","twitter_creator":"@VosgesInfo88","twitter_site":"@VosgesInfo88","twitter_misc":{"\u00c9crit par":"La R\u00e9daction","Dur\u00e9e de lecture estim\u00e9e":"3 minutes"},"schema":{"@context":"https:\/\/schema.org","@graph":[{"@type":"Article","@id":"https:\/\/vosgesinfo.fr\/laplainedesvosgesinfo\/2025\/05\/le-trophee-des-sportifs-vendredi-28-juin\/#article","isPartOf":{"@id":"https:\/\/vosgesinfo.fr\/laplainedesvosgesinfo\/2025\/05\/le-trophee-des-sportifs-vendredi-28-juin\/"},"author":{"name":"La R\u00e9daction","@id":"https:\/\/vosgesinfo.fr\/laplainedesvosgesinfo\/#\/schema\/person\/db412391f749f1ee67e177e1dc017316"},"headline":"Le Troph\u00e9e des sportifs vendredi 28 juin","datePublished":"2025-05-23T15:10:05+00:00","dateModified":"2025-05-23T14:57:52+00:00","mainEntityOfPage":{"@id":"https:\/\/vosgesinfo.fr\/laplainedesvosgesinfo\/2025\/05\/le-trophee-des-sportifs-vendredi-28-juin\/"},"wordCount":393,"commentCount":0,"publisher":{"@id":"https:\/\/vosgesinfo.fr\/laplainedesvosgesinfo\/#organization"},"image":{"@id":"https:\/\/vosgesinfo.fr\/laplainedesvosgesinfo\/2025\/05\/le-trophee-des-sportifs-vendredi-28-juin\/#primaryimage"},"thumbnailUrl":"https:\/\/vosgesinfo.fr\/app\/uploads\/sites\/2\/2025\/05\/trof.png","articleSection":["A la Une","Vittel"],"inLanguage":"fr-FR","potentialAction":[{"@type":"CommentAction","name":"Comment","target":["https:\/\/vosgesinfo.fr\/laplainedesvosgesinfo\/2025\/05\/le-trophee-des-sportifs-vendredi-28-juin\/#respond"]}]},{"@type":"WebPage","@id":"https:\/\/vosgesinfo.fr\/laplainedesvosgesinfo\/2025\/05\/le-trophee-des-sportifs-vendredi-28-juin\/","url":"https:\/\/vosgesinfo.fr\/laplainedesvosgesinfo\/2025\/05\/le-trophee-des-sportifs-vendredi-28-juin\/","name":"Le Troph\u00e9e des sportifs vendredi 28 juin - La Plaine des Vosges","isPartOf":{"@id":"https:\/\/vosgesinfo.fr\/laplainedesvosgesinfo\/#website"},"primaryImageOfPage":{"@id":"https:\/\/vosgesinfo.fr\/laplainedesvosgesinfo\/2025\/05\/le-trophee-des-sportifs-vendredi-28-juin\/#primaryimage"},"image":{"@id":"https:\/\/vosgesinfo.fr\/laplainedesvosgesinfo\/2025\/05\/le-trophee-des-sportifs-vendredi-28-juin\/#primaryimage"},"thumbnailUrl":"https:\/\/vosgesinfo.fr\/app\/uploads\/sites\/2\/2025\/05\/trof.png","datePublished":"2025-05-23T15:10:05+00:00","dateModified":"2025-05-23T14:57:52+00:00","breadcrumb":{"@id":"https:\/\/vosgesinfo.fr\/laplainedesvosgesinfo\/2025\/05\/le-trophee-des-sportifs-vendredi-28-juin\/#breadcrumb"},"inLanguage":"fr-FR","potentialAction":[{"@type":"ReadAction","target":["https:\/\/vosgesinfo.fr\/laplainedesvosgesinfo\/2025\/05\/le-trophee-des-sportifs-vendredi-28-juin\/"]}]},{"@type":"ImageObject","inLanguage":"fr-FR","@id":"https:\/\/vosgesinfo.fr\/laplainedesvosgesinfo\/2025\/05\/le-trophee-des-sportifs-vendredi-28-juin\/#primaryimage","url":"https:\/\/vosgesinfo.fr\/app\/uploads\/sites\/2\/2025\/05\/trof.png","contentUrl":"https:\/\/vosgesinfo.fr\/app\/uploads\/sites\/2\/2025\/05\/trof.png","width":719,"height":508},{"@type":"BreadcrumbList","@id":"https:\/\/vosgesinfo.fr\/laplainedesvosgesinfo\/2025\/05\/le-trophee-des-sportifs-vendredi-28-juin\/#breadcrumb","itemListElement":[{"@type":"ListItem","position":1,"name":"Home","item":"https:\/\/vosgesinfo.fr\/laplainedesvosgesinfo\/"},{"@type":"ListItem","position":2,"name":"Le Troph\u00e9e des sportifs vendredi 28 juin"}]},{"@type":"WebSite","@id":"https:\/\/vosgesinfo.fr\/laplainedesvosgesinfo\/#website","url":"https:\/\/vosgesinfo.fr\/laplainedesvosgesinfo\/","name":"La Plaine des Vosges","description":"Toute l&#039;actualit\u00e9 de la plaine de Vosges","publisher":{"@id":"https:\/\/vosgesinfo.fr\/laplainedesvosgesinfo\/#organization"},"alternateName":"Toute l'actualit\u00e9 de la plaine des Vosges","potentialAction":[{"@type":"SearchAction","target":{"@type":"EntryPoint","urlTemplate":"https:\/\/vosgesinfo.fr\/laplainedesvosgesinfo\/?s={search_term_string}"},"query-input":"required name=search_term_string"}],"inLanguage":"fr-FR"},{"@type":"Organization","@id":"https:\/\/vosgesinfo.fr\/laplainedesvosgesinfo\/#organization","name":"La Plaine des Vosges","url":"https:\/\/vosgesinfo.fr\/laplainedesvosgesinfo\/","logo":{"@type":"ImageObject","inLanguage":"fr-FR","@id":"https:\/\/vosgesinfo.fr\/laplainedesvosgesinfo\/#\/schema\/logo\/image\/","url":"https:\/\/vosgesinfo.fr\/app\/uploads\/sites\/2\/2023\/08\/logo-laplaineinfo.svg","contentUrl":"https:\/\/vosgesinfo.fr\/app\/uploads\/sites\/2\/2023\/08\/logo-laplaineinfo.svg","width":1,"height":1,"caption":"La Plaine des Vosges"},"image":{"@id":"https:\/\/vosgesinfo.fr\/laplainedesvosgesinfo\/#\/schema\/logo\/image\/"},"sameAs":["https:\/\/www.facebook.com\/laplainedesvosges","https:\/\/x.com\/VosgesInfo88","https:\/\/www.youtube.com\/@vosgesinfo"]},{"@type":"Person","@id":"https:\/\/vosgesinfo.fr\/laplainedesvosgesinfo\/#\/schema\/person\/db412391f749f1ee67e177e1dc017316","name":"La R\u00e9daction","image":{"@type":"ImageObject","inLanguage":"fr-FR","@id":"https:\/\/vosgesinfo.fr\/laplainedesvosgesinfo\/#\/schema\/person\/image\/","url":"https:\/\/secure.gravatar.com\/avatar\/d10cfbea47ec464014dd9e55d3c353f7c4017b65068eb823d0882be0ff3b0ff6?s=96&d=mm&r=g","contentUrl":"https:\/\/secure.gravatar.com\/avatar\/d10cfbea47ec464014dd9e55d3c353f7c4017b65068eb823d0882be0ff3b0ff6?s=96&d=mm&r=g","caption":"La R\u00e9daction"},"url":"https:\/\/vosgesinfo.fr\/laplainedesvosgesinfo\/author\/redaction\/"}]}},"_links":{"self":[{"href":"https:\/\/vosgesinfo.fr\/laplainedesvosgesinfo\/wp-json\/wp\/v2\/posts\/30130","targetHints":{"allow":["GET"]}}],"collection":[{"href":"https:\/\/vosgesinfo.fr\/laplainedesvosgesinfo\/wp-json\/wp\/v2\/posts"}],"about":[{"href":"https:\/\/vosgesinfo.fr\/laplainedesvosgesinfo\/wp-json\/wp\/v2\/types\/post"}],"author":[{"embeddable":true,"href":"https:\/\/vosgesinfo.fr\/laplainedesvosgesinfo\/wp-json\/wp\/v2\/users\/126"}],"replies":[{"embeddable":true,"href":"https:\/\/vosgesinfo.fr\/laplainedesvosgesinfo\/wp-json\/wp\/v2\/comments?post=30130"}],"version-history":[{"count":3,"href":"https:\/\/vosgesinfo.fr\/laplainedesvosgesinfo\/wp-json\/wp\/v2\/posts\/30130\/revisions"}],"predecessor-version":[{"id":30135,"href":"https:\/\/vosgesinfo.fr\/laplainedesvosgesinfo\/wp-json\/wp\/v2\/posts\/30130\/revisions\/30135"}],"wp:featuredmedia":[{"embeddable":true,"href":"https:\/\/vosgesinfo.fr\/laplainedesvosgesinfo\/wp-json\/wp\/v2\/media\/30134"}],"wp:attachment":[{"href":"https:\/\/vosgesinfo.fr\/laplainedesvosgesinfo\/wp-json\/wp\/v2\/media?parent=30130"}],"wp:term":[{"taxonomy":"category","embeddable":true,"href":"https:\/\/vosgesinfo.fr\/laplainedesvosgesinfo\/wp-json\/wp\/v2\/categories?post=30130"},{"taxonomy":"post_tag","embeddable":true,"href":"https:\/\/vosgesinfo.fr\/laplainedesvosgesinfo\/wp-json\/wp\/v2\/tags?post=30130"}],"curies":[{"name":"wp","href":"https:\/\/api.w.org\/{rel}","templated":true}]}}