{"id":30172,"date":"2025-05-27T16:31:41","date_gmt":"2025-05-27T14:31:41","guid":{"rendered":"https:\/\/vosgesinfo.fr\/laplainedesvosgesinfo\/?p=30172"},"modified":"2025-05-27T16:31:41","modified_gmt":"2025-05-27T14:31:41","slug":"la-danse-moderne-academy-presente-summer-dance-a-vittel","status":"publish","type":"post","link":"https:\/\/vosgesinfo.fr\/laplainedesvosgesinfo\/2025\/05\/la-danse-moderne-academy-presente-summer-dance-a-vittel\/","title":{"rendered":"La Danse Moderne Academy pr\u00e9sente :\u00a0Summer Dance \u00e0 Vittel"},"content":{"rendered":"<p><a href=\"https:\/\/vosgesinfo.fr\/app\/uploads\/sites\/5\/2024\/09\/202212dma-10.jpg\"><img decoding=\"async\" class=\"aligncenter size-full wp-image-65820\" src=\"https:\/\/vosgesinfo.fr\/app\/uploads\/sites\/5\/2024\/09\/202212dma-10.jpg\" alt=\"\" width=\"1600\" height=\"1053\" \/><\/a><\/p>\n<p><strong><span class=\"s5\">La Danse Moderne <\/span><span class=\"s5\">Academy<\/span><span class=\"s5\"> pr\u00e9sente :\u00a0<\/span><span class=\"s6\">Summer Dance<\/span><\/strong><\/p>\n<p>Pour cl\u00f4turer sa saison en beaut\u00e9, la\u00a0<span class=\"s5\">Danse Moderne <\/span><span class=\"s5\">Academy<\/span><span class=\"s5\"> (DMA)<\/span>\u00a0vous invite \u00e0 d\u00e9couvrir\u00a0<span class=\"s6\">Summer Dance<\/span>, un spectacle haut en couleur qui se d\u00e9roulera le\u00a0<span class=\"s5\">samedi 28 juin 2025 \u00e0 20h30<\/span>, \u00e0 la\u00a0<span class=\"s5\">salle L&rsquo;Alhambra de Vittel<\/span>.<\/p>\n<p>Summer Dance promet une soir\u00e9e festive, rythm\u00e9e et pleines d\u2019\u00e9motions. Les danseurs de la Danse Moderne Academy de l\u2019antenne de Vittel vous entra\u00eeneront dans un univers estival et vibrant \u00e0 travers des tableaux dynamiques, des musiques entra\u00eenantes et une mise en sc\u00e8ne pens\u00e9e pour faire vibrer le public.<\/p>\n<p>&nbsp;<\/p>\n<p><strong><span class=\"s7\">Summer Dance<\/span><\/strong><\/p>\n<p>&nbsp;<\/p>\n<p>Ce spectacle mettra en lumi\u00e8re le travail de toute une saison : passion, rigueur, progression et surtout, plaisir de danser. Qu\u2019ils soient d\u00e9butants ou confirm\u00e9s, les \u00e9l\u00e8ves de la DMA offriront une performance g\u00e9n\u00e9reuse et accessible \u00e0 toute la famille.<\/p>\n<p>&nbsp;<\/p>\n<p><span class=\"s8\">Date et horaire<\/span>\u00a0:<\/p>\n<div class=\"s10\"><span class=\"s9\">\u2022 <\/span>Samedi 28 juin 2025 \u00e0 20h30 (ouverture des portes \u00e0 19h30)<\/div>\n<p>&nbsp;<\/p>\n<p><span class=\"s8\">Lieu\u00a0:<\/span> Salle L\u2019Alhambra de Vittel<\/p>\n<p>&nbsp;<\/p>\n<p class=\"s11\"><span class=\"s8\">Tarifs\u00a0: <\/span><\/p>\n<div class=\"s12\"><span class=\"s9\">\u2022 <\/span>Enfants (moins de 12 ans)\u00a0: 8\u20ac<\/div>\n<div class=\"s12\"><span class=\"s9\">\u2022 <\/span>Adultes\u00a0: 12\u20ac<\/div>\n<p>&nbsp;<\/p>\n<p><span class=\"s8\">Billetterie<\/span>\u00a0: La vente des billets se fait uniquement en ligne ou directement sur place. Vous pourrez retrouver le lien de la billetterie sur nos r\u00e9seaux sociaux sous nos publications concernant ce spectacle. Lien de la billetterie\u00a0: <a href=\"https:\/\/danse-moderne-academy.s2.yapla.com\/fr\/event-81640\" target=\"_blank\" rel=\"noopener\">https:\/\/danse-moderne-academy.s2.yapla.com\/fr\/event-81640<\/a><\/p>\n<p>&nbsp;<\/p>\n<p>&nbsp;<\/p>\n<p class=\"s11\"><strong><span class=\"s5\">\u00c0 propos de la Danse Moderne <\/span><span class=\"s5\">Academy<\/span><\/strong><\/p>\n<p class=\"s11\">\n<p class=\"s11\">La DMA est une structure culturelle o\u00f9 la danse devient un moyen d\u2019expression et de partage pour tous, sans distinction d\u2019\u00e2ge ou de niveau. Nos spectacles de fin de saison sont le reflet d\u2019un travail collectif port\u00e9 par des valeurs d\u2019engagement, de cr\u00e9ativit\u00e9 et d\u2019ouverture.<\/p>\n<p class=\"s11\">\n<p class=\"s11\">Pour plus d&rsquo;informations, contactez-nous \u00e0 l&rsquo;adresse suivante : dma88200@gmail.com ou au 06.21.93.36.05<\/p>\n","protected":false},"excerpt":{"rendered":"<p>La Danse Moderne Academy pr\u00e9sente :\u00a0Summer Dance Pour cl\u00f4turer sa saison en beaut\u00e9, la\u00a0Danse Moderne Academy (DMA)\u00a0vous invite \u00e0 d\u00e9couvrir\u00a0Summer [&hellip;]<\/p>\n","protected":false},"author":391,"featured_media":30173,"comment_status":"open","ping_status":"open","sticky":false,"template":"","format":"standard","meta":{"footnotes":""},"categories":[29,7321,383,380,8314],"tags":[8498,8499,77],"class_list":["post-30172","post","type-post","status-publish","format-standard","has-post-thumbnail","hentry","category-a-la-une","category-agenda","category-epinal","category-la-plaine-des-vosges","category-spectacle","tag-danse-moderne-academy","tag-summer-dance","tag-vittel"],"acf":[],"yoast_head":"<!-- This site is optimized with the Yoast SEO plugin v22.5 - https:\/\/yoast.com\/wordpress\/plugins\/seo\/ -->\n<title>La Danse Moderne Academy pr\u00e9sente :\u00a0Summer Dance \u00e0 Vittel - La Plaine des Vosges<\/title>\n<meta name=\"robots\" content=\"index, follow, max-snippet:-1, max-image-preview:large, max-video-preview:-1\" \/>\n<link rel=\"canonical\" href=\"https:\/\/vosgesinfo.fr\/laplainedesvosgesinfo\/2025\/05\/la-danse-moderne-academy-presente-summer-dance-a-vittel\/\" \/>\n<meta name=\"twitter:card\" content=\"summary_large_image\" \/>\n<meta name=\"twitter:title\" content=\"La Danse Moderne Academy pr\u00e9sente :\u00a0Summer Dance \u00e0 Vittel - La Plaine des Vosges\" \/>\n<meta name=\"twitter:description\" content=\"La Danse Moderne Academy pr\u00e9sente :\u00a0Summer Dance Pour cl\u00f4turer sa saison en beaut\u00e9, la\u00a0Danse Moderne Academy (DMA)\u00a0vous invite \u00e0 d\u00e9couvrir\u00a0Summer [&hellip;]\" \/>\n<meta name=\"twitter:image\" content=\"https:\/\/vosgesinfo.fr\/app\/uploads\/sites\/2\/2025\/05\/202212dma-9.jpg\" \/>\n<meta name=\"twitter:creator\" content=\"@VosgesInfo88\" \/>\n<meta name=\"twitter:site\" content=\"@VosgesInfo88\" \/>\n<meta name=\"twitter:label1\" content=\"\u00c9crit par\" \/>\n\t<meta name=\"twitter:data1\" content=\"La redaction\" \/>\n\t<meta name=\"twitter:label2\" content=\"Dur\u00e9e de lecture estim\u00e9e\" \/>\n\t<meta name=\"twitter:data2\" content=\"1 minute\" \/>\n<script type=\"application\/ld+json\" class=\"yoast-schema-graph\">{\"@context\":\"https:\/\/schema.org\",\"@graph\":[{\"@type\":\"Article\",\"@id\":\"https:\/\/vosgesinfo.fr\/laplainedesvosgesinfo\/2025\/05\/la-danse-moderne-academy-presente-summer-dance-a-vittel\/#article\",\"isPartOf\":{\"@id\":\"https:\/\/vosgesinfo.fr\/laplainedesvosgesinfo\/2025\/05\/la-danse-moderne-academy-presente-summer-dance-a-vittel\/\"},\"author\":{\"name\":\"La redaction\",\"@id\":\"https:\/\/vosgesinfo.fr\/laplainedesvosgesinfo\/#\/schema\/person\/27a3695b06db98895b354c0765cdfc31\"},\"headline\":\"La Danse Moderne Academy pr\u00e9sente :\u00a0Summer Dance \u00e0 Vittel\",\"datePublished\":\"2025-05-27T14:31:41+00:00\",\"dateModified\":\"2025-05-27T14:31:41+00:00\",\"mainEntityOfPage\":{\"@id\":\"https:\/\/vosgesinfo.fr\/laplainedesvosgesinfo\/2025\/05\/la-danse-moderne-academy-presente-summer-dance-a-vittel\/\"},\"wordCount\":300,\"commentCount\":0,\"publisher\":{\"@id\":\"https:\/\/vosgesinfo.fr\/laplainedesvosgesinfo\/#organization\"},\"image\":{\"@id\":\"https:\/\/vosgesinfo.fr\/laplainedesvosgesinfo\/2025\/05\/la-danse-moderne-academy-presente-summer-dance-a-vittel\/#primaryimage\"},\"thumbnailUrl\":\"https:\/\/vosgesinfo.fr\/app\/uploads\/sites\/2\/2025\/05\/202212dma-9.jpg\",\"keywords\":[\"danse moderne academy\",\"Summer Dance\",\"Vittel\"],\"articleSection\":[\"A la Une\",\"Agenda\",\"Epinal\",\"La plaine des vosges\",\"Spectacle\"],\"inLanguage\":\"fr-FR\",\"potentialAction\":[{\"@type\":\"CommentAction\",\"name\":\"Comment\",\"target\":[\"https:\/\/vosgesinfo.fr\/laplainedesvosgesinfo\/2025\/05\/la-danse-moderne-academy-presente-summer-dance-a-vittel\/#respond\"]}]},{\"@type\":\"WebPage\",\"@id\":\"https:\/\/vosgesinfo.fr\/laplainedesvosgesinfo\/2025\/05\/la-danse-moderne-academy-presente-summer-dance-a-vittel\/\",\"url\":\"https:\/\/vosgesinfo.fr\/laplainedesvosgesinfo\/2025\/05\/la-danse-moderne-academy-presente-summer-dance-a-vittel\/\",\"name\":\"La Danse Moderne Academy pr\u00e9sente :\u00a0Summer Dance \u00e0 Vittel - La Plaine des Vosges\",\"isPartOf\":{\"@id\":\"https:\/\/vosgesinfo.fr\/laplainedesvosgesinfo\/#website\"},\"primaryImageOfPage\":{\"@id\":\"https:\/\/vosgesinfo.fr\/laplainedesvosgesinfo\/2025\/05\/la-danse-moderne-academy-presente-summer-dance-a-vittel\/#primaryimage\"},\"image\":{\"@id\":\"https:\/\/vosgesinfo.fr\/laplainedesvosgesinfo\/2025\/05\/la-danse-moderne-academy-presente-summer-dance-a-vittel\/#primaryimage\"},\"thumbnailUrl\":\"https:\/\/vosgesinfo.fr\/app\/uploads\/sites\/2\/2025\/05\/202212dma-9.jpg\",\"datePublished\":\"2025-05-27T14:31:41+00:00\",\"dateModified\":\"2025-05-27T14:31:41+00:00\",\"breadcrumb\":{\"@id\":\"https:\/\/vosgesinfo.fr\/laplainedesvosgesinfo\/2025\/05\/la-danse-moderne-academy-presente-summer-dance-a-vittel\/#breadcrumb\"},\"inLanguage\":\"fr-FR\",\"potentialAction\":[{\"@type\":\"ReadAction\",\"target\":[\"https:\/\/vosgesinfo.fr\/laplainedesvosgesinfo\/2025\/05\/la-danse-moderne-academy-presente-summer-dance-a-vittel\/\"]}]},{\"@type\":\"ImageObject\",\"inLanguage\":\"fr-FR\",\"@id\":\"https:\/\/vosgesinfo.fr\/laplainedesvosgesinfo\/2025\/05\/la-danse-moderne-academy-presente-summer-dance-a-vittel\/#primaryimage\",\"url\":\"https:\/\/vosgesinfo.fr\/app\/uploads\/sites\/2\/2025\/05\/202212dma-9.jpg\",\"contentUrl\":\"https:\/\/vosgesinfo.fr\/app\/uploads\/sites\/2\/2025\/05\/202212dma-9.jpg\",\"width\":1600,\"height\":1064},{\"@type\":\"BreadcrumbList\",\"@id\":\"https:\/\/vosgesinfo.fr\/laplainedesvosgesinfo\/2025\/05\/la-danse-moderne-academy-presente-summer-dance-a-vittel\/#breadcrumb\",\"itemListElement\":[{\"@type\":\"ListItem\",\"position\":1,\"name\":\"Home\",\"item\":\"https:\/\/vosgesinfo.fr\/laplainedesvosgesinfo\/\"},{\"@type\":\"ListItem\",\"position\":2,\"name\":\"La Danse Moderne Academy pr\u00e9sente :\u00a0Summer Dance \u00e0 Vittel\"}]},{\"@type\":\"WebSite\",\"@id\":\"https:\/\/vosgesinfo.fr\/laplainedesvosgesinfo\/#website\",\"url\":\"https:\/\/vosgesinfo.fr\/laplainedesvosgesinfo\/\",\"name\":\"La Plaine des Vosges\",\"description\":\"Toute l&#039;actualit\u00e9 de la plaine de Vosges\",\"publisher\":{\"@id\":\"https:\/\/vosgesinfo.fr\/laplainedesvosgesinfo\/#organization\"},\"alternateName\":\"Toute l'actualit\u00e9 de la plaine des Vosges\",\"potentialAction\":[{\"@type\":\"SearchAction\",\"target\":{\"@type\":\"EntryPoint\",\"urlTemplate\":\"https:\/\/vosgesinfo.fr\/laplainedesvosgesinfo\/?s={search_term_string}\"},\"query-input\":\"required name=search_term_string\"}],\"inLanguage\":\"fr-FR\"},{\"@type\":\"Organization\",\"@id\":\"https:\/\/vosgesinfo.fr\/laplainedesvosgesinfo\/#organization\",\"name\":\"La Plaine des Vosges\",\"url\":\"https:\/\/vosgesinfo.fr\/laplainedesvosgesinfo\/\",\"logo\":{\"@type\":\"ImageObject\",\"inLanguage\":\"fr-FR\",\"@id\":\"https:\/\/vosgesinfo.fr\/laplainedesvosgesinfo\/#\/schema\/logo\/image\/\",\"url\":\"https:\/\/vosgesinfo.fr\/app\/uploads\/sites\/2\/2023\/08\/logo-laplaineinfo.svg\",\"contentUrl\":\"https:\/\/vosgesinfo.fr\/app\/uploads\/sites\/2\/2023\/08\/logo-laplaineinfo.svg\",\"width\":1,\"height\":1,\"caption\":\"La Plaine des Vosges\"},\"image\":{\"@id\":\"https:\/\/vosgesinfo.fr\/laplainedesvosgesinfo\/#\/schema\/logo\/image\/\"},\"sameAs\":[\"https:\/\/www.facebook.com\/laplainedesvosges\",\"https:\/\/x.com\/VosgesInfo88\",\"https:\/\/www.youtube.com\/@vosgesinfo\"]},{\"@type\":\"Person\",\"@id\":\"https:\/\/vosgesinfo.fr\/laplainedesvosgesinfo\/#\/schema\/person\/27a3695b06db98895b354c0765cdfc31\",\"name\":\"La redaction\",\"image\":{\"@type\":\"ImageObject\",\"inLanguage\":\"fr-FR\",\"@id\":\"https:\/\/vosgesinfo.fr\/laplainedesvosgesinfo\/#\/schema\/person\/image\/\",\"url\":\"https:\/\/secure.gravatar.com\/avatar\/64c76a78e501cedee55736f43f332df901e1896ae9cd8fad269ae2236dd0e8b6?s=96&d=mm&r=g\",\"contentUrl\":\"https:\/\/secure.gravatar.com\/avatar\/64c76a78e501cedee55736f43f332df901e1896ae9cd8fad269ae2236dd0e8b6?s=96&d=mm&r=g\",\"caption\":\"La redaction\"},\"url\":\"https:\/\/vosgesinfo.fr\/laplainedesvosgesinfo\/author\/la-redaction\/\"}]}<\/script>\n<!-- \/ Yoast SEO plugin. -->","yoast_head_json":{"title":"La Danse Moderne Academy pr\u00e9sente :\u00a0Summer Dance \u00e0 Vittel - La Plaine des Vosges","robots":{"index":"index","follow":"follow","max-snippet":"max-snippet:-1","max-image-preview":"max-image-preview:large","max-video-preview":"max-video-preview:-1"},"canonical":"https:\/\/vosgesinfo.fr\/laplainedesvosgesinfo\/2025\/05\/la-danse-moderne-academy-presente-summer-dance-a-vittel\/","twitter_card":"summary_large_image","twitter_title":"La Danse Moderne Academy pr\u00e9sente :\u00a0Summer Dance \u00e0 Vittel - La Plaine des Vosges","twitter_description":"La Danse Moderne Academy pr\u00e9sente :\u00a0Summer Dance Pour cl\u00f4turer sa saison en beaut\u00e9, la\u00a0Danse Moderne Academy (DMA)\u00a0vous invite \u00e0 d\u00e9couvrir\u00a0Summer [&hellip;]","twitter_image":"https:\/\/vosgesinfo.fr\/app\/uploads\/sites\/2\/2025\/05\/202212dma-9.jpg","twitter_creator":"@VosgesInfo88","twitter_site":"@VosgesInfo88","twitter_misc":{"\u00c9crit par":"La redaction","Dur\u00e9e de lecture estim\u00e9e":"1 minute"},"schema":{"@context":"https:\/\/schema.org","@graph":[{"@type":"Article","@id":"https:\/\/vosgesinfo.fr\/laplainedesvosgesinfo\/2025\/05\/la-danse-moderne-academy-presente-summer-dance-a-vittel\/#article","isPartOf":{"@id":"https:\/\/vosgesinfo.fr\/laplainedesvosgesinfo\/2025\/05\/la-danse-moderne-academy-presente-summer-dance-a-vittel\/"},"author":{"name":"La redaction","@id":"https:\/\/vosgesinfo.fr\/laplainedesvosgesinfo\/#\/schema\/person\/27a3695b06db98895b354c0765cdfc31"},"headline":"La Danse Moderne Academy pr\u00e9sente :\u00a0Summer Dance \u00e0 Vittel","datePublished":"2025-05-27T14:31:41+00:00","dateModified":"2025-05-27T14:31:41+00:00","mainEntityOfPage":{"@id":"https:\/\/vosgesinfo.fr\/laplainedesvosgesinfo\/2025\/05\/la-danse-moderne-academy-presente-summer-dance-a-vittel\/"},"wordCount":300,"commentCount":0,"publisher":{"@id":"https:\/\/vosgesinfo.fr\/laplainedesvosgesinfo\/#organization"},"image":{"@id":"https:\/\/vosgesinfo.fr\/laplainedesvosgesinfo\/2025\/05\/la-danse-moderne-academy-presente-summer-dance-a-vittel\/#primaryimage"},"thumbnailUrl":"https:\/\/vosgesinfo.fr\/app\/uploads\/sites\/2\/2025\/05\/202212dma-9.jpg","keywords":["danse moderne academy","Summer Dance","Vittel"],"articleSection":["A la Une","Agenda","Epinal","La plaine des vosges","Spectacle"],"inLanguage":"fr-FR","potentialAction":[{"@type":"CommentAction","name":"Comment","target":["https:\/\/vosgesinfo.fr\/laplainedesvosgesinfo\/2025\/05\/la-danse-moderne-academy-presente-summer-dance-a-vittel\/#respond"]}]},{"@type":"WebPage","@id":"https:\/\/vosgesinfo.fr\/laplainedesvosgesinfo\/2025\/05\/la-danse-moderne-academy-presente-summer-dance-a-vittel\/","url":"https:\/\/vosgesinfo.fr\/laplainedesvosgesinfo\/2025\/05\/la-danse-moderne-academy-presente-summer-dance-a-vittel\/","name":"La Danse Moderne Academy pr\u00e9sente :\u00a0Summer Dance \u00e0 Vittel - La Plaine des Vosges","isPartOf":{"@id":"https:\/\/vosgesinfo.fr\/laplainedesvosgesinfo\/#website"},"primaryImageOfPage":{"@id":"https:\/\/vosgesinfo.fr\/laplainedesvosgesinfo\/2025\/05\/la-danse-moderne-academy-presente-summer-dance-a-vittel\/#primaryimage"},"image":{"@id":"https:\/\/vosgesinfo.fr\/laplainedesvosgesinfo\/2025\/05\/la-danse-moderne-academy-presente-summer-dance-a-vittel\/#primaryimage"},"thumbnailUrl":"https:\/\/vosgesinfo.fr\/app\/uploads\/sites\/2\/2025\/05\/202212dma-9.jpg","datePublished":"2025-05-27T14:31:41+00:00","dateModified":"2025-05-27T14:31:41+00:00","breadcrumb":{"@id":"https:\/\/vosgesinfo.fr\/laplainedesvosgesinfo\/2025\/05\/la-danse-moderne-academy-presente-summer-dance-a-vittel\/#breadcrumb"},"inLanguage":"fr-FR","potentialAction":[{"@type":"ReadAction","target":["https:\/\/vosgesinfo.fr\/laplainedesvosgesinfo\/2025\/05\/la-danse-moderne-academy-presente-summer-dance-a-vittel\/"]}]},{"@type":"ImageObject","inLanguage":"fr-FR","@id":"https:\/\/vosgesinfo.fr\/laplainedesvosgesinfo\/2025\/05\/la-danse-moderne-academy-presente-summer-dance-a-vittel\/#primaryimage","url":"https:\/\/vosgesinfo.fr\/app\/uploads\/sites\/2\/2025\/05\/202212dma-9.jpg","contentUrl":"https:\/\/vosgesinfo.fr\/app\/uploads\/sites\/2\/2025\/05\/202212dma-9.jpg","width":1600,"height":1064},{"@type":"BreadcrumbList","@id":"https:\/\/vosgesinfo.fr\/laplainedesvosgesinfo\/2025\/05\/la-danse-moderne-academy-presente-summer-dance-a-vittel\/#breadcrumb","itemListElement":[{"@type":"ListItem","position":1,"name":"Home","item":"https:\/\/vosgesinfo.fr\/laplainedesvosgesinfo\/"},{"@type":"ListItem","position":2,"name":"La Danse Moderne Academy pr\u00e9sente :\u00a0Summer Dance \u00e0 Vittel"}]},{"@type":"WebSite","@id":"https:\/\/vosgesinfo.fr\/laplainedesvosgesinfo\/#website","url":"https:\/\/vosgesinfo.fr\/laplainedesvosgesinfo\/","name":"La Plaine des Vosges","description":"Toute l&#039;actualit\u00e9 de la plaine de Vosges","publisher":{"@id":"https:\/\/vosgesinfo.fr\/laplainedesvosgesinfo\/#organization"},"alternateName":"Toute l'actualit\u00e9 de la plaine des Vosges","potentialAction":[{"@type":"SearchAction","target":{"@type":"EntryPoint","urlTemplate":"https:\/\/vosgesinfo.fr\/laplainedesvosgesinfo\/?s={search_term_string}"},"query-input":"required name=search_term_string"}],"inLanguage":"fr-FR"},{"@type":"Organization","@id":"https:\/\/vosgesinfo.fr\/laplainedesvosgesinfo\/#organization","name":"La Plaine des Vosges","url":"https:\/\/vosgesinfo.fr\/laplainedesvosgesinfo\/","logo":{"@type":"ImageObject","inLanguage":"fr-FR","@id":"https:\/\/vosgesinfo.fr\/laplainedesvosgesinfo\/#\/schema\/logo\/image\/","url":"https:\/\/vosgesinfo.fr\/app\/uploads\/sites\/2\/2023\/08\/logo-laplaineinfo.svg","contentUrl":"https:\/\/vosgesinfo.fr\/app\/uploads\/sites\/2\/2023\/08\/logo-laplaineinfo.svg","width":1,"height":1,"caption":"La Plaine des Vosges"},"image":{"@id":"https:\/\/vosgesinfo.fr\/laplainedesvosgesinfo\/#\/schema\/logo\/image\/"},"sameAs":["https:\/\/www.facebook.com\/laplainedesvosges","https:\/\/x.com\/VosgesInfo88","https:\/\/www.youtube.com\/@vosgesinfo"]},{"@type":"Person","@id":"https:\/\/vosgesinfo.fr\/laplainedesvosgesinfo\/#\/schema\/person\/27a3695b06db98895b354c0765cdfc31","name":"La redaction","image":{"@type":"ImageObject","inLanguage":"fr-FR","@id":"https:\/\/vosgesinfo.fr\/laplainedesvosgesinfo\/#\/schema\/person\/image\/","url":"https:\/\/secure.gravatar.com\/avatar\/64c76a78e501cedee55736f43f332df901e1896ae9cd8fad269ae2236dd0e8b6?s=96&d=mm&r=g","contentUrl":"https:\/\/secure.gravatar.com\/avatar\/64c76a78e501cedee55736f43f332df901e1896ae9cd8fad269ae2236dd0e8b6?s=96&d=mm&r=g","caption":"La redaction"},"url":"https:\/\/vosgesinfo.fr\/laplainedesvosgesinfo\/author\/la-redaction\/"}]}},"_links":{"self":[{"href":"https:\/\/vosgesinfo.fr\/laplainedesvosgesinfo\/wp-json\/wp\/v2\/posts\/30172","targetHints":{"allow":["GET"]}}],"collection":[{"href":"https:\/\/vosgesinfo.fr\/laplainedesvosgesinfo\/wp-json\/wp\/v2\/posts"}],"about":[{"href":"https:\/\/vosgesinfo.fr\/laplainedesvosgesinfo\/wp-json\/wp\/v2\/types\/post"}],"author":[{"embeddable":true,"href":"https:\/\/vosgesinfo.fr\/laplainedesvosgesinfo\/wp-json\/wp\/v2\/users\/391"}],"replies":[{"embeddable":true,"href":"https:\/\/vosgesinfo.fr\/laplainedesvosgesinfo\/wp-json\/wp\/v2\/comments?post=30172"}],"version-history":[{"count":0,"href":"https:\/\/vosgesinfo.fr\/laplainedesvosgesinfo\/wp-json\/wp\/v2\/posts\/30172\/revisions"}],"wp:featuredmedia":[{"embeddable":true,"href":"https:\/\/vosgesinfo.fr\/laplainedesvosgesinfo\/wp-json\/wp\/v2\/media\/30173"}],"wp:attachment":[{"href":"https:\/\/vosgesinfo.fr\/laplainedesvosgesinfo\/wp-json\/wp\/v2\/media?parent=30172"}],"wp:term":[{"taxonomy":"category","embeddable":true,"href":"https:\/\/vosgesinfo.fr\/laplainedesvosgesinfo\/wp-json\/wp\/v2\/categories?post=30172"},{"taxonomy":"post_tag","embeddable":true,"href":"https:\/\/vosgesinfo.fr\/laplainedesvosgesinfo\/wp-json\/wp\/v2\/tags?post=30172"}],"curies":[{"name":"wp","href":"https:\/\/api.w.org\/{rel}","templated":true}]}}