{"id":30194,"date":"2025-05-28T17:11:07","date_gmt":"2025-05-28T15:11:07","guid":{"rendered":"https:\/\/vosgesinfo.fr\/laplainedesvosgesinfo\/?p=30194"},"modified":"2025-05-28T15:16:02","modified_gmt":"2025-05-28T13:16:02","slug":"vittel-reprend-la-main-sur-sa-restauration-scolaire-un-projet-ambitieux-pour-septembre-2025","status":"publish","type":"post","link":"https:\/\/vosgesinfo.fr\/laplainedesvosgesinfo\/2025\/05\/vittel-reprend-la-main-sur-sa-restauration-scolaire-un-projet-ambitieux-pour-septembre-2025\/","title":{"rendered":"Vittel reprend la main sur sa restauration scolaire : un projet ambitieux pour septembre 2025"},"content":{"rendered":"<p><a href=\"https:\/\/vosgesinfo.fr\/app\/uploads\/sites\/2\/2023\/12\/ville-vittel.jpg\"><img decoding=\"async\" class=\"aligncenter size-thumbnail wp-image-1120\" src=\"https:\/\/vosgesinfo.fr\/app\/uploads\/sites\/2\/2023\/12\/ville-vittel-150x150.jpg\" alt=\"\" width=\"150\" height=\"150\" srcset=\"https:\/\/vosgesinfo.fr\/app\/uploads\/sites\/2\/2023\/12\/ville-vittel-150x150.jpg 150w, https:\/\/vosgesinfo.fr\/app\/uploads\/sites\/2\/2023\/12\/ville-vittel-300x300.jpg 300w, https:\/\/vosgesinfo.fr\/app\/uploads\/sites\/2\/2023\/12\/ville-vittel-768x768.jpg 768w, https:\/\/vosgesinfo.fr\/app\/uploads\/sites\/2\/2023\/12\/ville-vittel.jpg 800w\" sizes=\"(max-width: 150px) 100vw, 150px\" \/><\/a><\/p>\n<p>&nbsp;<\/p>\n<h3>La Ville de Vittel est en phase de finalisation de la transformation compl\u00e8te de son restaurant scolaire en cuisine de production, marquant ainsi un tournant majeur dans sa politique de restauration collective. D\u00e8s la rentr\u00e9e de septembre 2025, les 280 enfants accueillis quotidiennement b\u00e9n\u00e9ficieront de repas pr\u00e9par\u00e9s sur place, \u00e0 partir de produits frais et locaux.<\/h3>\n<p>&nbsp;<\/p>\n<p><strong>UNE D\u00c9CISION POLITIQUE FORTE<\/strong><br \/>\nLa municipalit\u00e9 de Vittel a fait le choix strat\u00e9gique de reprendre en r\u00e9gie directe la confection des repas servis aux \u00e9coliers. Ce projet d&rsquo;envergure, repr\u00e9sentant un investissement de 230 000\u20ac TTC (191 000\u20ac HT), refl\u00e8te la volont\u00e9 des \u00e9lus d&rsquo;offrir une alimentation de qualit\u00e9 aux enfants tout en soutenant l&rsquo;\u00e9conomie locale.<br \/>\n\u00ab\u00a0Nous avons d\u00e9cid\u00e9 de ne plus faire appel \u00e0 un prestataire ext\u00e9rieur pour la restauration scolaire. Cette reprise en main nous permettra de ma\u00eetriser l&rsquo;ensemble de la cha\u00eene, de l&rsquo;approvisionnement \u00e0 l&rsquo;assiette, avec une attention particuli\u00e8re \u00e0 la qualit\u00e9 des produits et \u00e0 l&rsquo;\u00e9quilibre nutritionnel des repas\u00a0\u00bb, d\u00e9clare Monsieur le Maire de Vittel.<\/p>\n<p><strong>UN RESTAURANT SCOLAIRE ENTI\u00c8REMENT REPENS\u00c9<\/strong><br \/>\nLes travaux de transformation ont d\u00e9j\u00e0 \u00e9t\u00e9 r\u00e9alis\u00e9s pendant les petites vacances scolaires de f\u00e9vrier \u00e0 juin 2025, permettant de maintenir le service de restauration pour les enfants du centre de loisirs. La finalisation des travaux et l&rsquo;installation des \u00e9quipements se d\u00e9rouleront pendant les grandes vacances d&rsquo;\u00e9t\u00e9. Cette modernisation comprend :<br \/>\n\u2022 La cr\u00e9ation de zones sp\u00e9cialis\u00e9es (chaude, froide, l\u00e9gumerie&#8230;)<br \/>\n\u2022 L&rsquo;installation de chambres froides positives et n\u00e9gatives<br \/>\n\u2022 L&rsquo;acquisition d&rsquo;\u00e9quipements professionnels de pointe (fours, cellule de refroidissement&#8230;)<br \/>\n\u2022 La mise aux normes compl\u00e8te des installations selon les exigences des services v\u00e9t\u00e9rinaires<\/p>\n<p>DES CR\u00c9ATIONS D&rsquo;EMPLOI<br \/>\nCe projet s&rsquo;accompagne du recrutement d&rsquo;un cuisinier professionnel qui prendra ses fonctions dans la deuxi\u00e8me quinzaine d&rsquo;ao\u00fbt 2025. Ce professionnel aura pour mission de pr\u00e9parer des repas \u00e9quilibr\u00e9s, d&rsquo;\u00e9laborer des menus de saison et de participer \u00e0 des projets p\u00e9dagogiques autour de l&rsquo;alimentation.<br \/>\nUN SUIVI NUTRITIONNEL PROFESSIONNEL<br \/>\nDans le cadre d&rsquo;une convention avec le Centre Hospitalier de l&rsquo;Ouest Vosgien (CHOV), une di\u00e9t\u00e9ticienne professionnelle accompagnera la mise en place de ce projet. Elle sera charg\u00e9e d&rsquo;\u00e9tablir le plan alimentaire et d&rsquo;\u00e9laborer des menus \u00e9quilibr\u00e9s adapt\u00e9s aux besoins des enfants, garantissant ainsi la qualit\u00e9 nutritionnelle des repas servis.<br \/>\nUN PROJET GLOBAL ET COH\u00c9RENT<br \/>\nAu-del\u00e0 de l&rsquo;aspect culinaire, ce projet s&rsquo;inscrit dans une d\u00e9marche globale :<br \/>\n\u2022 \u00c9ducation au go\u00fbt et \u00e0 la diversit\u00e9 alimentaire<br \/>\n\u2022 Sensibilisation \u00e0 l&rsquo;origine des produits et \u00e0 l&rsquo;agriculture locale<br \/>\n\u2022 R\u00e9duction du gaspillage alimentaire<br \/>\n\u2022 Diminution de l&#8217;empreinte carbone li\u00e9e au transport des denr\u00e9es<br \/>\nLa Ville de Vittel, station thermale, touristique et sportive de renomm\u00e9e internationale, compte pr\u00e8s de 5 000 habitants. Elle s&rsquo;engage activement dans des projets innovants alliant qualit\u00e9 de vie, d\u00e9veloppement durable et valorisation des ressources locales.<\/p>\n<p>&nbsp;<\/p>\n","protected":false},"excerpt":{"rendered":"<p>&nbsp; La Ville de Vittel est en phase de finalisation de la transformation compl\u00e8te de son restaurant scolaire en cuisine [&hellip;]<\/p>\n","protected":false},"author":126,"featured_media":1120,"comment_status":"open","ping_status":"open","sticky":false,"template":"","format":"standard","meta":{"footnotes":""},"categories":[29,6,380,23,38],"tags":[],"class_list":["post-30194","post","type-post","status-publish","format-standard","has-post-thumbnail","hentry","category-a-la-une","category-education","category-la-plaine-des-vosges","category-vittel","category-vittel-la-plaine"],"acf":[],"yoast_head":"<!-- This site is optimized with the Yoast SEO plugin v22.5 - https:\/\/yoast.com\/wordpress\/plugins\/seo\/ -->\n<title>Vittel reprend la main sur sa restauration scolaire : un projet ambitieux pour septembre 2025 - La Plaine des Vosges<\/title>\n<meta name=\"robots\" content=\"index, follow, max-snippet:-1, max-image-preview:large, max-video-preview:-1\" \/>\n<link rel=\"canonical\" href=\"https:\/\/vosgesinfo.fr\/laplainedesvosgesinfo\/2025\/05\/vittel-reprend-la-main-sur-sa-restauration-scolaire-un-projet-ambitieux-pour-septembre-2025\/\" \/>\n<meta name=\"twitter:card\" content=\"summary_large_image\" \/>\n<meta name=\"twitter:title\" content=\"Vittel reprend la main sur sa restauration scolaire : un projet ambitieux pour septembre 2025 - La Plaine des Vosges\" \/>\n<meta name=\"twitter:description\" content=\"&nbsp; La Ville de Vittel est en phase de finalisation de la transformation compl\u00e8te de son restaurant scolaire en cuisine [&hellip;]\" \/>\n<meta name=\"twitter:image\" content=\"https:\/\/vosgesinfo.fr\/app\/uploads\/sites\/2\/2023\/12\/ville-vittel.jpg\" \/>\n<meta name=\"twitter:creator\" content=\"@VosgesInfo88\" \/>\n<meta name=\"twitter:site\" content=\"@VosgesInfo88\" \/>\n<meta name=\"twitter:label1\" content=\"\u00c9crit par\" \/>\n\t<meta name=\"twitter:data1\" content=\"La R\u00e9daction\" \/>\n\t<meta name=\"twitter:label2\" content=\"Dur\u00e9e de lecture estim\u00e9e\" \/>\n\t<meta name=\"twitter:data2\" content=\"2 minutes\" \/>\n<script type=\"application\/ld+json\" class=\"yoast-schema-graph\">{\"@context\":\"https:\/\/schema.org\",\"@graph\":[{\"@type\":\"Article\",\"@id\":\"https:\/\/vosgesinfo.fr\/laplainedesvosgesinfo\/2025\/05\/vittel-reprend-la-main-sur-sa-restauration-scolaire-un-projet-ambitieux-pour-septembre-2025\/#article\",\"isPartOf\":{\"@id\":\"https:\/\/vosgesinfo.fr\/laplainedesvosgesinfo\/2025\/05\/vittel-reprend-la-main-sur-sa-restauration-scolaire-un-projet-ambitieux-pour-septembre-2025\/\"},\"author\":{\"name\":\"La R\u00e9daction\",\"@id\":\"https:\/\/vosgesinfo.fr\/laplainedesvosgesinfo\/#\/schema\/person\/db412391f749f1ee67e177e1dc017316\"},\"headline\":\"Vittel reprend la main sur sa restauration scolaire : un projet ambitieux pour septembre 2025\",\"datePublished\":\"2025-05-28T15:11:07+00:00\",\"dateModified\":\"2025-05-28T13:16:02+00:00\",\"mainEntityOfPage\":{\"@id\":\"https:\/\/vosgesinfo.fr\/laplainedesvosgesinfo\/2025\/05\/vittel-reprend-la-main-sur-sa-restauration-scolaire-un-projet-ambitieux-pour-septembre-2025\/\"},\"wordCount\":513,\"commentCount\":0,\"publisher\":{\"@id\":\"https:\/\/vosgesinfo.fr\/laplainedesvosgesinfo\/#organization\"},\"image\":{\"@id\":\"https:\/\/vosgesinfo.fr\/laplainedesvosgesinfo\/2025\/05\/vittel-reprend-la-main-sur-sa-restauration-scolaire-un-projet-ambitieux-pour-septembre-2025\/#primaryimage\"},\"thumbnailUrl\":\"https:\/\/vosgesinfo.fr\/app\/uploads\/sites\/2\/2023\/12\/ville-vittel.jpg\",\"articleSection\":[\"A la Une\",\"\u00c9ducation\",\"La plaine des vosges\",\"Vittel\",\"Vittel\"],\"inLanguage\":\"fr-FR\",\"potentialAction\":[{\"@type\":\"CommentAction\",\"name\":\"Comment\",\"target\":[\"https:\/\/vosgesinfo.fr\/laplainedesvosgesinfo\/2025\/05\/vittel-reprend-la-main-sur-sa-restauration-scolaire-un-projet-ambitieux-pour-septembre-2025\/#respond\"]}]},{\"@type\":\"WebPage\",\"@id\":\"https:\/\/vosgesinfo.fr\/laplainedesvosgesinfo\/2025\/05\/vittel-reprend-la-main-sur-sa-restauration-scolaire-un-projet-ambitieux-pour-septembre-2025\/\",\"url\":\"https:\/\/vosgesinfo.fr\/laplainedesvosgesinfo\/2025\/05\/vittel-reprend-la-main-sur-sa-restauration-scolaire-un-projet-ambitieux-pour-septembre-2025\/\",\"name\":\"Vittel reprend la main sur sa restauration scolaire : un projet ambitieux pour septembre 2025 - La Plaine des Vosges\",\"isPartOf\":{\"@id\":\"https:\/\/vosgesinfo.fr\/laplainedesvosgesinfo\/#website\"},\"primaryImageOfPage\":{\"@id\":\"https:\/\/vosgesinfo.fr\/laplainedesvosgesinfo\/2025\/05\/vittel-reprend-la-main-sur-sa-restauration-scolaire-un-projet-ambitieux-pour-septembre-2025\/#primaryimage\"},\"image\":{\"@id\":\"https:\/\/vosgesinfo.fr\/laplainedesvosgesinfo\/2025\/05\/vittel-reprend-la-main-sur-sa-restauration-scolaire-un-projet-ambitieux-pour-septembre-2025\/#primaryimage\"},\"thumbnailUrl\":\"https:\/\/vosgesinfo.fr\/app\/uploads\/sites\/2\/2023\/12\/ville-vittel.jpg\",\"datePublished\":\"2025-05-28T15:11:07+00:00\",\"dateModified\":\"2025-05-28T13:16:02+00:00\",\"breadcrumb\":{\"@id\":\"https:\/\/vosgesinfo.fr\/laplainedesvosgesinfo\/2025\/05\/vittel-reprend-la-main-sur-sa-restauration-scolaire-un-projet-ambitieux-pour-septembre-2025\/#breadcrumb\"},\"inLanguage\":\"fr-FR\",\"potentialAction\":[{\"@type\":\"ReadAction\",\"target\":[\"https:\/\/vosgesinfo.fr\/laplainedesvosgesinfo\/2025\/05\/vittel-reprend-la-main-sur-sa-restauration-scolaire-un-projet-ambitieux-pour-septembre-2025\/\"]}]},{\"@type\":\"ImageObject\",\"inLanguage\":\"fr-FR\",\"@id\":\"https:\/\/vosgesinfo.fr\/laplainedesvosgesinfo\/2025\/05\/vittel-reprend-la-main-sur-sa-restauration-scolaire-un-projet-ambitieux-pour-septembre-2025\/#primaryimage\",\"url\":\"https:\/\/vosgesinfo.fr\/app\/uploads\/sites\/2\/2023\/12\/ville-vittel.jpg\",\"contentUrl\":\"https:\/\/vosgesinfo.fr\/app\/uploads\/sites\/2\/2023\/12\/ville-vittel.jpg\",\"width\":800,\"height\":800},{\"@type\":\"BreadcrumbList\",\"@id\":\"https:\/\/vosgesinfo.fr\/laplainedesvosgesinfo\/2025\/05\/vittel-reprend-la-main-sur-sa-restauration-scolaire-un-projet-ambitieux-pour-septembre-2025\/#breadcrumb\",\"itemListElement\":[{\"@type\":\"ListItem\",\"position\":1,\"name\":\"Home\",\"item\":\"https:\/\/vosgesinfo.fr\/laplainedesvosgesinfo\/\"},{\"@type\":\"ListItem\",\"position\":2,\"name\":\"Vittel reprend la main sur sa restauration scolaire : un projet ambitieux pour septembre 2025\"}]},{\"@type\":\"WebSite\",\"@id\":\"https:\/\/vosgesinfo.fr\/laplainedesvosgesinfo\/#website\",\"url\":\"https:\/\/vosgesinfo.fr\/laplainedesvosgesinfo\/\",\"name\":\"La Plaine des Vosges\",\"description\":\"Toute l&#039;actualit\u00e9 de la plaine de Vosges\",\"publisher\":{\"@id\":\"https:\/\/vosgesinfo.fr\/laplainedesvosgesinfo\/#organization\"},\"alternateName\":\"Toute l'actualit\u00e9 de la plaine des Vosges\",\"potentialAction\":[{\"@type\":\"SearchAction\",\"target\":{\"@type\":\"EntryPoint\",\"urlTemplate\":\"https:\/\/vosgesinfo.fr\/laplainedesvosgesinfo\/?s={search_term_string}\"},\"query-input\":\"required name=search_term_string\"}],\"inLanguage\":\"fr-FR\"},{\"@type\":\"Organization\",\"@id\":\"https:\/\/vosgesinfo.fr\/laplainedesvosgesinfo\/#organization\",\"name\":\"La Plaine des Vosges\",\"url\":\"https:\/\/vosgesinfo.fr\/laplainedesvosgesinfo\/\",\"logo\":{\"@type\":\"ImageObject\",\"inLanguage\":\"fr-FR\",\"@id\":\"https:\/\/vosgesinfo.fr\/laplainedesvosgesinfo\/#\/schema\/logo\/image\/\",\"url\":\"https:\/\/vosgesinfo.fr\/app\/uploads\/sites\/2\/2023\/08\/logo-laplaineinfo.svg\",\"contentUrl\":\"https:\/\/vosgesinfo.fr\/app\/uploads\/sites\/2\/2023\/08\/logo-laplaineinfo.svg\",\"width\":1,\"height\":1,\"caption\":\"La Plaine des Vosges\"},\"image\":{\"@id\":\"https:\/\/vosgesinfo.fr\/laplainedesvosgesinfo\/#\/schema\/logo\/image\/\"},\"sameAs\":[\"https:\/\/www.facebook.com\/laplainedesvosges\",\"https:\/\/x.com\/VosgesInfo88\",\"https:\/\/www.youtube.com\/@vosgesinfo\"]},{\"@type\":\"Person\",\"@id\":\"https:\/\/vosgesinfo.fr\/laplainedesvosgesinfo\/#\/schema\/person\/db412391f749f1ee67e177e1dc017316\",\"name\":\"La R\u00e9daction\",\"image\":{\"@type\":\"ImageObject\",\"inLanguage\":\"fr-FR\",\"@id\":\"https:\/\/vosgesinfo.fr\/laplainedesvosgesinfo\/#\/schema\/person\/image\/\",\"url\":\"https:\/\/secure.gravatar.com\/avatar\/d10cfbea47ec464014dd9e55d3c353f7c4017b65068eb823d0882be0ff3b0ff6?s=96&d=mm&r=g\",\"contentUrl\":\"https:\/\/secure.gravatar.com\/avatar\/d10cfbea47ec464014dd9e55d3c353f7c4017b65068eb823d0882be0ff3b0ff6?s=96&d=mm&r=g\",\"caption\":\"La R\u00e9daction\"},\"url\":\"https:\/\/vosgesinfo.fr\/laplainedesvosgesinfo\/author\/redaction\/\"}]}<\/script>\n<!-- \/ Yoast SEO plugin. -->","yoast_head_json":{"title":"Vittel reprend la main sur sa restauration scolaire : un projet ambitieux pour septembre 2025 - La Plaine des Vosges","robots":{"index":"index","follow":"follow","max-snippet":"max-snippet:-1","max-image-preview":"max-image-preview:large","max-video-preview":"max-video-preview:-1"},"canonical":"https:\/\/vosgesinfo.fr\/laplainedesvosgesinfo\/2025\/05\/vittel-reprend-la-main-sur-sa-restauration-scolaire-un-projet-ambitieux-pour-septembre-2025\/","twitter_card":"summary_large_image","twitter_title":"Vittel reprend la main sur sa restauration scolaire : un projet ambitieux pour septembre 2025 - La Plaine des Vosges","twitter_description":"&nbsp; La Ville de Vittel est en phase de finalisation de la transformation compl\u00e8te de son restaurant scolaire en cuisine [&hellip;]","twitter_image":"https:\/\/vosgesinfo.fr\/app\/uploads\/sites\/2\/2023\/12\/ville-vittel.jpg","twitter_creator":"@VosgesInfo88","twitter_site":"@VosgesInfo88","twitter_misc":{"\u00c9crit par":"La R\u00e9daction","Dur\u00e9e de lecture estim\u00e9e":"2 minutes"},"schema":{"@context":"https:\/\/schema.org","@graph":[{"@type":"Article","@id":"https:\/\/vosgesinfo.fr\/laplainedesvosgesinfo\/2025\/05\/vittel-reprend-la-main-sur-sa-restauration-scolaire-un-projet-ambitieux-pour-septembre-2025\/#article","isPartOf":{"@id":"https:\/\/vosgesinfo.fr\/laplainedesvosgesinfo\/2025\/05\/vittel-reprend-la-main-sur-sa-restauration-scolaire-un-projet-ambitieux-pour-septembre-2025\/"},"author":{"name":"La R\u00e9daction","@id":"https:\/\/vosgesinfo.fr\/laplainedesvosgesinfo\/#\/schema\/person\/db412391f749f1ee67e177e1dc017316"},"headline":"Vittel reprend la main sur sa restauration scolaire : un projet ambitieux pour septembre 2025","datePublished":"2025-05-28T15:11:07+00:00","dateModified":"2025-05-28T13:16:02+00:00","mainEntityOfPage":{"@id":"https:\/\/vosgesinfo.fr\/laplainedesvosgesinfo\/2025\/05\/vittel-reprend-la-main-sur-sa-restauration-scolaire-un-projet-ambitieux-pour-septembre-2025\/"},"wordCount":513,"commentCount":0,"publisher":{"@id":"https:\/\/vosgesinfo.fr\/laplainedesvosgesinfo\/#organization"},"image":{"@id":"https:\/\/vosgesinfo.fr\/laplainedesvosgesinfo\/2025\/05\/vittel-reprend-la-main-sur-sa-restauration-scolaire-un-projet-ambitieux-pour-septembre-2025\/#primaryimage"},"thumbnailUrl":"https:\/\/vosgesinfo.fr\/app\/uploads\/sites\/2\/2023\/12\/ville-vittel.jpg","articleSection":["A la Une","\u00c9ducation","La plaine des vosges","Vittel","Vittel"],"inLanguage":"fr-FR","potentialAction":[{"@type":"CommentAction","name":"Comment","target":["https:\/\/vosgesinfo.fr\/laplainedesvosgesinfo\/2025\/05\/vittel-reprend-la-main-sur-sa-restauration-scolaire-un-projet-ambitieux-pour-septembre-2025\/#respond"]}]},{"@type":"WebPage","@id":"https:\/\/vosgesinfo.fr\/laplainedesvosgesinfo\/2025\/05\/vittel-reprend-la-main-sur-sa-restauration-scolaire-un-projet-ambitieux-pour-septembre-2025\/","url":"https:\/\/vosgesinfo.fr\/laplainedesvosgesinfo\/2025\/05\/vittel-reprend-la-main-sur-sa-restauration-scolaire-un-projet-ambitieux-pour-septembre-2025\/","name":"Vittel reprend la main sur sa restauration scolaire : un projet ambitieux pour septembre 2025 - La Plaine des Vosges","isPartOf":{"@id":"https:\/\/vosgesinfo.fr\/laplainedesvosgesinfo\/#website"},"primaryImageOfPage":{"@id":"https:\/\/vosgesinfo.fr\/laplainedesvosgesinfo\/2025\/05\/vittel-reprend-la-main-sur-sa-restauration-scolaire-un-projet-ambitieux-pour-septembre-2025\/#primaryimage"},"image":{"@id":"https:\/\/vosgesinfo.fr\/laplainedesvosgesinfo\/2025\/05\/vittel-reprend-la-main-sur-sa-restauration-scolaire-un-projet-ambitieux-pour-septembre-2025\/#primaryimage"},"thumbnailUrl":"https:\/\/vosgesinfo.fr\/app\/uploads\/sites\/2\/2023\/12\/ville-vittel.jpg","datePublished":"2025-05-28T15:11:07+00:00","dateModified":"2025-05-28T13:16:02+00:00","breadcrumb":{"@id":"https:\/\/vosgesinfo.fr\/laplainedesvosgesinfo\/2025\/05\/vittel-reprend-la-main-sur-sa-restauration-scolaire-un-projet-ambitieux-pour-septembre-2025\/#breadcrumb"},"inLanguage":"fr-FR","potentialAction":[{"@type":"ReadAction","target":["https:\/\/vosgesinfo.fr\/laplainedesvosgesinfo\/2025\/05\/vittel-reprend-la-main-sur-sa-restauration-scolaire-un-projet-ambitieux-pour-septembre-2025\/"]}]},{"@type":"ImageObject","inLanguage":"fr-FR","@id":"https:\/\/vosgesinfo.fr\/laplainedesvosgesinfo\/2025\/05\/vittel-reprend-la-main-sur-sa-restauration-scolaire-un-projet-ambitieux-pour-septembre-2025\/#primaryimage","url":"https:\/\/vosgesinfo.fr\/app\/uploads\/sites\/2\/2023\/12\/ville-vittel.jpg","contentUrl":"https:\/\/vosgesinfo.fr\/app\/uploads\/sites\/2\/2023\/12\/ville-vittel.jpg","width":800,"height":800},{"@type":"BreadcrumbList","@id":"https:\/\/vosgesinfo.fr\/laplainedesvosgesinfo\/2025\/05\/vittel-reprend-la-main-sur-sa-restauration-scolaire-un-projet-ambitieux-pour-septembre-2025\/#breadcrumb","itemListElement":[{"@type":"ListItem","position":1,"name":"Home","item":"https:\/\/vosgesinfo.fr\/laplainedesvosgesinfo\/"},{"@type":"ListItem","position":2,"name":"Vittel reprend la main sur sa restauration scolaire : un projet ambitieux pour septembre 2025"}]},{"@type":"WebSite","@id":"https:\/\/vosgesinfo.fr\/laplainedesvosgesinfo\/#website","url":"https:\/\/vosgesinfo.fr\/laplainedesvosgesinfo\/","name":"La Plaine des Vosges","description":"Toute l&#039;actualit\u00e9 de la plaine de Vosges","publisher":{"@id":"https:\/\/vosgesinfo.fr\/laplainedesvosgesinfo\/#organization"},"alternateName":"Toute l'actualit\u00e9 de la plaine des Vosges","potentialAction":[{"@type":"SearchAction","target":{"@type":"EntryPoint","urlTemplate":"https:\/\/vosgesinfo.fr\/laplainedesvosgesinfo\/?s={search_term_string}"},"query-input":"required name=search_term_string"}],"inLanguage":"fr-FR"},{"@type":"Organization","@id":"https:\/\/vosgesinfo.fr\/laplainedesvosgesinfo\/#organization","name":"La Plaine des Vosges","url":"https:\/\/vosgesinfo.fr\/laplainedesvosgesinfo\/","logo":{"@type":"ImageObject","inLanguage":"fr-FR","@id":"https:\/\/vosgesinfo.fr\/laplainedesvosgesinfo\/#\/schema\/logo\/image\/","url":"https:\/\/vosgesinfo.fr\/app\/uploads\/sites\/2\/2023\/08\/logo-laplaineinfo.svg","contentUrl":"https:\/\/vosgesinfo.fr\/app\/uploads\/sites\/2\/2023\/08\/logo-laplaineinfo.svg","width":1,"height":1,"caption":"La Plaine des Vosges"},"image":{"@id":"https:\/\/vosgesinfo.fr\/laplainedesvosgesinfo\/#\/schema\/logo\/image\/"},"sameAs":["https:\/\/www.facebook.com\/laplainedesvosges","https:\/\/x.com\/VosgesInfo88","https:\/\/www.youtube.com\/@vosgesinfo"]},{"@type":"Person","@id":"https:\/\/vosgesinfo.fr\/laplainedesvosgesinfo\/#\/schema\/person\/db412391f749f1ee67e177e1dc017316","name":"La R\u00e9daction","image":{"@type":"ImageObject","inLanguage":"fr-FR","@id":"https:\/\/vosgesinfo.fr\/laplainedesvosgesinfo\/#\/schema\/person\/image\/","url":"https:\/\/secure.gravatar.com\/avatar\/d10cfbea47ec464014dd9e55d3c353f7c4017b65068eb823d0882be0ff3b0ff6?s=96&d=mm&r=g","contentUrl":"https:\/\/secure.gravatar.com\/avatar\/d10cfbea47ec464014dd9e55d3c353f7c4017b65068eb823d0882be0ff3b0ff6?s=96&d=mm&r=g","caption":"La R\u00e9daction"},"url":"https:\/\/vosgesinfo.fr\/laplainedesvosgesinfo\/author\/redaction\/"}]}},"_links":{"self":[{"href":"https:\/\/vosgesinfo.fr\/laplainedesvosgesinfo\/wp-json\/wp\/v2\/posts\/30194","targetHints":{"allow":["GET"]}}],"collection":[{"href":"https:\/\/vosgesinfo.fr\/laplainedesvosgesinfo\/wp-json\/wp\/v2\/posts"}],"about":[{"href":"https:\/\/vosgesinfo.fr\/laplainedesvosgesinfo\/wp-json\/wp\/v2\/types\/post"}],"author":[{"embeddable":true,"href":"https:\/\/vosgesinfo.fr\/laplainedesvosgesinfo\/wp-json\/wp\/v2\/users\/126"}],"replies":[{"embeddable":true,"href":"https:\/\/vosgesinfo.fr\/laplainedesvosgesinfo\/wp-json\/wp\/v2\/comments?post=30194"}],"version-history":[{"count":1,"href":"https:\/\/vosgesinfo.fr\/laplainedesvosgesinfo\/wp-json\/wp\/v2\/posts\/30194\/revisions"}],"predecessor-version":[{"id":30195,"href":"https:\/\/vosgesinfo.fr\/laplainedesvosgesinfo\/wp-json\/wp\/v2\/posts\/30194\/revisions\/30195"}],"wp:featuredmedia":[{"embeddable":true,"href":"https:\/\/vosgesinfo.fr\/laplainedesvosgesinfo\/wp-json\/wp\/v2\/media\/1120"}],"wp:attachment":[{"href":"https:\/\/vosgesinfo.fr\/laplainedesvosgesinfo\/wp-json\/wp\/v2\/media?parent=30194"}],"wp:term":[{"taxonomy":"category","embeddable":true,"href":"https:\/\/vosgesinfo.fr\/laplainedesvosgesinfo\/wp-json\/wp\/v2\/categories?post=30194"},{"taxonomy":"post_tag","embeddable":true,"href":"https:\/\/vosgesinfo.fr\/laplainedesvosgesinfo\/wp-json\/wp\/v2\/tags?post=30194"}],"curies":[{"name":"wp","href":"https:\/\/api.w.org\/{rel}","templated":true}]}}