{"id":30203,"date":"2025-05-30T14:55:19","date_gmt":"2025-05-30T12:55:19","guid":{"rendered":"https:\/\/vosgesinfo.fr\/laplainedesvosgesinfo\/?p=30203"},"modified":"2025-05-30T14:30:51","modified_gmt":"2025-05-30T12:30:51","slug":"ville-de-vittel-entrainements-de-lequipe-de-france-de-water-polo-ouverts-au-public","status":"publish","type":"post","link":"https:\/\/vosgesinfo.fr\/laplainedesvosgesinfo\/2025\/05\/ville-de-vittel-entrainements-de-lequipe-de-france-de-water-polo-ouverts-au-public\/","title":{"rendered":"Ville de Vittel &#8211; Entra\u00eenements de l&rsquo;\u00e9quipe de France de water-polo ouverts au public"},"content":{"rendered":"<p><a href=\"https:\/\/vosgesinfo.fr\/app\/uploads\/sites\/2\/2023\/12\/ville-vittel.jpg\"><img decoding=\"async\" class=\"aligncenter size-thumbnail wp-image-1120\" src=\"https:\/\/vosgesinfo.fr\/app\/uploads\/sites\/2\/2023\/12\/ville-vittel-150x150.jpg\" alt=\"\" width=\"150\" height=\"150\" srcset=\"https:\/\/vosgesinfo.fr\/app\/uploads\/sites\/2\/2023\/12\/ville-vittel-150x150.jpg 150w, https:\/\/vosgesinfo.fr\/app\/uploads\/sites\/2\/2023\/12\/ville-vittel-300x300.jpg 300w, https:\/\/vosgesinfo.fr\/app\/uploads\/sites\/2\/2023\/12\/ville-vittel-768x768.jpg 768w, https:\/\/vosgesinfo.fr\/app\/uploads\/sites\/2\/2023\/12\/ville-vittel.jpg 800w\" sizes=\"(max-width: 150px) 100vw, 150px\" \/><\/a><\/p>\n<p>&nbsp;<\/p>\n<p>\u00c0 la suite de discussions avec l\u2019\u00e9quipe de France de water-polo, plusieurs cr\u00e9neaux d&rsquo;entra\u00eenement seront exceptionnellement ouverts au public. Ces s\u00e9ances offriront une occasion unique d&rsquo;observer les Bleus en pleine pr\u00e9paration, dans une ambiance conviviale et sportive.<\/p>\n<p>&nbsp;<\/p>\n<p>Les s\u00e9ances ouvertes auront lieu aux dates et horaires suivants :<\/p>\n<ul type=\"disc\">\n<li><b>Vendredi 30 mai<\/b> : de 18h \u00e0 20h<\/li>\n<li><b>Samedi 31 mai<\/b> : de 18h \u00e0 20h<\/li>\n<li><b>Mardi 3 juin<\/b> : de 18h \u00e0 20h<\/li>\n<li><b>Mercredi 4 juin<\/b> : de 9h \u00e0 11h.<\/li>\n<\/ul>\n<p>&nbsp;<\/p>\n<p>Nous invitons chaleureusement le public et les m\u00e9dias \u00e0 venir assister \u00e0 ces moments privil\u00e9gi\u00e9s avec les joueurs et le staff de l\u2019\u00e9quipe de France.<\/p>\n","protected":false},"excerpt":{"rendered":"<p>&nbsp; \u00c0 la suite de discussions avec l\u2019\u00e9quipe de France de water-polo, plusieurs cr\u00e9neaux d&rsquo;entra\u00eenement seront exceptionnellement ouverts au public. [&hellip;]<\/p>\n","protected":false},"author":126,"featured_media":30120,"comment_status":"open","ping_status":"open","sticky":false,"template":"","format":"standard","meta":{"footnotes":""},"categories":[29,383,380,14],"tags":[4467],"class_list":["post-30203","post","type-post","status-publish","format-standard","has-post-thumbnail","hentry","category-a-la-une","category-epinal","category-la-plaine-des-vosges","category-sport","tag-waterpolo"],"acf":[],"yoast_head":"<!-- This site is optimized with the Yoast SEO plugin v22.5 - https:\/\/yoast.com\/wordpress\/plugins\/seo\/ -->\n<title>Ville de Vittel - Entra\u00eenements de l&#039;\u00e9quipe de France de water-polo ouverts au public - La Plaine des Vosges<\/title>\n<meta name=\"robots\" content=\"index, follow, max-snippet:-1, max-image-preview:large, max-video-preview:-1\" \/>\n<link rel=\"canonical\" href=\"https:\/\/vosgesinfo.fr\/laplainedesvosgesinfo\/2025\/05\/ville-de-vittel-entrainements-de-lequipe-de-france-de-water-polo-ouverts-au-public\/\" \/>\n<meta name=\"twitter:card\" content=\"summary_large_image\" \/>\n<meta name=\"twitter:title\" content=\"Ville de Vittel - Entra\u00eenements de l&#039;\u00e9quipe de France de water-polo ouverts au public - La Plaine des Vosges\" \/>\n<meta name=\"twitter:description\" content=\"&nbsp; \u00c0 la suite de discussions avec l\u2019\u00e9quipe de France de water-polo, plusieurs cr\u00e9neaux d&rsquo;entra\u00eenement seront exceptionnellement ouverts au public. [&hellip;]\" \/>\n<meta name=\"twitter:image\" content=\"https:\/\/vosgesinfo.fr\/app\/uploads\/sites\/2\/2025\/05\/wa.jpg\" \/>\n<meta name=\"twitter:creator\" content=\"@VosgesInfo88\" \/>\n<meta name=\"twitter:site\" content=\"@VosgesInfo88\" \/>\n<meta name=\"twitter:label1\" content=\"\u00c9crit par\" \/>\n\t<meta name=\"twitter:data1\" content=\"La R\u00e9daction\" \/>\n\t<meta name=\"twitter:label2\" content=\"Dur\u00e9e de lecture estim\u00e9e\" \/>\n\t<meta name=\"twitter:data2\" content=\"1 minute\" \/>\n<script type=\"application\/ld+json\" class=\"yoast-schema-graph\">{\"@context\":\"https:\/\/schema.org\",\"@graph\":[{\"@type\":\"Article\",\"@id\":\"https:\/\/vosgesinfo.fr\/laplainedesvosgesinfo\/2025\/05\/ville-de-vittel-entrainements-de-lequipe-de-france-de-water-polo-ouverts-au-public\/#article\",\"isPartOf\":{\"@id\":\"https:\/\/vosgesinfo.fr\/laplainedesvosgesinfo\/2025\/05\/ville-de-vittel-entrainements-de-lequipe-de-france-de-water-polo-ouverts-au-public\/\"},\"author\":{\"name\":\"La R\u00e9daction\",\"@id\":\"https:\/\/vosgesinfo.fr\/laplainedesvosgesinfo\/#\/schema\/person\/db412391f749f1ee67e177e1dc017316\"},\"headline\":\"Ville de Vittel &#8211; Entra\u00eenements de l&rsquo;\u00e9quipe de France de water-polo ouverts au public\",\"datePublished\":\"2025-05-30T12:55:19+00:00\",\"dateModified\":\"2025-05-30T12:30:51+00:00\",\"mainEntityOfPage\":{\"@id\":\"https:\/\/vosgesinfo.fr\/laplainedesvosgesinfo\/2025\/05\/ville-de-vittel-entrainements-de-lequipe-de-france-de-water-polo-ouverts-au-public\/\"},\"wordCount\":120,\"commentCount\":0,\"publisher\":{\"@id\":\"https:\/\/vosgesinfo.fr\/laplainedesvosgesinfo\/#organization\"},\"image\":{\"@id\":\"https:\/\/vosgesinfo.fr\/laplainedesvosgesinfo\/2025\/05\/ville-de-vittel-entrainements-de-lequipe-de-france-de-water-polo-ouverts-au-public\/#primaryimage\"},\"thumbnailUrl\":\"https:\/\/vosgesinfo.fr\/app\/uploads\/sites\/2\/2025\/05\/wa.jpg\",\"keywords\":[\"waterpolo\"],\"articleSection\":[\"A la Une\",\"Epinal\",\"La plaine des vosges\",\"Sport\"],\"inLanguage\":\"fr-FR\",\"potentialAction\":[{\"@type\":\"CommentAction\",\"name\":\"Comment\",\"target\":[\"https:\/\/vosgesinfo.fr\/laplainedesvosgesinfo\/2025\/05\/ville-de-vittel-entrainements-de-lequipe-de-france-de-water-polo-ouverts-au-public\/#respond\"]}]},{\"@type\":\"WebPage\",\"@id\":\"https:\/\/vosgesinfo.fr\/laplainedesvosgesinfo\/2025\/05\/ville-de-vittel-entrainements-de-lequipe-de-france-de-water-polo-ouverts-au-public\/\",\"url\":\"https:\/\/vosgesinfo.fr\/laplainedesvosgesinfo\/2025\/05\/ville-de-vittel-entrainements-de-lequipe-de-france-de-water-polo-ouverts-au-public\/\",\"name\":\"Ville de Vittel - Entra\u00eenements de l'\u00e9quipe de France de water-polo ouverts au public - La Plaine des Vosges\",\"isPartOf\":{\"@id\":\"https:\/\/vosgesinfo.fr\/laplainedesvosgesinfo\/#website\"},\"primaryImageOfPage\":{\"@id\":\"https:\/\/vosgesinfo.fr\/laplainedesvosgesinfo\/2025\/05\/ville-de-vittel-entrainements-de-lequipe-de-france-de-water-polo-ouverts-au-public\/#primaryimage\"},\"image\":{\"@id\":\"https:\/\/vosgesinfo.fr\/laplainedesvosgesinfo\/2025\/05\/ville-de-vittel-entrainements-de-lequipe-de-france-de-water-polo-ouverts-au-public\/#primaryimage\"},\"thumbnailUrl\":\"https:\/\/vosgesinfo.fr\/app\/uploads\/sites\/2\/2025\/05\/wa.jpg\",\"datePublished\":\"2025-05-30T12:55:19+00:00\",\"dateModified\":\"2025-05-30T12:30:51+00:00\",\"breadcrumb\":{\"@id\":\"https:\/\/vosgesinfo.fr\/laplainedesvosgesinfo\/2025\/05\/ville-de-vittel-entrainements-de-lequipe-de-france-de-water-polo-ouverts-au-public\/#breadcrumb\"},\"inLanguage\":\"fr-FR\",\"potentialAction\":[{\"@type\":\"ReadAction\",\"target\":[\"https:\/\/vosgesinfo.fr\/laplainedesvosgesinfo\/2025\/05\/ville-de-vittel-entrainements-de-lequipe-de-france-de-water-polo-ouverts-au-public\/\"]}]},{\"@type\":\"ImageObject\",\"inLanguage\":\"fr-FR\",\"@id\":\"https:\/\/vosgesinfo.fr\/laplainedesvosgesinfo\/2025\/05\/ville-de-vittel-entrainements-de-lequipe-de-france-de-water-polo-ouverts-au-public\/#primaryimage\",\"url\":\"https:\/\/vosgesinfo.fr\/app\/uploads\/sites\/2\/2025\/05\/wa.jpg\",\"contentUrl\":\"https:\/\/vosgesinfo.fr\/app\/uploads\/sites\/2\/2025\/05\/wa.jpg\",\"width\":612,\"height\":406,\"caption\":\"two water polo players during a game\"},{\"@type\":\"BreadcrumbList\",\"@id\":\"https:\/\/vosgesinfo.fr\/laplainedesvosgesinfo\/2025\/05\/ville-de-vittel-entrainements-de-lequipe-de-france-de-water-polo-ouverts-au-public\/#breadcrumb\",\"itemListElement\":[{\"@type\":\"ListItem\",\"position\":1,\"name\":\"Home\",\"item\":\"https:\/\/vosgesinfo.fr\/laplainedesvosgesinfo\/\"},{\"@type\":\"ListItem\",\"position\":2,\"name\":\"Ville de Vittel &#8211; Entra\u00eenements de l&rsquo;\u00e9quipe de France de water-polo ouverts au public\"}]},{\"@type\":\"WebSite\",\"@id\":\"https:\/\/vosgesinfo.fr\/laplainedesvosgesinfo\/#website\",\"url\":\"https:\/\/vosgesinfo.fr\/laplainedesvosgesinfo\/\",\"name\":\"La Plaine des Vosges\",\"description\":\"Toute l&#039;actualit\u00e9 de la plaine de Vosges\",\"publisher\":{\"@id\":\"https:\/\/vosgesinfo.fr\/laplainedesvosgesinfo\/#organization\"},\"alternateName\":\"Toute l'actualit\u00e9 de la plaine des Vosges\",\"potentialAction\":[{\"@type\":\"SearchAction\",\"target\":{\"@type\":\"EntryPoint\",\"urlTemplate\":\"https:\/\/vosgesinfo.fr\/laplainedesvosgesinfo\/?s={search_term_string}\"},\"query-input\":\"required name=search_term_string\"}],\"inLanguage\":\"fr-FR\"},{\"@type\":\"Organization\",\"@id\":\"https:\/\/vosgesinfo.fr\/laplainedesvosgesinfo\/#organization\",\"name\":\"La Plaine des Vosges\",\"url\":\"https:\/\/vosgesinfo.fr\/laplainedesvosgesinfo\/\",\"logo\":{\"@type\":\"ImageObject\",\"inLanguage\":\"fr-FR\",\"@id\":\"https:\/\/vosgesinfo.fr\/laplainedesvosgesinfo\/#\/schema\/logo\/image\/\",\"url\":\"https:\/\/vosgesinfo.fr\/app\/uploads\/sites\/2\/2023\/08\/logo-laplaineinfo.svg\",\"contentUrl\":\"https:\/\/vosgesinfo.fr\/app\/uploads\/sites\/2\/2023\/08\/logo-laplaineinfo.svg\",\"width\":1,\"height\":1,\"caption\":\"La Plaine des Vosges\"},\"image\":{\"@id\":\"https:\/\/vosgesinfo.fr\/laplainedesvosgesinfo\/#\/schema\/logo\/image\/\"},\"sameAs\":[\"https:\/\/www.facebook.com\/laplainedesvosges\",\"https:\/\/x.com\/VosgesInfo88\",\"https:\/\/www.youtube.com\/@vosgesinfo\"]},{\"@type\":\"Person\",\"@id\":\"https:\/\/vosgesinfo.fr\/laplainedesvosgesinfo\/#\/schema\/person\/db412391f749f1ee67e177e1dc017316\",\"name\":\"La R\u00e9daction\",\"image\":{\"@type\":\"ImageObject\",\"inLanguage\":\"fr-FR\",\"@id\":\"https:\/\/vosgesinfo.fr\/laplainedesvosgesinfo\/#\/schema\/person\/image\/\",\"url\":\"https:\/\/secure.gravatar.com\/avatar\/d10cfbea47ec464014dd9e55d3c353f7c4017b65068eb823d0882be0ff3b0ff6?s=96&d=mm&r=g\",\"contentUrl\":\"https:\/\/secure.gravatar.com\/avatar\/d10cfbea47ec464014dd9e55d3c353f7c4017b65068eb823d0882be0ff3b0ff6?s=96&d=mm&r=g\",\"caption\":\"La R\u00e9daction\"},\"url\":\"https:\/\/vosgesinfo.fr\/laplainedesvosgesinfo\/author\/redaction\/\"}]}<\/script>\n<!-- \/ Yoast SEO plugin. -->","yoast_head_json":{"title":"Ville de Vittel - Entra\u00eenements de l'\u00e9quipe de France de water-polo ouverts au public - La Plaine des Vosges","robots":{"index":"index","follow":"follow","max-snippet":"max-snippet:-1","max-image-preview":"max-image-preview:large","max-video-preview":"max-video-preview:-1"},"canonical":"https:\/\/vosgesinfo.fr\/laplainedesvosgesinfo\/2025\/05\/ville-de-vittel-entrainements-de-lequipe-de-france-de-water-polo-ouverts-au-public\/","twitter_card":"summary_large_image","twitter_title":"Ville de Vittel - Entra\u00eenements de l'\u00e9quipe de France de water-polo ouverts au public - La Plaine des Vosges","twitter_description":"&nbsp; \u00c0 la suite de discussions avec l\u2019\u00e9quipe de France de water-polo, plusieurs cr\u00e9neaux d&rsquo;entra\u00eenement seront exceptionnellement ouverts au public. [&hellip;]","twitter_image":"https:\/\/vosgesinfo.fr\/app\/uploads\/sites\/2\/2025\/05\/wa.jpg","twitter_creator":"@VosgesInfo88","twitter_site":"@VosgesInfo88","twitter_misc":{"\u00c9crit par":"La R\u00e9daction","Dur\u00e9e de lecture estim\u00e9e":"1 minute"},"schema":{"@context":"https:\/\/schema.org","@graph":[{"@type":"Article","@id":"https:\/\/vosgesinfo.fr\/laplainedesvosgesinfo\/2025\/05\/ville-de-vittel-entrainements-de-lequipe-de-france-de-water-polo-ouverts-au-public\/#article","isPartOf":{"@id":"https:\/\/vosgesinfo.fr\/laplainedesvosgesinfo\/2025\/05\/ville-de-vittel-entrainements-de-lequipe-de-france-de-water-polo-ouverts-au-public\/"},"author":{"name":"La R\u00e9daction","@id":"https:\/\/vosgesinfo.fr\/laplainedesvosgesinfo\/#\/schema\/person\/db412391f749f1ee67e177e1dc017316"},"headline":"Ville de Vittel &#8211; Entra\u00eenements de l&rsquo;\u00e9quipe de France de water-polo ouverts au public","datePublished":"2025-05-30T12:55:19+00:00","dateModified":"2025-05-30T12:30:51+00:00","mainEntityOfPage":{"@id":"https:\/\/vosgesinfo.fr\/laplainedesvosgesinfo\/2025\/05\/ville-de-vittel-entrainements-de-lequipe-de-france-de-water-polo-ouverts-au-public\/"},"wordCount":120,"commentCount":0,"publisher":{"@id":"https:\/\/vosgesinfo.fr\/laplainedesvosgesinfo\/#organization"},"image":{"@id":"https:\/\/vosgesinfo.fr\/laplainedesvosgesinfo\/2025\/05\/ville-de-vittel-entrainements-de-lequipe-de-france-de-water-polo-ouverts-au-public\/#primaryimage"},"thumbnailUrl":"https:\/\/vosgesinfo.fr\/app\/uploads\/sites\/2\/2025\/05\/wa.jpg","keywords":["waterpolo"],"articleSection":["A la Une","Epinal","La plaine des vosges","Sport"],"inLanguage":"fr-FR","potentialAction":[{"@type":"CommentAction","name":"Comment","target":["https:\/\/vosgesinfo.fr\/laplainedesvosgesinfo\/2025\/05\/ville-de-vittel-entrainements-de-lequipe-de-france-de-water-polo-ouverts-au-public\/#respond"]}]},{"@type":"WebPage","@id":"https:\/\/vosgesinfo.fr\/laplainedesvosgesinfo\/2025\/05\/ville-de-vittel-entrainements-de-lequipe-de-france-de-water-polo-ouverts-au-public\/","url":"https:\/\/vosgesinfo.fr\/laplainedesvosgesinfo\/2025\/05\/ville-de-vittel-entrainements-de-lequipe-de-france-de-water-polo-ouverts-au-public\/","name":"Ville de Vittel - Entra\u00eenements de l'\u00e9quipe de France de water-polo ouverts au public - La Plaine des Vosges","isPartOf":{"@id":"https:\/\/vosgesinfo.fr\/laplainedesvosgesinfo\/#website"},"primaryImageOfPage":{"@id":"https:\/\/vosgesinfo.fr\/laplainedesvosgesinfo\/2025\/05\/ville-de-vittel-entrainements-de-lequipe-de-france-de-water-polo-ouverts-au-public\/#primaryimage"},"image":{"@id":"https:\/\/vosgesinfo.fr\/laplainedesvosgesinfo\/2025\/05\/ville-de-vittel-entrainements-de-lequipe-de-france-de-water-polo-ouverts-au-public\/#primaryimage"},"thumbnailUrl":"https:\/\/vosgesinfo.fr\/app\/uploads\/sites\/2\/2025\/05\/wa.jpg","datePublished":"2025-05-30T12:55:19+00:00","dateModified":"2025-05-30T12:30:51+00:00","breadcrumb":{"@id":"https:\/\/vosgesinfo.fr\/laplainedesvosgesinfo\/2025\/05\/ville-de-vittel-entrainements-de-lequipe-de-france-de-water-polo-ouverts-au-public\/#breadcrumb"},"inLanguage":"fr-FR","potentialAction":[{"@type":"ReadAction","target":["https:\/\/vosgesinfo.fr\/laplainedesvosgesinfo\/2025\/05\/ville-de-vittel-entrainements-de-lequipe-de-france-de-water-polo-ouverts-au-public\/"]}]},{"@type":"ImageObject","inLanguage":"fr-FR","@id":"https:\/\/vosgesinfo.fr\/laplainedesvosgesinfo\/2025\/05\/ville-de-vittel-entrainements-de-lequipe-de-france-de-water-polo-ouverts-au-public\/#primaryimage","url":"https:\/\/vosgesinfo.fr\/app\/uploads\/sites\/2\/2025\/05\/wa.jpg","contentUrl":"https:\/\/vosgesinfo.fr\/app\/uploads\/sites\/2\/2025\/05\/wa.jpg","width":612,"height":406,"caption":"two water polo players during a game"},{"@type":"BreadcrumbList","@id":"https:\/\/vosgesinfo.fr\/laplainedesvosgesinfo\/2025\/05\/ville-de-vittel-entrainements-de-lequipe-de-france-de-water-polo-ouverts-au-public\/#breadcrumb","itemListElement":[{"@type":"ListItem","position":1,"name":"Home","item":"https:\/\/vosgesinfo.fr\/laplainedesvosgesinfo\/"},{"@type":"ListItem","position":2,"name":"Ville de Vittel &#8211; Entra\u00eenements de l&rsquo;\u00e9quipe de France de water-polo ouverts au public"}]},{"@type":"WebSite","@id":"https:\/\/vosgesinfo.fr\/laplainedesvosgesinfo\/#website","url":"https:\/\/vosgesinfo.fr\/laplainedesvosgesinfo\/","name":"La Plaine des Vosges","description":"Toute l&#039;actualit\u00e9 de la plaine de Vosges","publisher":{"@id":"https:\/\/vosgesinfo.fr\/laplainedesvosgesinfo\/#organization"},"alternateName":"Toute l'actualit\u00e9 de la plaine des Vosges","potentialAction":[{"@type":"SearchAction","target":{"@type":"EntryPoint","urlTemplate":"https:\/\/vosgesinfo.fr\/laplainedesvosgesinfo\/?s={search_term_string}"},"query-input":"required name=search_term_string"}],"inLanguage":"fr-FR"},{"@type":"Organization","@id":"https:\/\/vosgesinfo.fr\/laplainedesvosgesinfo\/#organization","name":"La Plaine des Vosges","url":"https:\/\/vosgesinfo.fr\/laplainedesvosgesinfo\/","logo":{"@type":"ImageObject","inLanguage":"fr-FR","@id":"https:\/\/vosgesinfo.fr\/laplainedesvosgesinfo\/#\/schema\/logo\/image\/","url":"https:\/\/vosgesinfo.fr\/app\/uploads\/sites\/2\/2023\/08\/logo-laplaineinfo.svg","contentUrl":"https:\/\/vosgesinfo.fr\/app\/uploads\/sites\/2\/2023\/08\/logo-laplaineinfo.svg","width":1,"height":1,"caption":"La Plaine des Vosges"},"image":{"@id":"https:\/\/vosgesinfo.fr\/laplainedesvosgesinfo\/#\/schema\/logo\/image\/"},"sameAs":["https:\/\/www.facebook.com\/laplainedesvosges","https:\/\/x.com\/VosgesInfo88","https:\/\/www.youtube.com\/@vosgesinfo"]},{"@type":"Person","@id":"https:\/\/vosgesinfo.fr\/laplainedesvosgesinfo\/#\/schema\/person\/db412391f749f1ee67e177e1dc017316","name":"La R\u00e9daction","image":{"@type":"ImageObject","inLanguage":"fr-FR","@id":"https:\/\/vosgesinfo.fr\/laplainedesvosgesinfo\/#\/schema\/person\/image\/","url":"https:\/\/secure.gravatar.com\/avatar\/d10cfbea47ec464014dd9e55d3c353f7c4017b65068eb823d0882be0ff3b0ff6?s=96&d=mm&r=g","contentUrl":"https:\/\/secure.gravatar.com\/avatar\/d10cfbea47ec464014dd9e55d3c353f7c4017b65068eb823d0882be0ff3b0ff6?s=96&d=mm&r=g","caption":"La R\u00e9daction"},"url":"https:\/\/vosgesinfo.fr\/laplainedesvosgesinfo\/author\/redaction\/"}]}},"_links":{"self":[{"href":"https:\/\/vosgesinfo.fr\/laplainedesvosgesinfo\/wp-json\/wp\/v2\/posts\/30203","targetHints":{"allow":["GET"]}}],"collection":[{"href":"https:\/\/vosgesinfo.fr\/laplainedesvosgesinfo\/wp-json\/wp\/v2\/posts"}],"about":[{"href":"https:\/\/vosgesinfo.fr\/laplainedesvosgesinfo\/wp-json\/wp\/v2\/types\/post"}],"author":[{"embeddable":true,"href":"https:\/\/vosgesinfo.fr\/laplainedesvosgesinfo\/wp-json\/wp\/v2\/users\/126"}],"replies":[{"embeddable":true,"href":"https:\/\/vosgesinfo.fr\/laplainedesvosgesinfo\/wp-json\/wp\/v2\/comments?post=30203"}],"version-history":[{"count":1,"href":"https:\/\/vosgesinfo.fr\/laplainedesvosgesinfo\/wp-json\/wp\/v2\/posts\/30203\/revisions"}],"predecessor-version":[{"id":30204,"href":"https:\/\/vosgesinfo.fr\/laplainedesvosgesinfo\/wp-json\/wp\/v2\/posts\/30203\/revisions\/30204"}],"wp:featuredmedia":[{"embeddable":true,"href":"https:\/\/vosgesinfo.fr\/laplainedesvosgesinfo\/wp-json\/wp\/v2\/media\/30120"}],"wp:attachment":[{"href":"https:\/\/vosgesinfo.fr\/laplainedesvosgesinfo\/wp-json\/wp\/v2\/media?parent=30203"}],"wp:term":[{"taxonomy":"category","embeddable":true,"href":"https:\/\/vosgesinfo.fr\/laplainedesvosgesinfo\/wp-json\/wp\/v2\/categories?post=30203"},{"taxonomy":"post_tag","embeddable":true,"href":"https:\/\/vosgesinfo.fr\/laplainedesvosgesinfo\/wp-json\/wp\/v2\/tags?post=30203"}],"curies":[{"name":"wp","href":"https:\/\/api.w.org\/{rel}","templated":true}]}}