{"id":30231,"date":"2025-06-03T07:00:27","date_gmt":"2025-06-03T05:00:27","guid":{"rendered":"https:\/\/vosgesinfo.fr\/laplainedesvosgesinfo\/?p=30231"},"modified":"2025-06-03T07:00:27","modified_gmt":"2025-06-03T05:00:27","slug":"vosges-un-ete-sous-surveillance-contre-les-feux-de-foret","status":"publish","type":"post","link":"https:\/\/vosgesinfo.fr\/laplainedesvosgesinfo\/2025\/06\/vosges-un-ete-sous-surveillance-contre-les-feux-de-foret\/","title":{"rendered":"Vosges : un \u00e9t\u00e9 sous surveillance contre les feux de for\u00eat"},"content":{"rendered":"<div id=\"attachment_132474\" style=\"width: 2058px\" class=\"wp-caption aligncenter\"><a href=\"https:\/\/vosgesinfo.fr\/app\/uploads\/sites\/3\/2025\/06\/501485908-1011852281093844-3313216018270943306-n.jpg\"><img decoding=\"async\" aria-describedby=\"caption-attachment-132474\" class=\"wp-image-132474 size-full\" src=\"https:\/\/vosgesinfo.fr\/app\/uploads\/sites\/3\/2025\/06\/501485908-1011852281093844-3313216018270943306-n.jpg\" alt=\"\" width=\"2048\" height=\"1536\" \/><\/a><p id=\"caption-attachment-132474\" class=\"wp-caption-text\">photos pr\u00e9fecture des Vosges<\/p><\/div>\n<h2 data-start=\"190\" data-end=\"606\"><strong data-start=\"190\" data-end=\"227\">Mercredi 28 mai 2025.<\/strong> La pr\u00e9f\u00e8te des Vosges, <strong data-start=\"251\" data-end=\"277\">Val\u00e9rie Michel-Moreaux<\/strong>, a donn\u00e9 le coup d\u2019envoi de la <strong data-start=\"309\" data-end=\"358\">campagne de pr\u00e9vention des feux de for\u00eat 2025<\/strong>, depuis le centre d\u2019incendie et de secours de Mirecourt. Dans un contexte marqu\u00e9 par une <strong data-start=\"448\" data-end=\"474\">s\u00e9cheresse persistante<\/strong> et une vigilance particuli\u00e8re sur l\u2019ouest du d\u00e9partement, l\u2019appel \u00e0 la <strong data-start=\"546\" data-end=\"573\">mobilisation collective<\/strong> est plus que jamais d\u2019actualit\u00e9.<\/h2>\n<p data-start=\"608\" data-end=\"637\"><strong data-start=\"608\" data-end=\"637\">Un risque \u00e9vitable \u00e0 90 %<\/strong><\/p>\n<p data-start=\"639\" data-end=\"963\">Chaque ann\u00e9e, les feux de v\u00e9g\u00e9tation d\u00e9truisent des hectares de for\u00eats et mobilisent d\u2019importants moyens humains et mat\u00e9riels. Pourtant, <strong data-start=\"776\" data-end=\"821\">9 incendies sur 10 sont d\u2019origine humaine<\/strong>, souvent dus \u00e0 des comportements n\u00e9gligents. La pr\u00e9f\u00e8te a rappel\u00e9 l\u2019importance des <strong data-start=\"905\" data-end=\"929\">gestes de pr\u00e9vention<\/strong> et de la <strong data-start=\"939\" data-end=\"962\">vigilance de chacun<\/strong>.<\/p>\n<p data-start=\"965\" data-end=\"1004\"><strong data-start=\"965\" data-end=\"1004\">Des moyens renforc\u00e9s sur le terrain<\/strong><\/p>\n<p data-start=\"1006\" data-end=\"1585\">Plusieurs mesures concr\u00e8tes ont \u00e9t\u00e9 annonc\u00e9es pour anticiper et limiter les d\u00e9parts de feu :<br \/>\n\ud83d\udc49 <strong data-start=\"1102\" data-end=\"1156\">Un p\u00e9licandrome d\u00e9sormais op\u00e9rationnel \u00e0 Mirecourt<\/strong>, pour faciliter le ravitaillement a\u00e9rien en eau.<br data-start=\"1205\" data-end=\"1208\" \/>\ud83d\udc49 <strong data-start=\"1211\" data-end=\"1244\">100 capteurs environnementaux<\/strong> seront d\u00e9ploy\u00e9s dans le massif vosgien d\u00e8s cet \u00e9t\u00e9 pour d\u00e9tecter pr\u00e9cocement les d\u00e9parts de feu.<br data-start=\"1341\" data-end=\"1344\" \/>\ud83d\udc49 Une <strong data-start=\"1351\" data-end=\"1386\">campagne d\u2019information continue<\/strong> tout au long de l\u2019\u00e9t\u00e9 \u00e0 destination des habitants, des promeneurs et des touristes.<br data-start=\"1470\" data-end=\"1473\" \/>\ud83d\udc49 Des <strong data-start=\"1480\" data-end=\"1522\">exercices r\u00e9guliers de s\u00e9curit\u00e9 civile<\/strong> pour maintenir une r\u00e9activit\u00e9 optimale des \u00e9quipes de secours.<\/p>\n<p data-start=\"1587\" data-end=\"1617\"><strong data-start=\"1587\" data-end=\"1617\">Adoptons les bons r\u00e9flexes<\/strong><\/p>\n<p data-start=\"1619\" data-end=\"1816\">Face \u00e0 un d\u00e9part de feu ou \u00e0 un comportement \u00e0 risque, chaque minute compte.<br data-start=\"1695\" data-end=\"1698\" \/>\ud83d\udcde Appelez imm\u00e9diatement le <strong data-start=\"1726\" data-end=\"1742\">18 ou le 112<\/strong>.<br data-start=\"1743\" data-end=\"1746\" \/>\ud83d\udce2 Et surtout : <strong data-start=\"1762\" data-end=\"1795\">adoptons tous les bons gestes<\/strong> pour \u00e9viter le pire.<\/p>\n<p data-start=\"1818\" data-end=\"1998\">La campagne 2025 place la <strong data-start=\"1844\" data-end=\"1934\">responsabilit\u00e9 individuelle et collective au c\u0153ur de la lutte contre les feux de for\u00eat<\/strong>. Ensemble, prot\u00e9geons notre environnement et ceux qui y vivent.<\/p>\n\n\t\t<style type=\"text\/css\">\n\t\t\t#gallery-1 {\n\t\t\t\tmargin: auto;\n\t\t\t}\n\t\t\t#gallery-1 .gallery-item {\n\t\t\t\tfloat: left;\n\t\t\t\tmargin-top: 10px;\n\t\t\t\ttext-align: center;\n\t\t\t\twidth: 33%;\n\t\t\t}\n\t\t\t#gallery-1 img {\n\t\t\t\tborder: 2px solid #cfcfcf;\n\t\t\t}\n\t\t\t#gallery-1 .gallery-caption {\n\t\t\t\tmargin-left: 0;\n\t\t\t}\n\t\t\t\/* see gallery_shortcode() in wp-includes\/media.php *\/\n\t\t<\/style>\n\t\t<div id='gallery-1' class='gallery galleryid-30231 gallery-columns-3 gallery-size-thumbnail'><dl class='gallery-item'>\n\t\t\t<dt class='gallery-icon landscape'>\n\t\t\t\t<a href='https:\/\/vosgesinfo.fr\/app\/uploads\/sites\/2\/2025\/06\/501748528-1011852307760508-9189967510507431672-n.jpg'><img decoding=\"async\" width=\"150\" height=\"150\" src=\"https:\/\/vosgesinfo.fr\/app\/uploads\/sites\/2\/2025\/06\/501748528-1011852307760508-9189967510507431672-n-150x150.jpg\" class=\"attachment-thumbnail size-thumbnail\" alt=\"\" \/><\/a>\n\t\t\t<\/dt><\/dl><dl class='gallery-item'>\n\t\t\t<dt class='gallery-icon landscape'>\n\t\t\t\t<a href='https:\/\/vosgesinfo.fr\/app\/uploads\/sites\/2\/2025\/06\/pompiers-.jpg'><img decoding=\"async\" width=\"150\" height=\"150\" src=\"https:\/\/vosgesinfo.fr\/app\/uploads\/sites\/2\/2025\/06\/pompiers--150x150.jpg\" class=\"attachment-thumbnail size-thumbnail\" alt=\"\" \/><\/a>\n\t\t\t<\/dt><\/dl>\n\t\t\t<br style='clear: both' \/>\n\t\t<\/div>\n\n","protected":false},"excerpt":{"rendered":"<p>Mercredi 28 mai 2025. La pr\u00e9f\u00e8te des Vosges, Val\u00e9rie Michel-Moreaux, a donn\u00e9 le coup d\u2019envoi de la campagne de pr\u00e9vention [&hellip;]<\/p>\n","protected":false},"author":52,"featured_media":30232,"comment_status":"open","ping_status":"open","sticky":false,"template":"","format":"standard","meta":{"footnotes":""},"categories":[29,383,380],"tags":[],"class_list":["post-30231","post","type-post","status-publish","format-standard","has-post-thumbnail","hentry","category-a-la-une","category-epinal","category-la-plaine-des-vosges"],"acf":[],"yoast_head":"<!-- This site is optimized with the Yoast SEO plugin v22.5 - https:\/\/yoast.com\/wordpress\/plugins\/seo\/ -->\n<title>Vosges : un \u00e9t\u00e9 sous surveillance contre les feux de for\u00eat - La Plaine des Vosges<\/title>\n<meta name=\"robots\" content=\"index, follow, max-snippet:-1, max-image-preview:large, max-video-preview:-1\" \/>\n<link rel=\"canonical\" href=\"https:\/\/vosgesinfo.fr\/laplainedesvosgesinfo\/2025\/06\/vosges-un-ete-sous-surveillance-contre-les-feux-de-foret\/\" \/>\n<meta name=\"twitter:card\" content=\"summary_large_image\" \/>\n<meta name=\"twitter:title\" content=\"Vosges : un \u00e9t\u00e9 sous surveillance contre les feux de for\u00eat - La Plaine des Vosges\" \/>\n<meta name=\"twitter:description\" content=\"Mercredi 28 mai 2025. La pr\u00e9f\u00e8te des Vosges, Val\u00e9rie Michel-Moreaux, a donn\u00e9 le coup d\u2019envoi de la campagne de pr\u00e9vention [&hellip;]\" \/>\n<meta name=\"twitter:image\" content=\"https:\/\/vosgesinfo.fr\/app\/uploads\/sites\/2\/2025\/06\/501485908-1011852281093844-3313216018270943306-n.jpg\" \/>\n<meta name=\"twitter:creator\" content=\"@VosgesInfo88\" \/>\n<meta name=\"twitter:site\" content=\"@VosgesInfo88\" \/>\n<meta name=\"twitter:label1\" content=\"\u00c9crit par\" \/>\n\t<meta name=\"twitter:data1\" content=\"C.K.\" \/>\n\t<meta name=\"twitter:label2\" content=\"Dur\u00e9e de lecture estim\u00e9e\" \/>\n\t<meta name=\"twitter:data2\" content=\"2 minutes\" \/>\n<script type=\"application\/ld+json\" class=\"yoast-schema-graph\">{\"@context\":\"https:\/\/schema.org\",\"@graph\":[{\"@type\":\"Article\",\"@id\":\"https:\/\/vosgesinfo.fr\/laplainedesvosgesinfo\/2025\/06\/vosges-un-ete-sous-surveillance-contre-les-feux-de-foret\/#article\",\"isPartOf\":{\"@id\":\"https:\/\/vosgesinfo.fr\/laplainedesvosgesinfo\/2025\/06\/vosges-un-ete-sous-surveillance-contre-les-feux-de-foret\/\"},\"author\":{\"name\":\"C.K.\",\"@id\":\"https:\/\/vosgesinfo.fr\/laplainedesvosgesinfo\/#\/schema\/person\/6f9a650eeea99d969b6c4ab78fccbe81\"},\"headline\":\"Vosges : un \u00e9t\u00e9 sous surveillance contre les feux de for\u00eat\",\"datePublished\":\"2025-06-03T05:00:27+00:00\",\"dateModified\":\"2025-06-03T05:00:27+00:00\",\"mainEntityOfPage\":{\"@id\":\"https:\/\/vosgesinfo.fr\/laplainedesvosgesinfo\/2025\/06\/vosges-un-ete-sous-surveillance-contre-les-feux-de-foret\/\"},\"wordCount\":322,\"commentCount\":0,\"publisher\":{\"@id\":\"https:\/\/vosgesinfo.fr\/laplainedesvosgesinfo\/#organization\"},\"image\":{\"@id\":\"https:\/\/vosgesinfo.fr\/laplainedesvosgesinfo\/2025\/06\/vosges-un-ete-sous-surveillance-contre-les-feux-de-foret\/#primaryimage\"},\"thumbnailUrl\":\"https:\/\/vosgesinfo.fr\/app\/uploads\/sites\/2\/2025\/06\/501485908-1011852281093844-3313216018270943306-n.jpg\",\"articleSection\":[\"A la Une\",\"Epinal\",\"La plaine des vosges\"],\"inLanguage\":\"fr-FR\",\"potentialAction\":[{\"@type\":\"CommentAction\",\"name\":\"Comment\",\"target\":[\"https:\/\/vosgesinfo.fr\/laplainedesvosgesinfo\/2025\/06\/vosges-un-ete-sous-surveillance-contre-les-feux-de-foret\/#respond\"]}]},{\"@type\":\"WebPage\",\"@id\":\"https:\/\/vosgesinfo.fr\/laplainedesvosgesinfo\/2025\/06\/vosges-un-ete-sous-surveillance-contre-les-feux-de-foret\/\",\"url\":\"https:\/\/vosgesinfo.fr\/laplainedesvosgesinfo\/2025\/06\/vosges-un-ete-sous-surveillance-contre-les-feux-de-foret\/\",\"name\":\"Vosges : un \u00e9t\u00e9 sous surveillance contre les feux de for\u00eat - La Plaine des Vosges\",\"isPartOf\":{\"@id\":\"https:\/\/vosgesinfo.fr\/laplainedesvosgesinfo\/#website\"},\"primaryImageOfPage\":{\"@id\":\"https:\/\/vosgesinfo.fr\/laplainedesvosgesinfo\/2025\/06\/vosges-un-ete-sous-surveillance-contre-les-feux-de-foret\/#primaryimage\"},\"image\":{\"@id\":\"https:\/\/vosgesinfo.fr\/laplainedesvosgesinfo\/2025\/06\/vosges-un-ete-sous-surveillance-contre-les-feux-de-foret\/#primaryimage\"},\"thumbnailUrl\":\"https:\/\/vosgesinfo.fr\/app\/uploads\/sites\/2\/2025\/06\/501485908-1011852281093844-3313216018270943306-n.jpg\",\"datePublished\":\"2025-06-03T05:00:27+00:00\",\"dateModified\":\"2025-06-03T05:00:27+00:00\",\"breadcrumb\":{\"@id\":\"https:\/\/vosgesinfo.fr\/laplainedesvosgesinfo\/2025\/06\/vosges-un-ete-sous-surveillance-contre-les-feux-de-foret\/#breadcrumb\"},\"inLanguage\":\"fr-FR\",\"potentialAction\":[{\"@type\":\"ReadAction\",\"target\":[\"https:\/\/vosgesinfo.fr\/laplainedesvosgesinfo\/2025\/06\/vosges-un-ete-sous-surveillance-contre-les-feux-de-foret\/\"]}]},{\"@type\":\"ImageObject\",\"inLanguage\":\"fr-FR\",\"@id\":\"https:\/\/vosgesinfo.fr\/laplainedesvosgesinfo\/2025\/06\/vosges-un-ete-sous-surveillance-contre-les-feux-de-foret\/#primaryimage\",\"url\":\"https:\/\/vosgesinfo.fr\/app\/uploads\/sites\/2\/2025\/06\/501485908-1011852281093844-3313216018270943306-n.jpg\",\"contentUrl\":\"https:\/\/vosgesinfo.fr\/app\/uploads\/sites\/2\/2025\/06\/501485908-1011852281093844-3313216018270943306-n.jpg\",\"width\":2048,\"height\":1536},{\"@type\":\"BreadcrumbList\",\"@id\":\"https:\/\/vosgesinfo.fr\/laplainedesvosgesinfo\/2025\/06\/vosges-un-ete-sous-surveillance-contre-les-feux-de-foret\/#breadcrumb\",\"itemListElement\":[{\"@type\":\"ListItem\",\"position\":1,\"name\":\"Home\",\"item\":\"https:\/\/vosgesinfo.fr\/laplainedesvosgesinfo\/\"},{\"@type\":\"ListItem\",\"position\":2,\"name\":\"Vosges : un \u00e9t\u00e9 sous surveillance contre les feux de for\u00eat\"}]},{\"@type\":\"WebSite\",\"@id\":\"https:\/\/vosgesinfo.fr\/laplainedesvosgesinfo\/#website\",\"url\":\"https:\/\/vosgesinfo.fr\/laplainedesvosgesinfo\/\",\"name\":\"La Plaine des Vosges\",\"description\":\"Toute l&#039;actualit\u00e9 de la plaine de Vosges\",\"publisher\":{\"@id\":\"https:\/\/vosgesinfo.fr\/laplainedesvosgesinfo\/#organization\"},\"alternateName\":\"Toute l'actualit\u00e9 de la plaine des Vosges\",\"potentialAction\":[{\"@type\":\"SearchAction\",\"target\":{\"@type\":\"EntryPoint\",\"urlTemplate\":\"https:\/\/vosgesinfo.fr\/laplainedesvosgesinfo\/?s={search_term_string}\"},\"query-input\":\"required name=search_term_string\"}],\"inLanguage\":\"fr-FR\"},{\"@type\":\"Organization\",\"@id\":\"https:\/\/vosgesinfo.fr\/laplainedesvosgesinfo\/#organization\",\"name\":\"La Plaine des Vosges\",\"url\":\"https:\/\/vosgesinfo.fr\/laplainedesvosgesinfo\/\",\"logo\":{\"@type\":\"ImageObject\",\"inLanguage\":\"fr-FR\",\"@id\":\"https:\/\/vosgesinfo.fr\/laplainedesvosgesinfo\/#\/schema\/logo\/image\/\",\"url\":\"https:\/\/vosgesinfo.fr\/app\/uploads\/sites\/2\/2023\/08\/logo-laplaineinfo.svg\",\"contentUrl\":\"https:\/\/vosgesinfo.fr\/app\/uploads\/sites\/2\/2023\/08\/logo-laplaineinfo.svg\",\"width\":1,\"height\":1,\"caption\":\"La Plaine des Vosges\"},\"image\":{\"@id\":\"https:\/\/vosgesinfo.fr\/laplainedesvosgesinfo\/#\/schema\/logo\/image\/\"},\"sameAs\":[\"https:\/\/www.facebook.com\/laplainedesvosges\",\"https:\/\/x.com\/VosgesInfo88\",\"https:\/\/www.youtube.com\/@vosgesinfo\"]},{\"@type\":\"Person\",\"@id\":\"https:\/\/vosgesinfo.fr\/laplainedesvosgesinfo\/#\/schema\/person\/6f9a650eeea99d969b6c4ab78fccbe81\",\"name\":\"C.K.\",\"image\":{\"@type\":\"ImageObject\",\"inLanguage\":\"fr-FR\",\"@id\":\"https:\/\/vosgesinfo.fr\/laplainedesvosgesinfo\/#\/schema\/person\/image\/\",\"url\":\"https:\/\/secure.gravatar.com\/avatar\/48e3fc7f8421ba8942be6b74a2b7f014ca39bc00dece156b7a8e098ae7dc87bf?s=96&d=mm&r=g\",\"contentUrl\":\"https:\/\/secure.gravatar.com\/avatar\/48e3fc7f8421ba8942be6b74a2b7f014ca39bc00dece156b7a8e098ae7dc87bf?s=96&d=mm&r=g\",\"caption\":\"C.K.\"},\"url\":\"https:\/\/vosgesinfo.fr\/laplainedesvosgesinfo\/author\/celia-k-n\/\"}]}<\/script>\n<!-- \/ Yoast SEO plugin. -->","yoast_head_json":{"title":"Vosges : un \u00e9t\u00e9 sous surveillance contre les feux de for\u00eat - La Plaine des Vosges","robots":{"index":"index","follow":"follow","max-snippet":"max-snippet:-1","max-image-preview":"max-image-preview:large","max-video-preview":"max-video-preview:-1"},"canonical":"https:\/\/vosgesinfo.fr\/laplainedesvosgesinfo\/2025\/06\/vosges-un-ete-sous-surveillance-contre-les-feux-de-foret\/","twitter_card":"summary_large_image","twitter_title":"Vosges : un \u00e9t\u00e9 sous surveillance contre les feux de for\u00eat - La Plaine des Vosges","twitter_description":"Mercredi 28 mai 2025. La pr\u00e9f\u00e8te des Vosges, Val\u00e9rie Michel-Moreaux, a donn\u00e9 le coup d\u2019envoi de la campagne de pr\u00e9vention [&hellip;]","twitter_image":"https:\/\/vosgesinfo.fr\/app\/uploads\/sites\/2\/2025\/06\/501485908-1011852281093844-3313216018270943306-n.jpg","twitter_creator":"@VosgesInfo88","twitter_site":"@VosgesInfo88","twitter_misc":{"\u00c9crit par":"C.K.","Dur\u00e9e de lecture estim\u00e9e":"2 minutes"},"schema":{"@context":"https:\/\/schema.org","@graph":[{"@type":"Article","@id":"https:\/\/vosgesinfo.fr\/laplainedesvosgesinfo\/2025\/06\/vosges-un-ete-sous-surveillance-contre-les-feux-de-foret\/#article","isPartOf":{"@id":"https:\/\/vosgesinfo.fr\/laplainedesvosgesinfo\/2025\/06\/vosges-un-ete-sous-surveillance-contre-les-feux-de-foret\/"},"author":{"name":"C.K.","@id":"https:\/\/vosgesinfo.fr\/laplainedesvosgesinfo\/#\/schema\/person\/6f9a650eeea99d969b6c4ab78fccbe81"},"headline":"Vosges : un \u00e9t\u00e9 sous surveillance contre les feux de for\u00eat","datePublished":"2025-06-03T05:00:27+00:00","dateModified":"2025-06-03T05:00:27+00:00","mainEntityOfPage":{"@id":"https:\/\/vosgesinfo.fr\/laplainedesvosgesinfo\/2025\/06\/vosges-un-ete-sous-surveillance-contre-les-feux-de-foret\/"},"wordCount":322,"commentCount":0,"publisher":{"@id":"https:\/\/vosgesinfo.fr\/laplainedesvosgesinfo\/#organization"},"image":{"@id":"https:\/\/vosgesinfo.fr\/laplainedesvosgesinfo\/2025\/06\/vosges-un-ete-sous-surveillance-contre-les-feux-de-foret\/#primaryimage"},"thumbnailUrl":"https:\/\/vosgesinfo.fr\/app\/uploads\/sites\/2\/2025\/06\/501485908-1011852281093844-3313216018270943306-n.jpg","articleSection":["A la Une","Epinal","La plaine des vosges"],"inLanguage":"fr-FR","potentialAction":[{"@type":"CommentAction","name":"Comment","target":["https:\/\/vosgesinfo.fr\/laplainedesvosgesinfo\/2025\/06\/vosges-un-ete-sous-surveillance-contre-les-feux-de-foret\/#respond"]}]},{"@type":"WebPage","@id":"https:\/\/vosgesinfo.fr\/laplainedesvosgesinfo\/2025\/06\/vosges-un-ete-sous-surveillance-contre-les-feux-de-foret\/","url":"https:\/\/vosgesinfo.fr\/laplainedesvosgesinfo\/2025\/06\/vosges-un-ete-sous-surveillance-contre-les-feux-de-foret\/","name":"Vosges : un \u00e9t\u00e9 sous surveillance contre les feux de for\u00eat - La Plaine des Vosges","isPartOf":{"@id":"https:\/\/vosgesinfo.fr\/laplainedesvosgesinfo\/#website"},"primaryImageOfPage":{"@id":"https:\/\/vosgesinfo.fr\/laplainedesvosgesinfo\/2025\/06\/vosges-un-ete-sous-surveillance-contre-les-feux-de-foret\/#primaryimage"},"image":{"@id":"https:\/\/vosgesinfo.fr\/laplainedesvosgesinfo\/2025\/06\/vosges-un-ete-sous-surveillance-contre-les-feux-de-foret\/#primaryimage"},"thumbnailUrl":"https:\/\/vosgesinfo.fr\/app\/uploads\/sites\/2\/2025\/06\/501485908-1011852281093844-3313216018270943306-n.jpg","datePublished":"2025-06-03T05:00:27+00:00","dateModified":"2025-06-03T05:00:27+00:00","breadcrumb":{"@id":"https:\/\/vosgesinfo.fr\/laplainedesvosgesinfo\/2025\/06\/vosges-un-ete-sous-surveillance-contre-les-feux-de-foret\/#breadcrumb"},"inLanguage":"fr-FR","potentialAction":[{"@type":"ReadAction","target":["https:\/\/vosgesinfo.fr\/laplainedesvosgesinfo\/2025\/06\/vosges-un-ete-sous-surveillance-contre-les-feux-de-foret\/"]}]},{"@type":"ImageObject","inLanguage":"fr-FR","@id":"https:\/\/vosgesinfo.fr\/laplainedesvosgesinfo\/2025\/06\/vosges-un-ete-sous-surveillance-contre-les-feux-de-foret\/#primaryimage","url":"https:\/\/vosgesinfo.fr\/app\/uploads\/sites\/2\/2025\/06\/501485908-1011852281093844-3313216018270943306-n.jpg","contentUrl":"https:\/\/vosgesinfo.fr\/app\/uploads\/sites\/2\/2025\/06\/501485908-1011852281093844-3313216018270943306-n.jpg","width":2048,"height":1536},{"@type":"BreadcrumbList","@id":"https:\/\/vosgesinfo.fr\/laplainedesvosgesinfo\/2025\/06\/vosges-un-ete-sous-surveillance-contre-les-feux-de-foret\/#breadcrumb","itemListElement":[{"@type":"ListItem","position":1,"name":"Home","item":"https:\/\/vosgesinfo.fr\/laplainedesvosgesinfo\/"},{"@type":"ListItem","position":2,"name":"Vosges : un \u00e9t\u00e9 sous surveillance contre les feux de for\u00eat"}]},{"@type":"WebSite","@id":"https:\/\/vosgesinfo.fr\/laplainedesvosgesinfo\/#website","url":"https:\/\/vosgesinfo.fr\/laplainedesvosgesinfo\/","name":"La Plaine des Vosges","description":"Toute l&#039;actualit\u00e9 de la plaine de Vosges","publisher":{"@id":"https:\/\/vosgesinfo.fr\/laplainedesvosgesinfo\/#organization"},"alternateName":"Toute l'actualit\u00e9 de la plaine des Vosges","potentialAction":[{"@type":"SearchAction","target":{"@type":"EntryPoint","urlTemplate":"https:\/\/vosgesinfo.fr\/laplainedesvosgesinfo\/?s={search_term_string}"},"query-input":"required name=search_term_string"}],"inLanguage":"fr-FR"},{"@type":"Organization","@id":"https:\/\/vosgesinfo.fr\/laplainedesvosgesinfo\/#organization","name":"La Plaine des Vosges","url":"https:\/\/vosgesinfo.fr\/laplainedesvosgesinfo\/","logo":{"@type":"ImageObject","inLanguage":"fr-FR","@id":"https:\/\/vosgesinfo.fr\/laplainedesvosgesinfo\/#\/schema\/logo\/image\/","url":"https:\/\/vosgesinfo.fr\/app\/uploads\/sites\/2\/2023\/08\/logo-laplaineinfo.svg","contentUrl":"https:\/\/vosgesinfo.fr\/app\/uploads\/sites\/2\/2023\/08\/logo-laplaineinfo.svg","width":1,"height":1,"caption":"La Plaine des Vosges"},"image":{"@id":"https:\/\/vosgesinfo.fr\/laplainedesvosgesinfo\/#\/schema\/logo\/image\/"},"sameAs":["https:\/\/www.facebook.com\/laplainedesvosges","https:\/\/x.com\/VosgesInfo88","https:\/\/www.youtube.com\/@vosgesinfo"]},{"@type":"Person","@id":"https:\/\/vosgesinfo.fr\/laplainedesvosgesinfo\/#\/schema\/person\/6f9a650eeea99d969b6c4ab78fccbe81","name":"C.K.","image":{"@type":"ImageObject","inLanguage":"fr-FR","@id":"https:\/\/vosgesinfo.fr\/laplainedesvosgesinfo\/#\/schema\/person\/image\/","url":"https:\/\/secure.gravatar.com\/avatar\/48e3fc7f8421ba8942be6b74a2b7f014ca39bc00dece156b7a8e098ae7dc87bf?s=96&d=mm&r=g","contentUrl":"https:\/\/secure.gravatar.com\/avatar\/48e3fc7f8421ba8942be6b74a2b7f014ca39bc00dece156b7a8e098ae7dc87bf?s=96&d=mm&r=g","caption":"C.K."},"url":"https:\/\/vosgesinfo.fr\/laplainedesvosgesinfo\/author\/celia-k-n\/"}]}},"_links":{"self":[{"href":"https:\/\/vosgesinfo.fr\/laplainedesvosgesinfo\/wp-json\/wp\/v2\/posts\/30231","targetHints":{"allow":["GET"]}}],"collection":[{"href":"https:\/\/vosgesinfo.fr\/laplainedesvosgesinfo\/wp-json\/wp\/v2\/posts"}],"about":[{"href":"https:\/\/vosgesinfo.fr\/laplainedesvosgesinfo\/wp-json\/wp\/v2\/types\/post"}],"author":[{"embeddable":true,"href":"https:\/\/vosgesinfo.fr\/laplainedesvosgesinfo\/wp-json\/wp\/v2\/users\/52"}],"replies":[{"embeddable":true,"href":"https:\/\/vosgesinfo.fr\/laplainedesvosgesinfo\/wp-json\/wp\/v2\/comments?post=30231"}],"version-history":[{"count":0,"href":"https:\/\/vosgesinfo.fr\/laplainedesvosgesinfo\/wp-json\/wp\/v2\/posts\/30231\/revisions"}],"wp:featuredmedia":[{"embeddable":true,"href":"https:\/\/vosgesinfo.fr\/laplainedesvosgesinfo\/wp-json\/wp\/v2\/media\/30232"}],"wp:attachment":[{"href":"https:\/\/vosgesinfo.fr\/laplainedesvosgesinfo\/wp-json\/wp\/v2\/media?parent=30231"}],"wp:term":[{"taxonomy":"category","embeddable":true,"href":"https:\/\/vosgesinfo.fr\/laplainedesvosgesinfo\/wp-json\/wp\/v2\/categories?post=30231"},{"taxonomy":"post_tag","embeddable":true,"href":"https:\/\/vosgesinfo.fr\/laplainedesvosgesinfo\/wp-json\/wp\/v2\/tags?post=30231"}],"curies":[{"name":"wp","href":"https:\/\/api.w.org\/{rel}","templated":true}]}}