{"id":30278,"date":"2025-06-11T17:15:35","date_gmt":"2025-06-11T15:15:35","guid":{"rendered":"https:\/\/vosgesinfo.fr\/laplainedesvosgesinfo\/?p=30278"},"modified":"2025-06-11T17:15:35","modified_gmt":"2025-06-11T15:15:35","slug":"corcieux-52e-rassemblement-departemental-des-sapeurs-pompiers-des-vosges","status":"publish","type":"post","link":"https:\/\/vosgesinfo.fr\/laplainedesvosgesinfo\/2025\/06\/corcieux-52e-rassemblement-departemental-des-sapeurs-pompiers-des-vosges\/","title":{"rendered":"Corcieux \u2013 52e rassemblement d\u00e9partemental des sapeurs-pompiers des Vosges"},"content":{"rendered":"<h2><strong>Ce samedi 14 juin<\/strong>, la commune de <strong>Corcieux<\/strong> accueillera le <strong>52e Rassemblement d\u00e9partemental des sapeurs-pompiers des Vosges<\/strong>, un temps fort annuel r\u00e9unissant les d\u00e9l\u00e9gations des <strong>centres d\u2019incendie et de secours du d\u00e9partement<\/strong>. Pour rappel, ce rassemblement devait d\u00e9j\u00e0 avoir lieu \u00e0 <strong>Corcieux<\/strong> <strong>l&rsquo;an dernier<\/strong>, mais il avait \u00e9t\u00e9 finalement <strong>annul\u00e9<\/strong>.<\/h2>\n<p><!--more--><\/p>\n<p>D\u00e8s <strong>8 h 30<\/strong>, les compagnies \u00e0 pied, motoris\u00e9es et les <strong>jeunes sapeurs-pompiers<\/strong> se mettront en place, avant l\u2019arriv\u00e9e des autorit\u00e9s \u00e0 <strong>10 h 15<\/strong>. Suivront la <strong>prise d\u2019armes<\/strong>, les <strong>honneurs au drapeau<\/strong> et la <strong>remise de m\u00e9dailles<\/strong>.<\/p>\n<p>Parmi les <strong>distinctions d\u00e9cern\u00e9es<\/strong>, le <strong>lieutenant Fran\u00e7ois Virion (CIS Bruy\u00e8res)<\/strong> recevra la <strong>m\u00e9daille d\u2019honneur \u00e9chelon argent pour services exceptionnels<\/strong>, plusieurs <strong>sapeurs volontaires<\/strong> recevront la <strong>fourrag\u00e8re pour actes de courage<\/strong>, et <strong>l&rsquo;adjudant-chef Laurent Maheu (CIS Corcieux)<\/strong> sera promu au <strong>grade de lieutenant<\/strong>.<\/p>\n<p>Le <strong>d\u00e9fil\u00e9 \u00e0 pied et motoris\u00e9<\/strong> d\u00e9butera \u00e0 <strong>11 h 30<\/strong>, suivi d\u2019un <strong>vin d\u2019honneur<\/strong> \u00e0 la salle des f\u00eates, puis du <strong>repas pr\u00e9par\u00e9 par les anciens<\/strong>.<\/p>\n<p>L\u2019apr\u00e8s-midi, de <strong>13 h 30 \u00e0 17 h<\/strong>, des <strong>man\u0153uvres et d\u00e9monstrations<\/strong> seront men\u00e9es par le <strong>groupement Meurthe<\/strong> et les <strong>sapeurs-pompiers de Corcieux<\/strong>. Le public pourra assister \u00e0 des <strong>exercices d\u2019incendie avec les JSP<\/strong>, de <strong>d\u00e9sincarc\u00e9ration<\/strong>, de <strong>lancement de mousse<\/strong>, ou encore une <strong>d\u00e9monstration du GRIMP<\/strong> (Groupe de reconnaissance et d&rsquo;intervention en milieu p\u00e9rilleux).<\/p>\n<p>Des <strong>ateliers sant\u00e9 et bien-\u00eatre<\/strong> seront \u00e9galement propos\u00e9s par la <strong>MNSPF<\/strong> tout au long de la journ\u00e9e.<\/p>\n<p><a href=\"https:\/\/vosgesinfo.fr\/app\/uploads\/sites\/4\/2025\/06\/corcieux-53e-rassemblement-sapeurs-pompiers-vosges.png\"><img decoding=\"async\" class=\"alignnone size-large wp-image-78863\" src=\"https:\/\/vosgesinfo.fr\/app\/uploads\/sites\/4\/2025\/06\/corcieux-53e-rassemblement-sapeurs-pompiers-vosges-727x1024.png\" alt=\"\" width=\"727\" height=\"1024\" \/><\/a><\/p>\n","protected":false},"excerpt":{"rendered":"<p>Ce samedi 14 juin, la commune de Corcieux accueillera le 52e Rassemblement d\u00e9partemental des sapeurs-pompiers des Vosges, un temps fort [&hellip;]<\/p>\n","protected":false},"author":46,"featured_media":30279,"comment_status":"open","ping_status":"open","sticky":false,"template":"","format":"standard","meta":{"footnotes":""},"categories":[29,392,383,294,380,381,18],"tags":[8527,611,7490],"class_list":["post-30278","post","type-post","status-publish","format-standard","has-post-thumbnail","hentry","category-a-la-une","category-deodatie","category-epinal","category-gerardmer","category-la-plaine-des-vosges","category-remiremont","category-vosges","tag-52e-rassemblement-departemental-des-sapeurs-pompiers-des-vosges","tag-corcieux","tag-sapeurs-pompiers-des-vosges"],"acf":[],"yoast_head":"<!-- This site is optimized with the Yoast SEO plugin v22.5 - https:\/\/yoast.com\/wordpress\/plugins\/seo\/ -->\n<title>Corcieux \u2013 52e rassemblement d\u00e9partemental des sapeurs-pompiers des Vosges - La Plaine des Vosges<\/title>\n<meta name=\"robots\" content=\"index, follow, max-snippet:-1, max-image-preview:large, max-video-preview:-1\" \/>\n<link rel=\"canonical\" href=\"https:\/\/vosgesinfo.fr\/laplainedesvosgesinfo\/2025\/06\/corcieux-52e-rassemblement-departemental-des-sapeurs-pompiers-des-vosges\/\" \/>\n<meta name=\"twitter:card\" content=\"summary_large_image\" \/>\n<meta name=\"twitter:title\" content=\"Corcieux \u2013 52e rassemblement d\u00e9partemental des sapeurs-pompiers des Vosges - La Plaine des Vosges\" \/>\n<meta name=\"twitter:description\" content=\"Ce samedi 14 juin, la commune de Corcieux accueillera le 52e Rassemblement d\u00e9partemental des sapeurs-pompiers des Vosges, un temps fort [&hellip;]\" \/>\n<meta name=\"twitter:image\" content=\"https:\/\/vosgesinfo.fr\/app\/uploads\/sites\/2\/2025\/06\/corcieux-53e-rassemblement-sapeurs-pompiers-vosges-2.png\" \/>\n<meta name=\"twitter:creator\" content=\"@VosgesInfo88\" \/>\n<meta name=\"twitter:site\" content=\"@VosgesInfo88\" \/>\n<meta name=\"twitter:label1\" content=\"\u00c9crit par\" \/>\n\t<meta name=\"twitter:data1\" content=\"J.J.\" \/>\n\t<meta name=\"twitter:label2\" content=\"Dur\u00e9e de lecture estim\u00e9e\" \/>\n\t<meta name=\"twitter:data2\" content=\"1 minute\" \/>\n<script type=\"application\/ld+json\" class=\"yoast-schema-graph\">{\"@context\":\"https:\/\/schema.org\",\"@graph\":[{\"@type\":\"Article\",\"@id\":\"https:\/\/vosgesinfo.fr\/laplainedesvosgesinfo\/2025\/06\/corcieux-52e-rassemblement-departemental-des-sapeurs-pompiers-des-vosges\/#article\",\"isPartOf\":{\"@id\":\"https:\/\/vosgesinfo.fr\/laplainedesvosgesinfo\/2025\/06\/corcieux-52e-rassemblement-departemental-des-sapeurs-pompiers-des-vosges\/\"},\"author\":{\"name\":\"J.J.\",\"@id\":\"https:\/\/vosgesinfo.fr\/laplainedesvosgesinfo\/#\/schema\/person\/fa73e9f726d67bb88f46d5b7943cb572\"},\"headline\":\"Corcieux \u2013 52e rassemblement d\u00e9partemental des sapeurs-pompiers des Vosges\",\"datePublished\":\"2025-06-11T15:15:35+00:00\",\"dateModified\":\"2025-06-11T15:15:35+00:00\",\"mainEntityOfPage\":{\"@id\":\"https:\/\/vosgesinfo.fr\/laplainedesvosgesinfo\/2025\/06\/corcieux-52e-rassemblement-departemental-des-sapeurs-pompiers-des-vosges\/\"},\"wordCount\":261,\"commentCount\":0,\"publisher\":{\"@id\":\"https:\/\/vosgesinfo.fr\/laplainedesvosgesinfo\/#organization\"},\"image\":{\"@id\":\"https:\/\/vosgesinfo.fr\/laplainedesvosgesinfo\/2025\/06\/corcieux-52e-rassemblement-departemental-des-sapeurs-pompiers-des-vosges\/#primaryimage\"},\"thumbnailUrl\":\"https:\/\/vosgesinfo.fr\/app\/uploads\/sites\/2\/2025\/06\/corcieux-53e-rassemblement-sapeurs-pompiers-vosges-2.png\",\"keywords\":[\"52e rassemblement d\u00e9partemental des sapeurs-pompiers des Vosges\",\"Corcieux\",\"sapeurs-pompiers des Vosges\"],\"articleSection\":[\"A la Une\",\"D\u00e9odatie\",\"Epinal\",\"G\u00e9rardmer\",\"La plaine des vosges\",\"Remiremont\",\"Vosges\"],\"inLanguage\":\"fr-FR\",\"potentialAction\":[{\"@type\":\"CommentAction\",\"name\":\"Comment\",\"target\":[\"https:\/\/vosgesinfo.fr\/laplainedesvosgesinfo\/2025\/06\/corcieux-52e-rassemblement-departemental-des-sapeurs-pompiers-des-vosges\/#respond\"]}]},{\"@type\":\"WebPage\",\"@id\":\"https:\/\/vosgesinfo.fr\/laplainedesvosgesinfo\/2025\/06\/corcieux-52e-rassemblement-departemental-des-sapeurs-pompiers-des-vosges\/\",\"url\":\"https:\/\/vosgesinfo.fr\/laplainedesvosgesinfo\/2025\/06\/corcieux-52e-rassemblement-departemental-des-sapeurs-pompiers-des-vosges\/\",\"name\":\"Corcieux \u2013 52e rassemblement d\u00e9partemental des sapeurs-pompiers des Vosges - La Plaine des Vosges\",\"isPartOf\":{\"@id\":\"https:\/\/vosgesinfo.fr\/laplainedesvosgesinfo\/#website\"},\"primaryImageOfPage\":{\"@id\":\"https:\/\/vosgesinfo.fr\/laplainedesvosgesinfo\/2025\/06\/corcieux-52e-rassemblement-departemental-des-sapeurs-pompiers-des-vosges\/#primaryimage\"},\"image\":{\"@id\":\"https:\/\/vosgesinfo.fr\/laplainedesvosgesinfo\/2025\/06\/corcieux-52e-rassemblement-departemental-des-sapeurs-pompiers-des-vosges\/#primaryimage\"},\"thumbnailUrl\":\"https:\/\/vosgesinfo.fr\/app\/uploads\/sites\/2\/2025\/06\/corcieux-53e-rassemblement-sapeurs-pompiers-vosges-2.png\",\"datePublished\":\"2025-06-11T15:15:35+00:00\",\"dateModified\":\"2025-06-11T15:15:35+00:00\",\"breadcrumb\":{\"@id\":\"https:\/\/vosgesinfo.fr\/laplainedesvosgesinfo\/2025\/06\/corcieux-52e-rassemblement-departemental-des-sapeurs-pompiers-des-vosges\/#breadcrumb\"},\"inLanguage\":\"fr-FR\",\"potentialAction\":[{\"@type\":\"ReadAction\",\"target\":[\"https:\/\/vosgesinfo.fr\/laplainedesvosgesinfo\/2025\/06\/corcieux-52e-rassemblement-departemental-des-sapeurs-pompiers-des-vosges\/\"]}]},{\"@type\":\"ImageObject\",\"inLanguage\":\"fr-FR\",\"@id\":\"https:\/\/vosgesinfo.fr\/laplainedesvosgesinfo\/2025\/06\/corcieux-52e-rassemblement-departemental-des-sapeurs-pompiers-des-vosges\/#primaryimage\",\"url\":\"https:\/\/vosgesinfo.fr\/app\/uploads\/sites\/2\/2025\/06\/corcieux-53e-rassemblement-sapeurs-pompiers-vosges-2.png\",\"contentUrl\":\"https:\/\/vosgesinfo.fr\/app\/uploads\/sites\/2\/2025\/06\/corcieux-53e-rassemblement-sapeurs-pompiers-vosges-2.png\",\"width\":1351,\"height\":1347},{\"@type\":\"BreadcrumbList\",\"@id\":\"https:\/\/vosgesinfo.fr\/laplainedesvosgesinfo\/2025\/06\/corcieux-52e-rassemblement-departemental-des-sapeurs-pompiers-des-vosges\/#breadcrumb\",\"itemListElement\":[{\"@type\":\"ListItem\",\"position\":1,\"name\":\"Home\",\"item\":\"https:\/\/vosgesinfo.fr\/laplainedesvosgesinfo\/\"},{\"@type\":\"ListItem\",\"position\":2,\"name\":\"Corcieux \u2013 52e rassemblement d\u00e9partemental des sapeurs-pompiers des Vosges\"}]},{\"@type\":\"WebSite\",\"@id\":\"https:\/\/vosgesinfo.fr\/laplainedesvosgesinfo\/#website\",\"url\":\"https:\/\/vosgesinfo.fr\/laplainedesvosgesinfo\/\",\"name\":\"La Plaine des Vosges\",\"description\":\"Toute l&#039;actualit\u00e9 de la plaine de Vosges\",\"publisher\":{\"@id\":\"https:\/\/vosgesinfo.fr\/laplainedesvosgesinfo\/#organization\"},\"alternateName\":\"Toute l'actualit\u00e9 de la plaine des Vosges\",\"potentialAction\":[{\"@type\":\"SearchAction\",\"target\":{\"@type\":\"EntryPoint\",\"urlTemplate\":\"https:\/\/vosgesinfo.fr\/laplainedesvosgesinfo\/?s={search_term_string}\"},\"query-input\":\"required name=search_term_string\"}],\"inLanguage\":\"fr-FR\"},{\"@type\":\"Organization\",\"@id\":\"https:\/\/vosgesinfo.fr\/laplainedesvosgesinfo\/#organization\",\"name\":\"La Plaine des Vosges\",\"url\":\"https:\/\/vosgesinfo.fr\/laplainedesvosgesinfo\/\",\"logo\":{\"@type\":\"ImageObject\",\"inLanguage\":\"fr-FR\",\"@id\":\"https:\/\/vosgesinfo.fr\/laplainedesvosgesinfo\/#\/schema\/logo\/image\/\",\"url\":\"https:\/\/vosgesinfo.fr\/app\/uploads\/sites\/2\/2023\/08\/logo-laplaineinfo.svg\",\"contentUrl\":\"https:\/\/vosgesinfo.fr\/app\/uploads\/sites\/2\/2023\/08\/logo-laplaineinfo.svg\",\"width\":1,\"height\":1,\"caption\":\"La Plaine des Vosges\"},\"image\":{\"@id\":\"https:\/\/vosgesinfo.fr\/laplainedesvosgesinfo\/#\/schema\/logo\/image\/\"},\"sameAs\":[\"https:\/\/www.facebook.com\/laplainedesvosges\",\"https:\/\/x.com\/VosgesInfo88\",\"https:\/\/www.youtube.com\/@vosgesinfo\"]},{\"@type\":\"Person\",\"@id\":\"https:\/\/vosgesinfo.fr\/laplainedesvosgesinfo\/#\/schema\/person\/fa73e9f726d67bb88f46d5b7943cb572\",\"name\":\"J.J.\",\"image\":{\"@type\":\"ImageObject\",\"inLanguage\":\"fr-FR\",\"@id\":\"https:\/\/vosgesinfo.fr\/laplainedesvosgesinfo\/#\/schema\/person\/image\/\",\"url\":\"https:\/\/secure.gravatar.com\/avatar\/219e749e47ffbcca018a360ae4add7d4cdf1cdaaf8bc7676b27efade3fe65615?s=96&d=mm&r=g\",\"contentUrl\":\"https:\/\/secure.gravatar.com\/avatar\/219e749e47ffbcca018a360ae4add7d4cdf1cdaaf8bc7676b27efade3fe65615?s=96&d=mm&r=g\",\"caption\":\"J.J.\"},\"url\":\"https:\/\/vosgesinfo.fr\/laplainedesvosgesinfo\/author\/j-j\/\"}]}<\/script>\n<!-- \/ Yoast SEO plugin. -->","yoast_head_json":{"title":"Corcieux \u2013 52e rassemblement d\u00e9partemental des sapeurs-pompiers des Vosges - La Plaine des Vosges","robots":{"index":"index","follow":"follow","max-snippet":"max-snippet:-1","max-image-preview":"max-image-preview:large","max-video-preview":"max-video-preview:-1"},"canonical":"https:\/\/vosgesinfo.fr\/laplainedesvosgesinfo\/2025\/06\/corcieux-52e-rassemblement-departemental-des-sapeurs-pompiers-des-vosges\/","twitter_card":"summary_large_image","twitter_title":"Corcieux \u2013 52e rassemblement d\u00e9partemental des sapeurs-pompiers des Vosges - La Plaine des Vosges","twitter_description":"Ce samedi 14 juin, la commune de Corcieux accueillera le 52e Rassemblement d\u00e9partemental des sapeurs-pompiers des Vosges, un temps fort [&hellip;]","twitter_image":"https:\/\/vosgesinfo.fr\/app\/uploads\/sites\/2\/2025\/06\/corcieux-53e-rassemblement-sapeurs-pompiers-vosges-2.png","twitter_creator":"@VosgesInfo88","twitter_site":"@VosgesInfo88","twitter_misc":{"\u00c9crit par":"J.J.","Dur\u00e9e de lecture estim\u00e9e":"1 minute"},"schema":{"@context":"https:\/\/schema.org","@graph":[{"@type":"Article","@id":"https:\/\/vosgesinfo.fr\/laplainedesvosgesinfo\/2025\/06\/corcieux-52e-rassemblement-departemental-des-sapeurs-pompiers-des-vosges\/#article","isPartOf":{"@id":"https:\/\/vosgesinfo.fr\/laplainedesvosgesinfo\/2025\/06\/corcieux-52e-rassemblement-departemental-des-sapeurs-pompiers-des-vosges\/"},"author":{"name":"J.J.","@id":"https:\/\/vosgesinfo.fr\/laplainedesvosgesinfo\/#\/schema\/person\/fa73e9f726d67bb88f46d5b7943cb572"},"headline":"Corcieux \u2013 52e rassemblement d\u00e9partemental des sapeurs-pompiers des Vosges","datePublished":"2025-06-11T15:15:35+00:00","dateModified":"2025-06-11T15:15:35+00:00","mainEntityOfPage":{"@id":"https:\/\/vosgesinfo.fr\/laplainedesvosgesinfo\/2025\/06\/corcieux-52e-rassemblement-departemental-des-sapeurs-pompiers-des-vosges\/"},"wordCount":261,"commentCount":0,"publisher":{"@id":"https:\/\/vosgesinfo.fr\/laplainedesvosgesinfo\/#organization"},"image":{"@id":"https:\/\/vosgesinfo.fr\/laplainedesvosgesinfo\/2025\/06\/corcieux-52e-rassemblement-departemental-des-sapeurs-pompiers-des-vosges\/#primaryimage"},"thumbnailUrl":"https:\/\/vosgesinfo.fr\/app\/uploads\/sites\/2\/2025\/06\/corcieux-53e-rassemblement-sapeurs-pompiers-vosges-2.png","keywords":["52e rassemblement d\u00e9partemental des sapeurs-pompiers des Vosges","Corcieux","sapeurs-pompiers des Vosges"],"articleSection":["A la Une","D\u00e9odatie","Epinal","G\u00e9rardmer","La plaine des vosges","Remiremont","Vosges"],"inLanguage":"fr-FR","potentialAction":[{"@type":"CommentAction","name":"Comment","target":["https:\/\/vosgesinfo.fr\/laplainedesvosgesinfo\/2025\/06\/corcieux-52e-rassemblement-departemental-des-sapeurs-pompiers-des-vosges\/#respond"]}]},{"@type":"WebPage","@id":"https:\/\/vosgesinfo.fr\/laplainedesvosgesinfo\/2025\/06\/corcieux-52e-rassemblement-departemental-des-sapeurs-pompiers-des-vosges\/","url":"https:\/\/vosgesinfo.fr\/laplainedesvosgesinfo\/2025\/06\/corcieux-52e-rassemblement-departemental-des-sapeurs-pompiers-des-vosges\/","name":"Corcieux \u2013 52e rassemblement d\u00e9partemental des sapeurs-pompiers des Vosges - La Plaine des Vosges","isPartOf":{"@id":"https:\/\/vosgesinfo.fr\/laplainedesvosgesinfo\/#website"},"primaryImageOfPage":{"@id":"https:\/\/vosgesinfo.fr\/laplainedesvosgesinfo\/2025\/06\/corcieux-52e-rassemblement-departemental-des-sapeurs-pompiers-des-vosges\/#primaryimage"},"image":{"@id":"https:\/\/vosgesinfo.fr\/laplainedesvosgesinfo\/2025\/06\/corcieux-52e-rassemblement-departemental-des-sapeurs-pompiers-des-vosges\/#primaryimage"},"thumbnailUrl":"https:\/\/vosgesinfo.fr\/app\/uploads\/sites\/2\/2025\/06\/corcieux-53e-rassemblement-sapeurs-pompiers-vosges-2.png","datePublished":"2025-06-11T15:15:35+00:00","dateModified":"2025-06-11T15:15:35+00:00","breadcrumb":{"@id":"https:\/\/vosgesinfo.fr\/laplainedesvosgesinfo\/2025\/06\/corcieux-52e-rassemblement-departemental-des-sapeurs-pompiers-des-vosges\/#breadcrumb"},"inLanguage":"fr-FR","potentialAction":[{"@type":"ReadAction","target":["https:\/\/vosgesinfo.fr\/laplainedesvosgesinfo\/2025\/06\/corcieux-52e-rassemblement-departemental-des-sapeurs-pompiers-des-vosges\/"]}]},{"@type":"ImageObject","inLanguage":"fr-FR","@id":"https:\/\/vosgesinfo.fr\/laplainedesvosgesinfo\/2025\/06\/corcieux-52e-rassemblement-departemental-des-sapeurs-pompiers-des-vosges\/#primaryimage","url":"https:\/\/vosgesinfo.fr\/app\/uploads\/sites\/2\/2025\/06\/corcieux-53e-rassemblement-sapeurs-pompiers-vosges-2.png","contentUrl":"https:\/\/vosgesinfo.fr\/app\/uploads\/sites\/2\/2025\/06\/corcieux-53e-rassemblement-sapeurs-pompiers-vosges-2.png","width":1351,"height":1347},{"@type":"BreadcrumbList","@id":"https:\/\/vosgesinfo.fr\/laplainedesvosgesinfo\/2025\/06\/corcieux-52e-rassemblement-departemental-des-sapeurs-pompiers-des-vosges\/#breadcrumb","itemListElement":[{"@type":"ListItem","position":1,"name":"Home","item":"https:\/\/vosgesinfo.fr\/laplainedesvosgesinfo\/"},{"@type":"ListItem","position":2,"name":"Corcieux \u2013 52e rassemblement d\u00e9partemental des sapeurs-pompiers des Vosges"}]},{"@type":"WebSite","@id":"https:\/\/vosgesinfo.fr\/laplainedesvosgesinfo\/#website","url":"https:\/\/vosgesinfo.fr\/laplainedesvosgesinfo\/","name":"La Plaine des Vosges","description":"Toute l&#039;actualit\u00e9 de la plaine de Vosges","publisher":{"@id":"https:\/\/vosgesinfo.fr\/laplainedesvosgesinfo\/#organization"},"alternateName":"Toute l'actualit\u00e9 de la plaine des Vosges","potentialAction":[{"@type":"SearchAction","target":{"@type":"EntryPoint","urlTemplate":"https:\/\/vosgesinfo.fr\/laplainedesvosgesinfo\/?s={search_term_string}"},"query-input":"required name=search_term_string"}],"inLanguage":"fr-FR"},{"@type":"Organization","@id":"https:\/\/vosgesinfo.fr\/laplainedesvosgesinfo\/#organization","name":"La Plaine des Vosges","url":"https:\/\/vosgesinfo.fr\/laplainedesvosgesinfo\/","logo":{"@type":"ImageObject","inLanguage":"fr-FR","@id":"https:\/\/vosgesinfo.fr\/laplainedesvosgesinfo\/#\/schema\/logo\/image\/","url":"https:\/\/vosgesinfo.fr\/app\/uploads\/sites\/2\/2023\/08\/logo-laplaineinfo.svg","contentUrl":"https:\/\/vosgesinfo.fr\/app\/uploads\/sites\/2\/2023\/08\/logo-laplaineinfo.svg","width":1,"height":1,"caption":"La Plaine des Vosges"},"image":{"@id":"https:\/\/vosgesinfo.fr\/laplainedesvosgesinfo\/#\/schema\/logo\/image\/"},"sameAs":["https:\/\/www.facebook.com\/laplainedesvosges","https:\/\/x.com\/VosgesInfo88","https:\/\/www.youtube.com\/@vosgesinfo"]},{"@type":"Person","@id":"https:\/\/vosgesinfo.fr\/laplainedesvosgesinfo\/#\/schema\/person\/fa73e9f726d67bb88f46d5b7943cb572","name":"J.J.","image":{"@type":"ImageObject","inLanguage":"fr-FR","@id":"https:\/\/vosgesinfo.fr\/laplainedesvosgesinfo\/#\/schema\/person\/image\/","url":"https:\/\/secure.gravatar.com\/avatar\/219e749e47ffbcca018a360ae4add7d4cdf1cdaaf8bc7676b27efade3fe65615?s=96&d=mm&r=g","contentUrl":"https:\/\/secure.gravatar.com\/avatar\/219e749e47ffbcca018a360ae4add7d4cdf1cdaaf8bc7676b27efade3fe65615?s=96&d=mm&r=g","caption":"J.J."},"url":"https:\/\/vosgesinfo.fr\/laplainedesvosgesinfo\/author\/j-j\/"}]}},"_links":{"self":[{"href":"https:\/\/vosgesinfo.fr\/laplainedesvosgesinfo\/wp-json\/wp\/v2\/posts\/30278","targetHints":{"allow":["GET"]}}],"collection":[{"href":"https:\/\/vosgesinfo.fr\/laplainedesvosgesinfo\/wp-json\/wp\/v2\/posts"}],"about":[{"href":"https:\/\/vosgesinfo.fr\/laplainedesvosgesinfo\/wp-json\/wp\/v2\/types\/post"}],"author":[{"embeddable":true,"href":"https:\/\/vosgesinfo.fr\/laplainedesvosgesinfo\/wp-json\/wp\/v2\/users\/46"}],"replies":[{"embeddable":true,"href":"https:\/\/vosgesinfo.fr\/laplainedesvosgesinfo\/wp-json\/wp\/v2\/comments?post=30278"}],"version-history":[{"count":0,"href":"https:\/\/vosgesinfo.fr\/laplainedesvosgesinfo\/wp-json\/wp\/v2\/posts\/30278\/revisions"}],"wp:featuredmedia":[{"embeddable":true,"href":"https:\/\/vosgesinfo.fr\/laplainedesvosgesinfo\/wp-json\/wp\/v2\/media\/30279"}],"wp:attachment":[{"href":"https:\/\/vosgesinfo.fr\/laplainedesvosgesinfo\/wp-json\/wp\/v2\/media?parent=30278"}],"wp:term":[{"taxonomy":"category","embeddable":true,"href":"https:\/\/vosgesinfo.fr\/laplainedesvosgesinfo\/wp-json\/wp\/v2\/categories?post=30278"},{"taxonomy":"post_tag","embeddable":true,"href":"https:\/\/vosgesinfo.fr\/laplainedesvosgesinfo\/wp-json\/wp\/v2\/tags?post=30278"}],"curies":[{"name":"wp","href":"https:\/\/api.w.org\/{rel}","templated":true}]}}