{"id":30280,"date":"2025-06-11T17:20:24","date_gmt":"2025-06-11T15:20:24","guid":{"rendered":"https:\/\/vosgesinfo.fr\/laplainedesvosgesinfo\/?p=30280"},"modified":"2025-06-11T17:20:24","modified_gmt":"2025-06-11T15:20:24","slug":"emmaus-vosges-fete-ses-40-ans-avec-le-salon-atoutrecycl","status":"publish","type":"post","link":"https:\/\/vosgesinfo.fr\/laplainedesvosgesinfo\/2025\/06\/emmaus-vosges-fete-ses-40-ans-avec-le-salon-atoutrecycl\/","title":{"rendered":"Emma\u00fcs Vosges f\u00eate ses 40 ans avec le salon A\u2019ToutRecycl\u2019"},"content":{"rendered":"<h2><strong>Dimanche 13 juillet<\/strong>, <strong>Emma\u00fcs Vosges<\/strong> c\u00e9l\u00e8brera ses <strong>40 ans d\u2019existence<\/strong> \u00e0 l\u2019occasion du <strong>salon A\u2019ToutRecycl\u2019<\/strong>, organis\u00e9 simultan\u00e9ment sur ses trois sites de <strong>Rambervillers (ZI 1 Route d\u2019AUTREY)<\/strong>, <strong>Fraize (14 rue des Aulnes)<\/strong> et <strong>Neufch\u00e2teau (80 rue de l\u2019Abb\u00e9 Pierre, ZI Les Torri\u00e8res)<\/strong>.<\/h2>\n<p><!--more--><\/p>\n<p>Ouvert de <strong>10 h \u00e0 12 h<\/strong> puis de <strong>13 h 30 \u00e0 18 h<\/strong>, cet anniversaire mettra \u00e0 l\u2019honneur le <strong>r\u00e9emploi solidaire et cr\u00e9atif<\/strong>, au travers d\u2019un <strong>salon artisanal<\/strong>, d\u2019<strong>ateliers de d\u00e9monstration<\/strong>, d\u2019une <strong>tombola<\/strong>, d\u2019une <strong>buvette<\/strong> et d\u2019une <strong>grande braderie \u00e0 -50 %<\/strong>. <strong>Entr\u00e9e libre.<\/strong><\/p>\n<p><a href=\"https:\/\/vosgesinfo.fr\/app\/uploads\/sites\/4\/2025\/06\/salon-atoutrecycl.jpeg\"><img decoding=\"async\" class=\"alignnone size-large wp-image-78867\" src=\"https:\/\/vosgesinfo.fr\/app\/uploads\/sites\/4\/2025\/06\/salon-atoutrecycl-724x1024.jpeg\" alt=\"\" width=\"724\" height=\"1024\" \/><\/a><\/p>\n","protected":false},"excerpt":{"rendered":"<p>Dimanche 13 juillet, Emma\u00fcs Vosges c\u00e9l\u00e8brera ses 40 ans d\u2019existence \u00e0 l\u2019occasion du salon A\u2019ToutRecycl\u2019, organis\u00e9 simultan\u00e9ment sur ses trois [&hellip;]<\/p>\n","protected":false},"author":46,"featured_media":30281,"comment_status":"open","ping_status":"open","sticky":false,"template":"","format":"standard","meta":{"footnotes":""},"categories":[3,392,383,294,380,381,165,17,18],"tags":[8528,8529,3952,8530,336,8531],"class_list":["post-30280","post","type-post","status-publish","format-standard","has-post-thumbnail","hentry","category-breves","category-deodatie","category-epinal","category-gerardmer","category-la-plaine-des-vosges","category-remiremont","category-solidarite","category-vie-associative","category-vosges","tag-40-ans-de-emmaus-vosges","tag-emmaus-vosges","tag-fraize","tag-neufchateeau","tag-rambervillers","tag-salon-atoutrecycl"],"acf":[],"yoast_head":"<!-- This site is optimized with the Yoast SEO plugin v22.5 - https:\/\/yoast.com\/wordpress\/plugins\/seo\/ -->\n<title>Emma\u00fcs Vosges f\u00eate ses 40 ans avec le salon A\u2019ToutRecycl\u2019 - La Plaine des Vosges<\/title>\n<meta name=\"robots\" content=\"index, follow, max-snippet:-1, max-image-preview:large, max-video-preview:-1\" \/>\n<link rel=\"canonical\" href=\"https:\/\/vosgesinfo.fr\/laplainedesvosgesinfo\/2025\/06\/emmaus-vosges-fete-ses-40-ans-avec-le-salon-atoutrecycl\/\" \/>\n<meta name=\"twitter:card\" content=\"summary_large_image\" \/>\n<meta name=\"twitter:title\" content=\"Emma\u00fcs Vosges f\u00eate ses 40 ans avec le salon A\u2019ToutRecycl\u2019 - La Plaine des Vosges\" \/>\n<meta name=\"twitter:description\" content=\"Dimanche 13 juillet, Emma\u00fcs Vosges c\u00e9l\u00e8brera ses 40 ans d\u2019existence \u00e0 l\u2019occasion du salon A\u2019ToutRecycl\u2019, organis\u00e9 simultan\u00e9ment sur ses trois [&hellip;]\" \/>\n<meta name=\"twitter:image\" content=\"https:\/\/vosgesinfo.fr\/app\/uploads\/sites\/2\/2025\/06\/salon-atoutrecycl.jpeg\" \/>\n<meta name=\"twitter:creator\" content=\"@VosgesInfo88\" \/>\n<meta name=\"twitter:site\" content=\"@VosgesInfo88\" \/>\n<meta name=\"twitter:label1\" content=\"\u00c9crit par\" \/>\n\t<meta name=\"twitter:data1\" content=\"J.J.\" \/>\n<script type=\"application\/ld+json\" class=\"yoast-schema-graph\">{\"@context\":\"https:\/\/schema.org\",\"@graph\":[{\"@type\":\"Article\",\"@id\":\"https:\/\/vosgesinfo.fr\/laplainedesvosgesinfo\/2025\/06\/emmaus-vosges-fete-ses-40-ans-avec-le-salon-atoutrecycl\/#article\",\"isPartOf\":{\"@id\":\"https:\/\/vosgesinfo.fr\/laplainedesvosgesinfo\/2025\/06\/emmaus-vosges-fete-ses-40-ans-avec-le-salon-atoutrecycl\/\"},\"author\":{\"name\":\"J.J.\",\"@id\":\"https:\/\/vosgesinfo.fr\/laplainedesvosgesinfo\/#\/schema\/person\/fa73e9f726d67bb88f46d5b7943cb572\"},\"headline\":\"Emma\u00fcs Vosges f\u00eate ses 40 ans avec le salon A\u2019ToutRecycl\u2019\",\"datePublished\":\"2025-06-11T15:20:24+00:00\",\"dateModified\":\"2025-06-11T15:20:24+00:00\",\"mainEntityOfPage\":{\"@id\":\"https:\/\/vosgesinfo.fr\/laplainedesvosgesinfo\/2025\/06\/emmaus-vosges-fete-ses-40-ans-avec-le-salon-atoutrecycl\/\"},\"wordCount\":105,\"commentCount\":0,\"publisher\":{\"@id\":\"https:\/\/vosgesinfo.fr\/laplainedesvosgesinfo\/#organization\"},\"image\":{\"@id\":\"https:\/\/vosgesinfo.fr\/laplainedesvosgesinfo\/2025\/06\/emmaus-vosges-fete-ses-40-ans-avec-le-salon-atoutrecycl\/#primaryimage\"},\"thumbnailUrl\":\"https:\/\/vosgesinfo.fr\/app\/uploads\/sites\/2\/2025\/06\/salon-atoutrecycl.jpeg\",\"keywords\":[\"40 ans de Emma\u00fcs Vosges\",\"Emma\u00fcs Vosges\",\"Fraize\",\"Neufch\u00e2teeau\",\"Rambervillers\",\"Salon A\u2019ToutRecycl\u2019\"],\"articleSection\":[\"Br\u00e8ves\",\"D\u00e9odatie\",\"Epinal\",\"G\u00e9rardmer\",\"La plaine des vosges\",\"Remiremont\",\"Solidarit\u00e9\",\"Vie Associative\",\"Vosges\"],\"inLanguage\":\"fr-FR\",\"potentialAction\":[{\"@type\":\"CommentAction\",\"name\":\"Comment\",\"target\":[\"https:\/\/vosgesinfo.fr\/laplainedesvosgesinfo\/2025\/06\/emmaus-vosges-fete-ses-40-ans-avec-le-salon-atoutrecycl\/#respond\"]}]},{\"@type\":\"WebPage\",\"@id\":\"https:\/\/vosgesinfo.fr\/laplainedesvosgesinfo\/2025\/06\/emmaus-vosges-fete-ses-40-ans-avec-le-salon-atoutrecycl\/\",\"url\":\"https:\/\/vosgesinfo.fr\/laplainedesvosgesinfo\/2025\/06\/emmaus-vosges-fete-ses-40-ans-avec-le-salon-atoutrecycl\/\",\"name\":\"Emma\u00fcs Vosges f\u00eate ses 40 ans avec le salon A\u2019ToutRecycl\u2019 - La Plaine des Vosges\",\"isPartOf\":{\"@id\":\"https:\/\/vosgesinfo.fr\/laplainedesvosgesinfo\/#website\"},\"primaryImageOfPage\":{\"@id\":\"https:\/\/vosgesinfo.fr\/laplainedesvosgesinfo\/2025\/06\/emmaus-vosges-fete-ses-40-ans-avec-le-salon-atoutrecycl\/#primaryimage\"},\"image\":{\"@id\":\"https:\/\/vosgesinfo.fr\/laplainedesvosgesinfo\/2025\/06\/emmaus-vosges-fete-ses-40-ans-avec-le-salon-atoutrecycl\/#primaryimage\"},\"thumbnailUrl\":\"https:\/\/vosgesinfo.fr\/app\/uploads\/sites\/2\/2025\/06\/salon-atoutrecycl.jpeg\",\"datePublished\":\"2025-06-11T15:20:24+00:00\",\"dateModified\":\"2025-06-11T15:20:24+00:00\",\"breadcrumb\":{\"@id\":\"https:\/\/vosgesinfo.fr\/laplainedesvosgesinfo\/2025\/06\/emmaus-vosges-fete-ses-40-ans-avec-le-salon-atoutrecycl\/#breadcrumb\"},\"inLanguage\":\"fr-FR\",\"potentialAction\":[{\"@type\":\"ReadAction\",\"target\":[\"https:\/\/vosgesinfo.fr\/laplainedesvosgesinfo\/2025\/06\/emmaus-vosges-fete-ses-40-ans-avec-le-salon-atoutrecycl\/\"]}]},{\"@type\":\"ImageObject\",\"inLanguage\":\"fr-FR\",\"@id\":\"https:\/\/vosgesinfo.fr\/laplainedesvosgesinfo\/2025\/06\/emmaus-vosges-fete-ses-40-ans-avec-le-salon-atoutrecycl\/#primaryimage\",\"url\":\"https:\/\/vosgesinfo.fr\/app\/uploads\/sites\/2\/2025\/06\/salon-atoutrecycl.jpeg\",\"contentUrl\":\"https:\/\/vosgesinfo.fr\/app\/uploads\/sites\/2\/2025\/06\/salon-atoutrecycl.jpeg\",\"width\":1414,\"height\":2000},{\"@type\":\"BreadcrumbList\",\"@id\":\"https:\/\/vosgesinfo.fr\/laplainedesvosgesinfo\/2025\/06\/emmaus-vosges-fete-ses-40-ans-avec-le-salon-atoutrecycl\/#breadcrumb\",\"itemListElement\":[{\"@type\":\"ListItem\",\"position\":1,\"name\":\"Home\",\"item\":\"https:\/\/vosgesinfo.fr\/laplainedesvosgesinfo\/\"},{\"@type\":\"ListItem\",\"position\":2,\"name\":\"Emma\u00fcs Vosges f\u00eate ses 40 ans avec le salon A\u2019ToutRecycl\u2019\"}]},{\"@type\":\"WebSite\",\"@id\":\"https:\/\/vosgesinfo.fr\/laplainedesvosgesinfo\/#website\",\"url\":\"https:\/\/vosgesinfo.fr\/laplainedesvosgesinfo\/\",\"name\":\"La Plaine des Vosges\",\"description\":\"Toute l&#039;actualit\u00e9 de la plaine de Vosges\",\"publisher\":{\"@id\":\"https:\/\/vosgesinfo.fr\/laplainedesvosgesinfo\/#organization\"},\"alternateName\":\"Toute l'actualit\u00e9 de la plaine des Vosges\",\"potentialAction\":[{\"@type\":\"SearchAction\",\"target\":{\"@type\":\"EntryPoint\",\"urlTemplate\":\"https:\/\/vosgesinfo.fr\/laplainedesvosgesinfo\/?s={search_term_string}\"},\"query-input\":\"required name=search_term_string\"}],\"inLanguage\":\"fr-FR\"},{\"@type\":\"Organization\",\"@id\":\"https:\/\/vosgesinfo.fr\/laplainedesvosgesinfo\/#organization\",\"name\":\"La Plaine des Vosges\",\"url\":\"https:\/\/vosgesinfo.fr\/laplainedesvosgesinfo\/\",\"logo\":{\"@type\":\"ImageObject\",\"inLanguage\":\"fr-FR\",\"@id\":\"https:\/\/vosgesinfo.fr\/laplainedesvosgesinfo\/#\/schema\/logo\/image\/\",\"url\":\"https:\/\/vosgesinfo.fr\/app\/uploads\/sites\/2\/2023\/08\/logo-laplaineinfo.svg\",\"contentUrl\":\"https:\/\/vosgesinfo.fr\/app\/uploads\/sites\/2\/2023\/08\/logo-laplaineinfo.svg\",\"width\":1,\"height\":1,\"caption\":\"La Plaine des Vosges\"},\"image\":{\"@id\":\"https:\/\/vosgesinfo.fr\/laplainedesvosgesinfo\/#\/schema\/logo\/image\/\"},\"sameAs\":[\"https:\/\/www.facebook.com\/laplainedesvosges\",\"https:\/\/x.com\/VosgesInfo88\",\"https:\/\/www.youtube.com\/@vosgesinfo\"]},{\"@type\":\"Person\",\"@id\":\"https:\/\/vosgesinfo.fr\/laplainedesvosgesinfo\/#\/schema\/person\/fa73e9f726d67bb88f46d5b7943cb572\",\"name\":\"J.J.\",\"image\":{\"@type\":\"ImageObject\",\"inLanguage\":\"fr-FR\",\"@id\":\"https:\/\/vosgesinfo.fr\/laplainedesvosgesinfo\/#\/schema\/person\/image\/\",\"url\":\"https:\/\/secure.gravatar.com\/avatar\/219e749e47ffbcca018a360ae4add7d4cdf1cdaaf8bc7676b27efade3fe65615?s=96&d=mm&r=g\",\"contentUrl\":\"https:\/\/secure.gravatar.com\/avatar\/219e749e47ffbcca018a360ae4add7d4cdf1cdaaf8bc7676b27efade3fe65615?s=96&d=mm&r=g\",\"caption\":\"J.J.\"},\"url\":\"https:\/\/vosgesinfo.fr\/laplainedesvosgesinfo\/author\/j-j\/\"}]}<\/script>\n<!-- \/ Yoast SEO plugin. -->","yoast_head_json":{"title":"Emma\u00fcs Vosges f\u00eate ses 40 ans avec le salon A\u2019ToutRecycl\u2019 - La Plaine des Vosges","robots":{"index":"index","follow":"follow","max-snippet":"max-snippet:-1","max-image-preview":"max-image-preview:large","max-video-preview":"max-video-preview:-1"},"canonical":"https:\/\/vosgesinfo.fr\/laplainedesvosgesinfo\/2025\/06\/emmaus-vosges-fete-ses-40-ans-avec-le-salon-atoutrecycl\/","twitter_card":"summary_large_image","twitter_title":"Emma\u00fcs Vosges f\u00eate ses 40 ans avec le salon A\u2019ToutRecycl\u2019 - La Plaine des Vosges","twitter_description":"Dimanche 13 juillet, Emma\u00fcs Vosges c\u00e9l\u00e8brera ses 40 ans d\u2019existence \u00e0 l\u2019occasion du salon A\u2019ToutRecycl\u2019, organis\u00e9 simultan\u00e9ment sur ses trois [&hellip;]","twitter_image":"https:\/\/vosgesinfo.fr\/app\/uploads\/sites\/2\/2025\/06\/salon-atoutrecycl.jpeg","twitter_creator":"@VosgesInfo88","twitter_site":"@VosgesInfo88","twitter_misc":{"\u00c9crit par":"J.J."},"schema":{"@context":"https:\/\/schema.org","@graph":[{"@type":"Article","@id":"https:\/\/vosgesinfo.fr\/laplainedesvosgesinfo\/2025\/06\/emmaus-vosges-fete-ses-40-ans-avec-le-salon-atoutrecycl\/#article","isPartOf":{"@id":"https:\/\/vosgesinfo.fr\/laplainedesvosgesinfo\/2025\/06\/emmaus-vosges-fete-ses-40-ans-avec-le-salon-atoutrecycl\/"},"author":{"name":"J.J.","@id":"https:\/\/vosgesinfo.fr\/laplainedesvosgesinfo\/#\/schema\/person\/fa73e9f726d67bb88f46d5b7943cb572"},"headline":"Emma\u00fcs Vosges f\u00eate ses 40 ans avec le salon A\u2019ToutRecycl\u2019","datePublished":"2025-06-11T15:20:24+00:00","dateModified":"2025-06-11T15:20:24+00:00","mainEntityOfPage":{"@id":"https:\/\/vosgesinfo.fr\/laplainedesvosgesinfo\/2025\/06\/emmaus-vosges-fete-ses-40-ans-avec-le-salon-atoutrecycl\/"},"wordCount":105,"commentCount":0,"publisher":{"@id":"https:\/\/vosgesinfo.fr\/laplainedesvosgesinfo\/#organization"},"image":{"@id":"https:\/\/vosgesinfo.fr\/laplainedesvosgesinfo\/2025\/06\/emmaus-vosges-fete-ses-40-ans-avec-le-salon-atoutrecycl\/#primaryimage"},"thumbnailUrl":"https:\/\/vosgesinfo.fr\/app\/uploads\/sites\/2\/2025\/06\/salon-atoutrecycl.jpeg","keywords":["40 ans de Emma\u00fcs Vosges","Emma\u00fcs Vosges","Fraize","Neufch\u00e2teeau","Rambervillers","Salon A\u2019ToutRecycl\u2019"],"articleSection":["Br\u00e8ves","D\u00e9odatie","Epinal","G\u00e9rardmer","La plaine des vosges","Remiremont","Solidarit\u00e9","Vie Associative","Vosges"],"inLanguage":"fr-FR","potentialAction":[{"@type":"CommentAction","name":"Comment","target":["https:\/\/vosgesinfo.fr\/laplainedesvosgesinfo\/2025\/06\/emmaus-vosges-fete-ses-40-ans-avec-le-salon-atoutrecycl\/#respond"]}]},{"@type":"WebPage","@id":"https:\/\/vosgesinfo.fr\/laplainedesvosgesinfo\/2025\/06\/emmaus-vosges-fete-ses-40-ans-avec-le-salon-atoutrecycl\/","url":"https:\/\/vosgesinfo.fr\/laplainedesvosgesinfo\/2025\/06\/emmaus-vosges-fete-ses-40-ans-avec-le-salon-atoutrecycl\/","name":"Emma\u00fcs Vosges f\u00eate ses 40 ans avec le salon A\u2019ToutRecycl\u2019 - La Plaine des Vosges","isPartOf":{"@id":"https:\/\/vosgesinfo.fr\/laplainedesvosgesinfo\/#website"},"primaryImageOfPage":{"@id":"https:\/\/vosgesinfo.fr\/laplainedesvosgesinfo\/2025\/06\/emmaus-vosges-fete-ses-40-ans-avec-le-salon-atoutrecycl\/#primaryimage"},"image":{"@id":"https:\/\/vosgesinfo.fr\/laplainedesvosgesinfo\/2025\/06\/emmaus-vosges-fete-ses-40-ans-avec-le-salon-atoutrecycl\/#primaryimage"},"thumbnailUrl":"https:\/\/vosgesinfo.fr\/app\/uploads\/sites\/2\/2025\/06\/salon-atoutrecycl.jpeg","datePublished":"2025-06-11T15:20:24+00:00","dateModified":"2025-06-11T15:20:24+00:00","breadcrumb":{"@id":"https:\/\/vosgesinfo.fr\/laplainedesvosgesinfo\/2025\/06\/emmaus-vosges-fete-ses-40-ans-avec-le-salon-atoutrecycl\/#breadcrumb"},"inLanguage":"fr-FR","potentialAction":[{"@type":"ReadAction","target":["https:\/\/vosgesinfo.fr\/laplainedesvosgesinfo\/2025\/06\/emmaus-vosges-fete-ses-40-ans-avec-le-salon-atoutrecycl\/"]}]},{"@type":"ImageObject","inLanguage":"fr-FR","@id":"https:\/\/vosgesinfo.fr\/laplainedesvosgesinfo\/2025\/06\/emmaus-vosges-fete-ses-40-ans-avec-le-salon-atoutrecycl\/#primaryimage","url":"https:\/\/vosgesinfo.fr\/app\/uploads\/sites\/2\/2025\/06\/salon-atoutrecycl.jpeg","contentUrl":"https:\/\/vosgesinfo.fr\/app\/uploads\/sites\/2\/2025\/06\/salon-atoutrecycl.jpeg","width":1414,"height":2000},{"@type":"BreadcrumbList","@id":"https:\/\/vosgesinfo.fr\/laplainedesvosgesinfo\/2025\/06\/emmaus-vosges-fete-ses-40-ans-avec-le-salon-atoutrecycl\/#breadcrumb","itemListElement":[{"@type":"ListItem","position":1,"name":"Home","item":"https:\/\/vosgesinfo.fr\/laplainedesvosgesinfo\/"},{"@type":"ListItem","position":2,"name":"Emma\u00fcs Vosges f\u00eate ses 40 ans avec le salon A\u2019ToutRecycl\u2019"}]},{"@type":"WebSite","@id":"https:\/\/vosgesinfo.fr\/laplainedesvosgesinfo\/#website","url":"https:\/\/vosgesinfo.fr\/laplainedesvosgesinfo\/","name":"La Plaine des Vosges","description":"Toute l&#039;actualit\u00e9 de la plaine de Vosges","publisher":{"@id":"https:\/\/vosgesinfo.fr\/laplainedesvosgesinfo\/#organization"},"alternateName":"Toute l'actualit\u00e9 de la plaine des Vosges","potentialAction":[{"@type":"SearchAction","target":{"@type":"EntryPoint","urlTemplate":"https:\/\/vosgesinfo.fr\/laplainedesvosgesinfo\/?s={search_term_string}"},"query-input":"required name=search_term_string"}],"inLanguage":"fr-FR"},{"@type":"Organization","@id":"https:\/\/vosgesinfo.fr\/laplainedesvosgesinfo\/#organization","name":"La Plaine des Vosges","url":"https:\/\/vosgesinfo.fr\/laplainedesvosgesinfo\/","logo":{"@type":"ImageObject","inLanguage":"fr-FR","@id":"https:\/\/vosgesinfo.fr\/laplainedesvosgesinfo\/#\/schema\/logo\/image\/","url":"https:\/\/vosgesinfo.fr\/app\/uploads\/sites\/2\/2023\/08\/logo-laplaineinfo.svg","contentUrl":"https:\/\/vosgesinfo.fr\/app\/uploads\/sites\/2\/2023\/08\/logo-laplaineinfo.svg","width":1,"height":1,"caption":"La Plaine des Vosges"},"image":{"@id":"https:\/\/vosgesinfo.fr\/laplainedesvosgesinfo\/#\/schema\/logo\/image\/"},"sameAs":["https:\/\/www.facebook.com\/laplainedesvosges","https:\/\/x.com\/VosgesInfo88","https:\/\/www.youtube.com\/@vosgesinfo"]},{"@type":"Person","@id":"https:\/\/vosgesinfo.fr\/laplainedesvosgesinfo\/#\/schema\/person\/fa73e9f726d67bb88f46d5b7943cb572","name":"J.J.","image":{"@type":"ImageObject","inLanguage":"fr-FR","@id":"https:\/\/vosgesinfo.fr\/laplainedesvosgesinfo\/#\/schema\/person\/image\/","url":"https:\/\/secure.gravatar.com\/avatar\/219e749e47ffbcca018a360ae4add7d4cdf1cdaaf8bc7676b27efade3fe65615?s=96&d=mm&r=g","contentUrl":"https:\/\/secure.gravatar.com\/avatar\/219e749e47ffbcca018a360ae4add7d4cdf1cdaaf8bc7676b27efade3fe65615?s=96&d=mm&r=g","caption":"J.J."},"url":"https:\/\/vosgesinfo.fr\/laplainedesvosgesinfo\/author\/j-j\/"}]}},"_links":{"self":[{"href":"https:\/\/vosgesinfo.fr\/laplainedesvosgesinfo\/wp-json\/wp\/v2\/posts\/30280","targetHints":{"allow":["GET"]}}],"collection":[{"href":"https:\/\/vosgesinfo.fr\/laplainedesvosgesinfo\/wp-json\/wp\/v2\/posts"}],"about":[{"href":"https:\/\/vosgesinfo.fr\/laplainedesvosgesinfo\/wp-json\/wp\/v2\/types\/post"}],"author":[{"embeddable":true,"href":"https:\/\/vosgesinfo.fr\/laplainedesvosgesinfo\/wp-json\/wp\/v2\/users\/46"}],"replies":[{"embeddable":true,"href":"https:\/\/vosgesinfo.fr\/laplainedesvosgesinfo\/wp-json\/wp\/v2\/comments?post=30280"}],"version-history":[{"count":0,"href":"https:\/\/vosgesinfo.fr\/laplainedesvosgesinfo\/wp-json\/wp\/v2\/posts\/30280\/revisions"}],"wp:featuredmedia":[{"embeddable":true,"href":"https:\/\/vosgesinfo.fr\/laplainedesvosgesinfo\/wp-json\/wp\/v2\/media\/30281"}],"wp:attachment":[{"href":"https:\/\/vosgesinfo.fr\/laplainedesvosgesinfo\/wp-json\/wp\/v2\/media?parent=30280"}],"wp:term":[{"taxonomy":"category","embeddable":true,"href":"https:\/\/vosgesinfo.fr\/laplainedesvosgesinfo\/wp-json\/wp\/v2\/categories?post=30280"},{"taxonomy":"post_tag","embeddable":true,"href":"https:\/\/vosgesinfo.fr\/laplainedesvosgesinfo\/wp-json\/wp\/v2\/tags?post=30280"}],"curies":[{"name":"wp","href":"https:\/\/api.w.org\/{rel}","templated":true}]}}