{"id":3063,"date":"2016-03-01T08:43:42","date_gmt":"2016-03-01T07:43:42","guid":{"rendered":"https:\/\/vosgesinfo.fr\/laplainedesvosgesinfo\/2016\/03\/mirecourt-le-budget-au-coeur-des-tensions\/"},"modified":"2016-03-01T08:43:42","modified_gmt":"2016-03-01T07:43:42","slug":"mirecourt-le-budget-au-coeur-des-tensions","status":"publish","type":"post","link":"https:\/\/vosgesinfo.fr\/laplainedesvosgesinfo\/2016\/03\/mirecourt-le-budget-au-coeur-des-tensions\/","title":{"rendered":"Mirecourt &#8211; Le budget au c\u0153ur des tensions"},"content":{"rendered":"<p><span class=\"removed_link\" title=\"\/2016\/03\/IMG_8248-compressed.jpg\"><\/span><\/p>\n<p><strong>La ville des luthiers souffre de la baisse des dotations depuis 2013. En effet, Mirecourt subit en 2016, une baisse de 117 500 \u20ac de la Dotation Globale de Fonctionnement, ce qui repr\u00e9sente une perte de plus de 300 000\u20ac sur 3 ans. Malgr\u00e9 cette baisse, la ville a r\u00e9ussi \u00e0 tenir bon et a diminu\u00e9 ses charges \u00e0 caract\u00e8re g\u00e9n\u00e9ral de plus de 177 000 \u20ac.<\/strong><\/p>\n<p>Les charges de personnel sont aussi concern\u00e9es par cette baisse, due en partie au transfert de personnel sur la Communaut\u00e9 de Communes. \u00ab\u00a0<em>Les actions engag\u00e9es par notre municipalit\u00e9 commencent \u00e0 porter leurs fruits<\/em>\u00a0\u00bb commente le maire, Yves S\u00e9journ\u00e9. Pour l&rsquo;opposition \u00ab\u00a0<em>c&rsquo;est un budget en trompe l&rsquo;\u0153il, cette baisse de charges de personnel n&rsquo;est pas li\u00e9e \u00e0 vos propres choix<\/em>\u00a0\u00bb explique pour sa part Patrice Fy.<\/p>\n<p>Les taxes fonci\u00e8res augmentant d&rsquo;un montant de 48 000 \u20ac s&rsquo;\u00e9tonne Corinne Somny. Et le\u00a0 premier magistrat de s&rsquo;expliquer \u00ab\u00a0<em>le nombre de maisons fiscalis\u00e9es, qui maintenant paient des imp\u00f4ts fonciers a augment\u00e9. On vient d&rsquo;apprendre cette augmentation fin d\u00e9cembre 2015.<\/em>\u00a0\u00bb La fin de l&rsquo; \u00e9change est mouvement\u00e9, l&rsquo;opposition a marqu\u00e9 son parti pris et a vot\u00e9 contre ce compte administratif 2015.<\/p>\n<p>Les orientations budg\u00e9taires ont ensuite anim\u00e9 le d\u00e9bat, avec une explication du maire sur la baisse de la DGF et l&rsquo;endettement de la ville. En effet, Mirecourt a \u00ab\u00a0<em>une dette \u00e9lev\u00e9e. Une dette trop importante par rapport au remboursement possible. Il nous faudrait 10 ans pour l&rsquo;\u00e9teindre totalement<\/em>\u00a0\u00bb ajoute Yves S\u00e9journ\u00e9.<\/p>\n<p>Les orientations sont bas\u00e9es sur le maintien de la pression fiscale, la continuit\u00e9 de la baisse des charges de fonctionnement\u00a0 sur fond d&rsquo;isolation des b\u00e2timents afin de r\u00e9duire le co\u00fbt en \u00e9nergie. Sur ce m\u00eame dossier\u00a0 qui s&rsquo;\u00e9l\u00e8ve \u00e0\u00a0 800 000 \u20ac maximum pour l&rsquo;ann\u00e9e 2016, 700 000\u20ac seront d\u00e9di\u00e9s aux travaux, 200 000\u20ac sont d\u00e9j\u00e0 pr\u00e9vus pour la r\u00e9novation du toit et de la charpente de l&rsquo;ancien th\u00e9\u00e2tre, en partenariat avec la DRAC, afin de cr\u00e9er un auditorium.<\/p>\n<p>En ce qui concerne la vid\u00e9o protection qui anime les d\u00e9bats notamment au niveau national,\u00a0 les \u00e9lus de la cit\u00e9 des luthiers\u00a0 ont d\u00e9cid\u00e9 de consacrer\u00a0 un budget \u00e0 hauteur de 100 000 \u20ac avec une subvention du Fond Interminist\u00e9riel de Pr\u00e9vention de la D\u00e9linquance.<\/p>\n<p>Dans la cadre des investissements 2016, la ville envisage \u00e9galement de r\u00e9habiliter la voirie de la rue Colonel Mangin. Des travaux qui d\u00e9buteront dans les environs du mois de septembre. Cette art\u00e8re conna\u00eetra aussi l&rsquo;enfouissement et la r\u00e9habilitation de son r\u00e9seau \u00e9lectrique. Cette deuxi\u00e8me op\u00e9ration ne pouvant \u00eatre scind\u00e9e pour des contraintes techniques, il est convenu qu&rsquo;une seule collectivit\u00e9, en l&rsquo;occurrence, Mirecourt, assurera la ma\u00eetrise d&rsquo;ouvrage.<\/p>\n<p>Le conseil a aussi \u00e9t\u00e9 appel\u00e9 \u00e0 voter l&rsquo;achat d&rsquo;un scooter d&rsquo;un prix de 2 400\u20ac, \u00e0 destination de la Police Municipale.<\/p>\n<p>&nbsp;<\/p>\n<p>A.J.<\/p>\n","protected":false},"excerpt":{"rendered":"<p>La ville des luthiers souffre de la baisse des dotations depuis 2013. En effet, Mirecourt subit en 2016, une baisse [&hellip;]<\/p>\n","protected":false},"author":1,"featured_media":0,"comment_status":"open","ping_status":"open","sticky":false,"template":"","format":"standard","meta":{"footnotes":""},"categories":[29,37,195,10],"tags":[],"class_list":["post-3063","post","type-post","status-publish","format-standard","hentry","category-a-la-une","category-la-plaine","category-mirecourt-la-plaine","category-politique"],"acf":[],"yoast_head":"<!-- This site is optimized with the Yoast SEO plugin v22.5 - https:\/\/yoast.com\/wordpress\/plugins\/seo\/ -->\n<title>Mirecourt - Le budget au c\u0153ur des tensions - La Plaine des Vosges<\/title>\n<meta name=\"robots\" content=\"index, follow, max-snippet:-1, max-image-preview:large, max-video-preview:-1\" \/>\n<link rel=\"canonical\" href=\"https:\/\/vosgesinfo.fr\/laplainedesvosgesinfo\/2016\/03\/mirecourt-le-budget-au-coeur-des-tensions\/\" \/>\n<meta name=\"twitter:card\" content=\"summary_large_image\" \/>\n<meta name=\"twitter:title\" content=\"Mirecourt - Le budget au c\u0153ur des tensions - La Plaine des Vosges\" \/>\n<meta name=\"twitter:description\" content=\"La ville des luthiers souffre de la baisse des dotations depuis 2013. En effet, Mirecourt subit en 2016, une baisse [&hellip;]\" \/>\n<meta name=\"twitter:creator\" content=\"@VosgesInfo88\" \/>\n<meta name=\"twitter:site\" content=\"@VosgesInfo88\" \/>\n<meta name=\"twitter:label1\" content=\"\u00c9crit par\" \/>\n\t<meta name=\"twitter:data1\" content=\"qs_admin\" \/>\n\t<meta name=\"twitter:label2\" content=\"Dur\u00e9e de lecture estim\u00e9e\" \/>\n\t<meta name=\"twitter:data2\" content=\"2 minutes\" \/>\n<script type=\"application\/ld+json\" class=\"yoast-schema-graph\">{\"@context\":\"https:\/\/schema.org\",\"@graph\":[{\"@type\":\"Article\",\"@id\":\"https:\/\/vosgesinfo.fr\/laplainedesvosgesinfo\/2016\/03\/mirecourt-le-budget-au-coeur-des-tensions\/#article\",\"isPartOf\":{\"@id\":\"https:\/\/vosgesinfo.fr\/laplainedesvosgesinfo\/2016\/03\/mirecourt-le-budget-au-coeur-des-tensions\/\"},\"author\":{\"name\":\"qs_admin\",\"@id\":\"https:\/\/vosgesinfo.fr\/laplainedesvosgesinfo\/#\/schema\/person\/bc5d02d71e6932e81b6dadb7386667b1\"},\"headline\":\"Mirecourt &#8211; Le budget au c\u0153ur des tensions\",\"datePublished\":\"2016-03-01T07:43:42+00:00\",\"dateModified\":\"2016-03-01T07:43:42+00:00\",\"mainEntityOfPage\":{\"@id\":\"https:\/\/vosgesinfo.fr\/laplainedesvosgesinfo\/2016\/03\/mirecourt-le-budget-au-coeur-des-tensions\/\"},\"wordCount\":498,\"commentCount\":0,\"publisher\":{\"@id\":\"https:\/\/vosgesinfo.fr\/laplainedesvosgesinfo\/#organization\"},\"articleSection\":[\"A la Une\",\"La Plaine\",\"Mirecourt\",\"Politique\"],\"inLanguage\":\"fr-FR\",\"potentialAction\":[{\"@type\":\"CommentAction\",\"name\":\"Comment\",\"target\":[\"https:\/\/vosgesinfo.fr\/laplainedesvosgesinfo\/2016\/03\/mirecourt-le-budget-au-coeur-des-tensions\/#respond\"]}]},{\"@type\":\"WebPage\",\"@id\":\"https:\/\/vosgesinfo.fr\/laplainedesvosgesinfo\/2016\/03\/mirecourt-le-budget-au-coeur-des-tensions\/\",\"url\":\"https:\/\/vosgesinfo.fr\/laplainedesvosgesinfo\/2016\/03\/mirecourt-le-budget-au-coeur-des-tensions\/\",\"name\":\"Mirecourt - Le budget au c\u0153ur des tensions - La Plaine des Vosges\",\"isPartOf\":{\"@id\":\"https:\/\/vosgesinfo.fr\/laplainedesvosgesinfo\/#website\"},\"datePublished\":\"2016-03-01T07:43:42+00:00\",\"dateModified\":\"2016-03-01T07:43:42+00:00\",\"breadcrumb\":{\"@id\":\"https:\/\/vosgesinfo.fr\/laplainedesvosgesinfo\/2016\/03\/mirecourt-le-budget-au-coeur-des-tensions\/#breadcrumb\"},\"inLanguage\":\"fr-FR\",\"potentialAction\":[{\"@type\":\"ReadAction\",\"target\":[\"https:\/\/vosgesinfo.fr\/laplainedesvosgesinfo\/2016\/03\/mirecourt-le-budget-au-coeur-des-tensions\/\"]}]},{\"@type\":\"BreadcrumbList\",\"@id\":\"https:\/\/vosgesinfo.fr\/laplainedesvosgesinfo\/2016\/03\/mirecourt-le-budget-au-coeur-des-tensions\/#breadcrumb\",\"itemListElement\":[{\"@type\":\"ListItem\",\"position\":1,\"name\":\"Home\",\"item\":\"https:\/\/vosgesinfo.fr\/laplainedesvosgesinfo\/\"},{\"@type\":\"ListItem\",\"position\":2,\"name\":\"Mirecourt &#8211; Le budget au c\u0153ur des tensions\"}]},{\"@type\":\"WebSite\",\"@id\":\"https:\/\/vosgesinfo.fr\/laplainedesvosgesinfo\/#website\",\"url\":\"https:\/\/vosgesinfo.fr\/laplainedesvosgesinfo\/\",\"name\":\"La Plaine des Vosges\",\"description\":\"Toute l&#039;actualit\u00e9 de la plaine de Vosges\",\"publisher\":{\"@id\":\"https:\/\/vosgesinfo.fr\/laplainedesvosgesinfo\/#organization\"},\"alternateName\":\"Toute l'actualit\u00e9 de la plaine des Vosges\",\"potentialAction\":[{\"@type\":\"SearchAction\",\"target\":{\"@type\":\"EntryPoint\",\"urlTemplate\":\"https:\/\/vosgesinfo.fr\/laplainedesvosgesinfo\/?s={search_term_string}\"},\"query-input\":\"required name=search_term_string\"}],\"inLanguage\":\"fr-FR\"},{\"@type\":\"Organization\",\"@id\":\"https:\/\/vosgesinfo.fr\/laplainedesvosgesinfo\/#organization\",\"name\":\"La Plaine des Vosges\",\"url\":\"https:\/\/vosgesinfo.fr\/laplainedesvosgesinfo\/\",\"logo\":{\"@type\":\"ImageObject\",\"inLanguage\":\"fr-FR\",\"@id\":\"https:\/\/vosgesinfo.fr\/laplainedesvosgesinfo\/#\/schema\/logo\/image\/\",\"url\":\"https:\/\/vosgesinfo.fr\/app\/uploads\/sites\/2\/2023\/08\/logo-laplaineinfo.svg\",\"contentUrl\":\"https:\/\/vosgesinfo.fr\/app\/uploads\/sites\/2\/2023\/08\/logo-laplaineinfo.svg\",\"width\":1,\"height\":1,\"caption\":\"La Plaine des Vosges\"},\"image\":{\"@id\":\"https:\/\/vosgesinfo.fr\/laplainedesvosgesinfo\/#\/schema\/logo\/image\/\"},\"sameAs\":[\"https:\/\/www.facebook.com\/laplainedesvosges\",\"https:\/\/x.com\/VosgesInfo88\",\"https:\/\/www.youtube.com\/@vosgesinfo\"]},{\"@type\":\"Person\",\"@id\":\"https:\/\/vosgesinfo.fr\/laplainedesvosgesinfo\/#\/schema\/person\/bc5d02d71e6932e81b6dadb7386667b1\",\"name\":\"qs_admin\",\"image\":{\"@type\":\"ImageObject\",\"inLanguage\":\"fr-FR\",\"@id\":\"https:\/\/vosgesinfo.fr\/laplainedesvosgesinfo\/#\/schema\/person\/image\/\",\"url\":\"https:\/\/secure.gravatar.com\/avatar\/94b18ee0ed79e4a42ea2f2931277b6841a8999fc6fde214600c78057cf1fe1de?s=96&d=mm&r=g\",\"contentUrl\":\"https:\/\/secure.gravatar.com\/avatar\/94b18ee0ed79e4a42ea2f2931277b6841a8999fc6fde214600c78057cf1fe1de?s=96&d=mm&r=g\",\"caption\":\"qs_admin\"},\"sameAs\":[\"https:\/\/vosgesinfo.fr\/wp\"],\"url\":\"https:\/\/vosgesinfo.fr\/laplainedesvosgesinfo\/author\/qs_admin\/\"}]}<\/script>\n<!-- \/ Yoast SEO plugin. -->","yoast_head_json":{"title":"Mirecourt - Le budget au c\u0153ur des tensions - La Plaine des Vosges","robots":{"index":"index","follow":"follow","max-snippet":"max-snippet:-1","max-image-preview":"max-image-preview:large","max-video-preview":"max-video-preview:-1"},"canonical":"https:\/\/vosgesinfo.fr\/laplainedesvosgesinfo\/2016\/03\/mirecourt-le-budget-au-coeur-des-tensions\/","twitter_card":"summary_large_image","twitter_title":"Mirecourt - Le budget au c\u0153ur des tensions - La Plaine des Vosges","twitter_description":"La ville des luthiers souffre de la baisse des dotations depuis 2013. En effet, Mirecourt subit en 2016, une baisse [&hellip;]","twitter_creator":"@VosgesInfo88","twitter_site":"@VosgesInfo88","twitter_misc":{"\u00c9crit par":"qs_admin","Dur\u00e9e de lecture estim\u00e9e":"2 minutes"},"schema":{"@context":"https:\/\/schema.org","@graph":[{"@type":"Article","@id":"https:\/\/vosgesinfo.fr\/laplainedesvosgesinfo\/2016\/03\/mirecourt-le-budget-au-coeur-des-tensions\/#article","isPartOf":{"@id":"https:\/\/vosgesinfo.fr\/laplainedesvosgesinfo\/2016\/03\/mirecourt-le-budget-au-coeur-des-tensions\/"},"author":{"name":"qs_admin","@id":"https:\/\/vosgesinfo.fr\/laplainedesvosgesinfo\/#\/schema\/person\/bc5d02d71e6932e81b6dadb7386667b1"},"headline":"Mirecourt &#8211; Le budget au c\u0153ur des tensions","datePublished":"2016-03-01T07:43:42+00:00","dateModified":"2016-03-01T07:43:42+00:00","mainEntityOfPage":{"@id":"https:\/\/vosgesinfo.fr\/laplainedesvosgesinfo\/2016\/03\/mirecourt-le-budget-au-coeur-des-tensions\/"},"wordCount":498,"commentCount":0,"publisher":{"@id":"https:\/\/vosgesinfo.fr\/laplainedesvosgesinfo\/#organization"},"articleSection":["A la Une","La Plaine","Mirecourt","Politique"],"inLanguage":"fr-FR","potentialAction":[{"@type":"CommentAction","name":"Comment","target":["https:\/\/vosgesinfo.fr\/laplainedesvosgesinfo\/2016\/03\/mirecourt-le-budget-au-coeur-des-tensions\/#respond"]}]},{"@type":"WebPage","@id":"https:\/\/vosgesinfo.fr\/laplainedesvosgesinfo\/2016\/03\/mirecourt-le-budget-au-coeur-des-tensions\/","url":"https:\/\/vosgesinfo.fr\/laplainedesvosgesinfo\/2016\/03\/mirecourt-le-budget-au-coeur-des-tensions\/","name":"Mirecourt - Le budget au c\u0153ur des tensions - La Plaine des Vosges","isPartOf":{"@id":"https:\/\/vosgesinfo.fr\/laplainedesvosgesinfo\/#website"},"datePublished":"2016-03-01T07:43:42+00:00","dateModified":"2016-03-01T07:43:42+00:00","breadcrumb":{"@id":"https:\/\/vosgesinfo.fr\/laplainedesvosgesinfo\/2016\/03\/mirecourt-le-budget-au-coeur-des-tensions\/#breadcrumb"},"inLanguage":"fr-FR","potentialAction":[{"@type":"ReadAction","target":["https:\/\/vosgesinfo.fr\/laplainedesvosgesinfo\/2016\/03\/mirecourt-le-budget-au-coeur-des-tensions\/"]}]},{"@type":"BreadcrumbList","@id":"https:\/\/vosgesinfo.fr\/laplainedesvosgesinfo\/2016\/03\/mirecourt-le-budget-au-coeur-des-tensions\/#breadcrumb","itemListElement":[{"@type":"ListItem","position":1,"name":"Home","item":"https:\/\/vosgesinfo.fr\/laplainedesvosgesinfo\/"},{"@type":"ListItem","position":2,"name":"Mirecourt &#8211; Le budget au c\u0153ur des tensions"}]},{"@type":"WebSite","@id":"https:\/\/vosgesinfo.fr\/laplainedesvosgesinfo\/#website","url":"https:\/\/vosgesinfo.fr\/laplainedesvosgesinfo\/","name":"La Plaine des Vosges","description":"Toute l&#039;actualit\u00e9 de la plaine de Vosges","publisher":{"@id":"https:\/\/vosgesinfo.fr\/laplainedesvosgesinfo\/#organization"},"alternateName":"Toute l'actualit\u00e9 de la plaine des Vosges","potentialAction":[{"@type":"SearchAction","target":{"@type":"EntryPoint","urlTemplate":"https:\/\/vosgesinfo.fr\/laplainedesvosgesinfo\/?s={search_term_string}"},"query-input":"required name=search_term_string"}],"inLanguage":"fr-FR"},{"@type":"Organization","@id":"https:\/\/vosgesinfo.fr\/laplainedesvosgesinfo\/#organization","name":"La Plaine des Vosges","url":"https:\/\/vosgesinfo.fr\/laplainedesvosgesinfo\/","logo":{"@type":"ImageObject","inLanguage":"fr-FR","@id":"https:\/\/vosgesinfo.fr\/laplainedesvosgesinfo\/#\/schema\/logo\/image\/","url":"https:\/\/vosgesinfo.fr\/app\/uploads\/sites\/2\/2023\/08\/logo-laplaineinfo.svg","contentUrl":"https:\/\/vosgesinfo.fr\/app\/uploads\/sites\/2\/2023\/08\/logo-laplaineinfo.svg","width":1,"height":1,"caption":"La Plaine des Vosges"},"image":{"@id":"https:\/\/vosgesinfo.fr\/laplainedesvosgesinfo\/#\/schema\/logo\/image\/"},"sameAs":["https:\/\/www.facebook.com\/laplainedesvosges","https:\/\/x.com\/VosgesInfo88","https:\/\/www.youtube.com\/@vosgesinfo"]},{"@type":"Person","@id":"https:\/\/vosgesinfo.fr\/laplainedesvosgesinfo\/#\/schema\/person\/bc5d02d71e6932e81b6dadb7386667b1","name":"qs_admin","image":{"@type":"ImageObject","inLanguage":"fr-FR","@id":"https:\/\/vosgesinfo.fr\/laplainedesvosgesinfo\/#\/schema\/person\/image\/","url":"https:\/\/secure.gravatar.com\/avatar\/94b18ee0ed79e4a42ea2f2931277b6841a8999fc6fde214600c78057cf1fe1de?s=96&d=mm&r=g","contentUrl":"https:\/\/secure.gravatar.com\/avatar\/94b18ee0ed79e4a42ea2f2931277b6841a8999fc6fde214600c78057cf1fe1de?s=96&d=mm&r=g","caption":"qs_admin"},"sameAs":["https:\/\/vosgesinfo.fr\/wp"],"url":"https:\/\/vosgesinfo.fr\/laplainedesvosgesinfo\/author\/qs_admin\/"}]}},"_links":{"self":[{"href":"https:\/\/vosgesinfo.fr\/laplainedesvosgesinfo\/wp-json\/wp\/v2\/posts\/3063","targetHints":{"allow":["GET"]}}],"collection":[{"href":"https:\/\/vosgesinfo.fr\/laplainedesvosgesinfo\/wp-json\/wp\/v2\/posts"}],"about":[{"href":"https:\/\/vosgesinfo.fr\/laplainedesvosgesinfo\/wp-json\/wp\/v2\/types\/post"}],"author":[{"embeddable":true,"href":"https:\/\/vosgesinfo.fr\/laplainedesvosgesinfo\/wp-json\/wp\/v2\/users\/1"}],"replies":[{"embeddable":true,"href":"https:\/\/vosgesinfo.fr\/laplainedesvosgesinfo\/wp-json\/wp\/v2\/comments?post=3063"}],"version-history":[{"count":0,"href":"https:\/\/vosgesinfo.fr\/laplainedesvosgesinfo\/wp-json\/wp\/v2\/posts\/3063\/revisions"}],"wp:attachment":[{"href":"https:\/\/vosgesinfo.fr\/laplainedesvosgesinfo\/wp-json\/wp\/v2\/media?parent=3063"}],"wp:term":[{"taxonomy":"category","embeddable":true,"href":"https:\/\/vosgesinfo.fr\/laplainedesvosgesinfo\/wp-json\/wp\/v2\/categories?post=3063"},{"taxonomy":"post_tag","embeddable":true,"href":"https:\/\/vosgesinfo.fr\/laplainedesvosgesinfo\/wp-json\/wp\/v2\/tags?post=3063"}],"curies":[{"name":"wp","href":"https:\/\/api.w.org\/{rel}","templated":true}]}}