{"id":30952,"date":"2025-09-07T12:47:20","date_gmt":"2025-09-07T10:47:20","guid":{"rendered":"https:\/\/vosgesinfo.fr\/laplainedesvosgesinfo\/?p=30952"},"modified":"2025-09-07T12:47:20","modified_gmt":"2025-09-07T10:47:20","slug":"video-68%e1%b5%89-coupe-gordon-bennett","status":"publish","type":"post","link":"https:\/\/vosgesinfo.fr\/laplainedesvosgesinfo\/2025\/09\/video-68%e1%b5%89-coupe-gordon-bennett\/","title":{"rendered":"(Vid\u00e9o) 68\u1d49\u00a0Coupe\u00a0Gordon\u00a0Bennett"},"content":{"rendered":"<div><iframe loading=\"lazy\" src=\"\/\/www.youtube.com\/embed\/feTSMPQ9HQo?si=SGyE7UFD7oVZXY8v\" width=\"560\" height=\"314\" allowfullscreen=\"allowfullscreen\"><\/iframe><\/div>\n<div><\/div>\n<div>La 68\u1d49 Coupe Gordon Bennett,\u00a0<wbr \/>partie\u00a0dans\u00a0la\u00a0nuit\u00a0de\u00a0<wbr \/>vendredi\u00a0\u00e0\u00a0samedi\u00a0de\u00a0Metz\u00a0<wbr \/>restera\u00a0grav\u00e9e\u00a0dans\u00a0les\u00a0<wbr \/>m\u00e9moires\u00a0comme\u00a0un\u00a0moment\u00a0de\u00a0<wbr \/>f\u00eate,\u00a0de\u00a0passion\u00a0et\u00a0de\u00a0<wbr \/>d\u00e9passement.<\/div>\n<div>\u00a0Cette\u00a0course\u00a0mondiale\u00a0du\u00a0<wbr \/>ballon\u00a0\u00e0\u00a0gaz\u00a0voit\u00a0s&rsquo;affronter\u00a0<wbr \/>24\u00a0candidats\u00a0qui\u00a0ont\u00a0survol\u00e9\u00a0<wbr \/>les\u00a0Vosges\u00a0ce\u00a0matin.<\/div>\n<div><\/div>\n<div>Lien vid\u00e9o<\/div>\n<div><\/div>\n<div><a href=\"https:\/\/youtu.be\/feTSMPQ9HQo?si=SGyE7UFD7oVZXY8v\" target=\"_blank\" rel=\"noopener\" data-saferedirecturl=\"https:\/\/www.google.com\/url?q=https:\/\/youtu.be\/feTSMPQ9HQo?si%3DSGyE7UFD7oVZXY8v&amp;source=gmail&amp;ust=1757318405585000&amp;usg=AOvVaw2aOSwCJFqQxaRY9rKGbaLM\">https:\/\/youtu.be\/feTSMPQ9HQo?<wbr \/>si=SGyE7UFD7oVZXY8v<\/a><\/div>\n<div><\/div>\n<div>\u00a0Lien pour suivre la course<\/div>\n<div><\/div>\n<div><a href=\"https:\/\/live.gordonbennett.aero\/\" target=\"_blank\" rel=\"noopener\" data-saferedirecturl=\"https:\/\/www.google.com\/url?q=https:\/\/live.gordonbennett.aero\/&amp;source=gmail&amp;ust=1757318405585000&amp;usg=AOvVaw2i_rTlrCOuBwa_lWPNRjWb\">https:\/\/live.gordonbennett.<wbr \/>aero\/<\/a><\/div>\n","protected":false},"excerpt":{"rendered":"<p>La 68\u1d49 Coupe Gordon Bennett,\u00a0partie\u00a0dans\u00a0la\u00a0nuit\u00a0de\u00a0vendredi\u00a0\u00e0\u00a0samedi\u00a0de\u00a0Metz\u00a0restera\u00a0grav\u00e9e\u00a0dans\u00a0les\u00a0m\u00e9moires\u00a0comme\u00a0un\u00a0moment\u00a0de\u00a0f\u00eate,\u00a0de\u00a0passion\u00a0et\u00a0de\u00a0d\u00e9passement. \u00a0Cette\u00a0course\u00a0mondiale\u00a0du\u00a0ballon\u00a0\u00e0\u00a0gaz\u00a0voit\u00a0s&rsquo;affronter\u00a024\u00a0candidats\u00a0qui\u00a0ont\u00a0survol\u00e9\u00a0les\u00a0Vosges\u00a0ce\u00a0matin. Lien vid\u00e9o https:\/\/youtu.be\/feTSMPQ9HQo?si=SGyE7UFD7oVZXY8v \u00a0Lien pour suivre la course https:\/\/live.gordonbennett.aero\/<\/p>\n","protected":false},"author":42,"featured_media":30953,"comment_status":"open","ping_status":"open","sticky":false,"template":"","format":"standard","meta":{"footnotes":""},"categories":[29,383,7328,294,380,381,384,15],"tags":[8725],"class_list":["post-30952","post","type-post","status-publish","format-standard","has-post-thumbnail","hentry","category-a-la-une","category-epinal","category-evenements","category-gerardmer","category-la-plaine-des-vosges","category-remiremont","category-saint-die","category-tourisme","tag-gordon-bennett"],"acf":[],"yoast_head":"<!-- This site is optimized with the Yoast SEO plugin v22.5 - https:\/\/yoast.com\/wordpress\/plugins\/seo\/ -->\n<title>(Vid\u00e9o) 68\u1d49\u00a0Coupe\u00a0Gordon\u00a0Bennett - La Plaine des Vosges<\/title>\n<meta name=\"robots\" content=\"index, follow, max-snippet:-1, max-image-preview:large, max-video-preview:-1\" \/>\n<link rel=\"canonical\" href=\"https:\/\/vosgesinfo.fr\/laplainedesvosgesinfo\/2025\/09\/video-68\u1d49-coupe-gordon-bennett\/\" \/>\n<meta name=\"twitter:card\" content=\"summary_large_image\" \/>\n<meta name=\"twitter:title\" content=\"(Vid\u00e9o) 68\u1d49\u00a0Coupe\u00a0Gordon\u00a0Bennett - La Plaine des Vosges\" \/>\n<meta name=\"twitter:description\" content=\"La 68\u1d49 Coupe Gordon Bennett,\u00a0partie\u00a0dans\u00a0la\u00a0nuit\u00a0de\u00a0vendredi\u00a0\u00e0\u00a0samedi\u00a0de\u00a0Metz\u00a0restera\u00a0grav\u00e9e\u00a0dans\u00a0les\u00a0m\u00e9moires\u00a0comme\u00a0un\u00a0moment\u00a0de\u00a0f\u00eate,\u00a0de\u00a0passion\u00a0et\u00a0de\u00a0d\u00e9passement. \u00a0Cette\u00a0course\u00a0mondiale\u00a0du\u00a0ballon\u00a0\u00e0\u00a0gaz\u00a0voit\u00a0s&rsquo;affronter\u00a024\u00a0candidats\u00a0qui\u00a0ont\u00a0survol\u00e9\u00a0les\u00a0Vosges\u00a0ce\u00a0matin. Lien vid\u00e9o https:\/\/youtu.be\/feTSMPQ9HQo?si=SGyE7UFD7oVZXY8v \u00a0Lien pour suivre la course https:\/\/live.gordonbennett.aero\/\" \/>\n<meta name=\"twitter:image\" content=\"https:\/\/vosgesinfo.fr\/app\/uploads\/sites\/2\/2025\/09\/depart-de-la-68e-coupe-gordon-bennet.png\" \/>\n<meta name=\"twitter:creator\" content=\"@VosgesInfo88\" \/>\n<meta name=\"twitter:site\" content=\"@VosgesInfo88\" \/>\n<meta name=\"twitter:label1\" content=\"\u00c9crit par\" \/>\n\t<meta name=\"twitter:data1\" content=\"QG\" \/>\n<script type=\"application\/ld+json\" class=\"yoast-schema-graph\">{\"@context\":\"https:\/\/schema.org\",\"@graph\":[{\"@type\":\"Article\",\"@id\":\"https:\/\/vosgesinfo.fr\/laplainedesvosgesinfo\/2025\/09\/video-68%e1%b5%89-coupe-gordon-bennett\/#article\",\"isPartOf\":{\"@id\":\"https:\/\/vosgesinfo.fr\/laplainedesvosgesinfo\/2025\/09\/video-68%e1%b5%89-coupe-gordon-bennett\/\"},\"author\":{\"name\":\"QG\",\"@id\":\"https:\/\/vosgesinfo.fr\/laplainedesvosgesinfo\/#\/schema\/person\/db5605779a843dad16b5368f3e7613a5\"},\"headline\":\"(Vid\u00e9o) 68\u1d49\u00a0Coupe\u00a0Gordon\u00a0Bennett\",\"datePublished\":\"2025-09-07T10:47:20+00:00\",\"dateModified\":\"2025-09-07T10:47:20+00:00\",\"mainEntityOfPage\":{\"@id\":\"https:\/\/vosgesinfo.fr\/laplainedesvosgesinfo\/2025\/09\/video-68%e1%b5%89-coupe-gordon-bennett\/\"},\"wordCount\":76,\"commentCount\":0,\"publisher\":{\"@id\":\"https:\/\/vosgesinfo.fr\/laplainedesvosgesinfo\/#organization\"},\"image\":{\"@id\":\"https:\/\/vosgesinfo.fr\/laplainedesvosgesinfo\/2025\/09\/video-68%e1%b5%89-coupe-gordon-bennett\/#primaryimage\"},\"thumbnailUrl\":\"https:\/\/vosgesinfo.fr\/app\/uploads\/sites\/2\/2025\/09\/depart-de-la-68e-coupe-gordon-bennet.png\",\"keywords\":[\"Gordon Bennett\"],\"articleSection\":[\"A la Une\",\"Epinal\",\"Ev\u00e8nements\",\"G\u00e9rardmer\",\"La plaine des vosges\",\"Remiremont\",\"Saint-di\u00e9\",\"Tourisme\"],\"inLanguage\":\"fr-FR\",\"potentialAction\":[{\"@type\":\"CommentAction\",\"name\":\"Comment\",\"target\":[\"https:\/\/vosgesinfo.fr\/laplainedesvosgesinfo\/2025\/09\/video-68%e1%b5%89-coupe-gordon-bennett\/#respond\"]}]},{\"@type\":\"WebPage\",\"@id\":\"https:\/\/vosgesinfo.fr\/laplainedesvosgesinfo\/2025\/09\/video-68%e1%b5%89-coupe-gordon-bennett\/\",\"url\":\"https:\/\/vosgesinfo.fr\/laplainedesvosgesinfo\/2025\/09\/video-68%e1%b5%89-coupe-gordon-bennett\/\",\"name\":\"(Vid\u00e9o) 68\u1d49\u00a0Coupe\u00a0Gordon\u00a0Bennett - La Plaine des Vosges\",\"isPartOf\":{\"@id\":\"https:\/\/vosgesinfo.fr\/laplainedesvosgesinfo\/#website\"},\"primaryImageOfPage\":{\"@id\":\"https:\/\/vosgesinfo.fr\/laplainedesvosgesinfo\/2025\/09\/video-68%e1%b5%89-coupe-gordon-bennett\/#primaryimage\"},\"image\":{\"@id\":\"https:\/\/vosgesinfo.fr\/laplainedesvosgesinfo\/2025\/09\/video-68%e1%b5%89-coupe-gordon-bennett\/#primaryimage\"},\"thumbnailUrl\":\"https:\/\/vosgesinfo.fr\/app\/uploads\/sites\/2\/2025\/09\/depart-de-la-68e-coupe-gordon-bennet.png\",\"datePublished\":\"2025-09-07T10:47:20+00:00\",\"dateModified\":\"2025-09-07T10:47:20+00:00\",\"breadcrumb\":{\"@id\":\"https:\/\/vosgesinfo.fr\/laplainedesvosgesinfo\/2025\/09\/video-68%e1%b5%89-coupe-gordon-bennett\/#breadcrumb\"},\"inLanguage\":\"fr-FR\",\"potentialAction\":[{\"@type\":\"ReadAction\",\"target\":[\"https:\/\/vosgesinfo.fr\/laplainedesvosgesinfo\/2025\/09\/video-68%e1%b5%89-coupe-gordon-bennett\/\"]}]},{\"@type\":\"ImageObject\",\"inLanguage\":\"fr-FR\",\"@id\":\"https:\/\/vosgesinfo.fr\/laplainedesvosgesinfo\/2025\/09\/video-68%e1%b5%89-coupe-gordon-bennett\/#primaryimage\",\"url\":\"https:\/\/vosgesinfo.fr\/app\/uploads\/sites\/2\/2025\/09\/depart-de-la-68e-coupe-gordon-bennet.png\",\"contentUrl\":\"https:\/\/vosgesinfo.fr\/app\/uploads\/sites\/2\/2025\/09\/depart-de-la-68e-coupe-gordon-bennet.png\",\"width\":1175,\"height\":633},{\"@type\":\"BreadcrumbList\",\"@id\":\"https:\/\/vosgesinfo.fr\/laplainedesvosgesinfo\/2025\/09\/video-68%e1%b5%89-coupe-gordon-bennett\/#breadcrumb\",\"itemListElement\":[{\"@type\":\"ListItem\",\"position\":1,\"name\":\"Home\",\"item\":\"https:\/\/vosgesinfo.fr\/laplainedesvosgesinfo\/\"},{\"@type\":\"ListItem\",\"position\":2,\"name\":\"(Vid\u00e9o) 68\u1d49\u00a0Coupe\u00a0Gordon\u00a0Bennett\"}]},{\"@type\":\"WebSite\",\"@id\":\"https:\/\/vosgesinfo.fr\/laplainedesvosgesinfo\/#website\",\"url\":\"https:\/\/vosgesinfo.fr\/laplainedesvosgesinfo\/\",\"name\":\"La Plaine des Vosges\",\"description\":\"Toute l&#039;actualit\u00e9 de la plaine de Vosges\",\"publisher\":{\"@id\":\"https:\/\/vosgesinfo.fr\/laplainedesvosgesinfo\/#organization\"},\"alternateName\":\"Toute l'actualit\u00e9 de la plaine des Vosges\",\"potentialAction\":[{\"@type\":\"SearchAction\",\"target\":{\"@type\":\"EntryPoint\",\"urlTemplate\":\"https:\/\/vosgesinfo.fr\/laplainedesvosgesinfo\/?s={search_term_string}\"},\"query-input\":\"required name=search_term_string\"}],\"inLanguage\":\"fr-FR\"},{\"@type\":\"Organization\",\"@id\":\"https:\/\/vosgesinfo.fr\/laplainedesvosgesinfo\/#organization\",\"name\":\"La Plaine des Vosges\",\"url\":\"https:\/\/vosgesinfo.fr\/laplainedesvosgesinfo\/\",\"logo\":{\"@type\":\"ImageObject\",\"inLanguage\":\"fr-FR\",\"@id\":\"https:\/\/vosgesinfo.fr\/laplainedesvosgesinfo\/#\/schema\/logo\/image\/\",\"url\":\"https:\/\/vosgesinfo.fr\/app\/uploads\/sites\/2\/2023\/08\/logo-laplaineinfo.svg\",\"contentUrl\":\"https:\/\/vosgesinfo.fr\/app\/uploads\/sites\/2\/2023\/08\/logo-laplaineinfo.svg\",\"width\":1,\"height\":1,\"caption\":\"La Plaine des Vosges\"},\"image\":{\"@id\":\"https:\/\/vosgesinfo.fr\/laplainedesvosgesinfo\/#\/schema\/logo\/image\/\"},\"sameAs\":[\"https:\/\/www.facebook.com\/laplainedesvosges\",\"https:\/\/x.com\/VosgesInfo88\",\"https:\/\/www.youtube.com\/@vosgesinfo\"]},{\"@type\":\"Person\",\"@id\":\"https:\/\/vosgesinfo.fr\/laplainedesvosgesinfo\/#\/schema\/person\/db5605779a843dad16b5368f3e7613a5\",\"name\":\"QG\",\"image\":{\"@type\":\"ImageObject\",\"inLanguage\":\"fr-FR\",\"@id\":\"https:\/\/vosgesinfo.fr\/laplainedesvosgesinfo\/#\/schema\/person\/image\/\",\"url\":\"https:\/\/secure.gravatar.com\/avatar\/ea80c42c204b534408512832fde52504ecabb9706bcb6151cf6175e5b64e6793?s=96&d=mm&r=g\",\"contentUrl\":\"https:\/\/secure.gravatar.com\/avatar\/ea80c42c204b534408512832fde52504ecabb9706bcb6151cf6175e5b64e6793?s=96&d=mm&r=g\",\"caption\":\"QG\"},\"url\":\"https:\/\/vosgesinfo.fr\/laplainedesvosgesinfo\/author\/quentin88\/\"}]}<\/script>\n<!-- \/ Yoast SEO plugin. -->","yoast_head_json":{"title":"(Vid\u00e9o) 68\u1d49\u00a0Coupe\u00a0Gordon\u00a0Bennett - La Plaine des Vosges","robots":{"index":"index","follow":"follow","max-snippet":"max-snippet:-1","max-image-preview":"max-image-preview:large","max-video-preview":"max-video-preview:-1"},"canonical":"https:\/\/vosgesinfo.fr\/laplainedesvosgesinfo\/2025\/09\/video-68\u1d49-coupe-gordon-bennett\/","twitter_card":"summary_large_image","twitter_title":"(Vid\u00e9o) 68\u1d49\u00a0Coupe\u00a0Gordon\u00a0Bennett - La Plaine des Vosges","twitter_description":"La 68\u1d49 Coupe Gordon Bennett,\u00a0partie\u00a0dans\u00a0la\u00a0nuit\u00a0de\u00a0vendredi\u00a0\u00e0\u00a0samedi\u00a0de\u00a0Metz\u00a0restera\u00a0grav\u00e9e\u00a0dans\u00a0les\u00a0m\u00e9moires\u00a0comme\u00a0un\u00a0moment\u00a0de\u00a0f\u00eate,\u00a0de\u00a0passion\u00a0et\u00a0de\u00a0d\u00e9passement. \u00a0Cette\u00a0course\u00a0mondiale\u00a0du\u00a0ballon\u00a0\u00e0\u00a0gaz\u00a0voit\u00a0s&rsquo;affronter\u00a024\u00a0candidats\u00a0qui\u00a0ont\u00a0survol\u00e9\u00a0les\u00a0Vosges\u00a0ce\u00a0matin. Lien vid\u00e9o https:\/\/youtu.be\/feTSMPQ9HQo?si=SGyE7UFD7oVZXY8v \u00a0Lien pour suivre la course https:\/\/live.gordonbennett.aero\/","twitter_image":"https:\/\/vosgesinfo.fr\/app\/uploads\/sites\/2\/2025\/09\/depart-de-la-68e-coupe-gordon-bennet.png","twitter_creator":"@VosgesInfo88","twitter_site":"@VosgesInfo88","twitter_misc":{"\u00c9crit par":"QG"},"schema":{"@context":"https:\/\/schema.org","@graph":[{"@type":"Article","@id":"https:\/\/vosgesinfo.fr\/laplainedesvosgesinfo\/2025\/09\/video-68%e1%b5%89-coupe-gordon-bennett\/#article","isPartOf":{"@id":"https:\/\/vosgesinfo.fr\/laplainedesvosgesinfo\/2025\/09\/video-68%e1%b5%89-coupe-gordon-bennett\/"},"author":{"name":"QG","@id":"https:\/\/vosgesinfo.fr\/laplainedesvosgesinfo\/#\/schema\/person\/db5605779a843dad16b5368f3e7613a5"},"headline":"(Vid\u00e9o) 68\u1d49\u00a0Coupe\u00a0Gordon\u00a0Bennett","datePublished":"2025-09-07T10:47:20+00:00","dateModified":"2025-09-07T10:47:20+00:00","mainEntityOfPage":{"@id":"https:\/\/vosgesinfo.fr\/laplainedesvosgesinfo\/2025\/09\/video-68%e1%b5%89-coupe-gordon-bennett\/"},"wordCount":76,"commentCount":0,"publisher":{"@id":"https:\/\/vosgesinfo.fr\/laplainedesvosgesinfo\/#organization"},"image":{"@id":"https:\/\/vosgesinfo.fr\/laplainedesvosgesinfo\/2025\/09\/video-68%e1%b5%89-coupe-gordon-bennett\/#primaryimage"},"thumbnailUrl":"https:\/\/vosgesinfo.fr\/app\/uploads\/sites\/2\/2025\/09\/depart-de-la-68e-coupe-gordon-bennet.png","keywords":["Gordon Bennett"],"articleSection":["A la Une","Epinal","Ev\u00e8nements","G\u00e9rardmer","La plaine des vosges","Remiremont","Saint-di\u00e9","Tourisme"],"inLanguage":"fr-FR","potentialAction":[{"@type":"CommentAction","name":"Comment","target":["https:\/\/vosgesinfo.fr\/laplainedesvosgesinfo\/2025\/09\/video-68%e1%b5%89-coupe-gordon-bennett\/#respond"]}]},{"@type":"WebPage","@id":"https:\/\/vosgesinfo.fr\/laplainedesvosgesinfo\/2025\/09\/video-68%e1%b5%89-coupe-gordon-bennett\/","url":"https:\/\/vosgesinfo.fr\/laplainedesvosgesinfo\/2025\/09\/video-68%e1%b5%89-coupe-gordon-bennett\/","name":"(Vid\u00e9o) 68\u1d49\u00a0Coupe\u00a0Gordon\u00a0Bennett - La Plaine des Vosges","isPartOf":{"@id":"https:\/\/vosgesinfo.fr\/laplainedesvosgesinfo\/#website"},"primaryImageOfPage":{"@id":"https:\/\/vosgesinfo.fr\/laplainedesvosgesinfo\/2025\/09\/video-68%e1%b5%89-coupe-gordon-bennett\/#primaryimage"},"image":{"@id":"https:\/\/vosgesinfo.fr\/laplainedesvosgesinfo\/2025\/09\/video-68%e1%b5%89-coupe-gordon-bennett\/#primaryimage"},"thumbnailUrl":"https:\/\/vosgesinfo.fr\/app\/uploads\/sites\/2\/2025\/09\/depart-de-la-68e-coupe-gordon-bennet.png","datePublished":"2025-09-07T10:47:20+00:00","dateModified":"2025-09-07T10:47:20+00:00","breadcrumb":{"@id":"https:\/\/vosgesinfo.fr\/laplainedesvosgesinfo\/2025\/09\/video-68%e1%b5%89-coupe-gordon-bennett\/#breadcrumb"},"inLanguage":"fr-FR","potentialAction":[{"@type":"ReadAction","target":["https:\/\/vosgesinfo.fr\/laplainedesvosgesinfo\/2025\/09\/video-68%e1%b5%89-coupe-gordon-bennett\/"]}]},{"@type":"ImageObject","inLanguage":"fr-FR","@id":"https:\/\/vosgesinfo.fr\/laplainedesvosgesinfo\/2025\/09\/video-68%e1%b5%89-coupe-gordon-bennett\/#primaryimage","url":"https:\/\/vosgesinfo.fr\/app\/uploads\/sites\/2\/2025\/09\/depart-de-la-68e-coupe-gordon-bennet.png","contentUrl":"https:\/\/vosgesinfo.fr\/app\/uploads\/sites\/2\/2025\/09\/depart-de-la-68e-coupe-gordon-bennet.png","width":1175,"height":633},{"@type":"BreadcrumbList","@id":"https:\/\/vosgesinfo.fr\/laplainedesvosgesinfo\/2025\/09\/video-68%e1%b5%89-coupe-gordon-bennett\/#breadcrumb","itemListElement":[{"@type":"ListItem","position":1,"name":"Home","item":"https:\/\/vosgesinfo.fr\/laplainedesvosgesinfo\/"},{"@type":"ListItem","position":2,"name":"(Vid\u00e9o) 68\u1d49\u00a0Coupe\u00a0Gordon\u00a0Bennett"}]},{"@type":"WebSite","@id":"https:\/\/vosgesinfo.fr\/laplainedesvosgesinfo\/#website","url":"https:\/\/vosgesinfo.fr\/laplainedesvosgesinfo\/","name":"La Plaine des Vosges","description":"Toute l&#039;actualit\u00e9 de la plaine de Vosges","publisher":{"@id":"https:\/\/vosgesinfo.fr\/laplainedesvosgesinfo\/#organization"},"alternateName":"Toute l'actualit\u00e9 de la plaine des Vosges","potentialAction":[{"@type":"SearchAction","target":{"@type":"EntryPoint","urlTemplate":"https:\/\/vosgesinfo.fr\/laplainedesvosgesinfo\/?s={search_term_string}"},"query-input":"required name=search_term_string"}],"inLanguage":"fr-FR"},{"@type":"Organization","@id":"https:\/\/vosgesinfo.fr\/laplainedesvosgesinfo\/#organization","name":"La Plaine des Vosges","url":"https:\/\/vosgesinfo.fr\/laplainedesvosgesinfo\/","logo":{"@type":"ImageObject","inLanguage":"fr-FR","@id":"https:\/\/vosgesinfo.fr\/laplainedesvosgesinfo\/#\/schema\/logo\/image\/","url":"https:\/\/vosgesinfo.fr\/app\/uploads\/sites\/2\/2023\/08\/logo-laplaineinfo.svg","contentUrl":"https:\/\/vosgesinfo.fr\/app\/uploads\/sites\/2\/2023\/08\/logo-laplaineinfo.svg","width":1,"height":1,"caption":"La Plaine des Vosges"},"image":{"@id":"https:\/\/vosgesinfo.fr\/laplainedesvosgesinfo\/#\/schema\/logo\/image\/"},"sameAs":["https:\/\/www.facebook.com\/laplainedesvosges","https:\/\/x.com\/VosgesInfo88","https:\/\/www.youtube.com\/@vosgesinfo"]},{"@type":"Person","@id":"https:\/\/vosgesinfo.fr\/laplainedesvosgesinfo\/#\/schema\/person\/db5605779a843dad16b5368f3e7613a5","name":"QG","image":{"@type":"ImageObject","inLanguage":"fr-FR","@id":"https:\/\/vosgesinfo.fr\/laplainedesvosgesinfo\/#\/schema\/person\/image\/","url":"https:\/\/secure.gravatar.com\/avatar\/ea80c42c204b534408512832fde52504ecabb9706bcb6151cf6175e5b64e6793?s=96&d=mm&r=g","contentUrl":"https:\/\/secure.gravatar.com\/avatar\/ea80c42c204b534408512832fde52504ecabb9706bcb6151cf6175e5b64e6793?s=96&d=mm&r=g","caption":"QG"},"url":"https:\/\/vosgesinfo.fr\/laplainedesvosgesinfo\/author\/quentin88\/"}]}},"_links":{"self":[{"href":"https:\/\/vosgesinfo.fr\/laplainedesvosgesinfo\/wp-json\/wp\/v2\/posts\/30952","targetHints":{"allow":["GET"]}}],"collection":[{"href":"https:\/\/vosgesinfo.fr\/laplainedesvosgesinfo\/wp-json\/wp\/v2\/posts"}],"about":[{"href":"https:\/\/vosgesinfo.fr\/laplainedesvosgesinfo\/wp-json\/wp\/v2\/types\/post"}],"author":[{"embeddable":true,"href":"https:\/\/vosgesinfo.fr\/laplainedesvosgesinfo\/wp-json\/wp\/v2\/users\/42"}],"replies":[{"embeddable":true,"href":"https:\/\/vosgesinfo.fr\/laplainedesvosgesinfo\/wp-json\/wp\/v2\/comments?post=30952"}],"version-history":[{"count":0,"href":"https:\/\/vosgesinfo.fr\/laplainedesvosgesinfo\/wp-json\/wp\/v2\/posts\/30952\/revisions"}],"wp:featuredmedia":[{"embeddable":true,"href":"https:\/\/vosgesinfo.fr\/laplainedesvosgesinfo\/wp-json\/wp\/v2\/media\/30953"}],"wp:attachment":[{"href":"https:\/\/vosgesinfo.fr\/laplainedesvosgesinfo\/wp-json\/wp\/v2\/media?parent=30952"}],"wp:term":[{"taxonomy":"category","embeddable":true,"href":"https:\/\/vosgesinfo.fr\/laplainedesvosgesinfo\/wp-json\/wp\/v2\/categories?post=30952"},{"taxonomy":"post_tag","embeddable":true,"href":"https:\/\/vosgesinfo.fr\/laplainedesvosgesinfo\/wp-json\/wp\/v2\/tags?post=30952"}],"curies":[{"name":"wp","href":"https:\/\/api.w.org\/{rel}","templated":true}]}}