{"id":31427,"date":"2025-10-20T07:00:37","date_gmt":"2025-10-20T05:00:37","guid":{"rendered":"https:\/\/vosgesinfo.fr\/laplainedesvosgesinfo\/?p=31427"},"modified":"2025-10-20T07:00:37","modified_gmt":"2025-10-20T05:00:37","slug":"concert-de-lorchestre-la-belle-image-etoiles-montantes","status":"publish","type":"post","link":"https:\/\/vosgesinfo.fr\/laplainedesvosgesinfo\/2025\/10\/concert-de-lorchestre-la-belle-image-etoiles-montantes\/","title":{"rendered":"Concert de l\u2019Orchestre la belle image : \u00c9toiles montantes"},"content":{"rendered":"<h2><strong><a href=\"https:\/\/vosgesinfo.fr\/app\/uploads\/sites\/3\/2025\/10\/banniereetage-epinalinfos-concertetoilesmontantes.jpg\"><img decoding=\"async\" class=\"aligncenter size-full wp-image-136354\" src=\"https:\/\/vosgesinfo.fr\/app\/uploads\/sites\/3\/2025\/10\/banniereetage-epinalinfos-concertetoilesmontantes.jpg\" alt=\"\" width=\"1920\" height=\"974\" \/><\/a>Venez assister, lors de cette soir\u00e9e, \u00e0 la rencontre entre deux figures montantes de la musique\u00a0: Jaewon WEE, 1<sup>er<\/sup> prix du Concours international de Violon de Mirecourt (2023) et Swann VAN RECHEM, Grand Prix du Concours international de Chefs d\u2019Orchestre de Besan\u00e7on (2023).<\/strong><\/h2>\n<p>Ils s\u2019uniront au sein d\u2019un programme avec orchestre pens\u00e9 comme un grand crescendo d\u2019expressivit\u00e9 et de virtuosit\u00e9.<\/p>\n<p>Programmation\u00a0:<\/p>\n<ul>\n<li><em>Aux \u00e9toiles <\/em>d\u2019Henri DUPARC<\/li>\n<li><em>A Song of the Night <\/em>de Gustav HOLST<\/li>\n<li><em>Introduction et rondo capriccioso<\/em>de Camille SAINT-SA\u00cbNS<\/li>\n<li><em>Symphonie n\u00b04 \u00ab\u00a0Italienne\u00a0\u00bb <\/em>de Felix MENDELSSOHN<\/li>\n<\/ul>\n<p>&nbsp;<\/p>\n<p><strong>Samedi 15\/11 \u00e0 18h <\/strong>\u00e0 l\u2019auditorium de La Louvi\u00e8re \u2013 \u00c9pinal<\/p>\n<p>&nbsp;<\/p>\n<p>Infos et r\u00e9servation\u00a0: <a href=\"https:\/\/boutique.epinal.fr\/spectacles\/ensemble-orchestral-epinal-la-belle-image\/etoiles-montantes\"><strong>https:\/\/boutique.epinal.fr\/spectacles\/ensemble-orchestral-epinal-la-belle-image\/etoiles-montantes<\/strong><\/a><\/p>\n","protected":false},"excerpt":{"rendered":"<p>Venez assister, lors de cette soir\u00e9e, \u00e0 la rencontre entre deux figures montantes de la musique\u00a0: Jaewon WEE, 1er prix [&hellip;]<\/p>\n","protected":false},"author":52,"featured_media":31428,"comment_status":"open","ping_status":"open","sticky":false,"template":"","format":"standard","meta":{"footnotes":""},"categories":[29,383,294,380,396,114,381,384],"tags":[],"class_list":["post-31427","post","type-post","status-publish","format-standard","has-post-thumbnail","hentry","category-a-la-une","category-epinal","category-gerardmer","category-la-plaine-des-vosges","category-publi-reportage","category-publireportage","category-remiremont","category-saint-die"],"acf":[],"yoast_head":"<!-- This site is optimized with the Yoast SEO plugin v22.5 - https:\/\/yoast.com\/wordpress\/plugins\/seo\/ -->\n<title>Concert de l\u2019Orchestre la belle image : \u00c9toiles montantes - La Plaine des Vosges<\/title>\n<meta name=\"robots\" content=\"index, follow, max-snippet:-1, max-image-preview:large, max-video-preview:-1\" \/>\n<link rel=\"canonical\" href=\"https:\/\/vosgesinfo.fr\/laplainedesvosgesinfo\/2025\/10\/concert-de-lorchestre-la-belle-image-etoiles-montantes\/\" \/>\n<meta name=\"twitter:card\" content=\"summary_large_image\" \/>\n<meta name=\"twitter:title\" content=\"Concert de l\u2019Orchestre la belle image : \u00c9toiles montantes - La Plaine des Vosges\" \/>\n<meta name=\"twitter:description\" content=\"Venez assister, lors de cette soir\u00e9e, \u00e0 la rencontre entre deux figures montantes de la musique\u00a0: Jaewon WEE, 1er prix [&hellip;]\" \/>\n<meta name=\"twitter:image\" content=\"https:\/\/vosgesinfo.fr\/app\/uploads\/sites\/2\/2025\/10\/banniereetage-epinalinfos-concertetoilesmontantes.jpg\" \/>\n<meta name=\"twitter:creator\" content=\"@VosgesInfo88\" \/>\n<meta name=\"twitter:site\" content=\"@VosgesInfo88\" \/>\n<meta name=\"twitter:label1\" content=\"\u00c9crit par\" \/>\n\t<meta name=\"twitter:data1\" content=\"C.K.\" \/>\n\t<meta name=\"twitter:label2\" content=\"Dur\u00e9e de lecture estim\u00e9e\" \/>\n\t<meta name=\"twitter:data2\" content=\"1 minute\" \/>\n<script type=\"application\/ld+json\" class=\"yoast-schema-graph\">{\"@context\":\"https:\/\/schema.org\",\"@graph\":[{\"@type\":\"Article\",\"@id\":\"https:\/\/vosgesinfo.fr\/laplainedesvosgesinfo\/2025\/10\/concert-de-lorchestre-la-belle-image-etoiles-montantes\/#article\",\"isPartOf\":{\"@id\":\"https:\/\/vosgesinfo.fr\/laplainedesvosgesinfo\/2025\/10\/concert-de-lorchestre-la-belle-image-etoiles-montantes\/\"},\"author\":{\"name\":\"C.K.\",\"@id\":\"https:\/\/vosgesinfo.fr\/laplainedesvosgesinfo\/#\/schema\/person\/6f9a650eeea99d969b6c4ab78fccbe81\"},\"headline\":\"Concert de l\u2019Orchestre la belle image : \u00c9toiles montantes\",\"datePublished\":\"2025-10-20T05:00:37+00:00\",\"dateModified\":\"2025-10-20T05:00:37+00:00\",\"mainEntityOfPage\":{\"@id\":\"https:\/\/vosgesinfo.fr\/laplainedesvosgesinfo\/2025\/10\/concert-de-lorchestre-la-belle-image-etoiles-montantes\/\"},\"wordCount\":121,\"commentCount\":0,\"publisher\":{\"@id\":\"https:\/\/vosgesinfo.fr\/laplainedesvosgesinfo\/#organization\"},\"image\":{\"@id\":\"https:\/\/vosgesinfo.fr\/laplainedesvosgesinfo\/2025\/10\/concert-de-lorchestre-la-belle-image-etoiles-montantes\/#primaryimage\"},\"thumbnailUrl\":\"https:\/\/vosgesinfo.fr\/app\/uploads\/sites\/2\/2025\/10\/banniereetage-epinalinfos-concertetoilesmontantes.jpg\",\"articleSection\":[\"A la Une\",\"Epinal\",\"G\u00e9rardmer\",\"La plaine des vosges\",\"Publi-reportage\",\"Publireportage\",\"Remiremont\",\"Saint-di\u00e9\"],\"inLanguage\":\"fr-FR\",\"potentialAction\":[{\"@type\":\"CommentAction\",\"name\":\"Comment\",\"target\":[\"https:\/\/vosgesinfo.fr\/laplainedesvosgesinfo\/2025\/10\/concert-de-lorchestre-la-belle-image-etoiles-montantes\/#respond\"]}]},{\"@type\":\"WebPage\",\"@id\":\"https:\/\/vosgesinfo.fr\/laplainedesvosgesinfo\/2025\/10\/concert-de-lorchestre-la-belle-image-etoiles-montantes\/\",\"url\":\"https:\/\/vosgesinfo.fr\/laplainedesvosgesinfo\/2025\/10\/concert-de-lorchestre-la-belle-image-etoiles-montantes\/\",\"name\":\"Concert de l\u2019Orchestre la belle image : \u00c9toiles montantes - La Plaine des Vosges\",\"isPartOf\":{\"@id\":\"https:\/\/vosgesinfo.fr\/laplainedesvosgesinfo\/#website\"},\"primaryImageOfPage\":{\"@id\":\"https:\/\/vosgesinfo.fr\/laplainedesvosgesinfo\/2025\/10\/concert-de-lorchestre-la-belle-image-etoiles-montantes\/#primaryimage\"},\"image\":{\"@id\":\"https:\/\/vosgesinfo.fr\/laplainedesvosgesinfo\/2025\/10\/concert-de-lorchestre-la-belle-image-etoiles-montantes\/#primaryimage\"},\"thumbnailUrl\":\"https:\/\/vosgesinfo.fr\/app\/uploads\/sites\/2\/2025\/10\/banniereetage-epinalinfos-concertetoilesmontantes.jpg\",\"datePublished\":\"2025-10-20T05:00:37+00:00\",\"dateModified\":\"2025-10-20T05:00:37+00:00\",\"breadcrumb\":{\"@id\":\"https:\/\/vosgesinfo.fr\/laplainedesvosgesinfo\/2025\/10\/concert-de-lorchestre-la-belle-image-etoiles-montantes\/#breadcrumb\"},\"inLanguage\":\"fr-FR\",\"potentialAction\":[{\"@type\":\"ReadAction\",\"target\":[\"https:\/\/vosgesinfo.fr\/laplainedesvosgesinfo\/2025\/10\/concert-de-lorchestre-la-belle-image-etoiles-montantes\/\"]}]},{\"@type\":\"ImageObject\",\"inLanguage\":\"fr-FR\",\"@id\":\"https:\/\/vosgesinfo.fr\/laplainedesvosgesinfo\/2025\/10\/concert-de-lorchestre-la-belle-image-etoiles-montantes\/#primaryimage\",\"url\":\"https:\/\/vosgesinfo.fr\/app\/uploads\/sites\/2\/2025\/10\/banniereetage-epinalinfos-concertetoilesmontantes.jpg\",\"contentUrl\":\"https:\/\/vosgesinfo.fr\/app\/uploads\/sites\/2\/2025\/10\/banniereetage-epinalinfos-concertetoilesmontantes.jpg\",\"width\":1920,\"height\":974},{\"@type\":\"BreadcrumbList\",\"@id\":\"https:\/\/vosgesinfo.fr\/laplainedesvosgesinfo\/2025\/10\/concert-de-lorchestre-la-belle-image-etoiles-montantes\/#breadcrumb\",\"itemListElement\":[{\"@type\":\"ListItem\",\"position\":1,\"name\":\"Home\",\"item\":\"https:\/\/vosgesinfo.fr\/laplainedesvosgesinfo\/\"},{\"@type\":\"ListItem\",\"position\":2,\"name\":\"Concert de l\u2019Orchestre la belle image : \u00c9toiles montantes\"}]},{\"@type\":\"WebSite\",\"@id\":\"https:\/\/vosgesinfo.fr\/laplainedesvosgesinfo\/#website\",\"url\":\"https:\/\/vosgesinfo.fr\/laplainedesvosgesinfo\/\",\"name\":\"La Plaine des Vosges\",\"description\":\"Toute l&#039;actualit\u00e9 de la plaine de Vosges\",\"publisher\":{\"@id\":\"https:\/\/vosgesinfo.fr\/laplainedesvosgesinfo\/#organization\"},\"alternateName\":\"Toute l'actualit\u00e9 de la plaine des Vosges\",\"potentialAction\":[{\"@type\":\"SearchAction\",\"target\":{\"@type\":\"EntryPoint\",\"urlTemplate\":\"https:\/\/vosgesinfo.fr\/laplainedesvosgesinfo\/?s={search_term_string}\"},\"query-input\":\"required name=search_term_string\"}],\"inLanguage\":\"fr-FR\"},{\"@type\":\"Organization\",\"@id\":\"https:\/\/vosgesinfo.fr\/laplainedesvosgesinfo\/#organization\",\"name\":\"La Plaine des Vosges\",\"url\":\"https:\/\/vosgesinfo.fr\/laplainedesvosgesinfo\/\",\"logo\":{\"@type\":\"ImageObject\",\"inLanguage\":\"fr-FR\",\"@id\":\"https:\/\/vosgesinfo.fr\/laplainedesvosgesinfo\/#\/schema\/logo\/image\/\",\"url\":\"https:\/\/vosgesinfo.fr\/app\/uploads\/sites\/2\/2023\/08\/logo-laplaineinfo.svg\",\"contentUrl\":\"https:\/\/vosgesinfo.fr\/app\/uploads\/sites\/2\/2023\/08\/logo-laplaineinfo.svg\",\"width\":1,\"height\":1,\"caption\":\"La Plaine des Vosges\"},\"image\":{\"@id\":\"https:\/\/vosgesinfo.fr\/laplainedesvosgesinfo\/#\/schema\/logo\/image\/\"},\"sameAs\":[\"https:\/\/www.facebook.com\/laplainedesvosges\",\"https:\/\/x.com\/VosgesInfo88\",\"https:\/\/www.youtube.com\/@vosgesinfo\"]},{\"@type\":\"Person\",\"@id\":\"https:\/\/vosgesinfo.fr\/laplainedesvosgesinfo\/#\/schema\/person\/6f9a650eeea99d969b6c4ab78fccbe81\",\"name\":\"C.K.\",\"image\":{\"@type\":\"ImageObject\",\"inLanguage\":\"fr-FR\",\"@id\":\"https:\/\/vosgesinfo.fr\/laplainedesvosgesinfo\/#\/schema\/person\/image\/\",\"url\":\"https:\/\/secure.gravatar.com\/avatar\/48e3fc7f8421ba8942be6b74a2b7f014ca39bc00dece156b7a8e098ae7dc87bf?s=96&d=mm&r=g\",\"contentUrl\":\"https:\/\/secure.gravatar.com\/avatar\/48e3fc7f8421ba8942be6b74a2b7f014ca39bc00dece156b7a8e098ae7dc87bf?s=96&d=mm&r=g\",\"caption\":\"C.K.\"},\"url\":\"https:\/\/vosgesinfo.fr\/laplainedesvosgesinfo\/author\/celia-k-n\/\"}]}<\/script>\n<!-- \/ Yoast SEO plugin. -->","yoast_head_json":{"title":"Concert de l\u2019Orchestre la belle image : \u00c9toiles montantes - La Plaine des Vosges","robots":{"index":"index","follow":"follow","max-snippet":"max-snippet:-1","max-image-preview":"max-image-preview:large","max-video-preview":"max-video-preview:-1"},"canonical":"https:\/\/vosgesinfo.fr\/laplainedesvosgesinfo\/2025\/10\/concert-de-lorchestre-la-belle-image-etoiles-montantes\/","twitter_card":"summary_large_image","twitter_title":"Concert de l\u2019Orchestre la belle image : \u00c9toiles montantes - La Plaine des Vosges","twitter_description":"Venez assister, lors de cette soir\u00e9e, \u00e0 la rencontre entre deux figures montantes de la musique\u00a0: Jaewon WEE, 1er prix [&hellip;]","twitter_image":"https:\/\/vosgesinfo.fr\/app\/uploads\/sites\/2\/2025\/10\/banniereetage-epinalinfos-concertetoilesmontantes.jpg","twitter_creator":"@VosgesInfo88","twitter_site":"@VosgesInfo88","twitter_misc":{"\u00c9crit par":"C.K.","Dur\u00e9e de lecture estim\u00e9e":"1 minute"},"schema":{"@context":"https:\/\/schema.org","@graph":[{"@type":"Article","@id":"https:\/\/vosgesinfo.fr\/laplainedesvosgesinfo\/2025\/10\/concert-de-lorchestre-la-belle-image-etoiles-montantes\/#article","isPartOf":{"@id":"https:\/\/vosgesinfo.fr\/laplainedesvosgesinfo\/2025\/10\/concert-de-lorchestre-la-belle-image-etoiles-montantes\/"},"author":{"name":"C.K.","@id":"https:\/\/vosgesinfo.fr\/laplainedesvosgesinfo\/#\/schema\/person\/6f9a650eeea99d969b6c4ab78fccbe81"},"headline":"Concert de l\u2019Orchestre la belle image : \u00c9toiles montantes","datePublished":"2025-10-20T05:00:37+00:00","dateModified":"2025-10-20T05:00:37+00:00","mainEntityOfPage":{"@id":"https:\/\/vosgesinfo.fr\/laplainedesvosgesinfo\/2025\/10\/concert-de-lorchestre-la-belle-image-etoiles-montantes\/"},"wordCount":121,"commentCount":0,"publisher":{"@id":"https:\/\/vosgesinfo.fr\/laplainedesvosgesinfo\/#organization"},"image":{"@id":"https:\/\/vosgesinfo.fr\/laplainedesvosgesinfo\/2025\/10\/concert-de-lorchestre-la-belle-image-etoiles-montantes\/#primaryimage"},"thumbnailUrl":"https:\/\/vosgesinfo.fr\/app\/uploads\/sites\/2\/2025\/10\/banniereetage-epinalinfos-concertetoilesmontantes.jpg","articleSection":["A la Une","Epinal","G\u00e9rardmer","La plaine des vosges","Publi-reportage","Publireportage","Remiremont","Saint-di\u00e9"],"inLanguage":"fr-FR","potentialAction":[{"@type":"CommentAction","name":"Comment","target":["https:\/\/vosgesinfo.fr\/laplainedesvosgesinfo\/2025\/10\/concert-de-lorchestre-la-belle-image-etoiles-montantes\/#respond"]}]},{"@type":"WebPage","@id":"https:\/\/vosgesinfo.fr\/laplainedesvosgesinfo\/2025\/10\/concert-de-lorchestre-la-belle-image-etoiles-montantes\/","url":"https:\/\/vosgesinfo.fr\/laplainedesvosgesinfo\/2025\/10\/concert-de-lorchestre-la-belle-image-etoiles-montantes\/","name":"Concert de l\u2019Orchestre la belle image : \u00c9toiles montantes - La Plaine des Vosges","isPartOf":{"@id":"https:\/\/vosgesinfo.fr\/laplainedesvosgesinfo\/#website"},"primaryImageOfPage":{"@id":"https:\/\/vosgesinfo.fr\/laplainedesvosgesinfo\/2025\/10\/concert-de-lorchestre-la-belle-image-etoiles-montantes\/#primaryimage"},"image":{"@id":"https:\/\/vosgesinfo.fr\/laplainedesvosgesinfo\/2025\/10\/concert-de-lorchestre-la-belle-image-etoiles-montantes\/#primaryimage"},"thumbnailUrl":"https:\/\/vosgesinfo.fr\/app\/uploads\/sites\/2\/2025\/10\/banniereetage-epinalinfos-concertetoilesmontantes.jpg","datePublished":"2025-10-20T05:00:37+00:00","dateModified":"2025-10-20T05:00:37+00:00","breadcrumb":{"@id":"https:\/\/vosgesinfo.fr\/laplainedesvosgesinfo\/2025\/10\/concert-de-lorchestre-la-belle-image-etoiles-montantes\/#breadcrumb"},"inLanguage":"fr-FR","potentialAction":[{"@type":"ReadAction","target":["https:\/\/vosgesinfo.fr\/laplainedesvosgesinfo\/2025\/10\/concert-de-lorchestre-la-belle-image-etoiles-montantes\/"]}]},{"@type":"ImageObject","inLanguage":"fr-FR","@id":"https:\/\/vosgesinfo.fr\/laplainedesvosgesinfo\/2025\/10\/concert-de-lorchestre-la-belle-image-etoiles-montantes\/#primaryimage","url":"https:\/\/vosgesinfo.fr\/app\/uploads\/sites\/2\/2025\/10\/banniereetage-epinalinfos-concertetoilesmontantes.jpg","contentUrl":"https:\/\/vosgesinfo.fr\/app\/uploads\/sites\/2\/2025\/10\/banniereetage-epinalinfos-concertetoilesmontantes.jpg","width":1920,"height":974},{"@type":"BreadcrumbList","@id":"https:\/\/vosgesinfo.fr\/laplainedesvosgesinfo\/2025\/10\/concert-de-lorchestre-la-belle-image-etoiles-montantes\/#breadcrumb","itemListElement":[{"@type":"ListItem","position":1,"name":"Home","item":"https:\/\/vosgesinfo.fr\/laplainedesvosgesinfo\/"},{"@type":"ListItem","position":2,"name":"Concert de l\u2019Orchestre la belle image : \u00c9toiles montantes"}]},{"@type":"WebSite","@id":"https:\/\/vosgesinfo.fr\/laplainedesvosgesinfo\/#website","url":"https:\/\/vosgesinfo.fr\/laplainedesvosgesinfo\/","name":"La Plaine des Vosges","description":"Toute l&#039;actualit\u00e9 de la plaine de Vosges","publisher":{"@id":"https:\/\/vosgesinfo.fr\/laplainedesvosgesinfo\/#organization"},"alternateName":"Toute l'actualit\u00e9 de la plaine des Vosges","potentialAction":[{"@type":"SearchAction","target":{"@type":"EntryPoint","urlTemplate":"https:\/\/vosgesinfo.fr\/laplainedesvosgesinfo\/?s={search_term_string}"},"query-input":"required name=search_term_string"}],"inLanguage":"fr-FR"},{"@type":"Organization","@id":"https:\/\/vosgesinfo.fr\/laplainedesvosgesinfo\/#organization","name":"La Plaine des Vosges","url":"https:\/\/vosgesinfo.fr\/laplainedesvosgesinfo\/","logo":{"@type":"ImageObject","inLanguage":"fr-FR","@id":"https:\/\/vosgesinfo.fr\/laplainedesvosgesinfo\/#\/schema\/logo\/image\/","url":"https:\/\/vosgesinfo.fr\/app\/uploads\/sites\/2\/2023\/08\/logo-laplaineinfo.svg","contentUrl":"https:\/\/vosgesinfo.fr\/app\/uploads\/sites\/2\/2023\/08\/logo-laplaineinfo.svg","width":1,"height":1,"caption":"La Plaine des Vosges"},"image":{"@id":"https:\/\/vosgesinfo.fr\/laplainedesvosgesinfo\/#\/schema\/logo\/image\/"},"sameAs":["https:\/\/www.facebook.com\/laplainedesvosges","https:\/\/x.com\/VosgesInfo88","https:\/\/www.youtube.com\/@vosgesinfo"]},{"@type":"Person","@id":"https:\/\/vosgesinfo.fr\/laplainedesvosgesinfo\/#\/schema\/person\/6f9a650eeea99d969b6c4ab78fccbe81","name":"C.K.","image":{"@type":"ImageObject","inLanguage":"fr-FR","@id":"https:\/\/vosgesinfo.fr\/laplainedesvosgesinfo\/#\/schema\/person\/image\/","url":"https:\/\/secure.gravatar.com\/avatar\/48e3fc7f8421ba8942be6b74a2b7f014ca39bc00dece156b7a8e098ae7dc87bf?s=96&d=mm&r=g","contentUrl":"https:\/\/secure.gravatar.com\/avatar\/48e3fc7f8421ba8942be6b74a2b7f014ca39bc00dece156b7a8e098ae7dc87bf?s=96&d=mm&r=g","caption":"C.K."},"url":"https:\/\/vosgesinfo.fr\/laplainedesvosgesinfo\/author\/celia-k-n\/"}]}},"_links":{"self":[{"href":"https:\/\/vosgesinfo.fr\/laplainedesvosgesinfo\/wp-json\/wp\/v2\/posts\/31427","targetHints":{"allow":["GET"]}}],"collection":[{"href":"https:\/\/vosgesinfo.fr\/laplainedesvosgesinfo\/wp-json\/wp\/v2\/posts"}],"about":[{"href":"https:\/\/vosgesinfo.fr\/laplainedesvosgesinfo\/wp-json\/wp\/v2\/types\/post"}],"author":[{"embeddable":true,"href":"https:\/\/vosgesinfo.fr\/laplainedesvosgesinfo\/wp-json\/wp\/v2\/users\/52"}],"replies":[{"embeddable":true,"href":"https:\/\/vosgesinfo.fr\/laplainedesvosgesinfo\/wp-json\/wp\/v2\/comments?post=31427"}],"version-history":[{"count":1,"href":"https:\/\/vosgesinfo.fr\/laplainedesvosgesinfo\/wp-json\/wp\/v2\/posts\/31427\/revisions"}],"predecessor-version":[{"id":31446,"href":"https:\/\/vosgesinfo.fr\/laplainedesvosgesinfo\/wp-json\/wp\/v2\/posts\/31427\/revisions\/31446"}],"wp:featuredmedia":[{"embeddable":true,"href":"https:\/\/vosgesinfo.fr\/laplainedesvosgesinfo\/wp-json\/wp\/v2\/media\/31428"}],"wp:attachment":[{"href":"https:\/\/vosgesinfo.fr\/laplainedesvosgesinfo\/wp-json\/wp\/v2\/media?parent=31427"}],"wp:term":[{"taxonomy":"category","embeddable":true,"href":"https:\/\/vosgesinfo.fr\/laplainedesvosgesinfo\/wp-json\/wp\/v2\/categories?post=31427"},{"taxonomy":"post_tag","embeddable":true,"href":"https:\/\/vosgesinfo.fr\/laplainedesvosgesinfo\/wp-json\/wp\/v2\/tags?post=31427"}],"curies":[{"name":"wp","href":"https:\/\/api.w.org\/{rel}","templated":true}]}}