{"id":31468,"date":"2025-10-22T10:07:40","date_gmt":"2025-10-22T08:07:40","guid":{"rendered":"https:\/\/vosgesinfo.fr\/laplainedesvosgesinfo\/2025\/10\/cop-territoriale-2025-une-rencontre-consacree-a-ladaptation-au-changement-climatique-a-mirecourt\/"},"modified":"2025-10-22T10:07:40","modified_gmt":"2025-10-22T08:07:40","slug":"cop-territoriale-2025-une-rencontre-consacree-a-ladaptation-au-changement-climatique-a-mirecourt","status":"publish","type":"post","link":"https:\/\/vosgesinfo.fr\/laplainedesvosgesinfo\/2025\/10\/cop-territoriale-2025-une-rencontre-consacree-a-ladaptation-au-changement-climatique-a-mirecourt\/","title":{"rendered":"COP territoriale 2025 : une rencontre consacr\u00e9e \u00e0 l\u2019adaptation au changement climatique \u00e0 Mirecourt"},"content":{"rendered":"<div id=\"attachment_136503\" style=\"width: 1930px\" class=\"wp-caption aligncenter\"><a href=\"https:\/\/vosgesinfo.fr\/app\/uploads\/sites\/3\/2025\/10\/569413480-1126881176257620-9219212766302108187-n.jpg\"><img decoding=\"async\" aria-describedby=\"caption-attachment-136503\" class=\"size-full wp-image-136503\" src=\"https:\/\/vosgesinfo.fr\/app\/uploads\/sites\/3\/2025\/10\/569413480-1126881176257620-9219212766302108187-n.jpg\" alt=\"\" width=\"1920\" height=\"1006\" \/><\/a><p id=\"caption-attachment-136503\" class=\"wp-caption-text\">photos Pr\u00e9fecture des vosges<\/p><\/div>\n<h2 data-start=\"185\" data-end=\"430\"><strong>La COP territoriale 2025 s\u2019est tenue r\u00e9cemment sur le campus agricole et forestier de Mirecourt. L\u2019\u00e9v\u00e9nement \u00e9tait co-pr\u00e9sid\u00e9 par Val\u00e9rie Michel-Moreaux, pr\u00e9f\u00e8te des Vosges, et \u00c9lisabeth Del Genini, vice-pr\u00e9sidente du Conseil r\u00e9gional Grand Est.<\/strong><\/h2>\n<p data-start=\"432\" data-end=\"751\">Environ soixante participants issus de structures publiques et priv\u00e9es \u2014 \u00e9lus locaux, associations, services de l\u2019\u00c9tat, Chambre d\u2019agriculture, R\u00e9gion et D\u00e9partement \u2014 ont pris part aux \u00e9changes. L\u2019objectif : partager des constats et identifier des pistes d\u2019action pour r\u00e9pondre aux enjeux li\u00e9s au changement climatique.<\/p>\n<p data-start=\"753\" data-end=\"1059\">Les discussions se sont articul\u00e9es autour de quatre th\u00e9matiques jug\u00e9es prioritaires pour le territoire :<br data-start=\"857\" data-end=\"860\" \/>\u2022 la gestion durable de la ressource en eau ;<br data-start=\"905\" data-end=\"908\" \/>\u2022 l\u2019adaptation des communes aux vagues de chaleur ;<br data-start=\"959\" data-end=\"962\" \/>\u2022 la pr\u00e9vention des risques naturels ;<br data-start=\"1000\" data-end=\"1003\" \/>\u2022 le d\u00e9veloppement d\u2019une alimentation locale et durable.<\/p>\n<p data-start=\"1061\" data-end=\"1242\">Plusieurs retours d\u2019exp\u00e9rience locaux ont \u00e9t\u00e9 pr\u00e9sent\u00e9s, permettant de mettre en lumi\u00e8re des initiatives d\u00e9j\u00e0 engag\u00e9es et des leviers d\u2019action mobilisables \u00e0 l\u2019\u00e9chelle territoriale.<\/p>\n<p data-start=\"1244\" data-end=\"1409\">Les contributions recueillies au cours de cette rencontre alimenteront la feuille de route \u00ab Grand Est R\u00e9gion Verte \u00bb, en vue de la COP r\u00e9gionale pr\u00e9vue en novembre.<\/p>\n<p data-start=\"1411\" data-end=\"1582\">Les enseignants et \u00e9l\u00e8ves du campus de Mirecourt, impliqu\u00e9s dans diff\u00e9rents projets li\u00e9s \u00e0 la transition \u00e9cologique, ont \u00e9galement \u00e9t\u00e9 associ\u00e9s \u00e0 cette journ\u00e9e d\u2019\u00e9changes.<\/p>\n\n\t\t<style type=\"text\/css\">\n\t\t\t#gallery-1 {\n\t\t\t\tmargin: auto;\n\t\t\t}\n\t\t\t#gallery-1 .gallery-item {\n\t\t\t\tfloat: left;\n\t\t\t\tmargin-top: 10px;\n\t\t\t\ttext-align: center;\n\t\t\t\twidth: 33%;\n\t\t\t}\n\t\t\t#gallery-1 img {\n\t\t\t\tborder: 2px solid #cfcfcf;\n\t\t\t}\n\t\t\t#gallery-1 .gallery-caption {\n\t\t\t\tmargin-left: 0;\n\t\t\t}\n\t\t\t\/* see gallery_shortcode() in wp-includes\/media.php *\/\n\t\t<\/style>\n\t\t<div id='gallery-1' class='gallery galleryid-31468 gallery-columns-3 gallery-size-thumbnail'><dl class='gallery-item'>\n\t\t\t<dt class='gallery-icon landscape'>\n\t\t\t\t<a href='https:\/\/vosgesinfo.fr\/app\/uploads\/sites\/2\/2025\/10\/566246944-1126881169590954-3322627215144273162-n.jpg'><img decoding=\"async\" width=\"150\" height=\"150\" src=\"https:\/\/vosgesinfo.fr\/app\/uploads\/sites\/2\/2025\/10\/566246944-1126881169590954-3322627215144273162-n-150x150.jpg\" class=\"attachment-thumbnail size-thumbnail\" alt=\"\" \/><\/a>\n\t\t\t<\/dt><\/dl><dl class='gallery-item'>\n\t\t\t<dt class='gallery-icon landscape'>\n\t\t\t\t<a href='https:\/\/vosgesinfo.fr\/app\/uploads\/sites\/2\/2025\/10\/568030765-1126881202924284-390258891719459290-n.jpg'><img decoding=\"async\" width=\"150\" height=\"150\" src=\"https:\/\/vosgesinfo.fr\/app\/uploads\/sites\/2\/2025\/10\/568030765-1126881202924284-390258891719459290-n-150x150.jpg\" class=\"attachment-thumbnail size-thumbnail\" alt=\"\" \/><\/a>\n\t\t\t<\/dt><\/dl><dl class='gallery-item'>\n\t\t\t<dt class='gallery-icon landscape'>\n\t\t\t\t<a href='https:\/\/vosgesinfo.fr\/app\/uploads\/sites\/2\/2025\/10\/569185333-1126881172924287-4570049925658780452-n.jpg'><img decoding=\"async\" width=\"150\" height=\"150\" src=\"https:\/\/vosgesinfo.fr\/app\/uploads\/sites\/2\/2025\/10\/569185333-1126881172924287-4570049925658780452-n-150x150.jpg\" class=\"attachment-thumbnail size-thumbnail\" alt=\"\" \/><\/a>\n\t\t\t<\/dt><\/dl><br style=\"clear: both\" \/>\n\t\t<\/div>\n\n","protected":false},"excerpt":{"rendered":"<p>La COP territoriale 2025 s\u2019est tenue r\u00e9cemment sur le campus agricole et forestier de Mirecourt. L\u2019\u00e9v\u00e9nement \u00e9tait co-pr\u00e9sid\u00e9 par Val\u00e9rie [&hellip;]<\/p>\n","protected":false},"author":52,"featured_media":31469,"comment_status":"open","ping_status":"open","sticky":false,"template":"","format":"standard","meta":{"footnotes":""},"categories":[29,383,380,18],"tags":[],"class_list":["post-31468","post","type-post","status-publish","format-standard","has-post-thumbnail","hentry","category-a-la-une","category-epinal","category-la-plaine-des-vosges","category-vosges"],"acf":[],"yoast_head":"<!-- This site is optimized with the Yoast SEO plugin v22.5 - https:\/\/yoast.com\/wordpress\/plugins\/seo\/ -->\n<title>COP territoriale 2025 : une rencontre consacr\u00e9e \u00e0 l\u2019adaptation au changement climatique \u00e0 Mirecourt - La Plaine des Vosges<\/title>\n<meta name=\"robots\" content=\"index, follow, max-snippet:-1, max-image-preview:large, max-video-preview:-1\" \/>\n<link rel=\"canonical\" href=\"https:\/\/vosgesinfo.fr\/laplainedesvosgesinfo\/2025\/10\/cop-territoriale-2025-une-rencontre-consacree-a-ladaptation-au-changement-climatique-a-mirecourt\/\" \/>\n<meta name=\"twitter:card\" content=\"summary_large_image\" \/>\n<meta name=\"twitter:title\" content=\"COP territoriale 2025 : une rencontre consacr\u00e9e \u00e0 l\u2019adaptation au changement climatique \u00e0 Mirecourt - La Plaine des Vosges\" \/>\n<meta name=\"twitter:description\" content=\"La COP territoriale 2025 s\u2019est tenue r\u00e9cemment sur le campus agricole et forestier de Mirecourt. L\u2019\u00e9v\u00e9nement \u00e9tait co-pr\u00e9sid\u00e9 par Val\u00e9rie [&hellip;]\" \/>\n<meta name=\"twitter:image\" content=\"https:\/\/vosgesinfo.fr\/app\/uploads\/sites\/2\/2025\/10\/569413480-1126881176257620-9219212766302108187-n.jpg\" \/>\n<meta name=\"twitter:creator\" content=\"@VosgesInfo88\" \/>\n<meta name=\"twitter:site\" content=\"@VosgesInfo88\" \/>\n<meta name=\"twitter:label1\" content=\"\u00c9crit par\" \/>\n\t<meta name=\"twitter:data1\" content=\"C.K.\" \/>\n\t<meta name=\"twitter:label2\" content=\"Dur\u00e9e de lecture estim\u00e9e\" \/>\n\t<meta name=\"twitter:data2\" content=\"1 minute\" \/>\n<script type=\"application\/ld+json\" class=\"yoast-schema-graph\">{\"@context\":\"https:\/\/schema.org\",\"@graph\":[{\"@type\":\"Article\",\"@id\":\"https:\/\/vosgesinfo.fr\/laplainedesvosgesinfo\/2025\/10\/cop-territoriale-2025-une-rencontre-consacree-a-ladaptation-au-changement-climatique-a-mirecourt\/#article\",\"isPartOf\":{\"@id\":\"https:\/\/vosgesinfo.fr\/laplainedesvosgesinfo\/2025\/10\/cop-territoriale-2025-une-rencontre-consacree-a-ladaptation-au-changement-climatique-a-mirecourt\/\"},\"author\":{\"name\":\"C.K.\",\"@id\":\"https:\/\/vosgesinfo.fr\/laplainedesvosgesinfo\/#\/schema\/person\/6f9a650eeea99d969b6c4ab78fccbe81\"},\"headline\":\"COP territoriale 2025 : une rencontre consacr\u00e9e \u00e0 l\u2019adaptation au changement climatique \u00e0 Mirecourt\",\"datePublished\":\"2025-10-22T08:07:40+00:00\",\"dateModified\":\"2025-10-22T08:07:40+00:00\",\"mainEntityOfPage\":{\"@id\":\"https:\/\/vosgesinfo.fr\/laplainedesvosgesinfo\/2025\/10\/cop-territoriale-2025-une-rencontre-consacree-a-ladaptation-au-changement-climatique-a-mirecourt\/\"},\"wordCount\":261,\"commentCount\":0,\"publisher\":{\"@id\":\"https:\/\/vosgesinfo.fr\/laplainedesvosgesinfo\/#organization\"},\"image\":{\"@id\":\"https:\/\/vosgesinfo.fr\/laplainedesvosgesinfo\/2025\/10\/cop-territoriale-2025-une-rencontre-consacree-a-ladaptation-au-changement-climatique-a-mirecourt\/#primaryimage\"},\"thumbnailUrl\":\"https:\/\/vosgesinfo.fr\/app\/uploads\/sites\/2\/2025\/10\/569413480-1126881176257620-9219212766302108187-n.jpg\",\"articleSection\":[\"A la Une\",\"Epinal\",\"La plaine des vosges\",\"Vosges\"],\"inLanguage\":\"fr-FR\",\"potentialAction\":[{\"@type\":\"CommentAction\",\"name\":\"Comment\",\"target\":[\"https:\/\/vosgesinfo.fr\/laplainedesvosgesinfo\/2025\/10\/cop-territoriale-2025-une-rencontre-consacree-a-ladaptation-au-changement-climatique-a-mirecourt\/#respond\"]}]},{\"@type\":\"WebPage\",\"@id\":\"https:\/\/vosgesinfo.fr\/laplainedesvosgesinfo\/2025\/10\/cop-territoriale-2025-une-rencontre-consacree-a-ladaptation-au-changement-climatique-a-mirecourt\/\",\"url\":\"https:\/\/vosgesinfo.fr\/laplainedesvosgesinfo\/2025\/10\/cop-territoriale-2025-une-rencontre-consacree-a-ladaptation-au-changement-climatique-a-mirecourt\/\",\"name\":\"COP territoriale 2025 : une rencontre consacr\u00e9e \u00e0 l\u2019adaptation au changement climatique \u00e0 Mirecourt - La Plaine des Vosges\",\"isPartOf\":{\"@id\":\"https:\/\/vosgesinfo.fr\/laplainedesvosgesinfo\/#website\"},\"primaryImageOfPage\":{\"@id\":\"https:\/\/vosgesinfo.fr\/laplainedesvosgesinfo\/2025\/10\/cop-territoriale-2025-une-rencontre-consacree-a-ladaptation-au-changement-climatique-a-mirecourt\/#primaryimage\"},\"image\":{\"@id\":\"https:\/\/vosgesinfo.fr\/laplainedesvosgesinfo\/2025\/10\/cop-territoriale-2025-une-rencontre-consacree-a-ladaptation-au-changement-climatique-a-mirecourt\/#primaryimage\"},\"thumbnailUrl\":\"https:\/\/vosgesinfo.fr\/app\/uploads\/sites\/2\/2025\/10\/569413480-1126881176257620-9219212766302108187-n.jpg\",\"datePublished\":\"2025-10-22T08:07:40+00:00\",\"dateModified\":\"2025-10-22T08:07:40+00:00\",\"breadcrumb\":{\"@id\":\"https:\/\/vosgesinfo.fr\/laplainedesvosgesinfo\/2025\/10\/cop-territoriale-2025-une-rencontre-consacree-a-ladaptation-au-changement-climatique-a-mirecourt\/#breadcrumb\"},\"inLanguage\":\"fr-FR\",\"potentialAction\":[{\"@type\":\"ReadAction\",\"target\":[\"https:\/\/vosgesinfo.fr\/laplainedesvosgesinfo\/2025\/10\/cop-territoriale-2025-une-rencontre-consacree-a-ladaptation-au-changement-climatique-a-mirecourt\/\"]}]},{\"@type\":\"ImageObject\",\"inLanguage\":\"fr-FR\",\"@id\":\"https:\/\/vosgesinfo.fr\/laplainedesvosgesinfo\/2025\/10\/cop-territoriale-2025-une-rencontre-consacree-a-ladaptation-au-changement-climatique-a-mirecourt\/#primaryimage\",\"url\":\"https:\/\/vosgesinfo.fr\/app\/uploads\/sites\/2\/2025\/10\/569413480-1126881176257620-9219212766302108187-n.jpg\",\"contentUrl\":\"https:\/\/vosgesinfo.fr\/app\/uploads\/sites\/2\/2025\/10\/569413480-1126881176257620-9219212766302108187-n.jpg\",\"width\":1920,\"height\":1006},{\"@type\":\"BreadcrumbList\",\"@id\":\"https:\/\/vosgesinfo.fr\/laplainedesvosgesinfo\/2025\/10\/cop-territoriale-2025-une-rencontre-consacree-a-ladaptation-au-changement-climatique-a-mirecourt\/#breadcrumb\",\"itemListElement\":[{\"@type\":\"ListItem\",\"position\":1,\"name\":\"Home\",\"item\":\"https:\/\/vosgesinfo.fr\/laplainedesvosgesinfo\/\"},{\"@type\":\"ListItem\",\"position\":2,\"name\":\"COP territoriale 2025 : une rencontre consacr\u00e9e \u00e0 l\u2019adaptation au changement climatique \u00e0 Mirecourt\"}]},{\"@type\":\"WebSite\",\"@id\":\"https:\/\/vosgesinfo.fr\/laplainedesvosgesinfo\/#website\",\"url\":\"https:\/\/vosgesinfo.fr\/laplainedesvosgesinfo\/\",\"name\":\"La Plaine des Vosges\",\"description\":\"Toute l&#039;actualit\u00e9 de la plaine de Vosges\",\"publisher\":{\"@id\":\"https:\/\/vosgesinfo.fr\/laplainedesvosgesinfo\/#organization\"},\"alternateName\":\"Toute l'actualit\u00e9 de la plaine des Vosges\",\"potentialAction\":[{\"@type\":\"SearchAction\",\"target\":{\"@type\":\"EntryPoint\",\"urlTemplate\":\"https:\/\/vosgesinfo.fr\/laplainedesvosgesinfo\/?s={search_term_string}\"},\"query-input\":\"required name=search_term_string\"}],\"inLanguage\":\"fr-FR\"},{\"@type\":\"Organization\",\"@id\":\"https:\/\/vosgesinfo.fr\/laplainedesvosgesinfo\/#organization\",\"name\":\"La Plaine des Vosges\",\"url\":\"https:\/\/vosgesinfo.fr\/laplainedesvosgesinfo\/\",\"logo\":{\"@type\":\"ImageObject\",\"inLanguage\":\"fr-FR\",\"@id\":\"https:\/\/vosgesinfo.fr\/laplainedesvosgesinfo\/#\/schema\/logo\/image\/\",\"url\":\"https:\/\/vosgesinfo.fr\/app\/uploads\/sites\/2\/2023\/08\/logo-laplaineinfo.svg\",\"contentUrl\":\"https:\/\/vosgesinfo.fr\/app\/uploads\/sites\/2\/2023\/08\/logo-laplaineinfo.svg\",\"width\":1,\"height\":1,\"caption\":\"La Plaine des Vosges\"},\"image\":{\"@id\":\"https:\/\/vosgesinfo.fr\/laplainedesvosgesinfo\/#\/schema\/logo\/image\/\"},\"sameAs\":[\"https:\/\/www.facebook.com\/laplainedesvosges\",\"https:\/\/x.com\/VosgesInfo88\",\"https:\/\/www.youtube.com\/@vosgesinfo\"]},{\"@type\":\"Person\",\"@id\":\"https:\/\/vosgesinfo.fr\/laplainedesvosgesinfo\/#\/schema\/person\/6f9a650eeea99d969b6c4ab78fccbe81\",\"name\":\"C.K.\",\"image\":{\"@type\":\"ImageObject\",\"inLanguage\":\"fr-FR\",\"@id\":\"https:\/\/vosgesinfo.fr\/laplainedesvosgesinfo\/#\/schema\/person\/image\/\",\"url\":\"https:\/\/secure.gravatar.com\/avatar\/48e3fc7f8421ba8942be6b74a2b7f014ca39bc00dece156b7a8e098ae7dc87bf?s=96&d=mm&r=g\",\"contentUrl\":\"https:\/\/secure.gravatar.com\/avatar\/48e3fc7f8421ba8942be6b74a2b7f014ca39bc00dece156b7a8e098ae7dc87bf?s=96&d=mm&r=g\",\"caption\":\"C.K.\"},\"url\":\"https:\/\/vosgesinfo.fr\/laplainedesvosgesinfo\/author\/celia-k-n\/\"}]}<\/script>\n<!-- \/ Yoast SEO plugin. -->","yoast_head_json":{"title":"COP territoriale 2025 : une rencontre consacr\u00e9e \u00e0 l\u2019adaptation au changement climatique \u00e0 Mirecourt - La Plaine des Vosges","robots":{"index":"index","follow":"follow","max-snippet":"max-snippet:-1","max-image-preview":"max-image-preview:large","max-video-preview":"max-video-preview:-1"},"canonical":"https:\/\/vosgesinfo.fr\/laplainedesvosgesinfo\/2025\/10\/cop-territoriale-2025-une-rencontre-consacree-a-ladaptation-au-changement-climatique-a-mirecourt\/","twitter_card":"summary_large_image","twitter_title":"COP territoriale 2025 : une rencontre consacr\u00e9e \u00e0 l\u2019adaptation au changement climatique \u00e0 Mirecourt - La Plaine des Vosges","twitter_description":"La COP territoriale 2025 s\u2019est tenue r\u00e9cemment sur le campus agricole et forestier de Mirecourt. L\u2019\u00e9v\u00e9nement \u00e9tait co-pr\u00e9sid\u00e9 par Val\u00e9rie [&hellip;]","twitter_image":"https:\/\/vosgesinfo.fr\/app\/uploads\/sites\/2\/2025\/10\/569413480-1126881176257620-9219212766302108187-n.jpg","twitter_creator":"@VosgesInfo88","twitter_site":"@VosgesInfo88","twitter_misc":{"\u00c9crit par":"C.K.","Dur\u00e9e de lecture estim\u00e9e":"1 minute"},"schema":{"@context":"https:\/\/schema.org","@graph":[{"@type":"Article","@id":"https:\/\/vosgesinfo.fr\/laplainedesvosgesinfo\/2025\/10\/cop-territoriale-2025-une-rencontre-consacree-a-ladaptation-au-changement-climatique-a-mirecourt\/#article","isPartOf":{"@id":"https:\/\/vosgesinfo.fr\/laplainedesvosgesinfo\/2025\/10\/cop-territoriale-2025-une-rencontre-consacree-a-ladaptation-au-changement-climatique-a-mirecourt\/"},"author":{"name":"C.K.","@id":"https:\/\/vosgesinfo.fr\/laplainedesvosgesinfo\/#\/schema\/person\/6f9a650eeea99d969b6c4ab78fccbe81"},"headline":"COP territoriale 2025 : une rencontre consacr\u00e9e \u00e0 l\u2019adaptation au changement climatique \u00e0 Mirecourt","datePublished":"2025-10-22T08:07:40+00:00","dateModified":"2025-10-22T08:07:40+00:00","mainEntityOfPage":{"@id":"https:\/\/vosgesinfo.fr\/laplainedesvosgesinfo\/2025\/10\/cop-territoriale-2025-une-rencontre-consacree-a-ladaptation-au-changement-climatique-a-mirecourt\/"},"wordCount":261,"commentCount":0,"publisher":{"@id":"https:\/\/vosgesinfo.fr\/laplainedesvosgesinfo\/#organization"},"image":{"@id":"https:\/\/vosgesinfo.fr\/laplainedesvosgesinfo\/2025\/10\/cop-territoriale-2025-une-rencontre-consacree-a-ladaptation-au-changement-climatique-a-mirecourt\/#primaryimage"},"thumbnailUrl":"https:\/\/vosgesinfo.fr\/app\/uploads\/sites\/2\/2025\/10\/569413480-1126881176257620-9219212766302108187-n.jpg","articleSection":["A la Une","Epinal","La plaine des vosges","Vosges"],"inLanguage":"fr-FR","potentialAction":[{"@type":"CommentAction","name":"Comment","target":["https:\/\/vosgesinfo.fr\/laplainedesvosgesinfo\/2025\/10\/cop-territoriale-2025-une-rencontre-consacree-a-ladaptation-au-changement-climatique-a-mirecourt\/#respond"]}]},{"@type":"WebPage","@id":"https:\/\/vosgesinfo.fr\/laplainedesvosgesinfo\/2025\/10\/cop-territoriale-2025-une-rencontre-consacree-a-ladaptation-au-changement-climatique-a-mirecourt\/","url":"https:\/\/vosgesinfo.fr\/laplainedesvosgesinfo\/2025\/10\/cop-territoriale-2025-une-rencontre-consacree-a-ladaptation-au-changement-climatique-a-mirecourt\/","name":"COP territoriale 2025 : une rencontre consacr\u00e9e \u00e0 l\u2019adaptation au changement climatique \u00e0 Mirecourt - La Plaine des Vosges","isPartOf":{"@id":"https:\/\/vosgesinfo.fr\/laplainedesvosgesinfo\/#website"},"primaryImageOfPage":{"@id":"https:\/\/vosgesinfo.fr\/laplainedesvosgesinfo\/2025\/10\/cop-territoriale-2025-une-rencontre-consacree-a-ladaptation-au-changement-climatique-a-mirecourt\/#primaryimage"},"image":{"@id":"https:\/\/vosgesinfo.fr\/laplainedesvosgesinfo\/2025\/10\/cop-territoriale-2025-une-rencontre-consacree-a-ladaptation-au-changement-climatique-a-mirecourt\/#primaryimage"},"thumbnailUrl":"https:\/\/vosgesinfo.fr\/app\/uploads\/sites\/2\/2025\/10\/569413480-1126881176257620-9219212766302108187-n.jpg","datePublished":"2025-10-22T08:07:40+00:00","dateModified":"2025-10-22T08:07:40+00:00","breadcrumb":{"@id":"https:\/\/vosgesinfo.fr\/laplainedesvosgesinfo\/2025\/10\/cop-territoriale-2025-une-rencontre-consacree-a-ladaptation-au-changement-climatique-a-mirecourt\/#breadcrumb"},"inLanguage":"fr-FR","potentialAction":[{"@type":"ReadAction","target":["https:\/\/vosgesinfo.fr\/laplainedesvosgesinfo\/2025\/10\/cop-territoriale-2025-une-rencontre-consacree-a-ladaptation-au-changement-climatique-a-mirecourt\/"]}]},{"@type":"ImageObject","inLanguage":"fr-FR","@id":"https:\/\/vosgesinfo.fr\/laplainedesvosgesinfo\/2025\/10\/cop-territoriale-2025-une-rencontre-consacree-a-ladaptation-au-changement-climatique-a-mirecourt\/#primaryimage","url":"https:\/\/vosgesinfo.fr\/app\/uploads\/sites\/2\/2025\/10\/569413480-1126881176257620-9219212766302108187-n.jpg","contentUrl":"https:\/\/vosgesinfo.fr\/app\/uploads\/sites\/2\/2025\/10\/569413480-1126881176257620-9219212766302108187-n.jpg","width":1920,"height":1006},{"@type":"BreadcrumbList","@id":"https:\/\/vosgesinfo.fr\/laplainedesvosgesinfo\/2025\/10\/cop-territoriale-2025-une-rencontre-consacree-a-ladaptation-au-changement-climatique-a-mirecourt\/#breadcrumb","itemListElement":[{"@type":"ListItem","position":1,"name":"Home","item":"https:\/\/vosgesinfo.fr\/laplainedesvosgesinfo\/"},{"@type":"ListItem","position":2,"name":"COP territoriale 2025 : une rencontre consacr\u00e9e \u00e0 l\u2019adaptation au changement climatique \u00e0 Mirecourt"}]},{"@type":"WebSite","@id":"https:\/\/vosgesinfo.fr\/laplainedesvosgesinfo\/#website","url":"https:\/\/vosgesinfo.fr\/laplainedesvosgesinfo\/","name":"La Plaine des Vosges","description":"Toute l&#039;actualit\u00e9 de la plaine de Vosges","publisher":{"@id":"https:\/\/vosgesinfo.fr\/laplainedesvosgesinfo\/#organization"},"alternateName":"Toute l'actualit\u00e9 de la plaine des Vosges","potentialAction":[{"@type":"SearchAction","target":{"@type":"EntryPoint","urlTemplate":"https:\/\/vosgesinfo.fr\/laplainedesvosgesinfo\/?s={search_term_string}"},"query-input":"required name=search_term_string"}],"inLanguage":"fr-FR"},{"@type":"Organization","@id":"https:\/\/vosgesinfo.fr\/laplainedesvosgesinfo\/#organization","name":"La Plaine des Vosges","url":"https:\/\/vosgesinfo.fr\/laplainedesvosgesinfo\/","logo":{"@type":"ImageObject","inLanguage":"fr-FR","@id":"https:\/\/vosgesinfo.fr\/laplainedesvosgesinfo\/#\/schema\/logo\/image\/","url":"https:\/\/vosgesinfo.fr\/app\/uploads\/sites\/2\/2023\/08\/logo-laplaineinfo.svg","contentUrl":"https:\/\/vosgesinfo.fr\/app\/uploads\/sites\/2\/2023\/08\/logo-laplaineinfo.svg","width":1,"height":1,"caption":"La Plaine des Vosges"},"image":{"@id":"https:\/\/vosgesinfo.fr\/laplainedesvosgesinfo\/#\/schema\/logo\/image\/"},"sameAs":["https:\/\/www.facebook.com\/laplainedesvosges","https:\/\/x.com\/VosgesInfo88","https:\/\/www.youtube.com\/@vosgesinfo"]},{"@type":"Person","@id":"https:\/\/vosgesinfo.fr\/laplainedesvosgesinfo\/#\/schema\/person\/6f9a650eeea99d969b6c4ab78fccbe81","name":"C.K.","image":{"@type":"ImageObject","inLanguage":"fr-FR","@id":"https:\/\/vosgesinfo.fr\/laplainedesvosgesinfo\/#\/schema\/person\/image\/","url":"https:\/\/secure.gravatar.com\/avatar\/48e3fc7f8421ba8942be6b74a2b7f014ca39bc00dece156b7a8e098ae7dc87bf?s=96&d=mm&r=g","contentUrl":"https:\/\/secure.gravatar.com\/avatar\/48e3fc7f8421ba8942be6b74a2b7f014ca39bc00dece156b7a8e098ae7dc87bf?s=96&d=mm&r=g","caption":"C.K."},"url":"https:\/\/vosgesinfo.fr\/laplainedesvosgesinfo\/author\/celia-k-n\/"}]}},"_links":{"self":[{"href":"https:\/\/vosgesinfo.fr\/laplainedesvosgesinfo\/wp-json\/wp\/v2\/posts\/31468","targetHints":{"allow":["GET"]}}],"collection":[{"href":"https:\/\/vosgesinfo.fr\/laplainedesvosgesinfo\/wp-json\/wp\/v2\/posts"}],"about":[{"href":"https:\/\/vosgesinfo.fr\/laplainedesvosgesinfo\/wp-json\/wp\/v2\/types\/post"}],"author":[{"embeddable":true,"href":"https:\/\/vosgesinfo.fr\/laplainedesvosgesinfo\/wp-json\/wp\/v2\/users\/52"}],"replies":[{"embeddable":true,"href":"https:\/\/vosgesinfo.fr\/laplainedesvosgesinfo\/wp-json\/wp\/v2\/comments?post=31468"}],"version-history":[{"count":0,"href":"https:\/\/vosgesinfo.fr\/laplainedesvosgesinfo\/wp-json\/wp\/v2\/posts\/31468\/revisions"}],"wp:featuredmedia":[{"embeddable":true,"href":"https:\/\/vosgesinfo.fr\/laplainedesvosgesinfo\/wp-json\/wp\/v2\/media\/31469"}],"wp:attachment":[{"href":"https:\/\/vosgesinfo.fr\/laplainedesvosgesinfo\/wp-json\/wp\/v2\/media?parent=31468"}],"wp:term":[{"taxonomy":"category","embeddable":true,"href":"https:\/\/vosgesinfo.fr\/laplainedesvosgesinfo\/wp-json\/wp\/v2\/categories?post=31468"},{"taxonomy":"post_tag","embeddable":true,"href":"https:\/\/vosgesinfo.fr\/laplainedesvosgesinfo\/wp-json\/wp\/v2\/tags?post=31468"}],"curies":[{"name":"wp","href":"https:\/\/api.w.org\/{rel}","templated":true}]}}