{"id":31470,"date":"2025-10-22T10:22:38","date_gmt":"2025-10-22T08:22:38","guid":{"rendered":"https:\/\/vosgesinfo.fr\/laplainedesvosgesinfo\/2025\/10\/halloween-revient-hanter-le-chateau-de-bourlemont\/"},"modified":"2025-10-22T10:22:38","modified_gmt":"2025-10-22T08:22:38","slug":"halloween-revient-hanter-le-chateau-de-bourlemont","status":"publish","type":"post","link":"https:\/\/vosgesinfo.fr\/laplainedesvosgesinfo\/2025\/10\/halloween-revient-hanter-le-chateau-de-bourlemont\/","title":{"rendered":"Halloween revient hanter le ch\u00e2teau de Bourlemont"},"content":{"rendered":"<h2 data-start=\"222\" data-end=\"539\"><strong><a href=\"https:\/\/vosgesinfo.fr\/app\/uploads\/sites\/3\/2025\/10\/capture-decran-2025-10-22-102133.jpg\"><img decoding=\"async\" class=\"aligncenter size-full wp-image-136515\" src=\"https:\/\/vosgesinfo.fr\/app\/uploads\/sites\/3\/2025\/10\/capture-decran-2025-10-22-102133.jpg\" alt=\"\" width=\"752\" height=\"630\" \/><\/a>Le ch\u00e2teau de Bourlemont s\u2019appr\u00eate une nouvelle fois \u00e0 faire frissonner petits et grands. Les 24, 25 et 26 octobre 2025, le domaine ouvrira ses portes pour la deuxi\u00e8me \u00e9dition d\u2019Halloween au ch\u00e2teau, un rendez-vous d\u00e9sormais attendu qui transformera les douves et les \u00e9curies en v\u00e9ritable d\u00e9cor d\u2019\u00e9pouvante.<\/strong><\/h2>\n<h4 data-start=\"541\" data-end=\"590\">Un apr\u00e8s-midi d\u00e9di\u00e9 aux jeunes aventuriers<\/h4>\n<p data-start=\"592\" data-end=\"905\">De <strong data-start=\"595\" data-end=\"613\">14 h \u00e0 17 h 30<\/strong>, les enfants seront invit\u00e9s \u00e0 participer \u00e0 <strong data-start=\"657\" data-end=\"682\">\u00ab Halloween Enfants \u00bb<\/strong>, un parcours immersif baptis\u00e9 cette ann\u00e9e <em data-start=\"725\" data-end=\"760\">Le Frisson des Petits Aventuriers<\/em>. Dans une ambiance m\u00ealant myst\u00e8re et amusement, les participants devront relever une s\u00e9rie de d\u00e9fis pour remporter leur <strong data-start=\"881\" data-end=\"902\">sachet de bonbons<\/strong>.<\/p>\n<p data-start=\"907\" data-end=\"962\">Le parcours proposera plusieurs \u00e9preuves originales :<\/p>\n<ul data-start=\"963\" data-end=\"1354\">\n<li data-start=\"963\" data-end=\"1054\">\n<p data-start=\"965\" data-end=\"1054\"><strong data-start=\"965\" data-end=\"998\">La chasse aux petits monstres<\/strong>, pour rep\u00e9rer les cr\u00e9atures cach\u00e9es sur le parcours ;<\/p>\n<\/li>\n<li data-start=\"1055\" data-end=\"1134\">\n<p data-start=\"1057\" data-end=\"1134\"><strong data-start=\"1057\" data-end=\"1080\">Le tir aux fant\u00f4mes<\/strong>, o\u00f9 adresse et pr\u00e9cision seront mises \u00e0 l\u2019\u00e9preuve ;<\/p>\n<\/li>\n<li data-start=\"1135\" data-end=\"1203\">\n<p data-start=\"1137\" data-end=\"1203\"><strong data-start=\"1137\" data-end=\"1165\">Les chaudrons myst\u00e9rieux<\/strong>, qui cacheront d\u2019\u00e9tranges indices ;<\/p>\n<\/li>\n<li data-start=\"1204\" data-end=\"1264\">\n<p data-start=\"1206\" data-end=\"1264\"><strong data-start=\"1206\" data-end=\"1233\">La traque aux sorci\u00e8res<\/strong>, \u00e0 dos de balai \u00e9videmment ;<\/p>\n<\/li>\n<li data-start=\"1265\" data-end=\"1354\">\n<p data-start=\"1267\" data-end=\"1354\"><strong data-start=\"1267\" data-end=\"1294\">La course des yeux fous<\/strong> et <strong data-start=\"1298\" data-end=\"1317\">la toile pi\u00e9g\u00e9e<\/strong>, pour tester \u00e9quilibre et courage.<\/p>\n<\/li>\n<\/ul>\n<h4 data-start=\"1356\" data-end=\"1407\">Ateliers, maquillage et concours de costumes<\/h4>\n<p data-start=\"1409\" data-end=\"1532\">Sous un <strong data-start=\"1417\" data-end=\"1438\">chapiteau chauff\u00e9<\/strong> offrant une vue imprenable sur le ch\u00e2teau, plusieurs animations compl\u00e8teront le programme :<\/p>\n<ul data-start=\"1533\" data-end=\"1928\">\n<li data-start=\"1533\" data-end=\"1647\">\n<p data-start=\"1535\" data-end=\"1647\">un <strong data-start=\"1538\" data-end=\"1560\">atelier maquillage<\/strong> anim\u00e9 par des professionnels, pour se m\u00e9tamorphoser en sorci\u00e8re, zombie ou fant\u00f4me ;<\/p>\n<\/li>\n<li data-start=\"1648\" data-end=\"1791\">\n<p data-start=\"1650\" data-end=\"1791\">un <strong data-start=\"1653\" data-end=\"1694\">concours du costume le plus effrayant<\/strong>, avec une r\u00e9compense pour le meilleur d\u00e9guisement et une surprise pour tous les participants ;<\/p>\n<\/li>\n<li data-start=\"1792\" data-end=\"1928\">\n<p data-start=\"1794\" data-end=\"1928\">un <strong data-start=\"1797\" data-end=\"1816\">atelier cr\u00e9atif<\/strong>, permettant aux enfants de repartir avec leur propre cr\u00e9ation : citrouilles, fant\u00f4mes ou sorci\u00e8res en papier.<\/p>\n<\/li>\n<\/ul>\n<p data-start=\"1930\" data-end=\"2093\">Un <strong data-start=\"1933\" data-end=\"1955\">go\u00fbter d\u2019Halloween<\/strong> sera \u00e9galement propos\u00e9 sur place (non inclus dans le prix d\u2019entr\u00e9e), pour conclure l\u2019apr\u00e8s-midi dans une ambiance conviviale et sucr\u00e9e.<\/p>\n<hr data-start=\"2095\" data-end=\"2098\" \/>\n<p data-start=\"2100\" data-end=\"2302\">\ud83c\udf83 <strong data-start=\"2103\" data-end=\"2141\">Halloween au Ch\u00e2teau de Bourlemont<\/strong><br data-start=\"2141\" data-end=\"2144\" \/>\ud83d\udcc5 Vendredi 24, samedi 25 et dimanche 26 octobre 2025<br data-start=\"2197\" data-end=\"2200\" \/>\ud83d\udd51 De 14 h \u00e0 17 h 30<br data-start=\"2220\" data-end=\"2223\" \/>\ud83d\udccd Ch\u00e2teau de Bourlemont<br data-start=\"2247\" data-end=\"2250\" \/>\ud83d\udc7b Un rendez-vous familial entre rires et frissons !<\/p>\n<p data-start=\"2100\" data-end=\"2302\"><a href=\"https:\/\/vosgesinfo.fr\/app\/uploads\/sites\/3\/2025\/10\/568157476-1363617985776458-4473381266015467973-n.jpg\"><img decoding=\"async\" class=\"aligncenter size-full wp-image-136516\" src=\"https:\/\/vosgesinfo.fr\/app\/uploads\/sites\/3\/2025\/10\/568157476-1363617985776458-4473381266015467973-n.jpg\" alt=\"\" width=\"1080\" height=\"1080\" \/><\/a><\/p>\n","protected":false},"excerpt":{"rendered":"<p>Le ch\u00e2teau de Bourlemont s\u2019appr\u00eate une nouvelle fois \u00e0 faire frissonner petits et grands. Les 24, 25 et 26 octobre [&hellip;]<\/p>\n","protected":false},"author":52,"featured_media":31471,"comment_status":"open","ping_status":"open","sticky":false,"template":"","format":"standard","meta":{"footnotes":""},"categories":[29,383,380],"tags":[],"class_list":["post-31470","post","type-post","status-publish","format-standard","has-post-thumbnail","hentry","category-a-la-une","category-epinal","category-la-plaine-des-vosges"],"acf":[],"yoast_head":"<!-- This site is optimized with the Yoast SEO plugin v22.5 - https:\/\/yoast.com\/wordpress\/plugins\/seo\/ -->\n<title>Halloween revient hanter le ch\u00e2teau de Bourlemont - La Plaine des Vosges<\/title>\n<meta name=\"robots\" content=\"index, follow, max-snippet:-1, max-image-preview:large, max-video-preview:-1\" \/>\n<link rel=\"canonical\" href=\"https:\/\/vosgesinfo.fr\/laplainedesvosgesinfo\/2025\/10\/halloween-revient-hanter-le-chateau-de-bourlemont\/\" \/>\n<meta name=\"twitter:card\" content=\"summary_large_image\" \/>\n<meta name=\"twitter:title\" content=\"Halloween revient hanter le ch\u00e2teau de Bourlemont - La Plaine des Vosges\" \/>\n<meta name=\"twitter:description\" content=\"Le ch\u00e2teau de Bourlemont s\u2019appr\u00eate une nouvelle fois \u00e0 faire frissonner petits et grands. Les 24, 25 et 26 octobre [&hellip;]\" \/>\n<meta name=\"twitter:image\" content=\"https:\/\/vosgesinfo.fr\/app\/uploads\/sites\/2\/2025\/10\/capture-decran-2025-10-22-102133.jpg\" \/>\n<meta name=\"twitter:creator\" content=\"@VosgesInfo88\" \/>\n<meta name=\"twitter:site\" content=\"@VosgesInfo88\" \/>\n<meta name=\"twitter:label1\" content=\"\u00c9crit par\" \/>\n\t<meta name=\"twitter:data1\" content=\"C.K.\" \/>\n\t<meta name=\"twitter:label2\" content=\"Dur\u00e9e de lecture estim\u00e9e\" \/>\n\t<meta name=\"twitter:data2\" content=\"2 minutes\" \/>\n<script type=\"application\/ld+json\" class=\"yoast-schema-graph\">{\"@context\":\"https:\/\/schema.org\",\"@graph\":[{\"@type\":\"Article\",\"@id\":\"https:\/\/vosgesinfo.fr\/laplainedesvosgesinfo\/2025\/10\/halloween-revient-hanter-le-chateau-de-bourlemont\/#article\",\"isPartOf\":{\"@id\":\"https:\/\/vosgesinfo.fr\/laplainedesvosgesinfo\/2025\/10\/halloween-revient-hanter-le-chateau-de-bourlemont\/\"},\"author\":{\"name\":\"C.K.\",\"@id\":\"https:\/\/vosgesinfo.fr\/laplainedesvosgesinfo\/#\/schema\/person\/6f9a650eeea99d969b6c4ab78fccbe81\"},\"headline\":\"Halloween revient hanter le ch\u00e2teau de Bourlemont\",\"datePublished\":\"2025-10-22T08:22:38+00:00\",\"dateModified\":\"2025-10-22T08:22:38+00:00\",\"mainEntityOfPage\":{\"@id\":\"https:\/\/vosgesinfo.fr\/laplainedesvosgesinfo\/2025\/10\/halloween-revient-hanter-le-chateau-de-bourlemont\/\"},\"wordCount\":329,\"commentCount\":0,\"publisher\":{\"@id\":\"https:\/\/vosgesinfo.fr\/laplainedesvosgesinfo\/#organization\"},\"image\":{\"@id\":\"https:\/\/vosgesinfo.fr\/laplainedesvosgesinfo\/2025\/10\/halloween-revient-hanter-le-chateau-de-bourlemont\/#primaryimage\"},\"thumbnailUrl\":\"https:\/\/vosgesinfo.fr\/app\/uploads\/sites\/2\/2025\/10\/capture-decran-2025-10-22-102133.jpg\",\"articleSection\":[\"A la Une\",\"Epinal\",\"La plaine des vosges\"],\"inLanguage\":\"fr-FR\",\"potentialAction\":[{\"@type\":\"CommentAction\",\"name\":\"Comment\",\"target\":[\"https:\/\/vosgesinfo.fr\/laplainedesvosgesinfo\/2025\/10\/halloween-revient-hanter-le-chateau-de-bourlemont\/#respond\"]}]},{\"@type\":\"WebPage\",\"@id\":\"https:\/\/vosgesinfo.fr\/laplainedesvosgesinfo\/2025\/10\/halloween-revient-hanter-le-chateau-de-bourlemont\/\",\"url\":\"https:\/\/vosgesinfo.fr\/laplainedesvosgesinfo\/2025\/10\/halloween-revient-hanter-le-chateau-de-bourlemont\/\",\"name\":\"Halloween revient hanter le ch\u00e2teau de Bourlemont - La Plaine des Vosges\",\"isPartOf\":{\"@id\":\"https:\/\/vosgesinfo.fr\/laplainedesvosgesinfo\/#website\"},\"primaryImageOfPage\":{\"@id\":\"https:\/\/vosgesinfo.fr\/laplainedesvosgesinfo\/2025\/10\/halloween-revient-hanter-le-chateau-de-bourlemont\/#primaryimage\"},\"image\":{\"@id\":\"https:\/\/vosgesinfo.fr\/laplainedesvosgesinfo\/2025\/10\/halloween-revient-hanter-le-chateau-de-bourlemont\/#primaryimage\"},\"thumbnailUrl\":\"https:\/\/vosgesinfo.fr\/app\/uploads\/sites\/2\/2025\/10\/capture-decran-2025-10-22-102133.jpg\",\"datePublished\":\"2025-10-22T08:22:38+00:00\",\"dateModified\":\"2025-10-22T08:22:38+00:00\",\"breadcrumb\":{\"@id\":\"https:\/\/vosgesinfo.fr\/laplainedesvosgesinfo\/2025\/10\/halloween-revient-hanter-le-chateau-de-bourlemont\/#breadcrumb\"},\"inLanguage\":\"fr-FR\",\"potentialAction\":[{\"@type\":\"ReadAction\",\"target\":[\"https:\/\/vosgesinfo.fr\/laplainedesvosgesinfo\/2025\/10\/halloween-revient-hanter-le-chateau-de-bourlemont\/\"]}]},{\"@type\":\"ImageObject\",\"inLanguage\":\"fr-FR\",\"@id\":\"https:\/\/vosgesinfo.fr\/laplainedesvosgesinfo\/2025\/10\/halloween-revient-hanter-le-chateau-de-bourlemont\/#primaryimage\",\"url\":\"https:\/\/vosgesinfo.fr\/app\/uploads\/sites\/2\/2025\/10\/capture-decran-2025-10-22-102133.jpg\",\"contentUrl\":\"https:\/\/vosgesinfo.fr\/app\/uploads\/sites\/2\/2025\/10\/capture-decran-2025-10-22-102133.jpg\",\"width\":752,\"height\":630},{\"@type\":\"BreadcrumbList\",\"@id\":\"https:\/\/vosgesinfo.fr\/laplainedesvosgesinfo\/2025\/10\/halloween-revient-hanter-le-chateau-de-bourlemont\/#breadcrumb\",\"itemListElement\":[{\"@type\":\"ListItem\",\"position\":1,\"name\":\"Home\",\"item\":\"https:\/\/vosgesinfo.fr\/laplainedesvosgesinfo\/\"},{\"@type\":\"ListItem\",\"position\":2,\"name\":\"Halloween revient hanter le ch\u00e2teau de Bourlemont\"}]},{\"@type\":\"WebSite\",\"@id\":\"https:\/\/vosgesinfo.fr\/laplainedesvosgesinfo\/#website\",\"url\":\"https:\/\/vosgesinfo.fr\/laplainedesvosgesinfo\/\",\"name\":\"La Plaine des Vosges\",\"description\":\"Toute l&#039;actualit\u00e9 de la plaine de Vosges\",\"publisher\":{\"@id\":\"https:\/\/vosgesinfo.fr\/laplainedesvosgesinfo\/#organization\"},\"alternateName\":\"Toute l'actualit\u00e9 de la plaine des Vosges\",\"potentialAction\":[{\"@type\":\"SearchAction\",\"target\":{\"@type\":\"EntryPoint\",\"urlTemplate\":\"https:\/\/vosgesinfo.fr\/laplainedesvosgesinfo\/?s={search_term_string}\"},\"query-input\":\"required name=search_term_string\"}],\"inLanguage\":\"fr-FR\"},{\"@type\":\"Organization\",\"@id\":\"https:\/\/vosgesinfo.fr\/laplainedesvosgesinfo\/#organization\",\"name\":\"La Plaine des Vosges\",\"url\":\"https:\/\/vosgesinfo.fr\/laplainedesvosgesinfo\/\",\"logo\":{\"@type\":\"ImageObject\",\"inLanguage\":\"fr-FR\",\"@id\":\"https:\/\/vosgesinfo.fr\/laplainedesvosgesinfo\/#\/schema\/logo\/image\/\",\"url\":\"https:\/\/vosgesinfo.fr\/app\/uploads\/sites\/2\/2023\/08\/logo-laplaineinfo.svg\",\"contentUrl\":\"https:\/\/vosgesinfo.fr\/app\/uploads\/sites\/2\/2023\/08\/logo-laplaineinfo.svg\",\"width\":1,\"height\":1,\"caption\":\"La Plaine des Vosges\"},\"image\":{\"@id\":\"https:\/\/vosgesinfo.fr\/laplainedesvosgesinfo\/#\/schema\/logo\/image\/\"},\"sameAs\":[\"https:\/\/www.facebook.com\/laplainedesvosges\",\"https:\/\/x.com\/VosgesInfo88\",\"https:\/\/www.youtube.com\/@vosgesinfo\"]},{\"@type\":\"Person\",\"@id\":\"https:\/\/vosgesinfo.fr\/laplainedesvosgesinfo\/#\/schema\/person\/6f9a650eeea99d969b6c4ab78fccbe81\",\"name\":\"C.K.\",\"image\":{\"@type\":\"ImageObject\",\"inLanguage\":\"fr-FR\",\"@id\":\"https:\/\/vosgesinfo.fr\/laplainedesvosgesinfo\/#\/schema\/person\/image\/\",\"url\":\"https:\/\/secure.gravatar.com\/avatar\/48e3fc7f8421ba8942be6b74a2b7f014ca39bc00dece156b7a8e098ae7dc87bf?s=96&d=mm&r=g\",\"contentUrl\":\"https:\/\/secure.gravatar.com\/avatar\/48e3fc7f8421ba8942be6b74a2b7f014ca39bc00dece156b7a8e098ae7dc87bf?s=96&d=mm&r=g\",\"caption\":\"C.K.\"},\"url\":\"https:\/\/vosgesinfo.fr\/laplainedesvosgesinfo\/author\/celia-k-n\/\"}]}<\/script>\n<!-- \/ Yoast SEO plugin. -->","yoast_head_json":{"title":"Halloween revient hanter le ch\u00e2teau de Bourlemont - La Plaine des Vosges","robots":{"index":"index","follow":"follow","max-snippet":"max-snippet:-1","max-image-preview":"max-image-preview:large","max-video-preview":"max-video-preview:-1"},"canonical":"https:\/\/vosgesinfo.fr\/laplainedesvosgesinfo\/2025\/10\/halloween-revient-hanter-le-chateau-de-bourlemont\/","twitter_card":"summary_large_image","twitter_title":"Halloween revient hanter le ch\u00e2teau de Bourlemont - La Plaine des Vosges","twitter_description":"Le ch\u00e2teau de Bourlemont s\u2019appr\u00eate une nouvelle fois \u00e0 faire frissonner petits et grands. Les 24, 25 et 26 octobre [&hellip;]","twitter_image":"https:\/\/vosgesinfo.fr\/app\/uploads\/sites\/2\/2025\/10\/capture-decran-2025-10-22-102133.jpg","twitter_creator":"@VosgesInfo88","twitter_site":"@VosgesInfo88","twitter_misc":{"\u00c9crit par":"C.K.","Dur\u00e9e de lecture estim\u00e9e":"2 minutes"},"schema":{"@context":"https:\/\/schema.org","@graph":[{"@type":"Article","@id":"https:\/\/vosgesinfo.fr\/laplainedesvosgesinfo\/2025\/10\/halloween-revient-hanter-le-chateau-de-bourlemont\/#article","isPartOf":{"@id":"https:\/\/vosgesinfo.fr\/laplainedesvosgesinfo\/2025\/10\/halloween-revient-hanter-le-chateau-de-bourlemont\/"},"author":{"name":"C.K.","@id":"https:\/\/vosgesinfo.fr\/laplainedesvosgesinfo\/#\/schema\/person\/6f9a650eeea99d969b6c4ab78fccbe81"},"headline":"Halloween revient hanter le ch\u00e2teau de Bourlemont","datePublished":"2025-10-22T08:22:38+00:00","dateModified":"2025-10-22T08:22:38+00:00","mainEntityOfPage":{"@id":"https:\/\/vosgesinfo.fr\/laplainedesvosgesinfo\/2025\/10\/halloween-revient-hanter-le-chateau-de-bourlemont\/"},"wordCount":329,"commentCount":0,"publisher":{"@id":"https:\/\/vosgesinfo.fr\/laplainedesvosgesinfo\/#organization"},"image":{"@id":"https:\/\/vosgesinfo.fr\/laplainedesvosgesinfo\/2025\/10\/halloween-revient-hanter-le-chateau-de-bourlemont\/#primaryimage"},"thumbnailUrl":"https:\/\/vosgesinfo.fr\/app\/uploads\/sites\/2\/2025\/10\/capture-decran-2025-10-22-102133.jpg","articleSection":["A la Une","Epinal","La plaine des vosges"],"inLanguage":"fr-FR","potentialAction":[{"@type":"CommentAction","name":"Comment","target":["https:\/\/vosgesinfo.fr\/laplainedesvosgesinfo\/2025\/10\/halloween-revient-hanter-le-chateau-de-bourlemont\/#respond"]}]},{"@type":"WebPage","@id":"https:\/\/vosgesinfo.fr\/laplainedesvosgesinfo\/2025\/10\/halloween-revient-hanter-le-chateau-de-bourlemont\/","url":"https:\/\/vosgesinfo.fr\/laplainedesvosgesinfo\/2025\/10\/halloween-revient-hanter-le-chateau-de-bourlemont\/","name":"Halloween revient hanter le ch\u00e2teau de Bourlemont - La Plaine des Vosges","isPartOf":{"@id":"https:\/\/vosgesinfo.fr\/laplainedesvosgesinfo\/#website"},"primaryImageOfPage":{"@id":"https:\/\/vosgesinfo.fr\/laplainedesvosgesinfo\/2025\/10\/halloween-revient-hanter-le-chateau-de-bourlemont\/#primaryimage"},"image":{"@id":"https:\/\/vosgesinfo.fr\/laplainedesvosgesinfo\/2025\/10\/halloween-revient-hanter-le-chateau-de-bourlemont\/#primaryimage"},"thumbnailUrl":"https:\/\/vosgesinfo.fr\/app\/uploads\/sites\/2\/2025\/10\/capture-decran-2025-10-22-102133.jpg","datePublished":"2025-10-22T08:22:38+00:00","dateModified":"2025-10-22T08:22:38+00:00","breadcrumb":{"@id":"https:\/\/vosgesinfo.fr\/laplainedesvosgesinfo\/2025\/10\/halloween-revient-hanter-le-chateau-de-bourlemont\/#breadcrumb"},"inLanguage":"fr-FR","potentialAction":[{"@type":"ReadAction","target":["https:\/\/vosgesinfo.fr\/laplainedesvosgesinfo\/2025\/10\/halloween-revient-hanter-le-chateau-de-bourlemont\/"]}]},{"@type":"ImageObject","inLanguage":"fr-FR","@id":"https:\/\/vosgesinfo.fr\/laplainedesvosgesinfo\/2025\/10\/halloween-revient-hanter-le-chateau-de-bourlemont\/#primaryimage","url":"https:\/\/vosgesinfo.fr\/app\/uploads\/sites\/2\/2025\/10\/capture-decran-2025-10-22-102133.jpg","contentUrl":"https:\/\/vosgesinfo.fr\/app\/uploads\/sites\/2\/2025\/10\/capture-decran-2025-10-22-102133.jpg","width":752,"height":630},{"@type":"BreadcrumbList","@id":"https:\/\/vosgesinfo.fr\/laplainedesvosgesinfo\/2025\/10\/halloween-revient-hanter-le-chateau-de-bourlemont\/#breadcrumb","itemListElement":[{"@type":"ListItem","position":1,"name":"Home","item":"https:\/\/vosgesinfo.fr\/laplainedesvosgesinfo\/"},{"@type":"ListItem","position":2,"name":"Halloween revient hanter le ch\u00e2teau de Bourlemont"}]},{"@type":"WebSite","@id":"https:\/\/vosgesinfo.fr\/laplainedesvosgesinfo\/#website","url":"https:\/\/vosgesinfo.fr\/laplainedesvosgesinfo\/","name":"La Plaine des Vosges","description":"Toute l&#039;actualit\u00e9 de la plaine de Vosges","publisher":{"@id":"https:\/\/vosgesinfo.fr\/laplainedesvosgesinfo\/#organization"},"alternateName":"Toute l'actualit\u00e9 de la plaine des Vosges","potentialAction":[{"@type":"SearchAction","target":{"@type":"EntryPoint","urlTemplate":"https:\/\/vosgesinfo.fr\/laplainedesvosgesinfo\/?s={search_term_string}"},"query-input":"required name=search_term_string"}],"inLanguage":"fr-FR"},{"@type":"Organization","@id":"https:\/\/vosgesinfo.fr\/laplainedesvosgesinfo\/#organization","name":"La Plaine des Vosges","url":"https:\/\/vosgesinfo.fr\/laplainedesvosgesinfo\/","logo":{"@type":"ImageObject","inLanguage":"fr-FR","@id":"https:\/\/vosgesinfo.fr\/laplainedesvosgesinfo\/#\/schema\/logo\/image\/","url":"https:\/\/vosgesinfo.fr\/app\/uploads\/sites\/2\/2023\/08\/logo-laplaineinfo.svg","contentUrl":"https:\/\/vosgesinfo.fr\/app\/uploads\/sites\/2\/2023\/08\/logo-laplaineinfo.svg","width":1,"height":1,"caption":"La Plaine des Vosges"},"image":{"@id":"https:\/\/vosgesinfo.fr\/laplainedesvosgesinfo\/#\/schema\/logo\/image\/"},"sameAs":["https:\/\/www.facebook.com\/laplainedesvosges","https:\/\/x.com\/VosgesInfo88","https:\/\/www.youtube.com\/@vosgesinfo"]},{"@type":"Person","@id":"https:\/\/vosgesinfo.fr\/laplainedesvosgesinfo\/#\/schema\/person\/6f9a650eeea99d969b6c4ab78fccbe81","name":"C.K.","image":{"@type":"ImageObject","inLanguage":"fr-FR","@id":"https:\/\/vosgesinfo.fr\/laplainedesvosgesinfo\/#\/schema\/person\/image\/","url":"https:\/\/secure.gravatar.com\/avatar\/48e3fc7f8421ba8942be6b74a2b7f014ca39bc00dece156b7a8e098ae7dc87bf?s=96&d=mm&r=g","contentUrl":"https:\/\/secure.gravatar.com\/avatar\/48e3fc7f8421ba8942be6b74a2b7f014ca39bc00dece156b7a8e098ae7dc87bf?s=96&d=mm&r=g","caption":"C.K."},"url":"https:\/\/vosgesinfo.fr\/laplainedesvosgesinfo\/author\/celia-k-n\/"}]}},"_links":{"self":[{"href":"https:\/\/vosgesinfo.fr\/laplainedesvosgesinfo\/wp-json\/wp\/v2\/posts\/31470","targetHints":{"allow":["GET"]}}],"collection":[{"href":"https:\/\/vosgesinfo.fr\/laplainedesvosgesinfo\/wp-json\/wp\/v2\/posts"}],"about":[{"href":"https:\/\/vosgesinfo.fr\/laplainedesvosgesinfo\/wp-json\/wp\/v2\/types\/post"}],"author":[{"embeddable":true,"href":"https:\/\/vosgesinfo.fr\/laplainedesvosgesinfo\/wp-json\/wp\/v2\/users\/52"}],"replies":[{"embeddable":true,"href":"https:\/\/vosgesinfo.fr\/laplainedesvosgesinfo\/wp-json\/wp\/v2\/comments?post=31470"}],"version-history":[{"count":0,"href":"https:\/\/vosgesinfo.fr\/laplainedesvosgesinfo\/wp-json\/wp\/v2\/posts\/31470\/revisions"}],"wp:featuredmedia":[{"embeddable":true,"href":"https:\/\/vosgesinfo.fr\/laplainedesvosgesinfo\/wp-json\/wp\/v2\/media\/31471"}],"wp:attachment":[{"href":"https:\/\/vosgesinfo.fr\/laplainedesvosgesinfo\/wp-json\/wp\/v2\/media?parent=31470"}],"wp:term":[{"taxonomy":"category","embeddable":true,"href":"https:\/\/vosgesinfo.fr\/laplainedesvosgesinfo\/wp-json\/wp\/v2\/categories?post=31470"},{"taxonomy":"post_tag","embeddable":true,"href":"https:\/\/vosgesinfo.fr\/laplainedesvosgesinfo\/wp-json\/wp\/v2\/tags?post=31470"}],"curies":[{"name":"wp","href":"https:\/\/api.w.org\/{rel}","templated":true}]}}