{"id":31527,"date":"2025-10-27T09:20:29","date_gmt":"2025-10-27T08:20:29","guid":{"rendered":"https:\/\/vosgesinfo.fr\/laplainedesvosgesinfo\/2025\/10\/foire-agricole-de-poussay-une-427%e1%b5%89-edition-pluvieuse-mais-toujours-populaire-video\/"},"modified":"2025-10-27T09:20:29","modified_gmt":"2025-10-27T08:20:29","slug":"foire-agricole-de-poussay-une-427%e1%b5%89-edition-pluvieuse-mais-toujours-populaire-video","status":"publish","type":"post","link":"https:\/\/vosgesinfo.fr\/laplainedesvosgesinfo\/2025\/10\/foire-agricole-de-poussay-une-427%e1%b5%89-edition-pluvieuse-mais-toujours-populaire-video\/","title":{"rendered":"Foire agricole de Poussay : une 427\u1d49 \u00e9dition pluvieuse mais toujours populaire [video]"},"content":{"rendered":"<h2 data-start=\"187\" data-end=\"417\"><strong><a href=\"https:\/\/vosgesinfo.fr\/app\/uploads\/sites\/3\/2025\/10\/foire-7-1.jpg\"><img decoding=\"async\" class=\"aligncenter size-full wp-image-136650\" src=\"https:\/\/vosgesinfo.fr\/app\/uploads\/sites\/3\/2025\/10\/foire-7-1.jpg\" alt=\"\" width=\"1920\" height=\"1080\" \/><\/a>Malgr\u00e9 une m\u00e9t\u00e9o capricieuse et l\u2019absence remarqu\u00e9e des bovins et des volailles, la 427\u1d49 \u00e9dition de la foire agricole de Poussay, organis\u00e9e ce week-end des 25 et 26 octobre dans les Vosges, a une nouvelle fois attir\u00e9 les foules.<\/strong><\/h2>\n<p data-start=\"419\" data-end=\"697\">En raison des restrictions sanitaires li\u00e9es \u00e0 la grippe aviaire et \u00e0 la dermatose bovine, les animaux d\u2019\u00e9levage n\u2019ont pas pu \u00eatre pr\u00e9sent\u00e9s cette ann\u00e9e. Un coup dur pour les exposants et les visiteurs attach\u00e9s \u00e0 cette tradition, mais qui n\u2019a pas entam\u00e9 l\u2019enthousiasme g\u00e9n\u00e9ral.<\/p>\n<p data-start=\"699\" data-end=\"1034\">Les all\u00e9es de la foire sont rest\u00e9es anim\u00e9es tout au long du week-end : d\u00e9monstrations, animations pour petits et grands, produits du terroir et mat\u00e9riel agricole dernier cri ont su capter l\u2019attention des visiteurs. Les exposants, quant \u00e0 eux, se disent globalement satisfaits, soulignant l\u2019int\u00e9r\u00eat constant du public malgr\u00e9 la pluie.<\/p>\n<p data-start=\"1036\" data-end=\"1183\">Rendez-vous est d\u2019ores et d\u00e9j\u00e0 donn\u00e9 pour 2026, avec l\u2019espoir d\u2019une 428\u1d49 \u00e9dition encore plus festive et, pourquoi pas, sous un ciel plus cl\u00e9ment.<\/p>\n<p data-start=\"1036\" data-end=\"1183\"><iframe loading=\"lazy\" src=\"\/\/www.youtube.com\/embed\/SdrdDDNIBgs\" width=\"560\" height=\"314\" allowfullscreen=\"allowfullscreen\"><\/iframe><\/p>\n","protected":false},"excerpt":{"rendered":"<p>Malgr\u00e9 une m\u00e9t\u00e9o capricieuse et l\u2019absence remarqu\u00e9e des bovins et des volailles, la 427\u1d49 \u00e9dition de la foire agricole de [&hellip;]<\/p>\n","protected":false},"author":52,"featured_media":31528,"comment_status":"open","ping_status":"open","sticky":false,"template":"","format":"standard","meta":{"footnotes":""},"categories":[29,383,380,18],"tags":[],"class_list":["post-31527","post","type-post","status-publish","format-standard","has-post-thumbnail","hentry","category-a-la-une","category-epinal","category-la-plaine-des-vosges","category-vosges"],"acf":[],"yoast_head":"<!-- This site is optimized with the Yoast SEO plugin v22.5 - https:\/\/yoast.com\/wordpress\/plugins\/seo\/ -->\n<title>Foire agricole de Poussay : une 427\u1d49 \u00e9dition pluvieuse mais toujours populaire [video] - La Plaine des Vosges<\/title>\n<meta name=\"robots\" content=\"index, follow, max-snippet:-1, max-image-preview:large, max-video-preview:-1\" \/>\n<link rel=\"canonical\" href=\"https:\/\/vosgesinfo.fr\/laplainedesvosgesinfo\/2025\/10\/foire-agricole-de-poussay-une-427\u1d49-edition-pluvieuse-mais-toujours-populaire-video\/\" \/>\n<meta name=\"twitter:card\" content=\"summary_large_image\" \/>\n<meta name=\"twitter:title\" content=\"Foire agricole de Poussay : une 427\u1d49 \u00e9dition pluvieuse mais toujours populaire [video] - La Plaine des Vosges\" \/>\n<meta name=\"twitter:description\" content=\"Malgr\u00e9 une m\u00e9t\u00e9o capricieuse et l\u2019absence remarqu\u00e9e des bovins et des volailles, la 427\u1d49 \u00e9dition de la foire agricole de [&hellip;]\" \/>\n<meta name=\"twitter:image\" content=\"https:\/\/vosgesinfo.fr\/app\/uploads\/sites\/2\/2025\/10\/foire-7-1.jpg\" \/>\n<meta name=\"twitter:creator\" content=\"@VosgesInfo88\" \/>\n<meta name=\"twitter:site\" content=\"@VosgesInfo88\" \/>\n<meta name=\"twitter:label1\" content=\"\u00c9crit par\" \/>\n\t<meta name=\"twitter:data1\" content=\"C.K.\" \/>\n\t<meta name=\"twitter:label2\" content=\"Dur\u00e9e de lecture estim\u00e9e\" \/>\n\t<meta name=\"twitter:data2\" content=\"1 minute\" \/>\n<script type=\"application\/ld+json\" class=\"yoast-schema-graph\">{\"@context\":\"https:\/\/schema.org\",\"@graph\":[{\"@type\":\"Article\",\"@id\":\"https:\/\/vosgesinfo.fr\/laplainedesvosgesinfo\/2025\/10\/foire-agricole-de-poussay-une-427%e1%b5%89-edition-pluvieuse-mais-toujours-populaire-video\/#article\",\"isPartOf\":{\"@id\":\"https:\/\/vosgesinfo.fr\/laplainedesvosgesinfo\/2025\/10\/foire-agricole-de-poussay-une-427%e1%b5%89-edition-pluvieuse-mais-toujours-populaire-video\/\"},\"author\":{\"name\":\"C.K.\",\"@id\":\"https:\/\/vosgesinfo.fr\/laplainedesvosgesinfo\/#\/schema\/person\/6f9a650eeea99d969b6c4ab78fccbe81\"},\"headline\":\"Foire agricole de Poussay : une 427\u1d49 \u00e9dition pluvieuse mais toujours populaire [video]\",\"datePublished\":\"2025-10-27T08:20:29+00:00\",\"dateModified\":\"2025-10-27T08:20:29+00:00\",\"mainEntityOfPage\":{\"@id\":\"https:\/\/vosgesinfo.fr\/laplainedesvosgesinfo\/2025\/10\/foire-agricole-de-poussay-une-427%e1%b5%89-edition-pluvieuse-mais-toujours-populaire-video\/\"},\"wordCount\":190,\"commentCount\":1,\"publisher\":{\"@id\":\"https:\/\/vosgesinfo.fr\/laplainedesvosgesinfo\/#organization\"},\"image\":{\"@id\":\"https:\/\/vosgesinfo.fr\/laplainedesvosgesinfo\/2025\/10\/foire-agricole-de-poussay-une-427%e1%b5%89-edition-pluvieuse-mais-toujours-populaire-video\/#primaryimage\"},\"thumbnailUrl\":\"https:\/\/vosgesinfo.fr\/app\/uploads\/sites\/2\/2025\/10\/foire-7-1.jpg\",\"articleSection\":[\"A la Une\",\"Epinal\",\"La plaine des vosges\",\"Vosges\"],\"inLanguage\":\"fr-FR\",\"potentialAction\":[{\"@type\":\"CommentAction\",\"name\":\"Comment\",\"target\":[\"https:\/\/vosgesinfo.fr\/laplainedesvosgesinfo\/2025\/10\/foire-agricole-de-poussay-une-427%e1%b5%89-edition-pluvieuse-mais-toujours-populaire-video\/#respond\"]}]},{\"@type\":\"WebPage\",\"@id\":\"https:\/\/vosgesinfo.fr\/laplainedesvosgesinfo\/2025\/10\/foire-agricole-de-poussay-une-427%e1%b5%89-edition-pluvieuse-mais-toujours-populaire-video\/\",\"url\":\"https:\/\/vosgesinfo.fr\/laplainedesvosgesinfo\/2025\/10\/foire-agricole-de-poussay-une-427%e1%b5%89-edition-pluvieuse-mais-toujours-populaire-video\/\",\"name\":\"Foire agricole de Poussay : une 427\u1d49 \u00e9dition pluvieuse mais toujours populaire [video] - La Plaine des Vosges\",\"isPartOf\":{\"@id\":\"https:\/\/vosgesinfo.fr\/laplainedesvosgesinfo\/#website\"},\"primaryImageOfPage\":{\"@id\":\"https:\/\/vosgesinfo.fr\/laplainedesvosgesinfo\/2025\/10\/foire-agricole-de-poussay-une-427%e1%b5%89-edition-pluvieuse-mais-toujours-populaire-video\/#primaryimage\"},\"image\":{\"@id\":\"https:\/\/vosgesinfo.fr\/laplainedesvosgesinfo\/2025\/10\/foire-agricole-de-poussay-une-427%e1%b5%89-edition-pluvieuse-mais-toujours-populaire-video\/#primaryimage\"},\"thumbnailUrl\":\"https:\/\/vosgesinfo.fr\/app\/uploads\/sites\/2\/2025\/10\/foire-7-1.jpg\",\"datePublished\":\"2025-10-27T08:20:29+00:00\",\"dateModified\":\"2025-10-27T08:20:29+00:00\",\"breadcrumb\":{\"@id\":\"https:\/\/vosgesinfo.fr\/laplainedesvosgesinfo\/2025\/10\/foire-agricole-de-poussay-une-427%e1%b5%89-edition-pluvieuse-mais-toujours-populaire-video\/#breadcrumb\"},\"inLanguage\":\"fr-FR\",\"potentialAction\":[{\"@type\":\"ReadAction\",\"target\":[\"https:\/\/vosgesinfo.fr\/laplainedesvosgesinfo\/2025\/10\/foire-agricole-de-poussay-une-427%e1%b5%89-edition-pluvieuse-mais-toujours-populaire-video\/\"]}]},{\"@type\":\"ImageObject\",\"inLanguage\":\"fr-FR\",\"@id\":\"https:\/\/vosgesinfo.fr\/laplainedesvosgesinfo\/2025\/10\/foire-agricole-de-poussay-une-427%e1%b5%89-edition-pluvieuse-mais-toujours-populaire-video\/#primaryimage\",\"url\":\"https:\/\/vosgesinfo.fr\/app\/uploads\/sites\/2\/2025\/10\/foire-7-1.jpg\",\"contentUrl\":\"https:\/\/vosgesinfo.fr\/app\/uploads\/sites\/2\/2025\/10\/foire-7-1.jpg\",\"width\":1920,\"height\":1080},{\"@type\":\"BreadcrumbList\",\"@id\":\"https:\/\/vosgesinfo.fr\/laplainedesvosgesinfo\/2025\/10\/foire-agricole-de-poussay-une-427%e1%b5%89-edition-pluvieuse-mais-toujours-populaire-video\/#breadcrumb\",\"itemListElement\":[{\"@type\":\"ListItem\",\"position\":1,\"name\":\"Home\",\"item\":\"https:\/\/vosgesinfo.fr\/laplainedesvosgesinfo\/\"},{\"@type\":\"ListItem\",\"position\":2,\"name\":\"Foire agricole de Poussay : une 427\u1d49 \u00e9dition pluvieuse mais toujours populaire [video]\"}]},{\"@type\":\"WebSite\",\"@id\":\"https:\/\/vosgesinfo.fr\/laplainedesvosgesinfo\/#website\",\"url\":\"https:\/\/vosgesinfo.fr\/laplainedesvosgesinfo\/\",\"name\":\"La Plaine des Vosges\",\"description\":\"Toute l&#039;actualit\u00e9 de la plaine de Vosges\",\"publisher\":{\"@id\":\"https:\/\/vosgesinfo.fr\/laplainedesvosgesinfo\/#organization\"},\"alternateName\":\"Toute l'actualit\u00e9 de la plaine des Vosges\",\"potentialAction\":[{\"@type\":\"SearchAction\",\"target\":{\"@type\":\"EntryPoint\",\"urlTemplate\":\"https:\/\/vosgesinfo.fr\/laplainedesvosgesinfo\/?s={search_term_string}\"},\"query-input\":\"required name=search_term_string\"}],\"inLanguage\":\"fr-FR\"},{\"@type\":\"Organization\",\"@id\":\"https:\/\/vosgesinfo.fr\/laplainedesvosgesinfo\/#organization\",\"name\":\"La Plaine des Vosges\",\"url\":\"https:\/\/vosgesinfo.fr\/laplainedesvosgesinfo\/\",\"logo\":{\"@type\":\"ImageObject\",\"inLanguage\":\"fr-FR\",\"@id\":\"https:\/\/vosgesinfo.fr\/laplainedesvosgesinfo\/#\/schema\/logo\/image\/\",\"url\":\"https:\/\/vosgesinfo.fr\/app\/uploads\/sites\/2\/2023\/08\/logo-laplaineinfo.svg\",\"contentUrl\":\"https:\/\/vosgesinfo.fr\/app\/uploads\/sites\/2\/2023\/08\/logo-laplaineinfo.svg\",\"width\":1,\"height\":1,\"caption\":\"La Plaine des Vosges\"},\"image\":{\"@id\":\"https:\/\/vosgesinfo.fr\/laplainedesvosgesinfo\/#\/schema\/logo\/image\/\"},\"sameAs\":[\"https:\/\/www.facebook.com\/laplainedesvosges\",\"https:\/\/x.com\/VosgesInfo88\",\"https:\/\/www.youtube.com\/@vosgesinfo\"]},{\"@type\":\"Person\",\"@id\":\"https:\/\/vosgesinfo.fr\/laplainedesvosgesinfo\/#\/schema\/person\/6f9a650eeea99d969b6c4ab78fccbe81\",\"name\":\"C.K.\",\"image\":{\"@type\":\"ImageObject\",\"inLanguage\":\"fr-FR\",\"@id\":\"https:\/\/vosgesinfo.fr\/laplainedesvosgesinfo\/#\/schema\/person\/image\/\",\"url\":\"https:\/\/secure.gravatar.com\/avatar\/48e3fc7f8421ba8942be6b74a2b7f014ca39bc00dece156b7a8e098ae7dc87bf?s=96&d=mm&r=g\",\"contentUrl\":\"https:\/\/secure.gravatar.com\/avatar\/48e3fc7f8421ba8942be6b74a2b7f014ca39bc00dece156b7a8e098ae7dc87bf?s=96&d=mm&r=g\",\"caption\":\"C.K.\"},\"url\":\"https:\/\/vosgesinfo.fr\/laplainedesvosgesinfo\/author\/celia-k-n\/\"}]}<\/script>\n<!-- \/ Yoast SEO plugin. -->","yoast_head_json":{"title":"Foire agricole de Poussay : une 427\u1d49 \u00e9dition pluvieuse mais toujours populaire [video] - La Plaine des Vosges","robots":{"index":"index","follow":"follow","max-snippet":"max-snippet:-1","max-image-preview":"max-image-preview:large","max-video-preview":"max-video-preview:-1"},"canonical":"https:\/\/vosgesinfo.fr\/laplainedesvosgesinfo\/2025\/10\/foire-agricole-de-poussay-une-427\u1d49-edition-pluvieuse-mais-toujours-populaire-video\/","twitter_card":"summary_large_image","twitter_title":"Foire agricole de Poussay : une 427\u1d49 \u00e9dition pluvieuse mais toujours populaire [video] - La Plaine des Vosges","twitter_description":"Malgr\u00e9 une m\u00e9t\u00e9o capricieuse et l\u2019absence remarqu\u00e9e des bovins et des volailles, la 427\u1d49 \u00e9dition de la foire agricole de [&hellip;]","twitter_image":"https:\/\/vosgesinfo.fr\/app\/uploads\/sites\/2\/2025\/10\/foire-7-1.jpg","twitter_creator":"@VosgesInfo88","twitter_site":"@VosgesInfo88","twitter_misc":{"\u00c9crit par":"C.K.","Dur\u00e9e de lecture estim\u00e9e":"1 minute"},"schema":{"@context":"https:\/\/schema.org","@graph":[{"@type":"Article","@id":"https:\/\/vosgesinfo.fr\/laplainedesvosgesinfo\/2025\/10\/foire-agricole-de-poussay-une-427%e1%b5%89-edition-pluvieuse-mais-toujours-populaire-video\/#article","isPartOf":{"@id":"https:\/\/vosgesinfo.fr\/laplainedesvosgesinfo\/2025\/10\/foire-agricole-de-poussay-une-427%e1%b5%89-edition-pluvieuse-mais-toujours-populaire-video\/"},"author":{"name":"C.K.","@id":"https:\/\/vosgesinfo.fr\/laplainedesvosgesinfo\/#\/schema\/person\/6f9a650eeea99d969b6c4ab78fccbe81"},"headline":"Foire agricole de Poussay : une 427\u1d49 \u00e9dition pluvieuse mais toujours populaire [video]","datePublished":"2025-10-27T08:20:29+00:00","dateModified":"2025-10-27T08:20:29+00:00","mainEntityOfPage":{"@id":"https:\/\/vosgesinfo.fr\/laplainedesvosgesinfo\/2025\/10\/foire-agricole-de-poussay-une-427%e1%b5%89-edition-pluvieuse-mais-toujours-populaire-video\/"},"wordCount":190,"commentCount":1,"publisher":{"@id":"https:\/\/vosgesinfo.fr\/laplainedesvosgesinfo\/#organization"},"image":{"@id":"https:\/\/vosgesinfo.fr\/laplainedesvosgesinfo\/2025\/10\/foire-agricole-de-poussay-une-427%e1%b5%89-edition-pluvieuse-mais-toujours-populaire-video\/#primaryimage"},"thumbnailUrl":"https:\/\/vosgesinfo.fr\/app\/uploads\/sites\/2\/2025\/10\/foire-7-1.jpg","articleSection":["A la Une","Epinal","La plaine des vosges","Vosges"],"inLanguage":"fr-FR","potentialAction":[{"@type":"CommentAction","name":"Comment","target":["https:\/\/vosgesinfo.fr\/laplainedesvosgesinfo\/2025\/10\/foire-agricole-de-poussay-une-427%e1%b5%89-edition-pluvieuse-mais-toujours-populaire-video\/#respond"]}]},{"@type":"WebPage","@id":"https:\/\/vosgesinfo.fr\/laplainedesvosgesinfo\/2025\/10\/foire-agricole-de-poussay-une-427%e1%b5%89-edition-pluvieuse-mais-toujours-populaire-video\/","url":"https:\/\/vosgesinfo.fr\/laplainedesvosgesinfo\/2025\/10\/foire-agricole-de-poussay-une-427%e1%b5%89-edition-pluvieuse-mais-toujours-populaire-video\/","name":"Foire agricole de Poussay : une 427\u1d49 \u00e9dition pluvieuse mais toujours populaire [video] - La Plaine des Vosges","isPartOf":{"@id":"https:\/\/vosgesinfo.fr\/laplainedesvosgesinfo\/#website"},"primaryImageOfPage":{"@id":"https:\/\/vosgesinfo.fr\/laplainedesvosgesinfo\/2025\/10\/foire-agricole-de-poussay-une-427%e1%b5%89-edition-pluvieuse-mais-toujours-populaire-video\/#primaryimage"},"image":{"@id":"https:\/\/vosgesinfo.fr\/laplainedesvosgesinfo\/2025\/10\/foire-agricole-de-poussay-une-427%e1%b5%89-edition-pluvieuse-mais-toujours-populaire-video\/#primaryimage"},"thumbnailUrl":"https:\/\/vosgesinfo.fr\/app\/uploads\/sites\/2\/2025\/10\/foire-7-1.jpg","datePublished":"2025-10-27T08:20:29+00:00","dateModified":"2025-10-27T08:20:29+00:00","breadcrumb":{"@id":"https:\/\/vosgesinfo.fr\/laplainedesvosgesinfo\/2025\/10\/foire-agricole-de-poussay-une-427%e1%b5%89-edition-pluvieuse-mais-toujours-populaire-video\/#breadcrumb"},"inLanguage":"fr-FR","potentialAction":[{"@type":"ReadAction","target":["https:\/\/vosgesinfo.fr\/laplainedesvosgesinfo\/2025\/10\/foire-agricole-de-poussay-une-427%e1%b5%89-edition-pluvieuse-mais-toujours-populaire-video\/"]}]},{"@type":"ImageObject","inLanguage":"fr-FR","@id":"https:\/\/vosgesinfo.fr\/laplainedesvosgesinfo\/2025\/10\/foire-agricole-de-poussay-une-427%e1%b5%89-edition-pluvieuse-mais-toujours-populaire-video\/#primaryimage","url":"https:\/\/vosgesinfo.fr\/app\/uploads\/sites\/2\/2025\/10\/foire-7-1.jpg","contentUrl":"https:\/\/vosgesinfo.fr\/app\/uploads\/sites\/2\/2025\/10\/foire-7-1.jpg","width":1920,"height":1080},{"@type":"BreadcrumbList","@id":"https:\/\/vosgesinfo.fr\/laplainedesvosgesinfo\/2025\/10\/foire-agricole-de-poussay-une-427%e1%b5%89-edition-pluvieuse-mais-toujours-populaire-video\/#breadcrumb","itemListElement":[{"@type":"ListItem","position":1,"name":"Home","item":"https:\/\/vosgesinfo.fr\/laplainedesvosgesinfo\/"},{"@type":"ListItem","position":2,"name":"Foire agricole de Poussay : une 427\u1d49 \u00e9dition pluvieuse mais toujours populaire [video]"}]},{"@type":"WebSite","@id":"https:\/\/vosgesinfo.fr\/laplainedesvosgesinfo\/#website","url":"https:\/\/vosgesinfo.fr\/laplainedesvosgesinfo\/","name":"La Plaine des Vosges","description":"Toute l&#039;actualit\u00e9 de la plaine de Vosges","publisher":{"@id":"https:\/\/vosgesinfo.fr\/laplainedesvosgesinfo\/#organization"},"alternateName":"Toute l'actualit\u00e9 de la plaine des Vosges","potentialAction":[{"@type":"SearchAction","target":{"@type":"EntryPoint","urlTemplate":"https:\/\/vosgesinfo.fr\/laplainedesvosgesinfo\/?s={search_term_string}"},"query-input":"required name=search_term_string"}],"inLanguage":"fr-FR"},{"@type":"Organization","@id":"https:\/\/vosgesinfo.fr\/laplainedesvosgesinfo\/#organization","name":"La Plaine des Vosges","url":"https:\/\/vosgesinfo.fr\/laplainedesvosgesinfo\/","logo":{"@type":"ImageObject","inLanguage":"fr-FR","@id":"https:\/\/vosgesinfo.fr\/laplainedesvosgesinfo\/#\/schema\/logo\/image\/","url":"https:\/\/vosgesinfo.fr\/app\/uploads\/sites\/2\/2023\/08\/logo-laplaineinfo.svg","contentUrl":"https:\/\/vosgesinfo.fr\/app\/uploads\/sites\/2\/2023\/08\/logo-laplaineinfo.svg","width":1,"height":1,"caption":"La Plaine des Vosges"},"image":{"@id":"https:\/\/vosgesinfo.fr\/laplainedesvosgesinfo\/#\/schema\/logo\/image\/"},"sameAs":["https:\/\/www.facebook.com\/laplainedesvosges","https:\/\/x.com\/VosgesInfo88","https:\/\/www.youtube.com\/@vosgesinfo"]},{"@type":"Person","@id":"https:\/\/vosgesinfo.fr\/laplainedesvosgesinfo\/#\/schema\/person\/6f9a650eeea99d969b6c4ab78fccbe81","name":"C.K.","image":{"@type":"ImageObject","inLanguage":"fr-FR","@id":"https:\/\/vosgesinfo.fr\/laplainedesvosgesinfo\/#\/schema\/person\/image\/","url":"https:\/\/secure.gravatar.com\/avatar\/48e3fc7f8421ba8942be6b74a2b7f014ca39bc00dece156b7a8e098ae7dc87bf?s=96&d=mm&r=g","contentUrl":"https:\/\/secure.gravatar.com\/avatar\/48e3fc7f8421ba8942be6b74a2b7f014ca39bc00dece156b7a8e098ae7dc87bf?s=96&d=mm&r=g","caption":"C.K."},"url":"https:\/\/vosgesinfo.fr\/laplainedesvosgesinfo\/author\/celia-k-n\/"}]}},"_links":{"self":[{"href":"https:\/\/vosgesinfo.fr\/laplainedesvosgesinfo\/wp-json\/wp\/v2\/posts\/31527","targetHints":{"allow":["GET"]}}],"collection":[{"href":"https:\/\/vosgesinfo.fr\/laplainedesvosgesinfo\/wp-json\/wp\/v2\/posts"}],"about":[{"href":"https:\/\/vosgesinfo.fr\/laplainedesvosgesinfo\/wp-json\/wp\/v2\/types\/post"}],"author":[{"embeddable":true,"href":"https:\/\/vosgesinfo.fr\/laplainedesvosgesinfo\/wp-json\/wp\/v2\/users\/52"}],"replies":[{"embeddable":true,"href":"https:\/\/vosgesinfo.fr\/laplainedesvosgesinfo\/wp-json\/wp\/v2\/comments?post=31527"}],"version-history":[{"count":0,"href":"https:\/\/vosgesinfo.fr\/laplainedesvosgesinfo\/wp-json\/wp\/v2\/posts\/31527\/revisions"}],"wp:featuredmedia":[{"embeddable":true,"href":"https:\/\/vosgesinfo.fr\/laplainedesvosgesinfo\/wp-json\/wp\/v2\/media\/31528"}],"wp:attachment":[{"href":"https:\/\/vosgesinfo.fr\/laplainedesvosgesinfo\/wp-json\/wp\/v2\/media?parent=31527"}],"wp:term":[{"taxonomy":"category","embeddable":true,"href":"https:\/\/vosgesinfo.fr\/laplainedesvosgesinfo\/wp-json\/wp\/v2\/categories?post=31527"},{"taxonomy":"post_tag","embeddable":true,"href":"https:\/\/vosgesinfo.fr\/laplainedesvosgesinfo\/wp-json\/wp\/v2\/tags?post=31527"}],"curies":[{"name":"wp","href":"https:\/\/api.w.org\/{rel}","templated":true}]}}