{"id":31529,"date":"2025-10-28T07:00:09","date_gmt":"2025-10-28T06:00:09","guid":{"rendered":"https:\/\/vosgesinfo.fr\/laplainedesvosgesinfo\/?p=31529"},"modified":"2025-10-28T07:00:09","modified_gmt":"2025-10-28T06:00:09","slug":"le-mois-sans-tabac-en-grand-est-une-10%e1%b5%89-edition-au-concept-federateur","status":"publish","type":"post","link":"https:\/\/vosgesinfo.fr\/laplainedesvosgesinfo\/2025\/10\/le-mois-sans-tabac-en-grand-est-une-10%e1%b5%89-edition-au-concept-federateur\/","title":{"rendered":"Le Mois sans tabac en Grand Est : une 10\u1d49 \u00e9dition au concept f\u00e9d\u00e9rateur"},"content":{"rendered":"<h3 data-start=\"258\" data-end=\"363\"><a href=\"https:\/\/vosgesinfo.fr\/app\/uploads\/sites\/3\/2024\/10\/tabac-fumeur-cigarette-1.jpg\"><img decoding=\"async\" class=\"aligncenter size-full wp-image-123549\" src=\"https:\/\/vosgesinfo.fr\/app\/uploads\/sites\/3\/2024\/10\/tabac-fumeur-cigarette-1.jpg\" alt=\"\" width=\"616\" height=\"400\" \/><\/a>4 millions de fumeurs quotidiens en moins en 10 ans : la France poursuit sa lutte contre le tabagisme<\/h3>\n<p data-start=\"365\" data-end=\"839\">\u00c0 quelques jours du lancement de la <strong data-start=\"401\" data-end=\"437\">10\u1d49 \u00e9dition de \u201cMois sans tabac\u201d<\/strong>, le 1\u1d49\u02b3 novembre 2025, les premiers r\u00e9sultats du <strong data-start=\"487\" data-end=\"525\">Barom\u00e8tre de Sant\u00e9 publique France<\/strong> confirment une tendance encourageante : le tabagisme continue de reculer en France.<br data-start=\"609\" data-end=\"612\" \/>Depuis 2014, <strong data-start=\"625\" data-end=\"699\">le nombre de fumeurs quotidiens de 18 \u00e0 75 ans a diminu\u00e9 de 4 millions<\/strong>, passant de 28,6 % \u00e0 18,2 % en 2024. Cette baisse marque un tournant majeur apr\u00e8s la stagnation observ\u00e9e pendant la pand\u00e9mie de Covid-19.<\/p>\n<hr data-start=\"841\" data-end=\"844\" \/>\n<h3 data-start=\"846\" data-end=\"899\">\ud83d\udd39 Une baisse marqu\u00e9e de la consommation de tabac<\/h3>\n<p data-start=\"901\" data-end=\"1098\">En 2024, <strong data-start=\"910\" data-end=\"930\">25 % des adultes<\/strong> d\u00e9clarent fumer, contre 32 % en 2021. Le tabagisme quotidien, lui, est pass\u00e9 de 25 % \u00e0 18 % sur la m\u00eame p\u00e9riode.<br data-start=\"1043\" data-end=\"1046\" \/>Cette tendance se retrouve aussi chez les jeunes :<\/p>\n<ul data-start=\"1099\" data-end=\"1374\">\n<li data-start=\"1099\" data-end=\"1215\">\n<p data-start=\"1101\" data-end=\"1215\">Parmi les <strong data-start=\"1111\" data-end=\"1121\">17 ans<\/strong>, la proportion de fumeurs quotidiens est pass\u00e9e de <strong data-start=\"1173\" data-end=\"1191\">25,1 % en 2017<\/strong> \u00e0 <strong data-start=\"1194\" data-end=\"1212\">15,6 % en 2022<\/strong>.<\/p>\n<\/li>\n<li data-start=\"1216\" data-end=\"1374\">\n<p data-start=\"1218\" data-end=\"1374\">Chez les <strong data-start=\"1227\" data-end=\"1240\">18-29 ans<\/strong>, elle chute de <strong data-start=\"1256\" data-end=\"1272\">29 % en 2021<\/strong> \u00e0 <strong data-start=\"1275\" data-end=\"1291\">18 % en 2024<\/strong>.<br data-start=\"1292\" data-end=\"1295\" \/>Parall\u00e8lement, <strong data-start=\"1310\" data-end=\"1349\">44 % des Fran\u00e7ais n\u2019ont jamais fum\u00e9<\/strong>, un record historique.<\/p>\n<\/li>\n<\/ul>\n<hr data-start=\"1376\" data-end=\"1379\" \/>\n<h3 data-start=\"1381\" data-end=\"1441\">\ud83d\udd39 Des disparit\u00e9s sociales et territoriales persistantes<\/h3>\n<p data-start=\"1443\" data-end=\"1530\">Malgr\u00e9 ces progr\u00e8s, le tabagisme reste marqu\u00e9 par de fortes <strong data-start=\"1503\" data-end=\"1526\">in\u00e9galit\u00e9s sociales<\/strong> :<\/p>\n<ul data-start=\"1531\" data-end=\"1861\">\n<li data-start=\"1531\" data-end=\"1627\">\n<p data-start=\"1533\" data-end=\"1627\">Les <strong data-start=\"1537\" data-end=\"1549\">ouvriers<\/strong> sont deux fois plus nombreux \u00e0 fumer que les <strong data-start=\"1595\" data-end=\"1605\">cadres<\/strong> (25 % contre 12 %).<\/p>\n<\/li>\n<li data-start=\"1628\" data-end=\"1755\">\n<p data-start=\"1630\" data-end=\"1755\">Les personnes <strong data-start=\"1644\" data-end=\"1672\">en difficult\u00e9 financi\u00e8re<\/strong> sont trois fois plus touch\u00e9es (30 % contre 10 % chez celles se disant \u00e0 l\u2019aise).<\/p>\n<\/li>\n<li data-start=\"1756\" data-end=\"1861\">\n<p data-start=\"1758\" data-end=\"1861\">Le tabagisme atteint <strong data-start=\"1779\" data-end=\"1795\">pr\u00e8s de 30 %<\/strong> chez les <strong data-start=\"1805\" data-end=\"1817\">ch\u00f4meurs<\/strong>, contre <strong data-start=\"1826\" data-end=\"1834\">19 %<\/strong> chez les actifs occup\u00e9s.<\/p>\n<\/li>\n<\/ul>\n<p data-start=\"1863\" data-end=\"2069\">Sur le plan territorial, la <strong data-start=\"1891\" data-end=\"1928\">pr\u00e9valence du tabagisme quotidien<\/strong> varie de <strong data-start=\"1938\" data-end=\"1956\">9,5 % \u00e0 20,9 %<\/strong> selon les r\u00e9gions.<br data-start=\"1975\" data-end=\"1978\" \/>Dans le <strong data-start=\"1986\" data-end=\"1999\">Grand Est<\/strong>, elle atteint <strong data-start=\"2014\" data-end=\"2024\">19,8 %<\/strong>, un taux sup\u00e9rieur \u00e0 la moyenne nationale.<\/p>\n<hr data-start=\"2071\" data-end=\"2074\" \/>\n<h3 data-start=\"2076\" data-end=\"2132\">\ud83d\udd39 Mois sans tabac : un d\u00e9fi collectif et f\u00e9d\u00e9rateur<\/h3>\n<p data-start=\"2134\" data-end=\"2200\">Pour cette <strong data-start=\"2145\" data-end=\"2160\">10\u1d49 \u00e9dition<\/strong>, la campagne adopte un message fort :<\/p>\n<blockquote data-start=\"2201\" data-end=\"2280\">\n<p data-start=\"2203\" data-end=\"2280\">\u00ab Participer \u00e0 Mois sans tabac augmente vos chances de devenir ex-fumeur. \u00bb<\/p>\n<\/blockquote>\n<p data-start=\"2282\" data-end=\"2503\">L\u2019objectif : encourager chaque participant \u00e0 <strong data-start=\"2327\" data-end=\"2367\">relever le d\u00e9fi d\u2019un mois sans fumer<\/strong>, une \u00e9tape d\u00e9cisive vers l\u2019arr\u00eat durable.<br data-start=\"2409\" data-end=\"2412\" \/>En effet, <strong data-start=\"2422\" data-end=\"2500\">30 jours sans tabac multiplient par 5 les chances d\u2019arr\u00eater d\u00e9finitivement<\/strong>.<\/p>\n<p data-start=\"2505\" data-end=\"2614\">Au <strong data-start=\"2508\" data-end=\"2527\">15 octobre 2025<\/strong>, la r\u00e9gion <strong data-start=\"2539\" data-end=\"2587\">Grand Est compte d\u00e9j\u00e0 plus de 3 100 inscrits<\/strong> pr\u00eats \u00e0 relever le d\u00e9fi.<\/p>\n<hr data-start=\"2616\" data-end=\"2619\" \/>\n<h3 data-start=\"2621\" data-end=\"2656\">\ud83d\udd39 Un accompagnement sur mesure<\/h3>\n<p data-start=\"2658\" data-end=\"2738\">Pour soutenir les fumeurs dans leur d\u00e9marche, plusieurs outils sont propos\u00e9s :<\/p>\n<ul data-start=\"2739\" data-end=\"3367\">\n<li data-start=\"2739\" data-end=\"2908\">\n<p data-start=\"2741\" data-end=\"2908\">\ud83d\udcbb Un <strong data-start=\"2747\" data-end=\"2761\">site d\u00e9di\u00e9<\/strong> : <a class=\"decorated-link\" href=\"https:\/\/mois-sans-tabac.tabac-info-service.fr\" target=\"_new\" rel=\"noopener\" data-start=\"2764\" data-end=\"2850\">mois-sans-tabac.tabac-info-service.fr<\/a><\/p>\n<\/li>\n<\/ul>\n","protected":false},"excerpt":{"rendered":"<p>4 millions de fumeurs quotidiens en moins en 10 ans : la France poursuit sa lutte contre le tabagisme \u00c0 [&hellip;]<\/p>\n","protected":false},"author":52,"featured_media":31530,"comment_status":"open","ping_status":"open","sticky":false,"template":"","format":"standard","meta":{"footnotes":""},"categories":[29,383,294,380,381,384],"tags":[],"class_list":["post-31529","post","type-post","status-publish","format-standard","has-post-thumbnail","hentry","category-a-la-une","category-epinal","category-gerardmer","category-la-plaine-des-vosges","category-remiremont","category-saint-die"],"acf":[],"yoast_head":"<!-- This site is optimized with the Yoast SEO plugin v22.5 - https:\/\/yoast.com\/wordpress\/plugins\/seo\/ -->\n<title>Le Mois sans tabac en Grand Est : une 10\u1d49 \u00e9dition au concept f\u00e9d\u00e9rateur - La Plaine des Vosges<\/title>\n<meta name=\"robots\" content=\"index, follow, max-snippet:-1, max-image-preview:large, max-video-preview:-1\" \/>\n<link rel=\"canonical\" href=\"https:\/\/vosgesinfo.fr\/laplainedesvosgesinfo\/2025\/10\/le-mois-sans-tabac-en-grand-est-une-10\u1d49-edition-au-concept-federateur\/\" \/>\n<meta name=\"twitter:card\" content=\"summary_large_image\" \/>\n<meta name=\"twitter:title\" content=\"Le Mois sans tabac en Grand Est : une 10\u1d49 \u00e9dition au concept f\u00e9d\u00e9rateur - La Plaine des Vosges\" \/>\n<meta name=\"twitter:description\" content=\"4 millions de fumeurs quotidiens en moins en 10 ans : la France poursuit sa lutte contre le tabagisme \u00c0 [&hellip;]\" \/>\n<meta name=\"twitter:image\" content=\"https:\/\/vosgesinfo.fr\/app\/uploads\/sites\/2\/2025\/10\/tabac-fumeur-cigarette-1.jpg\" \/>\n<meta name=\"twitter:creator\" content=\"@VosgesInfo88\" \/>\n<meta name=\"twitter:site\" content=\"@VosgesInfo88\" \/>\n<meta name=\"twitter:label1\" content=\"\u00c9crit par\" \/>\n\t<meta name=\"twitter:data1\" content=\"C.K.\" \/>\n\t<meta name=\"twitter:label2\" content=\"Dur\u00e9e de lecture estim\u00e9e\" \/>\n\t<meta name=\"twitter:data2\" content=\"2 minutes\" \/>\n<script type=\"application\/ld+json\" class=\"yoast-schema-graph\">{\"@context\":\"https:\/\/schema.org\",\"@graph\":[{\"@type\":\"Article\",\"@id\":\"https:\/\/vosgesinfo.fr\/laplainedesvosgesinfo\/2025\/10\/le-mois-sans-tabac-en-grand-est-une-10%e1%b5%89-edition-au-concept-federateur\/#article\",\"isPartOf\":{\"@id\":\"https:\/\/vosgesinfo.fr\/laplainedesvosgesinfo\/2025\/10\/le-mois-sans-tabac-en-grand-est-une-10%e1%b5%89-edition-au-concept-federateur\/\"},\"author\":{\"name\":\"C.K.\",\"@id\":\"https:\/\/vosgesinfo.fr\/laplainedesvosgesinfo\/#\/schema\/person\/6f9a650eeea99d969b6c4ab78fccbe81\"},\"headline\":\"Le Mois sans tabac en Grand Est : une 10\u1d49 \u00e9dition au concept f\u00e9d\u00e9rateur\",\"datePublished\":\"2025-10-28T06:00:09+00:00\",\"dateModified\":\"2025-10-28T06:00:09+00:00\",\"mainEntityOfPage\":{\"@id\":\"https:\/\/vosgesinfo.fr\/laplainedesvosgesinfo\/2025\/10\/le-mois-sans-tabac-en-grand-est-une-10%e1%b5%89-edition-au-concept-federateur\/\"},\"wordCount\":379,\"commentCount\":0,\"publisher\":{\"@id\":\"https:\/\/vosgesinfo.fr\/laplainedesvosgesinfo\/#organization\"},\"image\":{\"@id\":\"https:\/\/vosgesinfo.fr\/laplainedesvosgesinfo\/2025\/10\/le-mois-sans-tabac-en-grand-est-une-10%e1%b5%89-edition-au-concept-federateur\/#primaryimage\"},\"thumbnailUrl\":\"https:\/\/vosgesinfo.fr\/app\/uploads\/sites\/2\/2025\/10\/tabac-fumeur-cigarette-1.jpg\",\"articleSection\":[\"A la Une\",\"Epinal\",\"G\u00e9rardmer\",\"La plaine des vosges\",\"Remiremont\",\"Saint-di\u00e9\"],\"inLanguage\":\"fr-FR\",\"potentialAction\":[{\"@type\":\"CommentAction\",\"name\":\"Comment\",\"target\":[\"https:\/\/vosgesinfo.fr\/laplainedesvosgesinfo\/2025\/10\/le-mois-sans-tabac-en-grand-est-une-10%e1%b5%89-edition-au-concept-federateur\/#respond\"]}]},{\"@type\":\"WebPage\",\"@id\":\"https:\/\/vosgesinfo.fr\/laplainedesvosgesinfo\/2025\/10\/le-mois-sans-tabac-en-grand-est-une-10%e1%b5%89-edition-au-concept-federateur\/\",\"url\":\"https:\/\/vosgesinfo.fr\/laplainedesvosgesinfo\/2025\/10\/le-mois-sans-tabac-en-grand-est-une-10%e1%b5%89-edition-au-concept-federateur\/\",\"name\":\"Le Mois sans tabac en Grand Est : une 10\u1d49 \u00e9dition au concept f\u00e9d\u00e9rateur - La Plaine des Vosges\",\"isPartOf\":{\"@id\":\"https:\/\/vosgesinfo.fr\/laplainedesvosgesinfo\/#website\"},\"primaryImageOfPage\":{\"@id\":\"https:\/\/vosgesinfo.fr\/laplainedesvosgesinfo\/2025\/10\/le-mois-sans-tabac-en-grand-est-une-10%e1%b5%89-edition-au-concept-federateur\/#primaryimage\"},\"image\":{\"@id\":\"https:\/\/vosgesinfo.fr\/laplainedesvosgesinfo\/2025\/10\/le-mois-sans-tabac-en-grand-est-une-10%e1%b5%89-edition-au-concept-federateur\/#primaryimage\"},\"thumbnailUrl\":\"https:\/\/vosgesinfo.fr\/app\/uploads\/sites\/2\/2025\/10\/tabac-fumeur-cigarette-1.jpg\",\"datePublished\":\"2025-10-28T06:00:09+00:00\",\"dateModified\":\"2025-10-28T06:00:09+00:00\",\"breadcrumb\":{\"@id\":\"https:\/\/vosgesinfo.fr\/laplainedesvosgesinfo\/2025\/10\/le-mois-sans-tabac-en-grand-est-une-10%e1%b5%89-edition-au-concept-federateur\/#breadcrumb\"},\"inLanguage\":\"fr-FR\",\"potentialAction\":[{\"@type\":\"ReadAction\",\"target\":[\"https:\/\/vosgesinfo.fr\/laplainedesvosgesinfo\/2025\/10\/le-mois-sans-tabac-en-grand-est-une-10%e1%b5%89-edition-au-concept-federateur\/\"]}]},{\"@type\":\"ImageObject\",\"inLanguage\":\"fr-FR\",\"@id\":\"https:\/\/vosgesinfo.fr\/laplainedesvosgesinfo\/2025\/10\/le-mois-sans-tabac-en-grand-est-une-10%e1%b5%89-edition-au-concept-federateur\/#primaryimage\",\"url\":\"https:\/\/vosgesinfo.fr\/app\/uploads\/sites\/2\/2025\/10\/tabac-fumeur-cigarette-1.jpg\",\"contentUrl\":\"https:\/\/vosgesinfo.fr\/app\/uploads\/sites\/2\/2025\/10\/tabac-fumeur-cigarette-1.jpg\",\"width\":616,\"height\":400},{\"@type\":\"BreadcrumbList\",\"@id\":\"https:\/\/vosgesinfo.fr\/laplainedesvosgesinfo\/2025\/10\/le-mois-sans-tabac-en-grand-est-une-10%e1%b5%89-edition-au-concept-federateur\/#breadcrumb\",\"itemListElement\":[{\"@type\":\"ListItem\",\"position\":1,\"name\":\"Home\",\"item\":\"https:\/\/vosgesinfo.fr\/laplainedesvosgesinfo\/\"},{\"@type\":\"ListItem\",\"position\":2,\"name\":\"Le Mois sans tabac en Grand Est : une 10\u1d49 \u00e9dition au concept f\u00e9d\u00e9rateur\"}]},{\"@type\":\"WebSite\",\"@id\":\"https:\/\/vosgesinfo.fr\/laplainedesvosgesinfo\/#website\",\"url\":\"https:\/\/vosgesinfo.fr\/laplainedesvosgesinfo\/\",\"name\":\"La Plaine des Vosges\",\"description\":\"Toute l&#039;actualit\u00e9 de la plaine de Vosges\",\"publisher\":{\"@id\":\"https:\/\/vosgesinfo.fr\/laplainedesvosgesinfo\/#organization\"},\"alternateName\":\"Toute l'actualit\u00e9 de la plaine des Vosges\",\"potentialAction\":[{\"@type\":\"SearchAction\",\"target\":{\"@type\":\"EntryPoint\",\"urlTemplate\":\"https:\/\/vosgesinfo.fr\/laplainedesvosgesinfo\/?s={search_term_string}\"},\"query-input\":\"required name=search_term_string\"}],\"inLanguage\":\"fr-FR\"},{\"@type\":\"Organization\",\"@id\":\"https:\/\/vosgesinfo.fr\/laplainedesvosgesinfo\/#organization\",\"name\":\"La Plaine des Vosges\",\"url\":\"https:\/\/vosgesinfo.fr\/laplainedesvosgesinfo\/\",\"logo\":{\"@type\":\"ImageObject\",\"inLanguage\":\"fr-FR\",\"@id\":\"https:\/\/vosgesinfo.fr\/laplainedesvosgesinfo\/#\/schema\/logo\/image\/\",\"url\":\"https:\/\/vosgesinfo.fr\/app\/uploads\/sites\/2\/2023\/08\/logo-laplaineinfo.svg\",\"contentUrl\":\"https:\/\/vosgesinfo.fr\/app\/uploads\/sites\/2\/2023\/08\/logo-laplaineinfo.svg\",\"width\":1,\"height\":1,\"caption\":\"La Plaine des Vosges\"},\"image\":{\"@id\":\"https:\/\/vosgesinfo.fr\/laplainedesvosgesinfo\/#\/schema\/logo\/image\/\"},\"sameAs\":[\"https:\/\/www.facebook.com\/laplainedesvosges\",\"https:\/\/x.com\/VosgesInfo88\",\"https:\/\/www.youtube.com\/@vosgesinfo\"]},{\"@type\":\"Person\",\"@id\":\"https:\/\/vosgesinfo.fr\/laplainedesvosgesinfo\/#\/schema\/person\/6f9a650eeea99d969b6c4ab78fccbe81\",\"name\":\"C.K.\",\"image\":{\"@type\":\"ImageObject\",\"inLanguage\":\"fr-FR\",\"@id\":\"https:\/\/vosgesinfo.fr\/laplainedesvosgesinfo\/#\/schema\/person\/image\/\",\"url\":\"https:\/\/secure.gravatar.com\/avatar\/48e3fc7f8421ba8942be6b74a2b7f014ca39bc00dece156b7a8e098ae7dc87bf?s=96&d=mm&r=g\",\"contentUrl\":\"https:\/\/secure.gravatar.com\/avatar\/48e3fc7f8421ba8942be6b74a2b7f014ca39bc00dece156b7a8e098ae7dc87bf?s=96&d=mm&r=g\",\"caption\":\"C.K.\"},\"url\":\"https:\/\/vosgesinfo.fr\/laplainedesvosgesinfo\/author\/celia-k-n\/\"}]}<\/script>\n<!-- \/ Yoast SEO plugin. -->","yoast_head_json":{"title":"Le Mois sans tabac en Grand Est : une 10\u1d49 \u00e9dition au concept f\u00e9d\u00e9rateur - La Plaine des Vosges","robots":{"index":"index","follow":"follow","max-snippet":"max-snippet:-1","max-image-preview":"max-image-preview:large","max-video-preview":"max-video-preview:-1"},"canonical":"https:\/\/vosgesinfo.fr\/laplainedesvosgesinfo\/2025\/10\/le-mois-sans-tabac-en-grand-est-une-10\u1d49-edition-au-concept-federateur\/","twitter_card":"summary_large_image","twitter_title":"Le Mois sans tabac en Grand Est : une 10\u1d49 \u00e9dition au concept f\u00e9d\u00e9rateur - La Plaine des Vosges","twitter_description":"4 millions de fumeurs quotidiens en moins en 10 ans : la France poursuit sa lutte contre le tabagisme \u00c0 [&hellip;]","twitter_image":"https:\/\/vosgesinfo.fr\/app\/uploads\/sites\/2\/2025\/10\/tabac-fumeur-cigarette-1.jpg","twitter_creator":"@VosgesInfo88","twitter_site":"@VosgesInfo88","twitter_misc":{"\u00c9crit par":"C.K.","Dur\u00e9e de lecture estim\u00e9e":"2 minutes"},"schema":{"@context":"https:\/\/schema.org","@graph":[{"@type":"Article","@id":"https:\/\/vosgesinfo.fr\/laplainedesvosgesinfo\/2025\/10\/le-mois-sans-tabac-en-grand-est-une-10%e1%b5%89-edition-au-concept-federateur\/#article","isPartOf":{"@id":"https:\/\/vosgesinfo.fr\/laplainedesvosgesinfo\/2025\/10\/le-mois-sans-tabac-en-grand-est-une-10%e1%b5%89-edition-au-concept-federateur\/"},"author":{"name":"C.K.","@id":"https:\/\/vosgesinfo.fr\/laplainedesvosgesinfo\/#\/schema\/person\/6f9a650eeea99d969b6c4ab78fccbe81"},"headline":"Le Mois sans tabac en Grand Est : une 10\u1d49 \u00e9dition au concept f\u00e9d\u00e9rateur","datePublished":"2025-10-28T06:00:09+00:00","dateModified":"2025-10-28T06:00:09+00:00","mainEntityOfPage":{"@id":"https:\/\/vosgesinfo.fr\/laplainedesvosgesinfo\/2025\/10\/le-mois-sans-tabac-en-grand-est-une-10%e1%b5%89-edition-au-concept-federateur\/"},"wordCount":379,"commentCount":0,"publisher":{"@id":"https:\/\/vosgesinfo.fr\/laplainedesvosgesinfo\/#organization"},"image":{"@id":"https:\/\/vosgesinfo.fr\/laplainedesvosgesinfo\/2025\/10\/le-mois-sans-tabac-en-grand-est-une-10%e1%b5%89-edition-au-concept-federateur\/#primaryimage"},"thumbnailUrl":"https:\/\/vosgesinfo.fr\/app\/uploads\/sites\/2\/2025\/10\/tabac-fumeur-cigarette-1.jpg","articleSection":["A la Une","Epinal","G\u00e9rardmer","La plaine des vosges","Remiremont","Saint-di\u00e9"],"inLanguage":"fr-FR","potentialAction":[{"@type":"CommentAction","name":"Comment","target":["https:\/\/vosgesinfo.fr\/laplainedesvosgesinfo\/2025\/10\/le-mois-sans-tabac-en-grand-est-une-10%e1%b5%89-edition-au-concept-federateur\/#respond"]}]},{"@type":"WebPage","@id":"https:\/\/vosgesinfo.fr\/laplainedesvosgesinfo\/2025\/10\/le-mois-sans-tabac-en-grand-est-une-10%e1%b5%89-edition-au-concept-federateur\/","url":"https:\/\/vosgesinfo.fr\/laplainedesvosgesinfo\/2025\/10\/le-mois-sans-tabac-en-grand-est-une-10%e1%b5%89-edition-au-concept-federateur\/","name":"Le Mois sans tabac en Grand Est : une 10\u1d49 \u00e9dition au concept f\u00e9d\u00e9rateur - La Plaine des Vosges","isPartOf":{"@id":"https:\/\/vosgesinfo.fr\/laplainedesvosgesinfo\/#website"},"primaryImageOfPage":{"@id":"https:\/\/vosgesinfo.fr\/laplainedesvosgesinfo\/2025\/10\/le-mois-sans-tabac-en-grand-est-une-10%e1%b5%89-edition-au-concept-federateur\/#primaryimage"},"image":{"@id":"https:\/\/vosgesinfo.fr\/laplainedesvosgesinfo\/2025\/10\/le-mois-sans-tabac-en-grand-est-une-10%e1%b5%89-edition-au-concept-federateur\/#primaryimage"},"thumbnailUrl":"https:\/\/vosgesinfo.fr\/app\/uploads\/sites\/2\/2025\/10\/tabac-fumeur-cigarette-1.jpg","datePublished":"2025-10-28T06:00:09+00:00","dateModified":"2025-10-28T06:00:09+00:00","breadcrumb":{"@id":"https:\/\/vosgesinfo.fr\/laplainedesvosgesinfo\/2025\/10\/le-mois-sans-tabac-en-grand-est-une-10%e1%b5%89-edition-au-concept-federateur\/#breadcrumb"},"inLanguage":"fr-FR","potentialAction":[{"@type":"ReadAction","target":["https:\/\/vosgesinfo.fr\/laplainedesvosgesinfo\/2025\/10\/le-mois-sans-tabac-en-grand-est-une-10%e1%b5%89-edition-au-concept-federateur\/"]}]},{"@type":"ImageObject","inLanguage":"fr-FR","@id":"https:\/\/vosgesinfo.fr\/laplainedesvosgesinfo\/2025\/10\/le-mois-sans-tabac-en-grand-est-une-10%e1%b5%89-edition-au-concept-federateur\/#primaryimage","url":"https:\/\/vosgesinfo.fr\/app\/uploads\/sites\/2\/2025\/10\/tabac-fumeur-cigarette-1.jpg","contentUrl":"https:\/\/vosgesinfo.fr\/app\/uploads\/sites\/2\/2025\/10\/tabac-fumeur-cigarette-1.jpg","width":616,"height":400},{"@type":"BreadcrumbList","@id":"https:\/\/vosgesinfo.fr\/laplainedesvosgesinfo\/2025\/10\/le-mois-sans-tabac-en-grand-est-une-10%e1%b5%89-edition-au-concept-federateur\/#breadcrumb","itemListElement":[{"@type":"ListItem","position":1,"name":"Home","item":"https:\/\/vosgesinfo.fr\/laplainedesvosgesinfo\/"},{"@type":"ListItem","position":2,"name":"Le Mois sans tabac en Grand Est : une 10\u1d49 \u00e9dition au concept f\u00e9d\u00e9rateur"}]},{"@type":"WebSite","@id":"https:\/\/vosgesinfo.fr\/laplainedesvosgesinfo\/#website","url":"https:\/\/vosgesinfo.fr\/laplainedesvosgesinfo\/","name":"La Plaine des Vosges","description":"Toute l&#039;actualit\u00e9 de la plaine de Vosges","publisher":{"@id":"https:\/\/vosgesinfo.fr\/laplainedesvosgesinfo\/#organization"},"alternateName":"Toute l'actualit\u00e9 de la plaine des Vosges","potentialAction":[{"@type":"SearchAction","target":{"@type":"EntryPoint","urlTemplate":"https:\/\/vosgesinfo.fr\/laplainedesvosgesinfo\/?s={search_term_string}"},"query-input":"required name=search_term_string"}],"inLanguage":"fr-FR"},{"@type":"Organization","@id":"https:\/\/vosgesinfo.fr\/laplainedesvosgesinfo\/#organization","name":"La Plaine des Vosges","url":"https:\/\/vosgesinfo.fr\/laplainedesvosgesinfo\/","logo":{"@type":"ImageObject","inLanguage":"fr-FR","@id":"https:\/\/vosgesinfo.fr\/laplainedesvosgesinfo\/#\/schema\/logo\/image\/","url":"https:\/\/vosgesinfo.fr\/app\/uploads\/sites\/2\/2023\/08\/logo-laplaineinfo.svg","contentUrl":"https:\/\/vosgesinfo.fr\/app\/uploads\/sites\/2\/2023\/08\/logo-laplaineinfo.svg","width":1,"height":1,"caption":"La Plaine des Vosges"},"image":{"@id":"https:\/\/vosgesinfo.fr\/laplainedesvosgesinfo\/#\/schema\/logo\/image\/"},"sameAs":["https:\/\/www.facebook.com\/laplainedesvosges","https:\/\/x.com\/VosgesInfo88","https:\/\/www.youtube.com\/@vosgesinfo"]},{"@type":"Person","@id":"https:\/\/vosgesinfo.fr\/laplainedesvosgesinfo\/#\/schema\/person\/6f9a650eeea99d969b6c4ab78fccbe81","name":"C.K.","image":{"@type":"ImageObject","inLanguage":"fr-FR","@id":"https:\/\/vosgesinfo.fr\/laplainedesvosgesinfo\/#\/schema\/person\/image\/","url":"https:\/\/secure.gravatar.com\/avatar\/48e3fc7f8421ba8942be6b74a2b7f014ca39bc00dece156b7a8e098ae7dc87bf?s=96&d=mm&r=g","contentUrl":"https:\/\/secure.gravatar.com\/avatar\/48e3fc7f8421ba8942be6b74a2b7f014ca39bc00dece156b7a8e098ae7dc87bf?s=96&d=mm&r=g","caption":"C.K."},"url":"https:\/\/vosgesinfo.fr\/laplainedesvosgesinfo\/author\/celia-k-n\/"}]}},"_links":{"self":[{"href":"https:\/\/vosgesinfo.fr\/laplainedesvosgesinfo\/wp-json\/wp\/v2\/posts\/31529","targetHints":{"allow":["GET"]}}],"collection":[{"href":"https:\/\/vosgesinfo.fr\/laplainedesvosgesinfo\/wp-json\/wp\/v2\/posts"}],"about":[{"href":"https:\/\/vosgesinfo.fr\/laplainedesvosgesinfo\/wp-json\/wp\/v2\/types\/post"}],"author":[{"embeddable":true,"href":"https:\/\/vosgesinfo.fr\/laplainedesvosgesinfo\/wp-json\/wp\/v2\/users\/52"}],"replies":[{"embeddable":true,"href":"https:\/\/vosgesinfo.fr\/laplainedesvosgesinfo\/wp-json\/wp\/v2\/comments?post=31529"}],"version-history":[{"count":1,"href":"https:\/\/vosgesinfo.fr\/laplainedesvosgesinfo\/wp-json\/wp\/v2\/posts\/31529\/revisions"}],"predecessor-version":[{"id":31531,"href":"https:\/\/vosgesinfo.fr\/laplainedesvosgesinfo\/wp-json\/wp\/v2\/posts\/31529\/revisions\/31531"}],"wp:featuredmedia":[{"embeddable":true,"href":"https:\/\/vosgesinfo.fr\/laplainedesvosgesinfo\/wp-json\/wp\/v2\/media\/31530"}],"wp:attachment":[{"href":"https:\/\/vosgesinfo.fr\/laplainedesvosgesinfo\/wp-json\/wp\/v2\/media?parent=31529"}],"wp:term":[{"taxonomy":"category","embeddable":true,"href":"https:\/\/vosgesinfo.fr\/laplainedesvosgesinfo\/wp-json\/wp\/v2\/categories?post=31529"},{"taxonomy":"post_tag","embeddable":true,"href":"https:\/\/vosgesinfo.fr\/laplainedesvosgesinfo\/wp-json\/wp\/v2\/tags?post=31529"}],"curies":[{"name":"wp","href":"https:\/\/api.w.org\/{rel}","templated":true}]}}