{"id":31532,"date":"2025-10-28T09:33:14","date_gmt":"2025-10-28T08:33:14","guid":{"rendered":"https:\/\/vosgesinfo.fr\/laplainedesvosgesinfo\/2025\/10\/saint-maurice-sur-moselle-la-station-du-rouge-gazon-en-liquidation-judiciaire\/"},"modified":"2025-10-28T09:33:14","modified_gmt":"2025-10-28T08:33:14","slug":"saint-maurice-sur-moselle-la-station-du-rouge-gazon-en-liquidation-judiciaire","status":"publish","type":"post","link":"https:\/\/vosgesinfo.fr\/laplainedesvosgesinfo\/2025\/10\/saint-maurice-sur-moselle-la-station-du-rouge-gazon-en-liquidation-judiciaire\/","title":{"rendered":"Saint-Maurice-sur-Moselle : la station du Rouge-Gazon en liquidation judiciaire"},"content":{"rendered":"<h2 data-start=\"189\" data-end=\"511\"><strong><a href=\"https:\/\/vosgesinfo.fr\/app\/uploads\/sites\/5\/2024\/09\/202301rouge-gazon-11.jpg\"><img decoding=\"async\" class=\"aligncenter size-full wp-image-66617\" src=\"https:\/\/vosgesinfo.fr\/app\/uploads\/sites\/5\/2024\/09\/202301rouge-gazon-11.jpg\" alt=\"\" width=\"1600\" height=\"1064\" \/><\/a>La nouvelle marque un tournant pour le domaine skiable du Rouge-Gazon, site embl\u00e9matique des Vosges m\u00e9ridionales. Le tribunal de commerce d\u2019\u00c9pinal a prononc\u00e9, le 14 octobre 2025, la liquidation judiciaire de la soci\u00e9t\u00e9 Les T\u00e9l\u00e9skis du Rouge-Gazon, d\u00e9cision rendue publique par une annonce l\u00e9gale parue le 23 octobre.<\/strong><\/h2>\n<p data-start=\"513\" data-end=\"874\">Cette issue judiciaire met fin, du moins pour l\u2019instant, \u00e0 l\u2019activit\u00e9 d\u2019un site cher aux habitants de Saint-Maurice-sur-Moselle et aux amateurs de glisse de la r\u00e9gion. La soci\u00e9t\u00e9 liquid\u00e9e g\u00e9rait les remont\u00e9es m\u00e9caniques et l\u2019exploitation du domaine skiable depuis novembre 2022, dans le cadre d\u2019une d\u00e9l\u00e9gation de service public confi\u00e9e par la commune.<\/p>\n<p data-start=\"876\" data-end=\"1232\">L\u2019hiver 2022-2023 avait pourtant marqu\u00e9 un timide red\u00e9marrage de la station, rouverte pour quelques jours sous la gestion de la soci\u00e9t\u00e9, filiale de la SAS Morlot. Mais les deux saisons suivantes, 2023-2024 et 2024-2025, se sont sold\u00e9es par une fermeture totale du domaine, et ce malgr\u00e9 un enneigement jug\u00e9 suffisant par plusieurs observateurs locaux.<\/p>\n<p data-start=\"1234\" data-end=\"1608\">Pour la commune, cette liquidation laisse planer de nombreuses incertitudes quant \u00e0 l\u2019avenir du site. Le Rouge-Gazon, qui fut longtemps un symbole du ski familial vosgien, voit une nouvelle fois son avenir compromis. Reste \u00e0 savoir si un repreneur ou une nouvelle formule d\u2019exploitation permettra de redonner vie \u00e0 ce secteur touristique majeur de la vall\u00e9e de la Moselle.<\/p>\n","protected":false},"excerpt":{"rendered":"<p>La nouvelle marque un tournant pour le domaine skiable du Rouge-Gazon, site embl\u00e9matique des Vosges m\u00e9ridionales. Le tribunal de commerce [&hellip;]<\/p>\n","protected":false},"author":52,"featured_media":31533,"comment_status":"open","ping_status":"open","sticky":false,"template":"","format":"standard","meta":{"footnotes":""},"categories":[29,383,294,380,381,384],"tags":[],"class_list":["post-31532","post","type-post","status-publish","format-standard","has-post-thumbnail","hentry","category-a-la-une","category-epinal","category-gerardmer","category-la-plaine-des-vosges","category-remiremont","category-saint-die"],"acf":[],"yoast_head":"<!-- This site is optimized with the Yoast SEO plugin v22.5 - https:\/\/yoast.com\/wordpress\/plugins\/seo\/ -->\n<title>Saint-Maurice-sur-Moselle : la station du Rouge-Gazon en liquidation judiciaire - La Plaine des Vosges<\/title>\n<meta name=\"robots\" content=\"index, follow, max-snippet:-1, max-image-preview:large, max-video-preview:-1\" \/>\n<link rel=\"canonical\" href=\"https:\/\/vosgesinfo.fr\/laplainedesvosgesinfo\/2025\/10\/saint-maurice-sur-moselle-la-station-du-rouge-gazon-en-liquidation-judiciaire\/\" \/>\n<meta name=\"twitter:card\" content=\"summary_large_image\" \/>\n<meta name=\"twitter:title\" content=\"Saint-Maurice-sur-Moselle : la station du Rouge-Gazon en liquidation judiciaire - La Plaine des Vosges\" \/>\n<meta name=\"twitter:description\" content=\"La nouvelle marque un tournant pour le domaine skiable du Rouge-Gazon, site embl\u00e9matique des Vosges m\u00e9ridionales. Le tribunal de commerce [&hellip;]\" \/>\n<meta name=\"twitter:image\" content=\"https:\/\/vosgesinfo.fr\/app\/uploads\/sites\/2\/2025\/10\/202301rouge-gazon-11.jpg\" \/>\n<meta name=\"twitter:creator\" content=\"@VosgesInfo88\" \/>\n<meta name=\"twitter:site\" content=\"@VosgesInfo88\" \/>\n<meta name=\"twitter:label1\" content=\"\u00c9crit par\" \/>\n\t<meta name=\"twitter:data1\" content=\"C.K.\" \/>\n\t<meta name=\"twitter:label2\" content=\"Dur\u00e9e de lecture estim\u00e9e\" \/>\n\t<meta name=\"twitter:data2\" content=\"1 minute\" \/>\n<script type=\"application\/ld+json\" class=\"yoast-schema-graph\">{\"@context\":\"https:\/\/schema.org\",\"@graph\":[{\"@type\":\"Article\",\"@id\":\"https:\/\/vosgesinfo.fr\/laplainedesvosgesinfo\/2025\/10\/saint-maurice-sur-moselle-la-station-du-rouge-gazon-en-liquidation-judiciaire\/#article\",\"isPartOf\":{\"@id\":\"https:\/\/vosgesinfo.fr\/laplainedesvosgesinfo\/2025\/10\/saint-maurice-sur-moselle-la-station-du-rouge-gazon-en-liquidation-judiciaire\/\"},\"author\":{\"name\":\"C.K.\",\"@id\":\"https:\/\/vosgesinfo.fr\/laplainedesvosgesinfo\/#\/schema\/person\/6f9a650eeea99d969b6c4ab78fccbe81\"},\"headline\":\"Saint-Maurice-sur-Moselle : la station du Rouge-Gazon en liquidation judiciaire\",\"datePublished\":\"2025-10-28T08:33:14+00:00\",\"dateModified\":\"2025-10-28T08:33:14+00:00\",\"mainEntityOfPage\":{\"@id\":\"https:\/\/vosgesinfo.fr\/laplainedesvosgesinfo\/2025\/10\/saint-maurice-sur-moselle-la-station-du-rouge-gazon-en-liquidation-judiciaire\/\"},\"wordCount\":243,\"commentCount\":0,\"publisher\":{\"@id\":\"https:\/\/vosgesinfo.fr\/laplainedesvosgesinfo\/#organization\"},\"image\":{\"@id\":\"https:\/\/vosgesinfo.fr\/laplainedesvosgesinfo\/2025\/10\/saint-maurice-sur-moselle-la-station-du-rouge-gazon-en-liquidation-judiciaire\/#primaryimage\"},\"thumbnailUrl\":\"https:\/\/vosgesinfo.fr\/app\/uploads\/sites\/2\/2025\/10\/202301rouge-gazon-11.jpg\",\"articleSection\":[\"A la Une\",\"Epinal\",\"G\u00e9rardmer\",\"La plaine des vosges\",\"Remiremont\",\"Saint-di\u00e9\"],\"inLanguage\":\"fr-FR\",\"potentialAction\":[{\"@type\":\"CommentAction\",\"name\":\"Comment\",\"target\":[\"https:\/\/vosgesinfo.fr\/laplainedesvosgesinfo\/2025\/10\/saint-maurice-sur-moselle-la-station-du-rouge-gazon-en-liquidation-judiciaire\/#respond\"]}]},{\"@type\":\"WebPage\",\"@id\":\"https:\/\/vosgesinfo.fr\/laplainedesvosgesinfo\/2025\/10\/saint-maurice-sur-moselle-la-station-du-rouge-gazon-en-liquidation-judiciaire\/\",\"url\":\"https:\/\/vosgesinfo.fr\/laplainedesvosgesinfo\/2025\/10\/saint-maurice-sur-moselle-la-station-du-rouge-gazon-en-liquidation-judiciaire\/\",\"name\":\"Saint-Maurice-sur-Moselle : la station du Rouge-Gazon en liquidation judiciaire - La Plaine des Vosges\",\"isPartOf\":{\"@id\":\"https:\/\/vosgesinfo.fr\/laplainedesvosgesinfo\/#website\"},\"primaryImageOfPage\":{\"@id\":\"https:\/\/vosgesinfo.fr\/laplainedesvosgesinfo\/2025\/10\/saint-maurice-sur-moselle-la-station-du-rouge-gazon-en-liquidation-judiciaire\/#primaryimage\"},\"image\":{\"@id\":\"https:\/\/vosgesinfo.fr\/laplainedesvosgesinfo\/2025\/10\/saint-maurice-sur-moselle-la-station-du-rouge-gazon-en-liquidation-judiciaire\/#primaryimage\"},\"thumbnailUrl\":\"https:\/\/vosgesinfo.fr\/app\/uploads\/sites\/2\/2025\/10\/202301rouge-gazon-11.jpg\",\"datePublished\":\"2025-10-28T08:33:14+00:00\",\"dateModified\":\"2025-10-28T08:33:14+00:00\",\"breadcrumb\":{\"@id\":\"https:\/\/vosgesinfo.fr\/laplainedesvosgesinfo\/2025\/10\/saint-maurice-sur-moselle-la-station-du-rouge-gazon-en-liquidation-judiciaire\/#breadcrumb\"},\"inLanguage\":\"fr-FR\",\"potentialAction\":[{\"@type\":\"ReadAction\",\"target\":[\"https:\/\/vosgesinfo.fr\/laplainedesvosgesinfo\/2025\/10\/saint-maurice-sur-moselle-la-station-du-rouge-gazon-en-liquidation-judiciaire\/\"]}]},{\"@type\":\"ImageObject\",\"inLanguage\":\"fr-FR\",\"@id\":\"https:\/\/vosgesinfo.fr\/laplainedesvosgesinfo\/2025\/10\/saint-maurice-sur-moselle-la-station-du-rouge-gazon-en-liquidation-judiciaire\/#primaryimage\",\"url\":\"https:\/\/vosgesinfo.fr\/app\/uploads\/sites\/2\/2025\/10\/202301rouge-gazon-11.jpg\",\"contentUrl\":\"https:\/\/vosgesinfo.fr\/app\/uploads\/sites\/2\/2025\/10\/202301rouge-gazon-11.jpg\",\"width\":1600,\"height\":1064},{\"@type\":\"BreadcrumbList\",\"@id\":\"https:\/\/vosgesinfo.fr\/laplainedesvosgesinfo\/2025\/10\/saint-maurice-sur-moselle-la-station-du-rouge-gazon-en-liquidation-judiciaire\/#breadcrumb\",\"itemListElement\":[{\"@type\":\"ListItem\",\"position\":1,\"name\":\"Home\",\"item\":\"https:\/\/vosgesinfo.fr\/laplainedesvosgesinfo\/\"},{\"@type\":\"ListItem\",\"position\":2,\"name\":\"Saint-Maurice-sur-Moselle : la station du Rouge-Gazon en liquidation judiciaire\"}]},{\"@type\":\"WebSite\",\"@id\":\"https:\/\/vosgesinfo.fr\/laplainedesvosgesinfo\/#website\",\"url\":\"https:\/\/vosgesinfo.fr\/laplainedesvosgesinfo\/\",\"name\":\"La Plaine des Vosges\",\"description\":\"Toute l&#039;actualit\u00e9 de la plaine de Vosges\",\"publisher\":{\"@id\":\"https:\/\/vosgesinfo.fr\/laplainedesvosgesinfo\/#organization\"},\"alternateName\":\"Toute l'actualit\u00e9 de la plaine des Vosges\",\"potentialAction\":[{\"@type\":\"SearchAction\",\"target\":{\"@type\":\"EntryPoint\",\"urlTemplate\":\"https:\/\/vosgesinfo.fr\/laplainedesvosgesinfo\/?s={search_term_string}\"},\"query-input\":\"required name=search_term_string\"}],\"inLanguage\":\"fr-FR\"},{\"@type\":\"Organization\",\"@id\":\"https:\/\/vosgesinfo.fr\/laplainedesvosgesinfo\/#organization\",\"name\":\"La Plaine des Vosges\",\"url\":\"https:\/\/vosgesinfo.fr\/laplainedesvosgesinfo\/\",\"logo\":{\"@type\":\"ImageObject\",\"inLanguage\":\"fr-FR\",\"@id\":\"https:\/\/vosgesinfo.fr\/laplainedesvosgesinfo\/#\/schema\/logo\/image\/\",\"url\":\"https:\/\/vosgesinfo.fr\/app\/uploads\/sites\/2\/2023\/08\/logo-laplaineinfo.svg\",\"contentUrl\":\"https:\/\/vosgesinfo.fr\/app\/uploads\/sites\/2\/2023\/08\/logo-laplaineinfo.svg\",\"width\":1,\"height\":1,\"caption\":\"La Plaine des Vosges\"},\"image\":{\"@id\":\"https:\/\/vosgesinfo.fr\/laplainedesvosgesinfo\/#\/schema\/logo\/image\/\"},\"sameAs\":[\"https:\/\/www.facebook.com\/laplainedesvosges\",\"https:\/\/x.com\/VosgesInfo88\",\"https:\/\/www.youtube.com\/@vosgesinfo\"]},{\"@type\":\"Person\",\"@id\":\"https:\/\/vosgesinfo.fr\/laplainedesvosgesinfo\/#\/schema\/person\/6f9a650eeea99d969b6c4ab78fccbe81\",\"name\":\"C.K.\",\"image\":{\"@type\":\"ImageObject\",\"inLanguage\":\"fr-FR\",\"@id\":\"https:\/\/vosgesinfo.fr\/laplainedesvosgesinfo\/#\/schema\/person\/image\/\",\"url\":\"https:\/\/secure.gravatar.com\/avatar\/48e3fc7f8421ba8942be6b74a2b7f014ca39bc00dece156b7a8e098ae7dc87bf?s=96&d=mm&r=g\",\"contentUrl\":\"https:\/\/secure.gravatar.com\/avatar\/48e3fc7f8421ba8942be6b74a2b7f014ca39bc00dece156b7a8e098ae7dc87bf?s=96&d=mm&r=g\",\"caption\":\"C.K.\"},\"url\":\"https:\/\/vosgesinfo.fr\/laplainedesvosgesinfo\/author\/celia-k-n\/\"}]}<\/script>\n<!-- \/ Yoast SEO plugin. -->","yoast_head_json":{"title":"Saint-Maurice-sur-Moselle : la station du Rouge-Gazon en liquidation judiciaire - La Plaine des Vosges","robots":{"index":"index","follow":"follow","max-snippet":"max-snippet:-1","max-image-preview":"max-image-preview:large","max-video-preview":"max-video-preview:-1"},"canonical":"https:\/\/vosgesinfo.fr\/laplainedesvosgesinfo\/2025\/10\/saint-maurice-sur-moselle-la-station-du-rouge-gazon-en-liquidation-judiciaire\/","twitter_card":"summary_large_image","twitter_title":"Saint-Maurice-sur-Moselle : la station du Rouge-Gazon en liquidation judiciaire - La Plaine des Vosges","twitter_description":"La nouvelle marque un tournant pour le domaine skiable du Rouge-Gazon, site embl\u00e9matique des Vosges m\u00e9ridionales. Le tribunal de commerce [&hellip;]","twitter_image":"https:\/\/vosgesinfo.fr\/app\/uploads\/sites\/2\/2025\/10\/202301rouge-gazon-11.jpg","twitter_creator":"@VosgesInfo88","twitter_site":"@VosgesInfo88","twitter_misc":{"\u00c9crit par":"C.K.","Dur\u00e9e de lecture estim\u00e9e":"1 minute"},"schema":{"@context":"https:\/\/schema.org","@graph":[{"@type":"Article","@id":"https:\/\/vosgesinfo.fr\/laplainedesvosgesinfo\/2025\/10\/saint-maurice-sur-moselle-la-station-du-rouge-gazon-en-liquidation-judiciaire\/#article","isPartOf":{"@id":"https:\/\/vosgesinfo.fr\/laplainedesvosgesinfo\/2025\/10\/saint-maurice-sur-moselle-la-station-du-rouge-gazon-en-liquidation-judiciaire\/"},"author":{"name":"C.K.","@id":"https:\/\/vosgesinfo.fr\/laplainedesvosgesinfo\/#\/schema\/person\/6f9a650eeea99d969b6c4ab78fccbe81"},"headline":"Saint-Maurice-sur-Moselle : la station du Rouge-Gazon en liquidation judiciaire","datePublished":"2025-10-28T08:33:14+00:00","dateModified":"2025-10-28T08:33:14+00:00","mainEntityOfPage":{"@id":"https:\/\/vosgesinfo.fr\/laplainedesvosgesinfo\/2025\/10\/saint-maurice-sur-moselle-la-station-du-rouge-gazon-en-liquidation-judiciaire\/"},"wordCount":243,"commentCount":0,"publisher":{"@id":"https:\/\/vosgesinfo.fr\/laplainedesvosgesinfo\/#organization"},"image":{"@id":"https:\/\/vosgesinfo.fr\/laplainedesvosgesinfo\/2025\/10\/saint-maurice-sur-moselle-la-station-du-rouge-gazon-en-liquidation-judiciaire\/#primaryimage"},"thumbnailUrl":"https:\/\/vosgesinfo.fr\/app\/uploads\/sites\/2\/2025\/10\/202301rouge-gazon-11.jpg","articleSection":["A la Une","Epinal","G\u00e9rardmer","La plaine des vosges","Remiremont","Saint-di\u00e9"],"inLanguage":"fr-FR","potentialAction":[{"@type":"CommentAction","name":"Comment","target":["https:\/\/vosgesinfo.fr\/laplainedesvosgesinfo\/2025\/10\/saint-maurice-sur-moselle-la-station-du-rouge-gazon-en-liquidation-judiciaire\/#respond"]}]},{"@type":"WebPage","@id":"https:\/\/vosgesinfo.fr\/laplainedesvosgesinfo\/2025\/10\/saint-maurice-sur-moselle-la-station-du-rouge-gazon-en-liquidation-judiciaire\/","url":"https:\/\/vosgesinfo.fr\/laplainedesvosgesinfo\/2025\/10\/saint-maurice-sur-moselle-la-station-du-rouge-gazon-en-liquidation-judiciaire\/","name":"Saint-Maurice-sur-Moselle : la station du Rouge-Gazon en liquidation judiciaire - La Plaine des Vosges","isPartOf":{"@id":"https:\/\/vosgesinfo.fr\/laplainedesvosgesinfo\/#website"},"primaryImageOfPage":{"@id":"https:\/\/vosgesinfo.fr\/laplainedesvosgesinfo\/2025\/10\/saint-maurice-sur-moselle-la-station-du-rouge-gazon-en-liquidation-judiciaire\/#primaryimage"},"image":{"@id":"https:\/\/vosgesinfo.fr\/laplainedesvosgesinfo\/2025\/10\/saint-maurice-sur-moselle-la-station-du-rouge-gazon-en-liquidation-judiciaire\/#primaryimage"},"thumbnailUrl":"https:\/\/vosgesinfo.fr\/app\/uploads\/sites\/2\/2025\/10\/202301rouge-gazon-11.jpg","datePublished":"2025-10-28T08:33:14+00:00","dateModified":"2025-10-28T08:33:14+00:00","breadcrumb":{"@id":"https:\/\/vosgesinfo.fr\/laplainedesvosgesinfo\/2025\/10\/saint-maurice-sur-moselle-la-station-du-rouge-gazon-en-liquidation-judiciaire\/#breadcrumb"},"inLanguage":"fr-FR","potentialAction":[{"@type":"ReadAction","target":["https:\/\/vosgesinfo.fr\/laplainedesvosgesinfo\/2025\/10\/saint-maurice-sur-moselle-la-station-du-rouge-gazon-en-liquidation-judiciaire\/"]}]},{"@type":"ImageObject","inLanguage":"fr-FR","@id":"https:\/\/vosgesinfo.fr\/laplainedesvosgesinfo\/2025\/10\/saint-maurice-sur-moselle-la-station-du-rouge-gazon-en-liquidation-judiciaire\/#primaryimage","url":"https:\/\/vosgesinfo.fr\/app\/uploads\/sites\/2\/2025\/10\/202301rouge-gazon-11.jpg","contentUrl":"https:\/\/vosgesinfo.fr\/app\/uploads\/sites\/2\/2025\/10\/202301rouge-gazon-11.jpg","width":1600,"height":1064},{"@type":"BreadcrumbList","@id":"https:\/\/vosgesinfo.fr\/laplainedesvosgesinfo\/2025\/10\/saint-maurice-sur-moselle-la-station-du-rouge-gazon-en-liquidation-judiciaire\/#breadcrumb","itemListElement":[{"@type":"ListItem","position":1,"name":"Home","item":"https:\/\/vosgesinfo.fr\/laplainedesvosgesinfo\/"},{"@type":"ListItem","position":2,"name":"Saint-Maurice-sur-Moselle : la station du Rouge-Gazon en liquidation judiciaire"}]},{"@type":"WebSite","@id":"https:\/\/vosgesinfo.fr\/laplainedesvosgesinfo\/#website","url":"https:\/\/vosgesinfo.fr\/laplainedesvosgesinfo\/","name":"La Plaine des Vosges","description":"Toute l&#039;actualit\u00e9 de la plaine de Vosges","publisher":{"@id":"https:\/\/vosgesinfo.fr\/laplainedesvosgesinfo\/#organization"},"alternateName":"Toute l'actualit\u00e9 de la plaine des Vosges","potentialAction":[{"@type":"SearchAction","target":{"@type":"EntryPoint","urlTemplate":"https:\/\/vosgesinfo.fr\/laplainedesvosgesinfo\/?s={search_term_string}"},"query-input":"required name=search_term_string"}],"inLanguage":"fr-FR"},{"@type":"Organization","@id":"https:\/\/vosgesinfo.fr\/laplainedesvosgesinfo\/#organization","name":"La Plaine des Vosges","url":"https:\/\/vosgesinfo.fr\/laplainedesvosgesinfo\/","logo":{"@type":"ImageObject","inLanguage":"fr-FR","@id":"https:\/\/vosgesinfo.fr\/laplainedesvosgesinfo\/#\/schema\/logo\/image\/","url":"https:\/\/vosgesinfo.fr\/app\/uploads\/sites\/2\/2023\/08\/logo-laplaineinfo.svg","contentUrl":"https:\/\/vosgesinfo.fr\/app\/uploads\/sites\/2\/2023\/08\/logo-laplaineinfo.svg","width":1,"height":1,"caption":"La Plaine des Vosges"},"image":{"@id":"https:\/\/vosgesinfo.fr\/laplainedesvosgesinfo\/#\/schema\/logo\/image\/"},"sameAs":["https:\/\/www.facebook.com\/laplainedesvosges","https:\/\/x.com\/VosgesInfo88","https:\/\/www.youtube.com\/@vosgesinfo"]},{"@type":"Person","@id":"https:\/\/vosgesinfo.fr\/laplainedesvosgesinfo\/#\/schema\/person\/6f9a650eeea99d969b6c4ab78fccbe81","name":"C.K.","image":{"@type":"ImageObject","inLanguage":"fr-FR","@id":"https:\/\/vosgesinfo.fr\/laplainedesvosgesinfo\/#\/schema\/person\/image\/","url":"https:\/\/secure.gravatar.com\/avatar\/48e3fc7f8421ba8942be6b74a2b7f014ca39bc00dece156b7a8e098ae7dc87bf?s=96&d=mm&r=g","contentUrl":"https:\/\/secure.gravatar.com\/avatar\/48e3fc7f8421ba8942be6b74a2b7f014ca39bc00dece156b7a8e098ae7dc87bf?s=96&d=mm&r=g","caption":"C.K."},"url":"https:\/\/vosgesinfo.fr\/laplainedesvosgesinfo\/author\/celia-k-n\/"}]}},"_links":{"self":[{"href":"https:\/\/vosgesinfo.fr\/laplainedesvosgesinfo\/wp-json\/wp\/v2\/posts\/31532","targetHints":{"allow":["GET"]}}],"collection":[{"href":"https:\/\/vosgesinfo.fr\/laplainedesvosgesinfo\/wp-json\/wp\/v2\/posts"}],"about":[{"href":"https:\/\/vosgesinfo.fr\/laplainedesvosgesinfo\/wp-json\/wp\/v2\/types\/post"}],"author":[{"embeddable":true,"href":"https:\/\/vosgesinfo.fr\/laplainedesvosgesinfo\/wp-json\/wp\/v2\/users\/52"}],"replies":[{"embeddable":true,"href":"https:\/\/vosgesinfo.fr\/laplainedesvosgesinfo\/wp-json\/wp\/v2\/comments?post=31532"}],"version-history":[{"count":0,"href":"https:\/\/vosgesinfo.fr\/laplainedesvosgesinfo\/wp-json\/wp\/v2\/posts\/31532\/revisions"}],"wp:featuredmedia":[{"embeddable":true,"href":"https:\/\/vosgesinfo.fr\/laplainedesvosgesinfo\/wp-json\/wp\/v2\/media\/31533"}],"wp:attachment":[{"href":"https:\/\/vosgesinfo.fr\/laplainedesvosgesinfo\/wp-json\/wp\/v2\/media?parent=31532"}],"wp:term":[{"taxonomy":"category","embeddable":true,"href":"https:\/\/vosgesinfo.fr\/laplainedesvosgesinfo\/wp-json\/wp\/v2\/categories?post=31532"},{"taxonomy":"post_tag","embeddable":true,"href":"https:\/\/vosgesinfo.fr\/laplainedesvosgesinfo\/wp-json\/wp\/v2\/tags?post=31532"}],"curies":[{"name":"wp","href":"https:\/\/api.w.org\/{rel}","templated":true}]}}