{"id":31552,"date":"2025-10-28T17:23:02","date_gmt":"2025-10-28T16:23:02","guid":{"rendered":"https:\/\/vosgesinfo.fr\/laplainedesvosgesinfo\/2025\/10\/valerie-michel-moreaux-quitte-la-prefecture-des-vosges-apres-trois-annees-dengagement\/"},"modified":"2025-10-28T17:23:02","modified_gmt":"2025-10-28T16:23:02","slug":"valerie-michel-moreaux-quitte-la-prefecture-des-vosges-apres-trois-annees-dengagement","status":"publish","type":"post","link":"https:\/\/vosgesinfo.fr\/laplainedesvosgesinfo\/2025\/10\/valerie-michel-moreaux-quitte-la-prefecture-des-vosges-apres-trois-annees-dengagement\/","title":{"rendered":"Val\u00e9rie Michel-Moreaux quitte la pr\u00e9fecture des Vosges apr\u00e8s trois ann\u00e9es d\u2019engagement"},"content":{"rendered":"<div id=\"attachment_136688\" style=\"width: 1090px\" class=\"wp-caption aligncenter\"><a href=\"https:\/\/vosgesinfo.fr\/app\/uploads\/sites\/3\/2025\/10\/571366106-1132390979039973-1139461211892100376-n.jpg\"><img decoding=\"async\" aria-describedby=\"caption-attachment-136688\" class=\"size-full wp-image-136688\" src=\"https:\/\/vosgesinfo.fr\/app\/uploads\/sites\/3\/2025\/10\/571366106-1132390979039973-1139461211892100376-n.jpg\" alt=\"\" width=\"1080\" height=\"1080\" \/><\/a><p id=\"caption-attachment-136688\" class=\"wp-caption-text\">photos Pr\u00e9fecture<\/p><\/div>\n<h2 data-start=\"226\" data-end=\"538\"><strong>Apr\u00e8s trois ann\u00e9es pass\u00e9es \u00e0 la t\u00eate de la pr\u00e9fecture des Vosges, Val\u00e9rie Michel-Moreaux a fait ses adieux au d\u00e9partement. Une c\u00e9r\u00e9monie d\u2019au revoir s\u2019est tenue lundi dans les grands salons de la pr\u00e9fecture d\u2019\u00c9pinal, en pr\u00e9sence des \u00e9lus, des repr\u00e9sentants des services de l\u2019\u00c9tat et de nombreux acteurs locaux.<\/strong><\/h2>\n<p data-start=\"540\" data-end=\"656\">Dans une allocution marqu\u00e9e par l\u2019\u00e9motion, la pr\u00e9f\u00e8te a salu\u00e9 la mobilisation collective qui anime le territoire :<\/p>\n<blockquote data-start=\"657\" data-end=\"996\">\n<p data-start=\"659\" data-end=\"996\"><em>\u00ab Je pars avec \u00e9motion, gratitude et fiert\u00e9. \u00c9motion, car je quitte un territoire auquel je resterai profond\u00e9ment attach\u00e9e. Gratitude, envers toutes celles et ceux qui ont partag\u00e9 cette aventure : agents, \u00e9lus, acteurs \u00e9conomiques, associatifs, citoyens. Et fiert\u00e9, d\u2019avoir servi ici l\u2019\u00c9tat et la R\u00e9publique, avec vous et gr\u00e2ce \u00e0 vous. \u00bb<\/em><\/p>\n<\/blockquote>\n<p data-start=\"998\" data-end=\"1335\">Avant de rejoindre Paris, o\u00f9 elle occupera d\u00e9sormais les fonctions de directrice de cabinet de Michel Fournier, ministre d\u00e9l\u00e9gu\u00e9 charg\u00e9 de la Ruralit\u00e9, Mme Michel-Moreaux a tenu \u00e0 rappeler la richesse humaine et la vitalit\u00e9 \u00e9conomique des Vosges. Elle a soulign\u00e9 que, selon elle, \u00ab la ruralit\u00e9 n\u2019est pas le pass\u00e9, mais bien l\u2019avenir \u00bb.<\/p>\n<p data-start=\"1337\" data-end=\"1447\">Le nom de la personne qui lui succ\u00e9dera \u00e0 la t\u00eate de la pr\u00e9fecture sera communiqu\u00e9 dans les prochains jours.<\/p>\n<p data-start=\"1449\" data-end=\"1602\">Au terme de cette c\u00e9r\u00e9monie, de nombreux hommages ont \u00e9t\u00e9 rendus \u00e0 la pr\u00e9f\u00e8te pour son \u00e9coute, son engagement et son attachement au territoire vosgien.<\/p>\n\n\t\t<style type=\"text\/css\">\n\t\t\t#gallery-1 {\n\t\t\t\tmargin: auto;\n\t\t\t}\n\t\t\t#gallery-1 .gallery-item {\n\t\t\t\tfloat: left;\n\t\t\t\tmargin-top: 10px;\n\t\t\t\ttext-align: center;\n\t\t\t\twidth: 33%;\n\t\t\t}\n\t\t\t#gallery-1 img {\n\t\t\t\tborder: 2px solid #cfcfcf;\n\t\t\t}\n\t\t\t#gallery-1 .gallery-caption {\n\t\t\t\tmargin-left: 0;\n\t\t\t}\n\t\t\t\/* see gallery_shortcode() in wp-includes\/media.php *\/\n\t\t<\/style>\n\t\t<div id='gallery-1' class='gallery galleryid-31552 gallery-columns-3 gallery-size-thumbnail'><dl class='gallery-item'>\n\t\t\t<dt class='gallery-icon landscape'>\n\t\t\t\t<a href='https:\/\/vosgesinfo.fr\/app\/uploads\/sites\/2\/2025\/10\/571234534-1132390919039979-8951652559850026259-n.jpg'><img decoding=\"async\" width=\"150\" height=\"150\" src=\"https:\/\/vosgesinfo.fr\/app\/uploads\/sites\/2\/2025\/10\/571234534-1132390919039979-8951652559850026259-n-150x150.jpg\" class=\"attachment-thumbnail size-thumbnail\" alt=\"\" srcset=\"https:\/\/vosgesinfo.fr\/app\/uploads\/sites\/2\/2025\/10\/571234534-1132390919039979-8951652559850026259-n-150x150.jpg 150w, https:\/\/vosgesinfo.fr\/app\/uploads\/sites\/2\/2025\/10\/571234534-1132390919039979-8951652559850026259-n-300x300.jpg 300w, https:\/\/vosgesinfo.fr\/app\/uploads\/sites\/2\/2025\/10\/571234534-1132390919039979-8951652559850026259-n-1024x1024.jpg 1024w, https:\/\/vosgesinfo.fr\/app\/uploads\/sites\/2\/2025\/10\/571234534-1132390919039979-8951652559850026259-n-768x768.jpg 768w, https:\/\/vosgesinfo.fr\/app\/uploads\/sites\/2\/2025\/10\/571234534-1132390919039979-8951652559850026259-n.jpg 1051w\" sizes=\"(max-width: 150px) 100vw, 150px\" \/><\/a>\n\t\t\t<\/dt><\/dl><dl class='gallery-item'>\n\t\t\t<dt class='gallery-icon landscape'>\n\t\t\t\t<a href='https:\/\/vosgesinfo.fr\/app\/uploads\/sites\/2\/2025\/10\/573852720-1132390932373311-4600994280711602580-n.jpg'><img decoding=\"async\" width=\"150\" height=\"150\" src=\"https:\/\/vosgesinfo.fr\/app\/uploads\/sites\/2\/2025\/10\/573852720-1132390932373311-4600994280711602580-n-150x150.jpg\" class=\"attachment-thumbnail size-thumbnail\" alt=\"\" srcset=\"https:\/\/vosgesinfo.fr\/app\/uploads\/sites\/2\/2025\/10\/573852720-1132390932373311-4600994280711602580-n-150x150.jpg 150w, https:\/\/vosgesinfo.fr\/app\/uploads\/sites\/2\/2025\/10\/573852720-1132390932373311-4600994280711602580-n-300x300.jpg 300w, https:\/\/vosgesinfo.fr\/app\/uploads\/sites\/2\/2025\/10\/573852720-1132390932373311-4600994280711602580-n-1024x1024.jpg 1024w, https:\/\/vosgesinfo.fr\/app\/uploads\/sites\/2\/2025\/10\/573852720-1132390932373311-4600994280711602580-n-768x768.jpg 768w, https:\/\/vosgesinfo.fr\/app\/uploads\/sites\/2\/2025\/10\/573852720-1132390932373311-4600994280711602580-n.jpg 1080w\" sizes=\"(max-width: 150px) 100vw, 150px\" \/><\/a>\n\t\t\t<\/dt><\/dl>\n\t\t\t<br style='clear: both' \/>\n\t\t<\/div>\n\n","protected":false},"excerpt":{"rendered":"<p>Apr\u00e8s trois ann\u00e9es pass\u00e9es \u00e0 la t\u00eate de la pr\u00e9fecture des Vosges, Val\u00e9rie Michel-Moreaux a fait ses adieux au d\u00e9partement. [&hellip;]<\/p>\n","protected":false},"author":52,"featured_media":31553,"comment_status":"open","ping_status":"open","sticky":false,"template":"","format":"standard","meta":{"footnotes":""},"categories":[29,383,294,380,381,384],"tags":[],"class_list":["post-31552","post","type-post","status-publish","format-standard","has-post-thumbnail","hentry","category-a-la-une","category-epinal","category-gerardmer","category-la-plaine-des-vosges","category-remiremont","category-saint-die"],"acf":[],"yoast_head":"<!-- This site is optimized with the Yoast SEO plugin v22.5 - https:\/\/yoast.com\/wordpress\/plugins\/seo\/ -->\n<title>Val\u00e9rie Michel-Moreaux quitte la pr\u00e9fecture des Vosges apr\u00e8s trois ann\u00e9es d\u2019engagement - La Plaine des Vosges<\/title>\n<meta name=\"robots\" content=\"index, follow, max-snippet:-1, max-image-preview:large, max-video-preview:-1\" \/>\n<link rel=\"canonical\" href=\"https:\/\/vosgesinfo.fr\/laplainedesvosgesinfo\/2025\/10\/valerie-michel-moreaux-quitte-la-prefecture-des-vosges-apres-trois-annees-dengagement\/\" \/>\n<meta name=\"twitter:card\" content=\"summary_large_image\" \/>\n<meta name=\"twitter:title\" content=\"Val\u00e9rie Michel-Moreaux quitte la pr\u00e9fecture des Vosges apr\u00e8s trois ann\u00e9es d\u2019engagement - La Plaine des Vosges\" \/>\n<meta name=\"twitter:description\" content=\"Apr\u00e8s trois ann\u00e9es pass\u00e9es \u00e0 la t\u00eate de la pr\u00e9fecture des Vosges, Val\u00e9rie Michel-Moreaux a fait ses adieux au d\u00e9partement. [&hellip;]\" \/>\n<meta name=\"twitter:image\" content=\"https:\/\/vosgesinfo.fr\/app\/uploads\/sites\/2\/2025\/10\/571366106-1132390979039973-1139461211892100376-n.jpg\" \/>\n<meta name=\"twitter:creator\" content=\"@VosgesInfo88\" \/>\n<meta name=\"twitter:site\" content=\"@VosgesInfo88\" \/>\n<meta name=\"twitter:label1\" content=\"\u00c9crit par\" \/>\n\t<meta name=\"twitter:data1\" content=\"C.K.\" \/>\n\t<meta name=\"twitter:label2\" content=\"Dur\u00e9e de lecture estim\u00e9e\" \/>\n\t<meta name=\"twitter:data2\" content=\"1 minute\" \/>\n<script type=\"application\/ld+json\" class=\"yoast-schema-graph\">{\"@context\":\"https:\/\/schema.org\",\"@graph\":[{\"@type\":\"Article\",\"@id\":\"https:\/\/vosgesinfo.fr\/laplainedesvosgesinfo\/2025\/10\/valerie-michel-moreaux-quitte-la-prefecture-des-vosges-apres-trois-annees-dengagement\/#article\",\"isPartOf\":{\"@id\":\"https:\/\/vosgesinfo.fr\/laplainedesvosgesinfo\/2025\/10\/valerie-michel-moreaux-quitte-la-prefecture-des-vosges-apres-trois-annees-dengagement\/\"},\"author\":{\"name\":\"C.K.\",\"@id\":\"https:\/\/vosgesinfo.fr\/laplainedesvosgesinfo\/#\/schema\/person\/6f9a650eeea99d969b6c4ab78fccbe81\"},\"headline\":\"Val\u00e9rie Michel-Moreaux quitte la pr\u00e9fecture des Vosges apr\u00e8s trois ann\u00e9es d\u2019engagement\",\"datePublished\":\"2025-10-28T16:23:02+00:00\",\"dateModified\":\"2025-10-28T16:23:02+00:00\",\"mainEntityOfPage\":{\"@id\":\"https:\/\/vosgesinfo.fr\/laplainedesvosgesinfo\/2025\/10\/valerie-michel-moreaux-quitte-la-prefecture-des-vosges-apres-trois-annees-dengagement\/\"},\"wordCount\":278,\"commentCount\":0,\"publisher\":{\"@id\":\"https:\/\/vosgesinfo.fr\/laplainedesvosgesinfo\/#organization\"},\"image\":{\"@id\":\"https:\/\/vosgesinfo.fr\/laplainedesvosgesinfo\/2025\/10\/valerie-michel-moreaux-quitte-la-prefecture-des-vosges-apres-trois-annees-dengagement\/#primaryimage\"},\"thumbnailUrl\":\"https:\/\/vosgesinfo.fr\/app\/uploads\/sites\/2\/2025\/10\/571366106-1132390979039973-1139461211892100376-n.jpg\",\"articleSection\":[\"A la Une\",\"Epinal\",\"G\u00e9rardmer\",\"La plaine des vosges\",\"Remiremont\",\"Saint-di\u00e9\"],\"inLanguage\":\"fr-FR\",\"potentialAction\":[{\"@type\":\"CommentAction\",\"name\":\"Comment\",\"target\":[\"https:\/\/vosgesinfo.fr\/laplainedesvosgesinfo\/2025\/10\/valerie-michel-moreaux-quitte-la-prefecture-des-vosges-apres-trois-annees-dengagement\/#respond\"]}]},{\"@type\":\"WebPage\",\"@id\":\"https:\/\/vosgesinfo.fr\/laplainedesvosgesinfo\/2025\/10\/valerie-michel-moreaux-quitte-la-prefecture-des-vosges-apres-trois-annees-dengagement\/\",\"url\":\"https:\/\/vosgesinfo.fr\/laplainedesvosgesinfo\/2025\/10\/valerie-michel-moreaux-quitte-la-prefecture-des-vosges-apres-trois-annees-dengagement\/\",\"name\":\"Val\u00e9rie Michel-Moreaux quitte la pr\u00e9fecture des Vosges apr\u00e8s trois ann\u00e9es d\u2019engagement - La Plaine des Vosges\",\"isPartOf\":{\"@id\":\"https:\/\/vosgesinfo.fr\/laplainedesvosgesinfo\/#website\"},\"primaryImageOfPage\":{\"@id\":\"https:\/\/vosgesinfo.fr\/laplainedesvosgesinfo\/2025\/10\/valerie-michel-moreaux-quitte-la-prefecture-des-vosges-apres-trois-annees-dengagement\/#primaryimage\"},\"image\":{\"@id\":\"https:\/\/vosgesinfo.fr\/laplainedesvosgesinfo\/2025\/10\/valerie-michel-moreaux-quitte-la-prefecture-des-vosges-apres-trois-annees-dengagement\/#primaryimage\"},\"thumbnailUrl\":\"https:\/\/vosgesinfo.fr\/app\/uploads\/sites\/2\/2025\/10\/571366106-1132390979039973-1139461211892100376-n.jpg\",\"datePublished\":\"2025-10-28T16:23:02+00:00\",\"dateModified\":\"2025-10-28T16:23:02+00:00\",\"breadcrumb\":{\"@id\":\"https:\/\/vosgesinfo.fr\/laplainedesvosgesinfo\/2025\/10\/valerie-michel-moreaux-quitte-la-prefecture-des-vosges-apres-trois-annees-dengagement\/#breadcrumb\"},\"inLanguage\":\"fr-FR\",\"potentialAction\":[{\"@type\":\"ReadAction\",\"target\":[\"https:\/\/vosgesinfo.fr\/laplainedesvosgesinfo\/2025\/10\/valerie-michel-moreaux-quitte-la-prefecture-des-vosges-apres-trois-annees-dengagement\/\"]}]},{\"@type\":\"ImageObject\",\"inLanguage\":\"fr-FR\",\"@id\":\"https:\/\/vosgesinfo.fr\/laplainedesvosgesinfo\/2025\/10\/valerie-michel-moreaux-quitte-la-prefecture-des-vosges-apres-trois-annees-dengagement\/#primaryimage\",\"url\":\"https:\/\/vosgesinfo.fr\/app\/uploads\/sites\/2\/2025\/10\/571366106-1132390979039973-1139461211892100376-n.jpg\",\"contentUrl\":\"https:\/\/vosgesinfo.fr\/app\/uploads\/sites\/2\/2025\/10\/571366106-1132390979039973-1139461211892100376-n.jpg\",\"width\":1080,\"height\":1080},{\"@type\":\"BreadcrumbList\",\"@id\":\"https:\/\/vosgesinfo.fr\/laplainedesvosgesinfo\/2025\/10\/valerie-michel-moreaux-quitte-la-prefecture-des-vosges-apres-trois-annees-dengagement\/#breadcrumb\",\"itemListElement\":[{\"@type\":\"ListItem\",\"position\":1,\"name\":\"Home\",\"item\":\"https:\/\/vosgesinfo.fr\/laplainedesvosgesinfo\/\"},{\"@type\":\"ListItem\",\"position\":2,\"name\":\"Val\u00e9rie Michel-Moreaux quitte la pr\u00e9fecture des Vosges apr\u00e8s trois ann\u00e9es d\u2019engagement\"}]},{\"@type\":\"WebSite\",\"@id\":\"https:\/\/vosgesinfo.fr\/laplainedesvosgesinfo\/#website\",\"url\":\"https:\/\/vosgesinfo.fr\/laplainedesvosgesinfo\/\",\"name\":\"La Plaine des Vosges\",\"description\":\"Toute l&#039;actualit\u00e9 de la plaine de Vosges\",\"publisher\":{\"@id\":\"https:\/\/vosgesinfo.fr\/laplainedesvosgesinfo\/#organization\"},\"alternateName\":\"Toute l'actualit\u00e9 de la plaine des Vosges\",\"potentialAction\":[{\"@type\":\"SearchAction\",\"target\":{\"@type\":\"EntryPoint\",\"urlTemplate\":\"https:\/\/vosgesinfo.fr\/laplainedesvosgesinfo\/?s={search_term_string}\"},\"query-input\":\"required name=search_term_string\"}],\"inLanguage\":\"fr-FR\"},{\"@type\":\"Organization\",\"@id\":\"https:\/\/vosgesinfo.fr\/laplainedesvosgesinfo\/#organization\",\"name\":\"La Plaine des Vosges\",\"url\":\"https:\/\/vosgesinfo.fr\/laplainedesvosgesinfo\/\",\"logo\":{\"@type\":\"ImageObject\",\"inLanguage\":\"fr-FR\",\"@id\":\"https:\/\/vosgesinfo.fr\/laplainedesvosgesinfo\/#\/schema\/logo\/image\/\",\"url\":\"https:\/\/vosgesinfo.fr\/app\/uploads\/sites\/2\/2023\/08\/logo-laplaineinfo.svg\",\"contentUrl\":\"https:\/\/vosgesinfo.fr\/app\/uploads\/sites\/2\/2023\/08\/logo-laplaineinfo.svg\",\"width\":1,\"height\":1,\"caption\":\"La Plaine des Vosges\"},\"image\":{\"@id\":\"https:\/\/vosgesinfo.fr\/laplainedesvosgesinfo\/#\/schema\/logo\/image\/\"},\"sameAs\":[\"https:\/\/www.facebook.com\/laplainedesvosges\",\"https:\/\/x.com\/VosgesInfo88\",\"https:\/\/www.youtube.com\/@vosgesinfo\"]},{\"@type\":\"Person\",\"@id\":\"https:\/\/vosgesinfo.fr\/laplainedesvosgesinfo\/#\/schema\/person\/6f9a650eeea99d969b6c4ab78fccbe81\",\"name\":\"C.K.\",\"image\":{\"@type\":\"ImageObject\",\"inLanguage\":\"fr-FR\",\"@id\":\"https:\/\/vosgesinfo.fr\/laplainedesvosgesinfo\/#\/schema\/person\/image\/\",\"url\":\"https:\/\/secure.gravatar.com\/avatar\/48e3fc7f8421ba8942be6b74a2b7f014ca39bc00dece156b7a8e098ae7dc87bf?s=96&d=mm&r=g\",\"contentUrl\":\"https:\/\/secure.gravatar.com\/avatar\/48e3fc7f8421ba8942be6b74a2b7f014ca39bc00dece156b7a8e098ae7dc87bf?s=96&d=mm&r=g\",\"caption\":\"C.K.\"},\"url\":\"https:\/\/vosgesinfo.fr\/laplainedesvosgesinfo\/author\/celia-k-n\/\"}]}<\/script>\n<!-- \/ Yoast SEO plugin. -->","yoast_head_json":{"title":"Val\u00e9rie Michel-Moreaux quitte la pr\u00e9fecture des Vosges apr\u00e8s trois ann\u00e9es d\u2019engagement - La Plaine des Vosges","robots":{"index":"index","follow":"follow","max-snippet":"max-snippet:-1","max-image-preview":"max-image-preview:large","max-video-preview":"max-video-preview:-1"},"canonical":"https:\/\/vosgesinfo.fr\/laplainedesvosgesinfo\/2025\/10\/valerie-michel-moreaux-quitte-la-prefecture-des-vosges-apres-trois-annees-dengagement\/","twitter_card":"summary_large_image","twitter_title":"Val\u00e9rie Michel-Moreaux quitte la pr\u00e9fecture des Vosges apr\u00e8s trois ann\u00e9es d\u2019engagement - La Plaine des Vosges","twitter_description":"Apr\u00e8s trois ann\u00e9es pass\u00e9es \u00e0 la t\u00eate de la pr\u00e9fecture des Vosges, Val\u00e9rie Michel-Moreaux a fait ses adieux au d\u00e9partement. [&hellip;]","twitter_image":"https:\/\/vosgesinfo.fr\/app\/uploads\/sites\/2\/2025\/10\/571366106-1132390979039973-1139461211892100376-n.jpg","twitter_creator":"@VosgesInfo88","twitter_site":"@VosgesInfo88","twitter_misc":{"\u00c9crit par":"C.K.","Dur\u00e9e de lecture estim\u00e9e":"1 minute"},"schema":{"@context":"https:\/\/schema.org","@graph":[{"@type":"Article","@id":"https:\/\/vosgesinfo.fr\/laplainedesvosgesinfo\/2025\/10\/valerie-michel-moreaux-quitte-la-prefecture-des-vosges-apres-trois-annees-dengagement\/#article","isPartOf":{"@id":"https:\/\/vosgesinfo.fr\/laplainedesvosgesinfo\/2025\/10\/valerie-michel-moreaux-quitte-la-prefecture-des-vosges-apres-trois-annees-dengagement\/"},"author":{"name":"C.K.","@id":"https:\/\/vosgesinfo.fr\/laplainedesvosgesinfo\/#\/schema\/person\/6f9a650eeea99d969b6c4ab78fccbe81"},"headline":"Val\u00e9rie Michel-Moreaux quitte la pr\u00e9fecture des Vosges apr\u00e8s trois ann\u00e9es d\u2019engagement","datePublished":"2025-10-28T16:23:02+00:00","dateModified":"2025-10-28T16:23:02+00:00","mainEntityOfPage":{"@id":"https:\/\/vosgesinfo.fr\/laplainedesvosgesinfo\/2025\/10\/valerie-michel-moreaux-quitte-la-prefecture-des-vosges-apres-trois-annees-dengagement\/"},"wordCount":278,"commentCount":0,"publisher":{"@id":"https:\/\/vosgesinfo.fr\/laplainedesvosgesinfo\/#organization"},"image":{"@id":"https:\/\/vosgesinfo.fr\/laplainedesvosgesinfo\/2025\/10\/valerie-michel-moreaux-quitte-la-prefecture-des-vosges-apres-trois-annees-dengagement\/#primaryimage"},"thumbnailUrl":"https:\/\/vosgesinfo.fr\/app\/uploads\/sites\/2\/2025\/10\/571366106-1132390979039973-1139461211892100376-n.jpg","articleSection":["A la Une","Epinal","G\u00e9rardmer","La plaine des vosges","Remiremont","Saint-di\u00e9"],"inLanguage":"fr-FR","potentialAction":[{"@type":"CommentAction","name":"Comment","target":["https:\/\/vosgesinfo.fr\/laplainedesvosgesinfo\/2025\/10\/valerie-michel-moreaux-quitte-la-prefecture-des-vosges-apres-trois-annees-dengagement\/#respond"]}]},{"@type":"WebPage","@id":"https:\/\/vosgesinfo.fr\/laplainedesvosgesinfo\/2025\/10\/valerie-michel-moreaux-quitte-la-prefecture-des-vosges-apres-trois-annees-dengagement\/","url":"https:\/\/vosgesinfo.fr\/laplainedesvosgesinfo\/2025\/10\/valerie-michel-moreaux-quitte-la-prefecture-des-vosges-apres-trois-annees-dengagement\/","name":"Val\u00e9rie Michel-Moreaux quitte la pr\u00e9fecture des Vosges apr\u00e8s trois ann\u00e9es d\u2019engagement - La Plaine des Vosges","isPartOf":{"@id":"https:\/\/vosgesinfo.fr\/laplainedesvosgesinfo\/#website"},"primaryImageOfPage":{"@id":"https:\/\/vosgesinfo.fr\/laplainedesvosgesinfo\/2025\/10\/valerie-michel-moreaux-quitte-la-prefecture-des-vosges-apres-trois-annees-dengagement\/#primaryimage"},"image":{"@id":"https:\/\/vosgesinfo.fr\/laplainedesvosgesinfo\/2025\/10\/valerie-michel-moreaux-quitte-la-prefecture-des-vosges-apres-trois-annees-dengagement\/#primaryimage"},"thumbnailUrl":"https:\/\/vosgesinfo.fr\/app\/uploads\/sites\/2\/2025\/10\/571366106-1132390979039973-1139461211892100376-n.jpg","datePublished":"2025-10-28T16:23:02+00:00","dateModified":"2025-10-28T16:23:02+00:00","breadcrumb":{"@id":"https:\/\/vosgesinfo.fr\/laplainedesvosgesinfo\/2025\/10\/valerie-michel-moreaux-quitte-la-prefecture-des-vosges-apres-trois-annees-dengagement\/#breadcrumb"},"inLanguage":"fr-FR","potentialAction":[{"@type":"ReadAction","target":["https:\/\/vosgesinfo.fr\/laplainedesvosgesinfo\/2025\/10\/valerie-michel-moreaux-quitte-la-prefecture-des-vosges-apres-trois-annees-dengagement\/"]}]},{"@type":"ImageObject","inLanguage":"fr-FR","@id":"https:\/\/vosgesinfo.fr\/laplainedesvosgesinfo\/2025\/10\/valerie-michel-moreaux-quitte-la-prefecture-des-vosges-apres-trois-annees-dengagement\/#primaryimage","url":"https:\/\/vosgesinfo.fr\/app\/uploads\/sites\/2\/2025\/10\/571366106-1132390979039973-1139461211892100376-n.jpg","contentUrl":"https:\/\/vosgesinfo.fr\/app\/uploads\/sites\/2\/2025\/10\/571366106-1132390979039973-1139461211892100376-n.jpg","width":1080,"height":1080},{"@type":"BreadcrumbList","@id":"https:\/\/vosgesinfo.fr\/laplainedesvosgesinfo\/2025\/10\/valerie-michel-moreaux-quitte-la-prefecture-des-vosges-apres-trois-annees-dengagement\/#breadcrumb","itemListElement":[{"@type":"ListItem","position":1,"name":"Home","item":"https:\/\/vosgesinfo.fr\/laplainedesvosgesinfo\/"},{"@type":"ListItem","position":2,"name":"Val\u00e9rie Michel-Moreaux quitte la pr\u00e9fecture des Vosges apr\u00e8s trois ann\u00e9es d\u2019engagement"}]},{"@type":"WebSite","@id":"https:\/\/vosgesinfo.fr\/laplainedesvosgesinfo\/#website","url":"https:\/\/vosgesinfo.fr\/laplainedesvosgesinfo\/","name":"La Plaine des Vosges","description":"Toute l&#039;actualit\u00e9 de la plaine de Vosges","publisher":{"@id":"https:\/\/vosgesinfo.fr\/laplainedesvosgesinfo\/#organization"},"alternateName":"Toute l'actualit\u00e9 de la plaine des Vosges","potentialAction":[{"@type":"SearchAction","target":{"@type":"EntryPoint","urlTemplate":"https:\/\/vosgesinfo.fr\/laplainedesvosgesinfo\/?s={search_term_string}"},"query-input":"required name=search_term_string"}],"inLanguage":"fr-FR"},{"@type":"Organization","@id":"https:\/\/vosgesinfo.fr\/laplainedesvosgesinfo\/#organization","name":"La Plaine des Vosges","url":"https:\/\/vosgesinfo.fr\/laplainedesvosgesinfo\/","logo":{"@type":"ImageObject","inLanguage":"fr-FR","@id":"https:\/\/vosgesinfo.fr\/laplainedesvosgesinfo\/#\/schema\/logo\/image\/","url":"https:\/\/vosgesinfo.fr\/app\/uploads\/sites\/2\/2023\/08\/logo-laplaineinfo.svg","contentUrl":"https:\/\/vosgesinfo.fr\/app\/uploads\/sites\/2\/2023\/08\/logo-laplaineinfo.svg","width":1,"height":1,"caption":"La Plaine des Vosges"},"image":{"@id":"https:\/\/vosgesinfo.fr\/laplainedesvosgesinfo\/#\/schema\/logo\/image\/"},"sameAs":["https:\/\/www.facebook.com\/laplainedesvosges","https:\/\/x.com\/VosgesInfo88","https:\/\/www.youtube.com\/@vosgesinfo"]},{"@type":"Person","@id":"https:\/\/vosgesinfo.fr\/laplainedesvosgesinfo\/#\/schema\/person\/6f9a650eeea99d969b6c4ab78fccbe81","name":"C.K.","image":{"@type":"ImageObject","inLanguage":"fr-FR","@id":"https:\/\/vosgesinfo.fr\/laplainedesvosgesinfo\/#\/schema\/person\/image\/","url":"https:\/\/secure.gravatar.com\/avatar\/48e3fc7f8421ba8942be6b74a2b7f014ca39bc00dece156b7a8e098ae7dc87bf?s=96&d=mm&r=g","contentUrl":"https:\/\/secure.gravatar.com\/avatar\/48e3fc7f8421ba8942be6b74a2b7f014ca39bc00dece156b7a8e098ae7dc87bf?s=96&d=mm&r=g","caption":"C.K."},"url":"https:\/\/vosgesinfo.fr\/laplainedesvosgesinfo\/author\/celia-k-n\/"}]}},"_links":{"self":[{"href":"https:\/\/vosgesinfo.fr\/laplainedesvosgesinfo\/wp-json\/wp\/v2\/posts\/31552","targetHints":{"allow":["GET"]}}],"collection":[{"href":"https:\/\/vosgesinfo.fr\/laplainedesvosgesinfo\/wp-json\/wp\/v2\/posts"}],"about":[{"href":"https:\/\/vosgesinfo.fr\/laplainedesvosgesinfo\/wp-json\/wp\/v2\/types\/post"}],"author":[{"embeddable":true,"href":"https:\/\/vosgesinfo.fr\/laplainedesvosgesinfo\/wp-json\/wp\/v2\/users\/52"}],"replies":[{"embeddable":true,"href":"https:\/\/vosgesinfo.fr\/laplainedesvosgesinfo\/wp-json\/wp\/v2\/comments?post=31552"}],"version-history":[{"count":0,"href":"https:\/\/vosgesinfo.fr\/laplainedesvosgesinfo\/wp-json\/wp\/v2\/posts\/31552\/revisions"}],"wp:featuredmedia":[{"embeddable":true,"href":"https:\/\/vosgesinfo.fr\/laplainedesvosgesinfo\/wp-json\/wp\/v2\/media\/31553"}],"wp:attachment":[{"href":"https:\/\/vosgesinfo.fr\/laplainedesvosgesinfo\/wp-json\/wp\/v2\/media?parent=31552"}],"wp:term":[{"taxonomy":"category","embeddable":true,"href":"https:\/\/vosgesinfo.fr\/laplainedesvosgesinfo\/wp-json\/wp\/v2\/categories?post=31552"},{"taxonomy":"post_tag","embeddable":true,"href":"https:\/\/vosgesinfo.fr\/laplainedesvosgesinfo\/wp-json\/wp\/v2\/tags?post=31552"}],"curies":[{"name":"wp","href":"https:\/\/api.w.org\/{rel}","templated":true}]}}