{"id":31599,"date":"2025-10-31T10:31:19","date_gmt":"2025-10-31T09:31:19","guid":{"rendered":"https:\/\/vosgesinfo.fr\/laplainedesvosgesinfo\/?p=31599"},"modified":"2025-10-31T10:31:19","modified_gmt":"2025-10-31T09:31:19","slug":"huitieme-edition-pour-le-salon-des-loisirs-creatifs-de-saint-die-des-vosges","status":"publish","type":"post","link":"https:\/\/vosgesinfo.fr\/laplainedesvosgesinfo\/2025\/10\/huitieme-edition-pour-le-salon-des-loisirs-creatifs-de-saint-die-des-vosges\/","title":{"rendered":"Huiti\u00e8me \u00e9dition pour le Salon des Loisirs Cr\u00e9atifs de Saint-Di\u00e9-des-Vosges"},"content":{"rendered":"<div id=\"attachment_70414\" style=\"width: 1034px\" class=\"wp-caption alignnone\"><a href=\"https:\/\/vosgesinfo.fr\/app\/uploads\/sites\/4\/2024\/11\/7e-salon-loisirs-creatifs-sddv-19-scaled.jpg\"><img decoding=\"async\" aria-describedby=\"caption-attachment-70414\" class=\"size-large wp-image-70414\" src=\"https:\/\/vosgesinfo.fr\/app\/uploads\/sites\/4\/2024\/11\/7e-salon-loisirs-creatifs-sddv-19-1024x771.jpg\" alt=\"\" width=\"1024\" height=\"771\" \/><\/a><p id=\"caption-attachment-70414\" class=\"wp-caption-text\">(Archive)<\/p><\/div>\n<h2>Le <strong>8e Salon des Loisirs Cr\u00e9atifs<\/strong> approche \u00e0 grands pas, puisqu&rsquo;il se tiendra du <strong>vendredi 14 au dimanche 16 novembre<\/strong> \u00e0 <strong>l\u2019Espace Fran\u00e7ois-Mitterrand de Saint-Di\u00e9-des-Vosges<\/strong>. Toujours organis\u00e9 par le <strong>club Aux Bons Points,<\/strong> en partenariat avec la <strong>Ville<\/strong>, cette \u00e9dition 2025 r\u00e9unira <strong>36 exposants venus de la D\u00e9odatie mais aussi des quatre coins de la France<\/strong>, qui pr\u00e9senteront <strong>leurs talents, leurs produits et leurs nouveaut\u00e9s<\/strong>.<\/h2>\n<p><!--more--><\/p>\n<p>Sur place, les visiteurs pourront \u00e9galement d\u00e9couvrir <strong>l\u2019exposition d\u2019ouvrages r\u00e9alis\u00e9e par les membres du club<\/strong>, et participer \u00e0 des <strong>ateliers gratuits<\/strong> anim\u00e9s le samedi et le dimanche autour de la <strong>dentelle aux fuseaux<\/strong>, du <strong>tricot<\/strong>, du <strong>crochet<\/strong> et des <strong>points compt\u00e9s<\/strong>. Plusieurs exposants proposeront aussi des <strong>d\u00e9monstrations<\/strong> sur leurs stands ou sur <strong>l\u2019estrade de la salle<\/strong>.<\/p>\n<p>Pour une pause gourmande, un <strong>food-truck<\/strong> et un <strong>salon de th\u00e9<\/strong> seront \u00e0 disposition. L\u2019entr\u00e9e reste <strong>gratuite<\/strong>, et les <strong>inscriptions aux ateliers<\/strong> se feront directement sur place. Plus de d\u00e9tails sur cette <strong>8e \u00e9dition du Salon des Loisirs Cr\u00e9atifs de Saint-Di\u00e9-des-Vosges<\/strong> dans un article \u00e0 para\u00eetre ces prochains jours.<\/p>\n<p><a href=\"https:\/\/vosgesinfo.fr\/app\/uploads\/sites\/4\/2025\/10\/presentation-8e-salon-loisirs-creatifs.jpg\"><img decoding=\"async\" class=\"alignnone size-large wp-image-84184\" src=\"https:\/\/vosgesinfo.fr\/app\/uploads\/sites\/4\/2025\/10\/presentation-8e-salon-loisirs-creatifs-728x1024.jpg\" alt=\"\" width=\"728\" height=\"1024\" \/><\/a><\/p>\n","protected":false},"excerpt":{"rendered":"<p>Le 8e Salon des Loisirs Cr\u00e9atifs approche \u00e0 grands pas, puisqu&rsquo;il se tiendra du vendredi 14 au dimanche 16 novembre [&hellip;]<\/p>\n","protected":false},"author":46,"featured_media":31600,"comment_status":"open","ping_status":"open","sticky":false,"template":"","format":"standard","meta":{"footnotes":""},"categories":[29,383,294,380,25,381,393,17,18],"tags":[8803,7444,2494,7445,7447],"class_list":["post-31599","post","type-post","status-publish","format-standard","has-post-thumbnail","hentry","category-a-la-une","category-epinal","category-gerardmer","category-la-plaine-des-vosges","category-loisirs","category-remiremont","category-saint-die-des-vosges","category-vie-associative","category-vosges","tag-8e-salon-des-loisirs-creatifs-de-saint-die-des-vosges","tag-club-aux-bons-points","tag-espace-francois-mitterrand","tag-loisirs-creatifs","tag-salon-des-loisirs-creatifs-de-saint-die-des-vosges"],"acf":[],"yoast_head":"<!-- This site is optimized with the Yoast SEO plugin v22.5 - https:\/\/yoast.com\/wordpress\/plugins\/seo\/ -->\n<title>Huiti\u00e8me \u00e9dition pour le Salon des Loisirs Cr\u00e9atifs de Saint-Di\u00e9-des-Vosges - La Plaine des Vosges<\/title>\n<meta name=\"robots\" content=\"index, follow, max-snippet:-1, max-image-preview:large, max-video-preview:-1\" \/>\n<link rel=\"canonical\" href=\"https:\/\/vosgesinfo.fr\/laplainedesvosgesinfo\/2025\/10\/huitieme-edition-pour-le-salon-des-loisirs-creatifs-de-saint-die-des-vosges\/\" \/>\n<meta name=\"twitter:card\" content=\"summary_large_image\" \/>\n<meta name=\"twitter:title\" content=\"Huiti\u00e8me \u00e9dition pour le Salon des Loisirs Cr\u00e9atifs de Saint-Di\u00e9-des-Vosges - La Plaine des Vosges\" \/>\n<meta name=\"twitter:description\" content=\"Le 8e Salon des Loisirs Cr\u00e9atifs approche \u00e0 grands pas, puisqu&rsquo;il se tiendra du vendredi 14 au dimanche 16 novembre [&hellip;]\" \/>\n<meta name=\"twitter:image\" content=\"https:\/\/vosgesinfo.fr\/app\/uploads\/sites\/2\/2025\/10\/7e-salon-loisirs-creatifs-sddv-19-scaled-1.jpg\" \/>\n<meta name=\"twitter:creator\" content=\"@VosgesInfo88\" \/>\n<meta name=\"twitter:site\" content=\"@VosgesInfo88\" \/>\n<meta name=\"twitter:label1\" content=\"\u00c9crit par\" \/>\n\t<meta name=\"twitter:data1\" content=\"J.J.\" \/>\n\t<meta name=\"twitter:label2\" content=\"Dur\u00e9e de lecture estim\u00e9e\" \/>\n\t<meta name=\"twitter:data2\" content=\"1 minute\" \/>\n<script type=\"application\/ld+json\" class=\"yoast-schema-graph\">{\"@context\":\"https:\/\/schema.org\",\"@graph\":[{\"@type\":\"Article\",\"@id\":\"https:\/\/vosgesinfo.fr\/laplainedesvosgesinfo\/2025\/10\/huitieme-edition-pour-le-salon-des-loisirs-creatifs-de-saint-die-des-vosges\/#article\",\"isPartOf\":{\"@id\":\"https:\/\/vosgesinfo.fr\/laplainedesvosgesinfo\/2025\/10\/huitieme-edition-pour-le-salon-des-loisirs-creatifs-de-saint-die-des-vosges\/\"},\"author\":{\"name\":\"J.J.\",\"@id\":\"https:\/\/vosgesinfo.fr\/laplainedesvosgesinfo\/#\/schema\/person\/fa73e9f726d67bb88f46d5b7943cb572\"},\"headline\":\"Huiti\u00e8me \u00e9dition pour le Salon des Loisirs Cr\u00e9atifs de Saint-Di\u00e9-des-Vosges\",\"datePublished\":\"2025-10-31T09:31:19+00:00\",\"dateModified\":\"2025-10-31T09:31:19+00:00\",\"mainEntityOfPage\":{\"@id\":\"https:\/\/vosgesinfo.fr\/laplainedesvosgesinfo\/2025\/10\/huitieme-edition-pour-le-salon-des-loisirs-creatifs-de-saint-die-des-vosges\/\"},\"wordCount\":206,\"commentCount\":0,\"publisher\":{\"@id\":\"https:\/\/vosgesinfo.fr\/laplainedesvosgesinfo\/#organization\"},\"image\":{\"@id\":\"https:\/\/vosgesinfo.fr\/laplainedesvosgesinfo\/2025\/10\/huitieme-edition-pour-le-salon-des-loisirs-creatifs-de-saint-die-des-vosges\/#primaryimage\"},\"thumbnailUrl\":\"https:\/\/vosgesinfo.fr\/app\/uploads\/sites\/2\/2025\/10\/7e-salon-loisirs-creatifs-sddv-19-scaled-1.jpg\",\"keywords\":[\"8e Salon des Loisirs Cr\u00e9atifs de Saint-Di\u00e9-des-Vosges\",\"Club Aux bons points\",\"Espace Fran\u00e7ois-Mitterrand\",\"Loisirs cr\u00e9atifs\",\"Salon des Loisirs Cr\u00e9atifs de Saint-Di\u00e9-des-Vosges\"],\"articleSection\":[\"A la Une\",\"Epinal\",\"G\u00e9rardmer\",\"La plaine des vosges\",\"Loisirs\",\"Remiremont\",\"Saint-Di\u00e9-des-Vosges\",\"Vie Associative\",\"Vosges\"],\"inLanguage\":\"fr-FR\",\"potentialAction\":[{\"@type\":\"CommentAction\",\"name\":\"Comment\",\"target\":[\"https:\/\/vosgesinfo.fr\/laplainedesvosgesinfo\/2025\/10\/huitieme-edition-pour-le-salon-des-loisirs-creatifs-de-saint-die-des-vosges\/#respond\"]}]},{\"@type\":\"WebPage\",\"@id\":\"https:\/\/vosgesinfo.fr\/laplainedesvosgesinfo\/2025\/10\/huitieme-edition-pour-le-salon-des-loisirs-creatifs-de-saint-die-des-vosges\/\",\"url\":\"https:\/\/vosgesinfo.fr\/laplainedesvosgesinfo\/2025\/10\/huitieme-edition-pour-le-salon-des-loisirs-creatifs-de-saint-die-des-vosges\/\",\"name\":\"Huiti\u00e8me \u00e9dition pour le Salon des Loisirs Cr\u00e9atifs de Saint-Di\u00e9-des-Vosges - La Plaine des Vosges\",\"isPartOf\":{\"@id\":\"https:\/\/vosgesinfo.fr\/laplainedesvosgesinfo\/#website\"},\"primaryImageOfPage\":{\"@id\":\"https:\/\/vosgesinfo.fr\/laplainedesvosgesinfo\/2025\/10\/huitieme-edition-pour-le-salon-des-loisirs-creatifs-de-saint-die-des-vosges\/#primaryimage\"},\"image\":{\"@id\":\"https:\/\/vosgesinfo.fr\/laplainedesvosgesinfo\/2025\/10\/huitieme-edition-pour-le-salon-des-loisirs-creatifs-de-saint-die-des-vosges\/#primaryimage\"},\"thumbnailUrl\":\"https:\/\/vosgesinfo.fr\/app\/uploads\/sites\/2\/2025\/10\/7e-salon-loisirs-creatifs-sddv-19-scaled-1.jpg\",\"datePublished\":\"2025-10-31T09:31:19+00:00\",\"dateModified\":\"2025-10-31T09:31:19+00:00\",\"breadcrumb\":{\"@id\":\"https:\/\/vosgesinfo.fr\/laplainedesvosgesinfo\/2025\/10\/huitieme-edition-pour-le-salon-des-loisirs-creatifs-de-saint-die-des-vosges\/#breadcrumb\"},\"inLanguage\":\"fr-FR\",\"potentialAction\":[{\"@type\":\"ReadAction\",\"target\":[\"https:\/\/vosgesinfo.fr\/laplainedesvosgesinfo\/2025\/10\/huitieme-edition-pour-le-salon-des-loisirs-creatifs-de-saint-die-des-vosges\/\"]}]},{\"@type\":\"ImageObject\",\"inLanguage\":\"fr-FR\",\"@id\":\"https:\/\/vosgesinfo.fr\/laplainedesvosgesinfo\/2025\/10\/huitieme-edition-pour-le-salon-des-loisirs-creatifs-de-saint-die-des-vosges\/#primaryimage\",\"url\":\"https:\/\/vosgesinfo.fr\/app\/uploads\/sites\/2\/2025\/10\/7e-salon-loisirs-creatifs-sddv-19-scaled-1.jpg\",\"contentUrl\":\"https:\/\/vosgesinfo.fr\/app\/uploads\/sites\/2\/2025\/10\/7e-salon-loisirs-creatifs-sddv-19-scaled-1.jpg\",\"width\":1434,\"height\":1080},{\"@type\":\"BreadcrumbList\",\"@id\":\"https:\/\/vosgesinfo.fr\/laplainedesvosgesinfo\/2025\/10\/huitieme-edition-pour-le-salon-des-loisirs-creatifs-de-saint-die-des-vosges\/#breadcrumb\",\"itemListElement\":[{\"@type\":\"ListItem\",\"position\":1,\"name\":\"Home\",\"item\":\"https:\/\/vosgesinfo.fr\/laplainedesvosgesinfo\/\"},{\"@type\":\"ListItem\",\"position\":2,\"name\":\"Huiti\u00e8me \u00e9dition pour le Salon des Loisirs Cr\u00e9atifs de Saint-Di\u00e9-des-Vosges\"}]},{\"@type\":\"WebSite\",\"@id\":\"https:\/\/vosgesinfo.fr\/laplainedesvosgesinfo\/#website\",\"url\":\"https:\/\/vosgesinfo.fr\/laplainedesvosgesinfo\/\",\"name\":\"La Plaine des Vosges\",\"description\":\"Toute l&#039;actualit\u00e9 de la plaine de Vosges\",\"publisher\":{\"@id\":\"https:\/\/vosgesinfo.fr\/laplainedesvosgesinfo\/#organization\"},\"alternateName\":\"Toute l'actualit\u00e9 de la plaine des Vosges\",\"potentialAction\":[{\"@type\":\"SearchAction\",\"target\":{\"@type\":\"EntryPoint\",\"urlTemplate\":\"https:\/\/vosgesinfo.fr\/laplainedesvosgesinfo\/?s={search_term_string}\"},\"query-input\":\"required name=search_term_string\"}],\"inLanguage\":\"fr-FR\"},{\"@type\":\"Organization\",\"@id\":\"https:\/\/vosgesinfo.fr\/laplainedesvosgesinfo\/#organization\",\"name\":\"La Plaine des Vosges\",\"url\":\"https:\/\/vosgesinfo.fr\/laplainedesvosgesinfo\/\",\"logo\":{\"@type\":\"ImageObject\",\"inLanguage\":\"fr-FR\",\"@id\":\"https:\/\/vosgesinfo.fr\/laplainedesvosgesinfo\/#\/schema\/logo\/image\/\",\"url\":\"https:\/\/vosgesinfo.fr\/app\/uploads\/sites\/2\/2023\/08\/logo-laplaineinfo.svg\",\"contentUrl\":\"https:\/\/vosgesinfo.fr\/app\/uploads\/sites\/2\/2023\/08\/logo-laplaineinfo.svg\",\"width\":1,\"height\":1,\"caption\":\"La Plaine des Vosges\"},\"image\":{\"@id\":\"https:\/\/vosgesinfo.fr\/laplainedesvosgesinfo\/#\/schema\/logo\/image\/\"},\"sameAs\":[\"https:\/\/www.facebook.com\/laplainedesvosges\",\"https:\/\/x.com\/VosgesInfo88\",\"https:\/\/www.youtube.com\/@vosgesinfo\"]},{\"@type\":\"Person\",\"@id\":\"https:\/\/vosgesinfo.fr\/laplainedesvosgesinfo\/#\/schema\/person\/fa73e9f726d67bb88f46d5b7943cb572\",\"name\":\"J.J.\",\"image\":{\"@type\":\"ImageObject\",\"inLanguage\":\"fr-FR\",\"@id\":\"https:\/\/vosgesinfo.fr\/laplainedesvosgesinfo\/#\/schema\/person\/image\/\",\"url\":\"https:\/\/secure.gravatar.com\/avatar\/219e749e47ffbcca018a360ae4add7d4cdf1cdaaf8bc7676b27efade3fe65615?s=96&d=mm&r=g\",\"contentUrl\":\"https:\/\/secure.gravatar.com\/avatar\/219e749e47ffbcca018a360ae4add7d4cdf1cdaaf8bc7676b27efade3fe65615?s=96&d=mm&r=g\",\"caption\":\"J.J.\"},\"url\":\"https:\/\/vosgesinfo.fr\/laplainedesvosgesinfo\/author\/j-j\/\"}]}<\/script>\n<!-- \/ Yoast SEO plugin. -->","yoast_head_json":{"title":"Huiti\u00e8me \u00e9dition pour le Salon des Loisirs Cr\u00e9atifs de Saint-Di\u00e9-des-Vosges - La Plaine des Vosges","robots":{"index":"index","follow":"follow","max-snippet":"max-snippet:-1","max-image-preview":"max-image-preview:large","max-video-preview":"max-video-preview:-1"},"canonical":"https:\/\/vosgesinfo.fr\/laplainedesvosgesinfo\/2025\/10\/huitieme-edition-pour-le-salon-des-loisirs-creatifs-de-saint-die-des-vosges\/","twitter_card":"summary_large_image","twitter_title":"Huiti\u00e8me \u00e9dition pour le Salon des Loisirs Cr\u00e9atifs de Saint-Di\u00e9-des-Vosges - La Plaine des Vosges","twitter_description":"Le 8e Salon des Loisirs Cr\u00e9atifs approche \u00e0 grands pas, puisqu&rsquo;il se tiendra du vendredi 14 au dimanche 16 novembre [&hellip;]","twitter_image":"https:\/\/vosgesinfo.fr\/app\/uploads\/sites\/2\/2025\/10\/7e-salon-loisirs-creatifs-sddv-19-scaled-1.jpg","twitter_creator":"@VosgesInfo88","twitter_site":"@VosgesInfo88","twitter_misc":{"\u00c9crit par":"J.J.","Dur\u00e9e de lecture estim\u00e9e":"1 minute"},"schema":{"@context":"https:\/\/schema.org","@graph":[{"@type":"Article","@id":"https:\/\/vosgesinfo.fr\/laplainedesvosgesinfo\/2025\/10\/huitieme-edition-pour-le-salon-des-loisirs-creatifs-de-saint-die-des-vosges\/#article","isPartOf":{"@id":"https:\/\/vosgesinfo.fr\/laplainedesvosgesinfo\/2025\/10\/huitieme-edition-pour-le-salon-des-loisirs-creatifs-de-saint-die-des-vosges\/"},"author":{"name":"J.J.","@id":"https:\/\/vosgesinfo.fr\/laplainedesvosgesinfo\/#\/schema\/person\/fa73e9f726d67bb88f46d5b7943cb572"},"headline":"Huiti\u00e8me \u00e9dition pour le Salon des Loisirs Cr\u00e9atifs de Saint-Di\u00e9-des-Vosges","datePublished":"2025-10-31T09:31:19+00:00","dateModified":"2025-10-31T09:31:19+00:00","mainEntityOfPage":{"@id":"https:\/\/vosgesinfo.fr\/laplainedesvosgesinfo\/2025\/10\/huitieme-edition-pour-le-salon-des-loisirs-creatifs-de-saint-die-des-vosges\/"},"wordCount":206,"commentCount":0,"publisher":{"@id":"https:\/\/vosgesinfo.fr\/laplainedesvosgesinfo\/#organization"},"image":{"@id":"https:\/\/vosgesinfo.fr\/laplainedesvosgesinfo\/2025\/10\/huitieme-edition-pour-le-salon-des-loisirs-creatifs-de-saint-die-des-vosges\/#primaryimage"},"thumbnailUrl":"https:\/\/vosgesinfo.fr\/app\/uploads\/sites\/2\/2025\/10\/7e-salon-loisirs-creatifs-sddv-19-scaled-1.jpg","keywords":["8e Salon des Loisirs Cr\u00e9atifs de Saint-Di\u00e9-des-Vosges","Club Aux bons points","Espace Fran\u00e7ois-Mitterrand","Loisirs cr\u00e9atifs","Salon des Loisirs Cr\u00e9atifs de Saint-Di\u00e9-des-Vosges"],"articleSection":["A la Une","Epinal","G\u00e9rardmer","La plaine des vosges","Loisirs","Remiremont","Saint-Di\u00e9-des-Vosges","Vie Associative","Vosges"],"inLanguage":"fr-FR","potentialAction":[{"@type":"CommentAction","name":"Comment","target":["https:\/\/vosgesinfo.fr\/laplainedesvosgesinfo\/2025\/10\/huitieme-edition-pour-le-salon-des-loisirs-creatifs-de-saint-die-des-vosges\/#respond"]}]},{"@type":"WebPage","@id":"https:\/\/vosgesinfo.fr\/laplainedesvosgesinfo\/2025\/10\/huitieme-edition-pour-le-salon-des-loisirs-creatifs-de-saint-die-des-vosges\/","url":"https:\/\/vosgesinfo.fr\/laplainedesvosgesinfo\/2025\/10\/huitieme-edition-pour-le-salon-des-loisirs-creatifs-de-saint-die-des-vosges\/","name":"Huiti\u00e8me \u00e9dition pour le Salon des Loisirs Cr\u00e9atifs de Saint-Di\u00e9-des-Vosges - La Plaine des Vosges","isPartOf":{"@id":"https:\/\/vosgesinfo.fr\/laplainedesvosgesinfo\/#website"},"primaryImageOfPage":{"@id":"https:\/\/vosgesinfo.fr\/laplainedesvosgesinfo\/2025\/10\/huitieme-edition-pour-le-salon-des-loisirs-creatifs-de-saint-die-des-vosges\/#primaryimage"},"image":{"@id":"https:\/\/vosgesinfo.fr\/laplainedesvosgesinfo\/2025\/10\/huitieme-edition-pour-le-salon-des-loisirs-creatifs-de-saint-die-des-vosges\/#primaryimage"},"thumbnailUrl":"https:\/\/vosgesinfo.fr\/app\/uploads\/sites\/2\/2025\/10\/7e-salon-loisirs-creatifs-sddv-19-scaled-1.jpg","datePublished":"2025-10-31T09:31:19+00:00","dateModified":"2025-10-31T09:31:19+00:00","breadcrumb":{"@id":"https:\/\/vosgesinfo.fr\/laplainedesvosgesinfo\/2025\/10\/huitieme-edition-pour-le-salon-des-loisirs-creatifs-de-saint-die-des-vosges\/#breadcrumb"},"inLanguage":"fr-FR","potentialAction":[{"@type":"ReadAction","target":["https:\/\/vosgesinfo.fr\/laplainedesvosgesinfo\/2025\/10\/huitieme-edition-pour-le-salon-des-loisirs-creatifs-de-saint-die-des-vosges\/"]}]},{"@type":"ImageObject","inLanguage":"fr-FR","@id":"https:\/\/vosgesinfo.fr\/laplainedesvosgesinfo\/2025\/10\/huitieme-edition-pour-le-salon-des-loisirs-creatifs-de-saint-die-des-vosges\/#primaryimage","url":"https:\/\/vosgesinfo.fr\/app\/uploads\/sites\/2\/2025\/10\/7e-salon-loisirs-creatifs-sddv-19-scaled-1.jpg","contentUrl":"https:\/\/vosgesinfo.fr\/app\/uploads\/sites\/2\/2025\/10\/7e-salon-loisirs-creatifs-sddv-19-scaled-1.jpg","width":1434,"height":1080},{"@type":"BreadcrumbList","@id":"https:\/\/vosgesinfo.fr\/laplainedesvosgesinfo\/2025\/10\/huitieme-edition-pour-le-salon-des-loisirs-creatifs-de-saint-die-des-vosges\/#breadcrumb","itemListElement":[{"@type":"ListItem","position":1,"name":"Home","item":"https:\/\/vosgesinfo.fr\/laplainedesvosgesinfo\/"},{"@type":"ListItem","position":2,"name":"Huiti\u00e8me \u00e9dition pour le Salon des Loisirs Cr\u00e9atifs de Saint-Di\u00e9-des-Vosges"}]},{"@type":"WebSite","@id":"https:\/\/vosgesinfo.fr\/laplainedesvosgesinfo\/#website","url":"https:\/\/vosgesinfo.fr\/laplainedesvosgesinfo\/","name":"La Plaine des Vosges","description":"Toute l&#039;actualit\u00e9 de la plaine de Vosges","publisher":{"@id":"https:\/\/vosgesinfo.fr\/laplainedesvosgesinfo\/#organization"},"alternateName":"Toute l'actualit\u00e9 de la plaine des Vosges","potentialAction":[{"@type":"SearchAction","target":{"@type":"EntryPoint","urlTemplate":"https:\/\/vosgesinfo.fr\/laplainedesvosgesinfo\/?s={search_term_string}"},"query-input":"required name=search_term_string"}],"inLanguage":"fr-FR"},{"@type":"Organization","@id":"https:\/\/vosgesinfo.fr\/laplainedesvosgesinfo\/#organization","name":"La Plaine des Vosges","url":"https:\/\/vosgesinfo.fr\/laplainedesvosgesinfo\/","logo":{"@type":"ImageObject","inLanguage":"fr-FR","@id":"https:\/\/vosgesinfo.fr\/laplainedesvosgesinfo\/#\/schema\/logo\/image\/","url":"https:\/\/vosgesinfo.fr\/app\/uploads\/sites\/2\/2023\/08\/logo-laplaineinfo.svg","contentUrl":"https:\/\/vosgesinfo.fr\/app\/uploads\/sites\/2\/2023\/08\/logo-laplaineinfo.svg","width":1,"height":1,"caption":"La Plaine des Vosges"},"image":{"@id":"https:\/\/vosgesinfo.fr\/laplainedesvosgesinfo\/#\/schema\/logo\/image\/"},"sameAs":["https:\/\/www.facebook.com\/laplainedesvosges","https:\/\/x.com\/VosgesInfo88","https:\/\/www.youtube.com\/@vosgesinfo"]},{"@type":"Person","@id":"https:\/\/vosgesinfo.fr\/laplainedesvosgesinfo\/#\/schema\/person\/fa73e9f726d67bb88f46d5b7943cb572","name":"J.J.","image":{"@type":"ImageObject","inLanguage":"fr-FR","@id":"https:\/\/vosgesinfo.fr\/laplainedesvosgesinfo\/#\/schema\/person\/image\/","url":"https:\/\/secure.gravatar.com\/avatar\/219e749e47ffbcca018a360ae4add7d4cdf1cdaaf8bc7676b27efade3fe65615?s=96&d=mm&r=g","contentUrl":"https:\/\/secure.gravatar.com\/avatar\/219e749e47ffbcca018a360ae4add7d4cdf1cdaaf8bc7676b27efade3fe65615?s=96&d=mm&r=g","caption":"J.J."},"url":"https:\/\/vosgesinfo.fr\/laplainedesvosgesinfo\/author\/j-j\/"}]}},"_links":{"self":[{"href":"https:\/\/vosgesinfo.fr\/laplainedesvosgesinfo\/wp-json\/wp\/v2\/posts\/31599","targetHints":{"allow":["GET"]}}],"collection":[{"href":"https:\/\/vosgesinfo.fr\/laplainedesvosgesinfo\/wp-json\/wp\/v2\/posts"}],"about":[{"href":"https:\/\/vosgesinfo.fr\/laplainedesvosgesinfo\/wp-json\/wp\/v2\/types\/post"}],"author":[{"embeddable":true,"href":"https:\/\/vosgesinfo.fr\/laplainedesvosgesinfo\/wp-json\/wp\/v2\/users\/46"}],"replies":[{"embeddable":true,"href":"https:\/\/vosgesinfo.fr\/laplainedesvosgesinfo\/wp-json\/wp\/v2\/comments?post=31599"}],"version-history":[{"count":1,"href":"https:\/\/vosgesinfo.fr\/laplainedesvosgesinfo\/wp-json\/wp\/v2\/posts\/31599\/revisions"}],"predecessor-version":[{"id":31601,"href":"https:\/\/vosgesinfo.fr\/laplainedesvosgesinfo\/wp-json\/wp\/v2\/posts\/31599\/revisions\/31601"}],"wp:featuredmedia":[{"embeddable":true,"href":"https:\/\/vosgesinfo.fr\/laplainedesvosgesinfo\/wp-json\/wp\/v2\/media\/31600"}],"wp:attachment":[{"href":"https:\/\/vosgesinfo.fr\/laplainedesvosgesinfo\/wp-json\/wp\/v2\/media?parent=31599"}],"wp:term":[{"taxonomy":"category","embeddable":true,"href":"https:\/\/vosgesinfo.fr\/laplainedesvosgesinfo\/wp-json\/wp\/v2\/categories?post=31599"},{"taxonomy":"post_tag","embeddable":true,"href":"https:\/\/vosgesinfo.fr\/laplainedesvosgesinfo\/wp-json\/wp\/v2\/tags?post=31599"}],"curies":[{"name":"wp","href":"https:\/\/api.w.org\/{rel}","templated":true}]}}