{"id":3210,"date":"2016-03-10T11:00:47","date_gmt":"2016-03-10T10:00:47","guid":{"rendered":"https:\/\/vosgesinfo.fr\/laplainedesvosgesinfo\/2016\/03\/les-temps-bourrins-mettent-le-feu-aux-planches-pour-carnaval\/"},"modified":"2016-03-10T11:00:47","modified_gmt":"2016-03-10T10:00:47","slug":"les-temps-bourrins-mettent-le-feu-aux-planches-pour-carnaval","status":"publish","type":"post","link":"https:\/\/vosgesinfo.fr\/laplainedesvosgesinfo\/2016\/03\/les-temps-bourrins-mettent-le-feu-aux-planches-pour-carnaval\/","title":{"rendered":"Les \u00ab\u00a0Temps Bourrins\u00a0\u00bb mettent le feu aux planches pour Carnaval !"},"content":{"rendered":"<p><span class=\"removed_link\" title=\"\/2016\/03\/repetition_pompiers.jpg\"><\/span><\/p>\n<p style=\"text-align: justify;\"><strong>Le carnaval de Vittel, \u00e9v\u00e9nement tr\u00e8s attendu, se pr\u00e9pare activement en coulisses du c\u00f4t\u00e9 des sapeurs-pompiers, soutenus par l&rsquo;Amicale des pompiers de Vittel-Contrex\u00e9ville. Sur le th\u00e8me \u00ab\u00a0Tous en sc\u00e8ne\u00a0\u00bb le groupe des soldats du feu termine les pr\u00e9paratifs du d\u00e9fil\u00e9.<\/strong><\/p>\n<p style=\"text-align: justify;\">Projet n\u00e9 il y a un an, il va voir le jour ce dimanche ! 7 sapeurs-pompiers sont \u00e0 l&rsquo;initiative de cette aventure : Arnaud, Maxime, Fabien, Guillaume, Pierre, Julia et Rachda. A l&rsquo;issue du carnaval de 2015, une id\u00e9e leur est venue en t\u00eate : \u00ab\u00a0<em>Pourquoi ne pas essayer de faire quelque chose qui change pour l&rsquo;ann\u00e9e prochaine ? Et pourquoi pas un groupe de percussions ?<\/em>\u00ab\u00a0<\/p>\n<p style=\"text-align: justify;\">Les \u00ab\u00a0Temps Bourrins\u00a0\u00bb, c&rsquo;est un groupe de musiciens atypiques, de percussions urbaines. En effet, leurs instruments de musique se trouvent \u00eatre des bidons m\u00e9talliques ! Les d\u00e9buts se sont pass\u00e9s autour d&rsquo;une table pour conna\u00eetre l&rsquo;oreille musicale de chacun. \u00ab\u00a0<em>A la base, nous ne sommes pas des musiciens, mis \u00e0 part Fabien qui a des notions en batterie. Nous avons donc du apprendre les bases et r\u00e9ussir \u00e0 se synchroniser tous ensemble<\/em>\u00a0\u00bb s&rsquo;amuse Guillaume.<\/p>\n<span class=\"removed_link\" title=\"\/2016\/03\/Photo-1.jpg\"><\/span> (Fabien, Maxime, Guillaume et Arnaud)\n<p style=\"text-align: justify;\">Trois musiques compl\u00e8tes ont \u00e9t\u00e9 cr\u00e9\u00e9es par le groupe. \u00ab\u00a0<em>L&rsquo;id\u00e9e de faire des percussions nous est venue naturellement. Nous avons d&rsquo;abord cherch\u00e9 sur quel instrument jouer, puis nous nous sommes d\u00e9cid\u00e9s sur les bidons<\/em>\u00a0\u00bb explique Fabien. Des rythmes de transitions ont aussi \u00e9t\u00e9 invent\u00e9s pour permettre une pr\u00e9sence sonore tout le long du d\u00e9fil\u00e9. \u00ab\u00a0<em>Nous avons con\u00e7u les musiques de A \u00e0 Z. Chacun cherchait de son c\u00f4t\u00e9 un rythme et apr\u00e8s on les mettait en commun<\/em>\u00a0\u00bb pr\u00e9cise Julia.<\/p>\n<p style=\"text-align: justify;\">Autour des musiciens s&rsquo;activent d&rsquo;autres personnes apportant une aide cruciale dans la pr\u00e9paration, tant en logistique qu&rsquo;en conseils divers. Au total, c&rsquo;est une vingtaine de personnes motiv\u00e9es dont C\u00e9line, Anna et Nathalie, qui s&rsquo;att\u00e8le \u00e0 mener au bout leur objectif. Pour eux, ce challenge \u00e9tait aussi de travailler afin de montrer une autre facette des sapeurs-pompiers thermaux \u00e0 l&rsquo;occasion du carnaval, et m\u00eame faire perdurer le groupe et se produire \u00e9galement \u00e0 d&rsquo;autres occasions.<\/p>\n<p style=\"text-align: justify;\">Afin de mener \u00e0 bien leur projet, le groupe a du consacrer plus d&rsquo;une quinzaine d&rsquo;heures \u00e0 travailler sur leur char. La remorque qui va leur permettre de d\u00e9filer, leur a \u00e9t\u00e9 pr\u00eat\u00e9e par un agriculteur de Har\u00e9ville-sous-Montfort, Dominique Sautret.<\/p>\n<p style=\"text-align: justify;\">\u00ab\u00a0<em>On esp\u00e8re que notre projet plaira au public pr\u00e9sent, mais le principal, pour nous, c&rsquo;est d&rsquo;avoir r\u00e9ussi \u00e0 cr\u00e9er un groupe. Cette aventure nous a permis de cr\u00e9er des liens<\/em>\u00a0\u00bb explique Guillaume. Suite \u00e0 ce d\u00e9fil\u00e9 dans les rues de la cit\u00e9 thermale, Les \u00ab\u00a0Temps Bourrins\u00a0\u00bb feront un enregistrement de leurs morceaux \u00e0 la Souris Verte. Pour Fabien, \u00ab\u00a0<em>cet enregistrement nous permettra de garder un souvenir de cette \u00e9pop\u00e9e !<\/em>\u00ab\u00a0<\/p>\n<p style=\"text-align: justify;\"><strong>Un char et un groupe de musique \u00e0 d\u00e9couvrir lors du Grand Corso ce dimanche dans les rues de Vittel. Alors venez nombreux soutenir et applaudir les sapeurs-pompiers de l&rsquo;ouest vosgien !<\/strong><\/p>\n<p style=\"text-align: justify;\">A.J.<\/p>\n\n","protected":false},"excerpt":{"rendered":"<p>Le carnaval de Vittel, \u00e9v\u00e9nement tr\u00e8s attendu, se pr\u00e9pare activement en coulisses du c\u00f4t\u00e9 des sapeurs-pompiers, soutenus par l&rsquo;Amicale des [&hellip;]<\/p>\n","protected":false},"author":1,"featured_media":3211,"comment_status":"open","ping_status":"open","sticky":false,"template":"","format":"standard","meta":{"footnotes":""},"categories":[29,37,17,38],"tags":[494,506,507,508,77],"class_list":["post-3210","post","type-post","status-publish","format-standard","has-post-thumbnail","hentry","category-a-la-une","category-la-plaine","category-vie-associative","category-vittel-la-plaine","tag-carnaval","tag-char","tag-defile","tag-pompiers","tag-vittel"],"acf":[],"yoast_head":"<!-- This site is optimized with the Yoast SEO plugin v22.5 - https:\/\/yoast.com\/wordpress\/plugins\/seo\/ -->\n<title>Les &quot;Temps Bourrins&quot; mettent le feu aux planches pour Carnaval ! - La Plaine des Vosges<\/title>\n<meta name=\"robots\" content=\"index, follow, max-snippet:-1, max-image-preview:large, max-video-preview:-1\" \/>\n<link rel=\"canonical\" href=\"https:\/\/vosgesinfo.fr\/laplainedesvosgesinfo\/2016\/03\/les-temps-bourrins-mettent-le-feu-aux-planches-pour-carnaval\/\" \/>\n<meta name=\"twitter:card\" content=\"summary_large_image\" \/>\n<meta name=\"twitter:title\" content=\"Les &quot;Temps Bourrins&quot; mettent le feu aux planches pour Carnaval ! - La Plaine des Vosges\" \/>\n<meta name=\"twitter:description\" content=\"Le carnaval de Vittel, \u00e9v\u00e9nement tr\u00e8s attendu, se pr\u00e9pare activement en coulisses du c\u00f4t\u00e9 des sapeurs-pompiers, soutenus par l&rsquo;Amicale des [&hellip;]\" \/>\n<meta name=\"twitter:image\" content=\"https:\/\/vosgesinfo.fr\/app\/uploads\/sites\/2\/2024\/06\/201603photo-3.jpg\" \/>\n<meta name=\"twitter:creator\" content=\"@VosgesInfo88\" \/>\n<meta name=\"twitter:site\" content=\"@VosgesInfo88\" \/>\n<meta name=\"twitter:label1\" content=\"\u00c9crit par\" \/>\n\t<meta name=\"twitter:data1\" content=\"qs_admin\" \/>\n\t<meta name=\"twitter:label2\" content=\"Dur\u00e9e de lecture estim\u00e9e\" \/>\n\t<meta name=\"twitter:data2\" content=\"3 minutes\" \/>\n<script type=\"application\/ld+json\" class=\"yoast-schema-graph\">{\"@context\":\"https:\/\/schema.org\",\"@graph\":[{\"@type\":\"Article\",\"@id\":\"https:\/\/vosgesinfo.fr\/laplainedesvosgesinfo\/2016\/03\/les-temps-bourrins-mettent-le-feu-aux-planches-pour-carnaval\/#article\",\"isPartOf\":{\"@id\":\"https:\/\/vosgesinfo.fr\/laplainedesvosgesinfo\/2016\/03\/les-temps-bourrins-mettent-le-feu-aux-planches-pour-carnaval\/\"},\"author\":{\"name\":\"qs_admin\",\"@id\":\"https:\/\/vosgesinfo.fr\/laplainedesvosgesinfo\/#\/schema\/person\/bc5d02d71e6932e81b6dadb7386667b1\"},\"headline\":\"Les \u00ab\u00a0Temps Bourrins\u00a0\u00bb mettent le feu aux planches pour Carnaval !\",\"datePublished\":\"2016-03-10T10:00:47+00:00\",\"dateModified\":\"2016-03-10T10:00:47+00:00\",\"mainEntityOfPage\":{\"@id\":\"https:\/\/vosgesinfo.fr\/laplainedesvosgesinfo\/2016\/03\/les-temps-bourrins-mettent-le-feu-aux-planches-pour-carnaval\/\"},\"wordCount\":554,\"commentCount\":0,\"publisher\":{\"@id\":\"https:\/\/vosgesinfo.fr\/laplainedesvosgesinfo\/#organization\"},\"image\":{\"@id\":\"https:\/\/vosgesinfo.fr\/laplainedesvosgesinfo\/2016\/03\/les-temps-bourrins-mettent-le-feu-aux-planches-pour-carnaval\/#primaryimage\"},\"thumbnailUrl\":\"https:\/\/vosgesinfo.fr\/app\/uploads\/sites\/2\/2024\/06\/201603photo-3.jpg\",\"keywords\":[\"carnaval\",\"char\",\"d\u00e9fil\u00e9\",\"pompiers\",\"Vittel\"],\"articleSection\":[\"A la Une\",\"La Plaine\",\"Vie Associative\",\"Vittel\"],\"inLanguage\":\"fr-FR\",\"potentialAction\":[{\"@type\":\"CommentAction\",\"name\":\"Comment\",\"target\":[\"https:\/\/vosgesinfo.fr\/laplainedesvosgesinfo\/2016\/03\/les-temps-bourrins-mettent-le-feu-aux-planches-pour-carnaval\/#respond\"]}]},{\"@type\":\"WebPage\",\"@id\":\"https:\/\/vosgesinfo.fr\/laplainedesvosgesinfo\/2016\/03\/les-temps-bourrins-mettent-le-feu-aux-planches-pour-carnaval\/\",\"url\":\"https:\/\/vosgesinfo.fr\/laplainedesvosgesinfo\/2016\/03\/les-temps-bourrins-mettent-le-feu-aux-planches-pour-carnaval\/\",\"name\":\"Les \\\"Temps Bourrins\\\" mettent le feu aux planches pour Carnaval ! - La Plaine des Vosges\",\"isPartOf\":{\"@id\":\"https:\/\/vosgesinfo.fr\/laplainedesvosgesinfo\/#website\"},\"primaryImageOfPage\":{\"@id\":\"https:\/\/vosgesinfo.fr\/laplainedesvosgesinfo\/2016\/03\/les-temps-bourrins-mettent-le-feu-aux-planches-pour-carnaval\/#primaryimage\"},\"image\":{\"@id\":\"https:\/\/vosgesinfo.fr\/laplainedesvosgesinfo\/2016\/03\/les-temps-bourrins-mettent-le-feu-aux-planches-pour-carnaval\/#primaryimage\"},\"thumbnailUrl\":\"https:\/\/vosgesinfo.fr\/app\/uploads\/sites\/2\/2024\/06\/201603photo-3.jpg\",\"datePublished\":\"2016-03-10T10:00:47+00:00\",\"dateModified\":\"2016-03-10T10:00:47+00:00\",\"breadcrumb\":{\"@id\":\"https:\/\/vosgesinfo.fr\/laplainedesvosgesinfo\/2016\/03\/les-temps-bourrins-mettent-le-feu-aux-planches-pour-carnaval\/#breadcrumb\"},\"inLanguage\":\"fr-FR\",\"potentialAction\":[{\"@type\":\"ReadAction\",\"target\":[\"https:\/\/vosgesinfo.fr\/laplainedesvosgesinfo\/2016\/03\/les-temps-bourrins-mettent-le-feu-aux-planches-pour-carnaval\/\"]}]},{\"@type\":\"ImageObject\",\"inLanguage\":\"fr-FR\",\"@id\":\"https:\/\/vosgesinfo.fr\/laplainedesvosgesinfo\/2016\/03\/les-temps-bourrins-mettent-le-feu-aux-planches-pour-carnaval\/#primaryimage\",\"url\":\"https:\/\/vosgesinfo.fr\/app\/uploads\/sites\/2\/2024\/06\/201603photo-3.jpg\",\"contentUrl\":\"https:\/\/vosgesinfo.fr\/app\/uploads\/sites\/2\/2024\/06\/201603photo-3.jpg\",\"width\":413,\"height\":800},{\"@type\":\"BreadcrumbList\",\"@id\":\"https:\/\/vosgesinfo.fr\/laplainedesvosgesinfo\/2016\/03\/les-temps-bourrins-mettent-le-feu-aux-planches-pour-carnaval\/#breadcrumb\",\"itemListElement\":[{\"@type\":\"ListItem\",\"position\":1,\"name\":\"Home\",\"item\":\"https:\/\/vosgesinfo.fr\/laplainedesvosgesinfo\/\"},{\"@type\":\"ListItem\",\"position\":2,\"name\":\"Les \u00ab\u00a0Temps Bourrins\u00a0\u00bb mettent le feu aux planches pour Carnaval !\"}]},{\"@type\":\"WebSite\",\"@id\":\"https:\/\/vosgesinfo.fr\/laplainedesvosgesinfo\/#website\",\"url\":\"https:\/\/vosgesinfo.fr\/laplainedesvosgesinfo\/\",\"name\":\"La Plaine des Vosges\",\"description\":\"Toute l&#039;actualit\u00e9 de la plaine de Vosges\",\"publisher\":{\"@id\":\"https:\/\/vosgesinfo.fr\/laplainedesvosgesinfo\/#organization\"},\"alternateName\":\"Toute l'actualit\u00e9 de la plaine des Vosges\",\"potentialAction\":[{\"@type\":\"SearchAction\",\"target\":{\"@type\":\"EntryPoint\",\"urlTemplate\":\"https:\/\/vosgesinfo.fr\/laplainedesvosgesinfo\/?s={search_term_string}\"},\"query-input\":\"required name=search_term_string\"}],\"inLanguage\":\"fr-FR\"},{\"@type\":\"Organization\",\"@id\":\"https:\/\/vosgesinfo.fr\/laplainedesvosgesinfo\/#organization\",\"name\":\"La Plaine des Vosges\",\"url\":\"https:\/\/vosgesinfo.fr\/laplainedesvosgesinfo\/\",\"logo\":{\"@type\":\"ImageObject\",\"inLanguage\":\"fr-FR\",\"@id\":\"https:\/\/vosgesinfo.fr\/laplainedesvosgesinfo\/#\/schema\/logo\/image\/\",\"url\":\"https:\/\/vosgesinfo.fr\/app\/uploads\/sites\/2\/2023\/08\/logo-laplaineinfo.svg\",\"contentUrl\":\"https:\/\/vosgesinfo.fr\/app\/uploads\/sites\/2\/2023\/08\/logo-laplaineinfo.svg\",\"width\":1,\"height\":1,\"caption\":\"La Plaine des Vosges\"},\"image\":{\"@id\":\"https:\/\/vosgesinfo.fr\/laplainedesvosgesinfo\/#\/schema\/logo\/image\/\"},\"sameAs\":[\"https:\/\/www.facebook.com\/laplainedesvosges\",\"https:\/\/x.com\/VosgesInfo88\",\"https:\/\/www.youtube.com\/@vosgesinfo\"]},{\"@type\":\"Person\",\"@id\":\"https:\/\/vosgesinfo.fr\/laplainedesvosgesinfo\/#\/schema\/person\/bc5d02d71e6932e81b6dadb7386667b1\",\"name\":\"qs_admin\",\"image\":{\"@type\":\"ImageObject\",\"inLanguage\":\"fr-FR\",\"@id\":\"https:\/\/vosgesinfo.fr\/laplainedesvosgesinfo\/#\/schema\/person\/image\/\",\"url\":\"https:\/\/secure.gravatar.com\/avatar\/94b18ee0ed79e4a42ea2f2931277b6841a8999fc6fde214600c78057cf1fe1de?s=96&d=mm&r=g\",\"contentUrl\":\"https:\/\/secure.gravatar.com\/avatar\/94b18ee0ed79e4a42ea2f2931277b6841a8999fc6fde214600c78057cf1fe1de?s=96&d=mm&r=g\",\"caption\":\"qs_admin\"},\"sameAs\":[\"https:\/\/vosgesinfo.fr\/wp\"],\"url\":\"https:\/\/vosgesinfo.fr\/laplainedesvosgesinfo\/author\/qs_admin\/\"}]}<\/script>\n<!-- \/ Yoast SEO plugin. -->","yoast_head_json":{"title":"Les \"Temps Bourrins\" mettent le feu aux planches pour Carnaval ! - La Plaine des Vosges","robots":{"index":"index","follow":"follow","max-snippet":"max-snippet:-1","max-image-preview":"max-image-preview:large","max-video-preview":"max-video-preview:-1"},"canonical":"https:\/\/vosgesinfo.fr\/laplainedesvosgesinfo\/2016\/03\/les-temps-bourrins-mettent-le-feu-aux-planches-pour-carnaval\/","twitter_card":"summary_large_image","twitter_title":"Les \"Temps Bourrins\" mettent le feu aux planches pour Carnaval ! - La Plaine des Vosges","twitter_description":"Le carnaval de Vittel, \u00e9v\u00e9nement tr\u00e8s attendu, se pr\u00e9pare activement en coulisses du c\u00f4t\u00e9 des sapeurs-pompiers, soutenus par l&rsquo;Amicale des [&hellip;]","twitter_image":"https:\/\/vosgesinfo.fr\/app\/uploads\/sites\/2\/2024\/06\/201603photo-3.jpg","twitter_creator":"@VosgesInfo88","twitter_site":"@VosgesInfo88","twitter_misc":{"\u00c9crit par":"qs_admin","Dur\u00e9e de lecture estim\u00e9e":"3 minutes"},"schema":{"@context":"https:\/\/schema.org","@graph":[{"@type":"Article","@id":"https:\/\/vosgesinfo.fr\/laplainedesvosgesinfo\/2016\/03\/les-temps-bourrins-mettent-le-feu-aux-planches-pour-carnaval\/#article","isPartOf":{"@id":"https:\/\/vosgesinfo.fr\/laplainedesvosgesinfo\/2016\/03\/les-temps-bourrins-mettent-le-feu-aux-planches-pour-carnaval\/"},"author":{"name":"qs_admin","@id":"https:\/\/vosgesinfo.fr\/laplainedesvosgesinfo\/#\/schema\/person\/bc5d02d71e6932e81b6dadb7386667b1"},"headline":"Les \u00ab\u00a0Temps Bourrins\u00a0\u00bb mettent le feu aux planches pour Carnaval !","datePublished":"2016-03-10T10:00:47+00:00","dateModified":"2016-03-10T10:00:47+00:00","mainEntityOfPage":{"@id":"https:\/\/vosgesinfo.fr\/laplainedesvosgesinfo\/2016\/03\/les-temps-bourrins-mettent-le-feu-aux-planches-pour-carnaval\/"},"wordCount":554,"commentCount":0,"publisher":{"@id":"https:\/\/vosgesinfo.fr\/laplainedesvosgesinfo\/#organization"},"image":{"@id":"https:\/\/vosgesinfo.fr\/laplainedesvosgesinfo\/2016\/03\/les-temps-bourrins-mettent-le-feu-aux-planches-pour-carnaval\/#primaryimage"},"thumbnailUrl":"https:\/\/vosgesinfo.fr\/app\/uploads\/sites\/2\/2024\/06\/201603photo-3.jpg","keywords":["carnaval","char","d\u00e9fil\u00e9","pompiers","Vittel"],"articleSection":["A la Une","La Plaine","Vie Associative","Vittel"],"inLanguage":"fr-FR","potentialAction":[{"@type":"CommentAction","name":"Comment","target":["https:\/\/vosgesinfo.fr\/laplainedesvosgesinfo\/2016\/03\/les-temps-bourrins-mettent-le-feu-aux-planches-pour-carnaval\/#respond"]}]},{"@type":"WebPage","@id":"https:\/\/vosgesinfo.fr\/laplainedesvosgesinfo\/2016\/03\/les-temps-bourrins-mettent-le-feu-aux-planches-pour-carnaval\/","url":"https:\/\/vosgesinfo.fr\/laplainedesvosgesinfo\/2016\/03\/les-temps-bourrins-mettent-le-feu-aux-planches-pour-carnaval\/","name":"Les \"Temps Bourrins\" mettent le feu aux planches pour Carnaval ! - La Plaine des Vosges","isPartOf":{"@id":"https:\/\/vosgesinfo.fr\/laplainedesvosgesinfo\/#website"},"primaryImageOfPage":{"@id":"https:\/\/vosgesinfo.fr\/laplainedesvosgesinfo\/2016\/03\/les-temps-bourrins-mettent-le-feu-aux-planches-pour-carnaval\/#primaryimage"},"image":{"@id":"https:\/\/vosgesinfo.fr\/laplainedesvosgesinfo\/2016\/03\/les-temps-bourrins-mettent-le-feu-aux-planches-pour-carnaval\/#primaryimage"},"thumbnailUrl":"https:\/\/vosgesinfo.fr\/app\/uploads\/sites\/2\/2024\/06\/201603photo-3.jpg","datePublished":"2016-03-10T10:00:47+00:00","dateModified":"2016-03-10T10:00:47+00:00","breadcrumb":{"@id":"https:\/\/vosgesinfo.fr\/laplainedesvosgesinfo\/2016\/03\/les-temps-bourrins-mettent-le-feu-aux-planches-pour-carnaval\/#breadcrumb"},"inLanguage":"fr-FR","potentialAction":[{"@type":"ReadAction","target":["https:\/\/vosgesinfo.fr\/laplainedesvosgesinfo\/2016\/03\/les-temps-bourrins-mettent-le-feu-aux-planches-pour-carnaval\/"]}]},{"@type":"ImageObject","inLanguage":"fr-FR","@id":"https:\/\/vosgesinfo.fr\/laplainedesvosgesinfo\/2016\/03\/les-temps-bourrins-mettent-le-feu-aux-planches-pour-carnaval\/#primaryimage","url":"https:\/\/vosgesinfo.fr\/app\/uploads\/sites\/2\/2024\/06\/201603photo-3.jpg","contentUrl":"https:\/\/vosgesinfo.fr\/app\/uploads\/sites\/2\/2024\/06\/201603photo-3.jpg","width":413,"height":800},{"@type":"BreadcrumbList","@id":"https:\/\/vosgesinfo.fr\/laplainedesvosgesinfo\/2016\/03\/les-temps-bourrins-mettent-le-feu-aux-planches-pour-carnaval\/#breadcrumb","itemListElement":[{"@type":"ListItem","position":1,"name":"Home","item":"https:\/\/vosgesinfo.fr\/laplainedesvosgesinfo\/"},{"@type":"ListItem","position":2,"name":"Les \u00ab\u00a0Temps Bourrins\u00a0\u00bb mettent le feu aux planches pour Carnaval !"}]},{"@type":"WebSite","@id":"https:\/\/vosgesinfo.fr\/laplainedesvosgesinfo\/#website","url":"https:\/\/vosgesinfo.fr\/laplainedesvosgesinfo\/","name":"La Plaine des Vosges","description":"Toute l&#039;actualit\u00e9 de la plaine de Vosges","publisher":{"@id":"https:\/\/vosgesinfo.fr\/laplainedesvosgesinfo\/#organization"},"alternateName":"Toute l'actualit\u00e9 de la plaine des Vosges","potentialAction":[{"@type":"SearchAction","target":{"@type":"EntryPoint","urlTemplate":"https:\/\/vosgesinfo.fr\/laplainedesvosgesinfo\/?s={search_term_string}"},"query-input":"required name=search_term_string"}],"inLanguage":"fr-FR"},{"@type":"Organization","@id":"https:\/\/vosgesinfo.fr\/laplainedesvosgesinfo\/#organization","name":"La Plaine des Vosges","url":"https:\/\/vosgesinfo.fr\/laplainedesvosgesinfo\/","logo":{"@type":"ImageObject","inLanguage":"fr-FR","@id":"https:\/\/vosgesinfo.fr\/laplainedesvosgesinfo\/#\/schema\/logo\/image\/","url":"https:\/\/vosgesinfo.fr\/app\/uploads\/sites\/2\/2023\/08\/logo-laplaineinfo.svg","contentUrl":"https:\/\/vosgesinfo.fr\/app\/uploads\/sites\/2\/2023\/08\/logo-laplaineinfo.svg","width":1,"height":1,"caption":"La Plaine des Vosges"},"image":{"@id":"https:\/\/vosgesinfo.fr\/laplainedesvosgesinfo\/#\/schema\/logo\/image\/"},"sameAs":["https:\/\/www.facebook.com\/laplainedesvosges","https:\/\/x.com\/VosgesInfo88","https:\/\/www.youtube.com\/@vosgesinfo"]},{"@type":"Person","@id":"https:\/\/vosgesinfo.fr\/laplainedesvosgesinfo\/#\/schema\/person\/bc5d02d71e6932e81b6dadb7386667b1","name":"qs_admin","image":{"@type":"ImageObject","inLanguage":"fr-FR","@id":"https:\/\/vosgesinfo.fr\/laplainedesvosgesinfo\/#\/schema\/person\/image\/","url":"https:\/\/secure.gravatar.com\/avatar\/94b18ee0ed79e4a42ea2f2931277b6841a8999fc6fde214600c78057cf1fe1de?s=96&d=mm&r=g","contentUrl":"https:\/\/secure.gravatar.com\/avatar\/94b18ee0ed79e4a42ea2f2931277b6841a8999fc6fde214600c78057cf1fe1de?s=96&d=mm&r=g","caption":"qs_admin"},"sameAs":["https:\/\/vosgesinfo.fr\/wp"],"url":"https:\/\/vosgesinfo.fr\/laplainedesvosgesinfo\/author\/qs_admin\/"}]}},"_links":{"self":[{"href":"https:\/\/vosgesinfo.fr\/laplainedesvosgesinfo\/wp-json\/wp\/v2\/posts\/3210","targetHints":{"allow":["GET"]}}],"collection":[{"href":"https:\/\/vosgesinfo.fr\/laplainedesvosgesinfo\/wp-json\/wp\/v2\/posts"}],"about":[{"href":"https:\/\/vosgesinfo.fr\/laplainedesvosgesinfo\/wp-json\/wp\/v2\/types\/post"}],"author":[{"embeddable":true,"href":"https:\/\/vosgesinfo.fr\/laplainedesvosgesinfo\/wp-json\/wp\/v2\/users\/1"}],"replies":[{"embeddable":true,"href":"https:\/\/vosgesinfo.fr\/laplainedesvosgesinfo\/wp-json\/wp\/v2\/comments?post=3210"}],"version-history":[{"count":0,"href":"https:\/\/vosgesinfo.fr\/laplainedesvosgesinfo\/wp-json\/wp\/v2\/posts\/3210\/revisions"}],"wp:featuredmedia":[{"embeddable":true,"href":"https:\/\/vosgesinfo.fr\/laplainedesvosgesinfo\/wp-json\/wp\/v2\/media\/3211"}],"wp:attachment":[{"href":"https:\/\/vosgesinfo.fr\/laplainedesvosgesinfo\/wp-json\/wp\/v2\/media?parent=3210"}],"wp:term":[{"taxonomy":"category","embeddable":true,"href":"https:\/\/vosgesinfo.fr\/laplainedesvosgesinfo\/wp-json\/wp\/v2\/categories?post=3210"},{"taxonomy":"post_tag","embeddable":true,"href":"https:\/\/vosgesinfo.fr\/laplainedesvosgesinfo\/wp-json\/wp\/v2\/tags?post=3210"}],"curies":[{"name":"wp","href":"https:\/\/api.w.org\/{rel}","templated":true}]}}