{"id":32947,"date":"2026-03-11T10:33:26","date_gmt":"2026-03-11T09:33:26","guid":{"rendered":"https:\/\/vosgesinfo.fr\/laplainedesvosgesinfo\/?p=32947"},"modified":"2026-03-11T10:33:26","modified_gmt":"2026-03-11T09:33:26","slug":"quinzaine-du-plasma-une-campagne-pour-renforcer-la-collecte","status":"publish","type":"post","link":"https:\/\/vosgesinfo.fr\/laplainedesvosgesinfo\/2026\/03\/quinzaine-du-plasma-une-campagne-pour-renforcer-la-collecte\/","title":{"rendered":"Quinzaine du plasma : une campagne pour renforcer la collecte"},"content":{"rendered":"<div id=\"attachment_83608\" style=\"width: 1034px\" class=\"wp-caption alignnone\"><a href=\"https:\/\/vosgesinfo.fr\/app\/uploads\/sites\/4\/2025\/10\/don-plasma-efs-grand-est.jpg\"><img decoding=\"async\" aria-describedby=\"caption-attachment-83608\" class=\"size-large wp-image-83608\" src=\"https:\/\/vosgesinfo.fr\/app\/uploads\/sites\/4\/2025\/10\/don-plasma-efs-grand-est-1024x617.jpg\" alt=\"\" width=\"1024\" height=\"617\" \/><\/a><p id=\"caption-attachment-83608\" class=\"wp-caption-text\">(Photographie EFS Grand Est)<\/p><\/div>\n<h2>La <strong>F\u00e9d\u00e9ration fran\u00e7aise pour le don de sang b\u00e9n\u00e9vole<\/strong> relance la <strong>Quinzaine du plasma<\/strong> du <strong>9 au 22 mars<\/strong>. \u00c0 travers cette campagne, elle veut mieux faire conna\u00eetre le <strong>don de plasma<\/strong> et pousser les pouvoirs publics \u00e0 s\u2019emparer davantage du sujet. Apr\u00e8s une premi\u00e8re \u00e9dition en <strong>2025<\/strong>, la collecte par aph\u00e9r\u00e8se a progress\u00e9 de <strong>plus de 40 %<\/strong>, mais la f\u00e9d\u00e9ration estime que cet effort doit encore s\u2019amplifier.<\/h2>\n<p><!--more--><\/p>\n<h3><strong>Un objectif fix\u00e9 \u00e0 2028<\/strong><\/h3>\n<p>Le programme <strong>Ambition plasma<\/strong>, engag\u00e9 par le <strong>minist\u00e8re de la Sant\u00e9<\/strong> en <strong>2024<\/strong>, fixe un cap de <strong>1,4 million de litres<\/strong> collect\u00e9s d\u2019ici <strong>2028<\/strong>. L\u2019enjeu est de s\u00e9curiser l\u2019approvisionnement en m\u00e9dicaments d\u00e9riv\u00e9s du plasma et de r\u00e9duire la d\u00e9pendance de la France vis-\u00e0-vis des \u00c9tats-Unis. Aujourd\u2019hui, le pays ne couvre qu\u2019une partie de ses besoins.<\/p>\n<h3><strong>Des besoins qui restent \u00e9lev\u00e9s<\/strong><\/h3>\n<p>Le plasma peut \u00eatre pr\u00e9lev\u00e9 apr\u00e8s un don de sang ou lors d\u2019un don par <strong>aph\u00e9r\u00e8se<\/strong>. Cette seconde m\u00e9thode permet d\u2019en recueillir davantage en une seule s\u00e9ance. La question est d\u2019autant plus sensible que les besoins en <strong>immunoglobulines<\/strong> atteignent <strong>11 tonnes par an<\/strong>, soit pr\u00e8s de <strong>2,6 millions de litres de plasma<\/strong>. La <strong>FFDSB<\/strong> appelle donc \u00e0 une mobilisation plus large pour renforcer la collecte en France.<\/p>\n","protected":false},"excerpt":{"rendered":"<p>La F\u00e9d\u00e9ration fran\u00e7aise pour le don de sang b\u00e9n\u00e9vole relance la Quinzaine du plasma du 9 au 22 mars. \u00c0 [&hellip;]<\/p>\n","protected":false},"author":46,"featured_media":32948,"comment_status":"open","ping_status":"open","sticky":false,"template":"","format":"standard","meta":{"footnotes":""},"categories":[29,383,294,380,381,391,12,165],"tags":[9100,9101,9102,7940,9103,9104,9105,9106],"class_list":["post-32947","post","type-post","status-publish","format-standard","has-post-thumbnail","hentry","category-a-la-une","category-epinal","category-gerardmer","category-la-plaine-des-vosges","category-remiremont","category-saint-die-des-vosges-et-son-agglomeration","category-sante","category-solidarite","tag-ambition-plasma","tag-apherese","tag-collecte-de-plasma","tag-don-de-plasma","tag-ffdsb","tag-immunoglobulines","tag-medicaments-derives-du-plasma","tag-quinzaine-du-plasma"],"acf":[],"yoast_head":"<!-- This site is optimized with the Yoast SEO plugin v22.5 - https:\/\/yoast.com\/wordpress\/plugins\/seo\/ -->\n<title>Quinzaine du plasma : une campagne pour renforcer la collecte - La Plaine des Vosges<\/title>\n<meta name=\"robots\" content=\"index, follow, max-snippet:-1, max-image-preview:large, max-video-preview:-1\" \/>\n<link rel=\"canonical\" href=\"https:\/\/vosgesinfo.fr\/laplainedesvosgesinfo\/2026\/03\/quinzaine-du-plasma-une-campagne-pour-renforcer-la-collecte\/\" \/>\n<meta name=\"twitter:card\" content=\"summary_large_image\" \/>\n<meta name=\"twitter:title\" content=\"Quinzaine du plasma : une campagne pour renforcer la collecte - La Plaine des Vosges\" \/>\n<meta name=\"twitter:description\" content=\"La F\u00e9d\u00e9ration fran\u00e7aise pour le don de sang b\u00e9n\u00e9vole relance la Quinzaine du plasma du 9 au 22 mars. \u00c0 [&hellip;]\" \/>\n<meta name=\"twitter:image\" content=\"https:\/\/vosgesinfo.fr\/app\/uploads\/sites\/2\/2026\/03\/don-plasma-efs-grand-est.jpg\" \/>\n<meta name=\"twitter:creator\" content=\"@VosgesInfo88\" \/>\n<meta name=\"twitter:site\" content=\"@VosgesInfo88\" \/>\n<meta name=\"twitter:label1\" content=\"\u00c9crit par\" \/>\n\t<meta name=\"twitter:data1\" content=\"J.J.\" \/>\n\t<meta name=\"twitter:label2\" content=\"Dur\u00e9e de lecture estim\u00e9e\" \/>\n\t<meta name=\"twitter:data2\" content=\"1 minute\" \/>\n<script type=\"application\/ld+json\" class=\"yoast-schema-graph\">{\"@context\":\"https:\/\/schema.org\",\"@graph\":[{\"@type\":\"Article\",\"@id\":\"https:\/\/vosgesinfo.fr\/laplainedesvosgesinfo\/2026\/03\/quinzaine-du-plasma-une-campagne-pour-renforcer-la-collecte\/#article\",\"isPartOf\":{\"@id\":\"https:\/\/vosgesinfo.fr\/laplainedesvosgesinfo\/2026\/03\/quinzaine-du-plasma-une-campagne-pour-renforcer-la-collecte\/\"},\"author\":{\"name\":\"J.J.\",\"@id\":\"https:\/\/vosgesinfo.fr\/laplainedesvosgesinfo\/#\/schema\/person\/fa73e9f726d67bb88f46d5b7943cb572\"},\"headline\":\"Quinzaine du plasma : une campagne pour renforcer la collecte\",\"datePublished\":\"2026-03-11T09:33:26+00:00\",\"dateModified\":\"2026-03-11T09:33:26+00:00\",\"mainEntityOfPage\":{\"@id\":\"https:\/\/vosgesinfo.fr\/laplainedesvosgesinfo\/2026\/03\/quinzaine-du-plasma-une-campagne-pour-renforcer-la-collecte\/\"},\"wordCount\":245,\"commentCount\":0,\"publisher\":{\"@id\":\"https:\/\/vosgesinfo.fr\/laplainedesvosgesinfo\/#organization\"},\"image\":{\"@id\":\"https:\/\/vosgesinfo.fr\/laplainedesvosgesinfo\/2026\/03\/quinzaine-du-plasma-une-campagne-pour-renforcer-la-collecte\/#primaryimage\"},\"thumbnailUrl\":\"https:\/\/vosgesinfo.fr\/app\/uploads\/sites\/2\/2026\/03\/don-plasma-efs-grand-est.jpg\",\"keywords\":[\"Ambition plasma\",\"aph\u00e9r\u00e8se\",\"collecte de plasma\",\"Don de plasma\",\"FFDSB\",\"immunoglobulines\",\"m\u00e9dicaments d\u00e9riv\u00e9s du plasma\",\"Quinzaine du plasma\"],\"articleSection\":[\"A la Une\",\"Epinal\",\"G\u00e9rardmer\",\"La plaine des vosges\",\"Remiremont\",\"Saint-Di\u00e9-des-Vosges et son Agglom\u00e9ration\",\"Sant\u00e9\",\"Solidarit\u00e9\"],\"inLanguage\":\"fr-FR\",\"potentialAction\":[{\"@type\":\"CommentAction\",\"name\":\"Comment\",\"target\":[\"https:\/\/vosgesinfo.fr\/laplainedesvosgesinfo\/2026\/03\/quinzaine-du-plasma-une-campagne-pour-renforcer-la-collecte\/#respond\"]}]},{\"@type\":\"WebPage\",\"@id\":\"https:\/\/vosgesinfo.fr\/laplainedesvosgesinfo\/2026\/03\/quinzaine-du-plasma-une-campagne-pour-renforcer-la-collecte\/\",\"url\":\"https:\/\/vosgesinfo.fr\/laplainedesvosgesinfo\/2026\/03\/quinzaine-du-plasma-une-campagne-pour-renforcer-la-collecte\/\",\"name\":\"Quinzaine du plasma : une campagne pour renforcer la collecte - La Plaine des Vosges\",\"isPartOf\":{\"@id\":\"https:\/\/vosgesinfo.fr\/laplainedesvosgesinfo\/#website\"},\"primaryImageOfPage\":{\"@id\":\"https:\/\/vosgesinfo.fr\/laplainedesvosgesinfo\/2026\/03\/quinzaine-du-plasma-une-campagne-pour-renforcer-la-collecte\/#primaryimage\"},\"image\":{\"@id\":\"https:\/\/vosgesinfo.fr\/laplainedesvosgesinfo\/2026\/03\/quinzaine-du-plasma-une-campagne-pour-renforcer-la-collecte\/#primaryimage\"},\"thumbnailUrl\":\"https:\/\/vosgesinfo.fr\/app\/uploads\/sites\/2\/2026\/03\/don-plasma-efs-grand-est.jpg\",\"datePublished\":\"2026-03-11T09:33:26+00:00\",\"dateModified\":\"2026-03-11T09:33:26+00:00\",\"breadcrumb\":{\"@id\":\"https:\/\/vosgesinfo.fr\/laplainedesvosgesinfo\/2026\/03\/quinzaine-du-plasma-une-campagne-pour-renforcer-la-collecte\/#breadcrumb\"},\"inLanguage\":\"fr-FR\",\"potentialAction\":[{\"@type\":\"ReadAction\",\"target\":[\"https:\/\/vosgesinfo.fr\/laplainedesvosgesinfo\/2026\/03\/quinzaine-du-plasma-une-campagne-pour-renforcer-la-collecte\/\"]}]},{\"@type\":\"ImageObject\",\"inLanguage\":\"fr-FR\",\"@id\":\"https:\/\/vosgesinfo.fr\/laplainedesvosgesinfo\/2026\/03\/quinzaine-du-plasma-une-campagne-pour-renforcer-la-collecte\/#primaryimage\",\"url\":\"https:\/\/vosgesinfo.fr\/app\/uploads\/sites\/2\/2026\/03\/don-plasma-efs-grand-est.jpg\",\"contentUrl\":\"https:\/\/vosgesinfo.fr\/app\/uploads\/sites\/2\/2026\/03\/don-plasma-efs-grand-est.jpg\",\"width\":1558,\"height\":939},{\"@type\":\"BreadcrumbList\",\"@id\":\"https:\/\/vosgesinfo.fr\/laplainedesvosgesinfo\/2026\/03\/quinzaine-du-plasma-une-campagne-pour-renforcer-la-collecte\/#breadcrumb\",\"itemListElement\":[{\"@type\":\"ListItem\",\"position\":1,\"name\":\"Home\",\"item\":\"https:\/\/vosgesinfo.fr\/laplainedesvosgesinfo\/\"},{\"@type\":\"ListItem\",\"position\":2,\"name\":\"Quinzaine du plasma : une campagne pour renforcer la collecte\"}]},{\"@type\":\"WebSite\",\"@id\":\"https:\/\/vosgesinfo.fr\/laplainedesvosgesinfo\/#website\",\"url\":\"https:\/\/vosgesinfo.fr\/laplainedesvosgesinfo\/\",\"name\":\"La Plaine des Vosges\",\"description\":\"Toute l&#039;actualit\u00e9 de la plaine de Vosges\",\"publisher\":{\"@id\":\"https:\/\/vosgesinfo.fr\/laplainedesvosgesinfo\/#organization\"},\"alternateName\":\"Toute l'actualit\u00e9 de la plaine des Vosges\",\"potentialAction\":[{\"@type\":\"SearchAction\",\"target\":{\"@type\":\"EntryPoint\",\"urlTemplate\":\"https:\/\/vosgesinfo.fr\/laplainedesvosgesinfo\/?s={search_term_string}\"},\"query-input\":\"required name=search_term_string\"}],\"inLanguage\":\"fr-FR\"},{\"@type\":\"Organization\",\"@id\":\"https:\/\/vosgesinfo.fr\/laplainedesvosgesinfo\/#organization\",\"name\":\"La Plaine des Vosges\",\"url\":\"https:\/\/vosgesinfo.fr\/laplainedesvosgesinfo\/\",\"logo\":{\"@type\":\"ImageObject\",\"inLanguage\":\"fr-FR\",\"@id\":\"https:\/\/vosgesinfo.fr\/laplainedesvosgesinfo\/#\/schema\/logo\/image\/\",\"url\":\"https:\/\/vosgesinfo.fr\/app\/uploads\/sites\/2\/2023\/08\/logo-laplaineinfo.svg\",\"contentUrl\":\"https:\/\/vosgesinfo.fr\/app\/uploads\/sites\/2\/2023\/08\/logo-laplaineinfo.svg\",\"width\":1,\"height\":1,\"caption\":\"La Plaine des Vosges\"},\"image\":{\"@id\":\"https:\/\/vosgesinfo.fr\/laplainedesvosgesinfo\/#\/schema\/logo\/image\/\"},\"sameAs\":[\"https:\/\/www.facebook.com\/laplainedesvosges\",\"https:\/\/x.com\/VosgesInfo88\",\"https:\/\/www.youtube.com\/@vosgesinfo\"]},{\"@type\":\"Person\",\"@id\":\"https:\/\/vosgesinfo.fr\/laplainedesvosgesinfo\/#\/schema\/person\/fa73e9f726d67bb88f46d5b7943cb572\",\"name\":\"J.J.\",\"image\":{\"@type\":\"ImageObject\",\"inLanguage\":\"fr-FR\",\"@id\":\"https:\/\/vosgesinfo.fr\/laplainedesvosgesinfo\/#\/schema\/person\/image\/\",\"url\":\"https:\/\/secure.gravatar.com\/avatar\/219e749e47ffbcca018a360ae4add7d4cdf1cdaaf8bc7676b27efade3fe65615?s=96&d=mm&r=g\",\"contentUrl\":\"https:\/\/secure.gravatar.com\/avatar\/219e749e47ffbcca018a360ae4add7d4cdf1cdaaf8bc7676b27efade3fe65615?s=96&d=mm&r=g\",\"caption\":\"J.J.\"},\"url\":\"https:\/\/vosgesinfo.fr\/laplainedesvosgesinfo\/author\/j-j\/\"}]}<\/script>\n<!-- \/ Yoast SEO plugin. -->","yoast_head_json":{"title":"Quinzaine du plasma : une campagne pour renforcer la collecte - La Plaine des Vosges","robots":{"index":"index","follow":"follow","max-snippet":"max-snippet:-1","max-image-preview":"max-image-preview:large","max-video-preview":"max-video-preview:-1"},"canonical":"https:\/\/vosgesinfo.fr\/laplainedesvosgesinfo\/2026\/03\/quinzaine-du-plasma-une-campagne-pour-renforcer-la-collecte\/","twitter_card":"summary_large_image","twitter_title":"Quinzaine du plasma : une campagne pour renforcer la collecte - La Plaine des Vosges","twitter_description":"La F\u00e9d\u00e9ration fran\u00e7aise pour le don de sang b\u00e9n\u00e9vole relance la Quinzaine du plasma du 9 au 22 mars. \u00c0 [&hellip;]","twitter_image":"https:\/\/vosgesinfo.fr\/app\/uploads\/sites\/2\/2026\/03\/don-plasma-efs-grand-est.jpg","twitter_creator":"@VosgesInfo88","twitter_site":"@VosgesInfo88","twitter_misc":{"\u00c9crit par":"J.J.","Dur\u00e9e de lecture estim\u00e9e":"1 minute"},"schema":{"@context":"https:\/\/schema.org","@graph":[{"@type":"Article","@id":"https:\/\/vosgesinfo.fr\/laplainedesvosgesinfo\/2026\/03\/quinzaine-du-plasma-une-campagne-pour-renforcer-la-collecte\/#article","isPartOf":{"@id":"https:\/\/vosgesinfo.fr\/laplainedesvosgesinfo\/2026\/03\/quinzaine-du-plasma-une-campagne-pour-renforcer-la-collecte\/"},"author":{"name":"J.J.","@id":"https:\/\/vosgesinfo.fr\/laplainedesvosgesinfo\/#\/schema\/person\/fa73e9f726d67bb88f46d5b7943cb572"},"headline":"Quinzaine du plasma : une campagne pour renforcer la collecte","datePublished":"2026-03-11T09:33:26+00:00","dateModified":"2026-03-11T09:33:26+00:00","mainEntityOfPage":{"@id":"https:\/\/vosgesinfo.fr\/laplainedesvosgesinfo\/2026\/03\/quinzaine-du-plasma-une-campagne-pour-renforcer-la-collecte\/"},"wordCount":245,"commentCount":0,"publisher":{"@id":"https:\/\/vosgesinfo.fr\/laplainedesvosgesinfo\/#organization"},"image":{"@id":"https:\/\/vosgesinfo.fr\/laplainedesvosgesinfo\/2026\/03\/quinzaine-du-plasma-une-campagne-pour-renforcer-la-collecte\/#primaryimage"},"thumbnailUrl":"https:\/\/vosgesinfo.fr\/app\/uploads\/sites\/2\/2026\/03\/don-plasma-efs-grand-est.jpg","keywords":["Ambition plasma","aph\u00e9r\u00e8se","collecte de plasma","Don de plasma","FFDSB","immunoglobulines","m\u00e9dicaments d\u00e9riv\u00e9s du plasma","Quinzaine du plasma"],"articleSection":["A la Une","Epinal","G\u00e9rardmer","La plaine des vosges","Remiremont","Saint-Di\u00e9-des-Vosges et son Agglom\u00e9ration","Sant\u00e9","Solidarit\u00e9"],"inLanguage":"fr-FR","potentialAction":[{"@type":"CommentAction","name":"Comment","target":["https:\/\/vosgesinfo.fr\/laplainedesvosgesinfo\/2026\/03\/quinzaine-du-plasma-une-campagne-pour-renforcer-la-collecte\/#respond"]}]},{"@type":"WebPage","@id":"https:\/\/vosgesinfo.fr\/laplainedesvosgesinfo\/2026\/03\/quinzaine-du-plasma-une-campagne-pour-renforcer-la-collecte\/","url":"https:\/\/vosgesinfo.fr\/laplainedesvosgesinfo\/2026\/03\/quinzaine-du-plasma-une-campagne-pour-renforcer-la-collecte\/","name":"Quinzaine du plasma : une campagne pour renforcer la collecte - La Plaine des Vosges","isPartOf":{"@id":"https:\/\/vosgesinfo.fr\/laplainedesvosgesinfo\/#website"},"primaryImageOfPage":{"@id":"https:\/\/vosgesinfo.fr\/laplainedesvosgesinfo\/2026\/03\/quinzaine-du-plasma-une-campagne-pour-renforcer-la-collecte\/#primaryimage"},"image":{"@id":"https:\/\/vosgesinfo.fr\/laplainedesvosgesinfo\/2026\/03\/quinzaine-du-plasma-une-campagne-pour-renforcer-la-collecte\/#primaryimage"},"thumbnailUrl":"https:\/\/vosgesinfo.fr\/app\/uploads\/sites\/2\/2026\/03\/don-plasma-efs-grand-est.jpg","datePublished":"2026-03-11T09:33:26+00:00","dateModified":"2026-03-11T09:33:26+00:00","breadcrumb":{"@id":"https:\/\/vosgesinfo.fr\/laplainedesvosgesinfo\/2026\/03\/quinzaine-du-plasma-une-campagne-pour-renforcer-la-collecte\/#breadcrumb"},"inLanguage":"fr-FR","potentialAction":[{"@type":"ReadAction","target":["https:\/\/vosgesinfo.fr\/laplainedesvosgesinfo\/2026\/03\/quinzaine-du-plasma-une-campagne-pour-renforcer-la-collecte\/"]}]},{"@type":"ImageObject","inLanguage":"fr-FR","@id":"https:\/\/vosgesinfo.fr\/laplainedesvosgesinfo\/2026\/03\/quinzaine-du-plasma-une-campagne-pour-renforcer-la-collecte\/#primaryimage","url":"https:\/\/vosgesinfo.fr\/app\/uploads\/sites\/2\/2026\/03\/don-plasma-efs-grand-est.jpg","contentUrl":"https:\/\/vosgesinfo.fr\/app\/uploads\/sites\/2\/2026\/03\/don-plasma-efs-grand-est.jpg","width":1558,"height":939},{"@type":"BreadcrumbList","@id":"https:\/\/vosgesinfo.fr\/laplainedesvosgesinfo\/2026\/03\/quinzaine-du-plasma-une-campagne-pour-renforcer-la-collecte\/#breadcrumb","itemListElement":[{"@type":"ListItem","position":1,"name":"Home","item":"https:\/\/vosgesinfo.fr\/laplainedesvosgesinfo\/"},{"@type":"ListItem","position":2,"name":"Quinzaine du plasma : une campagne pour renforcer la collecte"}]},{"@type":"WebSite","@id":"https:\/\/vosgesinfo.fr\/laplainedesvosgesinfo\/#website","url":"https:\/\/vosgesinfo.fr\/laplainedesvosgesinfo\/","name":"La Plaine des Vosges","description":"Toute l&#039;actualit\u00e9 de la plaine de Vosges","publisher":{"@id":"https:\/\/vosgesinfo.fr\/laplainedesvosgesinfo\/#organization"},"alternateName":"Toute l'actualit\u00e9 de la plaine des Vosges","potentialAction":[{"@type":"SearchAction","target":{"@type":"EntryPoint","urlTemplate":"https:\/\/vosgesinfo.fr\/laplainedesvosgesinfo\/?s={search_term_string}"},"query-input":"required name=search_term_string"}],"inLanguage":"fr-FR"},{"@type":"Organization","@id":"https:\/\/vosgesinfo.fr\/laplainedesvosgesinfo\/#organization","name":"La Plaine des Vosges","url":"https:\/\/vosgesinfo.fr\/laplainedesvosgesinfo\/","logo":{"@type":"ImageObject","inLanguage":"fr-FR","@id":"https:\/\/vosgesinfo.fr\/laplainedesvosgesinfo\/#\/schema\/logo\/image\/","url":"https:\/\/vosgesinfo.fr\/app\/uploads\/sites\/2\/2023\/08\/logo-laplaineinfo.svg","contentUrl":"https:\/\/vosgesinfo.fr\/app\/uploads\/sites\/2\/2023\/08\/logo-laplaineinfo.svg","width":1,"height":1,"caption":"La Plaine des Vosges"},"image":{"@id":"https:\/\/vosgesinfo.fr\/laplainedesvosgesinfo\/#\/schema\/logo\/image\/"},"sameAs":["https:\/\/www.facebook.com\/laplainedesvosges","https:\/\/x.com\/VosgesInfo88","https:\/\/www.youtube.com\/@vosgesinfo"]},{"@type":"Person","@id":"https:\/\/vosgesinfo.fr\/laplainedesvosgesinfo\/#\/schema\/person\/fa73e9f726d67bb88f46d5b7943cb572","name":"J.J.","image":{"@type":"ImageObject","inLanguage":"fr-FR","@id":"https:\/\/vosgesinfo.fr\/laplainedesvosgesinfo\/#\/schema\/person\/image\/","url":"https:\/\/secure.gravatar.com\/avatar\/219e749e47ffbcca018a360ae4add7d4cdf1cdaaf8bc7676b27efade3fe65615?s=96&d=mm&r=g","contentUrl":"https:\/\/secure.gravatar.com\/avatar\/219e749e47ffbcca018a360ae4add7d4cdf1cdaaf8bc7676b27efade3fe65615?s=96&d=mm&r=g","caption":"J.J."},"url":"https:\/\/vosgesinfo.fr\/laplainedesvosgesinfo\/author\/j-j\/"}]}},"_links":{"self":[{"href":"https:\/\/vosgesinfo.fr\/laplainedesvosgesinfo\/wp-json\/wp\/v2\/posts\/32947","targetHints":{"allow":["GET"]}}],"collection":[{"href":"https:\/\/vosgesinfo.fr\/laplainedesvosgesinfo\/wp-json\/wp\/v2\/posts"}],"about":[{"href":"https:\/\/vosgesinfo.fr\/laplainedesvosgesinfo\/wp-json\/wp\/v2\/types\/post"}],"author":[{"embeddable":true,"href":"https:\/\/vosgesinfo.fr\/laplainedesvosgesinfo\/wp-json\/wp\/v2\/users\/46"}],"replies":[{"embeddable":true,"href":"https:\/\/vosgesinfo.fr\/laplainedesvosgesinfo\/wp-json\/wp\/v2\/comments?post=32947"}],"version-history":[{"count":1,"href":"https:\/\/vosgesinfo.fr\/laplainedesvosgesinfo\/wp-json\/wp\/v2\/posts\/32947\/revisions"}],"predecessor-version":[{"id":32949,"href":"https:\/\/vosgesinfo.fr\/laplainedesvosgesinfo\/wp-json\/wp\/v2\/posts\/32947\/revisions\/32949"}],"wp:featuredmedia":[{"embeddable":true,"href":"https:\/\/vosgesinfo.fr\/laplainedesvosgesinfo\/wp-json\/wp\/v2\/media\/32948"}],"wp:attachment":[{"href":"https:\/\/vosgesinfo.fr\/laplainedesvosgesinfo\/wp-json\/wp\/v2\/media?parent=32947"}],"wp:term":[{"taxonomy":"category","embeddable":true,"href":"https:\/\/vosgesinfo.fr\/laplainedesvosgesinfo\/wp-json\/wp\/v2\/categories?post=32947"},{"taxonomy":"post_tag","embeddable":true,"href":"https:\/\/vosgesinfo.fr\/laplainedesvosgesinfo\/wp-json\/wp\/v2\/tags?post=32947"}],"curies":[{"name":"wp","href":"https:\/\/api.w.org\/{rel}","templated":true}]}}