{"id":32952,"date":"2026-03-11T19:50:29","date_gmt":"2026-03-11T18:50:29","guid":{"rendered":"https:\/\/vosgesinfo.fr\/laplainedesvosgesinfo\/2026\/03\/formation-aux-produits-de-marquage-codes-a-la-caserne-courcy-depinal\/"},"modified":"2026-03-11T19:50:29","modified_gmt":"2026-03-11T18:50:29","slug":"formation-aux-produits-de-marquage-codes-a-la-caserne-courcy-depinal","status":"publish","type":"post","link":"https:\/\/vosgesinfo.fr\/laplainedesvosgesinfo\/2026\/03\/formation-aux-produits-de-marquage-codes-a-la-caserne-courcy-depinal\/","title":{"rendered":"Formation aux Produits de Marquage Cod\u00e9s \u00e0 la caserne Courcy d\u2019\u00c9pinal"},"content":{"rendered":"<div id=\"attachment_140490\" style=\"width: 1629px\" class=\"wp-caption aligncenter\"><a href=\"https:\/\/vosgesinfo.fr\/app\/uploads\/sites\/3\/2026\/03\/651034921-1362306375935458-1867208417964113720-n.jpg\"><img decoding=\"async\" aria-describedby=\"caption-attachment-140490\" class=\"size-full wp-image-140490\" src=\"https:\/\/vosgesinfo.fr\/app\/uploads\/sites\/3\/2026\/03\/651034921-1362306375935458-1867208417964113720-n.jpg\" alt=\"\" width=\"1619\" height=\"1080\" \/><\/a><p id=\"caption-attachment-140490\" class=\"wp-caption-text\">photos gendarmerie des Vosges<\/p><\/div>\n<h2 data-start=\"75\" data-end=\"473\"><strong>Ce mercredi, \u00e0 la caserne Courcy d\u2019\u00c9pinal, plus de 80 militaires de la gendarmerie des Vosges, enqu\u00eateurs et techniciens, ont particip\u00e9 \u00e0 une formation d\u00e9di\u00e9e aux PMC (Produits de Marquage Cod\u00e9s). Cette session \u00e9tait anim\u00e9e par deux experts de l\u2019<span class=\"hover:entity-accent entity-underline inline cursor-pointer align-baseline\"><span class=\"whitespace-normal\">Institut de recherche criminelle de la gendarmerie nationale<\/span><\/span> (IRCGN), r\u00e9f\u00e9rence nationale en mati\u00e8re d\u2019expertise scientifique et technique au service des enqu\u00eates judiciaires.<\/strong><\/h2>\n<p data-start=\"475\" data-end=\"799\">Les PMC sont des substances inodores, invisibles et incolores \u00e0 l\u2019\u0153il nu. Elles permettent de marquer des biens, des personnes ou des lieux \u00e0 l\u2019aide d\u2019un code unique. Ce marquage facilite ensuite l\u2019identification dans le cadre d\u2019investigations, notamment lors d\u2019enqu\u00eates portant sur des vols ou d\u2019autres atteintes aux biens.<\/p>\n<p data-start=\"801\" data-end=\"1140\">Gr\u00e2ce \u00e0 ces technologies discr\u00e8tes, les enqu\u00eateurs peuvent relier plus facilement un objet ou un individu \u00e0 un lieu ou \u00e0 un fait pr\u00e9cis. Les PMC constituent ainsi \u00e0 la fois un outil d\u2019identification et un moyen de dissuasion dans la lutte contre la d\u00e9linquance, en particulier contre les cambriolages et les vols visant les professionnels.<\/p>\n<p data-start=\"1142\" data-end=\"1339\">Cette formation a permis aux gendarmes vosgiens d\u2019approfondir leurs connaissances sur l\u2019utilisation op\u00e9rationnelle de ces produits et sur leur exploitation dans le cadre des proc\u00e9dures judiciaires.<\/p>\n<p data-start=\"1341\" data-end=\"1641\" data-is-last-node=\"\" data-is-only-node=\"\">Entreprises et commer\u00e7ants peuvent \u00e9galement s\u2019int\u00e9resser \u00e0 ce dispositif. Pour en savoir plus sur les Produits de Marquage Cod\u00e9s et les solutions de pr\u00e9vention existantes, ils sont invit\u00e9s \u00e0 prendre contact avec les r\u00e9f\u00e9rents s\u00fbret\u00e9 du groupement de gendarmerie en s\u2019adressant \u00e0 leur brigade locale.<\/p>\n\n\t\t<style type=\"text\/css\">\n\t\t\t#gallery-1 {\n\t\t\t\tmargin: auto;\n\t\t\t}\n\t\t\t#gallery-1 .gallery-item {\n\t\t\t\tfloat: left;\n\t\t\t\tmargin-top: 10px;\n\t\t\t\ttext-align: center;\n\t\t\t\twidth: 33%;\n\t\t\t}\n\t\t\t#gallery-1 img {\n\t\t\t\tborder: 2px solid #cfcfcf;\n\t\t\t}\n\t\t\t#gallery-1 .gallery-caption {\n\t\t\t\tmargin-left: 0;\n\t\t\t}\n\t\t\t\/* see gallery_shortcode() in wp-includes\/media.php *\/\n\t\t<\/style>\n\t\t<div id='gallery-1' class='gallery galleryid-32952 gallery-columns-3 gallery-size-thumbnail'><dl class='gallery-item'>\n\t\t\t<dt class='gallery-icon portrait'>\n\t\t\t\t<a href='https:\/\/vosgesinfo.fr\/app\/uploads\/sites\/2\/2026\/03\/650008075-1362306475935448-7610304456896318752-n.jpg'><img decoding=\"async\" width=\"150\" height=\"150\" src=\"https:\/\/vosgesinfo.fr\/app\/uploads\/sites\/2\/2026\/03\/650008075-1362306475935448-7610304456896318752-n-150x150.jpg\" class=\"attachment-thumbnail size-thumbnail\" alt=\"\" \/><\/a>\n\t\t\t<\/dt><\/dl><dl class='gallery-item'>\n\t\t\t<dt class='gallery-icon landscape'>\n\t\t\t\t<a href='https:\/\/vosgesinfo.fr\/app\/uploads\/sites\/2\/2026\/03\/650249892-1362306522602110-5457140999456125962-n.jpg'><img decoding=\"async\" width=\"150\" height=\"150\" src=\"https:\/\/vosgesinfo.fr\/app\/uploads\/sites\/2\/2026\/03\/650249892-1362306522602110-5457140999456125962-n-150x150.jpg\" class=\"attachment-thumbnail size-thumbnail\" alt=\"\" \/><\/a>\n\t\t\t<\/dt><\/dl>\n\t\t\t<br style='clear: both' \/>\n\t\t<\/div>\n\n","protected":false},"excerpt":{"rendered":"<p>Ce mercredi, \u00e0 la caserne Courcy d\u2019\u00c9pinal, plus de 80 militaires de la gendarmerie des Vosges, enqu\u00eateurs et techniciens, ont [&hellip;]<\/p>\n","protected":false},"author":52,"featured_media":32953,"comment_status":"open","ping_status":"open","sticky":false,"template":"","format":"standard","meta":{"footnotes":""},"categories":[29,383,294,380,381,384],"tags":[],"class_list":["post-32952","post","type-post","status-publish","format-standard","has-post-thumbnail","hentry","category-a-la-une","category-epinal","category-gerardmer","category-la-plaine-des-vosges","category-remiremont","category-saint-die"],"acf":[],"yoast_head":"<!-- This site is optimized with the Yoast SEO plugin v22.5 - https:\/\/yoast.com\/wordpress\/plugins\/seo\/ -->\n<title>Formation aux Produits de Marquage Cod\u00e9s \u00e0 la caserne Courcy d\u2019\u00c9pinal - La Plaine des Vosges<\/title>\n<meta name=\"robots\" content=\"index, follow, max-snippet:-1, max-image-preview:large, max-video-preview:-1\" \/>\n<link rel=\"canonical\" href=\"https:\/\/vosgesinfo.fr\/laplainedesvosgesinfo\/2026\/03\/formation-aux-produits-de-marquage-codes-a-la-caserne-courcy-depinal\/\" \/>\n<meta name=\"twitter:card\" content=\"summary_large_image\" \/>\n<meta name=\"twitter:title\" content=\"Formation aux Produits de Marquage Cod\u00e9s \u00e0 la caserne Courcy d\u2019\u00c9pinal - La Plaine des Vosges\" \/>\n<meta name=\"twitter:description\" content=\"Ce mercredi, \u00e0 la caserne Courcy d\u2019\u00c9pinal, plus de 80 militaires de la gendarmerie des Vosges, enqu\u00eateurs et techniciens, ont [&hellip;]\" \/>\n<meta name=\"twitter:image\" content=\"https:\/\/vosgesinfo.fr\/app\/uploads\/sites\/2\/2026\/03\/651034921-1362306375935458-1867208417964113720-n.jpg\" \/>\n<meta name=\"twitter:creator\" content=\"@VosgesInfo88\" \/>\n<meta name=\"twitter:site\" content=\"@VosgesInfo88\" \/>\n<meta name=\"twitter:label1\" content=\"\u00c9crit par\" \/>\n\t<meta name=\"twitter:data1\" content=\"C.K.\" \/>\n\t<meta name=\"twitter:label2\" content=\"Dur\u00e9e de lecture estim\u00e9e\" \/>\n\t<meta name=\"twitter:data2\" content=\"1 minute\" \/>\n<script type=\"application\/ld+json\" class=\"yoast-schema-graph\">{\"@context\":\"https:\/\/schema.org\",\"@graph\":[{\"@type\":\"Article\",\"@id\":\"https:\/\/vosgesinfo.fr\/laplainedesvosgesinfo\/2026\/03\/formation-aux-produits-de-marquage-codes-a-la-caserne-courcy-depinal\/#article\",\"isPartOf\":{\"@id\":\"https:\/\/vosgesinfo.fr\/laplainedesvosgesinfo\/2026\/03\/formation-aux-produits-de-marquage-codes-a-la-caserne-courcy-depinal\/\"},\"author\":{\"name\":\"C.K.\",\"@id\":\"https:\/\/vosgesinfo.fr\/laplainedesvosgesinfo\/#\/schema\/person\/6f9a650eeea99d969b6c4ab78fccbe81\"},\"headline\":\"Formation aux Produits de Marquage Cod\u00e9s \u00e0 la caserne Courcy d\u2019\u00c9pinal\",\"datePublished\":\"2026-03-11T18:50:29+00:00\",\"dateModified\":\"2026-03-11T18:50:29+00:00\",\"mainEntityOfPage\":{\"@id\":\"https:\/\/vosgesinfo.fr\/laplainedesvosgesinfo\/2026\/03\/formation-aux-produits-de-marquage-codes-a-la-caserne-courcy-depinal\/\"},\"wordCount\":292,\"commentCount\":0,\"publisher\":{\"@id\":\"https:\/\/vosgesinfo.fr\/laplainedesvosgesinfo\/#organization\"},\"image\":{\"@id\":\"https:\/\/vosgesinfo.fr\/laplainedesvosgesinfo\/2026\/03\/formation-aux-produits-de-marquage-codes-a-la-caserne-courcy-depinal\/#primaryimage\"},\"thumbnailUrl\":\"https:\/\/vosgesinfo.fr\/app\/uploads\/sites\/2\/2026\/03\/651034921-1362306375935458-1867208417964113720-n.jpg\",\"articleSection\":[\"A la Une\",\"Epinal\",\"G\u00e9rardmer\",\"La plaine des vosges\",\"Remiremont\",\"Saint-di\u00e9\"],\"inLanguage\":\"fr-FR\",\"potentialAction\":[{\"@type\":\"CommentAction\",\"name\":\"Comment\",\"target\":[\"https:\/\/vosgesinfo.fr\/laplainedesvosgesinfo\/2026\/03\/formation-aux-produits-de-marquage-codes-a-la-caserne-courcy-depinal\/#respond\"]}]},{\"@type\":\"WebPage\",\"@id\":\"https:\/\/vosgesinfo.fr\/laplainedesvosgesinfo\/2026\/03\/formation-aux-produits-de-marquage-codes-a-la-caserne-courcy-depinal\/\",\"url\":\"https:\/\/vosgesinfo.fr\/laplainedesvosgesinfo\/2026\/03\/formation-aux-produits-de-marquage-codes-a-la-caserne-courcy-depinal\/\",\"name\":\"Formation aux Produits de Marquage Cod\u00e9s \u00e0 la caserne Courcy d\u2019\u00c9pinal - La Plaine des Vosges\",\"isPartOf\":{\"@id\":\"https:\/\/vosgesinfo.fr\/laplainedesvosgesinfo\/#website\"},\"primaryImageOfPage\":{\"@id\":\"https:\/\/vosgesinfo.fr\/laplainedesvosgesinfo\/2026\/03\/formation-aux-produits-de-marquage-codes-a-la-caserne-courcy-depinal\/#primaryimage\"},\"image\":{\"@id\":\"https:\/\/vosgesinfo.fr\/laplainedesvosgesinfo\/2026\/03\/formation-aux-produits-de-marquage-codes-a-la-caserne-courcy-depinal\/#primaryimage\"},\"thumbnailUrl\":\"https:\/\/vosgesinfo.fr\/app\/uploads\/sites\/2\/2026\/03\/651034921-1362306375935458-1867208417964113720-n.jpg\",\"datePublished\":\"2026-03-11T18:50:29+00:00\",\"dateModified\":\"2026-03-11T18:50:29+00:00\",\"breadcrumb\":{\"@id\":\"https:\/\/vosgesinfo.fr\/laplainedesvosgesinfo\/2026\/03\/formation-aux-produits-de-marquage-codes-a-la-caserne-courcy-depinal\/#breadcrumb\"},\"inLanguage\":\"fr-FR\",\"potentialAction\":[{\"@type\":\"ReadAction\",\"target\":[\"https:\/\/vosgesinfo.fr\/laplainedesvosgesinfo\/2026\/03\/formation-aux-produits-de-marquage-codes-a-la-caserne-courcy-depinal\/\"]}]},{\"@type\":\"ImageObject\",\"inLanguage\":\"fr-FR\",\"@id\":\"https:\/\/vosgesinfo.fr\/laplainedesvosgesinfo\/2026\/03\/formation-aux-produits-de-marquage-codes-a-la-caserne-courcy-depinal\/#primaryimage\",\"url\":\"https:\/\/vosgesinfo.fr\/app\/uploads\/sites\/2\/2026\/03\/651034921-1362306375935458-1867208417964113720-n.jpg\",\"contentUrl\":\"https:\/\/vosgesinfo.fr\/app\/uploads\/sites\/2\/2026\/03\/651034921-1362306375935458-1867208417964113720-n.jpg\",\"width\":1619,\"height\":1080},{\"@type\":\"BreadcrumbList\",\"@id\":\"https:\/\/vosgesinfo.fr\/laplainedesvosgesinfo\/2026\/03\/formation-aux-produits-de-marquage-codes-a-la-caserne-courcy-depinal\/#breadcrumb\",\"itemListElement\":[{\"@type\":\"ListItem\",\"position\":1,\"name\":\"Home\",\"item\":\"https:\/\/vosgesinfo.fr\/laplainedesvosgesinfo\/\"},{\"@type\":\"ListItem\",\"position\":2,\"name\":\"Formation aux Produits de Marquage Cod\u00e9s \u00e0 la caserne Courcy d\u2019\u00c9pinal\"}]},{\"@type\":\"WebSite\",\"@id\":\"https:\/\/vosgesinfo.fr\/laplainedesvosgesinfo\/#website\",\"url\":\"https:\/\/vosgesinfo.fr\/laplainedesvosgesinfo\/\",\"name\":\"La Plaine des Vosges\",\"description\":\"Toute l&#039;actualit\u00e9 de la plaine de Vosges\",\"publisher\":{\"@id\":\"https:\/\/vosgesinfo.fr\/laplainedesvosgesinfo\/#organization\"},\"alternateName\":\"Toute l'actualit\u00e9 de la plaine des Vosges\",\"potentialAction\":[{\"@type\":\"SearchAction\",\"target\":{\"@type\":\"EntryPoint\",\"urlTemplate\":\"https:\/\/vosgesinfo.fr\/laplainedesvosgesinfo\/?s={search_term_string}\"},\"query-input\":\"required name=search_term_string\"}],\"inLanguage\":\"fr-FR\"},{\"@type\":\"Organization\",\"@id\":\"https:\/\/vosgesinfo.fr\/laplainedesvosgesinfo\/#organization\",\"name\":\"La Plaine des Vosges\",\"url\":\"https:\/\/vosgesinfo.fr\/laplainedesvosgesinfo\/\",\"logo\":{\"@type\":\"ImageObject\",\"inLanguage\":\"fr-FR\",\"@id\":\"https:\/\/vosgesinfo.fr\/laplainedesvosgesinfo\/#\/schema\/logo\/image\/\",\"url\":\"https:\/\/vosgesinfo.fr\/app\/uploads\/sites\/2\/2023\/08\/logo-laplaineinfo.svg\",\"contentUrl\":\"https:\/\/vosgesinfo.fr\/app\/uploads\/sites\/2\/2023\/08\/logo-laplaineinfo.svg\",\"width\":1,\"height\":1,\"caption\":\"La Plaine des Vosges\"},\"image\":{\"@id\":\"https:\/\/vosgesinfo.fr\/laplainedesvosgesinfo\/#\/schema\/logo\/image\/\"},\"sameAs\":[\"https:\/\/www.facebook.com\/laplainedesvosges\",\"https:\/\/x.com\/VosgesInfo88\",\"https:\/\/www.youtube.com\/@vosgesinfo\"]},{\"@type\":\"Person\",\"@id\":\"https:\/\/vosgesinfo.fr\/laplainedesvosgesinfo\/#\/schema\/person\/6f9a650eeea99d969b6c4ab78fccbe81\",\"name\":\"C.K.\",\"image\":{\"@type\":\"ImageObject\",\"inLanguage\":\"fr-FR\",\"@id\":\"https:\/\/vosgesinfo.fr\/laplainedesvosgesinfo\/#\/schema\/person\/image\/\",\"url\":\"https:\/\/secure.gravatar.com\/avatar\/48e3fc7f8421ba8942be6b74a2b7f014ca39bc00dece156b7a8e098ae7dc87bf?s=96&d=mm&r=g\",\"contentUrl\":\"https:\/\/secure.gravatar.com\/avatar\/48e3fc7f8421ba8942be6b74a2b7f014ca39bc00dece156b7a8e098ae7dc87bf?s=96&d=mm&r=g\",\"caption\":\"C.K.\"},\"url\":\"https:\/\/vosgesinfo.fr\/laplainedesvosgesinfo\/author\/celia-k-n\/\"}]}<\/script>\n<!-- \/ Yoast SEO plugin. -->","yoast_head_json":{"title":"Formation aux Produits de Marquage Cod\u00e9s \u00e0 la caserne Courcy d\u2019\u00c9pinal - La Plaine des Vosges","robots":{"index":"index","follow":"follow","max-snippet":"max-snippet:-1","max-image-preview":"max-image-preview:large","max-video-preview":"max-video-preview:-1"},"canonical":"https:\/\/vosgesinfo.fr\/laplainedesvosgesinfo\/2026\/03\/formation-aux-produits-de-marquage-codes-a-la-caserne-courcy-depinal\/","twitter_card":"summary_large_image","twitter_title":"Formation aux Produits de Marquage Cod\u00e9s \u00e0 la caserne Courcy d\u2019\u00c9pinal - La Plaine des Vosges","twitter_description":"Ce mercredi, \u00e0 la caserne Courcy d\u2019\u00c9pinal, plus de 80 militaires de la gendarmerie des Vosges, enqu\u00eateurs et techniciens, ont [&hellip;]","twitter_image":"https:\/\/vosgesinfo.fr\/app\/uploads\/sites\/2\/2026\/03\/651034921-1362306375935458-1867208417964113720-n.jpg","twitter_creator":"@VosgesInfo88","twitter_site":"@VosgesInfo88","twitter_misc":{"\u00c9crit par":"C.K.","Dur\u00e9e de lecture estim\u00e9e":"1 minute"},"schema":{"@context":"https:\/\/schema.org","@graph":[{"@type":"Article","@id":"https:\/\/vosgesinfo.fr\/laplainedesvosgesinfo\/2026\/03\/formation-aux-produits-de-marquage-codes-a-la-caserne-courcy-depinal\/#article","isPartOf":{"@id":"https:\/\/vosgesinfo.fr\/laplainedesvosgesinfo\/2026\/03\/formation-aux-produits-de-marquage-codes-a-la-caserne-courcy-depinal\/"},"author":{"name":"C.K.","@id":"https:\/\/vosgesinfo.fr\/laplainedesvosgesinfo\/#\/schema\/person\/6f9a650eeea99d969b6c4ab78fccbe81"},"headline":"Formation aux Produits de Marquage Cod\u00e9s \u00e0 la caserne Courcy d\u2019\u00c9pinal","datePublished":"2026-03-11T18:50:29+00:00","dateModified":"2026-03-11T18:50:29+00:00","mainEntityOfPage":{"@id":"https:\/\/vosgesinfo.fr\/laplainedesvosgesinfo\/2026\/03\/formation-aux-produits-de-marquage-codes-a-la-caserne-courcy-depinal\/"},"wordCount":292,"commentCount":0,"publisher":{"@id":"https:\/\/vosgesinfo.fr\/laplainedesvosgesinfo\/#organization"},"image":{"@id":"https:\/\/vosgesinfo.fr\/laplainedesvosgesinfo\/2026\/03\/formation-aux-produits-de-marquage-codes-a-la-caserne-courcy-depinal\/#primaryimage"},"thumbnailUrl":"https:\/\/vosgesinfo.fr\/app\/uploads\/sites\/2\/2026\/03\/651034921-1362306375935458-1867208417964113720-n.jpg","articleSection":["A la Une","Epinal","G\u00e9rardmer","La plaine des vosges","Remiremont","Saint-di\u00e9"],"inLanguage":"fr-FR","potentialAction":[{"@type":"CommentAction","name":"Comment","target":["https:\/\/vosgesinfo.fr\/laplainedesvosgesinfo\/2026\/03\/formation-aux-produits-de-marquage-codes-a-la-caserne-courcy-depinal\/#respond"]}]},{"@type":"WebPage","@id":"https:\/\/vosgesinfo.fr\/laplainedesvosgesinfo\/2026\/03\/formation-aux-produits-de-marquage-codes-a-la-caserne-courcy-depinal\/","url":"https:\/\/vosgesinfo.fr\/laplainedesvosgesinfo\/2026\/03\/formation-aux-produits-de-marquage-codes-a-la-caserne-courcy-depinal\/","name":"Formation aux Produits de Marquage Cod\u00e9s \u00e0 la caserne Courcy d\u2019\u00c9pinal - La Plaine des Vosges","isPartOf":{"@id":"https:\/\/vosgesinfo.fr\/laplainedesvosgesinfo\/#website"},"primaryImageOfPage":{"@id":"https:\/\/vosgesinfo.fr\/laplainedesvosgesinfo\/2026\/03\/formation-aux-produits-de-marquage-codes-a-la-caserne-courcy-depinal\/#primaryimage"},"image":{"@id":"https:\/\/vosgesinfo.fr\/laplainedesvosgesinfo\/2026\/03\/formation-aux-produits-de-marquage-codes-a-la-caserne-courcy-depinal\/#primaryimage"},"thumbnailUrl":"https:\/\/vosgesinfo.fr\/app\/uploads\/sites\/2\/2026\/03\/651034921-1362306375935458-1867208417964113720-n.jpg","datePublished":"2026-03-11T18:50:29+00:00","dateModified":"2026-03-11T18:50:29+00:00","breadcrumb":{"@id":"https:\/\/vosgesinfo.fr\/laplainedesvosgesinfo\/2026\/03\/formation-aux-produits-de-marquage-codes-a-la-caserne-courcy-depinal\/#breadcrumb"},"inLanguage":"fr-FR","potentialAction":[{"@type":"ReadAction","target":["https:\/\/vosgesinfo.fr\/laplainedesvosgesinfo\/2026\/03\/formation-aux-produits-de-marquage-codes-a-la-caserne-courcy-depinal\/"]}]},{"@type":"ImageObject","inLanguage":"fr-FR","@id":"https:\/\/vosgesinfo.fr\/laplainedesvosgesinfo\/2026\/03\/formation-aux-produits-de-marquage-codes-a-la-caserne-courcy-depinal\/#primaryimage","url":"https:\/\/vosgesinfo.fr\/app\/uploads\/sites\/2\/2026\/03\/651034921-1362306375935458-1867208417964113720-n.jpg","contentUrl":"https:\/\/vosgesinfo.fr\/app\/uploads\/sites\/2\/2026\/03\/651034921-1362306375935458-1867208417964113720-n.jpg","width":1619,"height":1080},{"@type":"BreadcrumbList","@id":"https:\/\/vosgesinfo.fr\/laplainedesvosgesinfo\/2026\/03\/formation-aux-produits-de-marquage-codes-a-la-caserne-courcy-depinal\/#breadcrumb","itemListElement":[{"@type":"ListItem","position":1,"name":"Home","item":"https:\/\/vosgesinfo.fr\/laplainedesvosgesinfo\/"},{"@type":"ListItem","position":2,"name":"Formation aux Produits de Marquage Cod\u00e9s \u00e0 la caserne Courcy d\u2019\u00c9pinal"}]},{"@type":"WebSite","@id":"https:\/\/vosgesinfo.fr\/laplainedesvosgesinfo\/#website","url":"https:\/\/vosgesinfo.fr\/laplainedesvosgesinfo\/","name":"La Plaine des Vosges","description":"Toute l&#039;actualit\u00e9 de la plaine de Vosges","publisher":{"@id":"https:\/\/vosgesinfo.fr\/laplainedesvosgesinfo\/#organization"},"alternateName":"Toute l'actualit\u00e9 de la plaine des Vosges","potentialAction":[{"@type":"SearchAction","target":{"@type":"EntryPoint","urlTemplate":"https:\/\/vosgesinfo.fr\/laplainedesvosgesinfo\/?s={search_term_string}"},"query-input":"required name=search_term_string"}],"inLanguage":"fr-FR"},{"@type":"Organization","@id":"https:\/\/vosgesinfo.fr\/laplainedesvosgesinfo\/#organization","name":"La Plaine des Vosges","url":"https:\/\/vosgesinfo.fr\/laplainedesvosgesinfo\/","logo":{"@type":"ImageObject","inLanguage":"fr-FR","@id":"https:\/\/vosgesinfo.fr\/laplainedesvosgesinfo\/#\/schema\/logo\/image\/","url":"https:\/\/vosgesinfo.fr\/app\/uploads\/sites\/2\/2023\/08\/logo-laplaineinfo.svg","contentUrl":"https:\/\/vosgesinfo.fr\/app\/uploads\/sites\/2\/2023\/08\/logo-laplaineinfo.svg","width":1,"height":1,"caption":"La Plaine des Vosges"},"image":{"@id":"https:\/\/vosgesinfo.fr\/laplainedesvosgesinfo\/#\/schema\/logo\/image\/"},"sameAs":["https:\/\/www.facebook.com\/laplainedesvosges","https:\/\/x.com\/VosgesInfo88","https:\/\/www.youtube.com\/@vosgesinfo"]},{"@type":"Person","@id":"https:\/\/vosgesinfo.fr\/laplainedesvosgesinfo\/#\/schema\/person\/6f9a650eeea99d969b6c4ab78fccbe81","name":"C.K.","image":{"@type":"ImageObject","inLanguage":"fr-FR","@id":"https:\/\/vosgesinfo.fr\/laplainedesvosgesinfo\/#\/schema\/person\/image\/","url":"https:\/\/secure.gravatar.com\/avatar\/48e3fc7f8421ba8942be6b74a2b7f014ca39bc00dece156b7a8e098ae7dc87bf?s=96&d=mm&r=g","contentUrl":"https:\/\/secure.gravatar.com\/avatar\/48e3fc7f8421ba8942be6b74a2b7f014ca39bc00dece156b7a8e098ae7dc87bf?s=96&d=mm&r=g","caption":"C.K."},"url":"https:\/\/vosgesinfo.fr\/laplainedesvosgesinfo\/author\/celia-k-n\/"}]}},"_links":{"self":[{"href":"https:\/\/vosgesinfo.fr\/laplainedesvosgesinfo\/wp-json\/wp\/v2\/posts\/32952","targetHints":{"allow":["GET"]}}],"collection":[{"href":"https:\/\/vosgesinfo.fr\/laplainedesvosgesinfo\/wp-json\/wp\/v2\/posts"}],"about":[{"href":"https:\/\/vosgesinfo.fr\/laplainedesvosgesinfo\/wp-json\/wp\/v2\/types\/post"}],"author":[{"embeddable":true,"href":"https:\/\/vosgesinfo.fr\/laplainedesvosgesinfo\/wp-json\/wp\/v2\/users\/52"}],"replies":[{"embeddable":true,"href":"https:\/\/vosgesinfo.fr\/laplainedesvosgesinfo\/wp-json\/wp\/v2\/comments?post=32952"}],"version-history":[{"count":0,"href":"https:\/\/vosgesinfo.fr\/laplainedesvosgesinfo\/wp-json\/wp\/v2\/posts\/32952\/revisions"}],"wp:featuredmedia":[{"embeddable":true,"href":"https:\/\/vosgesinfo.fr\/laplainedesvosgesinfo\/wp-json\/wp\/v2\/media\/32953"}],"wp:attachment":[{"href":"https:\/\/vosgesinfo.fr\/laplainedesvosgesinfo\/wp-json\/wp\/v2\/media?parent=32952"}],"wp:term":[{"taxonomy":"category","embeddable":true,"href":"https:\/\/vosgesinfo.fr\/laplainedesvosgesinfo\/wp-json\/wp\/v2\/categories?post=32952"},{"taxonomy":"post_tag","embeddable":true,"href":"https:\/\/vosgesinfo.fr\/laplainedesvosgesinfo\/wp-json\/wp\/v2\/tags?post=32952"}],"curies":[{"name":"wp","href":"https:\/\/api.w.org\/{rel}","templated":true}]}}