{"id":32956,"date":"2026-03-12T09:01:58","date_gmt":"2026-03-12T08:01:58","guid":{"rendered":"https:\/\/vosgesinfo.fr\/laplainedesvosgesinfo\/2026\/03\/une-soiree-dediee-aux-troubles-bipolaires-a-la-creativite-et-a-lart-therapie\/"},"modified":"2026-03-12T09:01:58","modified_gmt":"2026-03-12T08:01:58","slug":"une-soiree-dediee-aux-troubles-bipolaires-a-la-creativite-et-a-lart-therapie","status":"publish","type":"post","link":"https:\/\/vosgesinfo.fr\/laplainedesvosgesinfo\/2026\/03\/une-soiree-dediee-aux-troubles-bipolaires-a-la-creativite-et-a-lart-therapie\/","title":{"rendered":"Une soir\u00e9e d\u00e9di\u00e9e aux troubles bipolaires, \u00e0 la cr\u00e9ativit\u00e9 et \u00e0 l\u2019art-th\u00e9rapie"},"content":{"rendered":"<h2 data-start=\"117\" data-end=\"410\"><strong><a href=\"https:\/\/vosgesinfo.fr\/app\/uploads\/sites\/3\/2026\/03\/sans-titre-7.jpg\"><img decoding=\"async\" class=\"aligncenter size-full wp-image-140510\" src=\"https:\/\/vosgesinfo.fr\/app\/uploads\/sites\/3\/2026\/03\/sans-titre-7.jpg\" alt=\"\" width=\"764\" height=\"1080\" \/><\/a>Le jeudi 2 avril 2026, une soir\u00e9e de sensibilisation aux troubles bipolaires se tiendra \u00e0 l\u2019Alhambra de Vittel. Ouvert au public \u00e0 partir de 17 heures, cet \u00e9v\u00e9nement proposera conf\u00e9rences, \u00e9changes et rencontres autour d\u2019un th\u00e8me central : le lien entre bipolarit\u00e9, cr\u00e9ativit\u00e9 et art-th\u00e9rapie.<\/strong><\/h2>\n<p data-start=\"412\" data-end=\"779\">Cette initiative est port\u00e9e par l\u2019association nanc\u00e9ienne <strong data-start=\"469\" data-end=\"498\">Bipolaire ? Si tu savais\u2026<\/strong>, engag\u00e9e depuis une dizaine d\u2019ann\u00e9es dans la sensibilisation du grand public \u00e0 cette maladie psychique encore largement m\u00e9connue. \u00c0 travers conf\u00e9rences, publications et projets vid\u00e9o, l\u2019association cherche \u00e0 mieux faire comprendre les r\u00e9alit\u00e9s v\u00e9cues par les personnes concern\u00e9es.<\/p>\n<p data-start=\"781\" data-end=\"1228\">Les troubles bipolaires toucheraient environ <strong data-start=\"826\" data-end=\"850\">3 % de la population<\/strong>. Class\u00e9e parmi les maladies g\u00e9n\u00e9rant le plus de handicap, la bipolarit\u00e9 peut fortement impacter la vie personnelle, familiale et professionnelle des personnes atteintes. Les malades restent \u00e9galement confront\u00e9s \u00e0 une importante stigmatisation. Le risque suicidaire y est particuli\u00e8rement \u00e9lev\u00e9 : parmi les personnes diagnostiqu\u00e9es, environ <strong data-start=\"1191\" data-end=\"1207\">une sur cinq<\/strong> met fin \u00e0 ses jours.<\/p>\n<p data-start=\"1230\" data-end=\"1613\">L\u2019association intervient r\u00e9guli\u00e8rement dans plusieurs villes du Grand Est, notamment \u00e0 Nancy, Saint-Di\u00e9-des-Vosges, Strasbourg ou encore \u00c9pinal. Elle participe \u00e9galement chaque ann\u00e9e \u00e0 la <strong data-start=\"1418\" data-end=\"1462\">Journ\u00e9e mondiale des troubles bipolaires<\/strong>, c\u00e9l\u00e9br\u00e9e le <strong data-start=\"1476\" data-end=\"1487\">30 mars<\/strong>, date symbolique correspondant \u00e0 l\u2019anniversaire du peintre <strong data-start=\"1547\" data-end=\"1567\">Vincent van Gogh<\/strong>, lui-m\u00eame touch\u00e9 par des troubles psychiques.<\/p>\n<p data-start=\"1615\" data-end=\"1996\">Dans ce cadre, la soir\u00e9e organis\u00e9e \u00e0 Vittel proposera plusieurs temps forts. Le moment principal sera une <strong data-start=\"1721\" data-end=\"1748\">conf\u00e9rence de M. Guinet<\/strong>, galeriste \u00e0 Vittel, consacr\u00e9e au peintre lorrain <strong data-start=\"1799\" data-end=\"1816\">Roland Venner<\/strong>. Une <strong data-start=\"1822\" data-end=\"1906\">table ronde r\u00e9unissant des sp\u00e9cialistes de la sant\u00e9 mentale et de l\u2019art-th\u00e9rapie<\/strong> permettra \u00e9galement d\u2019aborder les liens entre cr\u00e9ation artistique et troubles psychiques.<\/p>\n<p data-start=\"1998\" data-end=\"2329\">Les visiteurs pourront aussi participer \u00e0 une <strong data-start=\"2044\" data-end=\"2083\">\u00ab Biblioth\u00e8que des Livres Vivants \u00bb<\/strong>, un dispositif d\u2019\u00e9changes directs o\u00f9 des personnes concern\u00e9es par la bipolarit\u00e9 partageront leur exp\u00e9rience en face-\u00e0-face avec le public. Une <strong data-start=\"2227\" data-end=\"2252\">exposition d\u2019ouvrages<\/strong> consacr\u00e9s \u00e0 la bipolarit\u00e9 sera \u00e9galement propos\u00e9e tout au long de la soir\u00e9e.<\/p>\n<p data-start=\"2331\" data-end=\"2498\">L\u2019\u00e9v\u00e9nement se veut avant tout un moment d\u2019information, de dialogue et de sensibilisation, afin de mieux comprendre la bipolarit\u00e9 et de lutter contre les id\u00e9es re\u00e7ues.<\/p>\n<p data-start=\"2500\" data-end=\"2576\" data-is-last-node=\"\" data-is-only-node=\"\"><strong data-start=\"2500\" data-end=\"2576\" data-is-last-node=\"\">Ouverture au public : jeudi 2 avril 2026 \u00e0 17 h, \u00e0 l\u2019Alhambra de Vittel.<\/strong><\/p>\n","protected":false},"excerpt":{"rendered":"<p>Le jeudi 2 avril 2026, une soir\u00e9e de sensibilisation aux troubles bipolaires se tiendra \u00e0 l\u2019Alhambra de Vittel. Ouvert au [&hellip;]<\/p>\n","protected":false},"author":52,"featured_media":32957,"comment_status":"open","ping_status":"open","sticky":false,"template":"","format":"standard","meta":{"footnotes":""},"categories":[29,383,380],"tags":[],"class_list":["post-32956","post","type-post","status-publish","format-standard","has-post-thumbnail","hentry","category-a-la-une","category-epinal","category-la-plaine-des-vosges"],"acf":[],"yoast_head":"<!-- This site is optimized with the Yoast SEO plugin v22.5 - https:\/\/yoast.com\/wordpress\/plugins\/seo\/ -->\n<title>Une soir\u00e9e d\u00e9di\u00e9e aux troubles bipolaires, \u00e0 la cr\u00e9ativit\u00e9 et \u00e0 l\u2019art-th\u00e9rapie - La Plaine des Vosges<\/title>\n<meta name=\"robots\" content=\"index, follow, max-snippet:-1, max-image-preview:large, max-video-preview:-1\" \/>\n<link rel=\"canonical\" href=\"https:\/\/vosgesinfo.fr\/laplainedesvosgesinfo\/2026\/03\/une-soiree-dediee-aux-troubles-bipolaires-a-la-creativite-et-a-lart-therapie\/\" \/>\n<meta name=\"twitter:card\" content=\"summary_large_image\" \/>\n<meta name=\"twitter:title\" content=\"Une soir\u00e9e d\u00e9di\u00e9e aux troubles bipolaires, \u00e0 la cr\u00e9ativit\u00e9 et \u00e0 l\u2019art-th\u00e9rapie - La Plaine des Vosges\" \/>\n<meta name=\"twitter:description\" content=\"Le jeudi 2 avril 2026, une soir\u00e9e de sensibilisation aux troubles bipolaires se tiendra \u00e0 l\u2019Alhambra de Vittel. Ouvert au [&hellip;]\" \/>\n<meta name=\"twitter:image\" content=\"https:\/\/vosgesinfo.fr\/app\/uploads\/sites\/2\/2026\/03\/sans-titre-7.jpg\" \/>\n<meta name=\"twitter:creator\" content=\"@VosgesInfo88\" \/>\n<meta name=\"twitter:site\" content=\"@VosgesInfo88\" \/>\n<meta name=\"twitter:label1\" content=\"\u00c9crit par\" \/>\n\t<meta name=\"twitter:data1\" content=\"C.K.\" \/>\n\t<meta name=\"twitter:label2\" content=\"Dur\u00e9e de lecture estim\u00e9e\" \/>\n\t<meta name=\"twitter:data2\" content=\"2 minutes\" \/>\n<script type=\"application\/ld+json\" class=\"yoast-schema-graph\">{\"@context\":\"https:\/\/schema.org\",\"@graph\":[{\"@type\":\"Article\",\"@id\":\"https:\/\/vosgesinfo.fr\/laplainedesvosgesinfo\/2026\/03\/une-soiree-dediee-aux-troubles-bipolaires-a-la-creativite-et-a-lart-therapie\/#article\",\"isPartOf\":{\"@id\":\"https:\/\/vosgesinfo.fr\/laplainedesvosgesinfo\/2026\/03\/une-soiree-dediee-aux-troubles-bipolaires-a-la-creativite-et-a-lart-therapie\/\"},\"author\":{\"name\":\"C.K.\",\"@id\":\"https:\/\/vosgesinfo.fr\/laplainedesvosgesinfo\/#\/schema\/person\/6f9a650eeea99d969b6c4ab78fccbe81\"},\"headline\":\"Une soir\u00e9e d\u00e9di\u00e9e aux troubles bipolaires, \u00e0 la cr\u00e9ativit\u00e9 et \u00e0 l\u2019art-th\u00e9rapie\",\"datePublished\":\"2026-03-12T08:01:58+00:00\",\"dateModified\":\"2026-03-12T08:01:58+00:00\",\"mainEntityOfPage\":{\"@id\":\"https:\/\/vosgesinfo.fr\/laplainedesvosgesinfo\/2026\/03\/une-soiree-dediee-aux-troubles-bipolaires-a-la-creativite-et-a-lart-therapie\/\"},\"wordCount\":399,\"commentCount\":0,\"publisher\":{\"@id\":\"https:\/\/vosgesinfo.fr\/laplainedesvosgesinfo\/#organization\"},\"image\":{\"@id\":\"https:\/\/vosgesinfo.fr\/laplainedesvosgesinfo\/2026\/03\/une-soiree-dediee-aux-troubles-bipolaires-a-la-creativite-et-a-lart-therapie\/#primaryimage\"},\"thumbnailUrl\":\"https:\/\/vosgesinfo.fr\/app\/uploads\/sites\/2\/2026\/03\/sans-titre-7.jpg\",\"articleSection\":[\"A la Une\",\"Epinal\",\"La plaine des vosges\"],\"inLanguage\":\"fr-FR\",\"potentialAction\":[{\"@type\":\"CommentAction\",\"name\":\"Comment\",\"target\":[\"https:\/\/vosgesinfo.fr\/laplainedesvosgesinfo\/2026\/03\/une-soiree-dediee-aux-troubles-bipolaires-a-la-creativite-et-a-lart-therapie\/#respond\"]}]},{\"@type\":\"WebPage\",\"@id\":\"https:\/\/vosgesinfo.fr\/laplainedesvosgesinfo\/2026\/03\/une-soiree-dediee-aux-troubles-bipolaires-a-la-creativite-et-a-lart-therapie\/\",\"url\":\"https:\/\/vosgesinfo.fr\/laplainedesvosgesinfo\/2026\/03\/une-soiree-dediee-aux-troubles-bipolaires-a-la-creativite-et-a-lart-therapie\/\",\"name\":\"Une soir\u00e9e d\u00e9di\u00e9e aux troubles bipolaires, \u00e0 la cr\u00e9ativit\u00e9 et \u00e0 l\u2019art-th\u00e9rapie - La Plaine des Vosges\",\"isPartOf\":{\"@id\":\"https:\/\/vosgesinfo.fr\/laplainedesvosgesinfo\/#website\"},\"primaryImageOfPage\":{\"@id\":\"https:\/\/vosgesinfo.fr\/laplainedesvosgesinfo\/2026\/03\/une-soiree-dediee-aux-troubles-bipolaires-a-la-creativite-et-a-lart-therapie\/#primaryimage\"},\"image\":{\"@id\":\"https:\/\/vosgesinfo.fr\/laplainedesvosgesinfo\/2026\/03\/une-soiree-dediee-aux-troubles-bipolaires-a-la-creativite-et-a-lart-therapie\/#primaryimage\"},\"thumbnailUrl\":\"https:\/\/vosgesinfo.fr\/app\/uploads\/sites\/2\/2026\/03\/sans-titre-7.jpg\",\"datePublished\":\"2026-03-12T08:01:58+00:00\",\"dateModified\":\"2026-03-12T08:01:58+00:00\",\"breadcrumb\":{\"@id\":\"https:\/\/vosgesinfo.fr\/laplainedesvosgesinfo\/2026\/03\/une-soiree-dediee-aux-troubles-bipolaires-a-la-creativite-et-a-lart-therapie\/#breadcrumb\"},\"inLanguage\":\"fr-FR\",\"potentialAction\":[{\"@type\":\"ReadAction\",\"target\":[\"https:\/\/vosgesinfo.fr\/laplainedesvosgesinfo\/2026\/03\/une-soiree-dediee-aux-troubles-bipolaires-a-la-creativite-et-a-lart-therapie\/\"]}]},{\"@type\":\"ImageObject\",\"inLanguage\":\"fr-FR\",\"@id\":\"https:\/\/vosgesinfo.fr\/laplainedesvosgesinfo\/2026\/03\/une-soiree-dediee-aux-troubles-bipolaires-a-la-creativite-et-a-lart-therapie\/#primaryimage\",\"url\":\"https:\/\/vosgesinfo.fr\/app\/uploads\/sites\/2\/2026\/03\/sans-titre-7.jpg\",\"contentUrl\":\"https:\/\/vosgesinfo.fr\/app\/uploads\/sites\/2\/2026\/03\/sans-titre-7.jpg\",\"width\":764,\"height\":1080},{\"@type\":\"BreadcrumbList\",\"@id\":\"https:\/\/vosgesinfo.fr\/laplainedesvosgesinfo\/2026\/03\/une-soiree-dediee-aux-troubles-bipolaires-a-la-creativite-et-a-lart-therapie\/#breadcrumb\",\"itemListElement\":[{\"@type\":\"ListItem\",\"position\":1,\"name\":\"Home\",\"item\":\"https:\/\/vosgesinfo.fr\/laplainedesvosgesinfo\/\"},{\"@type\":\"ListItem\",\"position\":2,\"name\":\"Une soir\u00e9e d\u00e9di\u00e9e aux troubles bipolaires, \u00e0 la cr\u00e9ativit\u00e9 et \u00e0 l\u2019art-th\u00e9rapie\"}]},{\"@type\":\"WebSite\",\"@id\":\"https:\/\/vosgesinfo.fr\/laplainedesvosgesinfo\/#website\",\"url\":\"https:\/\/vosgesinfo.fr\/laplainedesvosgesinfo\/\",\"name\":\"La Plaine des Vosges\",\"description\":\"Toute l&#039;actualit\u00e9 de la plaine de Vosges\",\"publisher\":{\"@id\":\"https:\/\/vosgesinfo.fr\/laplainedesvosgesinfo\/#organization\"},\"alternateName\":\"Toute l'actualit\u00e9 de la plaine des Vosges\",\"potentialAction\":[{\"@type\":\"SearchAction\",\"target\":{\"@type\":\"EntryPoint\",\"urlTemplate\":\"https:\/\/vosgesinfo.fr\/laplainedesvosgesinfo\/?s={search_term_string}\"},\"query-input\":\"required name=search_term_string\"}],\"inLanguage\":\"fr-FR\"},{\"@type\":\"Organization\",\"@id\":\"https:\/\/vosgesinfo.fr\/laplainedesvosgesinfo\/#organization\",\"name\":\"La Plaine des Vosges\",\"url\":\"https:\/\/vosgesinfo.fr\/laplainedesvosgesinfo\/\",\"logo\":{\"@type\":\"ImageObject\",\"inLanguage\":\"fr-FR\",\"@id\":\"https:\/\/vosgesinfo.fr\/laplainedesvosgesinfo\/#\/schema\/logo\/image\/\",\"url\":\"https:\/\/vosgesinfo.fr\/app\/uploads\/sites\/2\/2023\/08\/logo-laplaineinfo.svg\",\"contentUrl\":\"https:\/\/vosgesinfo.fr\/app\/uploads\/sites\/2\/2023\/08\/logo-laplaineinfo.svg\",\"width\":1,\"height\":1,\"caption\":\"La Plaine des Vosges\"},\"image\":{\"@id\":\"https:\/\/vosgesinfo.fr\/laplainedesvosgesinfo\/#\/schema\/logo\/image\/\"},\"sameAs\":[\"https:\/\/www.facebook.com\/laplainedesvosges\",\"https:\/\/x.com\/VosgesInfo88\",\"https:\/\/www.youtube.com\/@vosgesinfo\"]},{\"@type\":\"Person\",\"@id\":\"https:\/\/vosgesinfo.fr\/laplainedesvosgesinfo\/#\/schema\/person\/6f9a650eeea99d969b6c4ab78fccbe81\",\"name\":\"C.K.\",\"image\":{\"@type\":\"ImageObject\",\"inLanguage\":\"fr-FR\",\"@id\":\"https:\/\/vosgesinfo.fr\/laplainedesvosgesinfo\/#\/schema\/person\/image\/\",\"url\":\"https:\/\/secure.gravatar.com\/avatar\/48e3fc7f8421ba8942be6b74a2b7f014ca39bc00dece156b7a8e098ae7dc87bf?s=96&d=mm&r=g\",\"contentUrl\":\"https:\/\/secure.gravatar.com\/avatar\/48e3fc7f8421ba8942be6b74a2b7f014ca39bc00dece156b7a8e098ae7dc87bf?s=96&d=mm&r=g\",\"caption\":\"C.K.\"},\"url\":\"https:\/\/vosgesinfo.fr\/laplainedesvosgesinfo\/author\/celia-k-n\/\"}]}<\/script>\n<!-- \/ Yoast SEO plugin. -->","yoast_head_json":{"title":"Une soir\u00e9e d\u00e9di\u00e9e aux troubles bipolaires, \u00e0 la cr\u00e9ativit\u00e9 et \u00e0 l\u2019art-th\u00e9rapie - La Plaine des Vosges","robots":{"index":"index","follow":"follow","max-snippet":"max-snippet:-1","max-image-preview":"max-image-preview:large","max-video-preview":"max-video-preview:-1"},"canonical":"https:\/\/vosgesinfo.fr\/laplainedesvosgesinfo\/2026\/03\/une-soiree-dediee-aux-troubles-bipolaires-a-la-creativite-et-a-lart-therapie\/","twitter_card":"summary_large_image","twitter_title":"Une soir\u00e9e d\u00e9di\u00e9e aux troubles bipolaires, \u00e0 la cr\u00e9ativit\u00e9 et \u00e0 l\u2019art-th\u00e9rapie - La Plaine des Vosges","twitter_description":"Le jeudi 2 avril 2026, une soir\u00e9e de sensibilisation aux troubles bipolaires se tiendra \u00e0 l\u2019Alhambra de Vittel. Ouvert au [&hellip;]","twitter_image":"https:\/\/vosgesinfo.fr\/app\/uploads\/sites\/2\/2026\/03\/sans-titre-7.jpg","twitter_creator":"@VosgesInfo88","twitter_site":"@VosgesInfo88","twitter_misc":{"\u00c9crit par":"C.K.","Dur\u00e9e de lecture estim\u00e9e":"2 minutes"},"schema":{"@context":"https:\/\/schema.org","@graph":[{"@type":"Article","@id":"https:\/\/vosgesinfo.fr\/laplainedesvosgesinfo\/2026\/03\/une-soiree-dediee-aux-troubles-bipolaires-a-la-creativite-et-a-lart-therapie\/#article","isPartOf":{"@id":"https:\/\/vosgesinfo.fr\/laplainedesvosgesinfo\/2026\/03\/une-soiree-dediee-aux-troubles-bipolaires-a-la-creativite-et-a-lart-therapie\/"},"author":{"name":"C.K.","@id":"https:\/\/vosgesinfo.fr\/laplainedesvosgesinfo\/#\/schema\/person\/6f9a650eeea99d969b6c4ab78fccbe81"},"headline":"Une soir\u00e9e d\u00e9di\u00e9e aux troubles bipolaires, \u00e0 la cr\u00e9ativit\u00e9 et \u00e0 l\u2019art-th\u00e9rapie","datePublished":"2026-03-12T08:01:58+00:00","dateModified":"2026-03-12T08:01:58+00:00","mainEntityOfPage":{"@id":"https:\/\/vosgesinfo.fr\/laplainedesvosgesinfo\/2026\/03\/une-soiree-dediee-aux-troubles-bipolaires-a-la-creativite-et-a-lart-therapie\/"},"wordCount":399,"commentCount":0,"publisher":{"@id":"https:\/\/vosgesinfo.fr\/laplainedesvosgesinfo\/#organization"},"image":{"@id":"https:\/\/vosgesinfo.fr\/laplainedesvosgesinfo\/2026\/03\/une-soiree-dediee-aux-troubles-bipolaires-a-la-creativite-et-a-lart-therapie\/#primaryimage"},"thumbnailUrl":"https:\/\/vosgesinfo.fr\/app\/uploads\/sites\/2\/2026\/03\/sans-titre-7.jpg","articleSection":["A la Une","Epinal","La plaine des vosges"],"inLanguage":"fr-FR","potentialAction":[{"@type":"CommentAction","name":"Comment","target":["https:\/\/vosgesinfo.fr\/laplainedesvosgesinfo\/2026\/03\/une-soiree-dediee-aux-troubles-bipolaires-a-la-creativite-et-a-lart-therapie\/#respond"]}]},{"@type":"WebPage","@id":"https:\/\/vosgesinfo.fr\/laplainedesvosgesinfo\/2026\/03\/une-soiree-dediee-aux-troubles-bipolaires-a-la-creativite-et-a-lart-therapie\/","url":"https:\/\/vosgesinfo.fr\/laplainedesvosgesinfo\/2026\/03\/une-soiree-dediee-aux-troubles-bipolaires-a-la-creativite-et-a-lart-therapie\/","name":"Une soir\u00e9e d\u00e9di\u00e9e aux troubles bipolaires, \u00e0 la cr\u00e9ativit\u00e9 et \u00e0 l\u2019art-th\u00e9rapie - La Plaine des Vosges","isPartOf":{"@id":"https:\/\/vosgesinfo.fr\/laplainedesvosgesinfo\/#website"},"primaryImageOfPage":{"@id":"https:\/\/vosgesinfo.fr\/laplainedesvosgesinfo\/2026\/03\/une-soiree-dediee-aux-troubles-bipolaires-a-la-creativite-et-a-lart-therapie\/#primaryimage"},"image":{"@id":"https:\/\/vosgesinfo.fr\/laplainedesvosgesinfo\/2026\/03\/une-soiree-dediee-aux-troubles-bipolaires-a-la-creativite-et-a-lart-therapie\/#primaryimage"},"thumbnailUrl":"https:\/\/vosgesinfo.fr\/app\/uploads\/sites\/2\/2026\/03\/sans-titre-7.jpg","datePublished":"2026-03-12T08:01:58+00:00","dateModified":"2026-03-12T08:01:58+00:00","breadcrumb":{"@id":"https:\/\/vosgesinfo.fr\/laplainedesvosgesinfo\/2026\/03\/une-soiree-dediee-aux-troubles-bipolaires-a-la-creativite-et-a-lart-therapie\/#breadcrumb"},"inLanguage":"fr-FR","potentialAction":[{"@type":"ReadAction","target":["https:\/\/vosgesinfo.fr\/laplainedesvosgesinfo\/2026\/03\/une-soiree-dediee-aux-troubles-bipolaires-a-la-creativite-et-a-lart-therapie\/"]}]},{"@type":"ImageObject","inLanguage":"fr-FR","@id":"https:\/\/vosgesinfo.fr\/laplainedesvosgesinfo\/2026\/03\/une-soiree-dediee-aux-troubles-bipolaires-a-la-creativite-et-a-lart-therapie\/#primaryimage","url":"https:\/\/vosgesinfo.fr\/app\/uploads\/sites\/2\/2026\/03\/sans-titre-7.jpg","contentUrl":"https:\/\/vosgesinfo.fr\/app\/uploads\/sites\/2\/2026\/03\/sans-titre-7.jpg","width":764,"height":1080},{"@type":"BreadcrumbList","@id":"https:\/\/vosgesinfo.fr\/laplainedesvosgesinfo\/2026\/03\/une-soiree-dediee-aux-troubles-bipolaires-a-la-creativite-et-a-lart-therapie\/#breadcrumb","itemListElement":[{"@type":"ListItem","position":1,"name":"Home","item":"https:\/\/vosgesinfo.fr\/laplainedesvosgesinfo\/"},{"@type":"ListItem","position":2,"name":"Une soir\u00e9e d\u00e9di\u00e9e aux troubles bipolaires, \u00e0 la cr\u00e9ativit\u00e9 et \u00e0 l\u2019art-th\u00e9rapie"}]},{"@type":"WebSite","@id":"https:\/\/vosgesinfo.fr\/laplainedesvosgesinfo\/#website","url":"https:\/\/vosgesinfo.fr\/laplainedesvosgesinfo\/","name":"La Plaine des Vosges","description":"Toute l&#039;actualit\u00e9 de la plaine de Vosges","publisher":{"@id":"https:\/\/vosgesinfo.fr\/laplainedesvosgesinfo\/#organization"},"alternateName":"Toute l'actualit\u00e9 de la plaine des Vosges","potentialAction":[{"@type":"SearchAction","target":{"@type":"EntryPoint","urlTemplate":"https:\/\/vosgesinfo.fr\/laplainedesvosgesinfo\/?s={search_term_string}"},"query-input":"required name=search_term_string"}],"inLanguage":"fr-FR"},{"@type":"Organization","@id":"https:\/\/vosgesinfo.fr\/laplainedesvosgesinfo\/#organization","name":"La Plaine des Vosges","url":"https:\/\/vosgesinfo.fr\/laplainedesvosgesinfo\/","logo":{"@type":"ImageObject","inLanguage":"fr-FR","@id":"https:\/\/vosgesinfo.fr\/laplainedesvosgesinfo\/#\/schema\/logo\/image\/","url":"https:\/\/vosgesinfo.fr\/app\/uploads\/sites\/2\/2023\/08\/logo-laplaineinfo.svg","contentUrl":"https:\/\/vosgesinfo.fr\/app\/uploads\/sites\/2\/2023\/08\/logo-laplaineinfo.svg","width":1,"height":1,"caption":"La Plaine des Vosges"},"image":{"@id":"https:\/\/vosgesinfo.fr\/laplainedesvosgesinfo\/#\/schema\/logo\/image\/"},"sameAs":["https:\/\/www.facebook.com\/laplainedesvosges","https:\/\/x.com\/VosgesInfo88","https:\/\/www.youtube.com\/@vosgesinfo"]},{"@type":"Person","@id":"https:\/\/vosgesinfo.fr\/laplainedesvosgesinfo\/#\/schema\/person\/6f9a650eeea99d969b6c4ab78fccbe81","name":"C.K.","image":{"@type":"ImageObject","inLanguage":"fr-FR","@id":"https:\/\/vosgesinfo.fr\/laplainedesvosgesinfo\/#\/schema\/person\/image\/","url":"https:\/\/secure.gravatar.com\/avatar\/48e3fc7f8421ba8942be6b74a2b7f014ca39bc00dece156b7a8e098ae7dc87bf?s=96&d=mm&r=g","contentUrl":"https:\/\/secure.gravatar.com\/avatar\/48e3fc7f8421ba8942be6b74a2b7f014ca39bc00dece156b7a8e098ae7dc87bf?s=96&d=mm&r=g","caption":"C.K."},"url":"https:\/\/vosgesinfo.fr\/laplainedesvosgesinfo\/author\/celia-k-n\/"}]}},"_links":{"self":[{"href":"https:\/\/vosgesinfo.fr\/laplainedesvosgesinfo\/wp-json\/wp\/v2\/posts\/32956","targetHints":{"allow":["GET"]}}],"collection":[{"href":"https:\/\/vosgesinfo.fr\/laplainedesvosgesinfo\/wp-json\/wp\/v2\/posts"}],"about":[{"href":"https:\/\/vosgesinfo.fr\/laplainedesvosgesinfo\/wp-json\/wp\/v2\/types\/post"}],"author":[{"embeddable":true,"href":"https:\/\/vosgesinfo.fr\/laplainedesvosgesinfo\/wp-json\/wp\/v2\/users\/52"}],"replies":[{"embeddable":true,"href":"https:\/\/vosgesinfo.fr\/laplainedesvosgesinfo\/wp-json\/wp\/v2\/comments?post=32956"}],"version-history":[{"count":0,"href":"https:\/\/vosgesinfo.fr\/laplainedesvosgesinfo\/wp-json\/wp\/v2\/posts\/32956\/revisions"}],"wp:featuredmedia":[{"embeddable":true,"href":"https:\/\/vosgesinfo.fr\/laplainedesvosgesinfo\/wp-json\/wp\/v2\/media\/32957"}],"wp:attachment":[{"href":"https:\/\/vosgesinfo.fr\/laplainedesvosgesinfo\/wp-json\/wp\/v2\/media?parent=32956"}],"wp:term":[{"taxonomy":"category","embeddable":true,"href":"https:\/\/vosgesinfo.fr\/laplainedesvosgesinfo\/wp-json\/wp\/v2\/categories?post=32956"},{"taxonomy":"post_tag","embeddable":true,"href":"https:\/\/vosgesinfo.fr\/laplainedesvosgesinfo\/wp-json\/wp\/v2\/tags?post=32956"}],"curies":[{"name":"wp","href":"https:\/\/api.w.org\/{rel}","templated":true}]}}