{"id":32988,"date":"2026-03-17T05:58:59","date_gmt":"2026-03-17T04:58:59","guid":{"rendered":"https:\/\/vosgesinfo.fr\/laplainedesvosgesinfo\/?p=32988"},"modified":"2026-03-17T05:58:59","modified_gmt":"2026-03-17T04:58:59","slug":"histoire-retour-sur-la-chute-du-maquis-de-saint-jacques-avec-simon-remy","status":"publish","type":"post","link":"https:\/\/vosgesinfo.fr\/laplainedesvosgesinfo\/2026\/03\/histoire-retour-sur-la-chute-du-maquis-de-saint-jacques-avec-simon-remy\/","title":{"rendered":"Histoire &#8211; Retour sur la chute du maquis de Saint-Jacques avec Simon Remy"},"content":{"rendered":"<div id=\"attachment_89126\" style=\"width: 1034px\" class=\"wp-caption aligncenter\"><a href=\"https:\/\/vosgesinfo.fr\/app\/uploads\/sites\/6\/2026\/03\/screenshot-2026-03-16-at-16-59-51-le-temps-de-la-justice-episode-3-3-\u2013-montagnes-darchives.jpg\"><img decoding=\"async\" aria-describedby=\"caption-attachment-89126\" class=\"wp-image-89126 size-large\" src=\"https:\/\/vosgesinfo.fr\/app\/uploads\/sites\/6\/2026\/03\/screenshot-2026-03-16-at-16-59-51-le-temps-de-la-justice-episode-3-3-\u2013-montagnes-darchives-1024x469.jpg\" alt=\"\" width=\"1024\" height=\"469\" \/><\/a><p id=\"caption-attachment-89126\" class=\"wp-caption-text\">Chaume Saint-Jacques, clich\u00e9 Simon REMY 2025.<\/p><\/div>\n<p>&nbsp;<\/p>\n<p><strong>Archiviste, sp\u00e9cialiste de l&rsquo;histoire du tourisme et du sport dans les Vosges, le G\u00e9r\u00f4mois Simon Remy a r\u00e9cemment publi\u00e9 sur son site <em>Montagnes d&rsquo;Archives<\/em> une s\u00e9rie d\u2019articles sur la chute du maquis de G\u00e9rardmer en juin-juillet 1944.<\/strong><\/p>\n<p>Trois \u00e9pisodes qui constituent le fruit d\u2019un long travail d\u2019archives et de recherches en vue de mettre \u00e0 jour nos connaissances sur cet \u00e9pisode douloureux et important de la Seconde Guerre mondiale. Sans \u00eatre exhaustif, Simon Remy a notamment ainsi puis\u00e9 dans les archives nationales et d\u00e9partementales des Vosges et de Meurthe-et-Moselle, ainsi que dans le service historique de la D\u00e9fense. Il vous offre une plong\u00e9e dans un pan de l&rsquo;histoire locale particuli\u00e8rement marquant, le tout avec pr\u00e9cisions s&rsquo;appuyant sur des documents divers et vari\u00e9s afin d&rsquo;apporter un \u00e9clairage particuli\u00e8rement riche et complet sur le sujet trait\u00e9.<\/p>\n<p>Retrouvez la s\u00e9rie d&rsquo;articles sur le site Montagnes d&rsquo;Archives\u00a0 : <a href=\"https:\/\/www.montagnesdarchives.fr\/category\/la-chute-du-maquis-de-saint-jacques\/\">https:\/\/www.montagnesdarchives.fr\/category\/la-chute-du-maquis-de-saint-jacques\/<\/a><\/p>\n","protected":false},"excerpt":{"rendered":"<p>&nbsp; Archiviste, sp\u00e9cialiste de l&rsquo;histoire du tourisme et du sport dans les Vosges, le G\u00e9r\u00f4mois Simon Remy a r\u00e9cemment publi\u00e9 [&hellip;]<\/p>\n","protected":false},"author":391,"featured_media":32989,"comment_status":"open","ping_status":"open","sticky":false,"template":"","format":"standard","meta":{"footnotes":""},"categories":[29,383,294,380,381,384],"tags":[9120,9121],"class_list":["post-32988","post","type-post","status-publish","format-standard","has-post-thumbnail","hentry","category-a-la-une","category-epinal","category-gerardmer","category-la-plaine-des-vosges","category-remiremont","category-saint-die","tag-montagnes-darchives","tag-simin-remy"],"acf":[],"yoast_head":"<!-- This site is optimized with the Yoast SEO plugin v22.5 - https:\/\/yoast.com\/wordpress\/plugins\/seo\/ -->\n<title>Histoire - Retour sur la chute du maquis de Saint-Jacques avec Simon Remy - La Plaine des Vosges<\/title>\n<meta name=\"robots\" content=\"index, follow, max-snippet:-1, max-image-preview:large, max-video-preview:-1\" \/>\n<link rel=\"canonical\" href=\"https:\/\/vosgesinfo.fr\/laplainedesvosgesinfo\/2026\/03\/histoire-retour-sur-la-chute-du-maquis-de-saint-jacques-avec-simon-remy\/\" \/>\n<meta name=\"twitter:card\" content=\"summary_large_image\" \/>\n<meta name=\"twitter:title\" content=\"Histoire - Retour sur la chute du maquis de Saint-Jacques avec Simon Remy - La Plaine des Vosges\" \/>\n<meta name=\"twitter:description\" content=\"&nbsp; Archiviste, sp\u00e9cialiste de l&rsquo;histoire du tourisme et du sport dans les Vosges, le G\u00e9r\u00f4mois Simon Remy a r\u00e9cemment publi\u00e9 [&hellip;]\" \/>\n<meta name=\"twitter:image\" content=\"https:\/\/vosgesinfo.fr\/app\/uploads\/sites\/2\/2026\/03\/screenshot-2026-03-16-at-16-59-51-le-temps-de-la-justice-episode-3-3-\u2013-montagnes-darchives.jpg\" \/>\n<meta name=\"twitter:creator\" content=\"@VosgesInfo88\" \/>\n<meta name=\"twitter:site\" content=\"@VosgesInfo88\" \/>\n<meta name=\"twitter:label1\" content=\"\u00c9crit par\" \/>\n\t<meta name=\"twitter:data1\" content=\"La redaction\" \/>\n\t<meta name=\"twitter:label2\" content=\"Dur\u00e9e de lecture estim\u00e9e\" \/>\n\t<meta name=\"twitter:data2\" content=\"1 minute\" \/>\n<script type=\"application\/ld+json\" class=\"yoast-schema-graph\">{\"@context\":\"https:\/\/schema.org\",\"@graph\":[{\"@type\":\"Article\",\"@id\":\"https:\/\/vosgesinfo.fr\/laplainedesvosgesinfo\/2026\/03\/histoire-retour-sur-la-chute-du-maquis-de-saint-jacques-avec-simon-remy\/#article\",\"isPartOf\":{\"@id\":\"https:\/\/vosgesinfo.fr\/laplainedesvosgesinfo\/2026\/03\/histoire-retour-sur-la-chute-du-maquis-de-saint-jacques-avec-simon-remy\/\"},\"author\":{\"name\":\"La redaction\",\"@id\":\"https:\/\/vosgesinfo.fr\/laplainedesvosgesinfo\/#\/schema\/person\/27a3695b06db98895b354c0765cdfc31\"},\"headline\":\"Histoire &#8211; Retour sur la chute du maquis de Saint-Jacques avec Simon Remy\",\"datePublished\":\"2026-03-17T04:58:59+00:00\",\"dateModified\":\"2026-03-17T04:58:59+00:00\",\"mainEntityOfPage\":{\"@id\":\"https:\/\/vosgesinfo.fr\/laplainedesvosgesinfo\/2026\/03\/histoire-retour-sur-la-chute-du-maquis-de-saint-jacques-avec-simon-remy\/\"},\"wordCount\":197,\"commentCount\":0,\"publisher\":{\"@id\":\"https:\/\/vosgesinfo.fr\/laplainedesvosgesinfo\/#organization\"},\"image\":{\"@id\":\"https:\/\/vosgesinfo.fr\/laplainedesvosgesinfo\/2026\/03\/histoire-retour-sur-la-chute-du-maquis-de-saint-jacques-avec-simon-remy\/#primaryimage\"},\"thumbnailUrl\":\"https:\/\/vosgesinfo.fr\/app\/uploads\/sites\/2\/2026\/03\/screenshot-2026-03-16-at-16-59-51-le-temps-de-la-justice-episode-3-3-\u2013-montagnes-darchives.jpg\",\"keywords\":[\"Montagnes d'Archives\",\"Simin Remy\"],\"articleSection\":[\"A la Une\",\"Epinal\",\"G\u00e9rardmer\",\"La plaine des vosges\",\"Remiremont\",\"Saint-di\u00e9\"],\"inLanguage\":\"fr-FR\",\"potentialAction\":[{\"@type\":\"CommentAction\",\"name\":\"Comment\",\"target\":[\"https:\/\/vosgesinfo.fr\/laplainedesvosgesinfo\/2026\/03\/histoire-retour-sur-la-chute-du-maquis-de-saint-jacques-avec-simon-remy\/#respond\"]}]},{\"@type\":\"WebPage\",\"@id\":\"https:\/\/vosgesinfo.fr\/laplainedesvosgesinfo\/2026\/03\/histoire-retour-sur-la-chute-du-maquis-de-saint-jacques-avec-simon-remy\/\",\"url\":\"https:\/\/vosgesinfo.fr\/laplainedesvosgesinfo\/2026\/03\/histoire-retour-sur-la-chute-du-maquis-de-saint-jacques-avec-simon-remy\/\",\"name\":\"Histoire - Retour sur la chute du maquis de Saint-Jacques avec Simon Remy - La Plaine des Vosges\",\"isPartOf\":{\"@id\":\"https:\/\/vosgesinfo.fr\/laplainedesvosgesinfo\/#website\"},\"primaryImageOfPage\":{\"@id\":\"https:\/\/vosgesinfo.fr\/laplainedesvosgesinfo\/2026\/03\/histoire-retour-sur-la-chute-du-maquis-de-saint-jacques-avec-simon-remy\/#primaryimage\"},\"image\":{\"@id\":\"https:\/\/vosgesinfo.fr\/laplainedesvosgesinfo\/2026\/03\/histoire-retour-sur-la-chute-du-maquis-de-saint-jacques-avec-simon-remy\/#primaryimage\"},\"thumbnailUrl\":\"https:\/\/vosgesinfo.fr\/app\/uploads\/sites\/2\/2026\/03\/screenshot-2026-03-16-at-16-59-51-le-temps-de-la-justice-episode-3-3-\u2013-montagnes-darchives.jpg\",\"datePublished\":\"2026-03-17T04:58:59+00:00\",\"dateModified\":\"2026-03-17T04:58:59+00:00\",\"breadcrumb\":{\"@id\":\"https:\/\/vosgesinfo.fr\/laplainedesvosgesinfo\/2026\/03\/histoire-retour-sur-la-chute-du-maquis-de-saint-jacques-avec-simon-remy\/#breadcrumb\"},\"inLanguage\":\"fr-FR\",\"potentialAction\":[{\"@type\":\"ReadAction\",\"target\":[\"https:\/\/vosgesinfo.fr\/laplainedesvosgesinfo\/2026\/03\/histoire-retour-sur-la-chute-du-maquis-de-saint-jacques-avec-simon-remy\/\"]}]},{\"@type\":\"ImageObject\",\"inLanguage\":\"fr-FR\",\"@id\":\"https:\/\/vosgesinfo.fr\/laplainedesvosgesinfo\/2026\/03\/histoire-retour-sur-la-chute-du-maquis-de-saint-jacques-avec-simon-remy\/#primaryimage\",\"url\":\"https:\/\/vosgesinfo.fr\/app\/uploads\/sites\/2\/2026\/03\/screenshot-2026-03-16-at-16-59-51-le-temps-de-la-justice-episode-3-3-\u2013-montagnes-darchives.jpg\",\"contentUrl\":\"https:\/\/vosgesinfo.fr\/app\/uploads\/sites\/2\/2026\/03\/screenshot-2026-03-16-at-16-59-51-le-temps-de-la-justice-episode-3-3-\u2013-montagnes-darchives.jpg\",\"width\":1200,\"height\":550},{\"@type\":\"BreadcrumbList\",\"@id\":\"https:\/\/vosgesinfo.fr\/laplainedesvosgesinfo\/2026\/03\/histoire-retour-sur-la-chute-du-maquis-de-saint-jacques-avec-simon-remy\/#breadcrumb\",\"itemListElement\":[{\"@type\":\"ListItem\",\"position\":1,\"name\":\"Home\",\"item\":\"https:\/\/vosgesinfo.fr\/laplainedesvosgesinfo\/\"},{\"@type\":\"ListItem\",\"position\":2,\"name\":\"Histoire &#8211; Retour sur la chute du maquis de Saint-Jacques avec Simon Remy\"}]},{\"@type\":\"WebSite\",\"@id\":\"https:\/\/vosgesinfo.fr\/laplainedesvosgesinfo\/#website\",\"url\":\"https:\/\/vosgesinfo.fr\/laplainedesvosgesinfo\/\",\"name\":\"La Plaine des Vosges\",\"description\":\"Toute l&#039;actualit\u00e9 de la plaine de Vosges\",\"publisher\":{\"@id\":\"https:\/\/vosgesinfo.fr\/laplainedesvosgesinfo\/#organization\"},\"alternateName\":\"Toute l'actualit\u00e9 de la plaine des Vosges\",\"potentialAction\":[{\"@type\":\"SearchAction\",\"target\":{\"@type\":\"EntryPoint\",\"urlTemplate\":\"https:\/\/vosgesinfo.fr\/laplainedesvosgesinfo\/?s={search_term_string}\"},\"query-input\":\"required name=search_term_string\"}],\"inLanguage\":\"fr-FR\"},{\"@type\":\"Organization\",\"@id\":\"https:\/\/vosgesinfo.fr\/laplainedesvosgesinfo\/#organization\",\"name\":\"La Plaine des Vosges\",\"url\":\"https:\/\/vosgesinfo.fr\/laplainedesvosgesinfo\/\",\"logo\":{\"@type\":\"ImageObject\",\"inLanguage\":\"fr-FR\",\"@id\":\"https:\/\/vosgesinfo.fr\/laplainedesvosgesinfo\/#\/schema\/logo\/image\/\",\"url\":\"https:\/\/vosgesinfo.fr\/app\/uploads\/sites\/2\/2023\/08\/logo-laplaineinfo.svg\",\"contentUrl\":\"https:\/\/vosgesinfo.fr\/app\/uploads\/sites\/2\/2023\/08\/logo-laplaineinfo.svg\",\"width\":1,\"height\":1,\"caption\":\"La Plaine des Vosges\"},\"image\":{\"@id\":\"https:\/\/vosgesinfo.fr\/laplainedesvosgesinfo\/#\/schema\/logo\/image\/\"},\"sameAs\":[\"https:\/\/www.facebook.com\/laplainedesvosges\",\"https:\/\/x.com\/VosgesInfo88\",\"https:\/\/www.youtube.com\/@vosgesinfo\"]},{\"@type\":\"Person\",\"@id\":\"https:\/\/vosgesinfo.fr\/laplainedesvosgesinfo\/#\/schema\/person\/27a3695b06db98895b354c0765cdfc31\",\"name\":\"La redaction\",\"image\":{\"@type\":\"ImageObject\",\"inLanguage\":\"fr-FR\",\"@id\":\"https:\/\/vosgesinfo.fr\/laplainedesvosgesinfo\/#\/schema\/person\/image\/\",\"url\":\"https:\/\/secure.gravatar.com\/avatar\/64c76a78e501cedee55736f43f332df901e1896ae9cd8fad269ae2236dd0e8b6?s=96&d=mm&r=g\",\"contentUrl\":\"https:\/\/secure.gravatar.com\/avatar\/64c76a78e501cedee55736f43f332df901e1896ae9cd8fad269ae2236dd0e8b6?s=96&d=mm&r=g\",\"caption\":\"La redaction\"},\"url\":\"https:\/\/vosgesinfo.fr\/laplainedesvosgesinfo\/author\/la-redaction\/\"}]}<\/script>\n<!-- \/ Yoast SEO plugin. -->","yoast_head_json":{"title":"Histoire - Retour sur la chute du maquis de Saint-Jacques avec Simon Remy - La Plaine des Vosges","robots":{"index":"index","follow":"follow","max-snippet":"max-snippet:-1","max-image-preview":"max-image-preview:large","max-video-preview":"max-video-preview:-1"},"canonical":"https:\/\/vosgesinfo.fr\/laplainedesvosgesinfo\/2026\/03\/histoire-retour-sur-la-chute-du-maquis-de-saint-jacques-avec-simon-remy\/","twitter_card":"summary_large_image","twitter_title":"Histoire - Retour sur la chute du maquis de Saint-Jacques avec Simon Remy - La Plaine des Vosges","twitter_description":"&nbsp; Archiviste, sp\u00e9cialiste de l&rsquo;histoire du tourisme et du sport dans les Vosges, le G\u00e9r\u00f4mois Simon Remy a r\u00e9cemment publi\u00e9 [&hellip;]","twitter_image":"https:\/\/vosgesinfo.fr\/app\/uploads\/sites\/2\/2026\/03\/screenshot-2026-03-16-at-16-59-51-le-temps-de-la-justice-episode-3-3-\u2013-montagnes-darchives.jpg","twitter_creator":"@VosgesInfo88","twitter_site":"@VosgesInfo88","twitter_misc":{"\u00c9crit par":"La redaction","Dur\u00e9e de lecture estim\u00e9e":"1 minute"},"schema":{"@context":"https:\/\/schema.org","@graph":[{"@type":"Article","@id":"https:\/\/vosgesinfo.fr\/laplainedesvosgesinfo\/2026\/03\/histoire-retour-sur-la-chute-du-maquis-de-saint-jacques-avec-simon-remy\/#article","isPartOf":{"@id":"https:\/\/vosgesinfo.fr\/laplainedesvosgesinfo\/2026\/03\/histoire-retour-sur-la-chute-du-maquis-de-saint-jacques-avec-simon-remy\/"},"author":{"name":"La redaction","@id":"https:\/\/vosgesinfo.fr\/laplainedesvosgesinfo\/#\/schema\/person\/27a3695b06db98895b354c0765cdfc31"},"headline":"Histoire &#8211; Retour sur la chute du maquis de Saint-Jacques avec Simon Remy","datePublished":"2026-03-17T04:58:59+00:00","dateModified":"2026-03-17T04:58:59+00:00","mainEntityOfPage":{"@id":"https:\/\/vosgesinfo.fr\/laplainedesvosgesinfo\/2026\/03\/histoire-retour-sur-la-chute-du-maquis-de-saint-jacques-avec-simon-remy\/"},"wordCount":197,"commentCount":0,"publisher":{"@id":"https:\/\/vosgesinfo.fr\/laplainedesvosgesinfo\/#organization"},"image":{"@id":"https:\/\/vosgesinfo.fr\/laplainedesvosgesinfo\/2026\/03\/histoire-retour-sur-la-chute-du-maquis-de-saint-jacques-avec-simon-remy\/#primaryimage"},"thumbnailUrl":"https:\/\/vosgesinfo.fr\/app\/uploads\/sites\/2\/2026\/03\/screenshot-2026-03-16-at-16-59-51-le-temps-de-la-justice-episode-3-3-\u2013-montagnes-darchives.jpg","keywords":["Montagnes d'Archives","Simin Remy"],"articleSection":["A la Une","Epinal","G\u00e9rardmer","La plaine des vosges","Remiremont","Saint-di\u00e9"],"inLanguage":"fr-FR","potentialAction":[{"@type":"CommentAction","name":"Comment","target":["https:\/\/vosgesinfo.fr\/laplainedesvosgesinfo\/2026\/03\/histoire-retour-sur-la-chute-du-maquis-de-saint-jacques-avec-simon-remy\/#respond"]}]},{"@type":"WebPage","@id":"https:\/\/vosgesinfo.fr\/laplainedesvosgesinfo\/2026\/03\/histoire-retour-sur-la-chute-du-maquis-de-saint-jacques-avec-simon-remy\/","url":"https:\/\/vosgesinfo.fr\/laplainedesvosgesinfo\/2026\/03\/histoire-retour-sur-la-chute-du-maquis-de-saint-jacques-avec-simon-remy\/","name":"Histoire - Retour sur la chute du maquis de Saint-Jacques avec Simon Remy - La Plaine des Vosges","isPartOf":{"@id":"https:\/\/vosgesinfo.fr\/laplainedesvosgesinfo\/#website"},"primaryImageOfPage":{"@id":"https:\/\/vosgesinfo.fr\/laplainedesvosgesinfo\/2026\/03\/histoire-retour-sur-la-chute-du-maquis-de-saint-jacques-avec-simon-remy\/#primaryimage"},"image":{"@id":"https:\/\/vosgesinfo.fr\/laplainedesvosgesinfo\/2026\/03\/histoire-retour-sur-la-chute-du-maquis-de-saint-jacques-avec-simon-remy\/#primaryimage"},"thumbnailUrl":"https:\/\/vosgesinfo.fr\/app\/uploads\/sites\/2\/2026\/03\/screenshot-2026-03-16-at-16-59-51-le-temps-de-la-justice-episode-3-3-\u2013-montagnes-darchives.jpg","datePublished":"2026-03-17T04:58:59+00:00","dateModified":"2026-03-17T04:58:59+00:00","breadcrumb":{"@id":"https:\/\/vosgesinfo.fr\/laplainedesvosgesinfo\/2026\/03\/histoire-retour-sur-la-chute-du-maquis-de-saint-jacques-avec-simon-remy\/#breadcrumb"},"inLanguage":"fr-FR","potentialAction":[{"@type":"ReadAction","target":["https:\/\/vosgesinfo.fr\/laplainedesvosgesinfo\/2026\/03\/histoire-retour-sur-la-chute-du-maquis-de-saint-jacques-avec-simon-remy\/"]}]},{"@type":"ImageObject","inLanguage":"fr-FR","@id":"https:\/\/vosgesinfo.fr\/laplainedesvosgesinfo\/2026\/03\/histoire-retour-sur-la-chute-du-maquis-de-saint-jacques-avec-simon-remy\/#primaryimage","url":"https:\/\/vosgesinfo.fr\/app\/uploads\/sites\/2\/2026\/03\/screenshot-2026-03-16-at-16-59-51-le-temps-de-la-justice-episode-3-3-\u2013-montagnes-darchives.jpg","contentUrl":"https:\/\/vosgesinfo.fr\/app\/uploads\/sites\/2\/2026\/03\/screenshot-2026-03-16-at-16-59-51-le-temps-de-la-justice-episode-3-3-\u2013-montagnes-darchives.jpg","width":1200,"height":550},{"@type":"BreadcrumbList","@id":"https:\/\/vosgesinfo.fr\/laplainedesvosgesinfo\/2026\/03\/histoire-retour-sur-la-chute-du-maquis-de-saint-jacques-avec-simon-remy\/#breadcrumb","itemListElement":[{"@type":"ListItem","position":1,"name":"Home","item":"https:\/\/vosgesinfo.fr\/laplainedesvosgesinfo\/"},{"@type":"ListItem","position":2,"name":"Histoire &#8211; Retour sur la chute du maquis de Saint-Jacques avec Simon Remy"}]},{"@type":"WebSite","@id":"https:\/\/vosgesinfo.fr\/laplainedesvosgesinfo\/#website","url":"https:\/\/vosgesinfo.fr\/laplainedesvosgesinfo\/","name":"La Plaine des Vosges","description":"Toute l&#039;actualit\u00e9 de la plaine de Vosges","publisher":{"@id":"https:\/\/vosgesinfo.fr\/laplainedesvosgesinfo\/#organization"},"alternateName":"Toute l'actualit\u00e9 de la plaine des Vosges","potentialAction":[{"@type":"SearchAction","target":{"@type":"EntryPoint","urlTemplate":"https:\/\/vosgesinfo.fr\/laplainedesvosgesinfo\/?s={search_term_string}"},"query-input":"required name=search_term_string"}],"inLanguage":"fr-FR"},{"@type":"Organization","@id":"https:\/\/vosgesinfo.fr\/laplainedesvosgesinfo\/#organization","name":"La Plaine des Vosges","url":"https:\/\/vosgesinfo.fr\/laplainedesvosgesinfo\/","logo":{"@type":"ImageObject","inLanguage":"fr-FR","@id":"https:\/\/vosgesinfo.fr\/laplainedesvosgesinfo\/#\/schema\/logo\/image\/","url":"https:\/\/vosgesinfo.fr\/app\/uploads\/sites\/2\/2023\/08\/logo-laplaineinfo.svg","contentUrl":"https:\/\/vosgesinfo.fr\/app\/uploads\/sites\/2\/2023\/08\/logo-laplaineinfo.svg","width":1,"height":1,"caption":"La Plaine des Vosges"},"image":{"@id":"https:\/\/vosgesinfo.fr\/laplainedesvosgesinfo\/#\/schema\/logo\/image\/"},"sameAs":["https:\/\/www.facebook.com\/laplainedesvosges","https:\/\/x.com\/VosgesInfo88","https:\/\/www.youtube.com\/@vosgesinfo"]},{"@type":"Person","@id":"https:\/\/vosgesinfo.fr\/laplainedesvosgesinfo\/#\/schema\/person\/27a3695b06db98895b354c0765cdfc31","name":"La redaction","image":{"@type":"ImageObject","inLanguage":"fr-FR","@id":"https:\/\/vosgesinfo.fr\/laplainedesvosgesinfo\/#\/schema\/person\/image\/","url":"https:\/\/secure.gravatar.com\/avatar\/64c76a78e501cedee55736f43f332df901e1896ae9cd8fad269ae2236dd0e8b6?s=96&d=mm&r=g","contentUrl":"https:\/\/secure.gravatar.com\/avatar\/64c76a78e501cedee55736f43f332df901e1896ae9cd8fad269ae2236dd0e8b6?s=96&d=mm&r=g","caption":"La redaction"},"url":"https:\/\/vosgesinfo.fr\/laplainedesvosgesinfo\/author\/la-redaction\/"}]}},"_links":{"self":[{"href":"https:\/\/vosgesinfo.fr\/laplainedesvosgesinfo\/wp-json\/wp\/v2\/posts\/32988","targetHints":{"allow":["GET"]}}],"collection":[{"href":"https:\/\/vosgesinfo.fr\/laplainedesvosgesinfo\/wp-json\/wp\/v2\/posts"}],"about":[{"href":"https:\/\/vosgesinfo.fr\/laplainedesvosgesinfo\/wp-json\/wp\/v2\/types\/post"}],"author":[{"embeddable":true,"href":"https:\/\/vosgesinfo.fr\/laplainedesvosgesinfo\/wp-json\/wp\/v2\/users\/391"}],"replies":[{"embeddable":true,"href":"https:\/\/vosgesinfo.fr\/laplainedesvosgesinfo\/wp-json\/wp\/v2\/comments?post=32988"}],"version-history":[{"count":1,"href":"https:\/\/vosgesinfo.fr\/laplainedesvosgesinfo\/wp-json\/wp\/v2\/posts\/32988\/revisions"}],"predecessor-version":[{"id":32992,"href":"https:\/\/vosgesinfo.fr\/laplainedesvosgesinfo\/wp-json\/wp\/v2\/posts\/32988\/revisions\/32992"}],"wp:featuredmedia":[{"embeddable":true,"href":"https:\/\/vosgesinfo.fr\/laplainedesvosgesinfo\/wp-json\/wp\/v2\/media\/32989"}],"wp:attachment":[{"href":"https:\/\/vosgesinfo.fr\/laplainedesvosgesinfo\/wp-json\/wp\/v2\/media?parent=32988"}],"wp:term":[{"taxonomy":"category","embeddable":true,"href":"https:\/\/vosgesinfo.fr\/laplainedesvosgesinfo\/wp-json\/wp\/v2\/categories?post=32988"},{"taxonomy":"post_tag","embeddable":true,"href":"https:\/\/vosgesinfo.fr\/laplainedesvosgesinfo\/wp-json\/wp\/v2\/tags?post=32988"}],"curies":[{"name":"wp","href":"https:\/\/api.w.org\/{rel}","templated":true}]}}