{"id":3338,"date":"2016-03-17T19:04:38","date_gmt":"2016-03-17T18:04:38","guid":{"rendered":"https:\/\/vosgesinfo.fr\/laplainedesvosgesinfo\/2016\/03\/deux-artisans-dun-jour-a-delisvosges-en-video\/"},"modified":"2016-03-17T19:04:38","modified_gmt":"2016-03-17T18:04:38","slug":"deux-artisans-dun-jour-a-delisvosges-en-video","status":"publish","type":"post","link":"https:\/\/vosgesinfo.fr\/laplainedesvosgesinfo\/2016\/03\/deux-artisans-dun-jour-a-delisvosges-en-video\/","title":{"rendered":"Deux artisans d&rsquo;un jour \u00e0 Delisvosges en vid\u00e9o"},"content":{"rendered":"<span class=\"removed_link\" title=\"\/2016\/03\/Vittel1-min.jpg\"><\/span> (Pascal Kneuss, Alain Roussel et Philippe Robert)\n<p style=\"text-align: justify;\"><strong>Alain Roussel, pr\u00e9sident d&rsquo;Epinal-C\u0153ur des Vosges et Pascal Kneuss, pr\u00e9sident de la Chambre de M\u00e9tiers et de l&rsquo;Artisanat des Vosges, ont rev\u00eatus toques et tabliers ce jeudi apr\u00e8s-midi \u00e0 l&rsquo;occasion de l&rsquo;op\u00e9ration \u00ab\u00a0Artisan d&rsquo;un jour\u00a0\u00bb.<\/strong><\/p>\n<p style=\"text-align: justify;\">Dans le cadre de la semaine de l&rsquo;artisanat, sept \u00e9lus vosgiens ont partag\u00e9 quelques heures avec un artisan. Dans l&rsquo;ouest vosgien, c&rsquo;est Sylvie et Philippe Robert, dirigeants de la confiserie Delisvosges qui ont montr\u00e9 leur quotidien.<\/p>\n<p style=\"text-align: justify;\">Ce moment de partage et d&rsquo;immersion compl\u00e8te a permis \u00e0 Alain Roussel et Pascal Kneuss de d\u00e9couvrir divers m\u00e9tiers exerc\u00e9s \u00e0 Delisvosges ainsi que son activit\u00e9 forte et vari\u00e9e. Le but de cette rencontre \u00e9tait aussi le partage d&rsquo;exp\u00e9rience et de savoir-faire.<\/p>\n<p style=\"text-align: justify;\">Apr\u00e8s une visite des locaux et une explication sur les diff\u00e9rents chocolats existants, Alain Roussel, tout comme Pascal Kneuss ont mis la main \u00e0 la p\u00e2te et se sont mis, l&rsquo;espace d&rsquo;un instant, dans la peau d&rsquo;un chocolatier.<\/p>\n<p><span class=\"removed_link\" title=\"\/2016\/03\/Vittel4-min.jpg\"><\/span><\/p>\n<p style=\"text-align: justify;\">Sylvie et Philippe Robert ont fond\u00e9 l&rsquo;entreprise Delisvosges en 1975. Lorsque certaines fabriques de bonbons se sont arr\u00eat\u00e9es dans les ann\u00e9es 70, l&rsquo;outillage et les moules ont \u00e9t\u00e9 rachet\u00e9s. Un peu plus tard, Philippe s&rsquo;est lui-m\u00eame lanc\u00e9 dans le m\u00e9tier de sucrecuitier, ouvrant son premier atelier \u00e0 Dombasle-devant-Darney. En 1997, l&rsquo;entreprise d\u00e9m\u00e9nage et s&rsquo;installe dans une ancienne fabrique de 1850 \u00e0 Darney afin de pouvoir accueillir le public avec l&rsquo;aide de Julien et Fabrice, leurs fils. C&rsquo;est en 2011 qu&rsquo;a ouvert la chocolaterie de Vittel. Au total, l&rsquo;entreprise compte une dizaine d&#8217;employ\u00e9s. Chaque ann\u00e9e, la confiserie accueille plus de 45 000 visiteurs sur le site de Darney, un atout pour le tourisme dans l&rsquo;ouest vosgien.<\/p>\n<p style=\"text-align: justify;\"><strong>Pour 2016, la confiserie Delisvosges souhaite cr\u00e9er une distillerie d&rsquo;huiles essentielles ainsi qu&rsquo;une production de fruits confits.<\/strong><\/p>\n<p style=\"text-align: justify;\">A.J.<\/p>\n<p>&nbsp;<\/p>\n<p>https:\/\/www.youtube.com\/watch?v=wn7FmjAES1o<\/p>\n","protected":false},"excerpt":{"rendered":"<p>Alain Roussel, pr\u00e9sident d&rsquo;Epinal-C\u0153ur des Vosges et Pascal Kneuss, pr\u00e9sident de la Chambre de M\u00e9tiers et de l&rsquo;Artisanat des Vosges, [&hellip;]<\/p>\n","protected":false},"author":1,"featured_media":0,"comment_status":"open","ping_status":"open","sticky":false,"template":"","format":"standard","meta":{"footnotes":""},"categories":[29,37,13,38],"tags":[556,592,593,557],"class_list":["post-3338","post","type-post","status-publish","format-standard","hentry","category-a-la-une","category-la-plaine","category-societe","category-vittel-la-plaine","tag-artisanat","tag-elus","tag-immersion","tag-visite"],"acf":[],"yoast_head":"<!-- This site is optimized with the Yoast SEO plugin v22.5 - https:\/\/yoast.com\/wordpress\/plugins\/seo\/ -->\n<title>Deux artisans d&#039;un jour \u00e0 Delisvosges en vid\u00e9o - La Plaine des Vosges<\/title>\n<meta name=\"robots\" content=\"index, follow, max-snippet:-1, max-image-preview:large, max-video-preview:-1\" \/>\n<link rel=\"canonical\" href=\"https:\/\/vosgesinfo.fr\/laplainedesvosgesinfo\/2016\/03\/deux-artisans-dun-jour-a-delisvosges-en-video\/\" \/>\n<meta name=\"twitter:card\" content=\"summary_large_image\" \/>\n<meta name=\"twitter:title\" content=\"Deux artisans d&#039;un jour \u00e0 Delisvosges en vid\u00e9o - La Plaine des Vosges\" \/>\n<meta name=\"twitter:description\" content=\"Alain Roussel, pr\u00e9sident d&rsquo;Epinal-C\u0153ur des Vosges et Pascal Kneuss, pr\u00e9sident de la Chambre de M\u00e9tiers et de l&rsquo;Artisanat des Vosges, [&hellip;]\" \/>\n<meta name=\"twitter:creator\" content=\"@VosgesInfo88\" \/>\n<meta name=\"twitter:site\" content=\"@VosgesInfo88\" \/>\n<meta name=\"twitter:label1\" content=\"\u00c9crit par\" \/>\n\t<meta name=\"twitter:data1\" content=\"qs_admin\" \/>\n\t<meta name=\"twitter:label2\" content=\"Dur\u00e9e de lecture estim\u00e9e\" \/>\n\t<meta name=\"twitter:data2\" content=\"2 minutes\" \/>\n<script type=\"application\/ld+json\" class=\"yoast-schema-graph\">{\"@context\":\"https:\/\/schema.org\",\"@graph\":[{\"@type\":\"Article\",\"@id\":\"https:\/\/vosgesinfo.fr\/laplainedesvosgesinfo\/2016\/03\/deux-artisans-dun-jour-a-delisvosges-en-video\/#article\",\"isPartOf\":{\"@id\":\"https:\/\/vosgesinfo.fr\/laplainedesvosgesinfo\/2016\/03\/deux-artisans-dun-jour-a-delisvosges-en-video\/\"},\"author\":{\"name\":\"qs_admin\",\"@id\":\"https:\/\/vosgesinfo.fr\/laplainedesvosgesinfo\/#\/schema\/person\/bc5d02d71e6932e81b6dadb7386667b1\"},\"headline\":\"Deux artisans d&rsquo;un jour \u00e0 Delisvosges en vid\u00e9o\",\"datePublished\":\"2016-03-17T18:04:38+00:00\",\"dateModified\":\"2016-03-17T18:04:38+00:00\",\"mainEntityOfPage\":{\"@id\":\"https:\/\/vosgesinfo.fr\/laplainedesvosgesinfo\/2016\/03\/deux-artisans-dun-jour-a-delisvosges-en-video\/\"},\"wordCount\":357,\"commentCount\":0,\"publisher\":{\"@id\":\"https:\/\/vosgesinfo.fr\/laplainedesvosgesinfo\/#organization\"},\"keywords\":[\"artisanat\",\"\u00e9lus\",\"immersion\",\"visite\"],\"articleSection\":[\"A la Une\",\"La Plaine\",\"Soci\u00e9t\u00e9\",\"Vittel\"],\"inLanguage\":\"fr-FR\",\"potentialAction\":[{\"@type\":\"CommentAction\",\"name\":\"Comment\",\"target\":[\"https:\/\/vosgesinfo.fr\/laplainedesvosgesinfo\/2016\/03\/deux-artisans-dun-jour-a-delisvosges-en-video\/#respond\"]}]},{\"@type\":\"WebPage\",\"@id\":\"https:\/\/vosgesinfo.fr\/laplainedesvosgesinfo\/2016\/03\/deux-artisans-dun-jour-a-delisvosges-en-video\/\",\"url\":\"https:\/\/vosgesinfo.fr\/laplainedesvosgesinfo\/2016\/03\/deux-artisans-dun-jour-a-delisvosges-en-video\/\",\"name\":\"Deux artisans d'un jour \u00e0 Delisvosges en vid\u00e9o - La Plaine des Vosges\",\"isPartOf\":{\"@id\":\"https:\/\/vosgesinfo.fr\/laplainedesvosgesinfo\/#website\"},\"datePublished\":\"2016-03-17T18:04:38+00:00\",\"dateModified\":\"2016-03-17T18:04:38+00:00\",\"breadcrumb\":{\"@id\":\"https:\/\/vosgesinfo.fr\/laplainedesvosgesinfo\/2016\/03\/deux-artisans-dun-jour-a-delisvosges-en-video\/#breadcrumb\"},\"inLanguage\":\"fr-FR\",\"potentialAction\":[{\"@type\":\"ReadAction\",\"target\":[\"https:\/\/vosgesinfo.fr\/laplainedesvosgesinfo\/2016\/03\/deux-artisans-dun-jour-a-delisvosges-en-video\/\"]}]},{\"@type\":\"BreadcrumbList\",\"@id\":\"https:\/\/vosgesinfo.fr\/laplainedesvosgesinfo\/2016\/03\/deux-artisans-dun-jour-a-delisvosges-en-video\/#breadcrumb\",\"itemListElement\":[{\"@type\":\"ListItem\",\"position\":1,\"name\":\"Home\",\"item\":\"https:\/\/vosgesinfo.fr\/laplainedesvosgesinfo\/\"},{\"@type\":\"ListItem\",\"position\":2,\"name\":\"Deux artisans d&rsquo;un jour \u00e0 Delisvosges en vid\u00e9o\"}]},{\"@type\":\"WebSite\",\"@id\":\"https:\/\/vosgesinfo.fr\/laplainedesvosgesinfo\/#website\",\"url\":\"https:\/\/vosgesinfo.fr\/laplainedesvosgesinfo\/\",\"name\":\"La Plaine des Vosges\",\"description\":\"Toute l&#039;actualit\u00e9 de la plaine de Vosges\",\"publisher\":{\"@id\":\"https:\/\/vosgesinfo.fr\/laplainedesvosgesinfo\/#organization\"},\"alternateName\":\"Toute l'actualit\u00e9 de la plaine des Vosges\",\"potentialAction\":[{\"@type\":\"SearchAction\",\"target\":{\"@type\":\"EntryPoint\",\"urlTemplate\":\"https:\/\/vosgesinfo.fr\/laplainedesvosgesinfo\/?s={search_term_string}\"},\"query-input\":\"required name=search_term_string\"}],\"inLanguage\":\"fr-FR\"},{\"@type\":\"Organization\",\"@id\":\"https:\/\/vosgesinfo.fr\/laplainedesvosgesinfo\/#organization\",\"name\":\"La Plaine des Vosges\",\"url\":\"https:\/\/vosgesinfo.fr\/laplainedesvosgesinfo\/\",\"logo\":{\"@type\":\"ImageObject\",\"inLanguage\":\"fr-FR\",\"@id\":\"https:\/\/vosgesinfo.fr\/laplainedesvosgesinfo\/#\/schema\/logo\/image\/\",\"url\":\"https:\/\/vosgesinfo.fr\/app\/uploads\/sites\/2\/2023\/08\/logo-laplaineinfo.svg\",\"contentUrl\":\"https:\/\/vosgesinfo.fr\/app\/uploads\/sites\/2\/2023\/08\/logo-laplaineinfo.svg\",\"width\":1,\"height\":1,\"caption\":\"La Plaine des Vosges\"},\"image\":{\"@id\":\"https:\/\/vosgesinfo.fr\/laplainedesvosgesinfo\/#\/schema\/logo\/image\/\"},\"sameAs\":[\"https:\/\/www.facebook.com\/laplainedesvosges\",\"https:\/\/x.com\/VosgesInfo88\",\"https:\/\/www.youtube.com\/@vosgesinfo\"]},{\"@type\":\"Person\",\"@id\":\"https:\/\/vosgesinfo.fr\/laplainedesvosgesinfo\/#\/schema\/person\/bc5d02d71e6932e81b6dadb7386667b1\",\"name\":\"qs_admin\",\"image\":{\"@type\":\"ImageObject\",\"inLanguage\":\"fr-FR\",\"@id\":\"https:\/\/vosgesinfo.fr\/laplainedesvosgesinfo\/#\/schema\/person\/image\/\",\"url\":\"https:\/\/secure.gravatar.com\/avatar\/94b18ee0ed79e4a42ea2f2931277b6841a8999fc6fde214600c78057cf1fe1de?s=96&d=mm&r=g\",\"contentUrl\":\"https:\/\/secure.gravatar.com\/avatar\/94b18ee0ed79e4a42ea2f2931277b6841a8999fc6fde214600c78057cf1fe1de?s=96&d=mm&r=g\",\"caption\":\"qs_admin\"},\"sameAs\":[\"https:\/\/vosgesinfo.fr\/wp\"],\"url\":\"https:\/\/vosgesinfo.fr\/laplainedesvosgesinfo\/author\/qs_admin\/\"}]}<\/script>\n<!-- \/ Yoast SEO plugin. -->","yoast_head_json":{"title":"Deux artisans d'un jour \u00e0 Delisvosges en vid\u00e9o - La Plaine des Vosges","robots":{"index":"index","follow":"follow","max-snippet":"max-snippet:-1","max-image-preview":"max-image-preview:large","max-video-preview":"max-video-preview:-1"},"canonical":"https:\/\/vosgesinfo.fr\/laplainedesvosgesinfo\/2016\/03\/deux-artisans-dun-jour-a-delisvosges-en-video\/","twitter_card":"summary_large_image","twitter_title":"Deux artisans d'un jour \u00e0 Delisvosges en vid\u00e9o - La Plaine des Vosges","twitter_description":"Alain Roussel, pr\u00e9sident d&rsquo;Epinal-C\u0153ur des Vosges et Pascal Kneuss, pr\u00e9sident de la Chambre de M\u00e9tiers et de l&rsquo;Artisanat des Vosges, [&hellip;]","twitter_creator":"@VosgesInfo88","twitter_site":"@VosgesInfo88","twitter_misc":{"\u00c9crit par":"qs_admin","Dur\u00e9e de lecture estim\u00e9e":"2 minutes"},"schema":{"@context":"https:\/\/schema.org","@graph":[{"@type":"Article","@id":"https:\/\/vosgesinfo.fr\/laplainedesvosgesinfo\/2016\/03\/deux-artisans-dun-jour-a-delisvosges-en-video\/#article","isPartOf":{"@id":"https:\/\/vosgesinfo.fr\/laplainedesvosgesinfo\/2016\/03\/deux-artisans-dun-jour-a-delisvosges-en-video\/"},"author":{"name":"qs_admin","@id":"https:\/\/vosgesinfo.fr\/laplainedesvosgesinfo\/#\/schema\/person\/bc5d02d71e6932e81b6dadb7386667b1"},"headline":"Deux artisans d&rsquo;un jour \u00e0 Delisvosges en vid\u00e9o","datePublished":"2016-03-17T18:04:38+00:00","dateModified":"2016-03-17T18:04:38+00:00","mainEntityOfPage":{"@id":"https:\/\/vosgesinfo.fr\/laplainedesvosgesinfo\/2016\/03\/deux-artisans-dun-jour-a-delisvosges-en-video\/"},"wordCount":357,"commentCount":0,"publisher":{"@id":"https:\/\/vosgesinfo.fr\/laplainedesvosgesinfo\/#organization"},"keywords":["artisanat","\u00e9lus","immersion","visite"],"articleSection":["A la Une","La Plaine","Soci\u00e9t\u00e9","Vittel"],"inLanguage":"fr-FR","potentialAction":[{"@type":"CommentAction","name":"Comment","target":["https:\/\/vosgesinfo.fr\/laplainedesvosgesinfo\/2016\/03\/deux-artisans-dun-jour-a-delisvosges-en-video\/#respond"]}]},{"@type":"WebPage","@id":"https:\/\/vosgesinfo.fr\/laplainedesvosgesinfo\/2016\/03\/deux-artisans-dun-jour-a-delisvosges-en-video\/","url":"https:\/\/vosgesinfo.fr\/laplainedesvosgesinfo\/2016\/03\/deux-artisans-dun-jour-a-delisvosges-en-video\/","name":"Deux artisans d'un jour \u00e0 Delisvosges en vid\u00e9o - La Plaine des Vosges","isPartOf":{"@id":"https:\/\/vosgesinfo.fr\/laplainedesvosgesinfo\/#website"},"datePublished":"2016-03-17T18:04:38+00:00","dateModified":"2016-03-17T18:04:38+00:00","breadcrumb":{"@id":"https:\/\/vosgesinfo.fr\/laplainedesvosgesinfo\/2016\/03\/deux-artisans-dun-jour-a-delisvosges-en-video\/#breadcrumb"},"inLanguage":"fr-FR","potentialAction":[{"@type":"ReadAction","target":["https:\/\/vosgesinfo.fr\/laplainedesvosgesinfo\/2016\/03\/deux-artisans-dun-jour-a-delisvosges-en-video\/"]}]},{"@type":"BreadcrumbList","@id":"https:\/\/vosgesinfo.fr\/laplainedesvosgesinfo\/2016\/03\/deux-artisans-dun-jour-a-delisvosges-en-video\/#breadcrumb","itemListElement":[{"@type":"ListItem","position":1,"name":"Home","item":"https:\/\/vosgesinfo.fr\/laplainedesvosgesinfo\/"},{"@type":"ListItem","position":2,"name":"Deux artisans d&rsquo;un jour \u00e0 Delisvosges en vid\u00e9o"}]},{"@type":"WebSite","@id":"https:\/\/vosgesinfo.fr\/laplainedesvosgesinfo\/#website","url":"https:\/\/vosgesinfo.fr\/laplainedesvosgesinfo\/","name":"La Plaine des Vosges","description":"Toute l&#039;actualit\u00e9 de la plaine de Vosges","publisher":{"@id":"https:\/\/vosgesinfo.fr\/laplainedesvosgesinfo\/#organization"},"alternateName":"Toute l'actualit\u00e9 de la plaine des Vosges","potentialAction":[{"@type":"SearchAction","target":{"@type":"EntryPoint","urlTemplate":"https:\/\/vosgesinfo.fr\/laplainedesvosgesinfo\/?s={search_term_string}"},"query-input":"required name=search_term_string"}],"inLanguage":"fr-FR"},{"@type":"Organization","@id":"https:\/\/vosgesinfo.fr\/laplainedesvosgesinfo\/#organization","name":"La Plaine des Vosges","url":"https:\/\/vosgesinfo.fr\/laplainedesvosgesinfo\/","logo":{"@type":"ImageObject","inLanguage":"fr-FR","@id":"https:\/\/vosgesinfo.fr\/laplainedesvosgesinfo\/#\/schema\/logo\/image\/","url":"https:\/\/vosgesinfo.fr\/app\/uploads\/sites\/2\/2023\/08\/logo-laplaineinfo.svg","contentUrl":"https:\/\/vosgesinfo.fr\/app\/uploads\/sites\/2\/2023\/08\/logo-laplaineinfo.svg","width":1,"height":1,"caption":"La Plaine des Vosges"},"image":{"@id":"https:\/\/vosgesinfo.fr\/laplainedesvosgesinfo\/#\/schema\/logo\/image\/"},"sameAs":["https:\/\/www.facebook.com\/laplainedesvosges","https:\/\/x.com\/VosgesInfo88","https:\/\/www.youtube.com\/@vosgesinfo"]},{"@type":"Person","@id":"https:\/\/vosgesinfo.fr\/laplainedesvosgesinfo\/#\/schema\/person\/bc5d02d71e6932e81b6dadb7386667b1","name":"qs_admin","image":{"@type":"ImageObject","inLanguage":"fr-FR","@id":"https:\/\/vosgesinfo.fr\/laplainedesvosgesinfo\/#\/schema\/person\/image\/","url":"https:\/\/secure.gravatar.com\/avatar\/94b18ee0ed79e4a42ea2f2931277b6841a8999fc6fde214600c78057cf1fe1de?s=96&d=mm&r=g","contentUrl":"https:\/\/secure.gravatar.com\/avatar\/94b18ee0ed79e4a42ea2f2931277b6841a8999fc6fde214600c78057cf1fe1de?s=96&d=mm&r=g","caption":"qs_admin"},"sameAs":["https:\/\/vosgesinfo.fr\/wp"],"url":"https:\/\/vosgesinfo.fr\/laplainedesvosgesinfo\/author\/qs_admin\/"}]}},"_links":{"self":[{"href":"https:\/\/vosgesinfo.fr\/laplainedesvosgesinfo\/wp-json\/wp\/v2\/posts\/3338","targetHints":{"allow":["GET"]}}],"collection":[{"href":"https:\/\/vosgesinfo.fr\/laplainedesvosgesinfo\/wp-json\/wp\/v2\/posts"}],"about":[{"href":"https:\/\/vosgesinfo.fr\/laplainedesvosgesinfo\/wp-json\/wp\/v2\/types\/post"}],"author":[{"embeddable":true,"href":"https:\/\/vosgesinfo.fr\/laplainedesvosgesinfo\/wp-json\/wp\/v2\/users\/1"}],"replies":[{"embeddable":true,"href":"https:\/\/vosgesinfo.fr\/laplainedesvosgesinfo\/wp-json\/wp\/v2\/comments?post=3338"}],"version-history":[{"count":0,"href":"https:\/\/vosgesinfo.fr\/laplainedesvosgesinfo\/wp-json\/wp\/v2\/posts\/3338\/revisions"}],"wp:attachment":[{"href":"https:\/\/vosgesinfo.fr\/laplainedesvosgesinfo\/wp-json\/wp\/v2\/media?parent=3338"}],"wp:term":[{"taxonomy":"category","embeddable":true,"href":"https:\/\/vosgesinfo.fr\/laplainedesvosgesinfo\/wp-json\/wp\/v2\/categories?post=3338"},{"taxonomy":"post_tag","embeddable":true,"href":"https:\/\/vosgesinfo.fr\/laplainedesvosgesinfo\/wp-json\/wp\/v2\/tags?post=3338"}],"curies":[{"name":"wp","href":"https:\/\/api.w.org\/{rel}","templated":true}]}}