{"id":33477,"date":"2026-04-27T09:29:22","date_gmt":"2026-04-27T07:29:22","guid":{"rendered":"https:\/\/vosgesinfo.fr\/laplainedesvosgesinfo\/2026\/04\/premiere-condamnation-a-de-la-prison-ferme-pour-un-fraudeur-a-la-consommation-delectricite\/"},"modified":"2026-04-27T09:29:22","modified_gmt":"2026-04-27T07:29:22","slug":"premiere-condamnation-a-de-la-prison-ferme-pour-un-fraudeur-a-la-consommation-delectricite","status":"publish","type":"post","link":"https:\/\/vosgesinfo.fr\/laplainedesvosgesinfo\/2026\/04\/premiere-condamnation-a-de-la-prison-ferme-pour-un-fraudeur-a-la-consommation-delectricite\/","title":{"rendered":"Premi\u00e8re condamnation \u00e0 de la prison ferme pour un fraudeur \u00e0 la consommation d&rsquo;\u00e9lectricit\u00e9"},"content":{"rendered":"<h2 class=\"x_MsoNormal\" data-olk-copy-source=\"MessageBody\"><strong><a href=\"https:\/\/vosgesinfo.fr\/app\/uploads\/sites\/3\/2025\/12\/electricite-ampoule.jpg\"><img decoding=\"async\" class=\"aligncenter size-full wp-image-137791\" src=\"https:\/\/vosgesinfo.fr\/app\/uploads\/sites\/3\/2025\/12\/electricite-ampoule.jpg\" alt=\"\" width=\"960\" height=\"640\" \/><\/a>Fin mars, le tribunal judiciaire de Nancy a condamn\u00e9 un individu \u00e0 9 mois d\u2019emprisonnement ferme pour complicit\u00e9 d\u2019escroquerie \u00e0 la consommation d\u2019\u00e9lectricit\u00e9. Il proposait, via les r\u00e9seaux sociaux, des installations frauduleuses sur les compteurs \u00e9lectriques et formait d\u2019autres personnes \u00e0 ces pratiques ill\u00e9gales. Il s\u2019agit de la premi\u00e8re peine de prison ferme prononc\u00e9e au titre du plan national de lutte contre la fraude \u00e0 l\u2019\u00e9lectricit\u00e9 d\u2019Enedis, lanc\u00e9 en 2024.<\/strong><\/h2>\n<p class=\"x_MsoNormal\" aria-hidden=\"true\">\n<p class=\"x_MsoNormal\">Cette condamnation est le r\u00e9sultat d\u2019une coop\u00e9ration \u00e9troite et continue entre Enedis et la Gendarmerie nationale, notamment en Lorraine. Enedis, plaignante et partie civile dans cette affaire, salue le travail d\u2019enqu\u00eate approfondi ayant permis l\u2019\u00e9tablissement des faits et le renvoi du pr\u00e9venu devant la justice.<\/p>\n<p class=\"x_MsoNormal\"><b>Pour l\u2019entreprise, cette d\u00e9cision constitue un signal judiciaire fort<\/b><b>\u202f:<\/b> <b>la fraude \u00e0 l\u2019\u00e9lectricit\u00e9 n\u2019est pas une infraction mineure mais un d\u00e9lit p\u00e9nal s\u00e9v\u00e8rement sanctionn\u00e9, passible de peines de prison ferme pouvant aller jusqu\u2019\u00e0 cinq ans.<\/b> Elle expose \u00e9galement ses auteurs \u00e0 <b>des amendes pouvant atteindre 75<\/b><b>\u202f000<\/b><b>\u202feuros pour vol d\u2019\u00e9nergie et 375<\/b><b>\u202f000<\/b><b>\u202feuros pour escroquerie, <\/b>montants pouvant \u00eatre <b>multipli\u00e9s par cinq pour les personnes morales.<\/b><\/p>\n<p class=\"x_MsoNormal\" aria-hidden=\"true\">\n<p class=\"x_MsoNormal\"><b>Au\u2011del\u00e0 de l\u2019aspect judiciaire, ces pratiques sont dangereuses.<\/b> Les manipulations frauduleuses exposent les occupants, les riverains et les techniciens intervenant sur les installations \u00e0 <b>des risques \u00e9lev\u00e9s d\u2019\u00e9lectrisation et d\u2019incendie.<\/b><\/p>\n<p class=\"x_MsoNormal\" aria-hidden=\"true\">\n<p class=\"x_MsoNormal\"><b>Enedis poursuit une politique de tol\u00e9rance z\u00e9ro face \u00e0 la fraude.<\/b> Toute situation av\u00e9r\u00e9e fait l\u2019objet d\u2019un signalement au Procureur de la R\u00e9publique et l\u2019entreprise se constitue syst\u00e9matiquement partie civile.<\/p>\n","protected":false},"excerpt":{"rendered":"<p>Fin mars, le tribunal judiciaire de Nancy a condamn\u00e9 un individu \u00e0 9 mois d\u2019emprisonnement ferme pour complicit\u00e9 d\u2019escroquerie \u00e0 [&hellip;]<\/p>\n","protected":false},"author":52,"featured_media":33478,"comment_status":"open","ping_status":"open","sticky":false,"template":"","format":"standard","meta":{"footnotes":""},"categories":[29,383,294,380,381,384],"tags":[],"class_list":["post-33477","post","type-post","status-publish","format-standard","has-post-thumbnail","hentry","category-a-la-une","category-epinal","category-gerardmer","category-la-plaine-des-vosges","category-remiremont","category-saint-die"],"acf":[],"yoast_head":"<!-- This site is optimized with the Yoast SEO plugin v22.5 - https:\/\/yoast.com\/wordpress\/plugins\/seo\/ -->\n<title>Premi\u00e8re condamnation \u00e0 de la prison ferme pour un fraudeur \u00e0 la consommation d&#039;\u00e9lectricit\u00e9 - La Plaine des Vosges<\/title>\n<meta name=\"robots\" content=\"index, follow, max-snippet:-1, max-image-preview:large, max-video-preview:-1\" \/>\n<link rel=\"canonical\" href=\"https:\/\/vosgesinfo.fr\/laplainedesvosgesinfo\/2026\/04\/premiere-condamnation-a-de-la-prison-ferme-pour-un-fraudeur-a-la-consommation-delectricite\/\" \/>\n<meta name=\"twitter:card\" content=\"summary_large_image\" \/>\n<meta name=\"twitter:title\" content=\"Premi\u00e8re condamnation \u00e0 de la prison ferme pour un fraudeur \u00e0 la consommation d&#039;\u00e9lectricit\u00e9 - La Plaine des Vosges\" \/>\n<meta name=\"twitter:description\" content=\"Fin mars, le tribunal judiciaire de Nancy a condamn\u00e9 un individu \u00e0 9 mois d\u2019emprisonnement ferme pour complicit\u00e9 d\u2019escroquerie \u00e0 [&hellip;]\" \/>\n<meta name=\"twitter:image\" content=\"https:\/\/vosgesinfo.fr\/app\/uploads\/sites\/2\/2026\/04\/electricite-ampoule.jpg\" \/>\n<meta name=\"twitter:creator\" content=\"@VosgesInfo88\" \/>\n<meta name=\"twitter:site\" content=\"@VosgesInfo88\" \/>\n<meta name=\"twitter:label1\" content=\"\u00c9crit par\" \/>\n\t<meta name=\"twitter:data1\" content=\"C.K.\" \/>\n\t<meta name=\"twitter:label2\" content=\"Dur\u00e9e de lecture estim\u00e9e\" \/>\n\t<meta name=\"twitter:data2\" content=\"1 minute\" \/>\n<script type=\"application\/ld+json\" class=\"yoast-schema-graph\">{\"@context\":\"https:\/\/schema.org\",\"@graph\":[{\"@type\":\"Article\",\"@id\":\"https:\/\/vosgesinfo.fr\/laplainedesvosgesinfo\/2026\/04\/premiere-condamnation-a-de-la-prison-ferme-pour-un-fraudeur-a-la-consommation-delectricite\/#article\",\"isPartOf\":{\"@id\":\"https:\/\/vosgesinfo.fr\/laplainedesvosgesinfo\/2026\/04\/premiere-condamnation-a-de-la-prison-ferme-pour-un-fraudeur-a-la-consommation-delectricite\/\"},\"author\":{\"name\":\"C.K.\",\"@id\":\"https:\/\/vosgesinfo.fr\/laplainedesvosgesinfo\/#\/schema\/person\/6f9a650eeea99d969b6c4ab78fccbe81\"},\"headline\":\"Premi\u00e8re condamnation \u00e0 de la prison ferme pour un fraudeur \u00e0 la consommation d&rsquo;\u00e9lectricit\u00e9\",\"datePublished\":\"2026-04-27T07:29:22+00:00\",\"dateModified\":\"2026-04-27T07:29:22+00:00\",\"mainEntityOfPage\":{\"@id\":\"https:\/\/vosgesinfo.fr\/laplainedesvosgesinfo\/2026\/04\/premiere-condamnation-a-de-la-prison-ferme-pour-un-fraudeur-a-la-consommation-delectricite\/\"},\"wordCount\":284,\"commentCount\":0,\"publisher\":{\"@id\":\"https:\/\/vosgesinfo.fr\/laplainedesvosgesinfo\/#organization\"},\"image\":{\"@id\":\"https:\/\/vosgesinfo.fr\/laplainedesvosgesinfo\/2026\/04\/premiere-condamnation-a-de-la-prison-ferme-pour-un-fraudeur-a-la-consommation-delectricite\/#primaryimage\"},\"thumbnailUrl\":\"https:\/\/vosgesinfo.fr\/app\/uploads\/sites\/2\/2026\/04\/electricite-ampoule.jpg\",\"articleSection\":[\"A la Une\",\"Epinal\",\"G\u00e9rardmer\",\"La plaine des vosges\",\"Remiremont\",\"Saint-di\u00e9\"],\"inLanguage\":\"fr-FR\",\"potentialAction\":[{\"@type\":\"CommentAction\",\"name\":\"Comment\",\"target\":[\"https:\/\/vosgesinfo.fr\/laplainedesvosgesinfo\/2026\/04\/premiere-condamnation-a-de-la-prison-ferme-pour-un-fraudeur-a-la-consommation-delectricite\/#respond\"]}]},{\"@type\":\"WebPage\",\"@id\":\"https:\/\/vosgesinfo.fr\/laplainedesvosgesinfo\/2026\/04\/premiere-condamnation-a-de-la-prison-ferme-pour-un-fraudeur-a-la-consommation-delectricite\/\",\"url\":\"https:\/\/vosgesinfo.fr\/laplainedesvosgesinfo\/2026\/04\/premiere-condamnation-a-de-la-prison-ferme-pour-un-fraudeur-a-la-consommation-delectricite\/\",\"name\":\"Premi\u00e8re condamnation \u00e0 de la prison ferme pour un fraudeur \u00e0 la consommation d'\u00e9lectricit\u00e9 - La Plaine des Vosges\",\"isPartOf\":{\"@id\":\"https:\/\/vosgesinfo.fr\/laplainedesvosgesinfo\/#website\"},\"primaryImageOfPage\":{\"@id\":\"https:\/\/vosgesinfo.fr\/laplainedesvosgesinfo\/2026\/04\/premiere-condamnation-a-de-la-prison-ferme-pour-un-fraudeur-a-la-consommation-delectricite\/#primaryimage\"},\"image\":{\"@id\":\"https:\/\/vosgesinfo.fr\/laplainedesvosgesinfo\/2026\/04\/premiere-condamnation-a-de-la-prison-ferme-pour-un-fraudeur-a-la-consommation-delectricite\/#primaryimage\"},\"thumbnailUrl\":\"https:\/\/vosgesinfo.fr\/app\/uploads\/sites\/2\/2026\/04\/electricite-ampoule.jpg\",\"datePublished\":\"2026-04-27T07:29:22+00:00\",\"dateModified\":\"2026-04-27T07:29:22+00:00\",\"breadcrumb\":{\"@id\":\"https:\/\/vosgesinfo.fr\/laplainedesvosgesinfo\/2026\/04\/premiere-condamnation-a-de-la-prison-ferme-pour-un-fraudeur-a-la-consommation-delectricite\/#breadcrumb\"},\"inLanguage\":\"fr-FR\",\"potentialAction\":[{\"@type\":\"ReadAction\",\"target\":[\"https:\/\/vosgesinfo.fr\/laplainedesvosgesinfo\/2026\/04\/premiere-condamnation-a-de-la-prison-ferme-pour-un-fraudeur-a-la-consommation-delectricite\/\"]}]},{\"@type\":\"ImageObject\",\"inLanguage\":\"fr-FR\",\"@id\":\"https:\/\/vosgesinfo.fr\/laplainedesvosgesinfo\/2026\/04\/premiere-condamnation-a-de-la-prison-ferme-pour-un-fraudeur-a-la-consommation-delectricite\/#primaryimage\",\"url\":\"https:\/\/vosgesinfo.fr\/app\/uploads\/sites\/2\/2026\/04\/electricite-ampoule.jpg\",\"contentUrl\":\"https:\/\/vosgesinfo.fr\/app\/uploads\/sites\/2\/2026\/04\/electricite-ampoule.jpg\",\"width\":960,\"height\":640},{\"@type\":\"BreadcrumbList\",\"@id\":\"https:\/\/vosgesinfo.fr\/laplainedesvosgesinfo\/2026\/04\/premiere-condamnation-a-de-la-prison-ferme-pour-un-fraudeur-a-la-consommation-delectricite\/#breadcrumb\",\"itemListElement\":[{\"@type\":\"ListItem\",\"position\":1,\"name\":\"Home\",\"item\":\"https:\/\/vosgesinfo.fr\/laplainedesvosgesinfo\/\"},{\"@type\":\"ListItem\",\"position\":2,\"name\":\"Premi\u00e8re condamnation \u00e0 de la prison ferme pour un fraudeur \u00e0 la consommation d&rsquo;\u00e9lectricit\u00e9\"}]},{\"@type\":\"WebSite\",\"@id\":\"https:\/\/vosgesinfo.fr\/laplainedesvosgesinfo\/#website\",\"url\":\"https:\/\/vosgesinfo.fr\/laplainedesvosgesinfo\/\",\"name\":\"La Plaine des Vosges\",\"description\":\"Toute l&#039;actualit\u00e9 de la plaine de Vosges\",\"publisher\":{\"@id\":\"https:\/\/vosgesinfo.fr\/laplainedesvosgesinfo\/#organization\"},\"alternateName\":\"Toute l'actualit\u00e9 de la plaine des Vosges\",\"potentialAction\":[{\"@type\":\"SearchAction\",\"target\":{\"@type\":\"EntryPoint\",\"urlTemplate\":\"https:\/\/vosgesinfo.fr\/laplainedesvosgesinfo\/?s={search_term_string}\"},\"query-input\":\"required name=search_term_string\"}],\"inLanguage\":\"fr-FR\"},{\"@type\":\"Organization\",\"@id\":\"https:\/\/vosgesinfo.fr\/laplainedesvosgesinfo\/#organization\",\"name\":\"La Plaine des Vosges\",\"url\":\"https:\/\/vosgesinfo.fr\/laplainedesvosgesinfo\/\",\"logo\":{\"@type\":\"ImageObject\",\"inLanguage\":\"fr-FR\",\"@id\":\"https:\/\/vosgesinfo.fr\/laplainedesvosgesinfo\/#\/schema\/logo\/image\/\",\"url\":\"https:\/\/vosgesinfo.fr\/app\/uploads\/sites\/2\/2023\/08\/logo-laplaineinfo.svg\",\"contentUrl\":\"https:\/\/vosgesinfo.fr\/app\/uploads\/sites\/2\/2023\/08\/logo-laplaineinfo.svg\",\"width\":1,\"height\":1,\"caption\":\"La Plaine des Vosges\"},\"image\":{\"@id\":\"https:\/\/vosgesinfo.fr\/laplainedesvosgesinfo\/#\/schema\/logo\/image\/\"},\"sameAs\":[\"https:\/\/www.facebook.com\/laplainedesvosges\",\"https:\/\/x.com\/VosgesInfo88\",\"https:\/\/www.youtube.com\/@vosgesinfo\"]},{\"@type\":\"Person\",\"@id\":\"https:\/\/vosgesinfo.fr\/laplainedesvosgesinfo\/#\/schema\/person\/6f9a650eeea99d969b6c4ab78fccbe81\",\"name\":\"C.K.\",\"image\":{\"@type\":\"ImageObject\",\"inLanguage\":\"fr-FR\",\"@id\":\"https:\/\/vosgesinfo.fr\/laplainedesvosgesinfo\/#\/schema\/person\/image\/\",\"url\":\"https:\/\/secure.gravatar.com\/avatar\/48e3fc7f8421ba8942be6b74a2b7f014ca39bc00dece156b7a8e098ae7dc87bf?s=96&d=mm&r=g\",\"contentUrl\":\"https:\/\/secure.gravatar.com\/avatar\/48e3fc7f8421ba8942be6b74a2b7f014ca39bc00dece156b7a8e098ae7dc87bf?s=96&d=mm&r=g\",\"caption\":\"C.K.\"},\"url\":\"https:\/\/vosgesinfo.fr\/laplainedesvosgesinfo\/author\/celia-k-n\/\"}]}<\/script>\n<!-- \/ Yoast SEO plugin. -->","yoast_head_json":{"title":"Premi\u00e8re condamnation \u00e0 de la prison ferme pour un fraudeur \u00e0 la consommation d'\u00e9lectricit\u00e9 - La Plaine des Vosges","robots":{"index":"index","follow":"follow","max-snippet":"max-snippet:-1","max-image-preview":"max-image-preview:large","max-video-preview":"max-video-preview:-1"},"canonical":"https:\/\/vosgesinfo.fr\/laplainedesvosgesinfo\/2026\/04\/premiere-condamnation-a-de-la-prison-ferme-pour-un-fraudeur-a-la-consommation-delectricite\/","twitter_card":"summary_large_image","twitter_title":"Premi\u00e8re condamnation \u00e0 de la prison ferme pour un fraudeur \u00e0 la consommation d'\u00e9lectricit\u00e9 - La Plaine des Vosges","twitter_description":"Fin mars, le tribunal judiciaire de Nancy a condamn\u00e9 un individu \u00e0 9 mois d\u2019emprisonnement ferme pour complicit\u00e9 d\u2019escroquerie \u00e0 [&hellip;]","twitter_image":"https:\/\/vosgesinfo.fr\/app\/uploads\/sites\/2\/2026\/04\/electricite-ampoule.jpg","twitter_creator":"@VosgesInfo88","twitter_site":"@VosgesInfo88","twitter_misc":{"\u00c9crit par":"C.K.","Dur\u00e9e de lecture estim\u00e9e":"1 minute"},"schema":{"@context":"https:\/\/schema.org","@graph":[{"@type":"Article","@id":"https:\/\/vosgesinfo.fr\/laplainedesvosgesinfo\/2026\/04\/premiere-condamnation-a-de-la-prison-ferme-pour-un-fraudeur-a-la-consommation-delectricite\/#article","isPartOf":{"@id":"https:\/\/vosgesinfo.fr\/laplainedesvosgesinfo\/2026\/04\/premiere-condamnation-a-de-la-prison-ferme-pour-un-fraudeur-a-la-consommation-delectricite\/"},"author":{"name":"C.K.","@id":"https:\/\/vosgesinfo.fr\/laplainedesvosgesinfo\/#\/schema\/person\/6f9a650eeea99d969b6c4ab78fccbe81"},"headline":"Premi\u00e8re condamnation \u00e0 de la prison ferme pour un fraudeur \u00e0 la consommation d&rsquo;\u00e9lectricit\u00e9","datePublished":"2026-04-27T07:29:22+00:00","dateModified":"2026-04-27T07:29:22+00:00","mainEntityOfPage":{"@id":"https:\/\/vosgesinfo.fr\/laplainedesvosgesinfo\/2026\/04\/premiere-condamnation-a-de-la-prison-ferme-pour-un-fraudeur-a-la-consommation-delectricite\/"},"wordCount":284,"commentCount":0,"publisher":{"@id":"https:\/\/vosgesinfo.fr\/laplainedesvosgesinfo\/#organization"},"image":{"@id":"https:\/\/vosgesinfo.fr\/laplainedesvosgesinfo\/2026\/04\/premiere-condamnation-a-de-la-prison-ferme-pour-un-fraudeur-a-la-consommation-delectricite\/#primaryimage"},"thumbnailUrl":"https:\/\/vosgesinfo.fr\/app\/uploads\/sites\/2\/2026\/04\/electricite-ampoule.jpg","articleSection":["A la Une","Epinal","G\u00e9rardmer","La plaine des vosges","Remiremont","Saint-di\u00e9"],"inLanguage":"fr-FR","potentialAction":[{"@type":"CommentAction","name":"Comment","target":["https:\/\/vosgesinfo.fr\/laplainedesvosgesinfo\/2026\/04\/premiere-condamnation-a-de-la-prison-ferme-pour-un-fraudeur-a-la-consommation-delectricite\/#respond"]}]},{"@type":"WebPage","@id":"https:\/\/vosgesinfo.fr\/laplainedesvosgesinfo\/2026\/04\/premiere-condamnation-a-de-la-prison-ferme-pour-un-fraudeur-a-la-consommation-delectricite\/","url":"https:\/\/vosgesinfo.fr\/laplainedesvosgesinfo\/2026\/04\/premiere-condamnation-a-de-la-prison-ferme-pour-un-fraudeur-a-la-consommation-delectricite\/","name":"Premi\u00e8re condamnation \u00e0 de la prison ferme pour un fraudeur \u00e0 la consommation d'\u00e9lectricit\u00e9 - La Plaine des Vosges","isPartOf":{"@id":"https:\/\/vosgesinfo.fr\/laplainedesvosgesinfo\/#website"},"primaryImageOfPage":{"@id":"https:\/\/vosgesinfo.fr\/laplainedesvosgesinfo\/2026\/04\/premiere-condamnation-a-de-la-prison-ferme-pour-un-fraudeur-a-la-consommation-delectricite\/#primaryimage"},"image":{"@id":"https:\/\/vosgesinfo.fr\/laplainedesvosgesinfo\/2026\/04\/premiere-condamnation-a-de-la-prison-ferme-pour-un-fraudeur-a-la-consommation-delectricite\/#primaryimage"},"thumbnailUrl":"https:\/\/vosgesinfo.fr\/app\/uploads\/sites\/2\/2026\/04\/electricite-ampoule.jpg","datePublished":"2026-04-27T07:29:22+00:00","dateModified":"2026-04-27T07:29:22+00:00","breadcrumb":{"@id":"https:\/\/vosgesinfo.fr\/laplainedesvosgesinfo\/2026\/04\/premiere-condamnation-a-de-la-prison-ferme-pour-un-fraudeur-a-la-consommation-delectricite\/#breadcrumb"},"inLanguage":"fr-FR","potentialAction":[{"@type":"ReadAction","target":["https:\/\/vosgesinfo.fr\/laplainedesvosgesinfo\/2026\/04\/premiere-condamnation-a-de-la-prison-ferme-pour-un-fraudeur-a-la-consommation-delectricite\/"]}]},{"@type":"ImageObject","inLanguage":"fr-FR","@id":"https:\/\/vosgesinfo.fr\/laplainedesvosgesinfo\/2026\/04\/premiere-condamnation-a-de-la-prison-ferme-pour-un-fraudeur-a-la-consommation-delectricite\/#primaryimage","url":"https:\/\/vosgesinfo.fr\/app\/uploads\/sites\/2\/2026\/04\/electricite-ampoule.jpg","contentUrl":"https:\/\/vosgesinfo.fr\/app\/uploads\/sites\/2\/2026\/04\/electricite-ampoule.jpg","width":960,"height":640},{"@type":"BreadcrumbList","@id":"https:\/\/vosgesinfo.fr\/laplainedesvosgesinfo\/2026\/04\/premiere-condamnation-a-de-la-prison-ferme-pour-un-fraudeur-a-la-consommation-delectricite\/#breadcrumb","itemListElement":[{"@type":"ListItem","position":1,"name":"Home","item":"https:\/\/vosgesinfo.fr\/laplainedesvosgesinfo\/"},{"@type":"ListItem","position":2,"name":"Premi\u00e8re condamnation \u00e0 de la prison ferme pour un fraudeur \u00e0 la consommation d&rsquo;\u00e9lectricit\u00e9"}]},{"@type":"WebSite","@id":"https:\/\/vosgesinfo.fr\/laplainedesvosgesinfo\/#website","url":"https:\/\/vosgesinfo.fr\/laplainedesvosgesinfo\/","name":"La Plaine des Vosges","description":"Toute l&#039;actualit\u00e9 de la plaine de Vosges","publisher":{"@id":"https:\/\/vosgesinfo.fr\/laplainedesvosgesinfo\/#organization"},"alternateName":"Toute l'actualit\u00e9 de la plaine des Vosges","potentialAction":[{"@type":"SearchAction","target":{"@type":"EntryPoint","urlTemplate":"https:\/\/vosgesinfo.fr\/laplainedesvosgesinfo\/?s={search_term_string}"},"query-input":"required name=search_term_string"}],"inLanguage":"fr-FR"},{"@type":"Organization","@id":"https:\/\/vosgesinfo.fr\/laplainedesvosgesinfo\/#organization","name":"La Plaine des Vosges","url":"https:\/\/vosgesinfo.fr\/laplainedesvosgesinfo\/","logo":{"@type":"ImageObject","inLanguage":"fr-FR","@id":"https:\/\/vosgesinfo.fr\/laplainedesvosgesinfo\/#\/schema\/logo\/image\/","url":"https:\/\/vosgesinfo.fr\/app\/uploads\/sites\/2\/2023\/08\/logo-laplaineinfo.svg","contentUrl":"https:\/\/vosgesinfo.fr\/app\/uploads\/sites\/2\/2023\/08\/logo-laplaineinfo.svg","width":1,"height":1,"caption":"La Plaine des Vosges"},"image":{"@id":"https:\/\/vosgesinfo.fr\/laplainedesvosgesinfo\/#\/schema\/logo\/image\/"},"sameAs":["https:\/\/www.facebook.com\/laplainedesvosges","https:\/\/x.com\/VosgesInfo88","https:\/\/www.youtube.com\/@vosgesinfo"]},{"@type":"Person","@id":"https:\/\/vosgesinfo.fr\/laplainedesvosgesinfo\/#\/schema\/person\/6f9a650eeea99d969b6c4ab78fccbe81","name":"C.K.","image":{"@type":"ImageObject","inLanguage":"fr-FR","@id":"https:\/\/vosgesinfo.fr\/laplainedesvosgesinfo\/#\/schema\/person\/image\/","url":"https:\/\/secure.gravatar.com\/avatar\/48e3fc7f8421ba8942be6b74a2b7f014ca39bc00dece156b7a8e098ae7dc87bf?s=96&d=mm&r=g","contentUrl":"https:\/\/secure.gravatar.com\/avatar\/48e3fc7f8421ba8942be6b74a2b7f014ca39bc00dece156b7a8e098ae7dc87bf?s=96&d=mm&r=g","caption":"C.K."},"url":"https:\/\/vosgesinfo.fr\/laplainedesvosgesinfo\/author\/celia-k-n\/"}]}},"_links":{"self":[{"href":"https:\/\/vosgesinfo.fr\/laplainedesvosgesinfo\/wp-json\/wp\/v2\/posts\/33477","targetHints":{"allow":["GET"]}}],"collection":[{"href":"https:\/\/vosgesinfo.fr\/laplainedesvosgesinfo\/wp-json\/wp\/v2\/posts"}],"about":[{"href":"https:\/\/vosgesinfo.fr\/laplainedesvosgesinfo\/wp-json\/wp\/v2\/types\/post"}],"author":[{"embeddable":true,"href":"https:\/\/vosgesinfo.fr\/laplainedesvosgesinfo\/wp-json\/wp\/v2\/users\/52"}],"replies":[{"embeddable":true,"href":"https:\/\/vosgesinfo.fr\/laplainedesvosgesinfo\/wp-json\/wp\/v2\/comments?post=33477"}],"version-history":[{"count":0,"href":"https:\/\/vosgesinfo.fr\/laplainedesvosgesinfo\/wp-json\/wp\/v2\/posts\/33477\/revisions"}],"wp:featuredmedia":[{"embeddable":true,"href":"https:\/\/vosgesinfo.fr\/laplainedesvosgesinfo\/wp-json\/wp\/v2\/media\/33478"}],"wp:attachment":[{"href":"https:\/\/vosgesinfo.fr\/laplainedesvosgesinfo\/wp-json\/wp\/v2\/media?parent=33477"}],"wp:term":[{"taxonomy":"category","embeddable":true,"href":"https:\/\/vosgesinfo.fr\/laplainedesvosgesinfo\/wp-json\/wp\/v2\/categories?post=33477"},{"taxonomy":"post_tag","embeddable":true,"href":"https:\/\/vosgesinfo.fr\/laplainedesvosgesinfo\/wp-json\/wp\/v2\/tags?post=33477"}],"curies":[{"name":"wp","href":"https:\/\/api.w.org\/{rel}","templated":true}]}}