{"id":34526,"date":"2026-08-31T07:52:19","date_gmt":"2026-08-31T05:52:19","guid":{"rendered":"https:\/\/vosgesinfo.fr\/laplainedesvosgesinfo\/?p=34526"},"modified":"2026-08-31T07:52:19","modified_gmt":"2026-08-31T05:52:19","slug":"journees-europeennes-du-patrimoine-avec-evodia","status":"publish","type":"post","link":"https:\/\/vosgesinfo.fr\/laplainedesvosgesinfo\/2026\/08\/journees-europeennes-du-patrimoine-avec-evodia\/","title":{"rendered":"Journ\u00e9es europ\u00e9ennes du patrimoine avec EVODIA"},"content":{"rendered":"<h2><strong><a href=\"https:\/\/vosgesinfo.fr\/app\/uploads\/sites\/3\/2026\/08\/photo-premium.jpg\"><img decoding=\"async\" class=\"aligncenter size-full wp-image-144982\" src=\"https:\/\/vosgesinfo.fr\/app\/uploads\/sites\/3\/2026\/08\/photo-premium.jpg\" alt=\"\" width=\"1369\" height=\"769\" \/><\/a>Nous les d\u00e9posons dans une poubelle, une borne textile ou en d\u00e9ch\u00e8terie\u2026 puis nous n&rsquo;y pensons plus. Pourtant, derri\u00e8re chacun de nos d\u00e9chets se cache tout un parcours, des m\u00e9tiers souvent m\u00e9connus et des \u00e9quipements essentiels.<\/strong><\/h2>\n<p>\u00c0 l&rsquo;occasion des Journ\u00e9es europ\u00e9ennes du patrimoine, EVODIA invite les habitants \u00e0 d\u00e9couvrir l&rsquo;envers du d\u00e9cor. Du 18 au 20 septembre 2026, trois rendez-vous gratuits ouvriront les portes des sites de traitement des d\u00e9chets.<\/p>\n<p><a href=\"https:\/\/vosgesinfo.fr\/app\/uploads\/sites\/3\/2026\/08\/livret-jep-feniix-1.jpg\"><img decoding=\"async\" class=\"aligncenter size-medium wp-image-144983\" src=\"https:\/\/vosgesinfo.fr\/app\/uploads\/sites\/3\/2026\/08\/livret-jep-feniix-1-300x206.jpg\" alt=\"\" width=\"300\" height=\"206\" \/><\/a><\/p>\n<p><strong>Comprendre ce que deviennent nos d\u00e9chets<\/strong><\/p>\n<p>Que deviennent les emballages et papiers du bac de tri ? Que se passe-t-il apr\u00e8s le d\u00e9p\u00f4t des textiles ? Comment les ordures m\u00e9nag\u00e8res sont-elles transform\u00e9es en \u00e9nergie ?<\/p>\n<p>Les visites guid\u00e9es, anim\u00e9es par les \u00e9quipes d&rsquo;EVODIA et leurs partenaires, permettront de d\u00e9couvrir les installations et de mieux comprendre l&rsquo;importance du tri.<\/p>\n<p><a href=\"https:\/\/vosgesinfo.fr\/app\/uploads\/sites\/3\/2026\/08\/feniix-siege-grappin.jpg\"><img decoding=\"async\" class=\"aligncenter size-medium wp-image-144984\" src=\"https:\/\/vosgesinfo.fr\/app\/uploads\/sites\/3\/2026\/08\/feniix-siege-grappin-168x300.jpg\" alt=\"\" width=\"168\" height=\"300\" \/><\/a><\/p>\n<p><strong>Trois sites \u00e0 d\u00e9couvrir<\/strong><\/p>\n<p><strong>Vendredi 18 septembre \u2013 17 h 30<\/strong><br \/>\n<strong>Centre de recyclage de La Maix \u2013 Chavelot<\/strong><br \/>\nPr\u00e9sentation en salle p\u00e9dagogique puis d\u00e9couverte des lignes de tri des papiers et emballages.<\/p>\n<p><strong>Samedi 19 septembre \u2013 10 h 00<\/strong><br \/>\n<strong>Centre de tri textile Vosges TLC \u2013 Girmont<\/strong><br \/>\nImmersion dans la fili\u00e8re textile, du tri au r\u00e9emploi, au recyclage ou \u00e0 la valorisation.<\/p>\n<p><strong>Dimanche 20 septembre<\/strong><\/p>\n<p><strong>Portes ouvertes de FENIIX \u00e0 Rambervillers<\/strong><\/p>\n<p>Point d&rsquo;orgue du week-end, cette journ\u00e9e permettra de d\u00e9couvrir le fonctionnement de l&rsquo;usine qui valorise les ordures m\u00e9nag\u00e8res en \u00e9nergie.<\/p>\n<p>Tout au long de la journ\u00e9e, petits et grands pourront participer \u00e0 un jeu de piste, d\u00e9couvrir des ateliers DIY et z\u00e9ro d\u00e9chet, tester la r\u00e9alit\u00e9 virtuelle, rencontrer les professionnels du site, assister \u00e0 des d\u00e9monstrations de manipulation du grappin de l&rsquo;usine, monter dans un camion de collecte ou encore observer une chargeuse de pr\u00e8s. Un food truck sera pr\u00e9sent pour prolonger ce moment convivial.<\/p>\n<p><a href=\"https:\/\/vosgesinfo.fr\/app\/uploads\/sites\/3\/2026\/08\/sans-titre-8.jpg\"><img decoding=\"async\" class=\"aligncenter size-medium wp-image-144988\" src=\"https:\/\/vosgesinfo.fr\/app\/uploads\/sites\/3\/2026\/08\/sans-titre-8-300x222.jpg\" alt=\"\" width=\"300\" height=\"222\" \/><\/a><\/p>\n<p>Bonus : Un concours sur les r\u00e9seaux sociaux d\u2019EVODIA permettra \u00e0 trois gagnants de manipuler le grappin de FENIIX.<\/p>\n<p><a href=\"https:\/\/vosgesinfo.fr\/app\/uploads\/sites\/3\/2026\/08\/livret-jep-feniix.jpg\"><img decoding=\"async\" class=\"aligncenter size-medium wp-image-144985\" src=\"https:\/\/vosgesinfo.fr\/app\/uploads\/sites\/3\/2026\/08\/livret-jep-feniix-300x169.jpg\" alt=\"\" width=\"300\" height=\"169\" \/><\/a><\/p>\n<p><strong>Des visites qui changent le regard<\/strong><\/p>\n<p>D\u00e9couvrir le parcours des d\u00e9chets, c&rsquo;est aussi prendre conscience de leur valeur. Derri\u00e8re chaque geste de tri se trouvent aussi des femmes et des hommes. <strong>Aux c\u00f4t\u00e9s d\u2019EVODIA, Citraval, Vosges TLC, SUEZ, Mauffrey, SICOVAD et Faim de Loup partageront leurs m\u00e9tiers et leurs savoir-faire avec le public.<\/strong><\/p>\n<p>Ces journ\u00e9es seront aussi l\u2019occasion de mieux comprendre comment la gestion des d\u00e9chets contribue \u00e0 l\u2019\u00e9conomie circulaire. Avec un message essentiel \u00e0 retenir : <strong>le meilleur d\u00e9chet reste celui que l\u2019on ne produit pas.<\/strong><\/p>\n<p><strong> <a href=\"https:\/\/vosgesinfo.fr\/app\/uploads\/sites\/3\/2026\/08\/vosges-tlc-salle-peda.jpg\"><img decoding=\"async\" class=\"aligncenter size-medium wp-image-144986\" src=\"https:\/\/vosgesinfo.fr\/app\/uploads\/sites\/3\/2026\/08\/vosges-tlc-salle-peda-300x189.jpg\" alt=\"\" width=\"300\" height=\"189\" \/><\/a><\/strong><\/p>\n<p><strong>Informations pratiques<\/strong><\/p>\n<p>18 et 19 septembre : visites gratuites sur inscription sur <a href=\"http:\/\/www.evodia.org\"><strong>www.evodia.org<\/strong><\/a> (<em>\u00e0 partir de 8 ans<\/em>)<\/p>\n<p>20 septembre\u00a0: portes ouvertes de FENIIX, en libre acc\u00e8s de 10 h \u00e0 17 h (<em>\u00e0 partir de 6 ans<\/em>)<\/p>\n<p><a href=\"https:\/\/vosgesinfo.fr\/app\/uploads\/sites\/3\/2026\/08\/100-vosges.jpg\"><img decoding=\"async\" class=\"aligncenter size-medium wp-image-144987\" src=\"https:\/\/vosgesinfo.fr\/app\/uploads\/sites\/3\/2026\/08\/100-vosges-212x300.jpg\" alt=\"\" width=\"212\" height=\"300\" \/><\/a><\/p>\n","protected":false},"excerpt":{"rendered":"<p>Nous les d\u00e9posons dans une poubelle, une borne textile ou en d\u00e9ch\u00e8terie\u2026 puis nous n&rsquo;y pensons plus. Pourtant, derri\u00e8re chacun [&hellip;]<\/p>\n","protected":false},"author":52,"featured_media":34527,"comment_status":"open","ping_status":"open","sticky":false,"template":"","format":"standard","meta":{"footnotes":""},"categories":[29,383,294,380,396,114,381,384],"tags":[],"class_list":["post-34526","post","type-post","status-publish","format-standard","has-post-thumbnail","hentry","category-a-la-une","category-epinal","category-gerardmer","category-la-plaine-des-vosges","category-publi-reportage","category-publireportage","category-remiremont","category-saint-die"],"acf":[],"yoast_head":"<!-- This site is optimized with the Yoast SEO plugin v22.5 - https:\/\/yoast.com\/wordpress\/plugins\/seo\/ -->\n<title>Journ\u00e9es europ\u00e9ennes du patrimoine avec EVODIA - La Plaine des Vosges<\/title>\n<meta name=\"robots\" content=\"index, follow, max-snippet:-1, max-image-preview:large, max-video-preview:-1\" \/>\n<link rel=\"canonical\" href=\"https:\/\/vosgesinfo.fr\/laplainedesvosgesinfo\/2026\/08\/journees-europeennes-du-patrimoine-avec-evodia\/\" \/>\n<meta name=\"twitter:card\" content=\"summary_large_image\" \/>\n<meta name=\"twitter:title\" content=\"Journ\u00e9es europ\u00e9ennes du patrimoine avec EVODIA - La Plaine des Vosges\" \/>\n<meta name=\"twitter:description\" content=\"Nous les d\u00e9posons dans une poubelle, une borne textile ou en d\u00e9ch\u00e8terie\u2026 puis nous n&rsquo;y pensons plus. Pourtant, derri\u00e8re chacun [&hellip;]\" \/>\n<meta name=\"twitter:image\" content=\"https:\/\/vosgesinfo.fr\/app\/uploads\/sites\/2\/2026\/08\/photo-premium.jpg\" \/>\n<meta name=\"twitter:creator\" content=\"@VosgesInfo88\" \/>\n<meta name=\"twitter:site\" content=\"@VosgesInfo88\" \/>\n<meta name=\"twitter:label1\" content=\"\u00c9crit par\" \/>\n\t<meta name=\"twitter:data1\" content=\"C.K.\" \/>\n\t<meta name=\"twitter:label2\" content=\"Dur\u00e9e de lecture estim\u00e9e\" \/>\n\t<meta name=\"twitter:data2\" content=\"2 minutes\" \/>\n<script type=\"application\/ld+json\" class=\"yoast-schema-graph\">{\"@context\":\"https:\/\/schema.org\",\"@graph\":[{\"@type\":\"Article\",\"@id\":\"https:\/\/vosgesinfo.fr\/laplainedesvosgesinfo\/2026\/08\/journees-europeennes-du-patrimoine-avec-evodia\/#article\",\"isPartOf\":{\"@id\":\"https:\/\/vosgesinfo.fr\/laplainedesvosgesinfo\/2026\/08\/journees-europeennes-du-patrimoine-avec-evodia\/\"},\"author\":{\"name\":\"C.K.\",\"@id\":\"https:\/\/vosgesinfo.fr\/laplainedesvosgesinfo\/#\/schema\/person\/6f9a650eeea99d969b6c4ab78fccbe81\"},\"headline\":\"Journ\u00e9es europ\u00e9ennes du patrimoine avec EVODIA\",\"datePublished\":\"2026-08-31T05:52:19+00:00\",\"dateModified\":\"2026-08-31T05:52:19+00:00\",\"mainEntityOfPage\":{\"@id\":\"https:\/\/vosgesinfo.fr\/laplainedesvosgesinfo\/2026\/08\/journees-europeennes-du-patrimoine-avec-evodia\/\"},\"wordCount\":464,\"commentCount\":0,\"publisher\":{\"@id\":\"https:\/\/vosgesinfo.fr\/laplainedesvosgesinfo\/#organization\"},\"image\":{\"@id\":\"https:\/\/vosgesinfo.fr\/laplainedesvosgesinfo\/2026\/08\/journees-europeennes-du-patrimoine-avec-evodia\/#primaryimage\"},\"thumbnailUrl\":\"https:\/\/vosgesinfo.fr\/app\/uploads\/sites\/2\/2026\/08\/photo-premium.jpg\",\"articleSection\":[\"A la Une\",\"Epinal\",\"G\u00e9rardmer\",\"La plaine des vosges\",\"Publi-reportage\",\"Publireportage\",\"Remiremont\",\"Saint-di\u00e9\"],\"inLanguage\":\"fr-FR\",\"potentialAction\":[{\"@type\":\"CommentAction\",\"name\":\"Comment\",\"target\":[\"https:\/\/vosgesinfo.fr\/laplainedesvosgesinfo\/2026\/08\/journees-europeennes-du-patrimoine-avec-evodia\/#respond\"]}]},{\"@type\":\"WebPage\",\"@id\":\"https:\/\/vosgesinfo.fr\/laplainedesvosgesinfo\/2026\/08\/journees-europeennes-du-patrimoine-avec-evodia\/\",\"url\":\"https:\/\/vosgesinfo.fr\/laplainedesvosgesinfo\/2026\/08\/journees-europeennes-du-patrimoine-avec-evodia\/\",\"name\":\"Journ\u00e9es europ\u00e9ennes du patrimoine avec EVODIA - La Plaine des Vosges\",\"isPartOf\":{\"@id\":\"https:\/\/vosgesinfo.fr\/laplainedesvosgesinfo\/#website\"},\"primaryImageOfPage\":{\"@id\":\"https:\/\/vosgesinfo.fr\/laplainedesvosgesinfo\/2026\/08\/journees-europeennes-du-patrimoine-avec-evodia\/#primaryimage\"},\"image\":{\"@id\":\"https:\/\/vosgesinfo.fr\/laplainedesvosgesinfo\/2026\/08\/journees-europeennes-du-patrimoine-avec-evodia\/#primaryimage\"},\"thumbnailUrl\":\"https:\/\/vosgesinfo.fr\/app\/uploads\/sites\/2\/2026\/08\/photo-premium.jpg\",\"datePublished\":\"2026-08-31T05:52:19+00:00\",\"dateModified\":\"2026-08-31T05:52:19+00:00\",\"breadcrumb\":{\"@id\":\"https:\/\/vosgesinfo.fr\/laplainedesvosgesinfo\/2026\/08\/journees-europeennes-du-patrimoine-avec-evodia\/#breadcrumb\"},\"inLanguage\":\"fr-FR\",\"potentialAction\":[{\"@type\":\"ReadAction\",\"target\":[\"https:\/\/vosgesinfo.fr\/laplainedesvosgesinfo\/2026\/08\/journees-europeennes-du-patrimoine-avec-evodia\/\"]}]},{\"@type\":\"ImageObject\",\"inLanguage\":\"fr-FR\",\"@id\":\"https:\/\/vosgesinfo.fr\/laplainedesvosgesinfo\/2026\/08\/journees-europeennes-du-patrimoine-avec-evodia\/#primaryimage\",\"url\":\"https:\/\/vosgesinfo.fr\/app\/uploads\/sites\/2\/2026\/08\/photo-premium.jpg\",\"contentUrl\":\"https:\/\/vosgesinfo.fr\/app\/uploads\/sites\/2\/2026\/08\/photo-premium.jpg\",\"width\":1369,\"height\":769},{\"@type\":\"BreadcrumbList\",\"@id\":\"https:\/\/vosgesinfo.fr\/laplainedesvosgesinfo\/2026\/08\/journees-europeennes-du-patrimoine-avec-evodia\/#breadcrumb\",\"itemListElement\":[{\"@type\":\"ListItem\",\"position\":1,\"name\":\"Home\",\"item\":\"https:\/\/vosgesinfo.fr\/laplainedesvosgesinfo\/\"},{\"@type\":\"ListItem\",\"position\":2,\"name\":\"Journ\u00e9es europ\u00e9ennes du patrimoine avec EVODIA\"}]},{\"@type\":\"WebSite\",\"@id\":\"https:\/\/vosgesinfo.fr\/laplainedesvosgesinfo\/#website\",\"url\":\"https:\/\/vosgesinfo.fr\/laplainedesvosgesinfo\/\",\"name\":\"La Plaine des Vosges\",\"description\":\"Toute l&#039;actualit\u00e9 de la plaine de Vosges\",\"publisher\":{\"@id\":\"https:\/\/vosgesinfo.fr\/laplainedesvosgesinfo\/#organization\"},\"alternateName\":\"Toute l'actualit\u00e9 de la plaine des Vosges\",\"potentialAction\":[{\"@type\":\"SearchAction\",\"target\":{\"@type\":\"EntryPoint\",\"urlTemplate\":\"https:\/\/vosgesinfo.fr\/laplainedesvosgesinfo\/?s={search_term_string}\"},\"query-input\":\"required name=search_term_string\"}],\"inLanguage\":\"fr-FR\"},{\"@type\":\"Organization\",\"@id\":\"https:\/\/vosgesinfo.fr\/laplainedesvosgesinfo\/#organization\",\"name\":\"La Plaine des Vosges\",\"url\":\"https:\/\/vosgesinfo.fr\/laplainedesvosgesinfo\/\",\"logo\":{\"@type\":\"ImageObject\",\"inLanguage\":\"fr-FR\",\"@id\":\"https:\/\/vosgesinfo.fr\/laplainedesvosgesinfo\/#\/schema\/logo\/image\/\",\"url\":\"https:\/\/vosgesinfo.fr\/app\/uploads\/sites\/2\/2023\/08\/logo-laplaineinfo.svg\",\"contentUrl\":\"https:\/\/vosgesinfo.fr\/app\/uploads\/sites\/2\/2023\/08\/logo-laplaineinfo.svg\",\"width\":1,\"height\":1,\"caption\":\"La Plaine des Vosges\"},\"image\":{\"@id\":\"https:\/\/vosgesinfo.fr\/laplainedesvosgesinfo\/#\/schema\/logo\/image\/\"},\"sameAs\":[\"https:\/\/www.facebook.com\/laplainedesvosges\",\"https:\/\/x.com\/VosgesInfo88\",\"https:\/\/www.youtube.com\/@vosgesinfo\"]},{\"@type\":\"Person\",\"@id\":\"https:\/\/vosgesinfo.fr\/laplainedesvosgesinfo\/#\/schema\/person\/6f9a650eeea99d969b6c4ab78fccbe81\",\"name\":\"C.K.\",\"image\":{\"@type\":\"ImageObject\",\"inLanguage\":\"fr-FR\",\"@id\":\"https:\/\/vosgesinfo.fr\/laplainedesvosgesinfo\/#\/schema\/person\/image\/\",\"url\":\"https:\/\/secure.gravatar.com\/avatar\/48e3fc7f8421ba8942be6b74a2b7f014ca39bc00dece156b7a8e098ae7dc87bf?s=96&d=mm&r=g\",\"contentUrl\":\"https:\/\/secure.gravatar.com\/avatar\/48e3fc7f8421ba8942be6b74a2b7f014ca39bc00dece156b7a8e098ae7dc87bf?s=96&d=mm&r=g\",\"caption\":\"C.K.\"},\"url\":\"https:\/\/vosgesinfo.fr\/laplainedesvosgesinfo\/author\/celia-k-n\/\"}]}<\/script>\n<!-- \/ Yoast SEO plugin. -->","yoast_head_json":{"title":"Journ\u00e9es europ\u00e9ennes du patrimoine avec EVODIA - La Plaine des Vosges","robots":{"index":"index","follow":"follow","max-snippet":"max-snippet:-1","max-image-preview":"max-image-preview:large","max-video-preview":"max-video-preview:-1"},"canonical":"https:\/\/vosgesinfo.fr\/laplainedesvosgesinfo\/2026\/08\/journees-europeennes-du-patrimoine-avec-evodia\/","twitter_card":"summary_large_image","twitter_title":"Journ\u00e9es europ\u00e9ennes du patrimoine avec EVODIA - La Plaine des Vosges","twitter_description":"Nous les d\u00e9posons dans une poubelle, une borne textile ou en d\u00e9ch\u00e8terie\u2026 puis nous n&rsquo;y pensons plus. Pourtant, derri\u00e8re chacun [&hellip;]","twitter_image":"https:\/\/vosgesinfo.fr\/app\/uploads\/sites\/2\/2026\/08\/photo-premium.jpg","twitter_creator":"@VosgesInfo88","twitter_site":"@VosgesInfo88","twitter_misc":{"\u00c9crit par":"C.K.","Dur\u00e9e de lecture estim\u00e9e":"2 minutes"},"schema":{"@context":"https:\/\/schema.org","@graph":[{"@type":"Article","@id":"https:\/\/vosgesinfo.fr\/laplainedesvosgesinfo\/2026\/08\/journees-europeennes-du-patrimoine-avec-evodia\/#article","isPartOf":{"@id":"https:\/\/vosgesinfo.fr\/laplainedesvosgesinfo\/2026\/08\/journees-europeennes-du-patrimoine-avec-evodia\/"},"author":{"name":"C.K.","@id":"https:\/\/vosgesinfo.fr\/laplainedesvosgesinfo\/#\/schema\/person\/6f9a650eeea99d969b6c4ab78fccbe81"},"headline":"Journ\u00e9es europ\u00e9ennes du patrimoine avec EVODIA","datePublished":"2026-08-31T05:52:19+00:00","dateModified":"2026-08-31T05:52:19+00:00","mainEntityOfPage":{"@id":"https:\/\/vosgesinfo.fr\/laplainedesvosgesinfo\/2026\/08\/journees-europeennes-du-patrimoine-avec-evodia\/"},"wordCount":464,"commentCount":0,"publisher":{"@id":"https:\/\/vosgesinfo.fr\/laplainedesvosgesinfo\/#organization"},"image":{"@id":"https:\/\/vosgesinfo.fr\/laplainedesvosgesinfo\/2026\/08\/journees-europeennes-du-patrimoine-avec-evodia\/#primaryimage"},"thumbnailUrl":"https:\/\/vosgesinfo.fr\/app\/uploads\/sites\/2\/2026\/08\/photo-premium.jpg","articleSection":["A la Une","Epinal","G\u00e9rardmer","La plaine des vosges","Publi-reportage","Publireportage","Remiremont","Saint-di\u00e9"],"inLanguage":"fr-FR","potentialAction":[{"@type":"CommentAction","name":"Comment","target":["https:\/\/vosgesinfo.fr\/laplainedesvosgesinfo\/2026\/08\/journees-europeennes-du-patrimoine-avec-evodia\/#respond"]}]},{"@type":"WebPage","@id":"https:\/\/vosgesinfo.fr\/laplainedesvosgesinfo\/2026\/08\/journees-europeennes-du-patrimoine-avec-evodia\/","url":"https:\/\/vosgesinfo.fr\/laplainedesvosgesinfo\/2026\/08\/journees-europeennes-du-patrimoine-avec-evodia\/","name":"Journ\u00e9es europ\u00e9ennes du patrimoine avec EVODIA - La Plaine des Vosges","isPartOf":{"@id":"https:\/\/vosgesinfo.fr\/laplainedesvosgesinfo\/#website"},"primaryImageOfPage":{"@id":"https:\/\/vosgesinfo.fr\/laplainedesvosgesinfo\/2026\/08\/journees-europeennes-du-patrimoine-avec-evodia\/#primaryimage"},"image":{"@id":"https:\/\/vosgesinfo.fr\/laplainedesvosgesinfo\/2026\/08\/journees-europeennes-du-patrimoine-avec-evodia\/#primaryimage"},"thumbnailUrl":"https:\/\/vosgesinfo.fr\/app\/uploads\/sites\/2\/2026\/08\/photo-premium.jpg","datePublished":"2026-08-31T05:52:19+00:00","dateModified":"2026-08-31T05:52:19+00:00","breadcrumb":{"@id":"https:\/\/vosgesinfo.fr\/laplainedesvosgesinfo\/2026\/08\/journees-europeennes-du-patrimoine-avec-evodia\/#breadcrumb"},"inLanguage":"fr-FR","potentialAction":[{"@type":"ReadAction","target":["https:\/\/vosgesinfo.fr\/laplainedesvosgesinfo\/2026\/08\/journees-europeennes-du-patrimoine-avec-evodia\/"]}]},{"@type":"ImageObject","inLanguage":"fr-FR","@id":"https:\/\/vosgesinfo.fr\/laplainedesvosgesinfo\/2026\/08\/journees-europeennes-du-patrimoine-avec-evodia\/#primaryimage","url":"https:\/\/vosgesinfo.fr\/app\/uploads\/sites\/2\/2026\/08\/photo-premium.jpg","contentUrl":"https:\/\/vosgesinfo.fr\/app\/uploads\/sites\/2\/2026\/08\/photo-premium.jpg","width":1369,"height":769},{"@type":"BreadcrumbList","@id":"https:\/\/vosgesinfo.fr\/laplainedesvosgesinfo\/2026\/08\/journees-europeennes-du-patrimoine-avec-evodia\/#breadcrumb","itemListElement":[{"@type":"ListItem","position":1,"name":"Home","item":"https:\/\/vosgesinfo.fr\/laplainedesvosgesinfo\/"},{"@type":"ListItem","position":2,"name":"Journ\u00e9es europ\u00e9ennes du patrimoine avec EVODIA"}]},{"@type":"WebSite","@id":"https:\/\/vosgesinfo.fr\/laplainedesvosgesinfo\/#website","url":"https:\/\/vosgesinfo.fr\/laplainedesvosgesinfo\/","name":"La Plaine des Vosges","description":"Toute l&#039;actualit\u00e9 de la plaine de Vosges","publisher":{"@id":"https:\/\/vosgesinfo.fr\/laplainedesvosgesinfo\/#organization"},"alternateName":"Toute l'actualit\u00e9 de la plaine des Vosges","potentialAction":[{"@type":"SearchAction","target":{"@type":"EntryPoint","urlTemplate":"https:\/\/vosgesinfo.fr\/laplainedesvosgesinfo\/?s={search_term_string}"},"query-input":"required name=search_term_string"}],"inLanguage":"fr-FR"},{"@type":"Organization","@id":"https:\/\/vosgesinfo.fr\/laplainedesvosgesinfo\/#organization","name":"La Plaine des Vosges","url":"https:\/\/vosgesinfo.fr\/laplainedesvosgesinfo\/","logo":{"@type":"ImageObject","inLanguage":"fr-FR","@id":"https:\/\/vosgesinfo.fr\/laplainedesvosgesinfo\/#\/schema\/logo\/image\/","url":"https:\/\/vosgesinfo.fr\/app\/uploads\/sites\/2\/2023\/08\/logo-laplaineinfo.svg","contentUrl":"https:\/\/vosgesinfo.fr\/app\/uploads\/sites\/2\/2023\/08\/logo-laplaineinfo.svg","width":1,"height":1,"caption":"La Plaine des Vosges"},"image":{"@id":"https:\/\/vosgesinfo.fr\/laplainedesvosgesinfo\/#\/schema\/logo\/image\/"},"sameAs":["https:\/\/www.facebook.com\/laplainedesvosges","https:\/\/x.com\/VosgesInfo88","https:\/\/www.youtube.com\/@vosgesinfo"]},{"@type":"Person","@id":"https:\/\/vosgesinfo.fr\/laplainedesvosgesinfo\/#\/schema\/person\/6f9a650eeea99d969b6c4ab78fccbe81","name":"C.K.","image":{"@type":"ImageObject","inLanguage":"fr-FR","@id":"https:\/\/vosgesinfo.fr\/laplainedesvosgesinfo\/#\/schema\/person\/image\/","url":"https:\/\/secure.gravatar.com\/avatar\/48e3fc7f8421ba8942be6b74a2b7f014ca39bc00dece156b7a8e098ae7dc87bf?s=96&d=mm&r=g","contentUrl":"https:\/\/secure.gravatar.com\/avatar\/48e3fc7f8421ba8942be6b74a2b7f014ca39bc00dece156b7a8e098ae7dc87bf?s=96&d=mm&r=g","caption":"C.K."},"url":"https:\/\/vosgesinfo.fr\/laplainedesvosgesinfo\/author\/celia-k-n\/"}]}},"_links":{"self":[{"href":"https:\/\/vosgesinfo.fr\/laplainedesvosgesinfo\/wp-json\/wp\/v2\/posts\/34526","targetHints":{"allow":["GET"]}}],"collection":[{"href":"https:\/\/vosgesinfo.fr\/laplainedesvosgesinfo\/wp-json\/wp\/v2\/posts"}],"about":[{"href":"https:\/\/vosgesinfo.fr\/laplainedesvosgesinfo\/wp-json\/wp\/v2\/types\/post"}],"author":[{"embeddable":true,"href":"https:\/\/vosgesinfo.fr\/laplainedesvosgesinfo\/wp-json\/wp\/v2\/users\/52"}],"replies":[{"embeddable":true,"href":"https:\/\/vosgesinfo.fr\/laplainedesvosgesinfo\/wp-json\/wp\/v2\/comments?post=34526"}],"version-history":[{"count":1,"href":"https:\/\/vosgesinfo.fr\/laplainedesvosgesinfo\/wp-json\/wp\/v2\/posts\/34526\/revisions"}],"predecessor-version":[{"id":34611,"href":"https:\/\/vosgesinfo.fr\/laplainedesvosgesinfo\/wp-json\/wp\/v2\/posts\/34526\/revisions\/34611"}],"wp:featuredmedia":[{"embeddable":true,"href":"https:\/\/vosgesinfo.fr\/laplainedesvosgesinfo\/wp-json\/wp\/v2\/media\/34527"}],"wp:attachment":[{"href":"https:\/\/vosgesinfo.fr\/laplainedesvosgesinfo\/wp-json\/wp\/v2\/media?parent=34526"}],"wp:term":[{"taxonomy":"category","embeddable":true,"href":"https:\/\/vosgesinfo.fr\/laplainedesvosgesinfo\/wp-json\/wp\/v2\/categories?post=34526"},{"taxonomy":"post_tag","embeddable":true,"href":"https:\/\/vosgesinfo.fr\/laplainedesvosgesinfo\/wp-json\/wp\/v2\/tags?post=34526"}],"curies":[{"name":"wp","href":"https:\/\/api.w.org\/{rel}","templated":true}]}}