{"id":34622,"date":"2026-09-02T18:13:13","date_gmt":"2026-09-02T16:13:13","guid":{"rendered":"https:\/\/vosgesinfo.fr\/laplainedesvosgesinfo\/?p=34622"},"modified":"2026-09-02T18:13:13","modified_gmt":"2026-09-02T16:13:13","slug":"qui-sont-les-huit-demi-finalistes-du-tremplin-musical-hors-piste","status":"publish","type":"post","link":"https:\/\/vosgesinfo.fr\/laplainedesvosgesinfo\/2026\/09\/qui-sont-les-huit-demi-finalistes-du-tremplin-musical-hors-piste\/","title":{"rendered":"Qui sont les huit demi-finalistes du tremplin musical Hors Piste ?"},"content":{"rendered":"<h2><a href=\"https:\/\/vosgesinfo.fr\/app\/uploads\/sites\/4\/2026\/05\/vosges-tremplin-musiques-actuelles.jpg\"><img decoding=\"async\" class=\"alignnone size-large wp-image-91481\" src=\"https:\/\/vosgesinfo.fr\/app\/uploads\/sites\/4\/2026\/05\/vosges-tremplin-musiques-actuelles-1024x724.jpg\" alt=\"\" width=\"1024\" height=\"724\" \/><\/a><\/h2>\n<h2>Huit projets vosgiens ont \u00e9t\u00e9 retenus pour les demi-finales de <strong>Hors Piste<\/strong>, le nouveau tremplin de musiques actuelles port\u00e9 par <strong>Kalima Productions<\/strong>. Ils se produiront devant un jury de professionnels <strong>le vendredi 11 septembre prochain<\/strong> \u00e0 <strong>La Nef<\/strong>, \u00e0 <strong>Saint-Di\u00e9-des-Vosges<\/strong>, puis <strong>le lendemain samedi 12 septembre<\/strong> \u00e0 la <strong>MCL de G\u00e9rardmer<\/strong>.<\/h2>\n<p><!--more--><\/p>\n<h3><strong>Deux demi-finales \u00e0 Saint-Di\u00e9-des-Vosges et G\u00e9rardmer<\/strong><\/h3>\n<p>La premi\u00e8re soir\u00e9e d\u00e9butera <strong>\u00e0 20 h \u00e0 La Nef<\/strong>. <strong>Clara Viola<\/strong>, dans un registre chanson pop, partagera l\u2019affiche avec <strong>Jean Luc Gang<\/strong>, <strong>No Child Tangerine<\/strong> et <strong>Arkenstorm<\/strong> (m\u00e9tal).<\/p>\n<p>Le lendemain, <strong>\u00e0 partir de 20 h 30 \u00e0 la MCL de G\u00e9rardmer<\/strong>, <strong>Titi<\/strong>, <strong>Korbak<\/strong>, <strong>Alice Popi<\/strong> et <strong>8 Burst<\/strong> d\u00e9fendront \u00e0 leur tour leur projet <strong>devant le jury<\/strong>.<\/p>\n<h3><strong>Quatre artistes retenus pour la finale<\/strong><\/h3>\n<p>\u00c0 l\u2019issue de ces deux demi-finales, <strong>quatre artistes seront s\u00e9lectionn\u00e9s<\/strong> pour participer \u00e0 la finale. Apr\u00e8s une mini-r\u00e9sidence, ils se produiront <strong>samedi 7 novembre<\/strong> \u00e0 <strong>La Souris Verte<\/strong>, \u00e0 <strong>\u00c9pinal<\/strong>.<\/p>\n<p>Hors Piste s\u2019adresse aux auteurs-compositeurs, groupes et artistes <strong>originaires ou r\u00e9sidant dans les Vosges<\/strong>, encore peu identifi\u00e9s par les professionnels. Le tremplin vise notamment \u00e0 <strong>favoriser leur rencontre avec les acteurs du spectacle vivant et de l\u2019industrie musicale<\/strong>.<\/p>\n","protected":false},"excerpt":{"rendered":"<p>Huit projets vosgiens ont \u00e9t\u00e9 retenus pour les demi-finales de Hors Piste, le nouveau tremplin de musiques actuelles port\u00e9 par [&hellip;]<\/p>\n","protected":false},"author":46,"featured_media":34623,"comment_status":"open","ping_status":"open","sticky":false,"template":"","format":"standard","meta":{"footnotes":""},"categories":[29,42,383,294,380,381,18],"tags":[9397,9398,9917,9399,9918,9400],"class_list":["post-34622","post","type-post","status-publish","format-standard","has-post-thumbnail","hentry","category-a-la-une","category-concert","category-epinal","category-gerardmer","category-la-plaine-des-vosges","category-remiremont","category-vosges","tag-hors-piste","tag-kalima-productions","tag-la-nef","tag-la-souris-verte","tag-mcl-de-gerardmer","tag-tremplin-musical"],"acf":[],"yoast_head":"<!-- This site is optimized with the Yoast SEO plugin v22.5 - https:\/\/yoast.com\/wordpress\/plugins\/seo\/ -->\n<title>Qui sont les huit demi-finalistes du tremplin musical Hors Piste ? - La Plaine des Vosges<\/title>\n<meta name=\"robots\" content=\"index, follow, max-snippet:-1, max-image-preview:large, max-video-preview:-1\" \/>\n<link rel=\"canonical\" href=\"https:\/\/vosgesinfo.fr\/laplainedesvosgesinfo\/2026\/09\/qui-sont-les-huit-demi-finalistes-du-tremplin-musical-hors-piste\/\" \/>\n<meta name=\"twitter:card\" content=\"summary_large_image\" \/>\n<meta name=\"twitter:title\" content=\"Qui sont les huit demi-finalistes du tremplin musical Hors Piste ? - La Plaine des Vosges\" \/>\n<meta name=\"twitter:description\" content=\"Huit projets vosgiens ont \u00e9t\u00e9 retenus pour les demi-finales de Hors Piste, le nouveau tremplin de musiques actuelles port\u00e9 par [&hellip;]\" \/>\n<meta name=\"twitter:image\" content=\"https:\/\/vosgesinfo.fr\/app\/uploads\/sites\/2\/2026\/09\/vosges-tremplin-musiques-actuelles.jpg\" \/>\n<meta name=\"twitter:creator\" content=\"@VosgesInfo88\" \/>\n<meta name=\"twitter:site\" content=\"@VosgesInfo88\" \/>\n<meta name=\"twitter:label1\" content=\"\u00c9crit par\" \/>\n\t<meta name=\"twitter:data1\" content=\"J.J.\" \/>\n\t<meta name=\"twitter:label2\" content=\"Dur\u00e9e de lecture estim\u00e9e\" \/>\n\t<meta name=\"twitter:data2\" content=\"1 minute\" \/>\n<script type=\"application\/ld+json\" class=\"yoast-schema-graph\">{\"@context\":\"https:\/\/schema.org\",\"@graph\":[{\"@type\":\"Article\",\"@id\":\"https:\/\/vosgesinfo.fr\/laplainedesvosgesinfo\/2026\/09\/qui-sont-les-huit-demi-finalistes-du-tremplin-musical-hors-piste\/#article\",\"isPartOf\":{\"@id\":\"https:\/\/vosgesinfo.fr\/laplainedesvosgesinfo\/2026\/09\/qui-sont-les-huit-demi-finalistes-du-tremplin-musical-hors-piste\/\"},\"author\":{\"name\":\"J.J.\",\"@id\":\"https:\/\/vosgesinfo.fr\/laplainedesvosgesinfo\/#\/schema\/person\/fa73e9f726d67bb88f46d5b7943cb572\"},\"headline\":\"Qui sont les huit demi-finalistes du tremplin musical Hors Piste ?\",\"datePublished\":\"2026-09-02T16:13:13+00:00\",\"dateModified\":\"2026-09-02T16:13:13+00:00\",\"mainEntityOfPage\":{\"@id\":\"https:\/\/vosgesinfo.fr\/laplainedesvosgesinfo\/2026\/09\/qui-sont-les-huit-demi-finalistes-du-tremplin-musical-hors-piste\/\"},\"wordCount\":198,\"commentCount\":0,\"publisher\":{\"@id\":\"https:\/\/vosgesinfo.fr\/laplainedesvosgesinfo\/#organization\"},\"image\":{\"@id\":\"https:\/\/vosgesinfo.fr\/laplainedesvosgesinfo\/2026\/09\/qui-sont-les-huit-demi-finalistes-du-tremplin-musical-hors-piste\/#primaryimage\"},\"thumbnailUrl\":\"https:\/\/vosgesinfo.fr\/app\/uploads\/sites\/2\/2026\/09\/vosges-tremplin-musiques-actuelles.jpg\",\"keywords\":[\"Hors Piste\",\"Kalima Productions\",\"La Nef\",\"La souris verte\",\"MCL de G\u00e9rardmer\",\"Tremplin musical\"],\"articleSection\":[\"A la Une\",\"Concert\",\"Epinal\",\"G\u00e9rardmer\",\"La plaine des vosges\",\"Remiremont\",\"Vosges\"],\"inLanguage\":\"fr-FR\",\"potentialAction\":[{\"@type\":\"CommentAction\",\"name\":\"Comment\",\"target\":[\"https:\/\/vosgesinfo.fr\/laplainedesvosgesinfo\/2026\/09\/qui-sont-les-huit-demi-finalistes-du-tremplin-musical-hors-piste\/#respond\"]}]},{\"@type\":\"WebPage\",\"@id\":\"https:\/\/vosgesinfo.fr\/laplainedesvosgesinfo\/2026\/09\/qui-sont-les-huit-demi-finalistes-du-tremplin-musical-hors-piste\/\",\"url\":\"https:\/\/vosgesinfo.fr\/laplainedesvosgesinfo\/2026\/09\/qui-sont-les-huit-demi-finalistes-du-tremplin-musical-hors-piste\/\",\"name\":\"Qui sont les huit demi-finalistes du tremplin musical Hors Piste ? - La Plaine des Vosges\",\"isPartOf\":{\"@id\":\"https:\/\/vosgesinfo.fr\/laplainedesvosgesinfo\/#website\"},\"primaryImageOfPage\":{\"@id\":\"https:\/\/vosgesinfo.fr\/laplainedesvosgesinfo\/2026\/09\/qui-sont-les-huit-demi-finalistes-du-tremplin-musical-hors-piste\/#primaryimage\"},\"image\":{\"@id\":\"https:\/\/vosgesinfo.fr\/laplainedesvosgesinfo\/2026\/09\/qui-sont-les-huit-demi-finalistes-du-tremplin-musical-hors-piste\/#primaryimage\"},\"thumbnailUrl\":\"https:\/\/vosgesinfo.fr\/app\/uploads\/sites\/2\/2026\/09\/vosges-tremplin-musiques-actuelles.jpg\",\"datePublished\":\"2026-09-02T16:13:13+00:00\",\"dateModified\":\"2026-09-02T16:13:13+00:00\",\"breadcrumb\":{\"@id\":\"https:\/\/vosgesinfo.fr\/laplainedesvosgesinfo\/2026\/09\/qui-sont-les-huit-demi-finalistes-du-tremplin-musical-hors-piste\/#breadcrumb\"},\"inLanguage\":\"fr-FR\",\"potentialAction\":[{\"@type\":\"ReadAction\",\"target\":[\"https:\/\/vosgesinfo.fr\/laplainedesvosgesinfo\/2026\/09\/qui-sont-les-huit-demi-finalistes-du-tremplin-musical-hors-piste\/\"]}]},{\"@type\":\"ImageObject\",\"inLanguage\":\"fr-FR\",\"@id\":\"https:\/\/vosgesinfo.fr\/laplainedesvosgesinfo\/2026\/09\/qui-sont-les-huit-demi-finalistes-du-tremplin-musical-hors-piste\/#primaryimage\",\"url\":\"https:\/\/vosgesinfo.fr\/app\/uploads\/sites\/2\/2026\/09\/vosges-tremplin-musiques-actuelles.jpg\",\"contentUrl\":\"https:\/\/vosgesinfo.fr\/app\/uploads\/sites\/2\/2026\/09\/vosges-tremplin-musiques-actuelles.jpg\",\"width\":1920,\"height\":1357},{\"@type\":\"BreadcrumbList\",\"@id\":\"https:\/\/vosgesinfo.fr\/laplainedesvosgesinfo\/2026\/09\/qui-sont-les-huit-demi-finalistes-du-tremplin-musical-hors-piste\/#breadcrumb\",\"itemListElement\":[{\"@type\":\"ListItem\",\"position\":1,\"name\":\"Home\",\"item\":\"https:\/\/vosgesinfo.fr\/laplainedesvosgesinfo\/\"},{\"@type\":\"ListItem\",\"position\":2,\"name\":\"Qui sont les huit demi-finalistes du tremplin musical Hors Piste ?\"}]},{\"@type\":\"WebSite\",\"@id\":\"https:\/\/vosgesinfo.fr\/laplainedesvosgesinfo\/#website\",\"url\":\"https:\/\/vosgesinfo.fr\/laplainedesvosgesinfo\/\",\"name\":\"La Plaine des Vosges\",\"description\":\"Toute l&#039;actualit\u00e9 de la plaine de Vosges\",\"publisher\":{\"@id\":\"https:\/\/vosgesinfo.fr\/laplainedesvosgesinfo\/#organization\"},\"alternateName\":\"Toute l'actualit\u00e9 de la plaine des Vosges\",\"potentialAction\":[{\"@type\":\"SearchAction\",\"target\":{\"@type\":\"EntryPoint\",\"urlTemplate\":\"https:\/\/vosgesinfo.fr\/laplainedesvosgesinfo\/?s={search_term_string}\"},\"query-input\":\"required name=search_term_string\"}],\"inLanguage\":\"fr-FR\"},{\"@type\":\"Organization\",\"@id\":\"https:\/\/vosgesinfo.fr\/laplainedesvosgesinfo\/#organization\",\"name\":\"La Plaine des Vosges\",\"url\":\"https:\/\/vosgesinfo.fr\/laplainedesvosgesinfo\/\",\"logo\":{\"@type\":\"ImageObject\",\"inLanguage\":\"fr-FR\",\"@id\":\"https:\/\/vosgesinfo.fr\/laplainedesvosgesinfo\/#\/schema\/logo\/image\/\",\"url\":\"https:\/\/vosgesinfo.fr\/app\/uploads\/sites\/2\/2023\/08\/logo-laplaineinfo.svg\",\"contentUrl\":\"https:\/\/vosgesinfo.fr\/app\/uploads\/sites\/2\/2023\/08\/logo-laplaineinfo.svg\",\"width\":1,\"height\":1,\"caption\":\"La Plaine des Vosges\"},\"image\":{\"@id\":\"https:\/\/vosgesinfo.fr\/laplainedesvosgesinfo\/#\/schema\/logo\/image\/\"},\"sameAs\":[\"https:\/\/www.facebook.com\/laplainedesvosges\",\"https:\/\/x.com\/VosgesInfo88\",\"https:\/\/www.youtube.com\/@vosgesinfo\"]},{\"@type\":\"Person\",\"@id\":\"https:\/\/vosgesinfo.fr\/laplainedesvosgesinfo\/#\/schema\/person\/fa73e9f726d67bb88f46d5b7943cb572\",\"name\":\"J.J.\",\"image\":{\"@type\":\"ImageObject\",\"inLanguage\":\"fr-FR\",\"@id\":\"https:\/\/vosgesinfo.fr\/laplainedesvosgesinfo\/#\/schema\/person\/image\/\",\"url\":\"https:\/\/secure.gravatar.com\/avatar\/219e749e47ffbcca018a360ae4add7d4cdf1cdaaf8bc7676b27efade3fe65615?s=96&d=mm&r=g\",\"contentUrl\":\"https:\/\/secure.gravatar.com\/avatar\/219e749e47ffbcca018a360ae4add7d4cdf1cdaaf8bc7676b27efade3fe65615?s=96&d=mm&r=g\",\"caption\":\"J.J.\"},\"url\":\"https:\/\/vosgesinfo.fr\/laplainedesvosgesinfo\/author\/j-j\/\"}]}<\/script>\n<!-- \/ Yoast SEO plugin. -->","yoast_head_json":{"title":"Qui sont les huit demi-finalistes du tremplin musical Hors Piste ? - La Plaine des Vosges","robots":{"index":"index","follow":"follow","max-snippet":"max-snippet:-1","max-image-preview":"max-image-preview:large","max-video-preview":"max-video-preview:-1"},"canonical":"https:\/\/vosgesinfo.fr\/laplainedesvosgesinfo\/2026\/09\/qui-sont-les-huit-demi-finalistes-du-tremplin-musical-hors-piste\/","twitter_card":"summary_large_image","twitter_title":"Qui sont les huit demi-finalistes du tremplin musical Hors Piste ? - La Plaine des Vosges","twitter_description":"Huit projets vosgiens ont \u00e9t\u00e9 retenus pour les demi-finales de Hors Piste, le nouveau tremplin de musiques actuelles port\u00e9 par [&hellip;]","twitter_image":"https:\/\/vosgesinfo.fr\/app\/uploads\/sites\/2\/2026\/09\/vosges-tremplin-musiques-actuelles.jpg","twitter_creator":"@VosgesInfo88","twitter_site":"@VosgesInfo88","twitter_misc":{"\u00c9crit par":"J.J.","Dur\u00e9e de lecture estim\u00e9e":"1 minute"},"schema":{"@context":"https:\/\/schema.org","@graph":[{"@type":"Article","@id":"https:\/\/vosgesinfo.fr\/laplainedesvosgesinfo\/2026\/09\/qui-sont-les-huit-demi-finalistes-du-tremplin-musical-hors-piste\/#article","isPartOf":{"@id":"https:\/\/vosgesinfo.fr\/laplainedesvosgesinfo\/2026\/09\/qui-sont-les-huit-demi-finalistes-du-tremplin-musical-hors-piste\/"},"author":{"name":"J.J.","@id":"https:\/\/vosgesinfo.fr\/laplainedesvosgesinfo\/#\/schema\/person\/fa73e9f726d67bb88f46d5b7943cb572"},"headline":"Qui sont les huit demi-finalistes du tremplin musical Hors Piste ?","datePublished":"2026-09-02T16:13:13+00:00","dateModified":"2026-09-02T16:13:13+00:00","mainEntityOfPage":{"@id":"https:\/\/vosgesinfo.fr\/laplainedesvosgesinfo\/2026\/09\/qui-sont-les-huit-demi-finalistes-du-tremplin-musical-hors-piste\/"},"wordCount":198,"commentCount":0,"publisher":{"@id":"https:\/\/vosgesinfo.fr\/laplainedesvosgesinfo\/#organization"},"image":{"@id":"https:\/\/vosgesinfo.fr\/laplainedesvosgesinfo\/2026\/09\/qui-sont-les-huit-demi-finalistes-du-tremplin-musical-hors-piste\/#primaryimage"},"thumbnailUrl":"https:\/\/vosgesinfo.fr\/app\/uploads\/sites\/2\/2026\/09\/vosges-tremplin-musiques-actuelles.jpg","keywords":["Hors Piste","Kalima Productions","La Nef","La souris verte","MCL de G\u00e9rardmer","Tremplin musical"],"articleSection":["A la Une","Concert","Epinal","G\u00e9rardmer","La plaine des vosges","Remiremont","Vosges"],"inLanguage":"fr-FR","potentialAction":[{"@type":"CommentAction","name":"Comment","target":["https:\/\/vosgesinfo.fr\/laplainedesvosgesinfo\/2026\/09\/qui-sont-les-huit-demi-finalistes-du-tremplin-musical-hors-piste\/#respond"]}]},{"@type":"WebPage","@id":"https:\/\/vosgesinfo.fr\/laplainedesvosgesinfo\/2026\/09\/qui-sont-les-huit-demi-finalistes-du-tremplin-musical-hors-piste\/","url":"https:\/\/vosgesinfo.fr\/laplainedesvosgesinfo\/2026\/09\/qui-sont-les-huit-demi-finalistes-du-tremplin-musical-hors-piste\/","name":"Qui sont les huit demi-finalistes du tremplin musical Hors Piste ? - La Plaine des Vosges","isPartOf":{"@id":"https:\/\/vosgesinfo.fr\/laplainedesvosgesinfo\/#website"},"primaryImageOfPage":{"@id":"https:\/\/vosgesinfo.fr\/laplainedesvosgesinfo\/2026\/09\/qui-sont-les-huit-demi-finalistes-du-tremplin-musical-hors-piste\/#primaryimage"},"image":{"@id":"https:\/\/vosgesinfo.fr\/laplainedesvosgesinfo\/2026\/09\/qui-sont-les-huit-demi-finalistes-du-tremplin-musical-hors-piste\/#primaryimage"},"thumbnailUrl":"https:\/\/vosgesinfo.fr\/app\/uploads\/sites\/2\/2026\/09\/vosges-tremplin-musiques-actuelles.jpg","datePublished":"2026-09-02T16:13:13+00:00","dateModified":"2026-09-02T16:13:13+00:00","breadcrumb":{"@id":"https:\/\/vosgesinfo.fr\/laplainedesvosgesinfo\/2026\/09\/qui-sont-les-huit-demi-finalistes-du-tremplin-musical-hors-piste\/#breadcrumb"},"inLanguage":"fr-FR","potentialAction":[{"@type":"ReadAction","target":["https:\/\/vosgesinfo.fr\/laplainedesvosgesinfo\/2026\/09\/qui-sont-les-huit-demi-finalistes-du-tremplin-musical-hors-piste\/"]}]},{"@type":"ImageObject","inLanguage":"fr-FR","@id":"https:\/\/vosgesinfo.fr\/laplainedesvosgesinfo\/2026\/09\/qui-sont-les-huit-demi-finalistes-du-tremplin-musical-hors-piste\/#primaryimage","url":"https:\/\/vosgesinfo.fr\/app\/uploads\/sites\/2\/2026\/09\/vosges-tremplin-musiques-actuelles.jpg","contentUrl":"https:\/\/vosgesinfo.fr\/app\/uploads\/sites\/2\/2026\/09\/vosges-tremplin-musiques-actuelles.jpg","width":1920,"height":1357},{"@type":"BreadcrumbList","@id":"https:\/\/vosgesinfo.fr\/laplainedesvosgesinfo\/2026\/09\/qui-sont-les-huit-demi-finalistes-du-tremplin-musical-hors-piste\/#breadcrumb","itemListElement":[{"@type":"ListItem","position":1,"name":"Home","item":"https:\/\/vosgesinfo.fr\/laplainedesvosgesinfo\/"},{"@type":"ListItem","position":2,"name":"Qui sont les huit demi-finalistes du tremplin musical Hors Piste ?"}]},{"@type":"WebSite","@id":"https:\/\/vosgesinfo.fr\/laplainedesvosgesinfo\/#website","url":"https:\/\/vosgesinfo.fr\/laplainedesvosgesinfo\/","name":"La Plaine des Vosges","description":"Toute l&#039;actualit\u00e9 de la plaine de Vosges","publisher":{"@id":"https:\/\/vosgesinfo.fr\/laplainedesvosgesinfo\/#organization"},"alternateName":"Toute l'actualit\u00e9 de la plaine des Vosges","potentialAction":[{"@type":"SearchAction","target":{"@type":"EntryPoint","urlTemplate":"https:\/\/vosgesinfo.fr\/laplainedesvosgesinfo\/?s={search_term_string}"},"query-input":"required name=search_term_string"}],"inLanguage":"fr-FR"},{"@type":"Organization","@id":"https:\/\/vosgesinfo.fr\/laplainedesvosgesinfo\/#organization","name":"La Plaine des Vosges","url":"https:\/\/vosgesinfo.fr\/laplainedesvosgesinfo\/","logo":{"@type":"ImageObject","inLanguage":"fr-FR","@id":"https:\/\/vosgesinfo.fr\/laplainedesvosgesinfo\/#\/schema\/logo\/image\/","url":"https:\/\/vosgesinfo.fr\/app\/uploads\/sites\/2\/2023\/08\/logo-laplaineinfo.svg","contentUrl":"https:\/\/vosgesinfo.fr\/app\/uploads\/sites\/2\/2023\/08\/logo-laplaineinfo.svg","width":1,"height":1,"caption":"La Plaine des Vosges"},"image":{"@id":"https:\/\/vosgesinfo.fr\/laplainedesvosgesinfo\/#\/schema\/logo\/image\/"},"sameAs":["https:\/\/www.facebook.com\/laplainedesvosges","https:\/\/x.com\/VosgesInfo88","https:\/\/www.youtube.com\/@vosgesinfo"]},{"@type":"Person","@id":"https:\/\/vosgesinfo.fr\/laplainedesvosgesinfo\/#\/schema\/person\/fa73e9f726d67bb88f46d5b7943cb572","name":"J.J.","image":{"@type":"ImageObject","inLanguage":"fr-FR","@id":"https:\/\/vosgesinfo.fr\/laplainedesvosgesinfo\/#\/schema\/person\/image\/","url":"https:\/\/secure.gravatar.com\/avatar\/219e749e47ffbcca018a360ae4add7d4cdf1cdaaf8bc7676b27efade3fe65615?s=96&d=mm&r=g","contentUrl":"https:\/\/secure.gravatar.com\/avatar\/219e749e47ffbcca018a360ae4add7d4cdf1cdaaf8bc7676b27efade3fe65615?s=96&d=mm&r=g","caption":"J.J."},"url":"https:\/\/vosgesinfo.fr\/laplainedesvosgesinfo\/author\/j-j\/"}]}},"_links":{"self":[{"href":"https:\/\/vosgesinfo.fr\/laplainedesvosgesinfo\/wp-json\/wp\/v2\/posts\/34622","targetHints":{"allow":["GET"]}}],"collection":[{"href":"https:\/\/vosgesinfo.fr\/laplainedesvosgesinfo\/wp-json\/wp\/v2\/posts"}],"about":[{"href":"https:\/\/vosgesinfo.fr\/laplainedesvosgesinfo\/wp-json\/wp\/v2\/types\/post"}],"author":[{"embeddable":true,"href":"https:\/\/vosgesinfo.fr\/laplainedesvosgesinfo\/wp-json\/wp\/v2\/users\/46"}],"replies":[{"embeddable":true,"href":"https:\/\/vosgesinfo.fr\/laplainedesvosgesinfo\/wp-json\/wp\/v2\/comments?post=34622"}],"version-history":[{"count":1,"href":"https:\/\/vosgesinfo.fr\/laplainedesvosgesinfo\/wp-json\/wp\/v2\/posts\/34622\/revisions"}],"predecessor-version":[{"id":34625,"href":"https:\/\/vosgesinfo.fr\/laplainedesvosgesinfo\/wp-json\/wp\/v2\/posts\/34622\/revisions\/34625"}],"wp:featuredmedia":[{"embeddable":true,"href":"https:\/\/vosgesinfo.fr\/laplainedesvosgesinfo\/wp-json\/wp\/v2\/media\/34623"}],"wp:attachment":[{"href":"https:\/\/vosgesinfo.fr\/laplainedesvosgesinfo\/wp-json\/wp\/v2\/media?parent=34622"}],"wp:term":[{"taxonomy":"category","embeddable":true,"href":"https:\/\/vosgesinfo.fr\/laplainedesvosgesinfo\/wp-json\/wp\/v2\/categories?post=34622"},{"taxonomy":"post_tag","embeddable":true,"href":"https:\/\/vosgesinfo.fr\/laplainedesvosgesinfo\/wp-json\/wp\/v2\/tags?post=34622"}],"curies":[{"name":"wp","href":"https:\/\/api.w.org\/{rel}","templated":true}]}}