{"id":3614,"date":"2016-04-04T05:00:29","date_gmt":"2016-04-04T03:00:29","guid":{"rendered":"https:\/\/vosgesinfo.fr\/laplainedesvosgesinfo\/2016\/04\/tgv-stoppe-en-gare-de-neufchateau\/"},"modified":"2016-04-04T05:00:29","modified_gmt":"2016-04-04T03:00:29","slug":"tgv-stoppe-en-gare-de-neufchateau","status":"publish","type":"post","link":"https:\/\/vosgesinfo.fr\/laplainedesvosgesinfo\/2016\/04\/tgv-stoppe-en-gare-de-neufchateau\/","title":{"rendered":"TGV stopp\u00e9 en gare de Neufch\u00e2teau"},"content":{"rendered":"<p><a href=\"\/2016\/04\/IMG_9417-min.jpg\"><img decoding=\"async\" class=\"wp-image-74820 aligncenter\" src=\"\/2016\/04\/IMG_9417-min.jpg\" alt=\"IMG_9417-min\" width=\"714\" height=\"476\" \/><\/a><\/p>\n<p style=\"text-align: justify;\"><strong>Plus de 400 personnes se sont rassembl\u00e9es ce dimanche pour manifester contre la nouvelle r\u00e9organisation ferroviaire r\u00e9alis\u00e9e par la SNCF. En effet, deux TGV sur les trois que desservaient la gare de Neufch\u00e2teau ont \u00e9t\u00e9 supprim\u00e9s : la liaison Metz-Montpellier et Metz-Marseille<\/strong>. Un TGV de substitution a \u00e9t\u00e9 mis en place reliant Nancy \u00e0 Toulouse, \u00e0 compter du 3 avril. Malheureusement pour les voyageurs, ce TGV passe en gare de Neufch\u00e2teau, mais ne marque pas d&rsquo;arr\u00eat, mis \u00e0 part ce dimanche apr\u00e8s-midi.<\/p>\n<p style=\"text-align: justify;\">L&rsquo;ADURNE (association de d\u00e9fense des usagers du rail de Neufch\u00e2teau et environs) demande, avec le soutien des \u00e9lus locaux et du d\u00e9partement, la mise en place d&rsquo;un arr\u00eat quotidien suppl\u00e9mentaire en gare de Neufch\u00e2teau pour ce TGV. Durant le mois d&rsquo;avril, ce TGV ne circule que les week-ends.<\/p>\n<p style=\"text-align: justify;\">\u00ab\u00a0<em>Cet arr\u00eat n&rsquo;aura pas d&rsquo;impact financier<\/em>\u00a0\u00bb explique Elisabeth Jeandot, pr\u00e9sident de l&rsquo;ADURNE et ajoute, \u00ab\u00a0<em>nous continuerons \u00e0 nous rassembler tant que nous n&rsquo;aurons pas gain de cause.<\/em>\u00ab\u00a0<\/p>\n<p style=\"text-align: justify;\">Le maire de Neufch\u00e2teau, Simon Leclerc a lui aussi exprim\u00e9 son m\u00e9contentement, \u00ab\u00a0<em>ce que nous exigeons, c&rsquo;est un arr\u00eat de ce TGV dans notre ville, nous devons d\u00e9fendre notre territoire enclin \u00e0 la d\u00e9sertification.<\/em>\u00ab\u00a0<\/p>\n<p style=\"text-align: justify;\">Une p\u00e9tition \u00e0 destination d&rsquo;Alain Vidalies, Secr\u00e9taire d&rsquo;Etat aux Transports et une autre \u00e0 Guillaume P\u00e9py, Pr\u00e9sident de la SNCF ont \u00e9t\u00e9 mises en place et ont d&rsquo;ores et d\u00e9j\u00e0 r\u00e9colt\u00e9 de nombreuses signatures.<\/p>\n<p>A.J.<\/p>\n\n","protected":false},"excerpt":{"rendered":"<p>Plus de 400 personnes se sont rassembl\u00e9es ce dimanche pour manifester contre la nouvelle r\u00e9organisation ferroviaire r\u00e9alis\u00e9e par la SNCF. [&hellip;]<\/p>\n","protected":false},"author":1,"featured_media":3615,"comment_status":"open","ping_status":"open","sticky":false,"template":"","format":"standard","meta":{"footnotes":""},"categories":[29,37,428,13],"tags":[379,455,475,772,707],"class_list":["post-3614","post","type-post","status-publish","format-standard","has-post-thumbnail","hentry","category-a-la-une","category-la-plaine","category-neufchateau-la-plaine","category-societe","tag-manifestation","tag-neufchateau","tag-sncf","tag-tgv","tag-trains"],"acf":[],"yoast_head":"<!-- This site is optimized with the Yoast SEO plugin v22.5 - https:\/\/yoast.com\/wordpress\/plugins\/seo\/ -->\n<title>TGV stopp\u00e9 en gare de Neufch\u00e2teau - La Plaine des Vosges<\/title>\n<meta name=\"robots\" content=\"index, follow, max-snippet:-1, max-image-preview:large, max-video-preview:-1\" \/>\n<link rel=\"canonical\" href=\"https:\/\/vosgesinfo.fr\/laplainedesvosgesinfo\/2016\/04\/tgv-stoppe-en-gare-de-neufchateau\/\" \/>\n<meta name=\"twitter:card\" content=\"summary_large_image\" \/>\n<meta name=\"twitter:title\" content=\"TGV stopp\u00e9 en gare de Neufch\u00e2teau - La Plaine des Vosges\" \/>\n<meta name=\"twitter:description\" content=\"Plus de 400 personnes se sont rassembl\u00e9es ce dimanche pour manifester contre la nouvelle r\u00e9organisation ferroviaire r\u00e9alis\u00e9e par la SNCF. [&hellip;]\" \/>\n<meta name=\"twitter:image\" content=\"https:\/\/vosgesinfo.fr\/app\/uploads\/sites\/2\/2024\/06\/201604img-9428-min.jpg\" \/>\n<meta name=\"twitter:creator\" content=\"@VosgesInfo88\" \/>\n<meta name=\"twitter:site\" content=\"@VosgesInfo88\" \/>\n<meta name=\"twitter:label1\" content=\"\u00c9crit par\" \/>\n\t<meta name=\"twitter:data1\" content=\"qs_admin\" \/>\n\t<meta name=\"twitter:label2\" content=\"Dur\u00e9e de lecture estim\u00e9e\" \/>\n\t<meta name=\"twitter:data2\" content=\"1 minute\" \/>\n<script type=\"application\/ld+json\" class=\"yoast-schema-graph\">{\"@context\":\"https:\/\/schema.org\",\"@graph\":[{\"@type\":\"Article\",\"@id\":\"https:\/\/vosgesinfo.fr\/laplainedesvosgesinfo\/2016\/04\/tgv-stoppe-en-gare-de-neufchateau\/#article\",\"isPartOf\":{\"@id\":\"https:\/\/vosgesinfo.fr\/laplainedesvosgesinfo\/2016\/04\/tgv-stoppe-en-gare-de-neufchateau\/\"},\"author\":{\"name\":\"qs_admin\",\"@id\":\"https:\/\/vosgesinfo.fr\/laplainedesvosgesinfo\/#\/schema\/person\/bc5d02d71e6932e81b6dadb7386667b1\"},\"headline\":\"TGV stopp\u00e9 en gare de Neufch\u00e2teau\",\"datePublished\":\"2016-04-04T03:00:29+00:00\",\"dateModified\":\"2016-04-04T03:00:29+00:00\",\"mainEntityOfPage\":{\"@id\":\"https:\/\/vosgesinfo.fr\/laplainedesvosgesinfo\/2016\/04\/tgv-stoppe-en-gare-de-neufchateau\/\"},\"wordCount\":274,\"commentCount\":0,\"publisher\":{\"@id\":\"https:\/\/vosgesinfo.fr\/laplainedesvosgesinfo\/#organization\"},\"image\":{\"@id\":\"https:\/\/vosgesinfo.fr\/laplainedesvosgesinfo\/2016\/04\/tgv-stoppe-en-gare-de-neufchateau\/#primaryimage\"},\"thumbnailUrl\":\"https:\/\/vosgesinfo.fr\/app\/uploads\/sites\/2\/2024\/06\/201604img-9428-min.jpg\",\"keywords\":[\"manifestation\",\"neufchateau\",\"sncf\",\"TGV\",\"trains\"],\"articleSection\":[\"A la Une\",\"La Plaine\",\"Neufch\u00e2teau\",\"Soci\u00e9t\u00e9\"],\"inLanguage\":\"fr-FR\",\"potentialAction\":[{\"@type\":\"CommentAction\",\"name\":\"Comment\",\"target\":[\"https:\/\/vosgesinfo.fr\/laplainedesvosgesinfo\/2016\/04\/tgv-stoppe-en-gare-de-neufchateau\/#respond\"]}]},{\"@type\":\"WebPage\",\"@id\":\"https:\/\/vosgesinfo.fr\/laplainedesvosgesinfo\/2016\/04\/tgv-stoppe-en-gare-de-neufchateau\/\",\"url\":\"https:\/\/vosgesinfo.fr\/laplainedesvosgesinfo\/2016\/04\/tgv-stoppe-en-gare-de-neufchateau\/\",\"name\":\"TGV stopp\u00e9 en gare de Neufch\u00e2teau - La Plaine des Vosges\",\"isPartOf\":{\"@id\":\"https:\/\/vosgesinfo.fr\/laplainedesvosgesinfo\/#website\"},\"primaryImageOfPage\":{\"@id\":\"https:\/\/vosgesinfo.fr\/laplainedesvosgesinfo\/2016\/04\/tgv-stoppe-en-gare-de-neufchateau\/#primaryimage\"},\"image\":{\"@id\":\"https:\/\/vosgesinfo.fr\/laplainedesvosgesinfo\/2016\/04\/tgv-stoppe-en-gare-de-neufchateau\/#primaryimage\"},\"thumbnailUrl\":\"https:\/\/vosgesinfo.fr\/app\/uploads\/sites\/2\/2024\/06\/201604img-9428-min.jpg\",\"datePublished\":\"2016-04-04T03:00:29+00:00\",\"dateModified\":\"2016-04-04T03:00:29+00:00\",\"breadcrumb\":{\"@id\":\"https:\/\/vosgesinfo.fr\/laplainedesvosgesinfo\/2016\/04\/tgv-stoppe-en-gare-de-neufchateau\/#breadcrumb\"},\"inLanguage\":\"fr-FR\",\"potentialAction\":[{\"@type\":\"ReadAction\",\"target\":[\"https:\/\/vosgesinfo.fr\/laplainedesvosgesinfo\/2016\/04\/tgv-stoppe-en-gare-de-neufchateau\/\"]}]},{\"@type\":\"ImageObject\",\"inLanguage\":\"fr-FR\",\"@id\":\"https:\/\/vosgesinfo.fr\/laplainedesvosgesinfo\/2016\/04\/tgv-stoppe-en-gare-de-neufchateau\/#primaryimage\",\"url\":\"https:\/\/vosgesinfo.fr\/app\/uploads\/sites\/2\/2024\/06\/201604img-9428-min.jpg\",\"contentUrl\":\"https:\/\/vosgesinfo.fr\/app\/uploads\/sites\/2\/2024\/06\/201604img-9428-min.jpg\",\"width\":800,\"height\":534},{\"@type\":\"BreadcrumbList\",\"@id\":\"https:\/\/vosgesinfo.fr\/laplainedesvosgesinfo\/2016\/04\/tgv-stoppe-en-gare-de-neufchateau\/#breadcrumb\",\"itemListElement\":[{\"@type\":\"ListItem\",\"position\":1,\"name\":\"Home\",\"item\":\"https:\/\/vosgesinfo.fr\/laplainedesvosgesinfo\/\"},{\"@type\":\"ListItem\",\"position\":2,\"name\":\"TGV stopp\u00e9 en gare de Neufch\u00e2teau\"}]},{\"@type\":\"WebSite\",\"@id\":\"https:\/\/vosgesinfo.fr\/laplainedesvosgesinfo\/#website\",\"url\":\"https:\/\/vosgesinfo.fr\/laplainedesvosgesinfo\/\",\"name\":\"La Plaine des Vosges\",\"description\":\"Toute l&#039;actualit\u00e9 de la plaine de Vosges\",\"publisher\":{\"@id\":\"https:\/\/vosgesinfo.fr\/laplainedesvosgesinfo\/#organization\"},\"alternateName\":\"Toute l'actualit\u00e9 de la plaine des Vosges\",\"potentialAction\":[{\"@type\":\"SearchAction\",\"target\":{\"@type\":\"EntryPoint\",\"urlTemplate\":\"https:\/\/vosgesinfo.fr\/laplainedesvosgesinfo\/?s={search_term_string}\"},\"query-input\":\"required name=search_term_string\"}],\"inLanguage\":\"fr-FR\"},{\"@type\":\"Organization\",\"@id\":\"https:\/\/vosgesinfo.fr\/laplainedesvosgesinfo\/#organization\",\"name\":\"La Plaine des Vosges\",\"url\":\"https:\/\/vosgesinfo.fr\/laplainedesvosgesinfo\/\",\"logo\":{\"@type\":\"ImageObject\",\"inLanguage\":\"fr-FR\",\"@id\":\"https:\/\/vosgesinfo.fr\/laplainedesvosgesinfo\/#\/schema\/logo\/image\/\",\"url\":\"https:\/\/vosgesinfo.fr\/app\/uploads\/sites\/2\/2023\/08\/logo-laplaineinfo.svg\",\"contentUrl\":\"https:\/\/vosgesinfo.fr\/app\/uploads\/sites\/2\/2023\/08\/logo-laplaineinfo.svg\",\"width\":1,\"height\":1,\"caption\":\"La Plaine des Vosges\"},\"image\":{\"@id\":\"https:\/\/vosgesinfo.fr\/laplainedesvosgesinfo\/#\/schema\/logo\/image\/\"},\"sameAs\":[\"https:\/\/www.facebook.com\/laplainedesvosges\",\"https:\/\/x.com\/VosgesInfo88\",\"https:\/\/www.youtube.com\/@vosgesinfo\"]},{\"@type\":\"Person\",\"@id\":\"https:\/\/vosgesinfo.fr\/laplainedesvosgesinfo\/#\/schema\/person\/bc5d02d71e6932e81b6dadb7386667b1\",\"name\":\"qs_admin\",\"image\":{\"@type\":\"ImageObject\",\"inLanguage\":\"fr-FR\",\"@id\":\"https:\/\/vosgesinfo.fr\/laplainedesvosgesinfo\/#\/schema\/person\/image\/\",\"url\":\"https:\/\/secure.gravatar.com\/avatar\/94b18ee0ed79e4a42ea2f2931277b6841a8999fc6fde214600c78057cf1fe1de?s=96&d=mm&r=g\",\"contentUrl\":\"https:\/\/secure.gravatar.com\/avatar\/94b18ee0ed79e4a42ea2f2931277b6841a8999fc6fde214600c78057cf1fe1de?s=96&d=mm&r=g\",\"caption\":\"qs_admin\"},\"sameAs\":[\"https:\/\/vosgesinfo.fr\/wp\"],\"url\":\"https:\/\/vosgesinfo.fr\/laplainedesvosgesinfo\/author\/qs_admin\/\"}]}<\/script>\n<!-- \/ Yoast SEO plugin. -->","yoast_head_json":{"title":"TGV stopp\u00e9 en gare de Neufch\u00e2teau - La Plaine des Vosges","robots":{"index":"index","follow":"follow","max-snippet":"max-snippet:-1","max-image-preview":"max-image-preview:large","max-video-preview":"max-video-preview:-1"},"canonical":"https:\/\/vosgesinfo.fr\/laplainedesvosgesinfo\/2016\/04\/tgv-stoppe-en-gare-de-neufchateau\/","twitter_card":"summary_large_image","twitter_title":"TGV stopp\u00e9 en gare de Neufch\u00e2teau - La Plaine des Vosges","twitter_description":"Plus de 400 personnes se sont rassembl\u00e9es ce dimanche pour manifester contre la nouvelle r\u00e9organisation ferroviaire r\u00e9alis\u00e9e par la SNCF. [&hellip;]","twitter_image":"https:\/\/vosgesinfo.fr\/app\/uploads\/sites\/2\/2024\/06\/201604img-9428-min.jpg","twitter_creator":"@VosgesInfo88","twitter_site":"@VosgesInfo88","twitter_misc":{"\u00c9crit par":"qs_admin","Dur\u00e9e de lecture estim\u00e9e":"1 minute"},"schema":{"@context":"https:\/\/schema.org","@graph":[{"@type":"Article","@id":"https:\/\/vosgesinfo.fr\/laplainedesvosgesinfo\/2016\/04\/tgv-stoppe-en-gare-de-neufchateau\/#article","isPartOf":{"@id":"https:\/\/vosgesinfo.fr\/laplainedesvosgesinfo\/2016\/04\/tgv-stoppe-en-gare-de-neufchateau\/"},"author":{"name":"qs_admin","@id":"https:\/\/vosgesinfo.fr\/laplainedesvosgesinfo\/#\/schema\/person\/bc5d02d71e6932e81b6dadb7386667b1"},"headline":"TGV stopp\u00e9 en gare de Neufch\u00e2teau","datePublished":"2016-04-04T03:00:29+00:00","dateModified":"2016-04-04T03:00:29+00:00","mainEntityOfPage":{"@id":"https:\/\/vosgesinfo.fr\/laplainedesvosgesinfo\/2016\/04\/tgv-stoppe-en-gare-de-neufchateau\/"},"wordCount":274,"commentCount":0,"publisher":{"@id":"https:\/\/vosgesinfo.fr\/laplainedesvosgesinfo\/#organization"},"image":{"@id":"https:\/\/vosgesinfo.fr\/laplainedesvosgesinfo\/2016\/04\/tgv-stoppe-en-gare-de-neufchateau\/#primaryimage"},"thumbnailUrl":"https:\/\/vosgesinfo.fr\/app\/uploads\/sites\/2\/2024\/06\/201604img-9428-min.jpg","keywords":["manifestation","neufchateau","sncf","TGV","trains"],"articleSection":["A la Une","La Plaine","Neufch\u00e2teau","Soci\u00e9t\u00e9"],"inLanguage":"fr-FR","potentialAction":[{"@type":"CommentAction","name":"Comment","target":["https:\/\/vosgesinfo.fr\/laplainedesvosgesinfo\/2016\/04\/tgv-stoppe-en-gare-de-neufchateau\/#respond"]}]},{"@type":"WebPage","@id":"https:\/\/vosgesinfo.fr\/laplainedesvosgesinfo\/2016\/04\/tgv-stoppe-en-gare-de-neufchateau\/","url":"https:\/\/vosgesinfo.fr\/laplainedesvosgesinfo\/2016\/04\/tgv-stoppe-en-gare-de-neufchateau\/","name":"TGV stopp\u00e9 en gare de Neufch\u00e2teau - La Plaine des Vosges","isPartOf":{"@id":"https:\/\/vosgesinfo.fr\/laplainedesvosgesinfo\/#website"},"primaryImageOfPage":{"@id":"https:\/\/vosgesinfo.fr\/laplainedesvosgesinfo\/2016\/04\/tgv-stoppe-en-gare-de-neufchateau\/#primaryimage"},"image":{"@id":"https:\/\/vosgesinfo.fr\/laplainedesvosgesinfo\/2016\/04\/tgv-stoppe-en-gare-de-neufchateau\/#primaryimage"},"thumbnailUrl":"https:\/\/vosgesinfo.fr\/app\/uploads\/sites\/2\/2024\/06\/201604img-9428-min.jpg","datePublished":"2016-04-04T03:00:29+00:00","dateModified":"2016-04-04T03:00:29+00:00","breadcrumb":{"@id":"https:\/\/vosgesinfo.fr\/laplainedesvosgesinfo\/2016\/04\/tgv-stoppe-en-gare-de-neufchateau\/#breadcrumb"},"inLanguage":"fr-FR","potentialAction":[{"@type":"ReadAction","target":["https:\/\/vosgesinfo.fr\/laplainedesvosgesinfo\/2016\/04\/tgv-stoppe-en-gare-de-neufchateau\/"]}]},{"@type":"ImageObject","inLanguage":"fr-FR","@id":"https:\/\/vosgesinfo.fr\/laplainedesvosgesinfo\/2016\/04\/tgv-stoppe-en-gare-de-neufchateau\/#primaryimage","url":"https:\/\/vosgesinfo.fr\/app\/uploads\/sites\/2\/2024\/06\/201604img-9428-min.jpg","contentUrl":"https:\/\/vosgesinfo.fr\/app\/uploads\/sites\/2\/2024\/06\/201604img-9428-min.jpg","width":800,"height":534},{"@type":"BreadcrumbList","@id":"https:\/\/vosgesinfo.fr\/laplainedesvosgesinfo\/2016\/04\/tgv-stoppe-en-gare-de-neufchateau\/#breadcrumb","itemListElement":[{"@type":"ListItem","position":1,"name":"Home","item":"https:\/\/vosgesinfo.fr\/laplainedesvosgesinfo\/"},{"@type":"ListItem","position":2,"name":"TGV stopp\u00e9 en gare de Neufch\u00e2teau"}]},{"@type":"WebSite","@id":"https:\/\/vosgesinfo.fr\/laplainedesvosgesinfo\/#website","url":"https:\/\/vosgesinfo.fr\/laplainedesvosgesinfo\/","name":"La Plaine des Vosges","description":"Toute l&#039;actualit\u00e9 de la plaine de Vosges","publisher":{"@id":"https:\/\/vosgesinfo.fr\/laplainedesvosgesinfo\/#organization"},"alternateName":"Toute l'actualit\u00e9 de la plaine des Vosges","potentialAction":[{"@type":"SearchAction","target":{"@type":"EntryPoint","urlTemplate":"https:\/\/vosgesinfo.fr\/laplainedesvosgesinfo\/?s={search_term_string}"},"query-input":"required name=search_term_string"}],"inLanguage":"fr-FR"},{"@type":"Organization","@id":"https:\/\/vosgesinfo.fr\/laplainedesvosgesinfo\/#organization","name":"La Plaine des Vosges","url":"https:\/\/vosgesinfo.fr\/laplainedesvosgesinfo\/","logo":{"@type":"ImageObject","inLanguage":"fr-FR","@id":"https:\/\/vosgesinfo.fr\/laplainedesvosgesinfo\/#\/schema\/logo\/image\/","url":"https:\/\/vosgesinfo.fr\/app\/uploads\/sites\/2\/2023\/08\/logo-laplaineinfo.svg","contentUrl":"https:\/\/vosgesinfo.fr\/app\/uploads\/sites\/2\/2023\/08\/logo-laplaineinfo.svg","width":1,"height":1,"caption":"La Plaine des Vosges"},"image":{"@id":"https:\/\/vosgesinfo.fr\/laplainedesvosgesinfo\/#\/schema\/logo\/image\/"},"sameAs":["https:\/\/www.facebook.com\/laplainedesvosges","https:\/\/x.com\/VosgesInfo88","https:\/\/www.youtube.com\/@vosgesinfo"]},{"@type":"Person","@id":"https:\/\/vosgesinfo.fr\/laplainedesvosgesinfo\/#\/schema\/person\/bc5d02d71e6932e81b6dadb7386667b1","name":"qs_admin","image":{"@type":"ImageObject","inLanguage":"fr-FR","@id":"https:\/\/vosgesinfo.fr\/laplainedesvosgesinfo\/#\/schema\/person\/image\/","url":"https:\/\/secure.gravatar.com\/avatar\/94b18ee0ed79e4a42ea2f2931277b6841a8999fc6fde214600c78057cf1fe1de?s=96&d=mm&r=g","contentUrl":"https:\/\/secure.gravatar.com\/avatar\/94b18ee0ed79e4a42ea2f2931277b6841a8999fc6fde214600c78057cf1fe1de?s=96&d=mm&r=g","caption":"qs_admin"},"sameAs":["https:\/\/vosgesinfo.fr\/wp"],"url":"https:\/\/vosgesinfo.fr\/laplainedesvosgesinfo\/author\/qs_admin\/"}]}},"_links":{"self":[{"href":"https:\/\/vosgesinfo.fr\/laplainedesvosgesinfo\/wp-json\/wp\/v2\/posts\/3614","targetHints":{"allow":["GET"]}}],"collection":[{"href":"https:\/\/vosgesinfo.fr\/laplainedesvosgesinfo\/wp-json\/wp\/v2\/posts"}],"about":[{"href":"https:\/\/vosgesinfo.fr\/laplainedesvosgesinfo\/wp-json\/wp\/v2\/types\/post"}],"author":[{"embeddable":true,"href":"https:\/\/vosgesinfo.fr\/laplainedesvosgesinfo\/wp-json\/wp\/v2\/users\/1"}],"replies":[{"embeddable":true,"href":"https:\/\/vosgesinfo.fr\/laplainedesvosgesinfo\/wp-json\/wp\/v2\/comments?post=3614"}],"version-history":[{"count":0,"href":"https:\/\/vosgesinfo.fr\/laplainedesvosgesinfo\/wp-json\/wp\/v2\/posts\/3614\/revisions"}],"wp:featuredmedia":[{"embeddable":true,"href":"https:\/\/vosgesinfo.fr\/laplainedesvosgesinfo\/wp-json\/wp\/v2\/media\/3615"}],"wp:attachment":[{"href":"https:\/\/vosgesinfo.fr\/laplainedesvosgesinfo\/wp-json\/wp\/v2\/media?parent=3614"}],"wp:term":[{"taxonomy":"category","embeddable":true,"href":"https:\/\/vosgesinfo.fr\/laplainedesvosgesinfo\/wp-json\/wp\/v2\/categories?post=3614"},{"taxonomy":"post_tag","embeddable":true,"href":"https:\/\/vosgesinfo.fr\/laplainedesvosgesinfo\/wp-json\/wp\/v2\/tags?post=3614"}],"curies":[{"name":"wp","href":"https:\/\/api.w.org\/{rel}","templated":true}]}}