{"id":3685,"date":"2016-04-06T16:08:40","date_gmt":"2016-04-06T14:08:40","guid":{"rendered":"https:\/\/vosgesinfo.fr\/laplainedesvosgesinfo\/2016\/04\/ceremonie-daccueil-des-nouveaux-habitants-de-contrexeville\/"},"modified":"2016-04-06T16:08:40","modified_gmt":"2016-04-06T14:08:40","slug":"ceremonie-daccueil-des-nouveaux-habitants-de-contrexeville","status":"publish","type":"post","link":"https:\/\/vosgesinfo.fr\/laplainedesvosgesinfo\/2016\/04\/ceremonie-daccueil-des-nouveaux-habitants-de-contrexeville\/","title":{"rendered":"C\u00e9r\u00e9monie d&rsquo;accueil des nouveaux habitants de Contrex\u00e9ville"},"content":{"rendered":"<p style=\"text-align: justify;\"><a href=\"\/2016\/04\/IMG_0875-2-min.jpg\"><img decoding=\"async\" class=\"wp-image-74961 aligncenter\" src=\"\/2016\/04\/IMG_0875-2-min.jpg\" alt=\"IMG_0875 (2)-min\" width=\"732\" height=\"489\" \/><\/a><\/p>\n<p style=\"text-align: justify;\"><strong>Luc Gerecke, maire de Contrex\u00e9ville, a accueilli une trentaine de personnes, nouveaux habitants de Contrex\u00e9ville, arriv\u00e9s sur la commune depuis 2013. Cette c\u00e9r\u00e9monie a eu lieu afin d&rsquo;honorer celles et ceux qui ont choisi de s&rsquo;installer dans notre belle ville pour y vivre, travailler, profiter de leur retraite ou pour toutes autres raisons.<\/strong><\/p>\n<p style=\"text-align: justify;\">Agn\u00e8s Lavancier, directrice g\u00e9n\u00e9rale des services a, quant \u00e0 elle, pr\u00e9sent\u00e9 les services de la commune, Jean-Claude Ligouzat, pr\u00e9sident de l\u2019Office de Tourisme, a expos\u00e9 les activit\u00e9s et les offres propos\u00e9es par l\u2019OT. Fran\u00e7ois Chalumeau, directeur de l\u2019\u00e9tablissement thermal, a expliqu\u00e9 les diff\u00e9rentes offres que propose l&rsquo;\u00e9tablissement thermal et Jean-Louis Duvergey, directeur de l\u2019OMS a \u00e9nonc\u00e9 l\u2019ensemble de l\u2019offre sportive contrex\u00e9villoise.<\/p>\n<div id=\"attachment_74958\" style=\"width: 320px\" class=\"wp-caption alignright\"><a href=\"\/2016\/04\/IMG_0844-2-min.jpg\"><img decoding=\"async\" aria-describedby=\"caption-attachment-74958\" class=\" wp-image-74958\" src=\"\/2016\/04\/IMG_0844-2-min.jpg\" alt=\"(A gauche : Jamel Hakouti)\" width=\"310\" height=\"207\" \/><\/a><p id=\"caption-attachment-74958\" class=\"wp-caption-text\">(A gauche : Jamel Hakouti)<\/p><\/div>\n<p style=\"text-align: justify;\">Chaque habitant s\u2019est vu remettre un cadeau de chaque structure avant d\u2019\u00e9changer autour d\u2019un verre avec les membres du conseil municipal pr\u00e9sents.<\/p>\n<p style=\"text-align: justify;\">Une distinction particuli\u00e8re a \u00e9t\u00e9 remise \u00e0 Jamel Hakouti, g\u00e9rant du Vival, pour son acte de bravoure d\u2019octobre dernier. En effet, ce dernier est intervenu de mani\u00e8re tr\u00e8s r\u00e9active et tr\u00e8s efficace pour r\u00e9cup\u00e9rer un enfant en bas \u00e2ge qui s&rsquo;\u00e9tait aventur\u00e9 sur un toit qui jouxte son magasin. Les parents de cet enfant ont sollicit\u00e9 le premier magistrat afin de lui rendre hommage.<\/p>\n<p style=\"text-align: justify;\">Luc Gerecke a donc remis la m\u00e9daille de la ville de Contrex\u00e9ville \u00e0 Jamel Hakouti en reconnaissance du service rendu.<\/p>\n","protected":false},"excerpt":{"rendered":"<p>Luc Gerecke, maire de Contrex\u00e9ville, a accueilli une trentaine de personnes, nouveaux habitants de Contrex\u00e9ville, arriv\u00e9s sur la commune depuis [&hellip;]<\/p>\n","protected":false},"author":1,"featured_media":3686,"comment_status":"open","ping_status":"open","sticky":false,"template":"","format":"standard","meta":{"footnotes":""},"categories":[29,79,37,13],"tags":[800,177,801],"class_list":["post-3685","post","type-post","status-publish","format-standard","has-post-thumbnail","hentry","category-a-la-une","category-contrexeville-la-plaine","category-la-plaine","category-societe","tag-ceremonie","tag-contrexeville","tag-nouveaux-habitants"],"acf":[],"yoast_head":"<!-- This site is optimized with the Yoast SEO plugin v22.5 - https:\/\/yoast.com\/wordpress\/plugins\/seo\/ -->\n<title>C\u00e9r\u00e9monie d&#039;accueil des nouveaux habitants de Contrex\u00e9ville - La Plaine des Vosges<\/title>\n<meta name=\"robots\" content=\"index, follow, max-snippet:-1, max-image-preview:large, max-video-preview:-1\" \/>\n<link rel=\"canonical\" href=\"https:\/\/vosgesinfo.fr\/laplainedesvosgesinfo\/2016\/04\/ceremonie-daccueil-des-nouveaux-habitants-de-contrexeville\/\" \/>\n<meta name=\"twitter:card\" content=\"summary_large_image\" \/>\n<meta name=\"twitter:title\" content=\"C\u00e9r\u00e9monie d&#039;accueil des nouveaux habitants de Contrex\u00e9ville - La Plaine des Vosges\" \/>\n<meta name=\"twitter:description\" content=\"Luc Gerecke, maire de Contrex\u00e9ville, a accueilli une trentaine de personnes, nouveaux habitants de Contrex\u00e9ville, arriv\u00e9s sur la commune depuis [&hellip;]\" \/>\n<meta name=\"twitter:image\" content=\"https:\/\/vosgesinfo.fr\/app\/uploads\/sites\/2\/2024\/06\/201604img-0875-2-min.jpg\" \/>\n<meta name=\"twitter:creator\" content=\"@VosgesInfo88\" \/>\n<meta name=\"twitter:site\" content=\"@VosgesInfo88\" \/>\n<meta name=\"twitter:label1\" content=\"\u00c9crit par\" \/>\n\t<meta name=\"twitter:data1\" content=\"qs_admin\" \/>\n\t<meta name=\"twitter:label2\" content=\"Dur\u00e9e de lecture estim\u00e9e\" \/>\n\t<meta name=\"twitter:data2\" content=\"1 minute\" \/>\n<script type=\"application\/ld+json\" class=\"yoast-schema-graph\">{\"@context\":\"https:\/\/schema.org\",\"@graph\":[{\"@type\":\"Article\",\"@id\":\"https:\/\/vosgesinfo.fr\/laplainedesvosgesinfo\/2016\/04\/ceremonie-daccueil-des-nouveaux-habitants-de-contrexeville\/#article\",\"isPartOf\":{\"@id\":\"https:\/\/vosgesinfo.fr\/laplainedesvosgesinfo\/2016\/04\/ceremonie-daccueil-des-nouveaux-habitants-de-contrexeville\/\"},\"author\":{\"name\":\"qs_admin\",\"@id\":\"https:\/\/vosgesinfo.fr\/laplainedesvosgesinfo\/#\/schema\/person\/bc5d02d71e6932e81b6dadb7386667b1\"},\"headline\":\"C\u00e9r\u00e9monie d&rsquo;accueil des nouveaux habitants de Contrex\u00e9ville\",\"datePublished\":\"2016-04-06T14:08:40+00:00\",\"dateModified\":\"2016-04-06T14:08:40+00:00\",\"mainEntityOfPage\":{\"@id\":\"https:\/\/vosgesinfo.fr\/laplainedesvosgesinfo\/2016\/04\/ceremonie-daccueil-des-nouveaux-habitants-de-contrexeville\/\"},\"wordCount\":278,\"commentCount\":0,\"publisher\":{\"@id\":\"https:\/\/vosgesinfo.fr\/laplainedesvosgesinfo\/#organization\"},\"image\":{\"@id\":\"https:\/\/vosgesinfo.fr\/laplainedesvosgesinfo\/2016\/04\/ceremonie-daccueil-des-nouveaux-habitants-de-contrexeville\/#primaryimage\"},\"thumbnailUrl\":\"https:\/\/vosgesinfo.fr\/app\/uploads\/sites\/2\/2024\/06\/201604img-0875-2-min.jpg\",\"keywords\":[\"c\u00e9r\u00e9monie\",\"Contrex\u00e9ville\",\"nouveaux habitants\"],\"articleSection\":[\"A la Une\",\"Contrex\u00e9ville\",\"La Plaine\",\"Soci\u00e9t\u00e9\"],\"inLanguage\":\"fr-FR\",\"potentialAction\":[{\"@type\":\"CommentAction\",\"name\":\"Comment\",\"target\":[\"https:\/\/vosgesinfo.fr\/laplainedesvosgesinfo\/2016\/04\/ceremonie-daccueil-des-nouveaux-habitants-de-contrexeville\/#respond\"]}]},{\"@type\":\"WebPage\",\"@id\":\"https:\/\/vosgesinfo.fr\/laplainedesvosgesinfo\/2016\/04\/ceremonie-daccueil-des-nouveaux-habitants-de-contrexeville\/\",\"url\":\"https:\/\/vosgesinfo.fr\/laplainedesvosgesinfo\/2016\/04\/ceremonie-daccueil-des-nouveaux-habitants-de-contrexeville\/\",\"name\":\"C\u00e9r\u00e9monie d'accueil des nouveaux habitants de Contrex\u00e9ville - La Plaine des Vosges\",\"isPartOf\":{\"@id\":\"https:\/\/vosgesinfo.fr\/laplainedesvosgesinfo\/#website\"},\"primaryImageOfPage\":{\"@id\":\"https:\/\/vosgesinfo.fr\/laplainedesvosgesinfo\/2016\/04\/ceremonie-daccueil-des-nouveaux-habitants-de-contrexeville\/#primaryimage\"},\"image\":{\"@id\":\"https:\/\/vosgesinfo.fr\/laplainedesvosgesinfo\/2016\/04\/ceremonie-daccueil-des-nouveaux-habitants-de-contrexeville\/#primaryimage\"},\"thumbnailUrl\":\"https:\/\/vosgesinfo.fr\/app\/uploads\/sites\/2\/2024\/06\/201604img-0875-2-min.jpg\",\"datePublished\":\"2016-04-06T14:08:40+00:00\",\"dateModified\":\"2016-04-06T14:08:40+00:00\",\"breadcrumb\":{\"@id\":\"https:\/\/vosgesinfo.fr\/laplainedesvosgesinfo\/2016\/04\/ceremonie-daccueil-des-nouveaux-habitants-de-contrexeville\/#breadcrumb\"},\"inLanguage\":\"fr-FR\",\"potentialAction\":[{\"@type\":\"ReadAction\",\"target\":[\"https:\/\/vosgesinfo.fr\/laplainedesvosgesinfo\/2016\/04\/ceremonie-daccueil-des-nouveaux-habitants-de-contrexeville\/\"]}]},{\"@type\":\"ImageObject\",\"inLanguage\":\"fr-FR\",\"@id\":\"https:\/\/vosgesinfo.fr\/laplainedesvosgesinfo\/2016\/04\/ceremonie-daccueil-des-nouveaux-habitants-de-contrexeville\/#primaryimage\",\"url\":\"https:\/\/vosgesinfo.fr\/app\/uploads\/sites\/2\/2024\/06\/201604img-0875-2-min.jpg\",\"contentUrl\":\"https:\/\/vosgesinfo.fr\/app\/uploads\/sites\/2\/2024\/06\/201604img-0875-2-min.jpg\",\"width\":800,\"height\":534},{\"@type\":\"BreadcrumbList\",\"@id\":\"https:\/\/vosgesinfo.fr\/laplainedesvosgesinfo\/2016\/04\/ceremonie-daccueil-des-nouveaux-habitants-de-contrexeville\/#breadcrumb\",\"itemListElement\":[{\"@type\":\"ListItem\",\"position\":1,\"name\":\"Home\",\"item\":\"https:\/\/vosgesinfo.fr\/laplainedesvosgesinfo\/\"},{\"@type\":\"ListItem\",\"position\":2,\"name\":\"C\u00e9r\u00e9monie d&rsquo;accueil des nouveaux habitants de Contrex\u00e9ville\"}]},{\"@type\":\"WebSite\",\"@id\":\"https:\/\/vosgesinfo.fr\/laplainedesvosgesinfo\/#website\",\"url\":\"https:\/\/vosgesinfo.fr\/laplainedesvosgesinfo\/\",\"name\":\"La Plaine des Vosges\",\"description\":\"Toute l&#039;actualit\u00e9 de la plaine de Vosges\",\"publisher\":{\"@id\":\"https:\/\/vosgesinfo.fr\/laplainedesvosgesinfo\/#organization\"},\"alternateName\":\"Toute l'actualit\u00e9 de la plaine des Vosges\",\"potentialAction\":[{\"@type\":\"SearchAction\",\"target\":{\"@type\":\"EntryPoint\",\"urlTemplate\":\"https:\/\/vosgesinfo.fr\/laplainedesvosgesinfo\/?s={search_term_string}\"},\"query-input\":\"required name=search_term_string\"}],\"inLanguage\":\"fr-FR\"},{\"@type\":\"Organization\",\"@id\":\"https:\/\/vosgesinfo.fr\/laplainedesvosgesinfo\/#organization\",\"name\":\"La Plaine des Vosges\",\"url\":\"https:\/\/vosgesinfo.fr\/laplainedesvosgesinfo\/\",\"logo\":{\"@type\":\"ImageObject\",\"inLanguage\":\"fr-FR\",\"@id\":\"https:\/\/vosgesinfo.fr\/laplainedesvosgesinfo\/#\/schema\/logo\/image\/\",\"url\":\"https:\/\/vosgesinfo.fr\/app\/uploads\/sites\/2\/2023\/08\/logo-laplaineinfo.svg\",\"contentUrl\":\"https:\/\/vosgesinfo.fr\/app\/uploads\/sites\/2\/2023\/08\/logo-laplaineinfo.svg\",\"width\":1,\"height\":1,\"caption\":\"La Plaine des Vosges\"},\"image\":{\"@id\":\"https:\/\/vosgesinfo.fr\/laplainedesvosgesinfo\/#\/schema\/logo\/image\/\"},\"sameAs\":[\"https:\/\/www.facebook.com\/laplainedesvosges\",\"https:\/\/x.com\/VosgesInfo88\",\"https:\/\/www.youtube.com\/@vosgesinfo\"]},{\"@type\":\"Person\",\"@id\":\"https:\/\/vosgesinfo.fr\/laplainedesvosgesinfo\/#\/schema\/person\/bc5d02d71e6932e81b6dadb7386667b1\",\"name\":\"qs_admin\",\"image\":{\"@type\":\"ImageObject\",\"inLanguage\":\"fr-FR\",\"@id\":\"https:\/\/vosgesinfo.fr\/laplainedesvosgesinfo\/#\/schema\/person\/image\/\",\"url\":\"https:\/\/secure.gravatar.com\/avatar\/94b18ee0ed79e4a42ea2f2931277b6841a8999fc6fde214600c78057cf1fe1de?s=96&d=mm&r=g\",\"contentUrl\":\"https:\/\/secure.gravatar.com\/avatar\/94b18ee0ed79e4a42ea2f2931277b6841a8999fc6fde214600c78057cf1fe1de?s=96&d=mm&r=g\",\"caption\":\"qs_admin\"},\"sameAs\":[\"https:\/\/vosgesinfo.fr\/wp\"],\"url\":\"https:\/\/vosgesinfo.fr\/laplainedesvosgesinfo\/author\/qs_admin\/\"}]}<\/script>\n<!-- \/ Yoast SEO plugin. -->","yoast_head_json":{"title":"C\u00e9r\u00e9monie d'accueil des nouveaux habitants de Contrex\u00e9ville - La Plaine des Vosges","robots":{"index":"index","follow":"follow","max-snippet":"max-snippet:-1","max-image-preview":"max-image-preview:large","max-video-preview":"max-video-preview:-1"},"canonical":"https:\/\/vosgesinfo.fr\/laplainedesvosgesinfo\/2016\/04\/ceremonie-daccueil-des-nouveaux-habitants-de-contrexeville\/","twitter_card":"summary_large_image","twitter_title":"C\u00e9r\u00e9monie d'accueil des nouveaux habitants de Contrex\u00e9ville - La Plaine des Vosges","twitter_description":"Luc Gerecke, maire de Contrex\u00e9ville, a accueilli une trentaine de personnes, nouveaux habitants de Contrex\u00e9ville, arriv\u00e9s sur la commune depuis [&hellip;]","twitter_image":"https:\/\/vosgesinfo.fr\/app\/uploads\/sites\/2\/2024\/06\/201604img-0875-2-min.jpg","twitter_creator":"@VosgesInfo88","twitter_site":"@VosgesInfo88","twitter_misc":{"\u00c9crit par":"qs_admin","Dur\u00e9e de lecture estim\u00e9e":"1 minute"},"schema":{"@context":"https:\/\/schema.org","@graph":[{"@type":"Article","@id":"https:\/\/vosgesinfo.fr\/laplainedesvosgesinfo\/2016\/04\/ceremonie-daccueil-des-nouveaux-habitants-de-contrexeville\/#article","isPartOf":{"@id":"https:\/\/vosgesinfo.fr\/laplainedesvosgesinfo\/2016\/04\/ceremonie-daccueil-des-nouveaux-habitants-de-contrexeville\/"},"author":{"name":"qs_admin","@id":"https:\/\/vosgesinfo.fr\/laplainedesvosgesinfo\/#\/schema\/person\/bc5d02d71e6932e81b6dadb7386667b1"},"headline":"C\u00e9r\u00e9monie d&rsquo;accueil des nouveaux habitants de Contrex\u00e9ville","datePublished":"2016-04-06T14:08:40+00:00","dateModified":"2016-04-06T14:08:40+00:00","mainEntityOfPage":{"@id":"https:\/\/vosgesinfo.fr\/laplainedesvosgesinfo\/2016\/04\/ceremonie-daccueil-des-nouveaux-habitants-de-contrexeville\/"},"wordCount":278,"commentCount":0,"publisher":{"@id":"https:\/\/vosgesinfo.fr\/laplainedesvosgesinfo\/#organization"},"image":{"@id":"https:\/\/vosgesinfo.fr\/laplainedesvosgesinfo\/2016\/04\/ceremonie-daccueil-des-nouveaux-habitants-de-contrexeville\/#primaryimage"},"thumbnailUrl":"https:\/\/vosgesinfo.fr\/app\/uploads\/sites\/2\/2024\/06\/201604img-0875-2-min.jpg","keywords":["c\u00e9r\u00e9monie","Contrex\u00e9ville","nouveaux habitants"],"articleSection":["A la Une","Contrex\u00e9ville","La Plaine","Soci\u00e9t\u00e9"],"inLanguage":"fr-FR","potentialAction":[{"@type":"CommentAction","name":"Comment","target":["https:\/\/vosgesinfo.fr\/laplainedesvosgesinfo\/2016\/04\/ceremonie-daccueil-des-nouveaux-habitants-de-contrexeville\/#respond"]}]},{"@type":"WebPage","@id":"https:\/\/vosgesinfo.fr\/laplainedesvosgesinfo\/2016\/04\/ceremonie-daccueil-des-nouveaux-habitants-de-contrexeville\/","url":"https:\/\/vosgesinfo.fr\/laplainedesvosgesinfo\/2016\/04\/ceremonie-daccueil-des-nouveaux-habitants-de-contrexeville\/","name":"C\u00e9r\u00e9monie d'accueil des nouveaux habitants de Contrex\u00e9ville - La Plaine des Vosges","isPartOf":{"@id":"https:\/\/vosgesinfo.fr\/laplainedesvosgesinfo\/#website"},"primaryImageOfPage":{"@id":"https:\/\/vosgesinfo.fr\/laplainedesvosgesinfo\/2016\/04\/ceremonie-daccueil-des-nouveaux-habitants-de-contrexeville\/#primaryimage"},"image":{"@id":"https:\/\/vosgesinfo.fr\/laplainedesvosgesinfo\/2016\/04\/ceremonie-daccueil-des-nouveaux-habitants-de-contrexeville\/#primaryimage"},"thumbnailUrl":"https:\/\/vosgesinfo.fr\/app\/uploads\/sites\/2\/2024\/06\/201604img-0875-2-min.jpg","datePublished":"2016-04-06T14:08:40+00:00","dateModified":"2016-04-06T14:08:40+00:00","breadcrumb":{"@id":"https:\/\/vosgesinfo.fr\/laplainedesvosgesinfo\/2016\/04\/ceremonie-daccueil-des-nouveaux-habitants-de-contrexeville\/#breadcrumb"},"inLanguage":"fr-FR","potentialAction":[{"@type":"ReadAction","target":["https:\/\/vosgesinfo.fr\/laplainedesvosgesinfo\/2016\/04\/ceremonie-daccueil-des-nouveaux-habitants-de-contrexeville\/"]}]},{"@type":"ImageObject","inLanguage":"fr-FR","@id":"https:\/\/vosgesinfo.fr\/laplainedesvosgesinfo\/2016\/04\/ceremonie-daccueil-des-nouveaux-habitants-de-contrexeville\/#primaryimage","url":"https:\/\/vosgesinfo.fr\/app\/uploads\/sites\/2\/2024\/06\/201604img-0875-2-min.jpg","contentUrl":"https:\/\/vosgesinfo.fr\/app\/uploads\/sites\/2\/2024\/06\/201604img-0875-2-min.jpg","width":800,"height":534},{"@type":"BreadcrumbList","@id":"https:\/\/vosgesinfo.fr\/laplainedesvosgesinfo\/2016\/04\/ceremonie-daccueil-des-nouveaux-habitants-de-contrexeville\/#breadcrumb","itemListElement":[{"@type":"ListItem","position":1,"name":"Home","item":"https:\/\/vosgesinfo.fr\/laplainedesvosgesinfo\/"},{"@type":"ListItem","position":2,"name":"C\u00e9r\u00e9monie d&rsquo;accueil des nouveaux habitants de Contrex\u00e9ville"}]},{"@type":"WebSite","@id":"https:\/\/vosgesinfo.fr\/laplainedesvosgesinfo\/#website","url":"https:\/\/vosgesinfo.fr\/laplainedesvosgesinfo\/","name":"La Plaine des Vosges","description":"Toute l&#039;actualit\u00e9 de la plaine de Vosges","publisher":{"@id":"https:\/\/vosgesinfo.fr\/laplainedesvosgesinfo\/#organization"},"alternateName":"Toute l'actualit\u00e9 de la plaine des Vosges","potentialAction":[{"@type":"SearchAction","target":{"@type":"EntryPoint","urlTemplate":"https:\/\/vosgesinfo.fr\/laplainedesvosgesinfo\/?s={search_term_string}"},"query-input":"required name=search_term_string"}],"inLanguage":"fr-FR"},{"@type":"Organization","@id":"https:\/\/vosgesinfo.fr\/laplainedesvosgesinfo\/#organization","name":"La Plaine des Vosges","url":"https:\/\/vosgesinfo.fr\/laplainedesvosgesinfo\/","logo":{"@type":"ImageObject","inLanguage":"fr-FR","@id":"https:\/\/vosgesinfo.fr\/laplainedesvosgesinfo\/#\/schema\/logo\/image\/","url":"https:\/\/vosgesinfo.fr\/app\/uploads\/sites\/2\/2023\/08\/logo-laplaineinfo.svg","contentUrl":"https:\/\/vosgesinfo.fr\/app\/uploads\/sites\/2\/2023\/08\/logo-laplaineinfo.svg","width":1,"height":1,"caption":"La Plaine des Vosges"},"image":{"@id":"https:\/\/vosgesinfo.fr\/laplainedesvosgesinfo\/#\/schema\/logo\/image\/"},"sameAs":["https:\/\/www.facebook.com\/laplainedesvosges","https:\/\/x.com\/VosgesInfo88","https:\/\/www.youtube.com\/@vosgesinfo"]},{"@type":"Person","@id":"https:\/\/vosgesinfo.fr\/laplainedesvosgesinfo\/#\/schema\/person\/bc5d02d71e6932e81b6dadb7386667b1","name":"qs_admin","image":{"@type":"ImageObject","inLanguage":"fr-FR","@id":"https:\/\/vosgesinfo.fr\/laplainedesvosgesinfo\/#\/schema\/person\/image\/","url":"https:\/\/secure.gravatar.com\/avatar\/94b18ee0ed79e4a42ea2f2931277b6841a8999fc6fde214600c78057cf1fe1de?s=96&d=mm&r=g","contentUrl":"https:\/\/secure.gravatar.com\/avatar\/94b18ee0ed79e4a42ea2f2931277b6841a8999fc6fde214600c78057cf1fe1de?s=96&d=mm&r=g","caption":"qs_admin"},"sameAs":["https:\/\/vosgesinfo.fr\/wp"],"url":"https:\/\/vosgesinfo.fr\/laplainedesvosgesinfo\/author\/qs_admin\/"}]}},"_links":{"self":[{"href":"https:\/\/vosgesinfo.fr\/laplainedesvosgesinfo\/wp-json\/wp\/v2\/posts\/3685","targetHints":{"allow":["GET"]}}],"collection":[{"href":"https:\/\/vosgesinfo.fr\/laplainedesvosgesinfo\/wp-json\/wp\/v2\/posts"}],"about":[{"href":"https:\/\/vosgesinfo.fr\/laplainedesvosgesinfo\/wp-json\/wp\/v2\/types\/post"}],"author":[{"embeddable":true,"href":"https:\/\/vosgesinfo.fr\/laplainedesvosgesinfo\/wp-json\/wp\/v2\/users\/1"}],"replies":[{"embeddable":true,"href":"https:\/\/vosgesinfo.fr\/laplainedesvosgesinfo\/wp-json\/wp\/v2\/comments?post=3685"}],"version-history":[{"count":0,"href":"https:\/\/vosgesinfo.fr\/laplainedesvosgesinfo\/wp-json\/wp\/v2\/posts\/3685\/revisions"}],"wp:featuredmedia":[{"embeddable":true,"href":"https:\/\/vosgesinfo.fr\/laplainedesvosgesinfo\/wp-json\/wp\/v2\/media\/3686"}],"wp:attachment":[{"href":"https:\/\/vosgesinfo.fr\/laplainedesvosgesinfo\/wp-json\/wp\/v2\/media?parent=3685"}],"wp:term":[{"taxonomy":"category","embeddable":true,"href":"https:\/\/vosgesinfo.fr\/laplainedesvosgesinfo\/wp-json\/wp\/v2\/categories?post=3685"},{"taxonomy":"post_tag","embeddable":true,"href":"https:\/\/vosgesinfo.fr\/laplainedesvosgesinfo\/wp-json\/wp\/v2\/tags?post=3685"}],"curies":[{"name":"wp","href":"https:\/\/api.w.org\/{rel}","templated":true}]}}