{"id":3945,"date":"2016-04-20T15:39:30","date_gmt":"2016-04-20T13:39:30","guid":{"rendered":"https:\/\/vosgesinfo.fr\/laplainedesvosgesinfo\/2016\/04\/vittel-les-eleves-du-college-a-la-rencontre-de-motards\/"},"modified":"2016-04-20T15:39:30","modified_gmt":"2016-04-20T13:39:30","slug":"vittel-les-eleves-du-college-a-la-rencontre-de-motards","status":"publish","type":"post","link":"https:\/\/vosgesinfo.fr\/laplainedesvosgesinfo\/2016\/04\/vittel-les-eleves-du-college-a-la-rencontre-de-motards\/","title":{"rendered":"Vittel &#8211; Les \u00e9l\u00e8ves du coll\u00e8ge \u00e0 la rencontre de motards"},"content":{"rendered":"<p style=\"text-align: justify;\"><a href=\"\/2016\/04\/FFMC-min.jpg\"><img decoding=\"async\" class=\"wp-image-75463 aligncenter\" src=\"\/2016\/04\/FFMC-min.jpg\" alt=\"FFMC-min\" width=\"606\" height=\"404\" \/><\/a><\/p>\n<p style=\"text-align: justify;\">Une centaine d&rsquo;\u00e9l\u00e8ves de troisi\u00e8me du coll\u00e8ge Jules Verne ont particip\u00e9 ce mercredi matin \u00e0 une rencontre avec des motards de la F\u00e9d\u00e9ration Fran\u00e7aise des Motards en Col\u00e8re des Vosges. Organis\u00e9e dans le cadre d&rsquo;une intervention de s\u00e9curit\u00e9 routi\u00e8re pour les 3\u00e8mes, cette rencontre mettait en \u00e9vidence les dangers de la route lorsque l&rsquo;on est en deux roues. R\u00e9gis, Michel, Etienne et Herv\u00e9, sont tous les quatre motards et ont anim\u00e9 cette intervention p\u00e9dagogique dans le cadre du processus d&rsquo;\u00c9ducation Routi\u00e8re de la Jeunesse et des Deux-Roues Motoris\u00e9s.<\/p>\n<div id=\"attachment_75464\" style=\"width: 535px\" class=\"wp-caption aligncenter\"><a href=\"\/2016\/04\/FFMC-1-min.jpg\"><img decoding=\"async\" aria-describedby=\"caption-attachment-75464\" class=\" wp-image-75464\" src=\"\/2016\/04\/FFMC-1-min.jpg\" alt=\"Exercice de la t\u00e2che de Mariotte.\" width=\"525\" height=\"350\" \/><\/a><p id=\"caption-attachment-75464\" class=\"wp-caption-text\">Exercice de la t\u00e2che de Mariotte.<\/p><\/div>\n<p style=\"text-align: justify;\">Les r\u00e9flexes, le positionnement sur la route, les distances de s\u00e9curit\u00e9 et la vision, avec l&rsquo;exercice de la t\u00e2che de Mariotte, font partie des points qui ont \u00e9t\u00e9 abord\u00e9s lors de cette rencontre. Le but principal de cet \u00e9change \u00e9tait d&rsquo;expliquer aux \u00e9l\u00e8ves comment prendre plaisir \u00e0 conduire tout en \u00e9tant vigilant.<\/p>\n<p style=\"text-align: justify;\">A.J.<\/p>\n","protected":false},"excerpt":{"rendered":"<p>Une centaine d&rsquo;\u00e9l\u00e8ves de troisi\u00e8me du coll\u00e8ge Jules Verne ont particip\u00e9 ce mercredi matin \u00e0 une rencontre avec des motards [&hellip;]<\/p>\n","protected":false},"author":1,"featured_media":3946,"comment_status":"open","ping_status":"open","sticky":false,"template":"","format":"standard","meta":{"footnotes":""},"categories":[29,37,13,38],"tags":[953,954,77],"class_list":["post-3945","post","type-post","status-publish","format-standard","has-post-thumbnail","hentry","category-a-la-une","category-la-plaine","category-societe","category-vittel-la-plaine","tag-college-jules-verne","tag-ffmc88","tag-vittel"],"acf":[],"yoast_head":"<!-- This site is optimized with the Yoast SEO plugin v22.5 - https:\/\/yoast.com\/wordpress\/plugins\/seo\/ -->\n<title>Vittel - Les \u00e9l\u00e8ves du coll\u00e8ge \u00e0 la rencontre de motards - La Plaine des Vosges<\/title>\n<meta name=\"robots\" content=\"index, follow, max-snippet:-1, max-image-preview:large, max-video-preview:-1\" \/>\n<link rel=\"canonical\" href=\"https:\/\/vosgesinfo.fr\/laplainedesvosgesinfo\/2016\/04\/vittel-les-eleves-du-college-a-la-rencontre-de-motards\/\" \/>\n<meta name=\"twitter:card\" content=\"summary_large_image\" \/>\n<meta name=\"twitter:title\" content=\"Vittel - Les \u00e9l\u00e8ves du coll\u00e8ge \u00e0 la rencontre de motards - La Plaine des Vosges\" \/>\n<meta name=\"twitter:description\" content=\"Une centaine d&rsquo;\u00e9l\u00e8ves de troisi\u00e8me du coll\u00e8ge Jules Verne ont particip\u00e9 ce mercredi matin \u00e0 une rencontre avec des motards [&hellip;]\" \/>\n<meta name=\"twitter:image\" content=\"https:\/\/vosgesinfo.fr\/app\/uploads\/sites\/2\/2024\/06\/201604ffmc-min.jpg\" \/>\n<meta name=\"twitter:creator\" content=\"@VosgesInfo88\" \/>\n<meta name=\"twitter:site\" content=\"@VosgesInfo88\" \/>\n<meta name=\"twitter:label1\" content=\"\u00c9crit par\" \/>\n\t<meta name=\"twitter:data1\" content=\"qs_admin\" \/>\n\t<meta name=\"twitter:label2\" content=\"Dur\u00e9e de lecture estim\u00e9e\" \/>\n\t<meta name=\"twitter:data2\" content=\"1 minute\" \/>\n<script type=\"application\/ld+json\" class=\"yoast-schema-graph\">{\"@context\":\"https:\/\/schema.org\",\"@graph\":[{\"@type\":\"Article\",\"@id\":\"https:\/\/vosgesinfo.fr\/laplainedesvosgesinfo\/2016\/04\/vittel-les-eleves-du-college-a-la-rencontre-de-motards\/#article\",\"isPartOf\":{\"@id\":\"https:\/\/vosgesinfo.fr\/laplainedesvosgesinfo\/2016\/04\/vittel-les-eleves-du-college-a-la-rencontre-de-motards\/\"},\"author\":{\"name\":\"qs_admin\",\"@id\":\"https:\/\/vosgesinfo.fr\/laplainedesvosgesinfo\/#\/schema\/person\/bc5d02d71e6932e81b6dadb7386667b1\"},\"headline\":\"Vittel &#8211; Les \u00e9l\u00e8ves du coll\u00e8ge \u00e0 la rencontre de motards\",\"datePublished\":\"2016-04-20T13:39:30+00:00\",\"dateModified\":\"2016-04-20T13:39:30+00:00\",\"mainEntityOfPage\":{\"@id\":\"https:\/\/vosgesinfo.fr\/laplainedesvosgesinfo\/2016\/04\/vittel-les-eleves-du-college-a-la-rencontre-de-motards\/\"},\"wordCount\":191,\"commentCount\":0,\"publisher\":{\"@id\":\"https:\/\/vosgesinfo.fr\/laplainedesvosgesinfo\/#organization\"},\"image\":{\"@id\":\"https:\/\/vosgesinfo.fr\/laplainedesvosgesinfo\/2016\/04\/vittel-les-eleves-du-college-a-la-rencontre-de-motards\/#primaryimage\"},\"thumbnailUrl\":\"https:\/\/vosgesinfo.fr\/app\/uploads\/sites\/2\/2024\/06\/201604ffmc-min.jpg\",\"keywords\":[\"coll\u00e8ge Jules Verne\",\"FFMC88\",\"Vittel\"],\"articleSection\":[\"A la Une\",\"La Plaine\",\"Soci\u00e9t\u00e9\",\"Vittel\"],\"inLanguage\":\"fr-FR\",\"potentialAction\":[{\"@type\":\"CommentAction\",\"name\":\"Comment\",\"target\":[\"https:\/\/vosgesinfo.fr\/laplainedesvosgesinfo\/2016\/04\/vittel-les-eleves-du-college-a-la-rencontre-de-motards\/#respond\"]}]},{\"@type\":\"WebPage\",\"@id\":\"https:\/\/vosgesinfo.fr\/laplainedesvosgesinfo\/2016\/04\/vittel-les-eleves-du-college-a-la-rencontre-de-motards\/\",\"url\":\"https:\/\/vosgesinfo.fr\/laplainedesvosgesinfo\/2016\/04\/vittel-les-eleves-du-college-a-la-rencontre-de-motards\/\",\"name\":\"Vittel - Les \u00e9l\u00e8ves du coll\u00e8ge \u00e0 la rencontre de motards - La Plaine des Vosges\",\"isPartOf\":{\"@id\":\"https:\/\/vosgesinfo.fr\/laplainedesvosgesinfo\/#website\"},\"primaryImageOfPage\":{\"@id\":\"https:\/\/vosgesinfo.fr\/laplainedesvosgesinfo\/2016\/04\/vittel-les-eleves-du-college-a-la-rencontre-de-motards\/#primaryimage\"},\"image\":{\"@id\":\"https:\/\/vosgesinfo.fr\/laplainedesvosgesinfo\/2016\/04\/vittel-les-eleves-du-college-a-la-rencontre-de-motards\/#primaryimage\"},\"thumbnailUrl\":\"https:\/\/vosgesinfo.fr\/app\/uploads\/sites\/2\/2024\/06\/201604ffmc-min.jpg\",\"datePublished\":\"2016-04-20T13:39:30+00:00\",\"dateModified\":\"2016-04-20T13:39:30+00:00\",\"breadcrumb\":{\"@id\":\"https:\/\/vosgesinfo.fr\/laplainedesvosgesinfo\/2016\/04\/vittel-les-eleves-du-college-a-la-rencontre-de-motards\/#breadcrumb\"},\"inLanguage\":\"fr-FR\",\"potentialAction\":[{\"@type\":\"ReadAction\",\"target\":[\"https:\/\/vosgesinfo.fr\/laplainedesvosgesinfo\/2016\/04\/vittel-les-eleves-du-college-a-la-rencontre-de-motards\/\"]}]},{\"@type\":\"ImageObject\",\"inLanguage\":\"fr-FR\",\"@id\":\"https:\/\/vosgesinfo.fr\/laplainedesvosgesinfo\/2016\/04\/vittel-les-eleves-du-college-a-la-rencontre-de-motards\/#primaryimage\",\"url\":\"https:\/\/vosgesinfo.fr\/app\/uploads\/sites\/2\/2024\/06\/201604ffmc-min.jpg\",\"contentUrl\":\"https:\/\/vosgesinfo.fr\/app\/uploads\/sites\/2\/2024\/06\/201604ffmc-min.jpg\",\"width\":800,\"height\":534},{\"@type\":\"BreadcrumbList\",\"@id\":\"https:\/\/vosgesinfo.fr\/laplainedesvosgesinfo\/2016\/04\/vittel-les-eleves-du-college-a-la-rencontre-de-motards\/#breadcrumb\",\"itemListElement\":[{\"@type\":\"ListItem\",\"position\":1,\"name\":\"Home\",\"item\":\"https:\/\/vosgesinfo.fr\/laplainedesvosgesinfo\/\"},{\"@type\":\"ListItem\",\"position\":2,\"name\":\"Vittel &#8211; Les \u00e9l\u00e8ves du coll\u00e8ge \u00e0 la rencontre de motards\"}]},{\"@type\":\"WebSite\",\"@id\":\"https:\/\/vosgesinfo.fr\/laplainedesvosgesinfo\/#website\",\"url\":\"https:\/\/vosgesinfo.fr\/laplainedesvosgesinfo\/\",\"name\":\"La Plaine des Vosges\",\"description\":\"Toute l&#039;actualit\u00e9 de la plaine de Vosges\",\"publisher\":{\"@id\":\"https:\/\/vosgesinfo.fr\/laplainedesvosgesinfo\/#organization\"},\"alternateName\":\"Toute l'actualit\u00e9 de la plaine des Vosges\",\"potentialAction\":[{\"@type\":\"SearchAction\",\"target\":{\"@type\":\"EntryPoint\",\"urlTemplate\":\"https:\/\/vosgesinfo.fr\/laplainedesvosgesinfo\/?s={search_term_string}\"},\"query-input\":\"required name=search_term_string\"}],\"inLanguage\":\"fr-FR\"},{\"@type\":\"Organization\",\"@id\":\"https:\/\/vosgesinfo.fr\/laplainedesvosgesinfo\/#organization\",\"name\":\"La Plaine des Vosges\",\"url\":\"https:\/\/vosgesinfo.fr\/laplainedesvosgesinfo\/\",\"logo\":{\"@type\":\"ImageObject\",\"inLanguage\":\"fr-FR\",\"@id\":\"https:\/\/vosgesinfo.fr\/laplainedesvosgesinfo\/#\/schema\/logo\/image\/\",\"url\":\"https:\/\/vosgesinfo.fr\/app\/uploads\/sites\/2\/2023\/08\/logo-laplaineinfo.svg\",\"contentUrl\":\"https:\/\/vosgesinfo.fr\/app\/uploads\/sites\/2\/2023\/08\/logo-laplaineinfo.svg\",\"width\":1,\"height\":1,\"caption\":\"La Plaine des Vosges\"},\"image\":{\"@id\":\"https:\/\/vosgesinfo.fr\/laplainedesvosgesinfo\/#\/schema\/logo\/image\/\"},\"sameAs\":[\"https:\/\/www.facebook.com\/laplainedesvosges\",\"https:\/\/x.com\/VosgesInfo88\",\"https:\/\/www.youtube.com\/@vosgesinfo\"]},{\"@type\":\"Person\",\"@id\":\"https:\/\/vosgesinfo.fr\/laplainedesvosgesinfo\/#\/schema\/person\/bc5d02d71e6932e81b6dadb7386667b1\",\"name\":\"qs_admin\",\"image\":{\"@type\":\"ImageObject\",\"inLanguage\":\"fr-FR\",\"@id\":\"https:\/\/vosgesinfo.fr\/laplainedesvosgesinfo\/#\/schema\/person\/image\/\",\"url\":\"https:\/\/secure.gravatar.com\/avatar\/94b18ee0ed79e4a42ea2f2931277b6841a8999fc6fde214600c78057cf1fe1de?s=96&d=mm&r=g\",\"contentUrl\":\"https:\/\/secure.gravatar.com\/avatar\/94b18ee0ed79e4a42ea2f2931277b6841a8999fc6fde214600c78057cf1fe1de?s=96&d=mm&r=g\",\"caption\":\"qs_admin\"},\"sameAs\":[\"https:\/\/vosgesinfo.fr\/wp\"],\"url\":\"https:\/\/vosgesinfo.fr\/laplainedesvosgesinfo\/author\/qs_admin\/\"}]}<\/script>\n<!-- \/ Yoast SEO plugin. -->","yoast_head_json":{"title":"Vittel - Les \u00e9l\u00e8ves du coll\u00e8ge \u00e0 la rencontre de motards - La Plaine des Vosges","robots":{"index":"index","follow":"follow","max-snippet":"max-snippet:-1","max-image-preview":"max-image-preview:large","max-video-preview":"max-video-preview:-1"},"canonical":"https:\/\/vosgesinfo.fr\/laplainedesvosgesinfo\/2016\/04\/vittel-les-eleves-du-college-a-la-rencontre-de-motards\/","twitter_card":"summary_large_image","twitter_title":"Vittel - Les \u00e9l\u00e8ves du coll\u00e8ge \u00e0 la rencontre de motards - La Plaine des Vosges","twitter_description":"Une centaine d&rsquo;\u00e9l\u00e8ves de troisi\u00e8me du coll\u00e8ge Jules Verne ont particip\u00e9 ce mercredi matin \u00e0 une rencontre avec des motards [&hellip;]","twitter_image":"https:\/\/vosgesinfo.fr\/app\/uploads\/sites\/2\/2024\/06\/201604ffmc-min.jpg","twitter_creator":"@VosgesInfo88","twitter_site":"@VosgesInfo88","twitter_misc":{"\u00c9crit par":"qs_admin","Dur\u00e9e de lecture estim\u00e9e":"1 minute"},"schema":{"@context":"https:\/\/schema.org","@graph":[{"@type":"Article","@id":"https:\/\/vosgesinfo.fr\/laplainedesvosgesinfo\/2016\/04\/vittel-les-eleves-du-college-a-la-rencontre-de-motards\/#article","isPartOf":{"@id":"https:\/\/vosgesinfo.fr\/laplainedesvosgesinfo\/2016\/04\/vittel-les-eleves-du-college-a-la-rencontre-de-motards\/"},"author":{"name":"qs_admin","@id":"https:\/\/vosgesinfo.fr\/laplainedesvosgesinfo\/#\/schema\/person\/bc5d02d71e6932e81b6dadb7386667b1"},"headline":"Vittel &#8211; Les \u00e9l\u00e8ves du coll\u00e8ge \u00e0 la rencontre de motards","datePublished":"2016-04-20T13:39:30+00:00","dateModified":"2016-04-20T13:39:30+00:00","mainEntityOfPage":{"@id":"https:\/\/vosgesinfo.fr\/laplainedesvosgesinfo\/2016\/04\/vittel-les-eleves-du-college-a-la-rencontre-de-motards\/"},"wordCount":191,"commentCount":0,"publisher":{"@id":"https:\/\/vosgesinfo.fr\/laplainedesvosgesinfo\/#organization"},"image":{"@id":"https:\/\/vosgesinfo.fr\/laplainedesvosgesinfo\/2016\/04\/vittel-les-eleves-du-college-a-la-rencontre-de-motards\/#primaryimage"},"thumbnailUrl":"https:\/\/vosgesinfo.fr\/app\/uploads\/sites\/2\/2024\/06\/201604ffmc-min.jpg","keywords":["coll\u00e8ge Jules Verne","FFMC88","Vittel"],"articleSection":["A la Une","La Plaine","Soci\u00e9t\u00e9","Vittel"],"inLanguage":"fr-FR","potentialAction":[{"@type":"CommentAction","name":"Comment","target":["https:\/\/vosgesinfo.fr\/laplainedesvosgesinfo\/2016\/04\/vittel-les-eleves-du-college-a-la-rencontre-de-motards\/#respond"]}]},{"@type":"WebPage","@id":"https:\/\/vosgesinfo.fr\/laplainedesvosgesinfo\/2016\/04\/vittel-les-eleves-du-college-a-la-rencontre-de-motards\/","url":"https:\/\/vosgesinfo.fr\/laplainedesvosgesinfo\/2016\/04\/vittel-les-eleves-du-college-a-la-rencontre-de-motards\/","name":"Vittel - Les \u00e9l\u00e8ves du coll\u00e8ge \u00e0 la rencontre de motards - La Plaine des Vosges","isPartOf":{"@id":"https:\/\/vosgesinfo.fr\/laplainedesvosgesinfo\/#website"},"primaryImageOfPage":{"@id":"https:\/\/vosgesinfo.fr\/laplainedesvosgesinfo\/2016\/04\/vittel-les-eleves-du-college-a-la-rencontre-de-motards\/#primaryimage"},"image":{"@id":"https:\/\/vosgesinfo.fr\/laplainedesvosgesinfo\/2016\/04\/vittel-les-eleves-du-college-a-la-rencontre-de-motards\/#primaryimage"},"thumbnailUrl":"https:\/\/vosgesinfo.fr\/app\/uploads\/sites\/2\/2024\/06\/201604ffmc-min.jpg","datePublished":"2016-04-20T13:39:30+00:00","dateModified":"2016-04-20T13:39:30+00:00","breadcrumb":{"@id":"https:\/\/vosgesinfo.fr\/laplainedesvosgesinfo\/2016\/04\/vittel-les-eleves-du-college-a-la-rencontre-de-motards\/#breadcrumb"},"inLanguage":"fr-FR","potentialAction":[{"@type":"ReadAction","target":["https:\/\/vosgesinfo.fr\/laplainedesvosgesinfo\/2016\/04\/vittel-les-eleves-du-college-a-la-rencontre-de-motards\/"]}]},{"@type":"ImageObject","inLanguage":"fr-FR","@id":"https:\/\/vosgesinfo.fr\/laplainedesvosgesinfo\/2016\/04\/vittel-les-eleves-du-college-a-la-rencontre-de-motards\/#primaryimage","url":"https:\/\/vosgesinfo.fr\/app\/uploads\/sites\/2\/2024\/06\/201604ffmc-min.jpg","contentUrl":"https:\/\/vosgesinfo.fr\/app\/uploads\/sites\/2\/2024\/06\/201604ffmc-min.jpg","width":800,"height":534},{"@type":"BreadcrumbList","@id":"https:\/\/vosgesinfo.fr\/laplainedesvosgesinfo\/2016\/04\/vittel-les-eleves-du-college-a-la-rencontre-de-motards\/#breadcrumb","itemListElement":[{"@type":"ListItem","position":1,"name":"Home","item":"https:\/\/vosgesinfo.fr\/laplainedesvosgesinfo\/"},{"@type":"ListItem","position":2,"name":"Vittel &#8211; Les \u00e9l\u00e8ves du coll\u00e8ge \u00e0 la rencontre de motards"}]},{"@type":"WebSite","@id":"https:\/\/vosgesinfo.fr\/laplainedesvosgesinfo\/#website","url":"https:\/\/vosgesinfo.fr\/laplainedesvosgesinfo\/","name":"La Plaine des Vosges","description":"Toute l&#039;actualit\u00e9 de la plaine de Vosges","publisher":{"@id":"https:\/\/vosgesinfo.fr\/laplainedesvosgesinfo\/#organization"},"alternateName":"Toute l'actualit\u00e9 de la plaine des Vosges","potentialAction":[{"@type":"SearchAction","target":{"@type":"EntryPoint","urlTemplate":"https:\/\/vosgesinfo.fr\/laplainedesvosgesinfo\/?s={search_term_string}"},"query-input":"required name=search_term_string"}],"inLanguage":"fr-FR"},{"@type":"Organization","@id":"https:\/\/vosgesinfo.fr\/laplainedesvosgesinfo\/#organization","name":"La Plaine des Vosges","url":"https:\/\/vosgesinfo.fr\/laplainedesvosgesinfo\/","logo":{"@type":"ImageObject","inLanguage":"fr-FR","@id":"https:\/\/vosgesinfo.fr\/laplainedesvosgesinfo\/#\/schema\/logo\/image\/","url":"https:\/\/vosgesinfo.fr\/app\/uploads\/sites\/2\/2023\/08\/logo-laplaineinfo.svg","contentUrl":"https:\/\/vosgesinfo.fr\/app\/uploads\/sites\/2\/2023\/08\/logo-laplaineinfo.svg","width":1,"height":1,"caption":"La Plaine des Vosges"},"image":{"@id":"https:\/\/vosgesinfo.fr\/laplainedesvosgesinfo\/#\/schema\/logo\/image\/"},"sameAs":["https:\/\/www.facebook.com\/laplainedesvosges","https:\/\/x.com\/VosgesInfo88","https:\/\/www.youtube.com\/@vosgesinfo"]},{"@type":"Person","@id":"https:\/\/vosgesinfo.fr\/laplainedesvosgesinfo\/#\/schema\/person\/bc5d02d71e6932e81b6dadb7386667b1","name":"qs_admin","image":{"@type":"ImageObject","inLanguage":"fr-FR","@id":"https:\/\/vosgesinfo.fr\/laplainedesvosgesinfo\/#\/schema\/person\/image\/","url":"https:\/\/secure.gravatar.com\/avatar\/94b18ee0ed79e4a42ea2f2931277b6841a8999fc6fde214600c78057cf1fe1de?s=96&d=mm&r=g","contentUrl":"https:\/\/secure.gravatar.com\/avatar\/94b18ee0ed79e4a42ea2f2931277b6841a8999fc6fde214600c78057cf1fe1de?s=96&d=mm&r=g","caption":"qs_admin"},"sameAs":["https:\/\/vosgesinfo.fr\/wp"],"url":"https:\/\/vosgesinfo.fr\/laplainedesvosgesinfo\/author\/qs_admin\/"}]}},"_links":{"self":[{"href":"https:\/\/vosgesinfo.fr\/laplainedesvosgesinfo\/wp-json\/wp\/v2\/posts\/3945","targetHints":{"allow":["GET"]}}],"collection":[{"href":"https:\/\/vosgesinfo.fr\/laplainedesvosgesinfo\/wp-json\/wp\/v2\/posts"}],"about":[{"href":"https:\/\/vosgesinfo.fr\/laplainedesvosgesinfo\/wp-json\/wp\/v2\/types\/post"}],"author":[{"embeddable":true,"href":"https:\/\/vosgesinfo.fr\/laplainedesvosgesinfo\/wp-json\/wp\/v2\/users\/1"}],"replies":[{"embeddable":true,"href":"https:\/\/vosgesinfo.fr\/laplainedesvosgesinfo\/wp-json\/wp\/v2\/comments?post=3945"}],"version-history":[{"count":0,"href":"https:\/\/vosgesinfo.fr\/laplainedesvosgesinfo\/wp-json\/wp\/v2\/posts\/3945\/revisions"}],"wp:featuredmedia":[{"embeddable":true,"href":"https:\/\/vosgesinfo.fr\/laplainedesvosgesinfo\/wp-json\/wp\/v2\/media\/3946"}],"wp:attachment":[{"href":"https:\/\/vosgesinfo.fr\/laplainedesvosgesinfo\/wp-json\/wp\/v2\/media?parent=3945"}],"wp:term":[{"taxonomy":"category","embeddable":true,"href":"https:\/\/vosgesinfo.fr\/laplainedesvosgesinfo\/wp-json\/wp\/v2\/categories?post=3945"},{"taxonomy":"post_tag","embeddable":true,"href":"https:\/\/vosgesinfo.fr\/laplainedesvosgesinfo\/wp-json\/wp\/v2\/tags?post=3945"}],"curies":[{"name":"wp","href":"https:\/\/api.w.org\/{rel}","templated":true}]}}