{"id":3951,"date":"2016-04-21T08:33:26","date_gmt":"2016-04-21T06:33:26","guid":{"rendered":"https:\/\/vosgesinfo.fr\/laplainedesvosgesinfo\/2016\/04\/vittel-franck-leboeuf-en-representation-theatrale-ce-vendredi\/"},"modified":"2016-04-21T08:33:26","modified_gmt":"2016-04-21T06:33:26","slug":"vittel-franck-leboeuf-en-representation-theatrale-ce-vendredi","status":"publish","type":"post","link":"https:\/\/vosgesinfo.fr\/laplainedesvosgesinfo\/2016\/04\/vittel-franck-leboeuf-en-representation-theatrale-ce-vendredi\/","title":{"rendered":"Vittel &#8211; Franck Leboeuf en repr\u00e9sentation th\u00e9\u00e2trale ce vendredi"},"content":{"rendered":"<p style=\"text-align: justify;\"><strong>Plus que 2 jours avant le lever de rideau ! La pi\u00e8ce \u00ab\u00a0Ma belle-m\u00e8re, mon ex et moi\u00a0\u00bb vous est propos\u00e9e ce vendredi 22 avril \u00e0 21h au Palais des Congr\u00e8s de Vittel.<br \/>\n<\/strong><\/p>\n<p style=\"text-align: justify;\"><strong>L&rsquo;histoire :<\/strong> Conqu\u00eates f\u00e9minines, argent, c\u00e9l\u00e9brit\u00e9, tout r\u00e9ussit \u00e0 Julien. Jusqu&rsquo;au jour o\u00f9 Solange, son ex belle-m\u00e8re, ruin\u00e9e, d\u00e9barque \u00e0 nouveau dans sa vie avec un plan diabolique dans le but d&rsquo;extorquer de l&rsquo;argent \u00e0 celui qui a \u00e9t\u00e9 le mari de sa fille Zo\u00e9, pendant 10 ans.<br \/>\nQuelques photos \u00a0\u00bb intimes \u00a0\u00bb prises \u00e0 son insu chez lui, pourraient bien compromettre la carri\u00e8re du gendre id\u00e9al&#8230; Et Yoann, le secr\u00e9taire de ce dernier pourrait bien \u00eatre l&rsquo;instrument r\u00eav\u00e9 pour parvenir \u00e0 ses fins&#8230; H\u00e9las pour elle, la belle-m\u00e8re indigne devra faire face \u00e0 des retournements de situation.<br \/>\nEt l&rsquo;arriv\u00e9e de sa fille Zo\u00e9 bien d\u00e9cid\u00e9e \u00e0 reconqu\u00e9rir Julien, va bouleverser ses plans&#8230;<\/p>\n<p style=\"text-align: justify;\"><strong>Auteur :<\/strong>\u00a0Bruno Druart,\u00a0Erwin Zirmi.<br \/>\n<strong>Artistes : <\/strong>Franck Leboeuf,\u00a0Christine Lemler,\u00a0Sylvie Huguel,\u00a0Nicolas Vitiello.<\/p>\n<p style=\"text-align: justify;\"><strong>R\u00e9servations : 03.29.08.08.42 &#8211; H\u00f4tel d&rsquo;Angleterre et Office de Tourisme.<br \/>\n<\/strong><\/p>\n<p style=\"text-align: justify;\"><a href=\"\/2016\/04\/illustration-ma-belle-mere-mon-ex-et-moi_1-1450435687.jpg\"><img decoding=\"async\" class=\"wp-image-75477 aligncenter\" src=\"\/2016\/04\/illustration-ma-belle-mere-mon-ex-et-moi_1-1450435687.jpg\" alt=\"illustration-ma-belle-mere-mon-ex-et-moi_1-1450435687\" width=\"483\" height=\"694\" \/><\/a><\/p>\n","protected":false},"excerpt":{"rendered":"<p>Plus que 2 jours avant le lever de rideau ! La pi\u00e8ce \u00ab\u00a0Ma belle-m\u00e8re, mon ex et moi\u00a0\u00bb vous est [&hellip;]<\/p>\n","protected":false},"author":1,"featured_media":3952,"comment_status":"open","ping_status":"open","sticky":false,"template":"","format":"standard","meta":{"footnotes":""},"categories":[4,37,38],"tags":[956,77],"class_list":["post-3951","post","type-post","status-publish","format-standard","has-post-thumbnail","hentry","category-culture","category-la-plaine","category-vittel-la-plaine","tag-piece-de-theatre","tag-vittel"],"acf":[],"yoast_head":"<!-- This site is optimized with the Yoast SEO plugin v22.5 - https:\/\/yoast.com\/wordpress\/plugins\/seo\/ -->\n<title>Vittel - Franck Leboeuf en repr\u00e9sentation th\u00e9\u00e2trale ce vendredi - La Plaine des Vosges<\/title>\n<meta name=\"robots\" content=\"index, follow, max-snippet:-1, max-image-preview:large, max-video-preview:-1\" \/>\n<link rel=\"canonical\" href=\"https:\/\/vosgesinfo.fr\/laplainedesvosgesinfo\/2016\/04\/vittel-franck-leboeuf-en-representation-theatrale-ce-vendredi\/\" \/>\n<meta name=\"twitter:card\" content=\"summary_large_image\" \/>\n<meta name=\"twitter:title\" content=\"Vittel - Franck Leboeuf en repr\u00e9sentation th\u00e9\u00e2trale ce vendredi - La Plaine des Vosges\" \/>\n<meta name=\"twitter:description\" content=\"Plus que 2 jours avant le lever de rideau ! La pi\u00e8ce \u00ab\u00a0Ma belle-m\u00e8re, mon ex et moi\u00a0\u00bb vous est [&hellip;]\" \/>\n<meta name=\"twitter:image\" content=\"https:\/\/vosgesinfo.fr\/app\/uploads\/sites\/2\/2024\/06\/201604illustration-ma-belle-mere-mon-ex-et-moi-1-1450435687.jpg\" \/>\n<meta name=\"twitter:creator\" content=\"@VosgesInfo88\" \/>\n<meta name=\"twitter:site\" content=\"@VosgesInfo88\" \/>\n<meta name=\"twitter:label1\" content=\"\u00c9crit par\" \/>\n\t<meta name=\"twitter:data1\" content=\"qs_admin\" \/>\n\t<meta name=\"twitter:label2\" content=\"Dur\u00e9e de lecture estim\u00e9e\" \/>\n\t<meta name=\"twitter:data2\" content=\"1 minute\" \/>\n<script type=\"application\/ld+json\" class=\"yoast-schema-graph\">{\"@context\":\"https:\/\/schema.org\",\"@graph\":[{\"@type\":\"Article\",\"@id\":\"https:\/\/vosgesinfo.fr\/laplainedesvosgesinfo\/2016\/04\/vittel-franck-leboeuf-en-representation-theatrale-ce-vendredi\/#article\",\"isPartOf\":{\"@id\":\"https:\/\/vosgesinfo.fr\/laplainedesvosgesinfo\/2016\/04\/vittel-franck-leboeuf-en-representation-theatrale-ce-vendredi\/\"},\"author\":{\"name\":\"qs_admin\",\"@id\":\"https:\/\/vosgesinfo.fr\/laplainedesvosgesinfo\/#\/schema\/person\/bc5d02d71e6932e81b6dadb7386667b1\"},\"headline\":\"Vittel &#8211; Franck Leboeuf en repr\u00e9sentation th\u00e9\u00e2trale ce vendredi\",\"datePublished\":\"2016-04-21T06:33:26+00:00\",\"dateModified\":\"2016-04-21T06:33:26+00:00\",\"mainEntityOfPage\":{\"@id\":\"https:\/\/vosgesinfo.fr\/laplainedesvosgesinfo\/2016\/04\/vittel-franck-leboeuf-en-representation-theatrale-ce-vendredi\/\"},\"wordCount\":195,\"commentCount\":0,\"publisher\":{\"@id\":\"https:\/\/vosgesinfo.fr\/laplainedesvosgesinfo\/#organization\"},\"image\":{\"@id\":\"https:\/\/vosgesinfo.fr\/laplainedesvosgesinfo\/2016\/04\/vittel-franck-leboeuf-en-representation-theatrale-ce-vendredi\/#primaryimage\"},\"thumbnailUrl\":\"https:\/\/vosgesinfo.fr\/app\/uploads\/sites\/2\/2024\/06\/201604illustration-ma-belle-mere-mon-ex-et-moi-1-1450435687.jpg\",\"keywords\":[\"pi\u00e8ce de th\u00e9\u00e2tre\",\"Vittel\"],\"articleSection\":[\"Culture\",\"La Plaine\",\"Vittel\"],\"inLanguage\":\"fr-FR\",\"potentialAction\":[{\"@type\":\"CommentAction\",\"name\":\"Comment\",\"target\":[\"https:\/\/vosgesinfo.fr\/laplainedesvosgesinfo\/2016\/04\/vittel-franck-leboeuf-en-representation-theatrale-ce-vendredi\/#respond\"]}]},{\"@type\":\"WebPage\",\"@id\":\"https:\/\/vosgesinfo.fr\/laplainedesvosgesinfo\/2016\/04\/vittel-franck-leboeuf-en-representation-theatrale-ce-vendredi\/\",\"url\":\"https:\/\/vosgesinfo.fr\/laplainedesvosgesinfo\/2016\/04\/vittel-franck-leboeuf-en-representation-theatrale-ce-vendredi\/\",\"name\":\"Vittel - Franck Leboeuf en repr\u00e9sentation th\u00e9\u00e2trale ce vendredi - La Plaine des Vosges\",\"isPartOf\":{\"@id\":\"https:\/\/vosgesinfo.fr\/laplainedesvosgesinfo\/#website\"},\"primaryImageOfPage\":{\"@id\":\"https:\/\/vosgesinfo.fr\/laplainedesvosgesinfo\/2016\/04\/vittel-franck-leboeuf-en-representation-theatrale-ce-vendredi\/#primaryimage\"},\"image\":{\"@id\":\"https:\/\/vosgesinfo.fr\/laplainedesvosgesinfo\/2016\/04\/vittel-franck-leboeuf-en-representation-theatrale-ce-vendredi\/#primaryimage\"},\"thumbnailUrl\":\"https:\/\/vosgesinfo.fr\/app\/uploads\/sites\/2\/2024\/06\/201604illustration-ma-belle-mere-mon-ex-et-moi-1-1450435687.jpg\",\"datePublished\":\"2016-04-21T06:33:26+00:00\",\"dateModified\":\"2016-04-21T06:33:26+00:00\",\"breadcrumb\":{\"@id\":\"https:\/\/vosgesinfo.fr\/laplainedesvosgesinfo\/2016\/04\/vittel-franck-leboeuf-en-representation-theatrale-ce-vendredi\/#breadcrumb\"},\"inLanguage\":\"fr-FR\",\"potentialAction\":[{\"@type\":\"ReadAction\",\"target\":[\"https:\/\/vosgesinfo.fr\/laplainedesvosgesinfo\/2016\/04\/vittel-franck-leboeuf-en-representation-theatrale-ce-vendredi\/\"]}]},{\"@type\":\"ImageObject\",\"inLanguage\":\"fr-FR\",\"@id\":\"https:\/\/vosgesinfo.fr\/laplainedesvosgesinfo\/2016\/04\/vittel-franck-leboeuf-en-representation-theatrale-ce-vendredi\/#primaryimage\",\"url\":\"https:\/\/vosgesinfo.fr\/app\/uploads\/sites\/2\/2024\/06\/201604illustration-ma-belle-mere-mon-ex-et-moi-1-1450435687.jpg\",\"contentUrl\":\"https:\/\/vosgesinfo.fr\/app\/uploads\/sites\/2\/2024\/06\/201604illustration-ma-belle-mere-mon-ex-et-moi-1-1450435687.jpg\",\"width\":557,\"height\":800},{\"@type\":\"BreadcrumbList\",\"@id\":\"https:\/\/vosgesinfo.fr\/laplainedesvosgesinfo\/2016\/04\/vittel-franck-leboeuf-en-representation-theatrale-ce-vendredi\/#breadcrumb\",\"itemListElement\":[{\"@type\":\"ListItem\",\"position\":1,\"name\":\"Home\",\"item\":\"https:\/\/vosgesinfo.fr\/laplainedesvosgesinfo\/\"},{\"@type\":\"ListItem\",\"position\":2,\"name\":\"Vittel &#8211; Franck Leboeuf en repr\u00e9sentation th\u00e9\u00e2trale ce vendredi\"}]},{\"@type\":\"WebSite\",\"@id\":\"https:\/\/vosgesinfo.fr\/laplainedesvosgesinfo\/#website\",\"url\":\"https:\/\/vosgesinfo.fr\/laplainedesvosgesinfo\/\",\"name\":\"La Plaine des Vosges\",\"description\":\"Toute l&#039;actualit\u00e9 de la plaine de Vosges\",\"publisher\":{\"@id\":\"https:\/\/vosgesinfo.fr\/laplainedesvosgesinfo\/#organization\"},\"alternateName\":\"Toute l'actualit\u00e9 de la plaine des Vosges\",\"potentialAction\":[{\"@type\":\"SearchAction\",\"target\":{\"@type\":\"EntryPoint\",\"urlTemplate\":\"https:\/\/vosgesinfo.fr\/laplainedesvosgesinfo\/?s={search_term_string}\"},\"query-input\":\"required name=search_term_string\"}],\"inLanguage\":\"fr-FR\"},{\"@type\":\"Organization\",\"@id\":\"https:\/\/vosgesinfo.fr\/laplainedesvosgesinfo\/#organization\",\"name\":\"La Plaine des Vosges\",\"url\":\"https:\/\/vosgesinfo.fr\/laplainedesvosgesinfo\/\",\"logo\":{\"@type\":\"ImageObject\",\"inLanguage\":\"fr-FR\",\"@id\":\"https:\/\/vosgesinfo.fr\/laplainedesvosgesinfo\/#\/schema\/logo\/image\/\",\"url\":\"https:\/\/vosgesinfo.fr\/app\/uploads\/sites\/2\/2023\/08\/logo-laplaineinfo.svg\",\"contentUrl\":\"https:\/\/vosgesinfo.fr\/app\/uploads\/sites\/2\/2023\/08\/logo-laplaineinfo.svg\",\"width\":1,\"height\":1,\"caption\":\"La Plaine des Vosges\"},\"image\":{\"@id\":\"https:\/\/vosgesinfo.fr\/laplainedesvosgesinfo\/#\/schema\/logo\/image\/\"},\"sameAs\":[\"https:\/\/www.facebook.com\/laplainedesvosges\",\"https:\/\/x.com\/VosgesInfo88\",\"https:\/\/www.youtube.com\/@vosgesinfo\"]},{\"@type\":\"Person\",\"@id\":\"https:\/\/vosgesinfo.fr\/laplainedesvosgesinfo\/#\/schema\/person\/bc5d02d71e6932e81b6dadb7386667b1\",\"name\":\"qs_admin\",\"image\":{\"@type\":\"ImageObject\",\"inLanguage\":\"fr-FR\",\"@id\":\"https:\/\/vosgesinfo.fr\/laplainedesvosgesinfo\/#\/schema\/person\/image\/\",\"url\":\"https:\/\/secure.gravatar.com\/avatar\/94b18ee0ed79e4a42ea2f2931277b6841a8999fc6fde214600c78057cf1fe1de?s=96&d=mm&r=g\",\"contentUrl\":\"https:\/\/secure.gravatar.com\/avatar\/94b18ee0ed79e4a42ea2f2931277b6841a8999fc6fde214600c78057cf1fe1de?s=96&d=mm&r=g\",\"caption\":\"qs_admin\"},\"sameAs\":[\"https:\/\/vosgesinfo.fr\/wp\"],\"url\":\"https:\/\/vosgesinfo.fr\/laplainedesvosgesinfo\/author\/qs_admin\/\"}]}<\/script>\n<!-- \/ Yoast SEO plugin. -->","yoast_head_json":{"title":"Vittel - Franck Leboeuf en repr\u00e9sentation th\u00e9\u00e2trale ce vendredi - La Plaine des Vosges","robots":{"index":"index","follow":"follow","max-snippet":"max-snippet:-1","max-image-preview":"max-image-preview:large","max-video-preview":"max-video-preview:-1"},"canonical":"https:\/\/vosgesinfo.fr\/laplainedesvosgesinfo\/2016\/04\/vittel-franck-leboeuf-en-representation-theatrale-ce-vendredi\/","twitter_card":"summary_large_image","twitter_title":"Vittel - Franck Leboeuf en repr\u00e9sentation th\u00e9\u00e2trale ce vendredi - La Plaine des Vosges","twitter_description":"Plus que 2 jours avant le lever de rideau ! La pi\u00e8ce \u00ab\u00a0Ma belle-m\u00e8re, mon ex et moi\u00a0\u00bb vous est [&hellip;]","twitter_image":"https:\/\/vosgesinfo.fr\/app\/uploads\/sites\/2\/2024\/06\/201604illustration-ma-belle-mere-mon-ex-et-moi-1-1450435687.jpg","twitter_creator":"@VosgesInfo88","twitter_site":"@VosgesInfo88","twitter_misc":{"\u00c9crit par":"qs_admin","Dur\u00e9e de lecture estim\u00e9e":"1 minute"},"schema":{"@context":"https:\/\/schema.org","@graph":[{"@type":"Article","@id":"https:\/\/vosgesinfo.fr\/laplainedesvosgesinfo\/2016\/04\/vittel-franck-leboeuf-en-representation-theatrale-ce-vendredi\/#article","isPartOf":{"@id":"https:\/\/vosgesinfo.fr\/laplainedesvosgesinfo\/2016\/04\/vittel-franck-leboeuf-en-representation-theatrale-ce-vendredi\/"},"author":{"name":"qs_admin","@id":"https:\/\/vosgesinfo.fr\/laplainedesvosgesinfo\/#\/schema\/person\/bc5d02d71e6932e81b6dadb7386667b1"},"headline":"Vittel &#8211; Franck Leboeuf en repr\u00e9sentation th\u00e9\u00e2trale ce vendredi","datePublished":"2016-04-21T06:33:26+00:00","dateModified":"2016-04-21T06:33:26+00:00","mainEntityOfPage":{"@id":"https:\/\/vosgesinfo.fr\/laplainedesvosgesinfo\/2016\/04\/vittel-franck-leboeuf-en-representation-theatrale-ce-vendredi\/"},"wordCount":195,"commentCount":0,"publisher":{"@id":"https:\/\/vosgesinfo.fr\/laplainedesvosgesinfo\/#organization"},"image":{"@id":"https:\/\/vosgesinfo.fr\/laplainedesvosgesinfo\/2016\/04\/vittel-franck-leboeuf-en-representation-theatrale-ce-vendredi\/#primaryimage"},"thumbnailUrl":"https:\/\/vosgesinfo.fr\/app\/uploads\/sites\/2\/2024\/06\/201604illustration-ma-belle-mere-mon-ex-et-moi-1-1450435687.jpg","keywords":["pi\u00e8ce de th\u00e9\u00e2tre","Vittel"],"articleSection":["Culture","La Plaine","Vittel"],"inLanguage":"fr-FR","potentialAction":[{"@type":"CommentAction","name":"Comment","target":["https:\/\/vosgesinfo.fr\/laplainedesvosgesinfo\/2016\/04\/vittel-franck-leboeuf-en-representation-theatrale-ce-vendredi\/#respond"]}]},{"@type":"WebPage","@id":"https:\/\/vosgesinfo.fr\/laplainedesvosgesinfo\/2016\/04\/vittel-franck-leboeuf-en-representation-theatrale-ce-vendredi\/","url":"https:\/\/vosgesinfo.fr\/laplainedesvosgesinfo\/2016\/04\/vittel-franck-leboeuf-en-representation-theatrale-ce-vendredi\/","name":"Vittel - Franck Leboeuf en repr\u00e9sentation th\u00e9\u00e2trale ce vendredi - La Plaine des Vosges","isPartOf":{"@id":"https:\/\/vosgesinfo.fr\/laplainedesvosgesinfo\/#website"},"primaryImageOfPage":{"@id":"https:\/\/vosgesinfo.fr\/laplainedesvosgesinfo\/2016\/04\/vittel-franck-leboeuf-en-representation-theatrale-ce-vendredi\/#primaryimage"},"image":{"@id":"https:\/\/vosgesinfo.fr\/laplainedesvosgesinfo\/2016\/04\/vittel-franck-leboeuf-en-representation-theatrale-ce-vendredi\/#primaryimage"},"thumbnailUrl":"https:\/\/vosgesinfo.fr\/app\/uploads\/sites\/2\/2024\/06\/201604illustration-ma-belle-mere-mon-ex-et-moi-1-1450435687.jpg","datePublished":"2016-04-21T06:33:26+00:00","dateModified":"2016-04-21T06:33:26+00:00","breadcrumb":{"@id":"https:\/\/vosgesinfo.fr\/laplainedesvosgesinfo\/2016\/04\/vittel-franck-leboeuf-en-representation-theatrale-ce-vendredi\/#breadcrumb"},"inLanguage":"fr-FR","potentialAction":[{"@type":"ReadAction","target":["https:\/\/vosgesinfo.fr\/laplainedesvosgesinfo\/2016\/04\/vittel-franck-leboeuf-en-representation-theatrale-ce-vendredi\/"]}]},{"@type":"ImageObject","inLanguage":"fr-FR","@id":"https:\/\/vosgesinfo.fr\/laplainedesvosgesinfo\/2016\/04\/vittel-franck-leboeuf-en-representation-theatrale-ce-vendredi\/#primaryimage","url":"https:\/\/vosgesinfo.fr\/app\/uploads\/sites\/2\/2024\/06\/201604illustration-ma-belle-mere-mon-ex-et-moi-1-1450435687.jpg","contentUrl":"https:\/\/vosgesinfo.fr\/app\/uploads\/sites\/2\/2024\/06\/201604illustration-ma-belle-mere-mon-ex-et-moi-1-1450435687.jpg","width":557,"height":800},{"@type":"BreadcrumbList","@id":"https:\/\/vosgesinfo.fr\/laplainedesvosgesinfo\/2016\/04\/vittel-franck-leboeuf-en-representation-theatrale-ce-vendredi\/#breadcrumb","itemListElement":[{"@type":"ListItem","position":1,"name":"Home","item":"https:\/\/vosgesinfo.fr\/laplainedesvosgesinfo\/"},{"@type":"ListItem","position":2,"name":"Vittel &#8211; Franck Leboeuf en repr\u00e9sentation th\u00e9\u00e2trale ce vendredi"}]},{"@type":"WebSite","@id":"https:\/\/vosgesinfo.fr\/laplainedesvosgesinfo\/#website","url":"https:\/\/vosgesinfo.fr\/laplainedesvosgesinfo\/","name":"La Plaine des Vosges","description":"Toute l&#039;actualit\u00e9 de la plaine de Vosges","publisher":{"@id":"https:\/\/vosgesinfo.fr\/laplainedesvosgesinfo\/#organization"},"alternateName":"Toute l'actualit\u00e9 de la plaine des Vosges","potentialAction":[{"@type":"SearchAction","target":{"@type":"EntryPoint","urlTemplate":"https:\/\/vosgesinfo.fr\/laplainedesvosgesinfo\/?s={search_term_string}"},"query-input":"required name=search_term_string"}],"inLanguage":"fr-FR"},{"@type":"Organization","@id":"https:\/\/vosgesinfo.fr\/laplainedesvosgesinfo\/#organization","name":"La Plaine des Vosges","url":"https:\/\/vosgesinfo.fr\/laplainedesvosgesinfo\/","logo":{"@type":"ImageObject","inLanguage":"fr-FR","@id":"https:\/\/vosgesinfo.fr\/laplainedesvosgesinfo\/#\/schema\/logo\/image\/","url":"https:\/\/vosgesinfo.fr\/app\/uploads\/sites\/2\/2023\/08\/logo-laplaineinfo.svg","contentUrl":"https:\/\/vosgesinfo.fr\/app\/uploads\/sites\/2\/2023\/08\/logo-laplaineinfo.svg","width":1,"height":1,"caption":"La Plaine des Vosges"},"image":{"@id":"https:\/\/vosgesinfo.fr\/laplainedesvosgesinfo\/#\/schema\/logo\/image\/"},"sameAs":["https:\/\/www.facebook.com\/laplainedesvosges","https:\/\/x.com\/VosgesInfo88","https:\/\/www.youtube.com\/@vosgesinfo"]},{"@type":"Person","@id":"https:\/\/vosgesinfo.fr\/laplainedesvosgesinfo\/#\/schema\/person\/bc5d02d71e6932e81b6dadb7386667b1","name":"qs_admin","image":{"@type":"ImageObject","inLanguage":"fr-FR","@id":"https:\/\/vosgesinfo.fr\/laplainedesvosgesinfo\/#\/schema\/person\/image\/","url":"https:\/\/secure.gravatar.com\/avatar\/94b18ee0ed79e4a42ea2f2931277b6841a8999fc6fde214600c78057cf1fe1de?s=96&d=mm&r=g","contentUrl":"https:\/\/secure.gravatar.com\/avatar\/94b18ee0ed79e4a42ea2f2931277b6841a8999fc6fde214600c78057cf1fe1de?s=96&d=mm&r=g","caption":"qs_admin"},"sameAs":["https:\/\/vosgesinfo.fr\/wp"],"url":"https:\/\/vosgesinfo.fr\/laplainedesvosgesinfo\/author\/qs_admin\/"}]}},"_links":{"self":[{"href":"https:\/\/vosgesinfo.fr\/laplainedesvosgesinfo\/wp-json\/wp\/v2\/posts\/3951","targetHints":{"allow":["GET"]}}],"collection":[{"href":"https:\/\/vosgesinfo.fr\/laplainedesvosgesinfo\/wp-json\/wp\/v2\/posts"}],"about":[{"href":"https:\/\/vosgesinfo.fr\/laplainedesvosgesinfo\/wp-json\/wp\/v2\/types\/post"}],"author":[{"embeddable":true,"href":"https:\/\/vosgesinfo.fr\/laplainedesvosgesinfo\/wp-json\/wp\/v2\/users\/1"}],"replies":[{"embeddable":true,"href":"https:\/\/vosgesinfo.fr\/laplainedesvosgesinfo\/wp-json\/wp\/v2\/comments?post=3951"}],"version-history":[{"count":0,"href":"https:\/\/vosgesinfo.fr\/laplainedesvosgesinfo\/wp-json\/wp\/v2\/posts\/3951\/revisions"}],"wp:featuredmedia":[{"embeddable":true,"href":"https:\/\/vosgesinfo.fr\/laplainedesvosgesinfo\/wp-json\/wp\/v2\/media\/3952"}],"wp:attachment":[{"href":"https:\/\/vosgesinfo.fr\/laplainedesvosgesinfo\/wp-json\/wp\/v2\/media?parent=3951"}],"wp:term":[{"taxonomy":"category","embeddable":true,"href":"https:\/\/vosgesinfo.fr\/laplainedesvosgesinfo\/wp-json\/wp\/v2\/categories?post=3951"},{"taxonomy":"post_tag","embeddable":true,"href":"https:\/\/vosgesinfo.fr\/laplainedesvosgesinfo\/wp-json\/wp\/v2\/tags?post=3951"}],"curies":[{"name":"wp","href":"https:\/\/api.w.org\/{rel}","templated":true}]}}