{"id":3970,"date":"2016-04-22T12:40:43","date_gmt":"2016-04-22T10:40:43","guid":{"rendered":"https:\/\/vosgesinfo.fr\/laplainedesvosgesinfo\/2016\/04\/subventions-aux-associations-vittelloises\/"},"modified":"2016-04-22T12:40:43","modified_gmt":"2016-04-22T10:40:43","slug":"subventions-aux-associations-vittelloises","status":"publish","type":"post","link":"https:\/\/vosgesinfo.fr\/laplainedesvosgesinfo\/2016\/04\/subventions-aux-associations-vittelloises\/","title":{"rendered":"Subventions aux associations vittelloises"},"content":{"rendered":"<p style=\"text-align: justify;\"><a href=\"\/2016\/02\/IMG_7645-compressed.jpg\"><img decoding=\"async\" class=\"wp-image-72261 aligncenter\" src=\"\/2016\/02\/IMG_7645-compressed.jpg\" alt=\"IMG_7645-compressed\" width=\"639\" height=\"426\" \/><\/a><\/p>\n<p style=\"text-align: justify;\">Dans le cadre de leurs activit\u00e9s, certaines associations ont sollicit\u00e9 une aide financi\u00e8re pour l&rsquo;ann\u00e9e 2016. Compte tenu de la nature du projet qui pr\u00e9sente un r\u00e9el int\u00e9r\u00eat communal, le conseil municipal a vot\u00e9 l&rsquo;attribution des subventions aux associations suivantes :<\/p>\n<ul style=\"text-align: justify;\">\n<li>Orchestre d&rsquo;Harmonie de Vittel &#8211; <strong>10 584\u20ac<\/strong><\/li>\n<li>Vittel Accueil &#8211; <strong>18 522\u20ac<\/strong><\/li>\n<li>Soci\u00e9t\u00e9 de chasse &#8211; <strong>140\u20ac<\/strong><\/li>\n<li>Parents d&rsquo;El\u00e8ves Liste Ind\u00e9pendante (LIPE) &#8211; <strong>140\u20ac<\/strong><\/li>\n<\/ul>\n<p style=\"text-align: justify;\">Par ailleurs, les associations suivantes ont sollicit\u00e9 une subvention exceptionnelle, pour une manifestation exceptionnelle !<\/p>\n<ul style=\"text-align: justify;\">\n<li><strong>L&rsquo;Harmonie municipale de Vittel<\/strong> : une subvention exceptionnelle de 5000\u20ac, destin\u00e9e \u00e0 financer le 150\u00e8me anniversaire de l&rsquo;harmonie qui se d\u00e9roulera les 1, 2 et 3 juillet 2016, avec la venue de l&rsquo;orchestre de la garde r\u00e9publicaine. Le budget global de la manifestation s&rsquo;\u00e9l\u00e8ve \u00e0 26 800\u20ac.<\/li>\n<li><strong>L&rsquo;association Art&rsquo;east<\/strong> : une subvention exceptionnelle de 800\u20ac a\u00a0 \u00e9t\u00e9 vot\u00e9, pour l&rsquo;organisation de son 34\u00e8me salon international de peinture et de sculpture. Le budget global de cette op\u00e9ration s&rsquo;\u00e9l\u00e8ve \u00e0 43 762\u20ac.<\/li>\n<li><strong>Section sportive Saint-R\u00e9my de Vittel triathlon<\/strong> : une subvention exceptionnelle de 900\u20ac a \u00e9t\u00e9 accord\u00e9e, destin\u00e9e \u00e0 financer l&rsquo;organisation d&rsquo;une comp\u00e9tition de Run and Bike qui s&rsquo;est d\u00e9roul\u00e9e le 10 janvier 2016 dans le parc thermal et dont le budget s&rsquo;est \u00e9lev\u00e9 \u00e0 2 980\u20ac.<\/li>\n<li><strong>Club de Triathlon Vittellois<\/strong> : une subvention exceptionnelle de 5000\u20ac, pour l&rsquo;organisation du 12\u00e8me Aquathlon qui s&rsquo;est d\u00e9roul\u00e9 le 28 f\u00e9vrier dernier et dont le budget global s&rsquo;est \u00e9lev\u00e9 \u00e0 20 119\u20ac.<\/li>\n<\/ul>\n<p style=\"text-align: justify;\">A l&rsquo;instar de l&rsquo;implication du Conseil D\u00e9partemental des Vosges dans le d\u00e9veloppement du cyclisme, tant sur le plan des infrastructures avec la labellisation de circuits touristiques et sportifs qu&rsquo;au niveau de l&rsquo;\u00e9v\u00e8nementiel, les communes de Vittel et Contrex\u00e9ville ont souhait\u00e9 renouer avec l&rsquo;accueil d&rsquo;une \u00e9preuve cyclo-sportive. Ainsi, 11 ann\u00e9es apr\u00e8s la derni\u00e8re \u00e9dition de la route verte qui avait vu la participation d&rsquo;environ 700 coureurs, la premi\u00e8re \u00e9dition de la route thermale cycliste a vu le 23 mai 2015, une premi\u00e8re \u00e9dition encourageante avec la participation de 190 coureurs.<\/p>\n<p style=\"text-align: justify;\">Pour renouer avec le succ\u00e8s populaire de cette discipline, les b\u00e9n\u00e9voles et passionn\u00e9s de cette course ont d\u00e9cid\u00e9 de s\u2019organiser en cr\u00e9ant une association \u00ab <strong>La route thermale cycliste<\/strong> \u00bb afin de cr\u00e9er une synergie autour de cette action et de faire en sorte que la route thermale devienne une date et un lieu incontournable dans le calendrier des cyclistes et de leur famille. Pour cette 2\u00e8me \u00e9dition, programm\u00e9e le 22 mai 2016 avec deux parcours de 87 et 129 kilom\u00e8tres, les villes de Vittel et de Contrex\u00e9ville ont souhait\u00e9 apporter leur soutien financier \u00e0 hauteur de 2 000 \u20ac chacune, pour un budget pr\u00e9visionnel de 18 600 \u20ac. En cas de besoin, un acompte de 50 % pourrait \u00eatre vers\u00e9 \u00e0 r\u00e9ception du budget pr\u00e9visionnel.<\/p>\n<p style=\"text-align: justify;\">A.J.<\/p>\n","protected":false},"excerpt":{"rendered":"<p>Dans le cadre de leurs activit\u00e9s, certaines associations ont sollicit\u00e9 une aide financi\u00e8re pour l&rsquo;ann\u00e9e 2016. Compte tenu de la [&hellip;]<\/p>\n","protected":false},"author":1,"featured_media":3971,"comment_status":"open","ping_status":"open","sticky":false,"template":"","format":"standard","meta":{"footnotes":""},"categories":[29,37,14,17,38],"tags":[215,970,971,77],"class_list":["post-3970","post","type-post","status-publish","format-standard","has-post-thumbnail","hentry","category-a-la-une","category-la-plaine","category-sport","category-vie-associative","category-vittel-la-plaine","tag-conseil-municipal","tag-subventions-aux-associations","tag-vie-sportive","tag-vittel"],"acf":[],"yoast_head":"<!-- This site is optimized with the Yoast SEO plugin v22.5 - https:\/\/yoast.com\/wordpress\/plugins\/seo\/ -->\n<title>Subventions aux associations vittelloises - La Plaine des Vosges<\/title>\n<meta name=\"robots\" content=\"index, follow, max-snippet:-1, max-image-preview:large, max-video-preview:-1\" \/>\n<link rel=\"canonical\" href=\"https:\/\/vosgesinfo.fr\/laplainedesvosgesinfo\/2016\/04\/subventions-aux-associations-vittelloises\/\" \/>\n<meta name=\"twitter:card\" content=\"summary_large_image\" \/>\n<meta name=\"twitter:title\" content=\"Subventions aux associations vittelloises - La Plaine des Vosges\" \/>\n<meta name=\"twitter:description\" content=\"Dans le cadre de leurs activit\u00e9s, certaines associations ont sollicit\u00e9 une aide financi\u00e8re pour l&rsquo;ann\u00e9e 2016. Compte tenu de la [&hellip;]\" \/>\n<meta name=\"twitter:image\" content=\"https:\/\/vosgesinfo.fr\/app\/uploads\/sites\/2\/2024\/06\/201602img-7645-compressed-2.jpg\" \/>\n<meta name=\"twitter:creator\" content=\"@VosgesInfo88\" \/>\n<meta name=\"twitter:site\" content=\"@VosgesInfo88\" \/>\n<meta name=\"twitter:label1\" content=\"\u00c9crit par\" \/>\n\t<meta name=\"twitter:data1\" content=\"qs_admin\" \/>\n\t<meta name=\"twitter:label2\" content=\"Dur\u00e9e de lecture estim\u00e9e\" \/>\n\t<meta name=\"twitter:data2\" content=\"2 minutes\" \/>\n<script type=\"application\/ld+json\" class=\"yoast-schema-graph\">{\"@context\":\"https:\/\/schema.org\",\"@graph\":[{\"@type\":\"Article\",\"@id\":\"https:\/\/vosgesinfo.fr\/laplainedesvosgesinfo\/2016\/04\/subventions-aux-associations-vittelloises\/#article\",\"isPartOf\":{\"@id\":\"https:\/\/vosgesinfo.fr\/laplainedesvosgesinfo\/2016\/04\/subventions-aux-associations-vittelloises\/\"},\"author\":{\"name\":\"qs_admin\",\"@id\":\"https:\/\/vosgesinfo.fr\/laplainedesvosgesinfo\/#\/schema\/person\/bc5d02d71e6932e81b6dadb7386667b1\"},\"headline\":\"Subventions aux associations vittelloises\",\"datePublished\":\"2016-04-22T10:40:43+00:00\",\"dateModified\":\"2016-04-22T10:40:43+00:00\",\"mainEntityOfPage\":{\"@id\":\"https:\/\/vosgesinfo.fr\/laplainedesvosgesinfo\/2016\/04\/subventions-aux-associations-vittelloises\/\"},\"wordCount\":472,\"commentCount\":0,\"publisher\":{\"@id\":\"https:\/\/vosgesinfo.fr\/laplainedesvosgesinfo\/#organization\"},\"image\":{\"@id\":\"https:\/\/vosgesinfo.fr\/laplainedesvosgesinfo\/2016\/04\/subventions-aux-associations-vittelloises\/#primaryimage\"},\"thumbnailUrl\":\"https:\/\/vosgesinfo.fr\/app\/uploads\/sites\/2\/2024\/06\/201602img-7645-compressed-2.jpg\",\"keywords\":[\"conseil municipal\",\"subventions aux associations\",\"vie sportive\",\"Vittel\"],\"articleSection\":[\"A la Une\",\"La Plaine\",\"Sport\",\"Vie Associative\",\"Vittel\"],\"inLanguage\":\"fr-FR\",\"potentialAction\":[{\"@type\":\"CommentAction\",\"name\":\"Comment\",\"target\":[\"https:\/\/vosgesinfo.fr\/laplainedesvosgesinfo\/2016\/04\/subventions-aux-associations-vittelloises\/#respond\"]}]},{\"@type\":\"WebPage\",\"@id\":\"https:\/\/vosgesinfo.fr\/laplainedesvosgesinfo\/2016\/04\/subventions-aux-associations-vittelloises\/\",\"url\":\"https:\/\/vosgesinfo.fr\/laplainedesvosgesinfo\/2016\/04\/subventions-aux-associations-vittelloises\/\",\"name\":\"Subventions aux associations vittelloises - La Plaine des Vosges\",\"isPartOf\":{\"@id\":\"https:\/\/vosgesinfo.fr\/laplainedesvosgesinfo\/#website\"},\"primaryImageOfPage\":{\"@id\":\"https:\/\/vosgesinfo.fr\/laplainedesvosgesinfo\/2016\/04\/subventions-aux-associations-vittelloises\/#primaryimage\"},\"image\":{\"@id\":\"https:\/\/vosgesinfo.fr\/laplainedesvosgesinfo\/2016\/04\/subventions-aux-associations-vittelloises\/#primaryimage\"},\"thumbnailUrl\":\"https:\/\/vosgesinfo.fr\/app\/uploads\/sites\/2\/2024\/06\/201602img-7645-compressed-2.jpg\",\"datePublished\":\"2016-04-22T10:40:43+00:00\",\"dateModified\":\"2016-04-22T10:40:43+00:00\",\"breadcrumb\":{\"@id\":\"https:\/\/vosgesinfo.fr\/laplainedesvosgesinfo\/2016\/04\/subventions-aux-associations-vittelloises\/#breadcrumb\"},\"inLanguage\":\"fr-FR\",\"potentialAction\":[{\"@type\":\"ReadAction\",\"target\":[\"https:\/\/vosgesinfo.fr\/laplainedesvosgesinfo\/2016\/04\/subventions-aux-associations-vittelloises\/\"]}]},{\"@type\":\"ImageObject\",\"inLanguage\":\"fr-FR\",\"@id\":\"https:\/\/vosgesinfo.fr\/laplainedesvosgesinfo\/2016\/04\/subventions-aux-associations-vittelloises\/#primaryimage\",\"url\":\"https:\/\/vosgesinfo.fr\/app\/uploads\/sites\/2\/2024\/06\/201602img-7645-compressed-2.jpg\",\"contentUrl\":\"https:\/\/vosgesinfo.fr\/app\/uploads\/sites\/2\/2024\/06\/201602img-7645-compressed-2.jpg\",\"width\":800,\"height\":534},{\"@type\":\"BreadcrumbList\",\"@id\":\"https:\/\/vosgesinfo.fr\/laplainedesvosgesinfo\/2016\/04\/subventions-aux-associations-vittelloises\/#breadcrumb\",\"itemListElement\":[{\"@type\":\"ListItem\",\"position\":1,\"name\":\"Home\",\"item\":\"https:\/\/vosgesinfo.fr\/laplainedesvosgesinfo\/\"},{\"@type\":\"ListItem\",\"position\":2,\"name\":\"Subventions aux associations vittelloises\"}]},{\"@type\":\"WebSite\",\"@id\":\"https:\/\/vosgesinfo.fr\/laplainedesvosgesinfo\/#website\",\"url\":\"https:\/\/vosgesinfo.fr\/laplainedesvosgesinfo\/\",\"name\":\"La Plaine des Vosges\",\"description\":\"Toute l&#039;actualit\u00e9 de la plaine de Vosges\",\"publisher\":{\"@id\":\"https:\/\/vosgesinfo.fr\/laplainedesvosgesinfo\/#organization\"},\"alternateName\":\"Toute l'actualit\u00e9 de la plaine des Vosges\",\"potentialAction\":[{\"@type\":\"SearchAction\",\"target\":{\"@type\":\"EntryPoint\",\"urlTemplate\":\"https:\/\/vosgesinfo.fr\/laplainedesvosgesinfo\/?s={search_term_string}\"},\"query-input\":\"required name=search_term_string\"}],\"inLanguage\":\"fr-FR\"},{\"@type\":\"Organization\",\"@id\":\"https:\/\/vosgesinfo.fr\/laplainedesvosgesinfo\/#organization\",\"name\":\"La Plaine des Vosges\",\"url\":\"https:\/\/vosgesinfo.fr\/laplainedesvosgesinfo\/\",\"logo\":{\"@type\":\"ImageObject\",\"inLanguage\":\"fr-FR\",\"@id\":\"https:\/\/vosgesinfo.fr\/laplainedesvosgesinfo\/#\/schema\/logo\/image\/\",\"url\":\"https:\/\/vosgesinfo.fr\/app\/uploads\/sites\/2\/2023\/08\/logo-laplaineinfo.svg\",\"contentUrl\":\"https:\/\/vosgesinfo.fr\/app\/uploads\/sites\/2\/2023\/08\/logo-laplaineinfo.svg\",\"width\":1,\"height\":1,\"caption\":\"La Plaine des Vosges\"},\"image\":{\"@id\":\"https:\/\/vosgesinfo.fr\/laplainedesvosgesinfo\/#\/schema\/logo\/image\/\"},\"sameAs\":[\"https:\/\/www.facebook.com\/laplainedesvosges\",\"https:\/\/x.com\/VosgesInfo88\",\"https:\/\/www.youtube.com\/@vosgesinfo\"]},{\"@type\":\"Person\",\"@id\":\"https:\/\/vosgesinfo.fr\/laplainedesvosgesinfo\/#\/schema\/person\/bc5d02d71e6932e81b6dadb7386667b1\",\"name\":\"qs_admin\",\"image\":{\"@type\":\"ImageObject\",\"inLanguage\":\"fr-FR\",\"@id\":\"https:\/\/vosgesinfo.fr\/laplainedesvosgesinfo\/#\/schema\/person\/image\/\",\"url\":\"https:\/\/secure.gravatar.com\/avatar\/94b18ee0ed79e4a42ea2f2931277b6841a8999fc6fde214600c78057cf1fe1de?s=96&d=mm&r=g\",\"contentUrl\":\"https:\/\/secure.gravatar.com\/avatar\/94b18ee0ed79e4a42ea2f2931277b6841a8999fc6fde214600c78057cf1fe1de?s=96&d=mm&r=g\",\"caption\":\"qs_admin\"},\"sameAs\":[\"https:\/\/vosgesinfo.fr\/wp\"],\"url\":\"https:\/\/vosgesinfo.fr\/laplainedesvosgesinfo\/author\/qs_admin\/\"}]}<\/script>\n<!-- \/ Yoast SEO plugin. -->","yoast_head_json":{"title":"Subventions aux associations vittelloises - La Plaine des Vosges","robots":{"index":"index","follow":"follow","max-snippet":"max-snippet:-1","max-image-preview":"max-image-preview:large","max-video-preview":"max-video-preview:-1"},"canonical":"https:\/\/vosgesinfo.fr\/laplainedesvosgesinfo\/2016\/04\/subventions-aux-associations-vittelloises\/","twitter_card":"summary_large_image","twitter_title":"Subventions aux associations vittelloises - La Plaine des Vosges","twitter_description":"Dans le cadre de leurs activit\u00e9s, certaines associations ont sollicit\u00e9 une aide financi\u00e8re pour l&rsquo;ann\u00e9e 2016. Compte tenu de la [&hellip;]","twitter_image":"https:\/\/vosgesinfo.fr\/app\/uploads\/sites\/2\/2024\/06\/201602img-7645-compressed-2.jpg","twitter_creator":"@VosgesInfo88","twitter_site":"@VosgesInfo88","twitter_misc":{"\u00c9crit par":"qs_admin","Dur\u00e9e de lecture estim\u00e9e":"2 minutes"},"schema":{"@context":"https:\/\/schema.org","@graph":[{"@type":"Article","@id":"https:\/\/vosgesinfo.fr\/laplainedesvosgesinfo\/2016\/04\/subventions-aux-associations-vittelloises\/#article","isPartOf":{"@id":"https:\/\/vosgesinfo.fr\/laplainedesvosgesinfo\/2016\/04\/subventions-aux-associations-vittelloises\/"},"author":{"name":"qs_admin","@id":"https:\/\/vosgesinfo.fr\/laplainedesvosgesinfo\/#\/schema\/person\/bc5d02d71e6932e81b6dadb7386667b1"},"headline":"Subventions aux associations vittelloises","datePublished":"2016-04-22T10:40:43+00:00","dateModified":"2016-04-22T10:40:43+00:00","mainEntityOfPage":{"@id":"https:\/\/vosgesinfo.fr\/laplainedesvosgesinfo\/2016\/04\/subventions-aux-associations-vittelloises\/"},"wordCount":472,"commentCount":0,"publisher":{"@id":"https:\/\/vosgesinfo.fr\/laplainedesvosgesinfo\/#organization"},"image":{"@id":"https:\/\/vosgesinfo.fr\/laplainedesvosgesinfo\/2016\/04\/subventions-aux-associations-vittelloises\/#primaryimage"},"thumbnailUrl":"https:\/\/vosgesinfo.fr\/app\/uploads\/sites\/2\/2024\/06\/201602img-7645-compressed-2.jpg","keywords":["conseil municipal","subventions aux associations","vie sportive","Vittel"],"articleSection":["A la Une","La Plaine","Sport","Vie Associative","Vittel"],"inLanguage":"fr-FR","potentialAction":[{"@type":"CommentAction","name":"Comment","target":["https:\/\/vosgesinfo.fr\/laplainedesvosgesinfo\/2016\/04\/subventions-aux-associations-vittelloises\/#respond"]}]},{"@type":"WebPage","@id":"https:\/\/vosgesinfo.fr\/laplainedesvosgesinfo\/2016\/04\/subventions-aux-associations-vittelloises\/","url":"https:\/\/vosgesinfo.fr\/laplainedesvosgesinfo\/2016\/04\/subventions-aux-associations-vittelloises\/","name":"Subventions aux associations vittelloises - La Plaine des Vosges","isPartOf":{"@id":"https:\/\/vosgesinfo.fr\/laplainedesvosgesinfo\/#website"},"primaryImageOfPage":{"@id":"https:\/\/vosgesinfo.fr\/laplainedesvosgesinfo\/2016\/04\/subventions-aux-associations-vittelloises\/#primaryimage"},"image":{"@id":"https:\/\/vosgesinfo.fr\/laplainedesvosgesinfo\/2016\/04\/subventions-aux-associations-vittelloises\/#primaryimage"},"thumbnailUrl":"https:\/\/vosgesinfo.fr\/app\/uploads\/sites\/2\/2024\/06\/201602img-7645-compressed-2.jpg","datePublished":"2016-04-22T10:40:43+00:00","dateModified":"2016-04-22T10:40:43+00:00","breadcrumb":{"@id":"https:\/\/vosgesinfo.fr\/laplainedesvosgesinfo\/2016\/04\/subventions-aux-associations-vittelloises\/#breadcrumb"},"inLanguage":"fr-FR","potentialAction":[{"@type":"ReadAction","target":["https:\/\/vosgesinfo.fr\/laplainedesvosgesinfo\/2016\/04\/subventions-aux-associations-vittelloises\/"]}]},{"@type":"ImageObject","inLanguage":"fr-FR","@id":"https:\/\/vosgesinfo.fr\/laplainedesvosgesinfo\/2016\/04\/subventions-aux-associations-vittelloises\/#primaryimage","url":"https:\/\/vosgesinfo.fr\/app\/uploads\/sites\/2\/2024\/06\/201602img-7645-compressed-2.jpg","contentUrl":"https:\/\/vosgesinfo.fr\/app\/uploads\/sites\/2\/2024\/06\/201602img-7645-compressed-2.jpg","width":800,"height":534},{"@type":"BreadcrumbList","@id":"https:\/\/vosgesinfo.fr\/laplainedesvosgesinfo\/2016\/04\/subventions-aux-associations-vittelloises\/#breadcrumb","itemListElement":[{"@type":"ListItem","position":1,"name":"Home","item":"https:\/\/vosgesinfo.fr\/laplainedesvosgesinfo\/"},{"@type":"ListItem","position":2,"name":"Subventions aux associations vittelloises"}]},{"@type":"WebSite","@id":"https:\/\/vosgesinfo.fr\/laplainedesvosgesinfo\/#website","url":"https:\/\/vosgesinfo.fr\/laplainedesvosgesinfo\/","name":"La Plaine des Vosges","description":"Toute l&#039;actualit\u00e9 de la plaine de Vosges","publisher":{"@id":"https:\/\/vosgesinfo.fr\/laplainedesvosgesinfo\/#organization"},"alternateName":"Toute l'actualit\u00e9 de la plaine des Vosges","potentialAction":[{"@type":"SearchAction","target":{"@type":"EntryPoint","urlTemplate":"https:\/\/vosgesinfo.fr\/laplainedesvosgesinfo\/?s={search_term_string}"},"query-input":"required name=search_term_string"}],"inLanguage":"fr-FR"},{"@type":"Organization","@id":"https:\/\/vosgesinfo.fr\/laplainedesvosgesinfo\/#organization","name":"La Plaine des Vosges","url":"https:\/\/vosgesinfo.fr\/laplainedesvosgesinfo\/","logo":{"@type":"ImageObject","inLanguage":"fr-FR","@id":"https:\/\/vosgesinfo.fr\/laplainedesvosgesinfo\/#\/schema\/logo\/image\/","url":"https:\/\/vosgesinfo.fr\/app\/uploads\/sites\/2\/2023\/08\/logo-laplaineinfo.svg","contentUrl":"https:\/\/vosgesinfo.fr\/app\/uploads\/sites\/2\/2023\/08\/logo-laplaineinfo.svg","width":1,"height":1,"caption":"La Plaine des Vosges"},"image":{"@id":"https:\/\/vosgesinfo.fr\/laplainedesvosgesinfo\/#\/schema\/logo\/image\/"},"sameAs":["https:\/\/www.facebook.com\/laplainedesvosges","https:\/\/x.com\/VosgesInfo88","https:\/\/www.youtube.com\/@vosgesinfo"]},{"@type":"Person","@id":"https:\/\/vosgesinfo.fr\/laplainedesvosgesinfo\/#\/schema\/person\/bc5d02d71e6932e81b6dadb7386667b1","name":"qs_admin","image":{"@type":"ImageObject","inLanguage":"fr-FR","@id":"https:\/\/vosgesinfo.fr\/laplainedesvosgesinfo\/#\/schema\/person\/image\/","url":"https:\/\/secure.gravatar.com\/avatar\/94b18ee0ed79e4a42ea2f2931277b6841a8999fc6fde214600c78057cf1fe1de?s=96&d=mm&r=g","contentUrl":"https:\/\/secure.gravatar.com\/avatar\/94b18ee0ed79e4a42ea2f2931277b6841a8999fc6fde214600c78057cf1fe1de?s=96&d=mm&r=g","caption":"qs_admin"},"sameAs":["https:\/\/vosgesinfo.fr\/wp"],"url":"https:\/\/vosgesinfo.fr\/laplainedesvosgesinfo\/author\/qs_admin\/"}]}},"_links":{"self":[{"href":"https:\/\/vosgesinfo.fr\/laplainedesvosgesinfo\/wp-json\/wp\/v2\/posts\/3970","targetHints":{"allow":["GET"]}}],"collection":[{"href":"https:\/\/vosgesinfo.fr\/laplainedesvosgesinfo\/wp-json\/wp\/v2\/posts"}],"about":[{"href":"https:\/\/vosgesinfo.fr\/laplainedesvosgesinfo\/wp-json\/wp\/v2\/types\/post"}],"author":[{"embeddable":true,"href":"https:\/\/vosgesinfo.fr\/laplainedesvosgesinfo\/wp-json\/wp\/v2\/users\/1"}],"replies":[{"embeddable":true,"href":"https:\/\/vosgesinfo.fr\/laplainedesvosgesinfo\/wp-json\/wp\/v2\/comments?post=3970"}],"version-history":[{"count":0,"href":"https:\/\/vosgesinfo.fr\/laplainedesvosgesinfo\/wp-json\/wp\/v2\/posts\/3970\/revisions"}],"wp:featuredmedia":[{"embeddable":true,"href":"https:\/\/vosgesinfo.fr\/laplainedesvosgesinfo\/wp-json\/wp\/v2\/media\/3971"}],"wp:attachment":[{"href":"https:\/\/vosgesinfo.fr\/laplainedesvosgesinfo\/wp-json\/wp\/v2\/media?parent=3970"}],"wp:term":[{"taxonomy":"category","embeddable":true,"href":"https:\/\/vosgesinfo.fr\/laplainedesvosgesinfo\/wp-json\/wp\/v2\/categories?post=3970"},{"taxonomy":"post_tag","embeddable":true,"href":"https:\/\/vosgesinfo.fr\/laplainedesvosgesinfo\/wp-json\/wp\/v2\/tags?post=3970"}],"curies":[{"name":"wp","href":"https:\/\/api.w.org\/{rel}","templated":true}]}}