{"id":3985,"date":"2016-04-23T09:31:37","date_gmt":"2016-04-23T07:31:37","guid":{"rendered":"https:\/\/vosgesinfo.fr\/laplainedesvosgesinfo\/2016\/04\/norroy-sur-vair-un-incendie-dans-le-sous-sol-dun-hotel-en-pleine-nuit\/"},"modified":"2016-04-23T09:31:37","modified_gmt":"2016-04-23T07:31:37","slug":"norroy-sur-vair-un-incendie-dans-le-sous-sol-dun-hotel-en-pleine-nuit","status":"publish","type":"post","link":"https:\/\/vosgesinfo.fr\/laplainedesvosgesinfo\/2016\/04\/norroy-sur-vair-un-incendie-dans-le-sous-sol-dun-hotel-en-pleine-nuit\/","title":{"rendered":"Norroy-sur-Vair &#8211; Un incendie dans le sous-sol d\u2019un h\u00f4tel en pleine nuit"},"content":{"rendered":"<p><a href=\"\/2016\/01\/feu.jpg\"><img decoding=\"async\" class=\"wp-image-71584 aligncenter\" src=\"\/2016\/01\/feu.jpg\" alt=\"feu\" width=\"555\" height=\"369\" \/><\/a><\/p>\n<p style=\"text-align: justify;\"><strong>Un incendie s\u2019est d\u00e9clar\u00e9 ce samedi 23 avril 2016 en pleine nuit \u00e0\u00a0Norroy-sur-Vair, pr\u00e8s de Vittel. Tous les clients ont \u00e9t\u00e9 \u00e9vacu\u00e9s. Personne n\u2019a \u00e9t\u00e9 bless\u00e9.<\/strong><\/p>\n<p style=\"text-align: justify;\">Il \u00e9tait 1 heure 00 du matin lorsque les sapeurs-pompiers ont \u00e9t\u00e9 appel\u00e9s eu cet incendie dans un sous-sol. Personne n\u2019a \u00e9t\u00e9 bless\u00e9 mais l\u2019ensemble des clients, soit 33 personnes, ont d\u00fb quitter l\u2019h\u00f4tel. Elles ont \u00e9t\u00e9 relog\u00e9es dans une autre partie de l\u2019\u00e9tablissement.<\/p>\n<p style=\"text-align: justify;\">26 sapeurs-pompiers ont \u00e9t\u00e9 mobilis\u00e9s venus des centres de\u00a0Vittel-Contrex\u00e9ville, Aydoilles, Mandres-sur-Vair, Mirecourt,\u00a0Neufch\u00e2teau, Saint-Ouen-les-Parey et Valfroicourt. Ils sont rapidement venus \u00e0 bout du sinistre caus\u00e9 par une machine \u00e0 laver d\u00e9fectueuse.<\/p>\n<p style=\"text-align: justify;\">Pour sa part, la gendarmerie des Vosges a ouvert les investigations d\u2019usage.<\/p>\n<p style=\"text-align: justify;\"><strong>D.J.\u00a0<\/strong><\/p>\n","protected":false},"excerpt":{"rendered":"<p>Un incendie s\u2019est d\u00e9clar\u00e9 ce samedi 23 avril 2016 en pleine nuit \u00e0\u00a0Norroy-sur-Vair, pr\u00e8s de Vittel. Tous les clients ont [&hellip;]<\/p>\n","protected":false},"author":1,"featured_media":3986,"comment_status":"open","ping_status":"open","sticky":false,"template":"","format":"standard","meta":{"footnotes":""},"categories":[29,8,37,38],"tags":[552,975],"class_list":["post-3985","post","type-post","status-publish","format-standard","has-post-thumbnail","hentry","category-a-la-une","category-faits-divers","category-la-plaine","category-vittel-la-plaine","tag-incendie","tag-norroy-sur-vair"],"acf":[],"yoast_head":"<!-- This site is optimized with the Yoast SEO plugin v22.5 - https:\/\/yoast.com\/wordpress\/plugins\/seo\/ -->\n<title>Norroy-sur-Vair - Un incendie dans le sous-sol d\u2019un h\u00f4tel en pleine nuit - La Plaine des Vosges<\/title>\n<meta name=\"robots\" content=\"index, follow, max-snippet:-1, max-image-preview:large, max-video-preview:-1\" \/>\n<link rel=\"canonical\" href=\"https:\/\/vosgesinfo.fr\/laplainedesvosgesinfo\/2016\/04\/norroy-sur-vair-un-incendie-dans-le-sous-sol-dun-hotel-en-pleine-nuit\/\" \/>\n<meta name=\"twitter:card\" content=\"summary_large_image\" \/>\n<meta name=\"twitter:title\" content=\"Norroy-sur-Vair - Un incendie dans le sous-sol d\u2019un h\u00f4tel en pleine nuit - La Plaine des Vosges\" \/>\n<meta name=\"twitter:description\" content=\"Un incendie s\u2019est d\u00e9clar\u00e9 ce samedi 23 avril 2016 en pleine nuit \u00e0\u00a0Norroy-sur-Vair, pr\u00e8s de Vittel. Tous les clients ont [&hellip;]\" \/>\n<meta name=\"twitter:image\" content=\"https:\/\/vosgesinfo.fr\/app\/uploads\/sites\/2\/2024\/06\/201601feu-6.jpg\" \/>\n<meta name=\"twitter:creator\" content=\"@VosgesInfo88\" \/>\n<meta name=\"twitter:site\" content=\"@VosgesInfo88\" \/>\n<meta name=\"twitter:label1\" content=\"\u00c9crit par\" \/>\n\t<meta name=\"twitter:data1\" content=\"qs_admin\" \/>\n\t<meta name=\"twitter:label2\" content=\"Dur\u00e9e de lecture estim\u00e9e\" \/>\n\t<meta name=\"twitter:data2\" content=\"1 minute\" \/>\n<script type=\"application\/ld+json\" class=\"yoast-schema-graph\">{\"@context\":\"https:\/\/schema.org\",\"@graph\":[{\"@type\":\"Article\",\"@id\":\"https:\/\/vosgesinfo.fr\/laplainedesvosgesinfo\/2016\/04\/norroy-sur-vair-un-incendie-dans-le-sous-sol-dun-hotel-en-pleine-nuit\/#article\",\"isPartOf\":{\"@id\":\"https:\/\/vosgesinfo.fr\/laplainedesvosgesinfo\/2016\/04\/norroy-sur-vair-un-incendie-dans-le-sous-sol-dun-hotel-en-pleine-nuit\/\"},\"author\":{\"name\":\"qs_admin\",\"@id\":\"https:\/\/vosgesinfo.fr\/laplainedesvosgesinfo\/#\/schema\/person\/bc5d02d71e6932e81b6dadb7386667b1\"},\"headline\":\"Norroy-sur-Vair &#8211; Un incendie dans le sous-sol d\u2019un h\u00f4tel en pleine nuit\",\"datePublished\":\"2016-04-23T07:31:37+00:00\",\"dateModified\":\"2016-04-23T07:31:37+00:00\",\"mainEntityOfPage\":{\"@id\":\"https:\/\/vosgesinfo.fr\/laplainedesvosgesinfo\/2016\/04\/norroy-sur-vair-un-incendie-dans-le-sous-sol-dun-hotel-en-pleine-nuit\/\"},\"wordCount\":139,\"commentCount\":0,\"publisher\":{\"@id\":\"https:\/\/vosgesinfo.fr\/laplainedesvosgesinfo\/#organization\"},\"image\":{\"@id\":\"https:\/\/vosgesinfo.fr\/laplainedesvosgesinfo\/2016\/04\/norroy-sur-vair-un-incendie-dans-le-sous-sol-dun-hotel-en-pleine-nuit\/#primaryimage\"},\"thumbnailUrl\":\"https:\/\/vosgesinfo.fr\/app\/uploads\/sites\/2\/2024\/06\/201601feu-6.jpg\",\"keywords\":[\"incendie\",\"Norroy-sur-Vair\"],\"articleSection\":[\"A la Une\",\"Faits-divers\",\"La Plaine\",\"Vittel\"],\"inLanguage\":\"fr-FR\",\"potentialAction\":[{\"@type\":\"CommentAction\",\"name\":\"Comment\",\"target\":[\"https:\/\/vosgesinfo.fr\/laplainedesvosgesinfo\/2016\/04\/norroy-sur-vair-un-incendie-dans-le-sous-sol-dun-hotel-en-pleine-nuit\/#respond\"]}]},{\"@type\":\"WebPage\",\"@id\":\"https:\/\/vosgesinfo.fr\/laplainedesvosgesinfo\/2016\/04\/norroy-sur-vair-un-incendie-dans-le-sous-sol-dun-hotel-en-pleine-nuit\/\",\"url\":\"https:\/\/vosgesinfo.fr\/laplainedesvosgesinfo\/2016\/04\/norroy-sur-vair-un-incendie-dans-le-sous-sol-dun-hotel-en-pleine-nuit\/\",\"name\":\"Norroy-sur-Vair - Un incendie dans le sous-sol d\u2019un h\u00f4tel en pleine nuit - La Plaine des Vosges\",\"isPartOf\":{\"@id\":\"https:\/\/vosgesinfo.fr\/laplainedesvosgesinfo\/#website\"},\"primaryImageOfPage\":{\"@id\":\"https:\/\/vosgesinfo.fr\/laplainedesvosgesinfo\/2016\/04\/norroy-sur-vair-un-incendie-dans-le-sous-sol-dun-hotel-en-pleine-nuit\/#primaryimage\"},\"image\":{\"@id\":\"https:\/\/vosgesinfo.fr\/laplainedesvosgesinfo\/2016\/04\/norroy-sur-vair-un-incendie-dans-le-sous-sol-dun-hotel-en-pleine-nuit\/#primaryimage\"},\"thumbnailUrl\":\"https:\/\/vosgesinfo.fr\/app\/uploads\/sites\/2\/2024\/06\/201601feu-6.jpg\",\"datePublished\":\"2016-04-23T07:31:37+00:00\",\"dateModified\":\"2016-04-23T07:31:37+00:00\",\"breadcrumb\":{\"@id\":\"https:\/\/vosgesinfo.fr\/laplainedesvosgesinfo\/2016\/04\/norroy-sur-vair-un-incendie-dans-le-sous-sol-dun-hotel-en-pleine-nuit\/#breadcrumb\"},\"inLanguage\":\"fr-FR\",\"potentialAction\":[{\"@type\":\"ReadAction\",\"target\":[\"https:\/\/vosgesinfo.fr\/laplainedesvosgesinfo\/2016\/04\/norroy-sur-vair-un-incendie-dans-le-sous-sol-dun-hotel-en-pleine-nuit\/\"]}]},{\"@type\":\"ImageObject\",\"inLanguage\":\"fr-FR\",\"@id\":\"https:\/\/vosgesinfo.fr\/laplainedesvosgesinfo\/2016\/04\/norroy-sur-vair-un-incendie-dans-le-sous-sol-dun-hotel-en-pleine-nuit\/#primaryimage\",\"url\":\"https:\/\/vosgesinfo.fr\/app\/uploads\/sites\/2\/2024\/06\/201601feu-6.jpg\",\"contentUrl\":\"https:\/\/vosgesinfo.fr\/app\/uploads\/sites\/2\/2024\/06\/201601feu-6.jpg\",\"width\":800,\"height\":532},{\"@type\":\"BreadcrumbList\",\"@id\":\"https:\/\/vosgesinfo.fr\/laplainedesvosgesinfo\/2016\/04\/norroy-sur-vair-un-incendie-dans-le-sous-sol-dun-hotel-en-pleine-nuit\/#breadcrumb\",\"itemListElement\":[{\"@type\":\"ListItem\",\"position\":1,\"name\":\"Home\",\"item\":\"https:\/\/vosgesinfo.fr\/laplainedesvosgesinfo\/\"},{\"@type\":\"ListItem\",\"position\":2,\"name\":\"Norroy-sur-Vair &#8211; Un incendie dans le sous-sol d\u2019un h\u00f4tel en pleine nuit\"}]},{\"@type\":\"WebSite\",\"@id\":\"https:\/\/vosgesinfo.fr\/laplainedesvosgesinfo\/#website\",\"url\":\"https:\/\/vosgesinfo.fr\/laplainedesvosgesinfo\/\",\"name\":\"La Plaine des Vosges\",\"description\":\"Toute l&#039;actualit\u00e9 de la plaine de Vosges\",\"publisher\":{\"@id\":\"https:\/\/vosgesinfo.fr\/laplainedesvosgesinfo\/#organization\"},\"alternateName\":\"Toute l'actualit\u00e9 de la plaine des Vosges\",\"potentialAction\":[{\"@type\":\"SearchAction\",\"target\":{\"@type\":\"EntryPoint\",\"urlTemplate\":\"https:\/\/vosgesinfo.fr\/laplainedesvosgesinfo\/?s={search_term_string}\"},\"query-input\":\"required name=search_term_string\"}],\"inLanguage\":\"fr-FR\"},{\"@type\":\"Organization\",\"@id\":\"https:\/\/vosgesinfo.fr\/laplainedesvosgesinfo\/#organization\",\"name\":\"La Plaine des Vosges\",\"url\":\"https:\/\/vosgesinfo.fr\/laplainedesvosgesinfo\/\",\"logo\":{\"@type\":\"ImageObject\",\"inLanguage\":\"fr-FR\",\"@id\":\"https:\/\/vosgesinfo.fr\/laplainedesvosgesinfo\/#\/schema\/logo\/image\/\",\"url\":\"https:\/\/vosgesinfo.fr\/app\/uploads\/sites\/2\/2023\/08\/logo-laplaineinfo.svg\",\"contentUrl\":\"https:\/\/vosgesinfo.fr\/app\/uploads\/sites\/2\/2023\/08\/logo-laplaineinfo.svg\",\"width\":1,\"height\":1,\"caption\":\"La Plaine des Vosges\"},\"image\":{\"@id\":\"https:\/\/vosgesinfo.fr\/laplainedesvosgesinfo\/#\/schema\/logo\/image\/\"},\"sameAs\":[\"https:\/\/www.facebook.com\/laplainedesvosges\",\"https:\/\/x.com\/VosgesInfo88\",\"https:\/\/www.youtube.com\/@vosgesinfo\"]},{\"@type\":\"Person\",\"@id\":\"https:\/\/vosgesinfo.fr\/laplainedesvosgesinfo\/#\/schema\/person\/bc5d02d71e6932e81b6dadb7386667b1\",\"name\":\"qs_admin\",\"image\":{\"@type\":\"ImageObject\",\"inLanguage\":\"fr-FR\",\"@id\":\"https:\/\/vosgesinfo.fr\/laplainedesvosgesinfo\/#\/schema\/person\/image\/\",\"url\":\"https:\/\/secure.gravatar.com\/avatar\/94b18ee0ed79e4a42ea2f2931277b6841a8999fc6fde214600c78057cf1fe1de?s=96&d=mm&r=g\",\"contentUrl\":\"https:\/\/secure.gravatar.com\/avatar\/94b18ee0ed79e4a42ea2f2931277b6841a8999fc6fde214600c78057cf1fe1de?s=96&d=mm&r=g\",\"caption\":\"qs_admin\"},\"sameAs\":[\"https:\/\/vosgesinfo.fr\/wp\"],\"url\":\"https:\/\/vosgesinfo.fr\/laplainedesvosgesinfo\/author\/qs_admin\/\"}]}<\/script>\n<!-- \/ Yoast SEO plugin. -->","yoast_head_json":{"title":"Norroy-sur-Vair - Un incendie dans le sous-sol d\u2019un h\u00f4tel en pleine nuit - La Plaine des Vosges","robots":{"index":"index","follow":"follow","max-snippet":"max-snippet:-1","max-image-preview":"max-image-preview:large","max-video-preview":"max-video-preview:-1"},"canonical":"https:\/\/vosgesinfo.fr\/laplainedesvosgesinfo\/2016\/04\/norroy-sur-vair-un-incendie-dans-le-sous-sol-dun-hotel-en-pleine-nuit\/","twitter_card":"summary_large_image","twitter_title":"Norroy-sur-Vair - Un incendie dans le sous-sol d\u2019un h\u00f4tel en pleine nuit - La Plaine des Vosges","twitter_description":"Un incendie s\u2019est d\u00e9clar\u00e9 ce samedi 23 avril 2016 en pleine nuit \u00e0\u00a0Norroy-sur-Vair, pr\u00e8s de Vittel. Tous les clients ont [&hellip;]","twitter_image":"https:\/\/vosgesinfo.fr\/app\/uploads\/sites\/2\/2024\/06\/201601feu-6.jpg","twitter_creator":"@VosgesInfo88","twitter_site":"@VosgesInfo88","twitter_misc":{"\u00c9crit par":"qs_admin","Dur\u00e9e de lecture estim\u00e9e":"1 minute"},"schema":{"@context":"https:\/\/schema.org","@graph":[{"@type":"Article","@id":"https:\/\/vosgesinfo.fr\/laplainedesvosgesinfo\/2016\/04\/norroy-sur-vair-un-incendie-dans-le-sous-sol-dun-hotel-en-pleine-nuit\/#article","isPartOf":{"@id":"https:\/\/vosgesinfo.fr\/laplainedesvosgesinfo\/2016\/04\/norroy-sur-vair-un-incendie-dans-le-sous-sol-dun-hotel-en-pleine-nuit\/"},"author":{"name":"qs_admin","@id":"https:\/\/vosgesinfo.fr\/laplainedesvosgesinfo\/#\/schema\/person\/bc5d02d71e6932e81b6dadb7386667b1"},"headline":"Norroy-sur-Vair &#8211; Un incendie dans le sous-sol d\u2019un h\u00f4tel en pleine nuit","datePublished":"2016-04-23T07:31:37+00:00","dateModified":"2016-04-23T07:31:37+00:00","mainEntityOfPage":{"@id":"https:\/\/vosgesinfo.fr\/laplainedesvosgesinfo\/2016\/04\/norroy-sur-vair-un-incendie-dans-le-sous-sol-dun-hotel-en-pleine-nuit\/"},"wordCount":139,"commentCount":0,"publisher":{"@id":"https:\/\/vosgesinfo.fr\/laplainedesvosgesinfo\/#organization"},"image":{"@id":"https:\/\/vosgesinfo.fr\/laplainedesvosgesinfo\/2016\/04\/norroy-sur-vair-un-incendie-dans-le-sous-sol-dun-hotel-en-pleine-nuit\/#primaryimage"},"thumbnailUrl":"https:\/\/vosgesinfo.fr\/app\/uploads\/sites\/2\/2024\/06\/201601feu-6.jpg","keywords":["incendie","Norroy-sur-Vair"],"articleSection":["A la Une","Faits-divers","La Plaine","Vittel"],"inLanguage":"fr-FR","potentialAction":[{"@type":"CommentAction","name":"Comment","target":["https:\/\/vosgesinfo.fr\/laplainedesvosgesinfo\/2016\/04\/norroy-sur-vair-un-incendie-dans-le-sous-sol-dun-hotel-en-pleine-nuit\/#respond"]}]},{"@type":"WebPage","@id":"https:\/\/vosgesinfo.fr\/laplainedesvosgesinfo\/2016\/04\/norroy-sur-vair-un-incendie-dans-le-sous-sol-dun-hotel-en-pleine-nuit\/","url":"https:\/\/vosgesinfo.fr\/laplainedesvosgesinfo\/2016\/04\/norroy-sur-vair-un-incendie-dans-le-sous-sol-dun-hotel-en-pleine-nuit\/","name":"Norroy-sur-Vair - Un incendie dans le sous-sol d\u2019un h\u00f4tel en pleine nuit - La Plaine des Vosges","isPartOf":{"@id":"https:\/\/vosgesinfo.fr\/laplainedesvosgesinfo\/#website"},"primaryImageOfPage":{"@id":"https:\/\/vosgesinfo.fr\/laplainedesvosgesinfo\/2016\/04\/norroy-sur-vair-un-incendie-dans-le-sous-sol-dun-hotel-en-pleine-nuit\/#primaryimage"},"image":{"@id":"https:\/\/vosgesinfo.fr\/laplainedesvosgesinfo\/2016\/04\/norroy-sur-vair-un-incendie-dans-le-sous-sol-dun-hotel-en-pleine-nuit\/#primaryimage"},"thumbnailUrl":"https:\/\/vosgesinfo.fr\/app\/uploads\/sites\/2\/2024\/06\/201601feu-6.jpg","datePublished":"2016-04-23T07:31:37+00:00","dateModified":"2016-04-23T07:31:37+00:00","breadcrumb":{"@id":"https:\/\/vosgesinfo.fr\/laplainedesvosgesinfo\/2016\/04\/norroy-sur-vair-un-incendie-dans-le-sous-sol-dun-hotel-en-pleine-nuit\/#breadcrumb"},"inLanguage":"fr-FR","potentialAction":[{"@type":"ReadAction","target":["https:\/\/vosgesinfo.fr\/laplainedesvosgesinfo\/2016\/04\/norroy-sur-vair-un-incendie-dans-le-sous-sol-dun-hotel-en-pleine-nuit\/"]}]},{"@type":"ImageObject","inLanguage":"fr-FR","@id":"https:\/\/vosgesinfo.fr\/laplainedesvosgesinfo\/2016\/04\/norroy-sur-vair-un-incendie-dans-le-sous-sol-dun-hotel-en-pleine-nuit\/#primaryimage","url":"https:\/\/vosgesinfo.fr\/app\/uploads\/sites\/2\/2024\/06\/201601feu-6.jpg","contentUrl":"https:\/\/vosgesinfo.fr\/app\/uploads\/sites\/2\/2024\/06\/201601feu-6.jpg","width":800,"height":532},{"@type":"BreadcrumbList","@id":"https:\/\/vosgesinfo.fr\/laplainedesvosgesinfo\/2016\/04\/norroy-sur-vair-un-incendie-dans-le-sous-sol-dun-hotel-en-pleine-nuit\/#breadcrumb","itemListElement":[{"@type":"ListItem","position":1,"name":"Home","item":"https:\/\/vosgesinfo.fr\/laplainedesvosgesinfo\/"},{"@type":"ListItem","position":2,"name":"Norroy-sur-Vair &#8211; Un incendie dans le sous-sol d\u2019un h\u00f4tel en pleine nuit"}]},{"@type":"WebSite","@id":"https:\/\/vosgesinfo.fr\/laplainedesvosgesinfo\/#website","url":"https:\/\/vosgesinfo.fr\/laplainedesvosgesinfo\/","name":"La Plaine des Vosges","description":"Toute l&#039;actualit\u00e9 de la plaine de Vosges","publisher":{"@id":"https:\/\/vosgesinfo.fr\/laplainedesvosgesinfo\/#organization"},"alternateName":"Toute l'actualit\u00e9 de la plaine des Vosges","potentialAction":[{"@type":"SearchAction","target":{"@type":"EntryPoint","urlTemplate":"https:\/\/vosgesinfo.fr\/laplainedesvosgesinfo\/?s={search_term_string}"},"query-input":"required name=search_term_string"}],"inLanguage":"fr-FR"},{"@type":"Organization","@id":"https:\/\/vosgesinfo.fr\/laplainedesvosgesinfo\/#organization","name":"La Plaine des Vosges","url":"https:\/\/vosgesinfo.fr\/laplainedesvosgesinfo\/","logo":{"@type":"ImageObject","inLanguage":"fr-FR","@id":"https:\/\/vosgesinfo.fr\/laplainedesvosgesinfo\/#\/schema\/logo\/image\/","url":"https:\/\/vosgesinfo.fr\/app\/uploads\/sites\/2\/2023\/08\/logo-laplaineinfo.svg","contentUrl":"https:\/\/vosgesinfo.fr\/app\/uploads\/sites\/2\/2023\/08\/logo-laplaineinfo.svg","width":1,"height":1,"caption":"La Plaine des Vosges"},"image":{"@id":"https:\/\/vosgesinfo.fr\/laplainedesvosgesinfo\/#\/schema\/logo\/image\/"},"sameAs":["https:\/\/www.facebook.com\/laplainedesvosges","https:\/\/x.com\/VosgesInfo88","https:\/\/www.youtube.com\/@vosgesinfo"]},{"@type":"Person","@id":"https:\/\/vosgesinfo.fr\/laplainedesvosgesinfo\/#\/schema\/person\/bc5d02d71e6932e81b6dadb7386667b1","name":"qs_admin","image":{"@type":"ImageObject","inLanguage":"fr-FR","@id":"https:\/\/vosgesinfo.fr\/laplainedesvosgesinfo\/#\/schema\/person\/image\/","url":"https:\/\/secure.gravatar.com\/avatar\/94b18ee0ed79e4a42ea2f2931277b6841a8999fc6fde214600c78057cf1fe1de?s=96&d=mm&r=g","contentUrl":"https:\/\/secure.gravatar.com\/avatar\/94b18ee0ed79e4a42ea2f2931277b6841a8999fc6fde214600c78057cf1fe1de?s=96&d=mm&r=g","caption":"qs_admin"},"sameAs":["https:\/\/vosgesinfo.fr\/wp"],"url":"https:\/\/vosgesinfo.fr\/laplainedesvosgesinfo\/author\/qs_admin\/"}]}},"_links":{"self":[{"href":"https:\/\/vosgesinfo.fr\/laplainedesvosgesinfo\/wp-json\/wp\/v2\/posts\/3985","targetHints":{"allow":["GET"]}}],"collection":[{"href":"https:\/\/vosgesinfo.fr\/laplainedesvosgesinfo\/wp-json\/wp\/v2\/posts"}],"about":[{"href":"https:\/\/vosgesinfo.fr\/laplainedesvosgesinfo\/wp-json\/wp\/v2\/types\/post"}],"author":[{"embeddable":true,"href":"https:\/\/vosgesinfo.fr\/laplainedesvosgesinfo\/wp-json\/wp\/v2\/users\/1"}],"replies":[{"embeddable":true,"href":"https:\/\/vosgesinfo.fr\/laplainedesvosgesinfo\/wp-json\/wp\/v2\/comments?post=3985"}],"version-history":[{"count":0,"href":"https:\/\/vosgesinfo.fr\/laplainedesvosgesinfo\/wp-json\/wp\/v2\/posts\/3985\/revisions"}],"wp:featuredmedia":[{"embeddable":true,"href":"https:\/\/vosgesinfo.fr\/laplainedesvosgesinfo\/wp-json\/wp\/v2\/media\/3986"}],"wp:attachment":[{"href":"https:\/\/vosgesinfo.fr\/laplainedesvosgesinfo\/wp-json\/wp\/v2\/media?parent=3985"}],"wp:term":[{"taxonomy":"category","embeddable":true,"href":"https:\/\/vosgesinfo.fr\/laplainedesvosgesinfo\/wp-json\/wp\/v2\/categories?post=3985"},{"taxonomy":"post_tag","embeddable":true,"href":"https:\/\/vosgesinfo.fr\/laplainedesvosgesinfo\/wp-json\/wp\/v2\/tags?post=3985"}],"curies":[{"name":"wp","href":"https:\/\/api.w.org\/{rel}","templated":true}]}}