{"id":4333,"date":"2016-05-12T15:04:33","date_gmt":"2016-05-12T13:04:33","guid":{"rendered":"https:\/\/vosgesinfo.fr\/laplainedesvosgesinfo\/2016\/05\/vosges-le-smd-lance-le-compostage-partage\/"},"modified":"2016-05-12T15:04:33","modified_gmt":"2016-05-12T13:04:33","slug":"vosges-le-smd-lance-le-compostage-partage","status":"publish","type":"post","link":"https:\/\/vosgesinfo.fr\/laplainedesvosgesinfo\/2016\/05\/vosges-le-smd-lance-le-compostage-partage\/","title":{"rendered":"Vosges &#8211; Le SMD lance le \u00ab\u00a0compostage partag\u00e9\u00a0\u00bb"},"content":{"rendered":"<p style=\"text-align: justify;\"><a href=\"\/2016\/05\/IMG_0088-min.jpg\"><img decoding=\"async\" class=\"wp-image-76205 aligncenter\" src=\"\/2016\/05\/IMG_0088-min.jpg\" alt=\"IMG_0088-min\" width=\"767\" height=\"511\" \/><\/a><\/p>\n<p style=\"text-align: justify;\"><strong>Dans le cadre de sa politique de r\u00e9duction des d\u00e9chets, le SMD (Syndicat mixte pour la gestion des d\u00e9chets m\u00e9nagers et assimil\u00e9s des Vosges) souhaite d\u00e9velopper la pratique du compostage partag\u00e9 sur son territoire. Pour ce faire, il lance un appel \u00e0 candidature aupr\u00e8s des structures et \u00e9tablissements publics ou priv\u00e9s qui souhaitent faire partie des sites pilotes de compostage collectif.<\/strong><\/p>\n<p style=\"text-align: justify;\">L&rsquo;ouverture des candidatures a \u00e9t\u00e9 lanc\u00e9e officiellement ce mercredi soir par Beno\u00eet Jourdain, pr\u00e9sident du SMD, R\u00e9gine B\u00e9gel, <a href=\"\/2016\/05\/IMG_0089-min-Copie.jpg\"><img decoding=\"async\" class=\"wp-image-76208 alignright\" src=\"\/2016\/05\/IMG_0089-min-Copie.jpg\" alt=\"IMG_0089-min - Copie\" width=\"305\" height=\"226\" \/><\/a>conseill\u00e8re d\u00e9partementale et Arlette Jaworski, adjointe \u00e0 la mairie de Contrex\u00e9ville. Cette soir\u00e9e \u00e9tait aussi l&rsquo;occasion d&rsquo;inaugurer les nouveaux composteurs collectifs install\u00e9s au jardin p\u00e9dagogique de la cit\u00e9 contrex\u00e9villoise.<\/p>\n<p style=\"text-align: justify;\">30% de la poubelle d&rsquo;ordures m\u00e9nag\u00e8res r\u00e9siduelles des vosgiens est compos\u00e9e de d\u00e9chets pouvant \u00eatre compost\u00e9s, soit 80kg\/an\/hab. Face \u00e0 ce constat, le SMD souhaite d\u00e9velopper des solutions afin de r\u00e9duire le poids de la poubelle des vosgiens.<\/p>\n<p style=\"text-align: justify;\">Le principe principal est la mise \u00e0 disposition d&rsquo;un ou plusieurs composteurs sur un m\u00eame site et utilis\u00e9s par diverses personnes. Apr\u00e8s 9 mois de \u00ab\u00a0d\u00e9p\u00f4t\u00a0\u00bb de biod\u00e9chets et de mati\u00e8re s\u00e8che, les habitants r\u00e9colteront ce compost pour leurs jardini\u00e8res, plantes d&rsquo;int\u00e9rieur et autres espaces verts.<\/p>\n<p style=\"text-align: justify;\"><a href=\"\/2016\/05\/IMG_0093-min.jpg\"><img decoding=\"async\" class=\"wp-image-76209 alignleft\" src=\"\/2016\/05\/IMG_0093-min.jpg\" alt=\"IMG_0093-min\" width=\"343\" height=\"228\" \/><\/a>Pour impulser une dynamique autour de la pratique du compostage partag\u00e9, le SMD lance un appel \u00e0 candidature afin de recruter 25 projets pr\u00eats \u00e0 devenir des sites pilotes sur le territoire vosgien. Le syndicat, avec l&rsquo;aide des Jardins de Cocagne, les accompagnera gracieusement durant un an dans leur d\u00e9marche : de l&rsquo;installation des composteurs, en passant par les formations au compostage jusqu&rsquo;au mat\u00e9riel. Les projets choisis seront diversifi\u00e9s : site de compostage en pied d&rsquo;immeuble collectif, dans un quartier, un \u00e9tablissement scolaire ou de sant\u00e9.<\/p>\n<p style=\"text-align: justify;\"><strong>Le dossier de candidature est disponible en t\u00e9l\u00e9chargement sur le <a href=\"http:\/\/www.smdvosges.com\/\" target=\"_blank\" rel=\"noopener\">site internet du SMD<\/a>. La cl\u00f4ture des inscriptions se fera le dimanche 5 juin 2016.<\/strong><\/p>\n<p style=\"text-align: justify;\">A.J.<\/p>\n","protected":false},"excerpt":{"rendered":"<p>Dans le cadre de sa politique de r\u00e9duction des d\u00e9chets, le SMD (Syndicat mixte pour la gestion des d\u00e9chets m\u00e9nagers [&hellip;]<\/p>\n","protected":false},"author":1,"featured_media":4334,"comment_status":"open","ping_status":"open","sticky":false,"template":"","format":"standard","meta":{"footnotes":""},"categories":[29,79,37,18],"tags":[1112,1113,177,1114,233],"class_list":["post-4333","post","type-post","status-publish","format-standard","has-post-thumbnail","hentry","category-a-la-une","category-contrexeville-la-plaine","category-la-plaine","category-vosges","tag-appel-a-candidature","tag-compostage-partage","tag-contrexeville","tag-smd","tag-vosges"],"acf":[],"yoast_head":"<!-- This site is optimized with the Yoast SEO plugin v22.5 - https:\/\/yoast.com\/wordpress\/plugins\/seo\/ -->\n<title>Vosges - Le SMD lance le &quot;compostage partag\u00e9&quot; - La Plaine des Vosges<\/title>\n<meta name=\"robots\" content=\"index, follow, max-snippet:-1, max-image-preview:large, max-video-preview:-1\" \/>\n<link rel=\"canonical\" href=\"https:\/\/vosgesinfo.fr\/laplainedesvosgesinfo\/2016\/05\/vosges-le-smd-lance-le-compostage-partage\/\" \/>\n<meta name=\"twitter:card\" content=\"summary_large_image\" \/>\n<meta name=\"twitter:title\" content=\"Vosges - Le SMD lance le &quot;compostage partag\u00e9&quot; - La Plaine des Vosges\" \/>\n<meta name=\"twitter:description\" content=\"Dans le cadre de sa politique de r\u00e9duction des d\u00e9chets, le SMD (Syndicat mixte pour la gestion des d\u00e9chets m\u00e9nagers [&hellip;]\" \/>\n<meta name=\"twitter:image\" content=\"https:\/\/vosgesinfo.fr\/app\/uploads\/sites\/2\/2024\/06\/201605img-0088-min.jpg\" \/>\n<meta name=\"twitter:creator\" content=\"@VosgesInfo88\" \/>\n<meta name=\"twitter:site\" content=\"@VosgesInfo88\" \/>\n<meta name=\"twitter:label1\" content=\"\u00c9crit par\" \/>\n\t<meta name=\"twitter:data1\" content=\"qs_admin\" \/>\n\t<meta name=\"twitter:label2\" content=\"Dur\u00e9e de lecture estim\u00e9e\" \/>\n\t<meta name=\"twitter:data2\" content=\"2 minutes\" \/>\n<script type=\"application\/ld+json\" class=\"yoast-schema-graph\">{\"@context\":\"https:\/\/schema.org\",\"@graph\":[{\"@type\":\"Article\",\"@id\":\"https:\/\/vosgesinfo.fr\/laplainedesvosgesinfo\/2016\/05\/vosges-le-smd-lance-le-compostage-partage\/#article\",\"isPartOf\":{\"@id\":\"https:\/\/vosgesinfo.fr\/laplainedesvosgesinfo\/2016\/05\/vosges-le-smd-lance-le-compostage-partage\/\"},\"author\":{\"name\":\"qs_admin\",\"@id\":\"https:\/\/vosgesinfo.fr\/laplainedesvosgesinfo\/#\/schema\/person\/bc5d02d71e6932e81b6dadb7386667b1\"},\"headline\":\"Vosges &#8211; Le SMD lance le \u00ab\u00a0compostage partag\u00e9\u00a0\u00bb\",\"datePublished\":\"2016-05-12T13:04:33+00:00\",\"dateModified\":\"2016-05-12T13:04:33+00:00\",\"mainEntityOfPage\":{\"@id\":\"https:\/\/vosgesinfo.fr\/laplainedesvosgesinfo\/2016\/05\/vosges-le-smd-lance-le-compostage-partage\/\"},\"wordCount\":358,\"commentCount\":0,\"publisher\":{\"@id\":\"https:\/\/vosgesinfo.fr\/laplainedesvosgesinfo\/#organization\"},\"image\":{\"@id\":\"https:\/\/vosgesinfo.fr\/laplainedesvosgesinfo\/2016\/05\/vosges-le-smd-lance-le-compostage-partage\/#primaryimage\"},\"thumbnailUrl\":\"https:\/\/vosgesinfo.fr\/app\/uploads\/sites\/2\/2024\/06\/201605img-0088-min.jpg\",\"keywords\":[\"appel \u00e0 candidature\",\"compostage partag\u00e9\",\"Contrex\u00e9ville\",\"SMD\",\"Vosges\"],\"articleSection\":[\"A la Une\",\"Contrex\u00e9ville\",\"La Plaine\",\"Vosges\"],\"inLanguage\":\"fr-FR\",\"potentialAction\":[{\"@type\":\"CommentAction\",\"name\":\"Comment\",\"target\":[\"https:\/\/vosgesinfo.fr\/laplainedesvosgesinfo\/2016\/05\/vosges-le-smd-lance-le-compostage-partage\/#respond\"]}]},{\"@type\":\"WebPage\",\"@id\":\"https:\/\/vosgesinfo.fr\/laplainedesvosgesinfo\/2016\/05\/vosges-le-smd-lance-le-compostage-partage\/\",\"url\":\"https:\/\/vosgesinfo.fr\/laplainedesvosgesinfo\/2016\/05\/vosges-le-smd-lance-le-compostage-partage\/\",\"name\":\"Vosges - Le SMD lance le \\\"compostage partag\u00e9\\\" - La Plaine des Vosges\",\"isPartOf\":{\"@id\":\"https:\/\/vosgesinfo.fr\/laplainedesvosgesinfo\/#website\"},\"primaryImageOfPage\":{\"@id\":\"https:\/\/vosgesinfo.fr\/laplainedesvosgesinfo\/2016\/05\/vosges-le-smd-lance-le-compostage-partage\/#primaryimage\"},\"image\":{\"@id\":\"https:\/\/vosgesinfo.fr\/laplainedesvosgesinfo\/2016\/05\/vosges-le-smd-lance-le-compostage-partage\/#primaryimage\"},\"thumbnailUrl\":\"https:\/\/vosgesinfo.fr\/app\/uploads\/sites\/2\/2024\/06\/201605img-0088-min.jpg\",\"datePublished\":\"2016-05-12T13:04:33+00:00\",\"dateModified\":\"2016-05-12T13:04:33+00:00\",\"breadcrumb\":{\"@id\":\"https:\/\/vosgesinfo.fr\/laplainedesvosgesinfo\/2016\/05\/vosges-le-smd-lance-le-compostage-partage\/#breadcrumb\"},\"inLanguage\":\"fr-FR\",\"potentialAction\":[{\"@type\":\"ReadAction\",\"target\":[\"https:\/\/vosgesinfo.fr\/laplainedesvosgesinfo\/2016\/05\/vosges-le-smd-lance-le-compostage-partage\/\"]}]},{\"@type\":\"ImageObject\",\"inLanguage\":\"fr-FR\",\"@id\":\"https:\/\/vosgesinfo.fr\/laplainedesvosgesinfo\/2016\/05\/vosges-le-smd-lance-le-compostage-partage\/#primaryimage\",\"url\":\"https:\/\/vosgesinfo.fr\/app\/uploads\/sites\/2\/2024\/06\/201605img-0088-min.jpg\",\"contentUrl\":\"https:\/\/vosgesinfo.fr\/app\/uploads\/sites\/2\/2024\/06\/201605img-0088-min.jpg\",\"width\":800,\"height\":534},{\"@type\":\"BreadcrumbList\",\"@id\":\"https:\/\/vosgesinfo.fr\/laplainedesvosgesinfo\/2016\/05\/vosges-le-smd-lance-le-compostage-partage\/#breadcrumb\",\"itemListElement\":[{\"@type\":\"ListItem\",\"position\":1,\"name\":\"Home\",\"item\":\"https:\/\/vosgesinfo.fr\/laplainedesvosgesinfo\/\"},{\"@type\":\"ListItem\",\"position\":2,\"name\":\"Vosges &#8211; Le SMD lance le \u00ab\u00a0compostage partag\u00e9\u00a0\u00bb\"}]},{\"@type\":\"WebSite\",\"@id\":\"https:\/\/vosgesinfo.fr\/laplainedesvosgesinfo\/#website\",\"url\":\"https:\/\/vosgesinfo.fr\/laplainedesvosgesinfo\/\",\"name\":\"La Plaine des Vosges\",\"description\":\"Toute l&#039;actualit\u00e9 de la plaine de Vosges\",\"publisher\":{\"@id\":\"https:\/\/vosgesinfo.fr\/laplainedesvosgesinfo\/#organization\"},\"alternateName\":\"Toute l'actualit\u00e9 de la plaine des Vosges\",\"potentialAction\":[{\"@type\":\"SearchAction\",\"target\":{\"@type\":\"EntryPoint\",\"urlTemplate\":\"https:\/\/vosgesinfo.fr\/laplainedesvosgesinfo\/?s={search_term_string}\"},\"query-input\":\"required name=search_term_string\"}],\"inLanguage\":\"fr-FR\"},{\"@type\":\"Organization\",\"@id\":\"https:\/\/vosgesinfo.fr\/laplainedesvosgesinfo\/#organization\",\"name\":\"La Plaine des Vosges\",\"url\":\"https:\/\/vosgesinfo.fr\/laplainedesvosgesinfo\/\",\"logo\":{\"@type\":\"ImageObject\",\"inLanguage\":\"fr-FR\",\"@id\":\"https:\/\/vosgesinfo.fr\/laplainedesvosgesinfo\/#\/schema\/logo\/image\/\",\"url\":\"https:\/\/vosgesinfo.fr\/app\/uploads\/sites\/2\/2023\/08\/logo-laplaineinfo.svg\",\"contentUrl\":\"https:\/\/vosgesinfo.fr\/app\/uploads\/sites\/2\/2023\/08\/logo-laplaineinfo.svg\",\"width\":1,\"height\":1,\"caption\":\"La Plaine des Vosges\"},\"image\":{\"@id\":\"https:\/\/vosgesinfo.fr\/laplainedesvosgesinfo\/#\/schema\/logo\/image\/\"},\"sameAs\":[\"https:\/\/www.facebook.com\/laplainedesvosges\",\"https:\/\/x.com\/VosgesInfo88\",\"https:\/\/www.youtube.com\/@vosgesinfo\"]},{\"@type\":\"Person\",\"@id\":\"https:\/\/vosgesinfo.fr\/laplainedesvosgesinfo\/#\/schema\/person\/bc5d02d71e6932e81b6dadb7386667b1\",\"name\":\"qs_admin\",\"image\":{\"@type\":\"ImageObject\",\"inLanguage\":\"fr-FR\",\"@id\":\"https:\/\/vosgesinfo.fr\/laplainedesvosgesinfo\/#\/schema\/person\/image\/\",\"url\":\"https:\/\/secure.gravatar.com\/avatar\/94b18ee0ed79e4a42ea2f2931277b6841a8999fc6fde214600c78057cf1fe1de?s=96&d=mm&r=g\",\"contentUrl\":\"https:\/\/secure.gravatar.com\/avatar\/94b18ee0ed79e4a42ea2f2931277b6841a8999fc6fde214600c78057cf1fe1de?s=96&d=mm&r=g\",\"caption\":\"qs_admin\"},\"sameAs\":[\"https:\/\/vosgesinfo.fr\/wp\"],\"url\":\"https:\/\/vosgesinfo.fr\/laplainedesvosgesinfo\/author\/qs_admin\/\"}]}<\/script>\n<!-- \/ Yoast SEO plugin. -->","yoast_head_json":{"title":"Vosges - Le SMD lance le \"compostage partag\u00e9\" - La Plaine des Vosges","robots":{"index":"index","follow":"follow","max-snippet":"max-snippet:-1","max-image-preview":"max-image-preview:large","max-video-preview":"max-video-preview:-1"},"canonical":"https:\/\/vosgesinfo.fr\/laplainedesvosgesinfo\/2016\/05\/vosges-le-smd-lance-le-compostage-partage\/","twitter_card":"summary_large_image","twitter_title":"Vosges - Le SMD lance le \"compostage partag\u00e9\" - La Plaine des Vosges","twitter_description":"Dans le cadre de sa politique de r\u00e9duction des d\u00e9chets, le SMD (Syndicat mixte pour la gestion des d\u00e9chets m\u00e9nagers [&hellip;]","twitter_image":"https:\/\/vosgesinfo.fr\/app\/uploads\/sites\/2\/2024\/06\/201605img-0088-min.jpg","twitter_creator":"@VosgesInfo88","twitter_site":"@VosgesInfo88","twitter_misc":{"\u00c9crit par":"qs_admin","Dur\u00e9e de lecture estim\u00e9e":"2 minutes"},"schema":{"@context":"https:\/\/schema.org","@graph":[{"@type":"Article","@id":"https:\/\/vosgesinfo.fr\/laplainedesvosgesinfo\/2016\/05\/vosges-le-smd-lance-le-compostage-partage\/#article","isPartOf":{"@id":"https:\/\/vosgesinfo.fr\/laplainedesvosgesinfo\/2016\/05\/vosges-le-smd-lance-le-compostage-partage\/"},"author":{"name":"qs_admin","@id":"https:\/\/vosgesinfo.fr\/laplainedesvosgesinfo\/#\/schema\/person\/bc5d02d71e6932e81b6dadb7386667b1"},"headline":"Vosges &#8211; Le SMD lance le \u00ab\u00a0compostage partag\u00e9\u00a0\u00bb","datePublished":"2016-05-12T13:04:33+00:00","dateModified":"2016-05-12T13:04:33+00:00","mainEntityOfPage":{"@id":"https:\/\/vosgesinfo.fr\/laplainedesvosgesinfo\/2016\/05\/vosges-le-smd-lance-le-compostage-partage\/"},"wordCount":358,"commentCount":0,"publisher":{"@id":"https:\/\/vosgesinfo.fr\/laplainedesvosgesinfo\/#organization"},"image":{"@id":"https:\/\/vosgesinfo.fr\/laplainedesvosgesinfo\/2016\/05\/vosges-le-smd-lance-le-compostage-partage\/#primaryimage"},"thumbnailUrl":"https:\/\/vosgesinfo.fr\/app\/uploads\/sites\/2\/2024\/06\/201605img-0088-min.jpg","keywords":["appel \u00e0 candidature","compostage partag\u00e9","Contrex\u00e9ville","SMD","Vosges"],"articleSection":["A la Une","Contrex\u00e9ville","La Plaine","Vosges"],"inLanguage":"fr-FR","potentialAction":[{"@type":"CommentAction","name":"Comment","target":["https:\/\/vosgesinfo.fr\/laplainedesvosgesinfo\/2016\/05\/vosges-le-smd-lance-le-compostage-partage\/#respond"]}]},{"@type":"WebPage","@id":"https:\/\/vosgesinfo.fr\/laplainedesvosgesinfo\/2016\/05\/vosges-le-smd-lance-le-compostage-partage\/","url":"https:\/\/vosgesinfo.fr\/laplainedesvosgesinfo\/2016\/05\/vosges-le-smd-lance-le-compostage-partage\/","name":"Vosges - Le SMD lance le \"compostage partag\u00e9\" - La Plaine des Vosges","isPartOf":{"@id":"https:\/\/vosgesinfo.fr\/laplainedesvosgesinfo\/#website"},"primaryImageOfPage":{"@id":"https:\/\/vosgesinfo.fr\/laplainedesvosgesinfo\/2016\/05\/vosges-le-smd-lance-le-compostage-partage\/#primaryimage"},"image":{"@id":"https:\/\/vosgesinfo.fr\/laplainedesvosgesinfo\/2016\/05\/vosges-le-smd-lance-le-compostage-partage\/#primaryimage"},"thumbnailUrl":"https:\/\/vosgesinfo.fr\/app\/uploads\/sites\/2\/2024\/06\/201605img-0088-min.jpg","datePublished":"2016-05-12T13:04:33+00:00","dateModified":"2016-05-12T13:04:33+00:00","breadcrumb":{"@id":"https:\/\/vosgesinfo.fr\/laplainedesvosgesinfo\/2016\/05\/vosges-le-smd-lance-le-compostage-partage\/#breadcrumb"},"inLanguage":"fr-FR","potentialAction":[{"@type":"ReadAction","target":["https:\/\/vosgesinfo.fr\/laplainedesvosgesinfo\/2016\/05\/vosges-le-smd-lance-le-compostage-partage\/"]}]},{"@type":"ImageObject","inLanguage":"fr-FR","@id":"https:\/\/vosgesinfo.fr\/laplainedesvosgesinfo\/2016\/05\/vosges-le-smd-lance-le-compostage-partage\/#primaryimage","url":"https:\/\/vosgesinfo.fr\/app\/uploads\/sites\/2\/2024\/06\/201605img-0088-min.jpg","contentUrl":"https:\/\/vosgesinfo.fr\/app\/uploads\/sites\/2\/2024\/06\/201605img-0088-min.jpg","width":800,"height":534},{"@type":"BreadcrumbList","@id":"https:\/\/vosgesinfo.fr\/laplainedesvosgesinfo\/2016\/05\/vosges-le-smd-lance-le-compostage-partage\/#breadcrumb","itemListElement":[{"@type":"ListItem","position":1,"name":"Home","item":"https:\/\/vosgesinfo.fr\/laplainedesvosgesinfo\/"},{"@type":"ListItem","position":2,"name":"Vosges &#8211; Le SMD lance le \u00ab\u00a0compostage partag\u00e9\u00a0\u00bb"}]},{"@type":"WebSite","@id":"https:\/\/vosgesinfo.fr\/laplainedesvosgesinfo\/#website","url":"https:\/\/vosgesinfo.fr\/laplainedesvosgesinfo\/","name":"La Plaine des Vosges","description":"Toute l&#039;actualit\u00e9 de la plaine de Vosges","publisher":{"@id":"https:\/\/vosgesinfo.fr\/laplainedesvosgesinfo\/#organization"},"alternateName":"Toute l'actualit\u00e9 de la plaine des Vosges","potentialAction":[{"@type":"SearchAction","target":{"@type":"EntryPoint","urlTemplate":"https:\/\/vosgesinfo.fr\/laplainedesvosgesinfo\/?s={search_term_string}"},"query-input":"required name=search_term_string"}],"inLanguage":"fr-FR"},{"@type":"Organization","@id":"https:\/\/vosgesinfo.fr\/laplainedesvosgesinfo\/#organization","name":"La Plaine des Vosges","url":"https:\/\/vosgesinfo.fr\/laplainedesvosgesinfo\/","logo":{"@type":"ImageObject","inLanguage":"fr-FR","@id":"https:\/\/vosgesinfo.fr\/laplainedesvosgesinfo\/#\/schema\/logo\/image\/","url":"https:\/\/vosgesinfo.fr\/app\/uploads\/sites\/2\/2023\/08\/logo-laplaineinfo.svg","contentUrl":"https:\/\/vosgesinfo.fr\/app\/uploads\/sites\/2\/2023\/08\/logo-laplaineinfo.svg","width":1,"height":1,"caption":"La Plaine des Vosges"},"image":{"@id":"https:\/\/vosgesinfo.fr\/laplainedesvosgesinfo\/#\/schema\/logo\/image\/"},"sameAs":["https:\/\/www.facebook.com\/laplainedesvosges","https:\/\/x.com\/VosgesInfo88","https:\/\/www.youtube.com\/@vosgesinfo"]},{"@type":"Person","@id":"https:\/\/vosgesinfo.fr\/laplainedesvosgesinfo\/#\/schema\/person\/bc5d02d71e6932e81b6dadb7386667b1","name":"qs_admin","image":{"@type":"ImageObject","inLanguage":"fr-FR","@id":"https:\/\/vosgesinfo.fr\/laplainedesvosgesinfo\/#\/schema\/person\/image\/","url":"https:\/\/secure.gravatar.com\/avatar\/94b18ee0ed79e4a42ea2f2931277b6841a8999fc6fde214600c78057cf1fe1de?s=96&d=mm&r=g","contentUrl":"https:\/\/secure.gravatar.com\/avatar\/94b18ee0ed79e4a42ea2f2931277b6841a8999fc6fde214600c78057cf1fe1de?s=96&d=mm&r=g","caption":"qs_admin"},"sameAs":["https:\/\/vosgesinfo.fr\/wp"],"url":"https:\/\/vosgesinfo.fr\/laplainedesvosgesinfo\/author\/qs_admin\/"}]}},"_links":{"self":[{"href":"https:\/\/vosgesinfo.fr\/laplainedesvosgesinfo\/wp-json\/wp\/v2\/posts\/4333","targetHints":{"allow":["GET"]}}],"collection":[{"href":"https:\/\/vosgesinfo.fr\/laplainedesvosgesinfo\/wp-json\/wp\/v2\/posts"}],"about":[{"href":"https:\/\/vosgesinfo.fr\/laplainedesvosgesinfo\/wp-json\/wp\/v2\/types\/post"}],"author":[{"embeddable":true,"href":"https:\/\/vosgesinfo.fr\/laplainedesvosgesinfo\/wp-json\/wp\/v2\/users\/1"}],"replies":[{"embeddable":true,"href":"https:\/\/vosgesinfo.fr\/laplainedesvosgesinfo\/wp-json\/wp\/v2\/comments?post=4333"}],"version-history":[{"count":0,"href":"https:\/\/vosgesinfo.fr\/laplainedesvosgesinfo\/wp-json\/wp\/v2\/posts\/4333\/revisions"}],"wp:featuredmedia":[{"embeddable":true,"href":"https:\/\/vosgesinfo.fr\/laplainedesvosgesinfo\/wp-json\/wp\/v2\/media\/4334"}],"wp:attachment":[{"href":"https:\/\/vosgesinfo.fr\/laplainedesvosgesinfo\/wp-json\/wp\/v2\/media?parent=4333"}],"wp:term":[{"taxonomy":"category","embeddable":true,"href":"https:\/\/vosgesinfo.fr\/laplainedesvosgesinfo\/wp-json\/wp\/v2\/categories?post=4333"},{"taxonomy":"post_tag","embeddable":true,"href":"https:\/\/vosgesinfo.fr\/laplainedesvosgesinfo\/wp-json\/wp\/v2\/tags?post=4333"}],"curies":[{"name":"wp","href":"https:\/\/api.w.org\/{rel}","templated":true}]}}