{"id":4445,"date":"2016-05-19T15:22:23","date_gmt":"2016-05-19T13:22:23","guid":{"rendered":"https:\/\/vosgesinfo.fr\/laplainedesvosgesinfo\/2016\/05\/deux-ambassadeurs-du-tri-nommes-a-la-communaute-de-communes-terre-deau\/"},"modified":"2016-05-19T15:22:23","modified_gmt":"2016-05-19T13:22:23","slug":"deux-ambassadeurs-du-tri-nommes-a-la-communaute-de-communes-terre-deau","status":"publish","type":"post","link":"https:\/\/vosgesinfo.fr\/laplainedesvosgesinfo\/2016\/05\/deux-ambassadeurs-du-tri-nommes-a-la-communaute-de-communes-terre-deau\/","title":{"rendered":"Deux ambassadeurs du tri nomm\u00e9s \u00e0 la Communaut\u00e9 de communes Terre d&rsquo;Eau"},"content":{"rendered":"<div id=\"attachment_76418\" style=\"width: 827px\" class=\"wp-caption aligncenter\"><a href=\"\/2016\/05\/IMG_0231-min.jpg\"><img decoding=\"async\" aria-describedby=\"caption-attachment-76418\" class=\"wp-image-76418\" src=\"\/2016\/05\/IMG_0231-min.jpg\" alt=\"Ambassadeur-tri-CCVC\" width=\"817\" height=\"545\" \/><\/a><p id=\"caption-attachment-76418\" class=\"wp-caption-text\">Julie Grueber et Mathieu Desceveux, les deux ambassadeurs du tri.<\/p><\/div>\n<p style=\"text-align: justify;\"><strong>La communaut\u00e9 de communes Terre d&rsquo;Eau lance une op\u00e9ration de sensibilisation autour du tri \u00e0 destination des habitants du territoire. Pour ce faire, deux ambassadeurs du tri ont \u00e9t\u00e9 recrut\u00e9s pour 6 mois, Julie Grueber et Mathieu Desceveux. Ils auront pour mission d&rsquo;informer et de corriger les mauvaises pratiques quant au tri des d\u00e9chets.<\/strong><\/p>\n<p style=\"text-align: justify;\">Apr\u00e8s une formation \u00e0 la d\u00e9chetterie et avec les ripeurs, les deux ambassadeurs vont rendre visite aux quelques 5000 foyers que compte la communaut\u00e9 de communes.<\/p>\n<p style=\"text-align: justify;\">Cette op\u00e9ration s&rsquo;inscrit dans une volont\u00e9 de la collectivit\u00e9 d&rsquo;agir pour l&rsquo;environnement. Cette mission est due aussi \u00e0 la hausse des erreurs de tri dans les sacs jaunes, un taux qui varie entre 8 et 10% depuis la cr\u00e9ation du ramassage en 2013. Plus ce taux d&rsquo;erreur augmente, moins l&rsquo;aide accord\u00e9 au tri est importante, donc la facture des usagers risque d&rsquo;augmenter. Il est donc important pour la communaut\u00e9 de communes de motiver les habitants \u00e0 prendre ou retrouver les bonnes habitudes de tri. Les changements de packaging des produits et l&rsquo;\u00e9volution des techniques de recyclage ont motiv\u00e9s cette sensibilisation de la population.<\/p>\n<p style=\"text-align: justify;\">D\u00e8s ce milieu de mois de Mai, les deux porteurs de bonnes paroles passeront dans les foyers du territoire avec un guide du tri et des rouleaux de sacs jaunes. \u00ab\u00a0Pour que le tri coule de source il faut le rendre clair comme de l\u2019eau de roche !\u00a0\u00bb Telle est la mission des deux ambassadeurs du tri.<\/p>\n<p style=\"text-align: justify;\">Mathieu et Julie se rendront \u00e9galement aupr\u00e8s des professionnels afin de les informer sur la collecte des biod\u00e9chets.<\/p>\n<p style=\"text-align: justify;\">A.J.<\/p>\n","protected":false},"excerpt":{"rendered":"<p>La communaut\u00e9 de communes Terre d&rsquo;Eau lance une op\u00e9ration de sensibilisation autour du tri \u00e0 destination des habitants du territoire. [&hellip;]<\/p>\n","protected":false},"author":1,"featured_media":4446,"comment_status":"open","ping_status":"open","sticky":false,"template":"","format":"standard","meta":{"footnotes":""},"categories":[29,79,5,37,38],"tags":[1159,76,177,77],"class_list":["post-4445","post","type-post","status-publish","format-standard","has-post-thumbnail","hentry","category-a-la-une","category-contrexeville-la-plaine","category-economie","category-la-plaine","category-vittel-la-plaine","tag-ambassadeur-du-tri","tag-communaute-de-communes-terre-deau","tag-contrexeville","tag-vittel"],"acf":[],"yoast_head":"<!-- This site is optimized with the Yoast SEO plugin v22.5 - https:\/\/yoast.com\/wordpress\/plugins\/seo\/ -->\n<title>Deux ambassadeurs du tri nomm\u00e9s \u00e0 la Communaut\u00e9 de communes Terre d&#039;Eau - La Plaine des Vosges<\/title>\n<meta name=\"robots\" content=\"index, follow, max-snippet:-1, max-image-preview:large, max-video-preview:-1\" \/>\n<link rel=\"canonical\" href=\"https:\/\/vosgesinfo.fr\/laplainedesvosgesinfo\/2016\/05\/deux-ambassadeurs-du-tri-nommes-a-la-communaute-de-communes-terre-deau\/\" \/>\n<meta name=\"twitter:card\" content=\"summary_large_image\" \/>\n<meta name=\"twitter:title\" content=\"Deux ambassadeurs du tri nomm\u00e9s \u00e0 la Communaut\u00e9 de communes Terre d&#039;Eau - La Plaine des Vosges\" \/>\n<meta name=\"twitter:description\" content=\"La communaut\u00e9 de communes Terre d&rsquo;Eau lance une op\u00e9ration de sensibilisation autour du tri \u00e0 destination des habitants du territoire. [&hellip;]\" \/>\n<meta name=\"twitter:image\" content=\"https:\/\/vosgesinfo.fr\/app\/uploads\/sites\/2\/2024\/06\/201605img-0231-min.jpg\" \/>\n<meta name=\"twitter:creator\" content=\"@VosgesInfo88\" \/>\n<meta name=\"twitter:site\" content=\"@VosgesInfo88\" \/>\n<meta name=\"twitter:label1\" content=\"\u00c9crit par\" \/>\n\t<meta name=\"twitter:data1\" content=\"qs_admin\" \/>\n\t<meta name=\"twitter:label2\" content=\"Dur\u00e9e de lecture estim\u00e9e\" \/>\n\t<meta name=\"twitter:data2\" content=\"1 minute\" \/>\n<script type=\"application\/ld+json\" class=\"yoast-schema-graph\">{\"@context\":\"https:\/\/schema.org\",\"@graph\":[{\"@type\":\"Article\",\"@id\":\"https:\/\/vosgesinfo.fr\/laplainedesvosgesinfo\/2016\/05\/deux-ambassadeurs-du-tri-nommes-a-la-communaute-de-communes-terre-deau\/#article\",\"isPartOf\":{\"@id\":\"https:\/\/vosgesinfo.fr\/laplainedesvosgesinfo\/2016\/05\/deux-ambassadeurs-du-tri-nommes-a-la-communaute-de-communes-terre-deau\/\"},\"author\":{\"name\":\"qs_admin\",\"@id\":\"https:\/\/vosgesinfo.fr\/laplainedesvosgesinfo\/#\/schema\/person\/bc5d02d71e6932e81b6dadb7386667b1\"},\"headline\":\"Deux ambassadeurs du tri nomm\u00e9s \u00e0 la Communaut\u00e9 de communes Terre d&rsquo;Eau\",\"datePublished\":\"2016-05-19T13:22:23+00:00\",\"dateModified\":\"2016-05-19T13:22:23+00:00\",\"mainEntityOfPage\":{\"@id\":\"https:\/\/vosgesinfo.fr\/laplainedesvosgesinfo\/2016\/05\/deux-ambassadeurs-du-tri-nommes-a-la-communaute-de-communes-terre-deau\/\"},\"wordCount\":301,\"commentCount\":0,\"publisher\":{\"@id\":\"https:\/\/vosgesinfo.fr\/laplainedesvosgesinfo\/#organization\"},\"image\":{\"@id\":\"https:\/\/vosgesinfo.fr\/laplainedesvosgesinfo\/2016\/05\/deux-ambassadeurs-du-tri-nommes-a-la-communaute-de-communes-terre-deau\/#primaryimage\"},\"thumbnailUrl\":\"https:\/\/vosgesinfo.fr\/app\/uploads\/sites\/2\/2024\/06\/201605img-0231-min.jpg\",\"keywords\":[\"ambassadeur du tri\",\"Communaut\u00e9 de communes Terre d'Eau\",\"Contrex\u00e9ville\",\"Vittel\"],\"articleSection\":[\"A la Une\",\"Contrex\u00e9ville\",\"\u00c9conomie\",\"La Plaine\",\"Vittel\"],\"inLanguage\":\"fr-FR\",\"potentialAction\":[{\"@type\":\"CommentAction\",\"name\":\"Comment\",\"target\":[\"https:\/\/vosgesinfo.fr\/laplainedesvosgesinfo\/2016\/05\/deux-ambassadeurs-du-tri-nommes-a-la-communaute-de-communes-terre-deau\/#respond\"]}]},{\"@type\":\"WebPage\",\"@id\":\"https:\/\/vosgesinfo.fr\/laplainedesvosgesinfo\/2016\/05\/deux-ambassadeurs-du-tri-nommes-a-la-communaute-de-communes-terre-deau\/\",\"url\":\"https:\/\/vosgesinfo.fr\/laplainedesvosgesinfo\/2016\/05\/deux-ambassadeurs-du-tri-nommes-a-la-communaute-de-communes-terre-deau\/\",\"name\":\"Deux ambassadeurs du tri nomm\u00e9s \u00e0 la Communaut\u00e9 de communes Terre d'Eau - La Plaine des Vosges\",\"isPartOf\":{\"@id\":\"https:\/\/vosgesinfo.fr\/laplainedesvosgesinfo\/#website\"},\"primaryImageOfPage\":{\"@id\":\"https:\/\/vosgesinfo.fr\/laplainedesvosgesinfo\/2016\/05\/deux-ambassadeurs-du-tri-nommes-a-la-communaute-de-communes-terre-deau\/#primaryimage\"},\"image\":{\"@id\":\"https:\/\/vosgesinfo.fr\/laplainedesvosgesinfo\/2016\/05\/deux-ambassadeurs-du-tri-nommes-a-la-communaute-de-communes-terre-deau\/#primaryimage\"},\"thumbnailUrl\":\"https:\/\/vosgesinfo.fr\/app\/uploads\/sites\/2\/2024\/06\/201605img-0231-min.jpg\",\"datePublished\":\"2016-05-19T13:22:23+00:00\",\"dateModified\":\"2016-05-19T13:22:23+00:00\",\"breadcrumb\":{\"@id\":\"https:\/\/vosgesinfo.fr\/laplainedesvosgesinfo\/2016\/05\/deux-ambassadeurs-du-tri-nommes-a-la-communaute-de-communes-terre-deau\/#breadcrumb\"},\"inLanguage\":\"fr-FR\",\"potentialAction\":[{\"@type\":\"ReadAction\",\"target\":[\"https:\/\/vosgesinfo.fr\/laplainedesvosgesinfo\/2016\/05\/deux-ambassadeurs-du-tri-nommes-a-la-communaute-de-communes-terre-deau\/\"]}]},{\"@type\":\"ImageObject\",\"inLanguage\":\"fr-FR\",\"@id\":\"https:\/\/vosgesinfo.fr\/laplainedesvosgesinfo\/2016\/05\/deux-ambassadeurs-du-tri-nommes-a-la-communaute-de-communes-terre-deau\/#primaryimage\",\"url\":\"https:\/\/vosgesinfo.fr\/app\/uploads\/sites\/2\/2024\/06\/201605img-0231-min.jpg\",\"contentUrl\":\"https:\/\/vosgesinfo.fr\/app\/uploads\/sites\/2\/2024\/06\/201605img-0231-min.jpg\",\"width\":800,\"height\":534},{\"@type\":\"BreadcrumbList\",\"@id\":\"https:\/\/vosgesinfo.fr\/laplainedesvosgesinfo\/2016\/05\/deux-ambassadeurs-du-tri-nommes-a-la-communaute-de-communes-terre-deau\/#breadcrumb\",\"itemListElement\":[{\"@type\":\"ListItem\",\"position\":1,\"name\":\"Home\",\"item\":\"https:\/\/vosgesinfo.fr\/laplainedesvosgesinfo\/\"},{\"@type\":\"ListItem\",\"position\":2,\"name\":\"Deux ambassadeurs du tri nomm\u00e9s \u00e0 la Communaut\u00e9 de communes Terre d&rsquo;Eau\"}]},{\"@type\":\"WebSite\",\"@id\":\"https:\/\/vosgesinfo.fr\/laplainedesvosgesinfo\/#website\",\"url\":\"https:\/\/vosgesinfo.fr\/laplainedesvosgesinfo\/\",\"name\":\"La Plaine des Vosges\",\"description\":\"Toute l&#039;actualit\u00e9 de la plaine de Vosges\",\"publisher\":{\"@id\":\"https:\/\/vosgesinfo.fr\/laplainedesvosgesinfo\/#organization\"},\"alternateName\":\"Toute l'actualit\u00e9 de la plaine des Vosges\",\"potentialAction\":[{\"@type\":\"SearchAction\",\"target\":{\"@type\":\"EntryPoint\",\"urlTemplate\":\"https:\/\/vosgesinfo.fr\/laplainedesvosgesinfo\/?s={search_term_string}\"},\"query-input\":\"required name=search_term_string\"}],\"inLanguage\":\"fr-FR\"},{\"@type\":\"Organization\",\"@id\":\"https:\/\/vosgesinfo.fr\/laplainedesvosgesinfo\/#organization\",\"name\":\"La Plaine des Vosges\",\"url\":\"https:\/\/vosgesinfo.fr\/laplainedesvosgesinfo\/\",\"logo\":{\"@type\":\"ImageObject\",\"inLanguage\":\"fr-FR\",\"@id\":\"https:\/\/vosgesinfo.fr\/laplainedesvosgesinfo\/#\/schema\/logo\/image\/\",\"url\":\"https:\/\/vosgesinfo.fr\/app\/uploads\/sites\/2\/2023\/08\/logo-laplaineinfo.svg\",\"contentUrl\":\"https:\/\/vosgesinfo.fr\/app\/uploads\/sites\/2\/2023\/08\/logo-laplaineinfo.svg\",\"width\":1,\"height\":1,\"caption\":\"La Plaine des Vosges\"},\"image\":{\"@id\":\"https:\/\/vosgesinfo.fr\/laplainedesvosgesinfo\/#\/schema\/logo\/image\/\"},\"sameAs\":[\"https:\/\/www.facebook.com\/laplainedesvosges\",\"https:\/\/x.com\/VosgesInfo88\",\"https:\/\/www.youtube.com\/@vosgesinfo\"]},{\"@type\":\"Person\",\"@id\":\"https:\/\/vosgesinfo.fr\/laplainedesvosgesinfo\/#\/schema\/person\/bc5d02d71e6932e81b6dadb7386667b1\",\"name\":\"qs_admin\",\"image\":{\"@type\":\"ImageObject\",\"inLanguage\":\"fr-FR\",\"@id\":\"https:\/\/vosgesinfo.fr\/laplainedesvosgesinfo\/#\/schema\/person\/image\/\",\"url\":\"https:\/\/secure.gravatar.com\/avatar\/94b18ee0ed79e4a42ea2f2931277b6841a8999fc6fde214600c78057cf1fe1de?s=96&d=mm&r=g\",\"contentUrl\":\"https:\/\/secure.gravatar.com\/avatar\/94b18ee0ed79e4a42ea2f2931277b6841a8999fc6fde214600c78057cf1fe1de?s=96&d=mm&r=g\",\"caption\":\"qs_admin\"},\"sameAs\":[\"https:\/\/vosgesinfo.fr\/wp\"],\"url\":\"https:\/\/vosgesinfo.fr\/laplainedesvosgesinfo\/author\/qs_admin\/\"}]}<\/script>\n<!-- \/ Yoast SEO plugin. -->","yoast_head_json":{"title":"Deux ambassadeurs du tri nomm\u00e9s \u00e0 la Communaut\u00e9 de communes Terre d'Eau - La Plaine des Vosges","robots":{"index":"index","follow":"follow","max-snippet":"max-snippet:-1","max-image-preview":"max-image-preview:large","max-video-preview":"max-video-preview:-1"},"canonical":"https:\/\/vosgesinfo.fr\/laplainedesvosgesinfo\/2016\/05\/deux-ambassadeurs-du-tri-nommes-a-la-communaute-de-communes-terre-deau\/","twitter_card":"summary_large_image","twitter_title":"Deux ambassadeurs du tri nomm\u00e9s \u00e0 la Communaut\u00e9 de communes Terre d'Eau - La Plaine des Vosges","twitter_description":"La communaut\u00e9 de communes Terre d&rsquo;Eau lance une op\u00e9ration de sensibilisation autour du tri \u00e0 destination des habitants du territoire. [&hellip;]","twitter_image":"https:\/\/vosgesinfo.fr\/app\/uploads\/sites\/2\/2024\/06\/201605img-0231-min.jpg","twitter_creator":"@VosgesInfo88","twitter_site":"@VosgesInfo88","twitter_misc":{"\u00c9crit par":"qs_admin","Dur\u00e9e de lecture estim\u00e9e":"1 minute"},"schema":{"@context":"https:\/\/schema.org","@graph":[{"@type":"Article","@id":"https:\/\/vosgesinfo.fr\/laplainedesvosgesinfo\/2016\/05\/deux-ambassadeurs-du-tri-nommes-a-la-communaute-de-communes-terre-deau\/#article","isPartOf":{"@id":"https:\/\/vosgesinfo.fr\/laplainedesvosgesinfo\/2016\/05\/deux-ambassadeurs-du-tri-nommes-a-la-communaute-de-communes-terre-deau\/"},"author":{"name":"qs_admin","@id":"https:\/\/vosgesinfo.fr\/laplainedesvosgesinfo\/#\/schema\/person\/bc5d02d71e6932e81b6dadb7386667b1"},"headline":"Deux ambassadeurs du tri nomm\u00e9s \u00e0 la Communaut\u00e9 de communes Terre d&rsquo;Eau","datePublished":"2016-05-19T13:22:23+00:00","dateModified":"2016-05-19T13:22:23+00:00","mainEntityOfPage":{"@id":"https:\/\/vosgesinfo.fr\/laplainedesvosgesinfo\/2016\/05\/deux-ambassadeurs-du-tri-nommes-a-la-communaute-de-communes-terre-deau\/"},"wordCount":301,"commentCount":0,"publisher":{"@id":"https:\/\/vosgesinfo.fr\/laplainedesvosgesinfo\/#organization"},"image":{"@id":"https:\/\/vosgesinfo.fr\/laplainedesvosgesinfo\/2016\/05\/deux-ambassadeurs-du-tri-nommes-a-la-communaute-de-communes-terre-deau\/#primaryimage"},"thumbnailUrl":"https:\/\/vosgesinfo.fr\/app\/uploads\/sites\/2\/2024\/06\/201605img-0231-min.jpg","keywords":["ambassadeur du tri","Communaut\u00e9 de communes Terre d'Eau","Contrex\u00e9ville","Vittel"],"articleSection":["A la Une","Contrex\u00e9ville","\u00c9conomie","La Plaine","Vittel"],"inLanguage":"fr-FR","potentialAction":[{"@type":"CommentAction","name":"Comment","target":["https:\/\/vosgesinfo.fr\/laplainedesvosgesinfo\/2016\/05\/deux-ambassadeurs-du-tri-nommes-a-la-communaute-de-communes-terre-deau\/#respond"]}]},{"@type":"WebPage","@id":"https:\/\/vosgesinfo.fr\/laplainedesvosgesinfo\/2016\/05\/deux-ambassadeurs-du-tri-nommes-a-la-communaute-de-communes-terre-deau\/","url":"https:\/\/vosgesinfo.fr\/laplainedesvosgesinfo\/2016\/05\/deux-ambassadeurs-du-tri-nommes-a-la-communaute-de-communes-terre-deau\/","name":"Deux ambassadeurs du tri nomm\u00e9s \u00e0 la Communaut\u00e9 de communes Terre d'Eau - La Plaine des Vosges","isPartOf":{"@id":"https:\/\/vosgesinfo.fr\/laplainedesvosgesinfo\/#website"},"primaryImageOfPage":{"@id":"https:\/\/vosgesinfo.fr\/laplainedesvosgesinfo\/2016\/05\/deux-ambassadeurs-du-tri-nommes-a-la-communaute-de-communes-terre-deau\/#primaryimage"},"image":{"@id":"https:\/\/vosgesinfo.fr\/laplainedesvosgesinfo\/2016\/05\/deux-ambassadeurs-du-tri-nommes-a-la-communaute-de-communes-terre-deau\/#primaryimage"},"thumbnailUrl":"https:\/\/vosgesinfo.fr\/app\/uploads\/sites\/2\/2024\/06\/201605img-0231-min.jpg","datePublished":"2016-05-19T13:22:23+00:00","dateModified":"2016-05-19T13:22:23+00:00","breadcrumb":{"@id":"https:\/\/vosgesinfo.fr\/laplainedesvosgesinfo\/2016\/05\/deux-ambassadeurs-du-tri-nommes-a-la-communaute-de-communes-terre-deau\/#breadcrumb"},"inLanguage":"fr-FR","potentialAction":[{"@type":"ReadAction","target":["https:\/\/vosgesinfo.fr\/laplainedesvosgesinfo\/2016\/05\/deux-ambassadeurs-du-tri-nommes-a-la-communaute-de-communes-terre-deau\/"]}]},{"@type":"ImageObject","inLanguage":"fr-FR","@id":"https:\/\/vosgesinfo.fr\/laplainedesvosgesinfo\/2016\/05\/deux-ambassadeurs-du-tri-nommes-a-la-communaute-de-communes-terre-deau\/#primaryimage","url":"https:\/\/vosgesinfo.fr\/app\/uploads\/sites\/2\/2024\/06\/201605img-0231-min.jpg","contentUrl":"https:\/\/vosgesinfo.fr\/app\/uploads\/sites\/2\/2024\/06\/201605img-0231-min.jpg","width":800,"height":534},{"@type":"BreadcrumbList","@id":"https:\/\/vosgesinfo.fr\/laplainedesvosgesinfo\/2016\/05\/deux-ambassadeurs-du-tri-nommes-a-la-communaute-de-communes-terre-deau\/#breadcrumb","itemListElement":[{"@type":"ListItem","position":1,"name":"Home","item":"https:\/\/vosgesinfo.fr\/laplainedesvosgesinfo\/"},{"@type":"ListItem","position":2,"name":"Deux ambassadeurs du tri nomm\u00e9s \u00e0 la Communaut\u00e9 de communes Terre d&rsquo;Eau"}]},{"@type":"WebSite","@id":"https:\/\/vosgesinfo.fr\/laplainedesvosgesinfo\/#website","url":"https:\/\/vosgesinfo.fr\/laplainedesvosgesinfo\/","name":"La Plaine des Vosges","description":"Toute l&#039;actualit\u00e9 de la plaine de Vosges","publisher":{"@id":"https:\/\/vosgesinfo.fr\/laplainedesvosgesinfo\/#organization"},"alternateName":"Toute l'actualit\u00e9 de la plaine des Vosges","potentialAction":[{"@type":"SearchAction","target":{"@type":"EntryPoint","urlTemplate":"https:\/\/vosgesinfo.fr\/laplainedesvosgesinfo\/?s={search_term_string}"},"query-input":"required name=search_term_string"}],"inLanguage":"fr-FR"},{"@type":"Organization","@id":"https:\/\/vosgesinfo.fr\/laplainedesvosgesinfo\/#organization","name":"La Plaine des Vosges","url":"https:\/\/vosgesinfo.fr\/laplainedesvosgesinfo\/","logo":{"@type":"ImageObject","inLanguage":"fr-FR","@id":"https:\/\/vosgesinfo.fr\/laplainedesvosgesinfo\/#\/schema\/logo\/image\/","url":"https:\/\/vosgesinfo.fr\/app\/uploads\/sites\/2\/2023\/08\/logo-laplaineinfo.svg","contentUrl":"https:\/\/vosgesinfo.fr\/app\/uploads\/sites\/2\/2023\/08\/logo-laplaineinfo.svg","width":1,"height":1,"caption":"La Plaine des Vosges"},"image":{"@id":"https:\/\/vosgesinfo.fr\/laplainedesvosgesinfo\/#\/schema\/logo\/image\/"},"sameAs":["https:\/\/www.facebook.com\/laplainedesvosges","https:\/\/x.com\/VosgesInfo88","https:\/\/www.youtube.com\/@vosgesinfo"]},{"@type":"Person","@id":"https:\/\/vosgesinfo.fr\/laplainedesvosgesinfo\/#\/schema\/person\/bc5d02d71e6932e81b6dadb7386667b1","name":"qs_admin","image":{"@type":"ImageObject","inLanguage":"fr-FR","@id":"https:\/\/vosgesinfo.fr\/laplainedesvosgesinfo\/#\/schema\/person\/image\/","url":"https:\/\/secure.gravatar.com\/avatar\/94b18ee0ed79e4a42ea2f2931277b6841a8999fc6fde214600c78057cf1fe1de?s=96&d=mm&r=g","contentUrl":"https:\/\/secure.gravatar.com\/avatar\/94b18ee0ed79e4a42ea2f2931277b6841a8999fc6fde214600c78057cf1fe1de?s=96&d=mm&r=g","caption":"qs_admin"},"sameAs":["https:\/\/vosgesinfo.fr\/wp"],"url":"https:\/\/vosgesinfo.fr\/laplainedesvosgesinfo\/author\/qs_admin\/"}]}},"_links":{"self":[{"href":"https:\/\/vosgesinfo.fr\/laplainedesvosgesinfo\/wp-json\/wp\/v2\/posts\/4445","targetHints":{"allow":["GET"]}}],"collection":[{"href":"https:\/\/vosgesinfo.fr\/laplainedesvosgesinfo\/wp-json\/wp\/v2\/posts"}],"about":[{"href":"https:\/\/vosgesinfo.fr\/laplainedesvosgesinfo\/wp-json\/wp\/v2\/types\/post"}],"author":[{"embeddable":true,"href":"https:\/\/vosgesinfo.fr\/laplainedesvosgesinfo\/wp-json\/wp\/v2\/users\/1"}],"replies":[{"embeddable":true,"href":"https:\/\/vosgesinfo.fr\/laplainedesvosgesinfo\/wp-json\/wp\/v2\/comments?post=4445"}],"version-history":[{"count":0,"href":"https:\/\/vosgesinfo.fr\/laplainedesvosgesinfo\/wp-json\/wp\/v2\/posts\/4445\/revisions"}],"wp:featuredmedia":[{"embeddable":true,"href":"https:\/\/vosgesinfo.fr\/laplainedesvosgesinfo\/wp-json\/wp\/v2\/media\/4446"}],"wp:attachment":[{"href":"https:\/\/vosgesinfo.fr\/laplainedesvosgesinfo\/wp-json\/wp\/v2\/media?parent=4445"}],"wp:term":[{"taxonomy":"category","embeddable":true,"href":"https:\/\/vosgesinfo.fr\/laplainedesvosgesinfo\/wp-json\/wp\/v2\/categories?post=4445"},{"taxonomy":"post_tag","embeddable":true,"href":"https:\/\/vosgesinfo.fr\/laplainedesvosgesinfo\/wp-json\/wp\/v2\/tags?post=4445"}],"curies":[{"name":"wp","href":"https:\/\/api.w.org\/{rel}","templated":true}]}}