{"id":4591,"date":"2016-05-27T16:32:48","date_gmt":"2016-05-27T14:32:48","guid":{"rendered":"https:\/\/vosgesinfo.fr\/laplainedesvosgesinfo\/2016\/05\/neufchateau-diverses-animations-en-centre-ville-pour-la-saison-estivale\/"},"modified":"2016-05-27T16:32:48","modified_gmt":"2016-05-27T14:32:48","slug":"neufchateau-diverses-animations-en-centre-ville-pour-la-saison-estivale","status":"publish","type":"post","link":"https:\/\/vosgesinfo.fr\/laplainedesvosgesinfo\/2016\/05\/neufchateau-diverses-animations-en-centre-ville-pour-la-saison-estivale\/","title":{"rendered":"Neufch\u00e2teau &#8211; Diverses animations en centre-ville pour la saison estivale"},"content":{"rendered":"<div id=\"attachment_76709\" style=\"width: 619px\" class=\"wp-caption aligncenter\"><a href=\"\/2016\/05\/19058320.jpg\"><img decoding=\"async\" aria-describedby=\"caption-attachment-76709\" class=\" wp-image-76709\" src=\"\/2016\/05\/19058320.jpg\" alt=\"La f\u00eate de la tourte aura lieu le 4 juin \u00e0 Neufch\u00e2teau.\" width=\"609\" height=\"427\" \/><\/a><p id=\"caption-attachment-76709\" class=\"wp-caption-text\"><strong>La f\u00eate de la tourte aura lieu le 4 juin \u00e0 Neufch\u00e2teau.<\/strong><\/p><\/div>\n<p style=\"text-align: justify;\">En vue de dynamiser le centre-ville de Neufch\u00e2teau, Simon Leclerc, maire de Neufch\u00e2teau et pr\u00e9sident de la communaut\u00e9 de communes du Bassin de Neufch\u00e2teau, propose des animations lors de samedis pi\u00e9tonniers pendant la belle saison. A cet effet, la ville, la communaut\u00e9 de communes, le Comit\u00e9 des F\u00eates, l\u2019Union N\u00e9ocastrienne des Acteurs \u00c9conomiques (commer\u00e7ants) ainsi que l\u2019Office de Tourisme de l\u2019Ouest Vosgien se sont rassembl\u00e9s pour organiser ces manifestations.<\/p>\n<p style=\"text-align: justify;\">La braderie des commer\u00e7ants avait, depuis quelques ann\u00e9es, d\u00e9j\u00e0 lieu le premier samedi du mois d\u2019ao\u00fbt, et offrait un espace de promenade au centre-ville, dans les rues habituellement ouvertes \u00e0 la circulation des v\u00e9hicules. Dans le but de d\u00e9velopper l\u2019attractivit\u00e9 du c\u0153ur commer\u00e7ant de Neufch\u00e2teau, se sont ajout\u00e9s 3 samedis pi\u00e9tons (mois de juin, juillet et septembre) agr\u00e9ment\u00e9s d\u2019animations. Les rues de France, Kennedy et Saint Jean (dans sa partie basse) seront rendues pi\u00e9tonnes en ces dates, afin d\u2019offrir un espace aux camelots, \u00e0 qui la Ville offre gracieusement les droits de place. Les stands pourront \u00eatre install\u00e9s \u00e0 partir de 7h, pour une ouverture de 9h \u00e0 18h.<\/p>\n<p style=\"text-align: justify;\">Le samedi 4 juin 2016 verra se d\u00e9rouler la premi\u00e8re \u00ab F\u00eate de la Tourte \u00bb. Cette foire commerciale aura pour objectif de faire connaitre la Tourte N\u00e9ocastrienne, recette jalousement gard\u00e9e par les artisans de bouche du territoire. Le march\u00e9 habituel de Neufch\u00e2teau sera \u00e9galement pr\u00e9sent \u00e0 cette occasion. La F\u00eate du V\u00e9lo, \u00e9v\u00e8nement national d\u00e9clin\u00e9 sur place,\u00a0 se tiendra aussi le m\u00eame jour.<\/p>\n<div id=\"attachment_76711\" style=\"width: 367px\" class=\"wp-caption alignright\"><a href=\"\/2016\/05\/rue-france-neufchateau.jpg\"><img decoding=\"async\" aria-describedby=\"caption-attachment-76711\" class=\" wp-image-76711\" src=\"\/2016\/05\/rue-france-neufchateau.jpg\" alt=\"La rue sera pi\u00e9tonne plusieurs fois pendant l'\u00e9t\u00e9. (Photo : Google Maps)\" width=\"357\" height=\"196\" \/><\/a><p id=\"caption-attachment-76711\" class=\"wp-caption-text\"><strong>La rue sera pi\u00e9tonne plusieurs fois pendant l&rsquo;\u00e9t\u00e9. (Photo : Google Maps)<\/strong><\/p><\/div>\n<p style=\"text-align: justify;\">En ce qui concerne le samedi 2 juillet 2016, la th\u00e9matique d\u00e9roul\u00e9e nous plongera dans une atmosph\u00e8re \u00ab R\u00e9tro \u00bb. Seront pr\u00e9sents, des stands de couturi\u00e8res qui, en marge de leurs stands fixes organiseront un d\u00e9fil\u00e9 d\u2019\u00e9poque. Une exposition de photos sera \u00e9galement de la partie, ainsi que des v\u00e9hicules anciens et des stands d\u2019artisans et de m\u00e9tiers de bouche. Des groupes de danses folkloriques viendront embellir cette animation. Tout sera fait pour revenir dans les ann\u00e9es 1900 \u00e0 1970. Par ailleurs, les personnes sont invit\u00e9es \u00e0 venir en costume d\u2019\u00e9poque pour d\u00e9ambuler au centre-ville.<\/p>\n<p style=\"text-align: justify;\">Comme tous les ans, la braderie des commer\u00e7ants de Neufch\u00e2teau aura lieu le 6 ao\u00fbt 2016. Les commer\u00e7ants et d\u2019autres stands participeront au d\u00e9ballage de leurs articles. Les visiteurs pourront choisir parmi de nombreux exposants pour leurs achats plaisir, tout ceci sous un soleil d\u2019\u00e9t\u00e9 esp\u00e9r\u00e9.<\/p>\n<p style=\"text-align: justify;\">Enfin, la premi\u00e8re f\u00eate de la Mirabelle, toujours sous forme de \u00ab samedi pi\u00e9ton \u00bb, aura lieu le 3 septembre 2016. Le concept de cette autre foire commerciale sera centr\u00e9 sur le fruit symbole de la Lorraine. La mise \u00e0 l\u2019honneur de la mirabelle permettra de d\u00e9guster diverses pr\u00e9parations gastronomiques, sous forme de tartes, de desserts ou m\u00eame de boissons.<\/p>\n","protected":false},"excerpt":{"rendered":"<p>En vue de dynamiser le centre-ville de Neufch\u00e2teau, Simon Leclerc, maire de Neufch\u00e2teau et pr\u00e9sident de la communaut\u00e9 de communes [&hellip;]<\/p>\n","protected":false},"author":1,"featured_media":4592,"comment_status":"open","ping_status":"open","sticky":false,"template":"","format":"standard","meta":{"footnotes":""},"categories":[29,37,428],"tags":[1239,1240,1241,455],"class_list":["post-4591","post","type-post","status-publish","format-standard","has-post-thumbnail","hentry","category-a-la-une","category-la-plaine","category-neufchateau-la-plaine","tag-animation","tag-centre-ville","tag-fete-de-la-tourte","tag-neufchateau"],"acf":[],"yoast_head":"<!-- This site is optimized with the Yoast SEO plugin v22.5 - https:\/\/yoast.com\/wordpress\/plugins\/seo\/ -->\n<title>Neufch\u00e2teau - Diverses animations en centre-ville pour la saison estivale - La Plaine des Vosges<\/title>\n<meta name=\"robots\" content=\"index, follow, max-snippet:-1, max-image-preview:large, max-video-preview:-1\" \/>\n<link rel=\"canonical\" href=\"https:\/\/vosgesinfo.fr\/laplainedesvosgesinfo\/2016\/05\/neufchateau-diverses-animations-en-centre-ville-pour-la-saison-estivale\/\" \/>\n<meta name=\"twitter:card\" content=\"summary_large_image\" \/>\n<meta name=\"twitter:title\" content=\"Neufch\u00e2teau - Diverses animations en centre-ville pour la saison estivale - La Plaine des Vosges\" \/>\n<meta name=\"twitter:description\" content=\"En vue de dynamiser le centre-ville de Neufch\u00e2teau, Simon Leclerc, maire de Neufch\u00e2teau et pr\u00e9sident de la communaut\u00e9 de communes [&hellip;]\" \/>\n<meta name=\"twitter:image\" content=\"https:\/\/vosgesinfo.fr\/app\/uploads\/sites\/2\/2024\/06\/20160519058320.jpg\" \/>\n<meta name=\"twitter:creator\" content=\"@VosgesInfo88\" \/>\n<meta name=\"twitter:site\" content=\"@VosgesInfo88\" \/>\n<meta name=\"twitter:label1\" content=\"\u00c9crit par\" \/>\n\t<meta name=\"twitter:data1\" content=\"qs_admin\" \/>\n\t<meta name=\"twitter:label2\" content=\"Dur\u00e9e de lecture estim\u00e9e\" \/>\n\t<meta name=\"twitter:data2\" content=\"3 minutes\" \/>\n<script type=\"application\/ld+json\" class=\"yoast-schema-graph\">{\"@context\":\"https:\/\/schema.org\",\"@graph\":[{\"@type\":\"Article\",\"@id\":\"https:\/\/vosgesinfo.fr\/laplainedesvosgesinfo\/2016\/05\/neufchateau-diverses-animations-en-centre-ville-pour-la-saison-estivale\/#article\",\"isPartOf\":{\"@id\":\"https:\/\/vosgesinfo.fr\/laplainedesvosgesinfo\/2016\/05\/neufchateau-diverses-animations-en-centre-ville-pour-la-saison-estivale\/\"},\"author\":{\"name\":\"qs_admin\",\"@id\":\"https:\/\/vosgesinfo.fr\/laplainedesvosgesinfo\/#\/schema\/person\/bc5d02d71e6932e81b6dadb7386667b1\"},\"headline\":\"Neufch\u00e2teau &#8211; Diverses animations en centre-ville pour la saison estivale\",\"datePublished\":\"2016-05-27T14:32:48+00:00\",\"dateModified\":\"2016-05-27T14:32:48+00:00\",\"mainEntityOfPage\":{\"@id\":\"https:\/\/vosgesinfo.fr\/laplainedesvosgesinfo\/2016\/05\/neufchateau-diverses-animations-en-centre-ville-pour-la-saison-estivale\/\"},\"wordCount\":542,\"commentCount\":0,\"publisher\":{\"@id\":\"https:\/\/vosgesinfo.fr\/laplainedesvosgesinfo\/#organization\"},\"image\":{\"@id\":\"https:\/\/vosgesinfo.fr\/laplainedesvosgesinfo\/2016\/05\/neufchateau-diverses-animations-en-centre-ville-pour-la-saison-estivale\/#primaryimage\"},\"thumbnailUrl\":\"https:\/\/vosgesinfo.fr\/app\/uploads\/sites\/2\/2024\/06\/20160519058320.jpg\",\"keywords\":[\"animation\",\"centre-ville\",\"f\u00eate de la tourte\",\"neufchateau\"],\"articleSection\":[\"A la Une\",\"La Plaine\",\"Neufch\u00e2teau\"],\"inLanguage\":\"fr-FR\",\"potentialAction\":[{\"@type\":\"CommentAction\",\"name\":\"Comment\",\"target\":[\"https:\/\/vosgesinfo.fr\/laplainedesvosgesinfo\/2016\/05\/neufchateau-diverses-animations-en-centre-ville-pour-la-saison-estivale\/#respond\"]}]},{\"@type\":\"WebPage\",\"@id\":\"https:\/\/vosgesinfo.fr\/laplainedesvosgesinfo\/2016\/05\/neufchateau-diverses-animations-en-centre-ville-pour-la-saison-estivale\/\",\"url\":\"https:\/\/vosgesinfo.fr\/laplainedesvosgesinfo\/2016\/05\/neufchateau-diverses-animations-en-centre-ville-pour-la-saison-estivale\/\",\"name\":\"Neufch\u00e2teau - Diverses animations en centre-ville pour la saison estivale - La Plaine des Vosges\",\"isPartOf\":{\"@id\":\"https:\/\/vosgesinfo.fr\/laplainedesvosgesinfo\/#website\"},\"primaryImageOfPage\":{\"@id\":\"https:\/\/vosgesinfo.fr\/laplainedesvosgesinfo\/2016\/05\/neufchateau-diverses-animations-en-centre-ville-pour-la-saison-estivale\/#primaryimage\"},\"image\":{\"@id\":\"https:\/\/vosgesinfo.fr\/laplainedesvosgesinfo\/2016\/05\/neufchateau-diverses-animations-en-centre-ville-pour-la-saison-estivale\/#primaryimage\"},\"thumbnailUrl\":\"https:\/\/vosgesinfo.fr\/app\/uploads\/sites\/2\/2024\/06\/20160519058320.jpg\",\"datePublished\":\"2016-05-27T14:32:48+00:00\",\"dateModified\":\"2016-05-27T14:32:48+00:00\",\"breadcrumb\":{\"@id\":\"https:\/\/vosgesinfo.fr\/laplainedesvosgesinfo\/2016\/05\/neufchateau-diverses-animations-en-centre-ville-pour-la-saison-estivale\/#breadcrumb\"},\"inLanguage\":\"fr-FR\",\"potentialAction\":[{\"@type\":\"ReadAction\",\"target\":[\"https:\/\/vosgesinfo.fr\/laplainedesvosgesinfo\/2016\/05\/neufchateau-diverses-animations-en-centre-ville-pour-la-saison-estivale\/\"]}]},{\"@type\":\"ImageObject\",\"inLanguage\":\"fr-FR\",\"@id\":\"https:\/\/vosgesinfo.fr\/laplainedesvosgesinfo\/2016\/05\/neufchateau-diverses-animations-en-centre-ville-pour-la-saison-estivale\/#primaryimage\",\"url\":\"https:\/\/vosgesinfo.fr\/app\/uploads\/sites\/2\/2024\/06\/20160519058320.jpg\",\"contentUrl\":\"https:\/\/vosgesinfo.fr\/app\/uploads\/sites\/2\/2024\/06\/20160519058320.jpg\",\"width\":797,\"height\":559},{\"@type\":\"BreadcrumbList\",\"@id\":\"https:\/\/vosgesinfo.fr\/laplainedesvosgesinfo\/2016\/05\/neufchateau-diverses-animations-en-centre-ville-pour-la-saison-estivale\/#breadcrumb\",\"itemListElement\":[{\"@type\":\"ListItem\",\"position\":1,\"name\":\"Home\",\"item\":\"https:\/\/vosgesinfo.fr\/laplainedesvosgesinfo\/\"},{\"@type\":\"ListItem\",\"position\":2,\"name\":\"Neufch\u00e2teau &#8211; Diverses animations en centre-ville pour la saison estivale\"}]},{\"@type\":\"WebSite\",\"@id\":\"https:\/\/vosgesinfo.fr\/laplainedesvosgesinfo\/#website\",\"url\":\"https:\/\/vosgesinfo.fr\/laplainedesvosgesinfo\/\",\"name\":\"La Plaine des Vosges\",\"description\":\"Toute l&#039;actualit\u00e9 de la plaine de Vosges\",\"publisher\":{\"@id\":\"https:\/\/vosgesinfo.fr\/laplainedesvosgesinfo\/#organization\"},\"alternateName\":\"Toute l'actualit\u00e9 de la plaine des Vosges\",\"potentialAction\":[{\"@type\":\"SearchAction\",\"target\":{\"@type\":\"EntryPoint\",\"urlTemplate\":\"https:\/\/vosgesinfo.fr\/laplainedesvosgesinfo\/?s={search_term_string}\"},\"query-input\":\"required name=search_term_string\"}],\"inLanguage\":\"fr-FR\"},{\"@type\":\"Organization\",\"@id\":\"https:\/\/vosgesinfo.fr\/laplainedesvosgesinfo\/#organization\",\"name\":\"La Plaine des Vosges\",\"url\":\"https:\/\/vosgesinfo.fr\/laplainedesvosgesinfo\/\",\"logo\":{\"@type\":\"ImageObject\",\"inLanguage\":\"fr-FR\",\"@id\":\"https:\/\/vosgesinfo.fr\/laplainedesvosgesinfo\/#\/schema\/logo\/image\/\",\"url\":\"https:\/\/vosgesinfo.fr\/app\/uploads\/sites\/2\/2023\/08\/logo-laplaineinfo.svg\",\"contentUrl\":\"https:\/\/vosgesinfo.fr\/app\/uploads\/sites\/2\/2023\/08\/logo-laplaineinfo.svg\",\"width\":1,\"height\":1,\"caption\":\"La Plaine des Vosges\"},\"image\":{\"@id\":\"https:\/\/vosgesinfo.fr\/laplainedesvosgesinfo\/#\/schema\/logo\/image\/\"},\"sameAs\":[\"https:\/\/www.facebook.com\/laplainedesvosges\",\"https:\/\/x.com\/VosgesInfo88\",\"https:\/\/www.youtube.com\/@vosgesinfo\"]},{\"@type\":\"Person\",\"@id\":\"https:\/\/vosgesinfo.fr\/laplainedesvosgesinfo\/#\/schema\/person\/bc5d02d71e6932e81b6dadb7386667b1\",\"name\":\"qs_admin\",\"image\":{\"@type\":\"ImageObject\",\"inLanguage\":\"fr-FR\",\"@id\":\"https:\/\/vosgesinfo.fr\/laplainedesvosgesinfo\/#\/schema\/person\/image\/\",\"url\":\"https:\/\/secure.gravatar.com\/avatar\/94b18ee0ed79e4a42ea2f2931277b6841a8999fc6fde214600c78057cf1fe1de?s=96&d=mm&r=g\",\"contentUrl\":\"https:\/\/secure.gravatar.com\/avatar\/94b18ee0ed79e4a42ea2f2931277b6841a8999fc6fde214600c78057cf1fe1de?s=96&d=mm&r=g\",\"caption\":\"qs_admin\"},\"sameAs\":[\"https:\/\/vosgesinfo.fr\/wp\"],\"url\":\"https:\/\/vosgesinfo.fr\/laplainedesvosgesinfo\/author\/qs_admin\/\"}]}<\/script>\n<!-- \/ Yoast SEO plugin. -->","yoast_head_json":{"title":"Neufch\u00e2teau - Diverses animations en centre-ville pour la saison estivale - La Plaine des Vosges","robots":{"index":"index","follow":"follow","max-snippet":"max-snippet:-1","max-image-preview":"max-image-preview:large","max-video-preview":"max-video-preview:-1"},"canonical":"https:\/\/vosgesinfo.fr\/laplainedesvosgesinfo\/2016\/05\/neufchateau-diverses-animations-en-centre-ville-pour-la-saison-estivale\/","twitter_card":"summary_large_image","twitter_title":"Neufch\u00e2teau - Diverses animations en centre-ville pour la saison estivale - La Plaine des Vosges","twitter_description":"En vue de dynamiser le centre-ville de Neufch\u00e2teau, Simon Leclerc, maire de Neufch\u00e2teau et pr\u00e9sident de la communaut\u00e9 de communes [&hellip;]","twitter_image":"https:\/\/vosgesinfo.fr\/app\/uploads\/sites\/2\/2024\/06\/20160519058320.jpg","twitter_creator":"@VosgesInfo88","twitter_site":"@VosgesInfo88","twitter_misc":{"\u00c9crit par":"qs_admin","Dur\u00e9e de lecture estim\u00e9e":"3 minutes"},"schema":{"@context":"https:\/\/schema.org","@graph":[{"@type":"Article","@id":"https:\/\/vosgesinfo.fr\/laplainedesvosgesinfo\/2016\/05\/neufchateau-diverses-animations-en-centre-ville-pour-la-saison-estivale\/#article","isPartOf":{"@id":"https:\/\/vosgesinfo.fr\/laplainedesvosgesinfo\/2016\/05\/neufchateau-diverses-animations-en-centre-ville-pour-la-saison-estivale\/"},"author":{"name":"qs_admin","@id":"https:\/\/vosgesinfo.fr\/laplainedesvosgesinfo\/#\/schema\/person\/bc5d02d71e6932e81b6dadb7386667b1"},"headline":"Neufch\u00e2teau &#8211; Diverses animations en centre-ville pour la saison estivale","datePublished":"2016-05-27T14:32:48+00:00","dateModified":"2016-05-27T14:32:48+00:00","mainEntityOfPage":{"@id":"https:\/\/vosgesinfo.fr\/laplainedesvosgesinfo\/2016\/05\/neufchateau-diverses-animations-en-centre-ville-pour-la-saison-estivale\/"},"wordCount":542,"commentCount":0,"publisher":{"@id":"https:\/\/vosgesinfo.fr\/laplainedesvosgesinfo\/#organization"},"image":{"@id":"https:\/\/vosgesinfo.fr\/laplainedesvosgesinfo\/2016\/05\/neufchateau-diverses-animations-en-centre-ville-pour-la-saison-estivale\/#primaryimage"},"thumbnailUrl":"https:\/\/vosgesinfo.fr\/app\/uploads\/sites\/2\/2024\/06\/20160519058320.jpg","keywords":["animation","centre-ville","f\u00eate de la tourte","neufchateau"],"articleSection":["A la Une","La Plaine","Neufch\u00e2teau"],"inLanguage":"fr-FR","potentialAction":[{"@type":"CommentAction","name":"Comment","target":["https:\/\/vosgesinfo.fr\/laplainedesvosgesinfo\/2016\/05\/neufchateau-diverses-animations-en-centre-ville-pour-la-saison-estivale\/#respond"]}]},{"@type":"WebPage","@id":"https:\/\/vosgesinfo.fr\/laplainedesvosgesinfo\/2016\/05\/neufchateau-diverses-animations-en-centre-ville-pour-la-saison-estivale\/","url":"https:\/\/vosgesinfo.fr\/laplainedesvosgesinfo\/2016\/05\/neufchateau-diverses-animations-en-centre-ville-pour-la-saison-estivale\/","name":"Neufch\u00e2teau - Diverses animations en centre-ville pour la saison estivale - La Plaine des Vosges","isPartOf":{"@id":"https:\/\/vosgesinfo.fr\/laplainedesvosgesinfo\/#website"},"primaryImageOfPage":{"@id":"https:\/\/vosgesinfo.fr\/laplainedesvosgesinfo\/2016\/05\/neufchateau-diverses-animations-en-centre-ville-pour-la-saison-estivale\/#primaryimage"},"image":{"@id":"https:\/\/vosgesinfo.fr\/laplainedesvosgesinfo\/2016\/05\/neufchateau-diverses-animations-en-centre-ville-pour-la-saison-estivale\/#primaryimage"},"thumbnailUrl":"https:\/\/vosgesinfo.fr\/app\/uploads\/sites\/2\/2024\/06\/20160519058320.jpg","datePublished":"2016-05-27T14:32:48+00:00","dateModified":"2016-05-27T14:32:48+00:00","breadcrumb":{"@id":"https:\/\/vosgesinfo.fr\/laplainedesvosgesinfo\/2016\/05\/neufchateau-diverses-animations-en-centre-ville-pour-la-saison-estivale\/#breadcrumb"},"inLanguage":"fr-FR","potentialAction":[{"@type":"ReadAction","target":["https:\/\/vosgesinfo.fr\/laplainedesvosgesinfo\/2016\/05\/neufchateau-diverses-animations-en-centre-ville-pour-la-saison-estivale\/"]}]},{"@type":"ImageObject","inLanguage":"fr-FR","@id":"https:\/\/vosgesinfo.fr\/laplainedesvosgesinfo\/2016\/05\/neufchateau-diverses-animations-en-centre-ville-pour-la-saison-estivale\/#primaryimage","url":"https:\/\/vosgesinfo.fr\/app\/uploads\/sites\/2\/2024\/06\/20160519058320.jpg","contentUrl":"https:\/\/vosgesinfo.fr\/app\/uploads\/sites\/2\/2024\/06\/20160519058320.jpg","width":797,"height":559},{"@type":"BreadcrumbList","@id":"https:\/\/vosgesinfo.fr\/laplainedesvosgesinfo\/2016\/05\/neufchateau-diverses-animations-en-centre-ville-pour-la-saison-estivale\/#breadcrumb","itemListElement":[{"@type":"ListItem","position":1,"name":"Home","item":"https:\/\/vosgesinfo.fr\/laplainedesvosgesinfo\/"},{"@type":"ListItem","position":2,"name":"Neufch\u00e2teau &#8211; Diverses animations en centre-ville pour la saison estivale"}]},{"@type":"WebSite","@id":"https:\/\/vosgesinfo.fr\/laplainedesvosgesinfo\/#website","url":"https:\/\/vosgesinfo.fr\/laplainedesvosgesinfo\/","name":"La Plaine des Vosges","description":"Toute l&#039;actualit\u00e9 de la plaine de Vosges","publisher":{"@id":"https:\/\/vosgesinfo.fr\/laplainedesvosgesinfo\/#organization"},"alternateName":"Toute l'actualit\u00e9 de la plaine des Vosges","potentialAction":[{"@type":"SearchAction","target":{"@type":"EntryPoint","urlTemplate":"https:\/\/vosgesinfo.fr\/laplainedesvosgesinfo\/?s={search_term_string}"},"query-input":"required name=search_term_string"}],"inLanguage":"fr-FR"},{"@type":"Organization","@id":"https:\/\/vosgesinfo.fr\/laplainedesvosgesinfo\/#organization","name":"La Plaine des Vosges","url":"https:\/\/vosgesinfo.fr\/laplainedesvosgesinfo\/","logo":{"@type":"ImageObject","inLanguage":"fr-FR","@id":"https:\/\/vosgesinfo.fr\/laplainedesvosgesinfo\/#\/schema\/logo\/image\/","url":"https:\/\/vosgesinfo.fr\/app\/uploads\/sites\/2\/2023\/08\/logo-laplaineinfo.svg","contentUrl":"https:\/\/vosgesinfo.fr\/app\/uploads\/sites\/2\/2023\/08\/logo-laplaineinfo.svg","width":1,"height":1,"caption":"La Plaine des Vosges"},"image":{"@id":"https:\/\/vosgesinfo.fr\/laplainedesvosgesinfo\/#\/schema\/logo\/image\/"},"sameAs":["https:\/\/www.facebook.com\/laplainedesvosges","https:\/\/x.com\/VosgesInfo88","https:\/\/www.youtube.com\/@vosgesinfo"]},{"@type":"Person","@id":"https:\/\/vosgesinfo.fr\/laplainedesvosgesinfo\/#\/schema\/person\/bc5d02d71e6932e81b6dadb7386667b1","name":"qs_admin","image":{"@type":"ImageObject","inLanguage":"fr-FR","@id":"https:\/\/vosgesinfo.fr\/laplainedesvosgesinfo\/#\/schema\/person\/image\/","url":"https:\/\/secure.gravatar.com\/avatar\/94b18ee0ed79e4a42ea2f2931277b6841a8999fc6fde214600c78057cf1fe1de?s=96&d=mm&r=g","contentUrl":"https:\/\/secure.gravatar.com\/avatar\/94b18ee0ed79e4a42ea2f2931277b6841a8999fc6fde214600c78057cf1fe1de?s=96&d=mm&r=g","caption":"qs_admin"},"sameAs":["https:\/\/vosgesinfo.fr\/wp"],"url":"https:\/\/vosgesinfo.fr\/laplainedesvosgesinfo\/author\/qs_admin\/"}]}},"_links":{"self":[{"href":"https:\/\/vosgesinfo.fr\/laplainedesvosgesinfo\/wp-json\/wp\/v2\/posts\/4591","targetHints":{"allow":["GET"]}}],"collection":[{"href":"https:\/\/vosgesinfo.fr\/laplainedesvosgesinfo\/wp-json\/wp\/v2\/posts"}],"about":[{"href":"https:\/\/vosgesinfo.fr\/laplainedesvosgesinfo\/wp-json\/wp\/v2\/types\/post"}],"author":[{"embeddable":true,"href":"https:\/\/vosgesinfo.fr\/laplainedesvosgesinfo\/wp-json\/wp\/v2\/users\/1"}],"replies":[{"embeddable":true,"href":"https:\/\/vosgesinfo.fr\/laplainedesvosgesinfo\/wp-json\/wp\/v2\/comments?post=4591"}],"version-history":[{"count":0,"href":"https:\/\/vosgesinfo.fr\/laplainedesvosgesinfo\/wp-json\/wp\/v2\/posts\/4591\/revisions"}],"wp:featuredmedia":[{"embeddable":true,"href":"https:\/\/vosgesinfo.fr\/laplainedesvosgesinfo\/wp-json\/wp\/v2\/media\/4592"}],"wp:attachment":[{"href":"https:\/\/vosgesinfo.fr\/laplainedesvosgesinfo\/wp-json\/wp\/v2\/media?parent=4591"}],"wp:term":[{"taxonomy":"category","embeddable":true,"href":"https:\/\/vosgesinfo.fr\/laplainedesvosgesinfo\/wp-json\/wp\/v2\/categories?post=4591"},{"taxonomy":"post_tag","embeddable":true,"href":"https:\/\/vosgesinfo.fr\/laplainedesvosgesinfo\/wp-json\/wp\/v2\/tags?post=4591"}],"curies":[{"name":"wp","href":"https:\/\/api.w.org\/{rel}","templated":true}]}}