{"id":4609,"date":"2016-05-28T08:14:06","date_gmt":"2016-05-28T06:14:06","guid":{"rendered":"https:\/\/vosgesinfo.fr\/laplainedesvosgesinfo\/2016\/05\/video-le-2eme-festival-motordays-est-ouvert\/"},"modified":"2016-05-28T08:14:06","modified_gmt":"2016-05-28T06:14:06","slug":"video-le-2eme-festival-motordays-est-ouvert","status":"publish","type":"post","link":"https:\/\/vosgesinfo.fr\/laplainedesvosgesinfo\/2016\/05\/video-le-2eme-festival-motordays-est-ouvert\/","title":{"rendered":"Vid\u00e9o &#8211; Le 2\u00e8me festival Motordays est ouvert"},"content":{"rendered":"<p><iframe loading=\"lazy\" title=\"Renaud ouverture motordays 2016 G\u00e9rardmer\" width=\"500\" height=\"281\" src=\"https:\/\/www.youtube.com\/embed\/5w_-MxZ_kSw?feature=oembed\" frameborder=\"0\" allow=\"accelerometer; autoplay; clipboard-write; encrypted-media; gyroscope; picture-in-picture; web-share\" referrerpolicy=\"strict-origin-when-cross-origin\" allowfullscreen><\/iframe><\/p>\n<h2>\u00c7a y est, c\u2019est officiel, le G\u00e9rardmer Motordays 2016 a officiellement \u00e9t\u00e9 lanc\u00e9 par son parrain Renaud !<\/h2>\n<p style=\"text-align: justify;\"><a href=\"http:\/\/gerardmerinfo.fr\/wp-content\/uploads\/2016\/05\/Inauguration-Motordays-2016-Renaud-1.jpg\" data-featherlight=\"image\"><img decoding=\"async\" class=\"alignright size-medium wp-image-84375\" src=\"https:\/\/vosgesinfo.fr\/app\/uploads\/sites\/2\/2016\/05\/inauguration-motordays-2016-renaud-1-340x255-1.jpg\" alt=\"Inauguration Motordays 2016 Renaud (1)\" width=\"340\" height=\"255\" \/><\/a>Pas de doute l\u00e0-dessus en tout cas, la star du festoche, pour le moment, c\u2019est bien lui. C\u2019est lui que la foule attendais sur la sc\u00e8ne principale, c\u2019est de lui dont tout le monde parle, c\u2019est lui le vieux de la vieille, c\u2019est lui qui assure grave. Pas de doute, l\u2019organisation a eu le nez fin en lui faisant les yeux doux, le chanteur a toujours la grosse cote, et ce n\u2019est pas le pr\u00e9sident d\u2019AEM sur le secteur des Vosges qui dira le contraire. En effet, Marc Rossignon avait le sourire ce vendredi soir, et il sait \u00e0 qui adresser les remerciements d\u2019usage : le parrain du Motordays bien s\u00fbr, les quelques 170 b\u00e9n\u00e9voles qui \u0153uvrent sur le site et dans l\u2019ombre, les nombreux partenaires sans qui rien ne serait possible, mais aussi le Conseil D\u00e9partemental qui a mis la main au portefeuille en octroyant une subvention \u00e0 cet \u00e9v\u00e9nement et qui \u00e9tait repr\u00e9sent\u00e9 par \u00c9liane Ferry.<\/p>\n<p style=\"text-align: justify;\"><a href=\"http:\/\/gerardmerinfo.fr\/wp-content\/uploads\/2016\/05\/Inauguration-Motordays-2016-Renaud-2.jpg\" data-featherlight=\"image\"><img decoding=\"async\" class=\"alignleft size-medium wp-image-84376\" src=\"https:\/\/vosgesinfo.fr\/app\/uploads\/sites\/2\/2016\/05\/inauguration-motordays-2016-renaud-2-340x255-1.jpg\" alt=\"Inauguration Motordays 2016 Renaud (2)\" width=\"340\" height=\"255\" \/><\/a>Il faut dire que le festival change de nom et s\u2019agrandit cette ann\u00e9e, et ce \u00e0 tous les niveaux : plus de concerts, plus de stands, plus d\u2019animations, plus de b\u00e9canes et sans doute plus de visiteurs, c\u2019est plut\u00f4t bien parti pour. De plus, le Motordays est co-organis\u00e9 avec Harley Davidson, un gage de qualit\u00e9 sur lequel s\u2019appuyer et qui permet de rayonner aupr\u00e8s des amateurs de gros cubes entre autre. Le plus vieux constructeur moto semble en tout cas satisfait de cette association, lui qui n\u2019avait pas d\u2019\u00e9v\u00e9nement majeur dans ce secteur de la France, comme le faisait remarquer \u00e0 juste titre le responsable marketing de la marque, \u00e0 savoir Xavier Cr\u00e9pet. C\u2019est d\u00e9sormais chose faite, alors maintenant place au spectacle, place aux vrombissements de moteurs et aux riffs de guitares !<\/p>\n<p><a href=\"http:\/\/gerardmerinfo.fr\/wp-content\/uploads\/2016\/05\/Inauguration-Motordays-2016-Renaud-3.jpg\" data-featherlight=\"image\"><img decoding=\"async\" class=\"aligncenter  wp-image-84377\" src=\"https:\/\/vosgesinfo.fr\/app\/uploads\/sites\/2\/2016\/05\/inauguration-motordays-2016-renaud-3-1024x768-1.jpg\" alt=\"Inauguration Motordays 2016 Renaud (3)\" width=\"673\" height=\"505\" \/><\/a><\/p>\n","protected":false},"excerpt":{"rendered":"<p>\u00c7a y est, c\u2019est officiel, le G\u00e9rardmer Motordays 2016 a officiellement \u00e9t\u00e9 lanc\u00e9 par son parrain Renaud ! Pas de [&hellip;]<\/p>\n","protected":false},"author":1,"featured_media":4610,"comment_status":"open","ping_status":"open","sticky":false,"template":"","format":"standard","meta":{"footnotes":""},"categories":[18],"tags":[526,1209,1210],"class_list":["post-4609","post","type-post","status-publish","format-standard","has-post-thumbnail","hentry","category-vosges","tag-gerardmer","tag-motor-days","tag-renaud"],"acf":[],"yoast_head":"<!-- This site is optimized with the Yoast SEO plugin v22.5 - https:\/\/yoast.com\/wordpress\/plugins\/seo\/ -->\n<title>Vid\u00e9o - Le 2\u00e8me festival Motordays est ouvert - La Plaine des Vosges<\/title>\n<meta name=\"robots\" content=\"index, follow, max-snippet:-1, max-image-preview:large, max-video-preview:-1\" \/>\n<link rel=\"canonical\" href=\"https:\/\/vosgesinfo.fr\/laplainedesvosgesinfo\/2016\/05\/video-le-2eme-festival-motordays-est-ouvert\/\" \/>\n<meta name=\"twitter:card\" content=\"summary_large_image\" \/>\n<meta name=\"twitter:title\" content=\"Vid\u00e9o - Le 2\u00e8me festival Motordays est ouvert - La Plaine des Vosges\" \/>\n<meta name=\"twitter:description\" content=\"\u00c7a y est, c\u2019est officiel, le G\u00e9rardmer Motordays 2016 a officiellement \u00e9t\u00e9 lanc\u00e9 par son parrain Renaud ! Pas de [&hellip;]\" \/>\n<meta name=\"twitter:image\" content=\"https:\/\/vosgesinfo.fr\/app\/uploads\/sites\/2\/2024\/06\/201605inauguration-motordays-2016-renaud-1-670x460-1.jpg\" \/>\n<meta name=\"twitter:creator\" content=\"@VosgesInfo88\" \/>\n<meta name=\"twitter:site\" content=\"@VosgesInfo88\" \/>\n<meta name=\"twitter:label1\" content=\"\u00c9crit par\" \/>\n\t<meta name=\"twitter:data1\" content=\"qs_admin\" \/>\n\t<meta name=\"twitter:label2\" content=\"Dur\u00e9e de lecture estim\u00e9e\" \/>\n\t<meta name=\"twitter:data2\" content=\"2 minutes\" \/>\n<script type=\"application\/ld+json\" class=\"yoast-schema-graph\">{\"@context\":\"https:\/\/schema.org\",\"@graph\":[{\"@type\":\"Article\",\"@id\":\"https:\/\/vosgesinfo.fr\/laplainedesvosgesinfo\/2016\/05\/video-le-2eme-festival-motordays-est-ouvert\/#article\",\"isPartOf\":{\"@id\":\"https:\/\/vosgesinfo.fr\/laplainedesvosgesinfo\/2016\/05\/video-le-2eme-festival-motordays-est-ouvert\/\"},\"author\":{\"name\":\"qs_admin\",\"@id\":\"https:\/\/vosgesinfo.fr\/laplainedesvosgesinfo\/#\/schema\/person\/bc5d02d71e6932e81b6dadb7386667b1\"},\"headline\":\"Vid\u00e9o &#8211; Le 2\u00e8me festival Motordays est ouvert\",\"datePublished\":\"2016-05-28T06:14:06+00:00\",\"dateModified\":\"2016-05-28T06:14:06+00:00\",\"mainEntityOfPage\":{\"@id\":\"https:\/\/vosgesinfo.fr\/laplainedesvosgesinfo\/2016\/05\/video-le-2eme-festival-motordays-est-ouvert\/\"},\"wordCount\":351,\"commentCount\":0,\"publisher\":{\"@id\":\"https:\/\/vosgesinfo.fr\/laplainedesvosgesinfo\/#organization\"},\"image\":{\"@id\":\"https:\/\/vosgesinfo.fr\/laplainedesvosgesinfo\/2016\/05\/video-le-2eme-festival-motordays-est-ouvert\/#primaryimage\"},\"thumbnailUrl\":\"https:\/\/vosgesinfo.fr\/app\/uploads\/sites\/2\/2024\/06\/201605inauguration-motordays-2016-renaud-1-670x460-1.jpg\",\"keywords\":[\"G\u00e9rardmer\",\"Motor days\",\"Renaud\"],\"articleSection\":[\"Vosges\"],\"inLanguage\":\"fr-FR\",\"potentialAction\":[{\"@type\":\"CommentAction\",\"name\":\"Comment\",\"target\":[\"https:\/\/vosgesinfo.fr\/laplainedesvosgesinfo\/2016\/05\/video-le-2eme-festival-motordays-est-ouvert\/#respond\"]}]},{\"@type\":\"WebPage\",\"@id\":\"https:\/\/vosgesinfo.fr\/laplainedesvosgesinfo\/2016\/05\/video-le-2eme-festival-motordays-est-ouvert\/\",\"url\":\"https:\/\/vosgesinfo.fr\/laplainedesvosgesinfo\/2016\/05\/video-le-2eme-festival-motordays-est-ouvert\/\",\"name\":\"Vid\u00e9o - Le 2\u00e8me festival Motordays est ouvert - La Plaine des Vosges\",\"isPartOf\":{\"@id\":\"https:\/\/vosgesinfo.fr\/laplainedesvosgesinfo\/#website\"},\"primaryImageOfPage\":{\"@id\":\"https:\/\/vosgesinfo.fr\/laplainedesvosgesinfo\/2016\/05\/video-le-2eme-festival-motordays-est-ouvert\/#primaryimage\"},\"image\":{\"@id\":\"https:\/\/vosgesinfo.fr\/laplainedesvosgesinfo\/2016\/05\/video-le-2eme-festival-motordays-est-ouvert\/#primaryimage\"},\"thumbnailUrl\":\"https:\/\/vosgesinfo.fr\/app\/uploads\/sites\/2\/2024\/06\/201605inauguration-motordays-2016-renaud-1-670x460-1.jpg\",\"datePublished\":\"2016-05-28T06:14:06+00:00\",\"dateModified\":\"2016-05-28T06:14:06+00:00\",\"breadcrumb\":{\"@id\":\"https:\/\/vosgesinfo.fr\/laplainedesvosgesinfo\/2016\/05\/video-le-2eme-festival-motordays-est-ouvert\/#breadcrumb\"},\"inLanguage\":\"fr-FR\",\"potentialAction\":[{\"@type\":\"ReadAction\",\"target\":[\"https:\/\/vosgesinfo.fr\/laplainedesvosgesinfo\/2016\/05\/video-le-2eme-festival-motordays-est-ouvert\/\"]}]},{\"@type\":\"ImageObject\",\"inLanguage\":\"fr-FR\",\"@id\":\"https:\/\/vosgesinfo.fr\/laplainedesvosgesinfo\/2016\/05\/video-le-2eme-festival-motordays-est-ouvert\/#primaryimage\",\"url\":\"https:\/\/vosgesinfo.fr\/app\/uploads\/sites\/2\/2024\/06\/201605inauguration-motordays-2016-renaud-1-670x460-1.jpg\",\"contentUrl\":\"https:\/\/vosgesinfo.fr\/app\/uploads\/sites\/2\/2024\/06\/201605inauguration-motordays-2016-renaud-1-670x460-1.jpg\",\"width\":670,\"height\":460},{\"@type\":\"BreadcrumbList\",\"@id\":\"https:\/\/vosgesinfo.fr\/laplainedesvosgesinfo\/2016\/05\/video-le-2eme-festival-motordays-est-ouvert\/#breadcrumb\",\"itemListElement\":[{\"@type\":\"ListItem\",\"position\":1,\"name\":\"Home\",\"item\":\"https:\/\/vosgesinfo.fr\/laplainedesvosgesinfo\/\"},{\"@type\":\"ListItem\",\"position\":2,\"name\":\"Vid\u00e9o &#8211; Le 2\u00e8me festival Motordays est ouvert\"}]},{\"@type\":\"WebSite\",\"@id\":\"https:\/\/vosgesinfo.fr\/laplainedesvosgesinfo\/#website\",\"url\":\"https:\/\/vosgesinfo.fr\/laplainedesvosgesinfo\/\",\"name\":\"La Plaine des Vosges\",\"description\":\"Toute l&#039;actualit\u00e9 de la plaine de Vosges\",\"publisher\":{\"@id\":\"https:\/\/vosgesinfo.fr\/laplainedesvosgesinfo\/#organization\"},\"alternateName\":\"Toute l'actualit\u00e9 de la plaine des Vosges\",\"potentialAction\":[{\"@type\":\"SearchAction\",\"target\":{\"@type\":\"EntryPoint\",\"urlTemplate\":\"https:\/\/vosgesinfo.fr\/laplainedesvosgesinfo\/?s={search_term_string}\"},\"query-input\":\"required name=search_term_string\"}],\"inLanguage\":\"fr-FR\"},{\"@type\":\"Organization\",\"@id\":\"https:\/\/vosgesinfo.fr\/laplainedesvosgesinfo\/#organization\",\"name\":\"La Plaine des Vosges\",\"url\":\"https:\/\/vosgesinfo.fr\/laplainedesvosgesinfo\/\",\"logo\":{\"@type\":\"ImageObject\",\"inLanguage\":\"fr-FR\",\"@id\":\"https:\/\/vosgesinfo.fr\/laplainedesvosgesinfo\/#\/schema\/logo\/image\/\",\"url\":\"https:\/\/vosgesinfo.fr\/app\/uploads\/sites\/2\/2023\/08\/logo-laplaineinfo.svg\",\"contentUrl\":\"https:\/\/vosgesinfo.fr\/app\/uploads\/sites\/2\/2023\/08\/logo-laplaineinfo.svg\",\"width\":1,\"height\":1,\"caption\":\"La Plaine des Vosges\"},\"image\":{\"@id\":\"https:\/\/vosgesinfo.fr\/laplainedesvosgesinfo\/#\/schema\/logo\/image\/\"},\"sameAs\":[\"https:\/\/www.facebook.com\/laplainedesvosges\",\"https:\/\/x.com\/VosgesInfo88\",\"https:\/\/www.youtube.com\/@vosgesinfo\"]},{\"@type\":\"Person\",\"@id\":\"https:\/\/vosgesinfo.fr\/laplainedesvosgesinfo\/#\/schema\/person\/bc5d02d71e6932e81b6dadb7386667b1\",\"name\":\"qs_admin\",\"image\":{\"@type\":\"ImageObject\",\"inLanguage\":\"fr-FR\",\"@id\":\"https:\/\/vosgesinfo.fr\/laplainedesvosgesinfo\/#\/schema\/person\/image\/\",\"url\":\"https:\/\/secure.gravatar.com\/avatar\/94b18ee0ed79e4a42ea2f2931277b6841a8999fc6fde214600c78057cf1fe1de?s=96&d=mm&r=g\",\"contentUrl\":\"https:\/\/secure.gravatar.com\/avatar\/94b18ee0ed79e4a42ea2f2931277b6841a8999fc6fde214600c78057cf1fe1de?s=96&d=mm&r=g\",\"caption\":\"qs_admin\"},\"sameAs\":[\"https:\/\/vosgesinfo.fr\/wp\"],\"url\":\"https:\/\/vosgesinfo.fr\/laplainedesvosgesinfo\/author\/qs_admin\/\"}]}<\/script>\n<!-- \/ Yoast SEO plugin. -->","yoast_head_json":{"title":"Vid\u00e9o - Le 2\u00e8me festival Motordays est ouvert - La Plaine des Vosges","robots":{"index":"index","follow":"follow","max-snippet":"max-snippet:-1","max-image-preview":"max-image-preview:large","max-video-preview":"max-video-preview:-1"},"canonical":"https:\/\/vosgesinfo.fr\/laplainedesvosgesinfo\/2016\/05\/video-le-2eme-festival-motordays-est-ouvert\/","twitter_card":"summary_large_image","twitter_title":"Vid\u00e9o - Le 2\u00e8me festival Motordays est ouvert - La Plaine des Vosges","twitter_description":"\u00c7a y est, c\u2019est officiel, le G\u00e9rardmer Motordays 2016 a officiellement \u00e9t\u00e9 lanc\u00e9 par son parrain Renaud ! Pas de [&hellip;]","twitter_image":"https:\/\/vosgesinfo.fr\/app\/uploads\/sites\/2\/2024\/06\/201605inauguration-motordays-2016-renaud-1-670x460-1.jpg","twitter_creator":"@VosgesInfo88","twitter_site":"@VosgesInfo88","twitter_misc":{"\u00c9crit par":"qs_admin","Dur\u00e9e de lecture estim\u00e9e":"2 minutes"},"schema":{"@context":"https:\/\/schema.org","@graph":[{"@type":"Article","@id":"https:\/\/vosgesinfo.fr\/laplainedesvosgesinfo\/2016\/05\/video-le-2eme-festival-motordays-est-ouvert\/#article","isPartOf":{"@id":"https:\/\/vosgesinfo.fr\/laplainedesvosgesinfo\/2016\/05\/video-le-2eme-festival-motordays-est-ouvert\/"},"author":{"name":"qs_admin","@id":"https:\/\/vosgesinfo.fr\/laplainedesvosgesinfo\/#\/schema\/person\/bc5d02d71e6932e81b6dadb7386667b1"},"headline":"Vid\u00e9o &#8211; Le 2\u00e8me festival Motordays est ouvert","datePublished":"2016-05-28T06:14:06+00:00","dateModified":"2016-05-28T06:14:06+00:00","mainEntityOfPage":{"@id":"https:\/\/vosgesinfo.fr\/laplainedesvosgesinfo\/2016\/05\/video-le-2eme-festival-motordays-est-ouvert\/"},"wordCount":351,"commentCount":0,"publisher":{"@id":"https:\/\/vosgesinfo.fr\/laplainedesvosgesinfo\/#organization"},"image":{"@id":"https:\/\/vosgesinfo.fr\/laplainedesvosgesinfo\/2016\/05\/video-le-2eme-festival-motordays-est-ouvert\/#primaryimage"},"thumbnailUrl":"https:\/\/vosgesinfo.fr\/app\/uploads\/sites\/2\/2024\/06\/201605inauguration-motordays-2016-renaud-1-670x460-1.jpg","keywords":["G\u00e9rardmer","Motor days","Renaud"],"articleSection":["Vosges"],"inLanguage":"fr-FR","potentialAction":[{"@type":"CommentAction","name":"Comment","target":["https:\/\/vosgesinfo.fr\/laplainedesvosgesinfo\/2016\/05\/video-le-2eme-festival-motordays-est-ouvert\/#respond"]}]},{"@type":"WebPage","@id":"https:\/\/vosgesinfo.fr\/laplainedesvosgesinfo\/2016\/05\/video-le-2eme-festival-motordays-est-ouvert\/","url":"https:\/\/vosgesinfo.fr\/laplainedesvosgesinfo\/2016\/05\/video-le-2eme-festival-motordays-est-ouvert\/","name":"Vid\u00e9o - Le 2\u00e8me festival Motordays est ouvert - La Plaine des Vosges","isPartOf":{"@id":"https:\/\/vosgesinfo.fr\/laplainedesvosgesinfo\/#website"},"primaryImageOfPage":{"@id":"https:\/\/vosgesinfo.fr\/laplainedesvosgesinfo\/2016\/05\/video-le-2eme-festival-motordays-est-ouvert\/#primaryimage"},"image":{"@id":"https:\/\/vosgesinfo.fr\/laplainedesvosgesinfo\/2016\/05\/video-le-2eme-festival-motordays-est-ouvert\/#primaryimage"},"thumbnailUrl":"https:\/\/vosgesinfo.fr\/app\/uploads\/sites\/2\/2024\/06\/201605inauguration-motordays-2016-renaud-1-670x460-1.jpg","datePublished":"2016-05-28T06:14:06+00:00","dateModified":"2016-05-28T06:14:06+00:00","breadcrumb":{"@id":"https:\/\/vosgesinfo.fr\/laplainedesvosgesinfo\/2016\/05\/video-le-2eme-festival-motordays-est-ouvert\/#breadcrumb"},"inLanguage":"fr-FR","potentialAction":[{"@type":"ReadAction","target":["https:\/\/vosgesinfo.fr\/laplainedesvosgesinfo\/2016\/05\/video-le-2eme-festival-motordays-est-ouvert\/"]}]},{"@type":"ImageObject","inLanguage":"fr-FR","@id":"https:\/\/vosgesinfo.fr\/laplainedesvosgesinfo\/2016\/05\/video-le-2eme-festival-motordays-est-ouvert\/#primaryimage","url":"https:\/\/vosgesinfo.fr\/app\/uploads\/sites\/2\/2024\/06\/201605inauguration-motordays-2016-renaud-1-670x460-1.jpg","contentUrl":"https:\/\/vosgesinfo.fr\/app\/uploads\/sites\/2\/2024\/06\/201605inauguration-motordays-2016-renaud-1-670x460-1.jpg","width":670,"height":460},{"@type":"BreadcrumbList","@id":"https:\/\/vosgesinfo.fr\/laplainedesvosgesinfo\/2016\/05\/video-le-2eme-festival-motordays-est-ouvert\/#breadcrumb","itemListElement":[{"@type":"ListItem","position":1,"name":"Home","item":"https:\/\/vosgesinfo.fr\/laplainedesvosgesinfo\/"},{"@type":"ListItem","position":2,"name":"Vid\u00e9o &#8211; Le 2\u00e8me festival Motordays est ouvert"}]},{"@type":"WebSite","@id":"https:\/\/vosgesinfo.fr\/laplainedesvosgesinfo\/#website","url":"https:\/\/vosgesinfo.fr\/laplainedesvosgesinfo\/","name":"La Plaine des Vosges","description":"Toute l&#039;actualit\u00e9 de la plaine de Vosges","publisher":{"@id":"https:\/\/vosgesinfo.fr\/laplainedesvosgesinfo\/#organization"},"alternateName":"Toute l'actualit\u00e9 de la plaine des Vosges","potentialAction":[{"@type":"SearchAction","target":{"@type":"EntryPoint","urlTemplate":"https:\/\/vosgesinfo.fr\/laplainedesvosgesinfo\/?s={search_term_string}"},"query-input":"required name=search_term_string"}],"inLanguage":"fr-FR"},{"@type":"Organization","@id":"https:\/\/vosgesinfo.fr\/laplainedesvosgesinfo\/#organization","name":"La Plaine des Vosges","url":"https:\/\/vosgesinfo.fr\/laplainedesvosgesinfo\/","logo":{"@type":"ImageObject","inLanguage":"fr-FR","@id":"https:\/\/vosgesinfo.fr\/laplainedesvosgesinfo\/#\/schema\/logo\/image\/","url":"https:\/\/vosgesinfo.fr\/app\/uploads\/sites\/2\/2023\/08\/logo-laplaineinfo.svg","contentUrl":"https:\/\/vosgesinfo.fr\/app\/uploads\/sites\/2\/2023\/08\/logo-laplaineinfo.svg","width":1,"height":1,"caption":"La Plaine des Vosges"},"image":{"@id":"https:\/\/vosgesinfo.fr\/laplainedesvosgesinfo\/#\/schema\/logo\/image\/"},"sameAs":["https:\/\/www.facebook.com\/laplainedesvosges","https:\/\/x.com\/VosgesInfo88","https:\/\/www.youtube.com\/@vosgesinfo"]},{"@type":"Person","@id":"https:\/\/vosgesinfo.fr\/laplainedesvosgesinfo\/#\/schema\/person\/bc5d02d71e6932e81b6dadb7386667b1","name":"qs_admin","image":{"@type":"ImageObject","inLanguage":"fr-FR","@id":"https:\/\/vosgesinfo.fr\/laplainedesvosgesinfo\/#\/schema\/person\/image\/","url":"https:\/\/secure.gravatar.com\/avatar\/94b18ee0ed79e4a42ea2f2931277b6841a8999fc6fde214600c78057cf1fe1de?s=96&d=mm&r=g","contentUrl":"https:\/\/secure.gravatar.com\/avatar\/94b18ee0ed79e4a42ea2f2931277b6841a8999fc6fde214600c78057cf1fe1de?s=96&d=mm&r=g","caption":"qs_admin"},"sameAs":["https:\/\/vosgesinfo.fr\/wp"],"url":"https:\/\/vosgesinfo.fr\/laplainedesvosgesinfo\/author\/qs_admin\/"}]}},"_links":{"self":[{"href":"https:\/\/vosgesinfo.fr\/laplainedesvosgesinfo\/wp-json\/wp\/v2\/posts\/4609","targetHints":{"allow":["GET"]}}],"collection":[{"href":"https:\/\/vosgesinfo.fr\/laplainedesvosgesinfo\/wp-json\/wp\/v2\/posts"}],"about":[{"href":"https:\/\/vosgesinfo.fr\/laplainedesvosgesinfo\/wp-json\/wp\/v2\/types\/post"}],"author":[{"embeddable":true,"href":"https:\/\/vosgesinfo.fr\/laplainedesvosgesinfo\/wp-json\/wp\/v2\/users\/1"}],"replies":[{"embeddable":true,"href":"https:\/\/vosgesinfo.fr\/laplainedesvosgesinfo\/wp-json\/wp\/v2\/comments?post=4609"}],"version-history":[{"count":0,"href":"https:\/\/vosgesinfo.fr\/laplainedesvosgesinfo\/wp-json\/wp\/v2\/posts\/4609\/revisions"}],"wp:featuredmedia":[{"embeddable":true,"href":"https:\/\/vosgesinfo.fr\/laplainedesvosgesinfo\/wp-json\/wp\/v2\/media\/4610"}],"wp:attachment":[{"href":"https:\/\/vosgesinfo.fr\/laplainedesvosgesinfo\/wp-json\/wp\/v2\/media?parent=4609"}],"wp:term":[{"taxonomy":"category","embeddable":true,"href":"https:\/\/vosgesinfo.fr\/laplainedesvosgesinfo\/wp-json\/wp\/v2\/categories?post=4609"},{"taxonomy":"post_tag","embeddable":true,"href":"https:\/\/vosgesinfo.fr\/laplainedesvosgesinfo\/wp-json\/wp\/v2\/tags?post=4609"}],"curies":[{"name":"wp","href":"https:\/\/api.w.org\/{rel}","templated":true}]}}