{"id":4611,"date":"2016-05-28T10:46:08","date_gmt":"2016-05-28T08:46:08","guid":{"rendered":"https:\/\/vosgesinfo.fr\/laplainedesvosgesinfo\/2016\/05\/chatenois-decouverte-des-metiers-du-batiment-pour-les-collegiens\/"},"modified":"2016-05-28T10:46:08","modified_gmt":"2016-05-28T08:46:08","slug":"chatenois-decouverte-des-metiers-du-batiment-pour-les-collegiens","status":"publish","type":"post","link":"https:\/\/vosgesinfo.fr\/laplainedesvosgesinfo\/2016\/05\/chatenois-decouverte-des-metiers-du-batiment-pour-les-collegiens\/","title":{"rendered":"Ch\u00e2tenois \u2013 D\u00e9couverte des m\u00e9tiers du b\u00e2timent pour les coll\u00e9giens"},"content":{"rendered":"<div id=\"attachment_76736\" style=\"width: 863px\" class=\"wp-caption aligncenter\"><a href=\"\/2016\/05\/college-chatenois-capeb-2-min.jpg\"><img decoding=\"async\" aria-describedby=\"caption-attachment-76736\" class=\"wp-image-76736\" src=\"\/2016\/05\/college-chatenois-capeb-2-min.jpg\" alt=\"college-chatenois-capeb (2)-min\" width=\"853\" height=\"569\" \/><\/a><p id=\"caption-attachment-76736\" class=\"wp-caption-text\"><strong>Les \u00e9l\u00e8ves en option DP, avec Patrick Mathieu et Mme Gavard, leur professeur.<\/strong><\/p><\/div>\n<p style=\"text-align: justify;\">Afin de toujours proposer plus d\u2019outils de sensibilisation et de suivre les \u00e9volutions techniques et r\u00e9glementaires pour la construction ou la r\u00e9habilitation des b\u00e2timents, la CAPEB des Vosges a propos\u00e9 d\u2019associer la d\u00e9marche de la qualit\u00e9 environnementale \u00e0 celle de la promotion des m\u00e9tiers du b\u00e2timent. Cette sensibilisation autour de la qualit\u00e9 environnementale est un nouveau vecteur attractif. C&rsquo;est dans cette d\u00e9marche que Patrick Mathieu, \u00ab\u00a0Artisan Messager\u00a0\u00bb , est venu \u00e0 la rencontre des \u00e9l\u00e8ves troisi\u00e8me du coll\u00e8ge Jean Rostand.<\/p>\n<div id=\"attachment_76737\" style=\"width: 286px\" class=\"wp-caption alignright\"><a href=\"\/2016\/05\/college-chatenois-capeb-1-min.jpg\"><img decoding=\"async\" aria-describedby=\"caption-attachment-76737\" class=\"wp-image-76737\" src=\"\/2016\/05\/college-chatenois-capeb-1-min.jpg\" alt=\"college-chatenois-capeb (1)-min\" width=\"276\" height=\"414\" \/><\/a><p id=\"caption-attachment-76737\" class=\"wp-caption-text\"><strong>La maquette de la maison r\u00e9alis\u00e9e par les \u00e9l\u00e8ves.<\/strong><\/p><\/div>\n<p style=\"text-align: justify;\">Encadr\u00e9s par leurs professeurs d&rsquo;option \u00ab\u00a0<em>D\u00e9couverte professionnelle\u00a0\u00bb,<\/em> la vingtaine d&rsquo;\u00e9l\u00e8ves pr\u00e9sents ont pu d\u00e9couvrir des m\u00e9tiers du b\u00e2timent \u00e0 travers la construction d\u2019une maquette de maison \u00e0 qualit\u00e9 environnementale. Le but principal de l\u2019animation est de permettre aux enfants d\u2019appr\u00e9hender les m\u00e9tiers du b\u00e2timent lors de la construction de cette maquette. Les \u00e9l\u00e8ves ont utilis\u00e9 de vrais mat\u00e9riaux et les outils adapt\u00e9s \u00e0 la construction d&rsquo;une maison. Le second objectif est d\u2019illustrer les moyens \u00e0 disposition pour permettre la r\u00e9alisation d\u2019une habitation respectueuse de l\u2019environnement.<\/p>\n<p style=\"text-align: justify;\">La construction de la maquette s&rsquo;est r\u00e9alis\u00e9e par petits groupes d\u2019\u00e9l\u00e8ves qui travaillent chacun sur une partie de la maison. Chaque coll\u00e9gien a particip\u00e9 ainsi concr\u00e8tement au montage, \u00e0 l\u2019aide de fiches p\u00e9dagogiques et de vrais outils. Patrick Mathieu \u00e9tait pr\u00e9sent afin d&rsquo;accompagner les \u00e9l\u00e8ves, de r\u00e9pondre aux questions \u00e9ventuelles et aider \u00e0 l\u2019assemblage. Lorsque le montage de chaque partie fut termin\u00e9, les \u00e9l\u00e8ves, aid\u00e9s par l&rsquo;artisan, ont assembl\u00e9 chaque pan de maison, afin de faire d\u00e9couvrir la maison finie. Cette restitution a permis de faire le lien entre le travail r\u00e9alis\u00e9, les m\u00e9tiers du b\u00e2timent et le d\u00e9veloppement durable. Cet apr\u00e8s-midi de travaux manuels a avant tout permis aux \u00e9l\u00e8ves de travailler en groupe et en coh\u00e9sion.<\/p>\n<p style=\"text-align: justify;\">\n<p style=\"text-align: justify;\">A.J.<\/p>\n","protected":false},"excerpt":{"rendered":"<p>Afin de toujours proposer plus d\u2019outils de sensibilisation et de suivre les \u00e9volutions techniques et r\u00e9glementaires pour la construction ou [&hellip;]<\/p>\n","protected":false},"author":1,"featured_media":4612,"comment_status":"open","ping_status":"open","sticky":false,"template":"","format":"standard","meta":{"footnotes":""},"categories":[29,37],"tags":[1242,1243,198,1244],"class_list":["post-4611","post","type-post","status-publish","format-standard","has-post-thumbnail","hentry","category-a-la-une","category-la-plaine","tag-artisan-messager","tag-capeb-des-vosges","tag-chatenois","tag-college-jean-rostand"],"acf":[],"yoast_head":"<!-- This site is optimized with the Yoast SEO plugin v22.5 - https:\/\/yoast.com\/wordpress\/plugins\/seo\/ -->\n<title>Ch\u00e2tenois \u2013 D\u00e9couverte des m\u00e9tiers du b\u00e2timent pour les coll\u00e9giens - La Plaine des Vosges<\/title>\n<meta name=\"robots\" content=\"index, follow, max-snippet:-1, max-image-preview:large, max-video-preview:-1\" \/>\n<link rel=\"canonical\" href=\"https:\/\/vosgesinfo.fr\/laplainedesvosgesinfo\/2016\/05\/chatenois-decouverte-des-metiers-du-batiment-pour-les-collegiens\/\" \/>\n<meta name=\"twitter:card\" content=\"summary_large_image\" \/>\n<meta name=\"twitter:title\" content=\"Ch\u00e2tenois \u2013 D\u00e9couverte des m\u00e9tiers du b\u00e2timent pour les coll\u00e9giens - La Plaine des Vosges\" \/>\n<meta name=\"twitter:description\" content=\"Afin de toujours proposer plus d\u2019outils de sensibilisation et de suivre les \u00e9volutions techniques et r\u00e9glementaires pour la construction ou [&hellip;]\" \/>\n<meta name=\"twitter:image\" content=\"https:\/\/vosgesinfo.fr\/app\/uploads\/sites\/2\/2024\/06\/201605college-chatenois-capeb-2-min.jpg\" \/>\n<meta name=\"twitter:creator\" content=\"@VosgesInfo88\" \/>\n<meta name=\"twitter:site\" content=\"@VosgesInfo88\" \/>\n<meta name=\"twitter:label1\" content=\"\u00c9crit par\" \/>\n\t<meta name=\"twitter:data1\" content=\"qs_admin\" \/>\n\t<meta name=\"twitter:label2\" content=\"Dur\u00e9e de lecture estim\u00e9e\" \/>\n\t<meta name=\"twitter:data2\" content=\"2 minutes\" \/>\n<script type=\"application\/ld+json\" class=\"yoast-schema-graph\">{\"@context\":\"https:\/\/schema.org\",\"@graph\":[{\"@type\":\"Article\",\"@id\":\"https:\/\/vosgesinfo.fr\/laplainedesvosgesinfo\/2016\/05\/chatenois-decouverte-des-metiers-du-batiment-pour-les-collegiens\/#article\",\"isPartOf\":{\"@id\":\"https:\/\/vosgesinfo.fr\/laplainedesvosgesinfo\/2016\/05\/chatenois-decouverte-des-metiers-du-batiment-pour-les-collegiens\/\"},\"author\":{\"name\":\"qs_admin\",\"@id\":\"https:\/\/vosgesinfo.fr\/laplainedesvosgesinfo\/#\/schema\/person\/bc5d02d71e6932e81b6dadb7386667b1\"},\"headline\":\"Ch\u00e2tenois \u2013 D\u00e9couverte des m\u00e9tiers du b\u00e2timent pour les coll\u00e9giens\",\"datePublished\":\"2016-05-28T08:46:08+00:00\",\"dateModified\":\"2016-05-28T08:46:08+00:00\",\"mainEntityOfPage\":{\"@id\":\"https:\/\/vosgesinfo.fr\/laplainedesvosgesinfo\/2016\/05\/chatenois-decouverte-des-metiers-du-batiment-pour-les-collegiens\/\"},\"wordCount\":391,\"commentCount\":0,\"publisher\":{\"@id\":\"https:\/\/vosgesinfo.fr\/laplainedesvosgesinfo\/#organization\"},\"image\":{\"@id\":\"https:\/\/vosgesinfo.fr\/laplainedesvosgesinfo\/2016\/05\/chatenois-decouverte-des-metiers-du-batiment-pour-les-collegiens\/#primaryimage\"},\"thumbnailUrl\":\"https:\/\/vosgesinfo.fr\/app\/uploads\/sites\/2\/2024\/06\/201605college-chatenois-capeb-2-min.jpg\",\"keywords\":[\"artisan messager\",\"Capeb des Vosges\",\"Ch\u00e2tenois\",\"coll\u00e8ge Jean Rostand\"],\"articleSection\":[\"A la Une\",\"La Plaine\"],\"inLanguage\":\"fr-FR\",\"potentialAction\":[{\"@type\":\"CommentAction\",\"name\":\"Comment\",\"target\":[\"https:\/\/vosgesinfo.fr\/laplainedesvosgesinfo\/2016\/05\/chatenois-decouverte-des-metiers-du-batiment-pour-les-collegiens\/#respond\"]}]},{\"@type\":\"WebPage\",\"@id\":\"https:\/\/vosgesinfo.fr\/laplainedesvosgesinfo\/2016\/05\/chatenois-decouverte-des-metiers-du-batiment-pour-les-collegiens\/\",\"url\":\"https:\/\/vosgesinfo.fr\/laplainedesvosgesinfo\/2016\/05\/chatenois-decouverte-des-metiers-du-batiment-pour-les-collegiens\/\",\"name\":\"Ch\u00e2tenois \u2013 D\u00e9couverte des m\u00e9tiers du b\u00e2timent pour les coll\u00e9giens - La Plaine des Vosges\",\"isPartOf\":{\"@id\":\"https:\/\/vosgesinfo.fr\/laplainedesvosgesinfo\/#website\"},\"primaryImageOfPage\":{\"@id\":\"https:\/\/vosgesinfo.fr\/laplainedesvosgesinfo\/2016\/05\/chatenois-decouverte-des-metiers-du-batiment-pour-les-collegiens\/#primaryimage\"},\"image\":{\"@id\":\"https:\/\/vosgesinfo.fr\/laplainedesvosgesinfo\/2016\/05\/chatenois-decouverte-des-metiers-du-batiment-pour-les-collegiens\/#primaryimage\"},\"thumbnailUrl\":\"https:\/\/vosgesinfo.fr\/app\/uploads\/sites\/2\/2024\/06\/201605college-chatenois-capeb-2-min.jpg\",\"datePublished\":\"2016-05-28T08:46:08+00:00\",\"dateModified\":\"2016-05-28T08:46:08+00:00\",\"breadcrumb\":{\"@id\":\"https:\/\/vosgesinfo.fr\/laplainedesvosgesinfo\/2016\/05\/chatenois-decouverte-des-metiers-du-batiment-pour-les-collegiens\/#breadcrumb\"},\"inLanguage\":\"fr-FR\",\"potentialAction\":[{\"@type\":\"ReadAction\",\"target\":[\"https:\/\/vosgesinfo.fr\/laplainedesvosgesinfo\/2016\/05\/chatenois-decouverte-des-metiers-du-batiment-pour-les-collegiens\/\"]}]},{\"@type\":\"ImageObject\",\"inLanguage\":\"fr-FR\",\"@id\":\"https:\/\/vosgesinfo.fr\/laplainedesvosgesinfo\/2016\/05\/chatenois-decouverte-des-metiers-du-batiment-pour-les-collegiens\/#primaryimage\",\"url\":\"https:\/\/vosgesinfo.fr\/app\/uploads\/sites\/2\/2024\/06\/201605college-chatenois-capeb-2-min.jpg\",\"contentUrl\":\"https:\/\/vosgesinfo.fr\/app\/uploads\/sites\/2\/2024\/06\/201605college-chatenois-capeb-2-min.jpg\",\"width\":800,\"height\":534},{\"@type\":\"BreadcrumbList\",\"@id\":\"https:\/\/vosgesinfo.fr\/laplainedesvosgesinfo\/2016\/05\/chatenois-decouverte-des-metiers-du-batiment-pour-les-collegiens\/#breadcrumb\",\"itemListElement\":[{\"@type\":\"ListItem\",\"position\":1,\"name\":\"Home\",\"item\":\"https:\/\/vosgesinfo.fr\/laplainedesvosgesinfo\/\"},{\"@type\":\"ListItem\",\"position\":2,\"name\":\"Ch\u00e2tenois \u2013 D\u00e9couverte des m\u00e9tiers du b\u00e2timent pour les coll\u00e9giens\"}]},{\"@type\":\"WebSite\",\"@id\":\"https:\/\/vosgesinfo.fr\/laplainedesvosgesinfo\/#website\",\"url\":\"https:\/\/vosgesinfo.fr\/laplainedesvosgesinfo\/\",\"name\":\"La Plaine des Vosges\",\"description\":\"Toute l&#039;actualit\u00e9 de la plaine de Vosges\",\"publisher\":{\"@id\":\"https:\/\/vosgesinfo.fr\/laplainedesvosgesinfo\/#organization\"},\"alternateName\":\"Toute l'actualit\u00e9 de la plaine des Vosges\",\"potentialAction\":[{\"@type\":\"SearchAction\",\"target\":{\"@type\":\"EntryPoint\",\"urlTemplate\":\"https:\/\/vosgesinfo.fr\/laplainedesvosgesinfo\/?s={search_term_string}\"},\"query-input\":\"required name=search_term_string\"}],\"inLanguage\":\"fr-FR\"},{\"@type\":\"Organization\",\"@id\":\"https:\/\/vosgesinfo.fr\/laplainedesvosgesinfo\/#organization\",\"name\":\"La Plaine des Vosges\",\"url\":\"https:\/\/vosgesinfo.fr\/laplainedesvosgesinfo\/\",\"logo\":{\"@type\":\"ImageObject\",\"inLanguage\":\"fr-FR\",\"@id\":\"https:\/\/vosgesinfo.fr\/laplainedesvosgesinfo\/#\/schema\/logo\/image\/\",\"url\":\"https:\/\/vosgesinfo.fr\/app\/uploads\/sites\/2\/2023\/08\/logo-laplaineinfo.svg\",\"contentUrl\":\"https:\/\/vosgesinfo.fr\/app\/uploads\/sites\/2\/2023\/08\/logo-laplaineinfo.svg\",\"width\":1,\"height\":1,\"caption\":\"La Plaine des Vosges\"},\"image\":{\"@id\":\"https:\/\/vosgesinfo.fr\/laplainedesvosgesinfo\/#\/schema\/logo\/image\/\"},\"sameAs\":[\"https:\/\/www.facebook.com\/laplainedesvosges\",\"https:\/\/x.com\/VosgesInfo88\",\"https:\/\/www.youtube.com\/@vosgesinfo\"]},{\"@type\":\"Person\",\"@id\":\"https:\/\/vosgesinfo.fr\/laplainedesvosgesinfo\/#\/schema\/person\/bc5d02d71e6932e81b6dadb7386667b1\",\"name\":\"qs_admin\",\"image\":{\"@type\":\"ImageObject\",\"inLanguage\":\"fr-FR\",\"@id\":\"https:\/\/vosgesinfo.fr\/laplainedesvosgesinfo\/#\/schema\/person\/image\/\",\"url\":\"https:\/\/secure.gravatar.com\/avatar\/94b18ee0ed79e4a42ea2f2931277b6841a8999fc6fde214600c78057cf1fe1de?s=96&d=mm&r=g\",\"contentUrl\":\"https:\/\/secure.gravatar.com\/avatar\/94b18ee0ed79e4a42ea2f2931277b6841a8999fc6fde214600c78057cf1fe1de?s=96&d=mm&r=g\",\"caption\":\"qs_admin\"},\"sameAs\":[\"https:\/\/vosgesinfo.fr\/wp\"],\"url\":\"https:\/\/vosgesinfo.fr\/laplainedesvosgesinfo\/author\/qs_admin\/\"}]}<\/script>\n<!-- \/ Yoast SEO plugin. -->","yoast_head_json":{"title":"Ch\u00e2tenois \u2013 D\u00e9couverte des m\u00e9tiers du b\u00e2timent pour les coll\u00e9giens - La Plaine des Vosges","robots":{"index":"index","follow":"follow","max-snippet":"max-snippet:-1","max-image-preview":"max-image-preview:large","max-video-preview":"max-video-preview:-1"},"canonical":"https:\/\/vosgesinfo.fr\/laplainedesvosgesinfo\/2016\/05\/chatenois-decouverte-des-metiers-du-batiment-pour-les-collegiens\/","twitter_card":"summary_large_image","twitter_title":"Ch\u00e2tenois \u2013 D\u00e9couverte des m\u00e9tiers du b\u00e2timent pour les coll\u00e9giens - La Plaine des Vosges","twitter_description":"Afin de toujours proposer plus d\u2019outils de sensibilisation et de suivre les \u00e9volutions techniques et r\u00e9glementaires pour la construction ou [&hellip;]","twitter_image":"https:\/\/vosgesinfo.fr\/app\/uploads\/sites\/2\/2024\/06\/201605college-chatenois-capeb-2-min.jpg","twitter_creator":"@VosgesInfo88","twitter_site":"@VosgesInfo88","twitter_misc":{"\u00c9crit par":"qs_admin","Dur\u00e9e de lecture estim\u00e9e":"2 minutes"},"schema":{"@context":"https:\/\/schema.org","@graph":[{"@type":"Article","@id":"https:\/\/vosgesinfo.fr\/laplainedesvosgesinfo\/2016\/05\/chatenois-decouverte-des-metiers-du-batiment-pour-les-collegiens\/#article","isPartOf":{"@id":"https:\/\/vosgesinfo.fr\/laplainedesvosgesinfo\/2016\/05\/chatenois-decouverte-des-metiers-du-batiment-pour-les-collegiens\/"},"author":{"name":"qs_admin","@id":"https:\/\/vosgesinfo.fr\/laplainedesvosgesinfo\/#\/schema\/person\/bc5d02d71e6932e81b6dadb7386667b1"},"headline":"Ch\u00e2tenois \u2013 D\u00e9couverte des m\u00e9tiers du b\u00e2timent pour les coll\u00e9giens","datePublished":"2016-05-28T08:46:08+00:00","dateModified":"2016-05-28T08:46:08+00:00","mainEntityOfPage":{"@id":"https:\/\/vosgesinfo.fr\/laplainedesvosgesinfo\/2016\/05\/chatenois-decouverte-des-metiers-du-batiment-pour-les-collegiens\/"},"wordCount":391,"commentCount":0,"publisher":{"@id":"https:\/\/vosgesinfo.fr\/laplainedesvosgesinfo\/#organization"},"image":{"@id":"https:\/\/vosgesinfo.fr\/laplainedesvosgesinfo\/2016\/05\/chatenois-decouverte-des-metiers-du-batiment-pour-les-collegiens\/#primaryimage"},"thumbnailUrl":"https:\/\/vosgesinfo.fr\/app\/uploads\/sites\/2\/2024\/06\/201605college-chatenois-capeb-2-min.jpg","keywords":["artisan messager","Capeb des Vosges","Ch\u00e2tenois","coll\u00e8ge Jean Rostand"],"articleSection":["A la Une","La Plaine"],"inLanguage":"fr-FR","potentialAction":[{"@type":"CommentAction","name":"Comment","target":["https:\/\/vosgesinfo.fr\/laplainedesvosgesinfo\/2016\/05\/chatenois-decouverte-des-metiers-du-batiment-pour-les-collegiens\/#respond"]}]},{"@type":"WebPage","@id":"https:\/\/vosgesinfo.fr\/laplainedesvosgesinfo\/2016\/05\/chatenois-decouverte-des-metiers-du-batiment-pour-les-collegiens\/","url":"https:\/\/vosgesinfo.fr\/laplainedesvosgesinfo\/2016\/05\/chatenois-decouverte-des-metiers-du-batiment-pour-les-collegiens\/","name":"Ch\u00e2tenois \u2013 D\u00e9couverte des m\u00e9tiers du b\u00e2timent pour les coll\u00e9giens - La Plaine des Vosges","isPartOf":{"@id":"https:\/\/vosgesinfo.fr\/laplainedesvosgesinfo\/#website"},"primaryImageOfPage":{"@id":"https:\/\/vosgesinfo.fr\/laplainedesvosgesinfo\/2016\/05\/chatenois-decouverte-des-metiers-du-batiment-pour-les-collegiens\/#primaryimage"},"image":{"@id":"https:\/\/vosgesinfo.fr\/laplainedesvosgesinfo\/2016\/05\/chatenois-decouverte-des-metiers-du-batiment-pour-les-collegiens\/#primaryimage"},"thumbnailUrl":"https:\/\/vosgesinfo.fr\/app\/uploads\/sites\/2\/2024\/06\/201605college-chatenois-capeb-2-min.jpg","datePublished":"2016-05-28T08:46:08+00:00","dateModified":"2016-05-28T08:46:08+00:00","breadcrumb":{"@id":"https:\/\/vosgesinfo.fr\/laplainedesvosgesinfo\/2016\/05\/chatenois-decouverte-des-metiers-du-batiment-pour-les-collegiens\/#breadcrumb"},"inLanguage":"fr-FR","potentialAction":[{"@type":"ReadAction","target":["https:\/\/vosgesinfo.fr\/laplainedesvosgesinfo\/2016\/05\/chatenois-decouverte-des-metiers-du-batiment-pour-les-collegiens\/"]}]},{"@type":"ImageObject","inLanguage":"fr-FR","@id":"https:\/\/vosgesinfo.fr\/laplainedesvosgesinfo\/2016\/05\/chatenois-decouverte-des-metiers-du-batiment-pour-les-collegiens\/#primaryimage","url":"https:\/\/vosgesinfo.fr\/app\/uploads\/sites\/2\/2024\/06\/201605college-chatenois-capeb-2-min.jpg","contentUrl":"https:\/\/vosgesinfo.fr\/app\/uploads\/sites\/2\/2024\/06\/201605college-chatenois-capeb-2-min.jpg","width":800,"height":534},{"@type":"BreadcrumbList","@id":"https:\/\/vosgesinfo.fr\/laplainedesvosgesinfo\/2016\/05\/chatenois-decouverte-des-metiers-du-batiment-pour-les-collegiens\/#breadcrumb","itemListElement":[{"@type":"ListItem","position":1,"name":"Home","item":"https:\/\/vosgesinfo.fr\/laplainedesvosgesinfo\/"},{"@type":"ListItem","position":2,"name":"Ch\u00e2tenois \u2013 D\u00e9couverte des m\u00e9tiers du b\u00e2timent pour les coll\u00e9giens"}]},{"@type":"WebSite","@id":"https:\/\/vosgesinfo.fr\/laplainedesvosgesinfo\/#website","url":"https:\/\/vosgesinfo.fr\/laplainedesvosgesinfo\/","name":"La Plaine des Vosges","description":"Toute l&#039;actualit\u00e9 de la plaine de Vosges","publisher":{"@id":"https:\/\/vosgesinfo.fr\/laplainedesvosgesinfo\/#organization"},"alternateName":"Toute l'actualit\u00e9 de la plaine des Vosges","potentialAction":[{"@type":"SearchAction","target":{"@type":"EntryPoint","urlTemplate":"https:\/\/vosgesinfo.fr\/laplainedesvosgesinfo\/?s={search_term_string}"},"query-input":"required name=search_term_string"}],"inLanguage":"fr-FR"},{"@type":"Organization","@id":"https:\/\/vosgesinfo.fr\/laplainedesvosgesinfo\/#organization","name":"La Plaine des Vosges","url":"https:\/\/vosgesinfo.fr\/laplainedesvosgesinfo\/","logo":{"@type":"ImageObject","inLanguage":"fr-FR","@id":"https:\/\/vosgesinfo.fr\/laplainedesvosgesinfo\/#\/schema\/logo\/image\/","url":"https:\/\/vosgesinfo.fr\/app\/uploads\/sites\/2\/2023\/08\/logo-laplaineinfo.svg","contentUrl":"https:\/\/vosgesinfo.fr\/app\/uploads\/sites\/2\/2023\/08\/logo-laplaineinfo.svg","width":1,"height":1,"caption":"La Plaine des Vosges"},"image":{"@id":"https:\/\/vosgesinfo.fr\/laplainedesvosgesinfo\/#\/schema\/logo\/image\/"},"sameAs":["https:\/\/www.facebook.com\/laplainedesvosges","https:\/\/x.com\/VosgesInfo88","https:\/\/www.youtube.com\/@vosgesinfo"]},{"@type":"Person","@id":"https:\/\/vosgesinfo.fr\/laplainedesvosgesinfo\/#\/schema\/person\/bc5d02d71e6932e81b6dadb7386667b1","name":"qs_admin","image":{"@type":"ImageObject","inLanguage":"fr-FR","@id":"https:\/\/vosgesinfo.fr\/laplainedesvosgesinfo\/#\/schema\/person\/image\/","url":"https:\/\/secure.gravatar.com\/avatar\/94b18ee0ed79e4a42ea2f2931277b6841a8999fc6fde214600c78057cf1fe1de?s=96&d=mm&r=g","contentUrl":"https:\/\/secure.gravatar.com\/avatar\/94b18ee0ed79e4a42ea2f2931277b6841a8999fc6fde214600c78057cf1fe1de?s=96&d=mm&r=g","caption":"qs_admin"},"sameAs":["https:\/\/vosgesinfo.fr\/wp"],"url":"https:\/\/vosgesinfo.fr\/laplainedesvosgesinfo\/author\/qs_admin\/"}]}},"_links":{"self":[{"href":"https:\/\/vosgesinfo.fr\/laplainedesvosgesinfo\/wp-json\/wp\/v2\/posts\/4611","targetHints":{"allow":["GET"]}}],"collection":[{"href":"https:\/\/vosgesinfo.fr\/laplainedesvosgesinfo\/wp-json\/wp\/v2\/posts"}],"about":[{"href":"https:\/\/vosgesinfo.fr\/laplainedesvosgesinfo\/wp-json\/wp\/v2\/types\/post"}],"author":[{"embeddable":true,"href":"https:\/\/vosgesinfo.fr\/laplainedesvosgesinfo\/wp-json\/wp\/v2\/users\/1"}],"replies":[{"embeddable":true,"href":"https:\/\/vosgesinfo.fr\/laplainedesvosgesinfo\/wp-json\/wp\/v2\/comments?post=4611"}],"version-history":[{"count":0,"href":"https:\/\/vosgesinfo.fr\/laplainedesvosgesinfo\/wp-json\/wp\/v2\/posts\/4611\/revisions"}],"wp:featuredmedia":[{"embeddable":true,"href":"https:\/\/vosgesinfo.fr\/laplainedesvosgesinfo\/wp-json\/wp\/v2\/media\/4612"}],"wp:attachment":[{"href":"https:\/\/vosgesinfo.fr\/laplainedesvosgesinfo\/wp-json\/wp\/v2\/media?parent=4611"}],"wp:term":[{"taxonomy":"category","embeddable":true,"href":"https:\/\/vosgesinfo.fr\/laplainedesvosgesinfo\/wp-json\/wp\/v2\/categories?post=4611"},{"taxonomy":"post_tag","embeddable":true,"href":"https:\/\/vosgesinfo.fr\/laplainedesvosgesinfo\/wp-json\/wp\/v2\/tags?post=4611"}],"curies":[{"name":"wp","href":"https:\/\/api.w.org\/{rel}","templated":true}]}}