{"id":5230,"date":"2016-06-29T16:13:14","date_gmt":"2016-06-29T14:13:14","guid":{"rendered":"https:\/\/vosgesinfo.fr\/laplainedesvosgesinfo\/2016\/06\/au-fil-du-conseil-municipal-de-contrexeville\/"},"modified":"2016-06-29T16:13:14","modified_gmt":"2016-06-29T14:13:14","slug":"au-fil-du-conseil-municipal-de-contrexeville","status":"publish","type":"post","link":"https:\/\/vosgesinfo.fr\/laplainedesvosgesinfo\/2016\/06\/au-fil-du-conseil-municipal-de-contrexeville\/","title":{"rendered":"Au fil du conseil municipal de Contrex\u00e9ville"},"content":{"rendered":"<p style=\"text-align: justify;\"><a href=\"\/2016\/06\/Fontaines-Contrex.jpg\"><img decoding=\"async\" class=\"aligncenter wp-image-77967\" src=\"\/2016\/06\/Fontaines-Contrex.jpg\" alt=\"Fontaines-Contrex\" width=\"738\" height=\"553\" \/><\/a><\/p>\n<p style=\"text-align: justify;\">La s\u00e9ance du conseil d&rsquo;hier s&rsquo;est ouverte avec la suppression et la cr\u00e9ation de commissions municipales. Il a \u00e9t\u00e9 rappel\u00e9 que par d\u00e9lib\u00e9ration du 15 avril 2014, le conseil municipal avait d\u00e9cid\u00e9 de la cr\u00e9ation de six commissions. A ce jour, seules deux commissions ont \u00e9t\u00e9 conserv\u00e9es, travaux et finances. Hier soir, les \u00e9lus ont d\u00e9cid\u00e9 d&rsquo;en supprimer quatre : Action sociale \u2013 Solidarit\u00e9 \u2013 Logement, \u00c9ducation \u2013 Jeunesse \u2013 Sports- Culture, Tourisme \u2013 Thermalisme \u2013 Animation, Environnement \u2013 Agenda 21 et d&rsquo;en cr\u00e9er six nouvelles : Enfance et \u00e9ducation, Culture, Sports, Animation et vie associative, Tourisme et thermalisme, Environnement, For\u00eat et Lacs. Les \u00e9lus contrex\u00e9villois sont donc r\u00e9partis en neuf commissions municipales.<\/p>\n<p style=\"text-align: justify;\">Tout comme la ville voisine, Contrex\u00e9ville a d\u00fb d\u00e9lib\u00e9rer sur le projet de p\u00e9rim\u00e8tre de la future communaut\u00e9 de communes. Le Sch\u00e9ma D\u00e9partemental de Coop\u00e9ration Intercommunale a pr\u00e9vu la fusion des communaut\u00e9s de communes de Vittel-Contrex\u00e9ville et Bulgn\u00e9ville entre Xaintois et Bassigny. Ce sch\u00e9ma int\u00e8gre aussi la Thuilli\u00e8res, issue de la communaut\u00e9 de communes du pays de Sa\u00f4ne et Madon.<\/p>\n<p style=\"text-align: justify;\">Outre les points \u00e0 l&rsquo;ordre du jour, une interrogation pos\u00e9e lors des questions diverses a fait pol\u00e9mique : la suppression de la sculpture situ\u00e9e \u00e0 l&rsquo;entr\u00e9e de l&rsquo;\u00e9cole maternelle. Pour certains \u00e9lus, il faut enlever cette statue \u00e9tant dangereuse, peu esth\u00e9tique et ne convient pas au monde de l&rsquo;enfance. Pour d&rsquo;autres, c&rsquo;est une \u0153uvre d&rsquo;art qui est install\u00e9e l\u00e0 depuis 15 ans, et se sera une atteinte \u00e0 l&rsquo;art de l&rsquo;enlever. A la fin de la conversation, le maire a arbitr\u00e9, il ne sera pas question de l&rsquo;enlever, mais de la d\u00e9placer dans un endroit plus appropri\u00e9 o\u00f9 plus de public pourra la contempler.<\/p>\n<p style=\"text-align: justify;\">A.J.<\/p>\n","protected":false},"excerpt":{"rendered":"<p>La s\u00e9ance du conseil d&rsquo;hier s&rsquo;est ouverte avec la suppression et la cr\u00e9ation de commissions municipales. Il a \u00e9t\u00e9 rappel\u00e9 [&hellip;]<\/p>\n","protected":false},"author":1,"featured_media":5231,"comment_status":"open","ping_status":"open","sticky":false,"template":"","format":"standard","meta":{"footnotes":""},"categories":[79,37,10],"tags":[1511,215,177],"class_list":["post-5230","post","type-post","status-publish","format-standard","has-post-thumbnail","hentry","category-contrexeville-la-plaine","category-la-plaine","category-politique","tag-commissions-municipales","tag-conseil-municipal","tag-contrexeville"],"acf":[],"yoast_head":"<!-- This site is optimized with the Yoast SEO plugin v22.5 - https:\/\/yoast.com\/wordpress\/plugins\/seo\/ -->\n<title>Au fil du conseil municipal de Contrex\u00e9ville - La Plaine des Vosges<\/title>\n<meta name=\"robots\" content=\"index, follow, max-snippet:-1, max-image-preview:large, max-video-preview:-1\" \/>\n<link rel=\"canonical\" href=\"https:\/\/vosgesinfo.fr\/laplainedesvosgesinfo\/2016\/06\/au-fil-du-conseil-municipal-de-contrexeville\/\" \/>\n<meta name=\"twitter:card\" content=\"summary_large_image\" \/>\n<meta name=\"twitter:title\" content=\"Au fil du conseil municipal de Contrex\u00e9ville - La Plaine des Vosges\" \/>\n<meta name=\"twitter:description\" content=\"La s\u00e9ance du conseil d&rsquo;hier s&rsquo;est ouverte avec la suppression et la cr\u00e9ation de commissions municipales. Il a \u00e9t\u00e9 rappel\u00e9 [&hellip;]\" \/>\n<meta name=\"twitter:image\" content=\"https:\/\/vosgesinfo.fr\/app\/uploads\/sites\/2\/2024\/06\/201606fontaines-contrex.jpg\" \/>\n<meta name=\"twitter:creator\" content=\"@VosgesInfo88\" \/>\n<meta name=\"twitter:site\" content=\"@VosgesInfo88\" \/>\n<meta name=\"twitter:label1\" content=\"\u00c9crit par\" \/>\n\t<meta name=\"twitter:data1\" content=\"qs_admin\" \/>\n\t<meta name=\"twitter:label2\" content=\"Dur\u00e9e de lecture estim\u00e9e\" \/>\n\t<meta name=\"twitter:data2\" content=\"1 minute\" \/>\n<script type=\"application\/ld+json\" class=\"yoast-schema-graph\">{\"@context\":\"https:\/\/schema.org\",\"@graph\":[{\"@type\":\"Article\",\"@id\":\"https:\/\/vosgesinfo.fr\/laplainedesvosgesinfo\/2016\/06\/au-fil-du-conseil-municipal-de-contrexeville\/#article\",\"isPartOf\":{\"@id\":\"https:\/\/vosgesinfo.fr\/laplainedesvosgesinfo\/2016\/06\/au-fil-du-conseil-municipal-de-contrexeville\/\"},\"author\":{\"name\":\"qs_admin\",\"@id\":\"https:\/\/vosgesinfo.fr\/laplainedesvosgesinfo\/#\/schema\/person\/bc5d02d71e6932e81b6dadb7386667b1\"},\"headline\":\"Au fil du conseil municipal de Contrex\u00e9ville\",\"datePublished\":\"2016-06-29T14:13:14+00:00\",\"dateModified\":\"2016-06-29T14:13:14+00:00\",\"mainEntityOfPage\":{\"@id\":\"https:\/\/vosgesinfo.fr\/laplainedesvosgesinfo\/2016\/06\/au-fil-du-conseil-municipal-de-contrexeville\/\"},\"wordCount\":319,\"commentCount\":0,\"publisher\":{\"@id\":\"https:\/\/vosgesinfo.fr\/laplainedesvosgesinfo\/#organization\"},\"image\":{\"@id\":\"https:\/\/vosgesinfo.fr\/laplainedesvosgesinfo\/2016\/06\/au-fil-du-conseil-municipal-de-contrexeville\/#primaryimage\"},\"thumbnailUrl\":\"https:\/\/vosgesinfo.fr\/app\/uploads\/sites\/2\/2024\/06\/201606fontaines-contrex.jpg\",\"keywords\":[\"commissions municipales\",\"conseil municipal\",\"Contrex\u00e9ville\"],\"articleSection\":[\"Contrex\u00e9ville\",\"La Plaine\",\"Politique\"],\"inLanguage\":\"fr-FR\",\"potentialAction\":[{\"@type\":\"CommentAction\",\"name\":\"Comment\",\"target\":[\"https:\/\/vosgesinfo.fr\/laplainedesvosgesinfo\/2016\/06\/au-fil-du-conseil-municipal-de-contrexeville\/#respond\"]}]},{\"@type\":\"WebPage\",\"@id\":\"https:\/\/vosgesinfo.fr\/laplainedesvosgesinfo\/2016\/06\/au-fil-du-conseil-municipal-de-contrexeville\/\",\"url\":\"https:\/\/vosgesinfo.fr\/laplainedesvosgesinfo\/2016\/06\/au-fil-du-conseil-municipal-de-contrexeville\/\",\"name\":\"Au fil du conseil municipal de Contrex\u00e9ville - La Plaine des Vosges\",\"isPartOf\":{\"@id\":\"https:\/\/vosgesinfo.fr\/laplainedesvosgesinfo\/#website\"},\"primaryImageOfPage\":{\"@id\":\"https:\/\/vosgesinfo.fr\/laplainedesvosgesinfo\/2016\/06\/au-fil-du-conseil-municipal-de-contrexeville\/#primaryimage\"},\"image\":{\"@id\":\"https:\/\/vosgesinfo.fr\/laplainedesvosgesinfo\/2016\/06\/au-fil-du-conseil-municipal-de-contrexeville\/#primaryimage\"},\"thumbnailUrl\":\"https:\/\/vosgesinfo.fr\/app\/uploads\/sites\/2\/2024\/06\/201606fontaines-contrex.jpg\",\"datePublished\":\"2016-06-29T14:13:14+00:00\",\"dateModified\":\"2016-06-29T14:13:14+00:00\",\"breadcrumb\":{\"@id\":\"https:\/\/vosgesinfo.fr\/laplainedesvosgesinfo\/2016\/06\/au-fil-du-conseil-municipal-de-contrexeville\/#breadcrumb\"},\"inLanguage\":\"fr-FR\",\"potentialAction\":[{\"@type\":\"ReadAction\",\"target\":[\"https:\/\/vosgesinfo.fr\/laplainedesvosgesinfo\/2016\/06\/au-fil-du-conseil-municipal-de-contrexeville\/\"]}]},{\"@type\":\"ImageObject\",\"inLanguage\":\"fr-FR\",\"@id\":\"https:\/\/vosgesinfo.fr\/laplainedesvosgesinfo\/2016\/06\/au-fil-du-conseil-municipal-de-contrexeville\/#primaryimage\",\"url\":\"https:\/\/vosgesinfo.fr\/app\/uploads\/sites\/2\/2024\/06\/201606fontaines-contrex.jpg\",\"contentUrl\":\"https:\/\/vosgesinfo.fr\/app\/uploads\/sites\/2\/2024\/06\/201606fontaines-contrex.jpg\",\"width\":800,\"height\":600},{\"@type\":\"BreadcrumbList\",\"@id\":\"https:\/\/vosgesinfo.fr\/laplainedesvosgesinfo\/2016\/06\/au-fil-du-conseil-municipal-de-contrexeville\/#breadcrumb\",\"itemListElement\":[{\"@type\":\"ListItem\",\"position\":1,\"name\":\"Home\",\"item\":\"https:\/\/vosgesinfo.fr\/laplainedesvosgesinfo\/\"},{\"@type\":\"ListItem\",\"position\":2,\"name\":\"Au fil du conseil municipal de Contrex\u00e9ville\"}]},{\"@type\":\"WebSite\",\"@id\":\"https:\/\/vosgesinfo.fr\/laplainedesvosgesinfo\/#website\",\"url\":\"https:\/\/vosgesinfo.fr\/laplainedesvosgesinfo\/\",\"name\":\"La Plaine des Vosges\",\"description\":\"Toute l&#039;actualit\u00e9 de la plaine de Vosges\",\"publisher\":{\"@id\":\"https:\/\/vosgesinfo.fr\/laplainedesvosgesinfo\/#organization\"},\"alternateName\":\"Toute l'actualit\u00e9 de la plaine des Vosges\",\"potentialAction\":[{\"@type\":\"SearchAction\",\"target\":{\"@type\":\"EntryPoint\",\"urlTemplate\":\"https:\/\/vosgesinfo.fr\/laplainedesvosgesinfo\/?s={search_term_string}\"},\"query-input\":\"required name=search_term_string\"}],\"inLanguage\":\"fr-FR\"},{\"@type\":\"Organization\",\"@id\":\"https:\/\/vosgesinfo.fr\/laplainedesvosgesinfo\/#organization\",\"name\":\"La Plaine des Vosges\",\"url\":\"https:\/\/vosgesinfo.fr\/laplainedesvosgesinfo\/\",\"logo\":{\"@type\":\"ImageObject\",\"inLanguage\":\"fr-FR\",\"@id\":\"https:\/\/vosgesinfo.fr\/laplainedesvosgesinfo\/#\/schema\/logo\/image\/\",\"url\":\"https:\/\/vosgesinfo.fr\/app\/uploads\/sites\/2\/2023\/08\/logo-laplaineinfo.svg\",\"contentUrl\":\"https:\/\/vosgesinfo.fr\/app\/uploads\/sites\/2\/2023\/08\/logo-laplaineinfo.svg\",\"width\":1,\"height\":1,\"caption\":\"La Plaine des Vosges\"},\"image\":{\"@id\":\"https:\/\/vosgesinfo.fr\/laplainedesvosgesinfo\/#\/schema\/logo\/image\/\"},\"sameAs\":[\"https:\/\/www.facebook.com\/laplainedesvosges\",\"https:\/\/x.com\/VosgesInfo88\",\"https:\/\/www.youtube.com\/@vosgesinfo\"]},{\"@type\":\"Person\",\"@id\":\"https:\/\/vosgesinfo.fr\/laplainedesvosgesinfo\/#\/schema\/person\/bc5d02d71e6932e81b6dadb7386667b1\",\"name\":\"qs_admin\",\"image\":{\"@type\":\"ImageObject\",\"inLanguage\":\"fr-FR\",\"@id\":\"https:\/\/vosgesinfo.fr\/laplainedesvosgesinfo\/#\/schema\/person\/image\/\",\"url\":\"https:\/\/secure.gravatar.com\/avatar\/94b18ee0ed79e4a42ea2f2931277b6841a8999fc6fde214600c78057cf1fe1de?s=96&d=mm&r=g\",\"contentUrl\":\"https:\/\/secure.gravatar.com\/avatar\/94b18ee0ed79e4a42ea2f2931277b6841a8999fc6fde214600c78057cf1fe1de?s=96&d=mm&r=g\",\"caption\":\"qs_admin\"},\"sameAs\":[\"https:\/\/vosgesinfo.fr\/wp\"],\"url\":\"https:\/\/vosgesinfo.fr\/laplainedesvosgesinfo\/author\/qs_admin\/\"}]}<\/script>\n<!-- \/ Yoast SEO plugin. -->","yoast_head_json":{"title":"Au fil du conseil municipal de Contrex\u00e9ville - La Plaine des Vosges","robots":{"index":"index","follow":"follow","max-snippet":"max-snippet:-1","max-image-preview":"max-image-preview:large","max-video-preview":"max-video-preview:-1"},"canonical":"https:\/\/vosgesinfo.fr\/laplainedesvosgesinfo\/2016\/06\/au-fil-du-conseil-municipal-de-contrexeville\/","twitter_card":"summary_large_image","twitter_title":"Au fil du conseil municipal de Contrex\u00e9ville - La Plaine des Vosges","twitter_description":"La s\u00e9ance du conseil d&rsquo;hier s&rsquo;est ouverte avec la suppression et la cr\u00e9ation de commissions municipales. Il a \u00e9t\u00e9 rappel\u00e9 [&hellip;]","twitter_image":"https:\/\/vosgesinfo.fr\/app\/uploads\/sites\/2\/2024\/06\/201606fontaines-contrex.jpg","twitter_creator":"@VosgesInfo88","twitter_site":"@VosgesInfo88","twitter_misc":{"\u00c9crit par":"qs_admin","Dur\u00e9e de lecture estim\u00e9e":"1 minute"},"schema":{"@context":"https:\/\/schema.org","@graph":[{"@type":"Article","@id":"https:\/\/vosgesinfo.fr\/laplainedesvosgesinfo\/2016\/06\/au-fil-du-conseil-municipal-de-contrexeville\/#article","isPartOf":{"@id":"https:\/\/vosgesinfo.fr\/laplainedesvosgesinfo\/2016\/06\/au-fil-du-conseil-municipal-de-contrexeville\/"},"author":{"name":"qs_admin","@id":"https:\/\/vosgesinfo.fr\/laplainedesvosgesinfo\/#\/schema\/person\/bc5d02d71e6932e81b6dadb7386667b1"},"headline":"Au fil du conseil municipal de Contrex\u00e9ville","datePublished":"2016-06-29T14:13:14+00:00","dateModified":"2016-06-29T14:13:14+00:00","mainEntityOfPage":{"@id":"https:\/\/vosgesinfo.fr\/laplainedesvosgesinfo\/2016\/06\/au-fil-du-conseil-municipal-de-contrexeville\/"},"wordCount":319,"commentCount":0,"publisher":{"@id":"https:\/\/vosgesinfo.fr\/laplainedesvosgesinfo\/#organization"},"image":{"@id":"https:\/\/vosgesinfo.fr\/laplainedesvosgesinfo\/2016\/06\/au-fil-du-conseil-municipal-de-contrexeville\/#primaryimage"},"thumbnailUrl":"https:\/\/vosgesinfo.fr\/app\/uploads\/sites\/2\/2024\/06\/201606fontaines-contrex.jpg","keywords":["commissions municipales","conseil municipal","Contrex\u00e9ville"],"articleSection":["Contrex\u00e9ville","La Plaine","Politique"],"inLanguage":"fr-FR","potentialAction":[{"@type":"CommentAction","name":"Comment","target":["https:\/\/vosgesinfo.fr\/laplainedesvosgesinfo\/2016\/06\/au-fil-du-conseil-municipal-de-contrexeville\/#respond"]}]},{"@type":"WebPage","@id":"https:\/\/vosgesinfo.fr\/laplainedesvosgesinfo\/2016\/06\/au-fil-du-conseil-municipal-de-contrexeville\/","url":"https:\/\/vosgesinfo.fr\/laplainedesvosgesinfo\/2016\/06\/au-fil-du-conseil-municipal-de-contrexeville\/","name":"Au fil du conseil municipal de Contrex\u00e9ville - La Plaine des Vosges","isPartOf":{"@id":"https:\/\/vosgesinfo.fr\/laplainedesvosgesinfo\/#website"},"primaryImageOfPage":{"@id":"https:\/\/vosgesinfo.fr\/laplainedesvosgesinfo\/2016\/06\/au-fil-du-conseil-municipal-de-contrexeville\/#primaryimage"},"image":{"@id":"https:\/\/vosgesinfo.fr\/laplainedesvosgesinfo\/2016\/06\/au-fil-du-conseil-municipal-de-contrexeville\/#primaryimage"},"thumbnailUrl":"https:\/\/vosgesinfo.fr\/app\/uploads\/sites\/2\/2024\/06\/201606fontaines-contrex.jpg","datePublished":"2016-06-29T14:13:14+00:00","dateModified":"2016-06-29T14:13:14+00:00","breadcrumb":{"@id":"https:\/\/vosgesinfo.fr\/laplainedesvosgesinfo\/2016\/06\/au-fil-du-conseil-municipal-de-contrexeville\/#breadcrumb"},"inLanguage":"fr-FR","potentialAction":[{"@type":"ReadAction","target":["https:\/\/vosgesinfo.fr\/laplainedesvosgesinfo\/2016\/06\/au-fil-du-conseil-municipal-de-contrexeville\/"]}]},{"@type":"ImageObject","inLanguage":"fr-FR","@id":"https:\/\/vosgesinfo.fr\/laplainedesvosgesinfo\/2016\/06\/au-fil-du-conseil-municipal-de-contrexeville\/#primaryimage","url":"https:\/\/vosgesinfo.fr\/app\/uploads\/sites\/2\/2024\/06\/201606fontaines-contrex.jpg","contentUrl":"https:\/\/vosgesinfo.fr\/app\/uploads\/sites\/2\/2024\/06\/201606fontaines-contrex.jpg","width":800,"height":600},{"@type":"BreadcrumbList","@id":"https:\/\/vosgesinfo.fr\/laplainedesvosgesinfo\/2016\/06\/au-fil-du-conseil-municipal-de-contrexeville\/#breadcrumb","itemListElement":[{"@type":"ListItem","position":1,"name":"Home","item":"https:\/\/vosgesinfo.fr\/laplainedesvosgesinfo\/"},{"@type":"ListItem","position":2,"name":"Au fil du conseil municipal de Contrex\u00e9ville"}]},{"@type":"WebSite","@id":"https:\/\/vosgesinfo.fr\/laplainedesvosgesinfo\/#website","url":"https:\/\/vosgesinfo.fr\/laplainedesvosgesinfo\/","name":"La Plaine des Vosges","description":"Toute l&#039;actualit\u00e9 de la plaine de Vosges","publisher":{"@id":"https:\/\/vosgesinfo.fr\/laplainedesvosgesinfo\/#organization"},"alternateName":"Toute l'actualit\u00e9 de la plaine des Vosges","potentialAction":[{"@type":"SearchAction","target":{"@type":"EntryPoint","urlTemplate":"https:\/\/vosgesinfo.fr\/laplainedesvosgesinfo\/?s={search_term_string}"},"query-input":"required name=search_term_string"}],"inLanguage":"fr-FR"},{"@type":"Organization","@id":"https:\/\/vosgesinfo.fr\/laplainedesvosgesinfo\/#organization","name":"La Plaine des Vosges","url":"https:\/\/vosgesinfo.fr\/laplainedesvosgesinfo\/","logo":{"@type":"ImageObject","inLanguage":"fr-FR","@id":"https:\/\/vosgesinfo.fr\/laplainedesvosgesinfo\/#\/schema\/logo\/image\/","url":"https:\/\/vosgesinfo.fr\/app\/uploads\/sites\/2\/2023\/08\/logo-laplaineinfo.svg","contentUrl":"https:\/\/vosgesinfo.fr\/app\/uploads\/sites\/2\/2023\/08\/logo-laplaineinfo.svg","width":1,"height":1,"caption":"La Plaine des Vosges"},"image":{"@id":"https:\/\/vosgesinfo.fr\/laplainedesvosgesinfo\/#\/schema\/logo\/image\/"},"sameAs":["https:\/\/www.facebook.com\/laplainedesvosges","https:\/\/x.com\/VosgesInfo88","https:\/\/www.youtube.com\/@vosgesinfo"]},{"@type":"Person","@id":"https:\/\/vosgesinfo.fr\/laplainedesvosgesinfo\/#\/schema\/person\/bc5d02d71e6932e81b6dadb7386667b1","name":"qs_admin","image":{"@type":"ImageObject","inLanguage":"fr-FR","@id":"https:\/\/vosgesinfo.fr\/laplainedesvosgesinfo\/#\/schema\/person\/image\/","url":"https:\/\/secure.gravatar.com\/avatar\/94b18ee0ed79e4a42ea2f2931277b6841a8999fc6fde214600c78057cf1fe1de?s=96&d=mm&r=g","contentUrl":"https:\/\/secure.gravatar.com\/avatar\/94b18ee0ed79e4a42ea2f2931277b6841a8999fc6fde214600c78057cf1fe1de?s=96&d=mm&r=g","caption":"qs_admin"},"sameAs":["https:\/\/vosgesinfo.fr\/wp"],"url":"https:\/\/vosgesinfo.fr\/laplainedesvosgesinfo\/author\/qs_admin\/"}]}},"_links":{"self":[{"href":"https:\/\/vosgesinfo.fr\/laplainedesvosgesinfo\/wp-json\/wp\/v2\/posts\/5230","targetHints":{"allow":["GET"]}}],"collection":[{"href":"https:\/\/vosgesinfo.fr\/laplainedesvosgesinfo\/wp-json\/wp\/v2\/posts"}],"about":[{"href":"https:\/\/vosgesinfo.fr\/laplainedesvosgesinfo\/wp-json\/wp\/v2\/types\/post"}],"author":[{"embeddable":true,"href":"https:\/\/vosgesinfo.fr\/laplainedesvosgesinfo\/wp-json\/wp\/v2\/users\/1"}],"replies":[{"embeddable":true,"href":"https:\/\/vosgesinfo.fr\/laplainedesvosgesinfo\/wp-json\/wp\/v2\/comments?post=5230"}],"version-history":[{"count":0,"href":"https:\/\/vosgesinfo.fr\/laplainedesvosgesinfo\/wp-json\/wp\/v2\/posts\/5230\/revisions"}],"wp:featuredmedia":[{"embeddable":true,"href":"https:\/\/vosgesinfo.fr\/laplainedesvosgesinfo\/wp-json\/wp\/v2\/media\/5231"}],"wp:attachment":[{"href":"https:\/\/vosgesinfo.fr\/laplainedesvosgesinfo\/wp-json\/wp\/v2\/media?parent=5230"}],"wp:term":[{"taxonomy":"category","embeddable":true,"href":"https:\/\/vosgesinfo.fr\/laplainedesvosgesinfo\/wp-json\/wp\/v2\/categories?post=5230"},{"taxonomy":"post_tag","embeddable":true,"href":"https:\/\/vosgesinfo.fr\/laplainedesvosgesinfo\/wp-json\/wp\/v2\/tags?post=5230"}],"curies":[{"name":"wp","href":"https:\/\/api.w.org\/{rel}","templated":true}]}}