{"id":5234,"date":"2016-06-29T09:54:32","date_gmt":"2016-06-29T07:54:32","guid":{"rendered":"https:\/\/vosgesinfo.fr\/laplainedesvosgesinfo\/2016\/06\/vosges-sucons-de-tiques-en-pagaille\/"},"modified":"2016-06-29T09:54:32","modified_gmt":"2016-06-29T07:54:32","slug":"vosges-sucons-de-tiques-en-pagaille","status":"publish","type":"post","link":"https:\/\/vosgesinfo.fr\/laplainedesvosgesinfo\/2016\/06\/vosges-sucons-de-tiques-en-pagaille\/","title":{"rendered":"Vosges \u2013 Su\u00e7ons de tiques en pagaille !"},"content":{"rendered":"<p style=\"text-align: justify;\"><a href=\"\/2016\/06\/tique.jpg\"><img decoding=\"async\" class=\"aligncenter size-full wp-image-77975\" src=\"\/2016\/06\/tique.jpg\" alt=\"tique\" width=\"690\" height=\"447\" \/><\/a><\/p>\n<p style=\"text-align: justify;\"><strong>L\u2019hiver 2016 a \u00e9t\u00e9\u00a0particuli\u00e8rement doux, au grand plaisir\u00a0de\u00a0petits monstres vosgiens. C\u2019est bien entendu ces horribles tiques qui pullulent comme jamais dans nos jardins et for\u00eats. Elles sont le v\u00e9hicule de la bact\u00e9rie responsable de la maladie de Lyme, <em>Borrelia burgdorferi<\/em>, d\u00e9j\u00e0 trop c\u00e9l\u00e8bre dans notre d\u00e9partement. Pour \u00e9viter d\u2019attraper ce fl\u00e9au, voici nos conseils :<\/strong><\/p>\n<h3>Eviter la morsure<\/h3>\n<p style=\"text-align: justify;\"><a href=\"http:\/\/epinalinfos.fr\/wp-content\/uploads\/2016\/06\/tiqueInterdite.png\" data-featherlight=\"image\"><img decoding=\"async\" class=\"alignleft wp-image-96190\" src=\"http:\/\/epinalinfos.fr\/wp-content\/uploads\/2016\/06\/tiqueInterdite.png\" alt=\"tiqueInterdite\" width=\"81\" height=\"81\" \/><\/a>Les tiques aiment votre peau, il faut donc la <strong>couvrir<\/strong> lors du jardinage et des balades dans les bois ou les hautes herbes. Pantalons, hauts couvrants et chapeau sont de rigueur. Les <strong>r\u00e9pulsifs<\/strong> naturels ne sont pas assez efficaces : les mol\u00e9cules de synth\u00e8se comme l\u2019icaridine ou le DEET seront d\u2019un bien plus grand secours. Eviter de passer dans les <strong>herbes hautes<\/strong> qui sont les quartiers g\u00e9n\u00e9raux des tiques. Rester<strong> vigilant<\/strong> permet de se d\u00e9barrasser des tiques avant qu\u2019elles ne fichent leur rostre dans la peau.<\/p>\n<h3>\u00ab\u00a0J\u2019ai \u00e9t\u00e9 mordu !\u00a0\u00bb<\/h3>\n<p style=\"text-align: justify;\"><strong><a href=\"http:\/\/epinalinfos.fr\/wp-content\/uploads\/2016\/06\/tiqueSang.jpg\" data-featherlight=\"image\"><img decoding=\"async\" class=\"alignleft wp-image-96191\" src=\"http:\/\/epinalinfos.fr\/wp-content\/uploads\/2016\/06\/tiqueSang.jpg\" alt=\"tiqueSang\" width=\"167\" height=\"110\" \/><\/a>S\u2019inspecter le corps entier<\/strong> (cuir chevelu compris !) est primordial apr\u00e8s chaque sortie dans les bois, les herbes hautes ou apr\u00e8s avoir jardin\u00e9. Il ne faut pas s\u2019attendre \u00e0 voir une tique gonfl\u00e9e de sang comme celle-ci mais souvent de minuscules nymphes. Retirer une tique le plus t\u00f4t possible, c\u2019est diminuer consid\u00e9rablement le risque de maladie de Lyme. Tordons le cou \u00e0 une vieille croyance : <strong>l\u2019alcool ou l\u2019\u00e9ther sont \u00e0 bannir<\/strong> car il font cracher la tique qui transmet alors les pathog\u00e8nes.<strong> Tire-tique ou pince-\u00e0-tique disponibles<\/strong> en pharmacie\u00a0sont les outils les plus adapt\u00e9s lorsqu\u2019ils sont manipul\u00e9s doucement et sans tirer. Une fois la tique retir\u00e9e, il faut appliquer un <strong>antiseptique<\/strong> \u00e0 l\u2019endroit de la morsure et <strong>surveiller<\/strong> qu\u2019une tache rouge et large de quelques centim\u00e8tres (\u00e9ryth\u00e8me) n\u2019apparaisse pas dans les 30 jours qui suivent.<\/p>\n<h3>\u00ab\u00a0J\u2019ai une\u00a0tache rouge sur la peau !\u00a0\u00bb<\/h3>\n<p style=\"text-align: justify;\"><a href=\"http:\/\/epinalinfos.fr\/wp-content\/uploads\/2016\/06\/Erythema_migrans.jpg\" data-featherlight=\"image\"><img decoding=\"async\" class=\"alignleft wp-image-96192\" src=\"http:\/\/epinalinfos.fr\/wp-content\/uploads\/2016\/06\/Erythema_migrans.jpg\" alt=\"Erythema_migrans\" width=\"163\" height=\"148\" \/><\/a>Ni une, ni deux : si un petit point rouge peut appara\u00eetre \u00e0 l\u2019endroit de la morsure, l\u2019<strong>\u00e9ryth\u00e8me<\/strong> de quelques centim\u00e8tres n\u00e9cessite des <strong>antibiotiques<\/strong>. Courrez chez votre g\u00e9n\u00e9raliste.<\/p>\n<p>&nbsp;<\/p>\n<p>&nbsp;<\/p>\n<p>&nbsp;<\/p>\n<p><em>Antoine Sauce, pharmacien.<\/em><\/p>\n","protected":false},"excerpt":{"rendered":"<p>L\u2019hiver 2016 a \u00e9t\u00e9\u00a0particuli\u00e8rement doux, au grand plaisir\u00a0de\u00a0petits monstres vosgiens. C\u2019est bien entendu ces horribles tiques qui pullulent comme jamais [&hellip;]<\/p>\n","protected":false},"author":1,"featured_media":5235,"comment_status":"open","ping_status":"open","sticky":false,"template":"","format":"standard","meta":{"footnotes":""},"categories":[29,18],"tags":[1513,1328,608,1514,233],"class_list":["post-5234","post","type-post","status-publish","format-standard","has-post-thumbnail","hentry","category-a-la-une","category-vosges","tag-erytheme","tag-foret","tag-jardin","tag-tiques","tag-vosges"],"acf":[],"yoast_head":"<!-- This site is optimized with the Yoast SEO plugin v22.5 - https:\/\/yoast.com\/wordpress\/plugins\/seo\/ -->\n<title>Vosges \u2013 Su\u00e7ons de tiques en pagaille ! - La Plaine des Vosges<\/title>\n<meta name=\"robots\" content=\"index, follow, max-snippet:-1, max-image-preview:large, max-video-preview:-1\" \/>\n<link rel=\"canonical\" href=\"https:\/\/vosgesinfo.fr\/laplainedesvosgesinfo\/2016\/06\/vosges-sucons-de-tiques-en-pagaille\/\" \/>\n<meta name=\"twitter:card\" content=\"summary_large_image\" \/>\n<meta name=\"twitter:title\" content=\"Vosges \u2013 Su\u00e7ons de tiques en pagaille ! - La Plaine des Vosges\" \/>\n<meta name=\"twitter:description\" content=\"L\u2019hiver 2016 a \u00e9t\u00e9\u00a0particuli\u00e8rement doux, au grand plaisir\u00a0de\u00a0petits monstres vosgiens. C\u2019est bien entendu ces horribles tiques qui pullulent comme jamais [&hellip;]\" \/>\n<meta name=\"twitter:image\" content=\"https:\/\/vosgesinfo.fr\/app\/uploads\/sites\/2\/2024\/06\/201606tique.jpg\" \/>\n<meta name=\"twitter:creator\" content=\"@VosgesInfo88\" \/>\n<meta name=\"twitter:site\" content=\"@VosgesInfo88\" \/>\n<meta name=\"twitter:label1\" content=\"\u00c9crit par\" \/>\n\t<meta name=\"twitter:data1\" content=\"qs_admin\" \/>\n\t<meta name=\"twitter:label2\" content=\"Dur\u00e9e de lecture estim\u00e9e\" \/>\n\t<meta name=\"twitter:data2\" content=\"2 minutes\" \/>\n<script type=\"application\/ld+json\" class=\"yoast-schema-graph\">{\"@context\":\"https:\/\/schema.org\",\"@graph\":[{\"@type\":\"Article\",\"@id\":\"https:\/\/vosgesinfo.fr\/laplainedesvosgesinfo\/2016\/06\/vosges-sucons-de-tiques-en-pagaille\/#article\",\"isPartOf\":{\"@id\":\"https:\/\/vosgesinfo.fr\/laplainedesvosgesinfo\/2016\/06\/vosges-sucons-de-tiques-en-pagaille\/\"},\"author\":{\"name\":\"qs_admin\",\"@id\":\"https:\/\/vosgesinfo.fr\/laplainedesvosgesinfo\/#\/schema\/person\/bc5d02d71e6932e81b6dadb7386667b1\"},\"headline\":\"Vosges \u2013 Su\u00e7ons de tiques en pagaille !\",\"datePublished\":\"2016-06-29T07:54:32+00:00\",\"dateModified\":\"2016-06-29T07:54:32+00:00\",\"mainEntityOfPage\":{\"@id\":\"https:\/\/vosgesinfo.fr\/laplainedesvosgesinfo\/2016\/06\/vosges-sucons-de-tiques-en-pagaille\/\"},\"wordCount\":374,\"commentCount\":0,\"publisher\":{\"@id\":\"https:\/\/vosgesinfo.fr\/laplainedesvosgesinfo\/#organization\"},\"image\":{\"@id\":\"https:\/\/vosgesinfo.fr\/laplainedesvosgesinfo\/2016\/06\/vosges-sucons-de-tiques-en-pagaille\/#primaryimage\"},\"thumbnailUrl\":\"https:\/\/vosgesinfo.fr\/app\/uploads\/sites\/2\/2024\/06\/201606tique.jpg\",\"keywords\":[\"\u00e9ryth\u00e8me\",\"foret\",\"jardin\",\"tiques\",\"Vosges\"],\"articleSection\":[\"A la Une\",\"Vosges\"],\"inLanguage\":\"fr-FR\",\"potentialAction\":[{\"@type\":\"CommentAction\",\"name\":\"Comment\",\"target\":[\"https:\/\/vosgesinfo.fr\/laplainedesvosgesinfo\/2016\/06\/vosges-sucons-de-tiques-en-pagaille\/#respond\"]}]},{\"@type\":\"WebPage\",\"@id\":\"https:\/\/vosgesinfo.fr\/laplainedesvosgesinfo\/2016\/06\/vosges-sucons-de-tiques-en-pagaille\/\",\"url\":\"https:\/\/vosgesinfo.fr\/laplainedesvosgesinfo\/2016\/06\/vosges-sucons-de-tiques-en-pagaille\/\",\"name\":\"Vosges \u2013 Su\u00e7ons de tiques en pagaille ! - La Plaine des Vosges\",\"isPartOf\":{\"@id\":\"https:\/\/vosgesinfo.fr\/laplainedesvosgesinfo\/#website\"},\"primaryImageOfPage\":{\"@id\":\"https:\/\/vosgesinfo.fr\/laplainedesvosgesinfo\/2016\/06\/vosges-sucons-de-tiques-en-pagaille\/#primaryimage\"},\"image\":{\"@id\":\"https:\/\/vosgesinfo.fr\/laplainedesvosgesinfo\/2016\/06\/vosges-sucons-de-tiques-en-pagaille\/#primaryimage\"},\"thumbnailUrl\":\"https:\/\/vosgesinfo.fr\/app\/uploads\/sites\/2\/2024\/06\/201606tique.jpg\",\"datePublished\":\"2016-06-29T07:54:32+00:00\",\"dateModified\":\"2016-06-29T07:54:32+00:00\",\"breadcrumb\":{\"@id\":\"https:\/\/vosgesinfo.fr\/laplainedesvosgesinfo\/2016\/06\/vosges-sucons-de-tiques-en-pagaille\/#breadcrumb\"},\"inLanguage\":\"fr-FR\",\"potentialAction\":[{\"@type\":\"ReadAction\",\"target\":[\"https:\/\/vosgesinfo.fr\/laplainedesvosgesinfo\/2016\/06\/vosges-sucons-de-tiques-en-pagaille\/\"]}]},{\"@type\":\"ImageObject\",\"inLanguage\":\"fr-FR\",\"@id\":\"https:\/\/vosgesinfo.fr\/laplainedesvosgesinfo\/2016\/06\/vosges-sucons-de-tiques-en-pagaille\/#primaryimage\",\"url\":\"https:\/\/vosgesinfo.fr\/app\/uploads\/sites\/2\/2024\/06\/201606tique.jpg\",\"contentUrl\":\"https:\/\/vosgesinfo.fr\/app\/uploads\/sites\/2\/2024\/06\/201606tique.jpg\",\"width\":690,\"height\":447},{\"@type\":\"BreadcrumbList\",\"@id\":\"https:\/\/vosgesinfo.fr\/laplainedesvosgesinfo\/2016\/06\/vosges-sucons-de-tiques-en-pagaille\/#breadcrumb\",\"itemListElement\":[{\"@type\":\"ListItem\",\"position\":1,\"name\":\"Home\",\"item\":\"https:\/\/vosgesinfo.fr\/laplainedesvosgesinfo\/\"},{\"@type\":\"ListItem\",\"position\":2,\"name\":\"Vosges \u2013 Su\u00e7ons de tiques en pagaille !\"}]},{\"@type\":\"WebSite\",\"@id\":\"https:\/\/vosgesinfo.fr\/laplainedesvosgesinfo\/#website\",\"url\":\"https:\/\/vosgesinfo.fr\/laplainedesvosgesinfo\/\",\"name\":\"La Plaine des Vosges\",\"description\":\"Toute l&#039;actualit\u00e9 de la plaine de Vosges\",\"publisher\":{\"@id\":\"https:\/\/vosgesinfo.fr\/laplainedesvosgesinfo\/#organization\"},\"alternateName\":\"Toute l'actualit\u00e9 de la plaine des Vosges\",\"potentialAction\":[{\"@type\":\"SearchAction\",\"target\":{\"@type\":\"EntryPoint\",\"urlTemplate\":\"https:\/\/vosgesinfo.fr\/laplainedesvosgesinfo\/?s={search_term_string}\"},\"query-input\":\"required name=search_term_string\"}],\"inLanguage\":\"fr-FR\"},{\"@type\":\"Organization\",\"@id\":\"https:\/\/vosgesinfo.fr\/laplainedesvosgesinfo\/#organization\",\"name\":\"La Plaine des Vosges\",\"url\":\"https:\/\/vosgesinfo.fr\/laplainedesvosgesinfo\/\",\"logo\":{\"@type\":\"ImageObject\",\"inLanguage\":\"fr-FR\",\"@id\":\"https:\/\/vosgesinfo.fr\/laplainedesvosgesinfo\/#\/schema\/logo\/image\/\",\"url\":\"https:\/\/vosgesinfo.fr\/app\/uploads\/sites\/2\/2023\/08\/logo-laplaineinfo.svg\",\"contentUrl\":\"https:\/\/vosgesinfo.fr\/app\/uploads\/sites\/2\/2023\/08\/logo-laplaineinfo.svg\",\"width\":1,\"height\":1,\"caption\":\"La Plaine des Vosges\"},\"image\":{\"@id\":\"https:\/\/vosgesinfo.fr\/laplainedesvosgesinfo\/#\/schema\/logo\/image\/\"},\"sameAs\":[\"https:\/\/www.facebook.com\/laplainedesvosges\",\"https:\/\/x.com\/VosgesInfo88\",\"https:\/\/www.youtube.com\/@vosgesinfo\"]},{\"@type\":\"Person\",\"@id\":\"https:\/\/vosgesinfo.fr\/laplainedesvosgesinfo\/#\/schema\/person\/bc5d02d71e6932e81b6dadb7386667b1\",\"name\":\"qs_admin\",\"image\":{\"@type\":\"ImageObject\",\"inLanguage\":\"fr-FR\",\"@id\":\"https:\/\/vosgesinfo.fr\/laplainedesvosgesinfo\/#\/schema\/person\/image\/\",\"url\":\"https:\/\/secure.gravatar.com\/avatar\/94b18ee0ed79e4a42ea2f2931277b6841a8999fc6fde214600c78057cf1fe1de?s=96&d=mm&r=g\",\"contentUrl\":\"https:\/\/secure.gravatar.com\/avatar\/94b18ee0ed79e4a42ea2f2931277b6841a8999fc6fde214600c78057cf1fe1de?s=96&d=mm&r=g\",\"caption\":\"qs_admin\"},\"sameAs\":[\"https:\/\/vosgesinfo.fr\/wp\"],\"url\":\"https:\/\/vosgesinfo.fr\/laplainedesvosgesinfo\/author\/qs_admin\/\"}]}<\/script>\n<!-- \/ Yoast SEO plugin. -->","yoast_head_json":{"title":"Vosges \u2013 Su\u00e7ons de tiques en pagaille ! - La Plaine des Vosges","robots":{"index":"index","follow":"follow","max-snippet":"max-snippet:-1","max-image-preview":"max-image-preview:large","max-video-preview":"max-video-preview:-1"},"canonical":"https:\/\/vosgesinfo.fr\/laplainedesvosgesinfo\/2016\/06\/vosges-sucons-de-tiques-en-pagaille\/","twitter_card":"summary_large_image","twitter_title":"Vosges \u2013 Su\u00e7ons de tiques en pagaille ! - La Plaine des Vosges","twitter_description":"L\u2019hiver 2016 a \u00e9t\u00e9\u00a0particuli\u00e8rement doux, au grand plaisir\u00a0de\u00a0petits monstres vosgiens. C\u2019est bien entendu ces horribles tiques qui pullulent comme jamais [&hellip;]","twitter_image":"https:\/\/vosgesinfo.fr\/app\/uploads\/sites\/2\/2024\/06\/201606tique.jpg","twitter_creator":"@VosgesInfo88","twitter_site":"@VosgesInfo88","twitter_misc":{"\u00c9crit par":"qs_admin","Dur\u00e9e de lecture estim\u00e9e":"2 minutes"},"schema":{"@context":"https:\/\/schema.org","@graph":[{"@type":"Article","@id":"https:\/\/vosgesinfo.fr\/laplainedesvosgesinfo\/2016\/06\/vosges-sucons-de-tiques-en-pagaille\/#article","isPartOf":{"@id":"https:\/\/vosgesinfo.fr\/laplainedesvosgesinfo\/2016\/06\/vosges-sucons-de-tiques-en-pagaille\/"},"author":{"name":"qs_admin","@id":"https:\/\/vosgesinfo.fr\/laplainedesvosgesinfo\/#\/schema\/person\/bc5d02d71e6932e81b6dadb7386667b1"},"headline":"Vosges \u2013 Su\u00e7ons de tiques en pagaille !","datePublished":"2016-06-29T07:54:32+00:00","dateModified":"2016-06-29T07:54:32+00:00","mainEntityOfPage":{"@id":"https:\/\/vosgesinfo.fr\/laplainedesvosgesinfo\/2016\/06\/vosges-sucons-de-tiques-en-pagaille\/"},"wordCount":374,"commentCount":0,"publisher":{"@id":"https:\/\/vosgesinfo.fr\/laplainedesvosgesinfo\/#organization"},"image":{"@id":"https:\/\/vosgesinfo.fr\/laplainedesvosgesinfo\/2016\/06\/vosges-sucons-de-tiques-en-pagaille\/#primaryimage"},"thumbnailUrl":"https:\/\/vosgesinfo.fr\/app\/uploads\/sites\/2\/2024\/06\/201606tique.jpg","keywords":["\u00e9ryth\u00e8me","foret","jardin","tiques","Vosges"],"articleSection":["A la Une","Vosges"],"inLanguage":"fr-FR","potentialAction":[{"@type":"CommentAction","name":"Comment","target":["https:\/\/vosgesinfo.fr\/laplainedesvosgesinfo\/2016\/06\/vosges-sucons-de-tiques-en-pagaille\/#respond"]}]},{"@type":"WebPage","@id":"https:\/\/vosgesinfo.fr\/laplainedesvosgesinfo\/2016\/06\/vosges-sucons-de-tiques-en-pagaille\/","url":"https:\/\/vosgesinfo.fr\/laplainedesvosgesinfo\/2016\/06\/vosges-sucons-de-tiques-en-pagaille\/","name":"Vosges \u2013 Su\u00e7ons de tiques en pagaille ! - La Plaine des Vosges","isPartOf":{"@id":"https:\/\/vosgesinfo.fr\/laplainedesvosgesinfo\/#website"},"primaryImageOfPage":{"@id":"https:\/\/vosgesinfo.fr\/laplainedesvosgesinfo\/2016\/06\/vosges-sucons-de-tiques-en-pagaille\/#primaryimage"},"image":{"@id":"https:\/\/vosgesinfo.fr\/laplainedesvosgesinfo\/2016\/06\/vosges-sucons-de-tiques-en-pagaille\/#primaryimage"},"thumbnailUrl":"https:\/\/vosgesinfo.fr\/app\/uploads\/sites\/2\/2024\/06\/201606tique.jpg","datePublished":"2016-06-29T07:54:32+00:00","dateModified":"2016-06-29T07:54:32+00:00","breadcrumb":{"@id":"https:\/\/vosgesinfo.fr\/laplainedesvosgesinfo\/2016\/06\/vosges-sucons-de-tiques-en-pagaille\/#breadcrumb"},"inLanguage":"fr-FR","potentialAction":[{"@type":"ReadAction","target":["https:\/\/vosgesinfo.fr\/laplainedesvosgesinfo\/2016\/06\/vosges-sucons-de-tiques-en-pagaille\/"]}]},{"@type":"ImageObject","inLanguage":"fr-FR","@id":"https:\/\/vosgesinfo.fr\/laplainedesvosgesinfo\/2016\/06\/vosges-sucons-de-tiques-en-pagaille\/#primaryimage","url":"https:\/\/vosgesinfo.fr\/app\/uploads\/sites\/2\/2024\/06\/201606tique.jpg","contentUrl":"https:\/\/vosgesinfo.fr\/app\/uploads\/sites\/2\/2024\/06\/201606tique.jpg","width":690,"height":447},{"@type":"BreadcrumbList","@id":"https:\/\/vosgesinfo.fr\/laplainedesvosgesinfo\/2016\/06\/vosges-sucons-de-tiques-en-pagaille\/#breadcrumb","itemListElement":[{"@type":"ListItem","position":1,"name":"Home","item":"https:\/\/vosgesinfo.fr\/laplainedesvosgesinfo\/"},{"@type":"ListItem","position":2,"name":"Vosges \u2013 Su\u00e7ons de tiques en pagaille !"}]},{"@type":"WebSite","@id":"https:\/\/vosgesinfo.fr\/laplainedesvosgesinfo\/#website","url":"https:\/\/vosgesinfo.fr\/laplainedesvosgesinfo\/","name":"La Plaine des Vosges","description":"Toute l&#039;actualit\u00e9 de la plaine de Vosges","publisher":{"@id":"https:\/\/vosgesinfo.fr\/laplainedesvosgesinfo\/#organization"},"alternateName":"Toute l'actualit\u00e9 de la plaine des Vosges","potentialAction":[{"@type":"SearchAction","target":{"@type":"EntryPoint","urlTemplate":"https:\/\/vosgesinfo.fr\/laplainedesvosgesinfo\/?s={search_term_string}"},"query-input":"required name=search_term_string"}],"inLanguage":"fr-FR"},{"@type":"Organization","@id":"https:\/\/vosgesinfo.fr\/laplainedesvosgesinfo\/#organization","name":"La Plaine des Vosges","url":"https:\/\/vosgesinfo.fr\/laplainedesvosgesinfo\/","logo":{"@type":"ImageObject","inLanguage":"fr-FR","@id":"https:\/\/vosgesinfo.fr\/laplainedesvosgesinfo\/#\/schema\/logo\/image\/","url":"https:\/\/vosgesinfo.fr\/app\/uploads\/sites\/2\/2023\/08\/logo-laplaineinfo.svg","contentUrl":"https:\/\/vosgesinfo.fr\/app\/uploads\/sites\/2\/2023\/08\/logo-laplaineinfo.svg","width":1,"height":1,"caption":"La Plaine des Vosges"},"image":{"@id":"https:\/\/vosgesinfo.fr\/laplainedesvosgesinfo\/#\/schema\/logo\/image\/"},"sameAs":["https:\/\/www.facebook.com\/laplainedesvosges","https:\/\/x.com\/VosgesInfo88","https:\/\/www.youtube.com\/@vosgesinfo"]},{"@type":"Person","@id":"https:\/\/vosgesinfo.fr\/laplainedesvosgesinfo\/#\/schema\/person\/bc5d02d71e6932e81b6dadb7386667b1","name":"qs_admin","image":{"@type":"ImageObject","inLanguage":"fr-FR","@id":"https:\/\/vosgesinfo.fr\/laplainedesvosgesinfo\/#\/schema\/person\/image\/","url":"https:\/\/secure.gravatar.com\/avatar\/94b18ee0ed79e4a42ea2f2931277b6841a8999fc6fde214600c78057cf1fe1de?s=96&d=mm&r=g","contentUrl":"https:\/\/secure.gravatar.com\/avatar\/94b18ee0ed79e4a42ea2f2931277b6841a8999fc6fde214600c78057cf1fe1de?s=96&d=mm&r=g","caption":"qs_admin"},"sameAs":["https:\/\/vosgesinfo.fr\/wp"],"url":"https:\/\/vosgesinfo.fr\/laplainedesvosgesinfo\/author\/qs_admin\/"}]}},"_links":{"self":[{"href":"https:\/\/vosgesinfo.fr\/laplainedesvosgesinfo\/wp-json\/wp\/v2\/posts\/5234","targetHints":{"allow":["GET"]}}],"collection":[{"href":"https:\/\/vosgesinfo.fr\/laplainedesvosgesinfo\/wp-json\/wp\/v2\/posts"}],"about":[{"href":"https:\/\/vosgesinfo.fr\/laplainedesvosgesinfo\/wp-json\/wp\/v2\/types\/post"}],"author":[{"embeddable":true,"href":"https:\/\/vosgesinfo.fr\/laplainedesvosgesinfo\/wp-json\/wp\/v2\/users\/1"}],"replies":[{"embeddable":true,"href":"https:\/\/vosgesinfo.fr\/laplainedesvosgesinfo\/wp-json\/wp\/v2\/comments?post=5234"}],"version-history":[{"count":0,"href":"https:\/\/vosgesinfo.fr\/laplainedesvosgesinfo\/wp-json\/wp\/v2\/posts\/5234\/revisions"}],"wp:featuredmedia":[{"embeddable":true,"href":"https:\/\/vosgesinfo.fr\/laplainedesvosgesinfo\/wp-json\/wp\/v2\/media\/5235"}],"wp:attachment":[{"href":"https:\/\/vosgesinfo.fr\/laplainedesvosgesinfo\/wp-json\/wp\/v2\/media?parent=5234"}],"wp:term":[{"taxonomy":"category","embeddable":true,"href":"https:\/\/vosgesinfo.fr\/laplainedesvosgesinfo\/wp-json\/wp\/v2\/categories?post=5234"},{"taxonomy":"post_tag","embeddable":true,"href":"https:\/\/vosgesinfo.fr\/laplainedesvosgesinfo\/wp-json\/wp\/v2\/tags?post=5234"}],"curies":[{"name":"wp","href":"https:\/\/api.w.org\/{rel}","templated":true}]}}