{"id":5244,"date":"2016-06-30T07:57:09","date_gmt":"2016-06-30T05:57:09","guid":{"rendered":"https:\/\/vosgesinfo.fr\/laplainedesvosgesinfo\/2016\/06\/luxleaks-le-lanceur-dalerte-vosgien-condamne-a-de-la-prison-avec-sursis\/"},"modified":"2016-06-30T07:57:09","modified_gmt":"2016-06-30T05:57:09","slug":"luxleaks-le-lanceur-dalerte-vosgien-condamne-a-de-la-prison-avec-sursis","status":"publish","type":"post","link":"https:\/\/vosgesinfo.fr\/laplainedesvosgesinfo\/2016\/06\/luxleaks-le-lanceur-dalerte-vosgien-condamne-a-de-la-prison-avec-sursis\/","title":{"rendered":"LuxLeaks : le lanceur d\u2019alerte vosgien condamn\u00e9 \u00e0 de la prison avec sursis"},"content":{"rendered":"<p style=\"text-align: justify;\"><a href=\"\/2016\/06\/justice.jpg\"><img decoding=\"async\" class=\"aligncenter size-full wp-image-77995\" src=\"\/2016\/06\/justice.jpg\" alt=\"justice\" width=\"960\" height=\"642\" \/><\/a><\/p>\n<p style=\"text-align: justify;\"><strong>Ce mercredi, le tribunal du Luxembourg a rendu son jugement dans le proc\u00e8s LuxLeaks. Le lanceur d\u2019alerte vosgien, Antoine Deltour a \u00e9t\u00e9 condamn\u00e9 \u00e0 12 mois de prison avec sursis et 1\u00a0500 euros d\u2019amende.<\/strong><\/p>\n<p style=\"text-align: justify;\">Le tribunal a d\u00e9clar\u00e9 Antoine Deltour et Rapha\u00ebl Halet coupables de \u00ab\u00a0vol, violation du secret professionnel et du secret des affaires\u00a0\u00bb ainsi que \u00ab\u00a0de fraude informatique, de blanchiment et divulgation du secret des affaires\u00a0\u00bb.<\/p>\n<p style=\"text-align: justify;\">Rapha\u00ebl Halet a quant \u00e0 lui \u00e9t\u00e9 condamn\u00e9 \u00e0 9 mois de prison avec sursis et 1000 euros d\u2019amende.<\/p>\n<p style=\"text-align: justify;\">Ils ont tous les deux d\u00e9j\u00e0 annonc\u00e9 qu\u2019ils allaient faire appel de cette d\u00e9cision.<\/p>\n<p style=\"text-align: justify;\">Le journaliste Edouard Perrin a \u00e9t\u00e9 acquitt\u00e9.<\/p>\n<p style=\"text-align: justify;\">C.K.N.<\/p>\n","protected":false},"excerpt":{"rendered":"<p>Ce mercredi, le tribunal du Luxembourg a rendu son jugement dans le proc\u00e8s LuxLeaks. Le lanceur d\u2019alerte vosgien, Antoine Deltour [&hellip;]<\/p>\n","protected":false},"author":1,"featured_media":5245,"comment_status":"open","ping_status":"open","sticky":false,"template":"","format":"standard","meta":{"footnotes":""},"categories":[18],"tags":[1107,1523,988,233],"class_list":["post-5244","post","type-post","status-publish","format-standard","has-post-thumbnail","hentry","category-vosges","tag-antoine-deltour","tag-lanceur-dalerte","tag-luxleaks","tag-vosges"],"acf":[],"yoast_head":"<!-- This site is optimized with the Yoast SEO plugin v22.5 - https:\/\/yoast.com\/wordpress\/plugins\/seo\/ -->\n<title>LuxLeaks : le lanceur d\u2019alerte vosgien condamn\u00e9 \u00e0 de la prison avec sursis - La Plaine des Vosges<\/title>\n<meta name=\"robots\" content=\"index, follow, max-snippet:-1, max-image-preview:large, max-video-preview:-1\" \/>\n<link rel=\"canonical\" href=\"https:\/\/vosgesinfo.fr\/laplainedesvosgesinfo\/2016\/06\/luxleaks-le-lanceur-dalerte-vosgien-condamne-a-de-la-prison-avec-sursis\/\" \/>\n<meta name=\"twitter:card\" content=\"summary_large_image\" \/>\n<meta name=\"twitter:title\" content=\"LuxLeaks : le lanceur d\u2019alerte vosgien condamn\u00e9 \u00e0 de la prison avec sursis - La Plaine des Vosges\" \/>\n<meta name=\"twitter:description\" content=\"Ce mercredi, le tribunal du Luxembourg a rendu son jugement dans le proc\u00e8s LuxLeaks. Le lanceur d\u2019alerte vosgien, Antoine Deltour [&hellip;]\" \/>\n<meta name=\"twitter:image\" content=\"https:\/\/vosgesinfo.fr\/app\/uploads\/sites\/2\/2024\/06\/201606justice.jpg\" \/>\n<meta name=\"twitter:creator\" content=\"@VosgesInfo88\" \/>\n<meta name=\"twitter:site\" content=\"@VosgesInfo88\" \/>\n<meta name=\"twitter:label1\" content=\"\u00c9crit par\" \/>\n\t<meta name=\"twitter:data1\" content=\"qs_admin\" \/>\n\t<meta name=\"twitter:label2\" content=\"Dur\u00e9e de lecture estim\u00e9e\" \/>\n\t<meta name=\"twitter:data2\" content=\"1 minute\" \/>\n<script type=\"application\/ld+json\" class=\"yoast-schema-graph\">{\"@context\":\"https:\/\/schema.org\",\"@graph\":[{\"@type\":\"Article\",\"@id\":\"https:\/\/vosgesinfo.fr\/laplainedesvosgesinfo\/2016\/06\/luxleaks-le-lanceur-dalerte-vosgien-condamne-a-de-la-prison-avec-sursis\/#article\",\"isPartOf\":{\"@id\":\"https:\/\/vosgesinfo.fr\/laplainedesvosgesinfo\/2016\/06\/luxleaks-le-lanceur-dalerte-vosgien-condamne-a-de-la-prison-avec-sursis\/\"},\"author\":{\"name\":\"qs_admin\",\"@id\":\"https:\/\/vosgesinfo.fr\/laplainedesvosgesinfo\/#\/schema\/person\/bc5d02d71e6932e81b6dadb7386667b1\"},\"headline\":\"LuxLeaks : le lanceur d\u2019alerte vosgien condamn\u00e9 \u00e0 de la prison avec sursis\",\"datePublished\":\"2016-06-30T05:57:09+00:00\",\"dateModified\":\"2016-06-30T05:57:09+00:00\",\"mainEntityOfPage\":{\"@id\":\"https:\/\/vosgesinfo.fr\/laplainedesvosgesinfo\/2016\/06\/luxleaks-le-lanceur-dalerte-vosgien-condamne-a-de-la-prison-avec-sursis\/\"},\"wordCount\":126,\"commentCount\":0,\"publisher\":{\"@id\":\"https:\/\/vosgesinfo.fr\/laplainedesvosgesinfo\/#organization\"},\"image\":{\"@id\":\"https:\/\/vosgesinfo.fr\/laplainedesvosgesinfo\/2016\/06\/luxleaks-le-lanceur-dalerte-vosgien-condamne-a-de-la-prison-avec-sursis\/#primaryimage\"},\"thumbnailUrl\":\"https:\/\/vosgesinfo.fr\/app\/uploads\/sites\/2\/2024\/06\/201606justice.jpg\",\"keywords\":[\"Antoine Deltour\",\"lanceur d'alerte\",\"Luxleaks\",\"Vosges\"],\"articleSection\":[\"Vosges\"],\"inLanguage\":\"fr-FR\",\"potentialAction\":[{\"@type\":\"CommentAction\",\"name\":\"Comment\",\"target\":[\"https:\/\/vosgesinfo.fr\/laplainedesvosgesinfo\/2016\/06\/luxleaks-le-lanceur-dalerte-vosgien-condamne-a-de-la-prison-avec-sursis\/#respond\"]}]},{\"@type\":\"WebPage\",\"@id\":\"https:\/\/vosgesinfo.fr\/laplainedesvosgesinfo\/2016\/06\/luxleaks-le-lanceur-dalerte-vosgien-condamne-a-de-la-prison-avec-sursis\/\",\"url\":\"https:\/\/vosgesinfo.fr\/laplainedesvosgesinfo\/2016\/06\/luxleaks-le-lanceur-dalerte-vosgien-condamne-a-de-la-prison-avec-sursis\/\",\"name\":\"LuxLeaks : le lanceur d\u2019alerte vosgien condamn\u00e9 \u00e0 de la prison avec sursis - La Plaine des Vosges\",\"isPartOf\":{\"@id\":\"https:\/\/vosgesinfo.fr\/laplainedesvosgesinfo\/#website\"},\"primaryImageOfPage\":{\"@id\":\"https:\/\/vosgesinfo.fr\/laplainedesvosgesinfo\/2016\/06\/luxleaks-le-lanceur-dalerte-vosgien-condamne-a-de-la-prison-avec-sursis\/#primaryimage\"},\"image\":{\"@id\":\"https:\/\/vosgesinfo.fr\/laplainedesvosgesinfo\/2016\/06\/luxleaks-le-lanceur-dalerte-vosgien-condamne-a-de-la-prison-avec-sursis\/#primaryimage\"},\"thumbnailUrl\":\"https:\/\/vosgesinfo.fr\/app\/uploads\/sites\/2\/2024\/06\/201606justice.jpg\",\"datePublished\":\"2016-06-30T05:57:09+00:00\",\"dateModified\":\"2016-06-30T05:57:09+00:00\",\"breadcrumb\":{\"@id\":\"https:\/\/vosgesinfo.fr\/laplainedesvosgesinfo\/2016\/06\/luxleaks-le-lanceur-dalerte-vosgien-condamne-a-de-la-prison-avec-sursis\/#breadcrumb\"},\"inLanguage\":\"fr-FR\",\"potentialAction\":[{\"@type\":\"ReadAction\",\"target\":[\"https:\/\/vosgesinfo.fr\/laplainedesvosgesinfo\/2016\/06\/luxleaks-le-lanceur-dalerte-vosgien-condamne-a-de-la-prison-avec-sursis\/\"]}]},{\"@type\":\"ImageObject\",\"inLanguage\":\"fr-FR\",\"@id\":\"https:\/\/vosgesinfo.fr\/laplainedesvosgesinfo\/2016\/06\/luxleaks-le-lanceur-dalerte-vosgien-condamne-a-de-la-prison-avec-sursis\/#primaryimage\",\"url\":\"https:\/\/vosgesinfo.fr\/app\/uploads\/sites\/2\/2024\/06\/201606justice.jpg\",\"contentUrl\":\"https:\/\/vosgesinfo.fr\/app\/uploads\/sites\/2\/2024\/06\/201606justice.jpg\",\"width\":800,\"height\":535},{\"@type\":\"BreadcrumbList\",\"@id\":\"https:\/\/vosgesinfo.fr\/laplainedesvosgesinfo\/2016\/06\/luxleaks-le-lanceur-dalerte-vosgien-condamne-a-de-la-prison-avec-sursis\/#breadcrumb\",\"itemListElement\":[{\"@type\":\"ListItem\",\"position\":1,\"name\":\"Home\",\"item\":\"https:\/\/vosgesinfo.fr\/laplainedesvosgesinfo\/\"},{\"@type\":\"ListItem\",\"position\":2,\"name\":\"LuxLeaks : le lanceur d\u2019alerte vosgien condamn\u00e9 \u00e0 de la prison avec sursis\"}]},{\"@type\":\"WebSite\",\"@id\":\"https:\/\/vosgesinfo.fr\/laplainedesvosgesinfo\/#website\",\"url\":\"https:\/\/vosgesinfo.fr\/laplainedesvosgesinfo\/\",\"name\":\"La Plaine des Vosges\",\"description\":\"Toute l&#039;actualit\u00e9 de la plaine de Vosges\",\"publisher\":{\"@id\":\"https:\/\/vosgesinfo.fr\/laplainedesvosgesinfo\/#organization\"},\"alternateName\":\"Toute l'actualit\u00e9 de la plaine des Vosges\",\"potentialAction\":[{\"@type\":\"SearchAction\",\"target\":{\"@type\":\"EntryPoint\",\"urlTemplate\":\"https:\/\/vosgesinfo.fr\/laplainedesvosgesinfo\/?s={search_term_string}\"},\"query-input\":\"required name=search_term_string\"}],\"inLanguage\":\"fr-FR\"},{\"@type\":\"Organization\",\"@id\":\"https:\/\/vosgesinfo.fr\/laplainedesvosgesinfo\/#organization\",\"name\":\"La Plaine des Vosges\",\"url\":\"https:\/\/vosgesinfo.fr\/laplainedesvosgesinfo\/\",\"logo\":{\"@type\":\"ImageObject\",\"inLanguage\":\"fr-FR\",\"@id\":\"https:\/\/vosgesinfo.fr\/laplainedesvosgesinfo\/#\/schema\/logo\/image\/\",\"url\":\"https:\/\/vosgesinfo.fr\/app\/uploads\/sites\/2\/2023\/08\/logo-laplaineinfo.svg\",\"contentUrl\":\"https:\/\/vosgesinfo.fr\/app\/uploads\/sites\/2\/2023\/08\/logo-laplaineinfo.svg\",\"width\":1,\"height\":1,\"caption\":\"La Plaine des Vosges\"},\"image\":{\"@id\":\"https:\/\/vosgesinfo.fr\/laplainedesvosgesinfo\/#\/schema\/logo\/image\/\"},\"sameAs\":[\"https:\/\/www.facebook.com\/laplainedesvosges\",\"https:\/\/x.com\/VosgesInfo88\",\"https:\/\/www.youtube.com\/@vosgesinfo\"]},{\"@type\":\"Person\",\"@id\":\"https:\/\/vosgesinfo.fr\/laplainedesvosgesinfo\/#\/schema\/person\/bc5d02d71e6932e81b6dadb7386667b1\",\"name\":\"qs_admin\",\"image\":{\"@type\":\"ImageObject\",\"inLanguage\":\"fr-FR\",\"@id\":\"https:\/\/vosgesinfo.fr\/laplainedesvosgesinfo\/#\/schema\/person\/image\/\",\"url\":\"https:\/\/secure.gravatar.com\/avatar\/94b18ee0ed79e4a42ea2f2931277b6841a8999fc6fde214600c78057cf1fe1de?s=96&d=mm&r=g\",\"contentUrl\":\"https:\/\/secure.gravatar.com\/avatar\/94b18ee0ed79e4a42ea2f2931277b6841a8999fc6fde214600c78057cf1fe1de?s=96&d=mm&r=g\",\"caption\":\"qs_admin\"},\"sameAs\":[\"https:\/\/vosgesinfo.fr\/wp\"],\"url\":\"https:\/\/vosgesinfo.fr\/laplainedesvosgesinfo\/author\/qs_admin\/\"}]}<\/script>\n<!-- \/ Yoast SEO plugin. -->","yoast_head_json":{"title":"LuxLeaks : le lanceur d\u2019alerte vosgien condamn\u00e9 \u00e0 de la prison avec sursis - La Plaine des Vosges","robots":{"index":"index","follow":"follow","max-snippet":"max-snippet:-1","max-image-preview":"max-image-preview:large","max-video-preview":"max-video-preview:-1"},"canonical":"https:\/\/vosgesinfo.fr\/laplainedesvosgesinfo\/2016\/06\/luxleaks-le-lanceur-dalerte-vosgien-condamne-a-de-la-prison-avec-sursis\/","twitter_card":"summary_large_image","twitter_title":"LuxLeaks : le lanceur d\u2019alerte vosgien condamn\u00e9 \u00e0 de la prison avec sursis - La Plaine des Vosges","twitter_description":"Ce mercredi, le tribunal du Luxembourg a rendu son jugement dans le proc\u00e8s LuxLeaks. Le lanceur d\u2019alerte vosgien, Antoine Deltour [&hellip;]","twitter_image":"https:\/\/vosgesinfo.fr\/app\/uploads\/sites\/2\/2024\/06\/201606justice.jpg","twitter_creator":"@VosgesInfo88","twitter_site":"@VosgesInfo88","twitter_misc":{"\u00c9crit par":"qs_admin","Dur\u00e9e de lecture estim\u00e9e":"1 minute"},"schema":{"@context":"https:\/\/schema.org","@graph":[{"@type":"Article","@id":"https:\/\/vosgesinfo.fr\/laplainedesvosgesinfo\/2016\/06\/luxleaks-le-lanceur-dalerte-vosgien-condamne-a-de-la-prison-avec-sursis\/#article","isPartOf":{"@id":"https:\/\/vosgesinfo.fr\/laplainedesvosgesinfo\/2016\/06\/luxleaks-le-lanceur-dalerte-vosgien-condamne-a-de-la-prison-avec-sursis\/"},"author":{"name":"qs_admin","@id":"https:\/\/vosgesinfo.fr\/laplainedesvosgesinfo\/#\/schema\/person\/bc5d02d71e6932e81b6dadb7386667b1"},"headline":"LuxLeaks : le lanceur d\u2019alerte vosgien condamn\u00e9 \u00e0 de la prison avec sursis","datePublished":"2016-06-30T05:57:09+00:00","dateModified":"2016-06-30T05:57:09+00:00","mainEntityOfPage":{"@id":"https:\/\/vosgesinfo.fr\/laplainedesvosgesinfo\/2016\/06\/luxleaks-le-lanceur-dalerte-vosgien-condamne-a-de-la-prison-avec-sursis\/"},"wordCount":126,"commentCount":0,"publisher":{"@id":"https:\/\/vosgesinfo.fr\/laplainedesvosgesinfo\/#organization"},"image":{"@id":"https:\/\/vosgesinfo.fr\/laplainedesvosgesinfo\/2016\/06\/luxleaks-le-lanceur-dalerte-vosgien-condamne-a-de-la-prison-avec-sursis\/#primaryimage"},"thumbnailUrl":"https:\/\/vosgesinfo.fr\/app\/uploads\/sites\/2\/2024\/06\/201606justice.jpg","keywords":["Antoine Deltour","lanceur d'alerte","Luxleaks","Vosges"],"articleSection":["Vosges"],"inLanguage":"fr-FR","potentialAction":[{"@type":"CommentAction","name":"Comment","target":["https:\/\/vosgesinfo.fr\/laplainedesvosgesinfo\/2016\/06\/luxleaks-le-lanceur-dalerte-vosgien-condamne-a-de-la-prison-avec-sursis\/#respond"]}]},{"@type":"WebPage","@id":"https:\/\/vosgesinfo.fr\/laplainedesvosgesinfo\/2016\/06\/luxleaks-le-lanceur-dalerte-vosgien-condamne-a-de-la-prison-avec-sursis\/","url":"https:\/\/vosgesinfo.fr\/laplainedesvosgesinfo\/2016\/06\/luxleaks-le-lanceur-dalerte-vosgien-condamne-a-de-la-prison-avec-sursis\/","name":"LuxLeaks : le lanceur d\u2019alerte vosgien condamn\u00e9 \u00e0 de la prison avec sursis - La Plaine des Vosges","isPartOf":{"@id":"https:\/\/vosgesinfo.fr\/laplainedesvosgesinfo\/#website"},"primaryImageOfPage":{"@id":"https:\/\/vosgesinfo.fr\/laplainedesvosgesinfo\/2016\/06\/luxleaks-le-lanceur-dalerte-vosgien-condamne-a-de-la-prison-avec-sursis\/#primaryimage"},"image":{"@id":"https:\/\/vosgesinfo.fr\/laplainedesvosgesinfo\/2016\/06\/luxleaks-le-lanceur-dalerte-vosgien-condamne-a-de-la-prison-avec-sursis\/#primaryimage"},"thumbnailUrl":"https:\/\/vosgesinfo.fr\/app\/uploads\/sites\/2\/2024\/06\/201606justice.jpg","datePublished":"2016-06-30T05:57:09+00:00","dateModified":"2016-06-30T05:57:09+00:00","breadcrumb":{"@id":"https:\/\/vosgesinfo.fr\/laplainedesvosgesinfo\/2016\/06\/luxleaks-le-lanceur-dalerte-vosgien-condamne-a-de-la-prison-avec-sursis\/#breadcrumb"},"inLanguage":"fr-FR","potentialAction":[{"@type":"ReadAction","target":["https:\/\/vosgesinfo.fr\/laplainedesvosgesinfo\/2016\/06\/luxleaks-le-lanceur-dalerte-vosgien-condamne-a-de-la-prison-avec-sursis\/"]}]},{"@type":"ImageObject","inLanguage":"fr-FR","@id":"https:\/\/vosgesinfo.fr\/laplainedesvosgesinfo\/2016\/06\/luxleaks-le-lanceur-dalerte-vosgien-condamne-a-de-la-prison-avec-sursis\/#primaryimage","url":"https:\/\/vosgesinfo.fr\/app\/uploads\/sites\/2\/2024\/06\/201606justice.jpg","contentUrl":"https:\/\/vosgesinfo.fr\/app\/uploads\/sites\/2\/2024\/06\/201606justice.jpg","width":800,"height":535},{"@type":"BreadcrumbList","@id":"https:\/\/vosgesinfo.fr\/laplainedesvosgesinfo\/2016\/06\/luxleaks-le-lanceur-dalerte-vosgien-condamne-a-de-la-prison-avec-sursis\/#breadcrumb","itemListElement":[{"@type":"ListItem","position":1,"name":"Home","item":"https:\/\/vosgesinfo.fr\/laplainedesvosgesinfo\/"},{"@type":"ListItem","position":2,"name":"LuxLeaks : le lanceur d\u2019alerte vosgien condamn\u00e9 \u00e0 de la prison avec sursis"}]},{"@type":"WebSite","@id":"https:\/\/vosgesinfo.fr\/laplainedesvosgesinfo\/#website","url":"https:\/\/vosgesinfo.fr\/laplainedesvosgesinfo\/","name":"La Plaine des Vosges","description":"Toute l&#039;actualit\u00e9 de la plaine de Vosges","publisher":{"@id":"https:\/\/vosgesinfo.fr\/laplainedesvosgesinfo\/#organization"},"alternateName":"Toute l'actualit\u00e9 de la plaine des Vosges","potentialAction":[{"@type":"SearchAction","target":{"@type":"EntryPoint","urlTemplate":"https:\/\/vosgesinfo.fr\/laplainedesvosgesinfo\/?s={search_term_string}"},"query-input":"required name=search_term_string"}],"inLanguage":"fr-FR"},{"@type":"Organization","@id":"https:\/\/vosgesinfo.fr\/laplainedesvosgesinfo\/#organization","name":"La Plaine des Vosges","url":"https:\/\/vosgesinfo.fr\/laplainedesvosgesinfo\/","logo":{"@type":"ImageObject","inLanguage":"fr-FR","@id":"https:\/\/vosgesinfo.fr\/laplainedesvosgesinfo\/#\/schema\/logo\/image\/","url":"https:\/\/vosgesinfo.fr\/app\/uploads\/sites\/2\/2023\/08\/logo-laplaineinfo.svg","contentUrl":"https:\/\/vosgesinfo.fr\/app\/uploads\/sites\/2\/2023\/08\/logo-laplaineinfo.svg","width":1,"height":1,"caption":"La Plaine des Vosges"},"image":{"@id":"https:\/\/vosgesinfo.fr\/laplainedesvosgesinfo\/#\/schema\/logo\/image\/"},"sameAs":["https:\/\/www.facebook.com\/laplainedesvosges","https:\/\/x.com\/VosgesInfo88","https:\/\/www.youtube.com\/@vosgesinfo"]},{"@type":"Person","@id":"https:\/\/vosgesinfo.fr\/laplainedesvosgesinfo\/#\/schema\/person\/bc5d02d71e6932e81b6dadb7386667b1","name":"qs_admin","image":{"@type":"ImageObject","inLanguage":"fr-FR","@id":"https:\/\/vosgesinfo.fr\/laplainedesvosgesinfo\/#\/schema\/person\/image\/","url":"https:\/\/secure.gravatar.com\/avatar\/94b18ee0ed79e4a42ea2f2931277b6841a8999fc6fde214600c78057cf1fe1de?s=96&d=mm&r=g","contentUrl":"https:\/\/secure.gravatar.com\/avatar\/94b18ee0ed79e4a42ea2f2931277b6841a8999fc6fde214600c78057cf1fe1de?s=96&d=mm&r=g","caption":"qs_admin"},"sameAs":["https:\/\/vosgesinfo.fr\/wp"],"url":"https:\/\/vosgesinfo.fr\/laplainedesvosgesinfo\/author\/qs_admin\/"}]}},"_links":{"self":[{"href":"https:\/\/vosgesinfo.fr\/laplainedesvosgesinfo\/wp-json\/wp\/v2\/posts\/5244","targetHints":{"allow":["GET"]}}],"collection":[{"href":"https:\/\/vosgesinfo.fr\/laplainedesvosgesinfo\/wp-json\/wp\/v2\/posts"}],"about":[{"href":"https:\/\/vosgesinfo.fr\/laplainedesvosgesinfo\/wp-json\/wp\/v2\/types\/post"}],"author":[{"embeddable":true,"href":"https:\/\/vosgesinfo.fr\/laplainedesvosgesinfo\/wp-json\/wp\/v2\/users\/1"}],"replies":[{"embeddable":true,"href":"https:\/\/vosgesinfo.fr\/laplainedesvosgesinfo\/wp-json\/wp\/v2\/comments?post=5244"}],"version-history":[{"count":0,"href":"https:\/\/vosgesinfo.fr\/laplainedesvosgesinfo\/wp-json\/wp\/v2\/posts\/5244\/revisions"}],"wp:featuredmedia":[{"embeddable":true,"href":"https:\/\/vosgesinfo.fr\/laplainedesvosgesinfo\/wp-json\/wp\/v2\/media\/5245"}],"wp:attachment":[{"href":"https:\/\/vosgesinfo.fr\/laplainedesvosgesinfo\/wp-json\/wp\/v2\/media?parent=5244"}],"wp:term":[{"taxonomy":"category","embeddable":true,"href":"https:\/\/vosgesinfo.fr\/laplainedesvosgesinfo\/wp-json\/wp\/v2\/categories?post=5244"},{"taxonomy":"post_tag","embeddable":true,"href":"https:\/\/vosgesinfo.fr\/laplainedesvosgesinfo\/wp-json\/wp\/v2\/tags?post=5244"}],"curies":[{"name":"wp","href":"https:\/\/api.w.org\/{rel}","templated":true}]}}