{"id":5274,"date":"2016-07-01T13:38:25","date_gmt":"2016-07-01T11:38:25","guid":{"rendered":"https:\/\/vosgesinfo.fr\/laplainedesvosgesinfo\/2016\/07\/communaute-de-communes-terre-deau-creation-de-tarif-pour-laire-de-service-des-camping-cars\/"},"modified":"2016-07-01T13:38:25","modified_gmt":"2016-07-01T11:38:25","slug":"communaute-de-communes-terre-deau-creation-de-tarif-pour-laire-de-service-des-camping-cars","status":"publish","type":"post","link":"https:\/\/vosgesinfo.fr\/laplainedesvosgesinfo\/2016\/07\/communaute-de-communes-terre-deau-creation-de-tarif-pour-laire-de-service-des-camping-cars\/","title":{"rendered":"Communaut\u00e9 de communes Terre d&rsquo;Eau \u2013 Cr\u00e9ation de tarif pour l&rsquo;aire de service des camping-cars"},"content":{"rendered":"<div id=\"attachment_78051\" style=\"width: 1034px\" class=\"wp-caption aligncenter\"><a href=\"\/2016\/07\/Aire-CC-VC-1.jpg\"><img decoding=\"async\" aria-describedby=\"caption-attachment-78051\" class=\"wp-image-78051 size-full\" src=\"\/2016\/07\/Aire-CC-VC-1.jpg\" alt=\"Aire CC-VC (1)\" width=\"1024\" height=\"683\" \/><\/a><p id=\"caption-attachment-78051\" class=\"wp-caption-text\"><em>Aire de stationnement de Vittel.<\/em><\/p><\/div>\n<p style=\"text-align: justify;\"><strong>La Communaut\u00e9 de Communes Terre d&rsquo;Eau a r\u00e9cemment d\u00e9cid\u00e9 de r\u00e9aliser une aire de servie ainsi qu&rsquo;une aire de stationnement pour l&rsquo;accueil des camping-caristes sur le territoire.<\/strong> L&rsquo;aire de service est un dispositif sanitaire technique propos\u00e9 aux camping-cars afin d&rsquo;effectuer les op\u00e9rations n\u00e9cessaires comme la vidange des eaux us\u00e9es (\u00ab\u00a0eaux grises\u00a0\u00bb de vaisselle et toilettes, \u00ab\u00a0eaux noires\u00a0\u00bb de WC cassette ou nautique) et l&rsquo;approvisionnement en eau potable.<\/p>\n<p style=\"text-align: justify;\">Compte tenu des services dont b\u00e9n\u00e9ficieront les usagers et afin de ne pas faire de concurrence au tissu \u00e9conomique local, il a \u00e9t\u00e9 propos\u00e9 aux conseillers de facturer l&rsquo;acc\u00e8s au service. Apr\u00e8s vote du conseil communautaire ce jeudi soir et compte tenu des pratiques locales et voisines, il a \u00e9t\u00e9 choisi d&rsquo;appliquer une redevance de 2,50\u20ac.<\/p>\n<div id=\"attachment_78052\" style=\"width: 434px\" class=\"wp-caption alignright\"><a href=\"\/2016\/07\/Aire-CC-VC-2.jpg\"><img decoding=\"async\" aria-describedby=\"caption-attachment-78052\" class=\"wp-image-78052\" src=\"\/2016\/07\/Aire-CC-VC-2.jpg\" alt=\"Aire CC-VC (2)\" width=\"424\" height=\"283\" \/><\/a><p id=\"caption-attachment-78052\" class=\"wp-caption-text\"><em>Aire technique de Contrex\u00e9ville.<\/em><\/p><\/div>\n<p style=\"text-align: justify;\">L&rsquo;aire technique sera situ\u00e9e sur la commune de Contrex\u00e9ville, situ\u00e9e rue Jean Moulin, face \u00e0 l&rsquo;ancienne caserne de pompiers. Dans la commune voisine, se sera un parking touristique qui sera cr\u00e9\u00e9 au sein duquel sera implant\u00e9 une aire de stationnement gratuite, sur l&rsquo;\u00celot Foch. \u00ab\u00a0<em>Il n&rsquo;est pas question de faire de la concurrence au tissu \u00e9conomique local<\/em>\u00a0\u00bb pr\u00e9cise Jean-Jacques Gaultier, pr\u00e9sident de la communaut\u00e9 de communes.<\/p>\n<p style=\"text-align: justify;\">L&rsquo;aire technique sera op\u00e9rationnelle pour cet \u00e9t\u00e9. \u00ab\u00a0<em>L&rsquo;enrob\u00e9 et la borne d&rsquo;acc\u00e8s munie d&rsquo;un TPE (Terminal de Paiement Electronique) ne devrait pas tarder \u00e0 arriver \u00e0 Contrex\u00e9ville<\/em>\u00a0\u00bb note Michel Courtoisier, adjoint \u00e0 Contrex\u00e9ville.<\/p>\n<p style=\"text-align: justify;\">Actuellement, le march\u00e9 est en pleine \u00e9volution. Il y a une forte demande avec deux types de client\u00e8les : celle qui souhaitent \u00eatre en camping et celle qui pr\u00e9f\u00e8re \u00eatre en centre-ville, avec un \u00e9quipement minimum.<\/p>\n<p style=\"text-align: justify;\">\n<p style=\"text-align: justify;\">A.J.<\/p>\n","protected":false},"excerpt":{"rendered":"<p>La Communaut\u00e9 de Communes Terre d&rsquo;Eau a r\u00e9cemment d\u00e9cid\u00e9 de r\u00e9aliser une aire de servie ainsi qu&rsquo;une aire de stationnement [&hellip;]<\/p>\n","protected":false},"author":1,"featured_media":5275,"comment_status":"open","ping_status":"open","sticky":false,"template":"","format":"standard","meta":{"footnotes":""},"categories":[79,37,13,38],"tags":[1540,1541,76],"class_list":["post-5274","post","type-post","status-publish","format-standard","has-post-thumbnail","hentry","category-contrexeville-la-plaine","category-la-plaine","category-societe","category-vittel-la-plaine","tag-aire-technique","tag-camping-cars","tag-communaute-de-communes-terre-deau"],"acf":[],"yoast_head":"<!-- This site is optimized with the Yoast SEO plugin v22.5 - https:\/\/yoast.com\/wordpress\/plugins\/seo\/ -->\n<title>Communaut\u00e9 de communes Terre d&#039;Eau \u2013 Cr\u00e9ation de tarif pour l&#039;aire de service des camping-cars - La Plaine des Vosges<\/title>\n<meta name=\"robots\" content=\"index, follow, max-snippet:-1, max-image-preview:large, max-video-preview:-1\" \/>\n<link rel=\"canonical\" href=\"https:\/\/vosgesinfo.fr\/laplainedesvosgesinfo\/2016\/07\/communaute-de-communes-terre-deau-creation-de-tarif-pour-laire-de-service-des-camping-cars\/\" \/>\n<meta name=\"twitter:card\" content=\"summary_large_image\" \/>\n<meta name=\"twitter:title\" content=\"Communaut\u00e9 de communes Terre d&#039;Eau \u2013 Cr\u00e9ation de tarif pour l&#039;aire de service des camping-cars - La Plaine des Vosges\" \/>\n<meta name=\"twitter:description\" content=\"La Communaut\u00e9 de Communes Terre d&rsquo;Eau a r\u00e9cemment d\u00e9cid\u00e9 de r\u00e9aliser une aire de servie ainsi qu&rsquo;une aire de stationnement [&hellip;]\" \/>\n<meta name=\"twitter:image\" content=\"https:\/\/vosgesinfo.fr\/app\/uploads\/sites\/2\/2024\/06\/201607aire-cc-vc-1.jpg\" \/>\n<meta name=\"twitter:creator\" content=\"@VosgesInfo88\" \/>\n<meta name=\"twitter:site\" content=\"@VosgesInfo88\" \/>\n<meta name=\"twitter:label1\" content=\"\u00c9crit par\" \/>\n\t<meta name=\"twitter:data1\" content=\"qs_admin\" \/>\n\t<meta name=\"twitter:label2\" content=\"Dur\u00e9e de lecture estim\u00e9e\" \/>\n\t<meta name=\"twitter:data2\" content=\"2 minutes\" \/>\n<script type=\"application\/ld+json\" class=\"yoast-schema-graph\">{\"@context\":\"https:\/\/schema.org\",\"@graph\":[{\"@type\":\"Article\",\"@id\":\"https:\/\/vosgesinfo.fr\/laplainedesvosgesinfo\/2016\/07\/communaute-de-communes-terre-deau-creation-de-tarif-pour-laire-de-service-des-camping-cars\/#article\",\"isPartOf\":{\"@id\":\"https:\/\/vosgesinfo.fr\/laplainedesvosgesinfo\/2016\/07\/communaute-de-communes-terre-deau-creation-de-tarif-pour-laire-de-service-des-camping-cars\/\"},\"author\":{\"name\":\"qs_admin\",\"@id\":\"https:\/\/vosgesinfo.fr\/laplainedesvosgesinfo\/#\/schema\/person\/bc5d02d71e6932e81b6dadb7386667b1\"},\"headline\":\"Communaut\u00e9 de communes Terre d&rsquo;Eau \u2013 Cr\u00e9ation de tarif pour l&rsquo;aire de service des camping-cars\",\"datePublished\":\"2016-07-01T11:38:25+00:00\",\"dateModified\":\"2016-07-01T11:38:25+00:00\",\"mainEntityOfPage\":{\"@id\":\"https:\/\/vosgesinfo.fr\/laplainedesvosgesinfo\/2016\/07\/communaute-de-communes-terre-deau-creation-de-tarif-pour-laire-de-service-des-camping-cars\/\"},\"wordCount\":333,\"commentCount\":0,\"publisher\":{\"@id\":\"https:\/\/vosgesinfo.fr\/laplainedesvosgesinfo\/#organization\"},\"image\":{\"@id\":\"https:\/\/vosgesinfo.fr\/laplainedesvosgesinfo\/2016\/07\/communaute-de-communes-terre-deau-creation-de-tarif-pour-laire-de-service-des-camping-cars\/#primaryimage\"},\"thumbnailUrl\":\"https:\/\/vosgesinfo.fr\/app\/uploads\/sites\/2\/2024\/06\/201607aire-cc-vc-1.jpg\",\"keywords\":[\"aire technique\",\"camping-cars\",\"Communaut\u00e9 de communes Terre d'Eau\"],\"articleSection\":[\"Contrex\u00e9ville\",\"La Plaine\",\"Soci\u00e9t\u00e9\",\"Vittel\"],\"inLanguage\":\"fr-FR\",\"potentialAction\":[{\"@type\":\"CommentAction\",\"name\":\"Comment\",\"target\":[\"https:\/\/vosgesinfo.fr\/laplainedesvosgesinfo\/2016\/07\/communaute-de-communes-terre-deau-creation-de-tarif-pour-laire-de-service-des-camping-cars\/#respond\"]}]},{\"@type\":\"WebPage\",\"@id\":\"https:\/\/vosgesinfo.fr\/laplainedesvosgesinfo\/2016\/07\/communaute-de-communes-terre-deau-creation-de-tarif-pour-laire-de-service-des-camping-cars\/\",\"url\":\"https:\/\/vosgesinfo.fr\/laplainedesvosgesinfo\/2016\/07\/communaute-de-communes-terre-deau-creation-de-tarif-pour-laire-de-service-des-camping-cars\/\",\"name\":\"Communaut\u00e9 de communes Terre d'Eau \u2013 Cr\u00e9ation de tarif pour l'aire de service des camping-cars - La Plaine des Vosges\",\"isPartOf\":{\"@id\":\"https:\/\/vosgesinfo.fr\/laplainedesvosgesinfo\/#website\"},\"primaryImageOfPage\":{\"@id\":\"https:\/\/vosgesinfo.fr\/laplainedesvosgesinfo\/2016\/07\/communaute-de-communes-terre-deau-creation-de-tarif-pour-laire-de-service-des-camping-cars\/#primaryimage\"},\"image\":{\"@id\":\"https:\/\/vosgesinfo.fr\/laplainedesvosgesinfo\/2016\/07\/communaute-de-communes-terre-deau-creation-de-tarif-pour-laire-de-service-des-camping-cars\/#primaryimage\"},\"thumbnailUrl\":\"https:\/\/vosgesinfo.fr\/app\/uploads\/sites\/2\/2024\/06\/201607aire-cc-vc-1.jpg\",\"datePublished\":\"2016-07-01T11:38:25+00:00\",\"dateModified\":\"2016-07-01T11:38:25+00:00\",\"breadcrumb\":{\"@id\":\"https:\/\/vosgesinfo.fr\/laplainedesvosgesinfo\/2016\/07\/communaute-de-communes-terre-deau-creation-de-tarif-pour-laire-de-service-des-camping-cars\/#breadcrumb\"},\"inLanguage\":\"fr-FR\",\"potentialAction\":[{\"@type\":\"ReadAction\",\"target\":[\"https:\/\/vosgesinfo.fr\/laplainedesvosgesinfo\/2016\/07\/communaute-de-communes-terre-deau-creation-de-tarif-pour-laire-de-service-des-camping-cars\/\"]}]},{\"@type\":\"ImageObject\",\"inLanguage\":\"fr-FR\",\"@id\":\"https:\/\/vosgesinfo.fr\/laplainedesvosgesinfo\/2016\/07\/communaute-de-communes-terre-deau-creation-de-tarif-pour-laire-de-service-des-camping-cars\/#primaryimage\",\"url\":\"https:\/\/vosgesinfo.fr\/app\/uploads\/sites\/2\/2024\/06\/201607aire-cc-vc-1.jpg\",\"contentUrl\":\"https:\/\/vosgesinfo.fr\/app\/uploads\/sites\/2\/2024\/06\/201607aire-cc-vc-1.jpg\",\"width\":800,\"height\":534},{\"@type\":\"BreadcrumbList\",\"@id\":\"https:\/\/vosgesinfo.fr\/laplainedesvosgesinfo\/2016\/07\/communaute-de-communes-terre-deau-creation-de-tarif-pour-laire-de-service-des-camping-cars\/#breadcrumb\",\"itemListElement\":[{\"@type\":\"ListItem\",\"position\":1,\"name\":\"Home\",\"item\":\"https:\/\/vosgesinfo.fr\/laplainedesvosgesinfo\/\"},{\"@type\":\"ListItem\",\"position\":2,\"name\":\"Communaut\u00e9 de communes Terre d&rsquo;Eau \u2013 Cr\u00e9ation de tarif pour l&rsquo;aire de service des camping-cars\"}]},{\"@type\":\"WebSite\",\"@id\":\"https:\/\/vosgesinfo.fr\/laplainedesvosgesinfo\/#website\",\"url\":\"https:\/\/vosgesinfo.fr\/laplainedesvosgesinfo\/\",\"name\":\"La Plaine des Vosges\",\"description\":\"Toute l&#039;actualit\u00e9 de la plaine de Vosges\",\"publisher\":{\"@id\":\"https:\/\/vosgesinfo.fr\/laplainedesvosgesinfo\/#organization\"},\"alternateName\":\"Toute l'actualit\u00e9 de la plaine des Vosges\",\"potentialAction\":[{\"@type\":\"SearchAction\",\"target\":{\"@type\":\"EntryPoint\",\"urlTemplate\":\"https:\/\/vosgesinfo.fr\/laplainedesvosgesinfo\/?s={search_term_string}\"},\"query-input\":\"required name=search_term_string\"}],\"inLanguage\":\"fr-FR\"},{\"@type\":\"Organization\",\"@id\":\"https:\/\/vosgesinfo.fr\/laplainedesvosgesinfo\/#organization\",\"name\":\"La Plaine des Vosges\",\"url\":\"https:\/\/vosgesinfo.fr\/laplainedesvosgesinfo\/\",\"logo\":{\"@type\":\"ImageObject\",\"inLanguage\":\"fr-FR\",\"@id\":\"https:\/\/vosgesinfo.fr\/laplainedesvosgesinfo\/#\/schema\/logo\/image\/\",\"url\":\"https:\/\/vosgesinfo.fr\/app\/uploads\/sites\/2\/2023\/08\/logo-laplaineinfo.svg\",\"contentUrl\":\"https:\/\/vosgesinfo.fr\/app\/uploads\/sites\/2\/2023\/08\/logo-laplaineinfo.svg\",\"width\":1,\"height\":1,\"caption\":\"La Plaine des Vosges\"},\"image\":{\"@id\":\"https:\/\/vosgesinfo.fr\/laplainedesvosgesinfo\/#\/schema\/logo\/image\/\"},\"sameAs\":[\"https:\/\/www.facebook.com\/laplainedesvosges\",\"https:\/\/x.com\/VosgesInfo88\",\"https:\/\/www.youtube.com\/@vosgesinfo\"]},{\"@type\":\"Person\",\"@id\":\"https:\/\/vosgesinfo.fr\/laplainedesvosgesinfo\/#\/schema\/person\/bc5d02d71e6932e81b6dadb7386667b1\",\"name\":\"qs_admin\",\"image\":{\"@type\":\"ImageObject\",\"inLanguage\":\"fr-FR\",\"@id\":\"https:\/\/vosgesinfo.fr\/laplainedesvosgesinfo\/#\/schema\/person\/image\/\",\"url\":\"https:\/\/secure.gravatar.com\/avatar\/94b18ee0ed79e4a42ea2f2931277b6841a8999fc6fde214600c78057cf1fe1de?s=96&d=mm&r=g\",\"contentUrl\":\"https:\/\/secure.gravatar.com\/avatar\/94b18ee0ed79e4a42ea2f2931277b6841a8999fc6fde214600c78057cf1fe1de?s=96&d=mm&r=g\",\"caption\":\"qs_admin\"},\"sameAs\":[\"https:\/\/vosgesinfo.fr\/wp\"],\"url\":\"https:\/\/vosgesinfo.fr\/laplainedesvosgesinfo\/author\/qs_admin\/\"}]}<\/script>\n<!-- \/ Yoast SEO plugin. -->","yoast_head_json":{"title":"Communaut\u00e9 de communes Terre d'Eau \u2013 Cr\u00e9ation de tarif pour l'aire de service des camping-cars - La Plaine des Vosges","robots":{"index":"index","follow":"follow","max-snippet":"max-snippet:-1","max-image-preview":"max-image-preview:large","max-video-preview":"max-video-preview:-1"},"canonical":"https:\/\/vosgesinfo.fr\/laplainedesvosgesinfo\/2016\/07\/communaute-de-communes-terre-deau-creation-de-tarif-pour-laire-de-service-des-camping-cars\/","twitter_card":"summary_large_image","twitter_title":"Communaut\u00e9 de communes Terre d'Eau \u2013 Cr\u00e9ation de tarif pour l'aire de service des camping-cars - La Plaine des Vosges","twitter_description":"La Communaut\u00e9 de Communes Terre d&rsquo;Eau a r\u00e9cemment d\u00e9cid\u00e9 de r\u00e9aliser une aire de servie ainsi qu&rsquo;une aire de stationnement [&hellip;]","twitter_image":"https:\/\/vosgesinfo.fr\/app\/uploads\/sites\/2\/2024\/06\/201607aire-cc-vc-1.jpg","twitter_creator":"@VosgesInfo88","twitter_site":"@VosgesInfo88","twitter_misc":{"\u00c9crit par":"qs_admin","Dur\u00e9e de lecture estim\u00e9e":"2 minutes"},"schema":{"@context":"https:\/\/schema.org","@graph":[{"@type":"Article","@id":"https:\/\/vosgesinfo.fr\/laplainedesvosgesinfo\/2016\/07\/communaute-de-communes-terre-deau-creation-de-tarif-pour-laire-de-service-des-camping-cars\/#article","isPartOf":{"@id":"https:\/\/vosgesinfo.fr\/laplainedesvosgesinfo\/2016\/07\/communaute-de-communes-terre-deau-creation-de-tarif-pour-laire-de-service-des-camping-cars\/"},"author":{"name":"qs_admin","@id":"https:\/\/vosgesinfo.fr\/laplainedesvosgesinfo\/#\/schema\/person\/bc5d02d71e6932e81b6dadb7386667b1"},"headline":"Communaut\u00e9 de communes Terre d&rsquo;Eau \u2013 Cr\u00e9ation de tarif pour l&rsquo;aire de service des camping-cars","datePublished":"2016-07-01T11:38:25+00:00","dateModified":"2016-07-01T11:38:25+00:00","mainEntityOfPage":{"@id":"https:\/\/vosgesinfo.fr\/laplainedesvosgesinfo\/2016\/07\/communaute-de-communes-terre-deau-creation-de-tarif-pour-laire-de-service-des-camping-cars\/"},"wordCount":333,"commentCount":0,"publisher":{"@id":"https:\/\/vosgesinfo.fr\/laplainedesvosgesinfo\/#organization"},"image":{"@id":"https:\/\/vosgesinfo.fr\/laplainedesvosgesinfo\/2016\/07\/communaute-de-communes-terre-deau-creation-de-tarif-pour-laire-de-service-des-camping-cars\/#primaryimage"},"thumbnailUrl":"https:\/\/vosgesinfo.fr\/app\/uploads\/sites\/2\/2024\/06\/201607aire-cc-vc-1.jpg","keywords":["aire technique","camping-cars","Communaut\u00e9 de communes Terre d'Eau"],"articleSection":["Contrex\u00e9ville","La Plaine","Soci\u00e9t\u00e9","Vittel"],"inLanguage":"fr-FR","potentialAction":[{"@type":"CommentAction","name":"Comment","target":["https:\/\/vosgesinfo.fr\/laplainedesvosgesinfo\/2016\/07\/communaute-de-communes-terre-deau-creation-de-tarif-pour-laire-de-service-des-camping-cars\/#respond"]}]},{"@type":"WebPage","@id":"https:\/\/vosgesinfo.fr\/laplainedesvosgesinfo\/2016\/07\/communaute-de-communes-terre-deau-creation-de-tarif-pour-laire-de-service-des-camping-cars\/","url":"https:\/\/vosgesinfo.fr\/laplainedesvosgesinfo\/2016\/07\/communaute-de-communes-terre-deau-creation-de-tarif-pour-laire-de-service-des-camping-cars\/","name":"Communaut\u00e9 de communes Terre d'Eau \u2013 Cr\u00e9ation de tarif pour l'aire de service des camping-cars - La Plaine des Vosges","isPartOf":{"@id":"https:\/\/vosgesinfo.fr\/laplainedesvosgesinfo\/#website"},"primaryImageOfPage":{"@id":"https:\/\/vosgesinfo.fr\/laplainedesvosgesinfo\/2016\/07\/communaute-de-communes-terre-deau-creation-de-tarif-pour-laire-de-service-des-camping-cars\/#primaryimage"},"image":{"@id":"https:\/\/vosgesinfo.fr\/laplainedesvosgesinfo\/2016\/07\/communaute-de-communes-terre-deau-creation-de-tarif-pour-laire-de-service-des-camping-cars\/#primaryimage"},"thumbnailUrl":"https:\/\/vosgesinfo.fr\/app\/uploads\/sites\/2\/2024\/06\/201607aire-cc-vc-1.jpg","datePublished":"2016-07-01T11:38:25+00:00","dateModified":"2016-07-01T11:38:25+00:00","breadcrumb":{"@id":"https:\/\/vosgesinfo.fr\/laplainedesvosgesinfo\/2016\/07\/communaute-de-communes-terre-deau-creation-de-tarif-pour-laire-de-service-des-camping-cars\/#breadcrumb"},"inLanguage":"fr-FR","potentialAction":[{"@type":"ReadAction","target":["https:\/\/vosgesinfo.fr\/laplainedesvosgesinfo\/2016\/07\/communaute-de-communes-terre-deau-creation-de-tarif-pour-laire-de-service-des-camping-cars\/"]}]},{"@type":"ImageObject","inLanguage":"fr-FR","@id":"https:\/\/vosgesinfo.fr\/laplainedesvosgesinfo\/2016\/07\/communaute-de-communes-terre-deau-creation-de-tarif-pour-laire-de-service-des-camping-cars\/#primaryimage","url":"https:\/\/vosgesinfo.fr\/app\/uploads\/sites\/2\/2024\/06\/201607aire-cc-vc-1.jpg","contentUrl":"https:\/\/vosgesinfo.fr\/app\/uploads\/sites\/2\/2024\/06\/201607aire-cc-vc-1.jpg","width":800,"height":534},{"@type":"BreadcrumbList","@id":"https:\/\/vosgesinfo.fr\/laplainedesvosgesinfo\/2016\/07\/communaute-de-communes-terre-deau-creation-de-tarif-pour-laire-de-service-des-camping-cars\/#breadcrumb","itemListElement":[{"@type":"ListItem","position":1,"name":"Home","item":"https:\/\/vosgesinfo.fr\/laplainedesvosgesinfo\/"},{"@type":"ListItem","position":2,"name":"Communaut\u00e9 de communes Terre d&rsquo;Eau \u2013 Cr\u00e9ation de tarif pour l&rsquo;aire de service des camping-cars"}]},{"@type":"WebSite","@id":"https:\/\/vosgesinfo.fr\/laplainedesvosgesinfo\/#website","url":"https:\/\/vosgesinfo.fr\/laplainedesvosgesinfo\/","name":"La Plaine des Vosges","description":"Toute l&#039;actualit\u00e9 de la plaine de Vosges","publisher":{"@id":"https:\/\/vosgesinfo.fr\/laplainedesvosgesinfo\/#organization"},"alternateName":"Toute l'actualit\u00e9 de la plaine des Vosges","potentialAction":[{"@type":"SearchAction","target":{"@type":"EntryPoint","urlTemplate":"https:\/\/vosgesinfo.fr\/laplainedesvosgesinfo\/?s={search_term_string}"},"query-input":"required name=search_term_string"}],"inLanguage":"fr-FR"},{"@type":"Organization","@id":"https:\/\/vosgesinfo.fr\/laplainedesvosgesinfo\/#organization","name":"La Plaine des Vosges","url":"https:\/\/vosgesinfo.fr\/laplainedesvosgesinfo\/","logo":{"@type":"ImageObject","inLanguage":"fr-FR","@id":"https:\/\/vosgesinfo.fr\/laplainedesvosgesinfo\/#\/schema\/logo\/image\/","url":"https:\/\/vosgesinfo.fr\/app\/uploads\/sites\/2\/2023\/08\/logo-laplaineinfo.svg","contentUrl":"https:\/\/vosgesinfo.fr\/app\/uploads\/sites\/2\/2023\/08\/logo-laplaineinfo.svg","width":1,"height":1,"caption":"La Plaine des Vosges"},"image":{"@id":"https:\/\/vosgesinfo.fr\/laplainedesvosgesinfo\/#\/schema\/logo\/image\/"},"sameAs":["https:\/\/www.facebook.com\/laplainedesvosges","https:\/\/x.com\/VosgesInfo88","https:\/\/www.youtube.com\/@vosgesinfo"]},{"@type":"Person","@id":"https:\/\/vosgesinfo.fr\/laplainedesvosgesinfo\/#\/schema\/person\/bc5d02d71e6932e81b6dadb7386667b1","name":"qs_admin","image":{"@type":"ImageObject","inLanguage":"fr-FR","@id":"https:\/\/vosgesinfo.fr\/laplainedesvosgesinfo\/#\/schema\/person\/image\/","url":"https:\/\/secure.gravatar.com\/avatar\/94b18ee0ed79e4a42ea2f2931277b6841a8999fc6fde214600c78057cf1fe1de?s=96&d=mm&r=g","contentUrl":"https:\/\/secure.gravatar.com\/avatar\/94b18ee0ed79e4a42ea2f2931277b6841a8999fc6fde214600c78057cf1fe1de?s=96&d=mm&r=g","caption":"qs_admin"},"sameAs":["https:\/\/vosgesinfo.fr\/wp"],"url":"https:\/\/vosgesinfo.fr\/laplainedesvosgesinfo\/author\/qs_admin\/"}]}},"_links":{"self":[{"href":"https:\/\/vosgesinfo.fr\/laplainedesvosgesinfo\/wp-json\/wp\/v2\/posts\/5274","targetHints":{"allow":["GET"]}}],"collection":[{"href":"https:\/\/vosgesinfo.fr\/laplainedesvosgesinfo\/wp-json\/wp\/v2\/posts"}],"about":[{"href":"https:\/\/vosgesinfo.fr\/laplainedesvosgesinfo\/wp-json\/wp\/v2\/types\/post"}],"author":[{"embeddable":true,"href":"https:\/\/vosgesinfo.fr\/laplainedesvosgesinfo\/wp-json\/wp\/v2\/users\/1"}],"replies":[{"embeddable":true,"href":"https:\/\/vosgesinfo.fr\/laplainedesvosgesinfo\/wp-json\/wp\/v2\/comments?post=5274"}],"version-history":[{"count":0,"href":"https:\/\/vosgesinfo.fr\/laplainedesvosgesinfo\/wp-json\/wp\/v2\/posts\/5274\/revisions"}],"wp:featuredmedia":[{"embeddable":true,"href":"https:\/\/vosgesinfo.fr\/laplainedesvosgesinfo\/wp-json\/wp\/v2\/media\/5275"}],"wp:attachment":[{"href":"https:\/\/vosgesinfo.fr\/laplainedesvosgesinfo\/wp-json\/wp\/v2\/media?parent=5274"}],"wp:term":[{"taxonomy":"category","embeddable":true,"href":"https:\/\/vosgesinfo.fr\/laplainedesvosgesinfo\/wp-json\/wp\/v2\/categories?post=5274"},{"taxonomy":"post_tag","embeddable":true,"href":"https:\/\/vosgesinfo.fr\/laplainedesvosgesinfo\/wp-json\/wp\/v2\/tags?post=5274"}],"curies":[{"name":"wp","href":"https:\/\/api.w.org\/{rel}","templated":true}]}}