{"id":5323,"date":"2016-07-02T16:23:12","date_gmt":"2016-07-02T14:23:12","guid":{"rendered":"https:\/\/vosgesinfo.fr\/laplainedesvosgesinfo\/2016\/07\/x-terra-france-cherchez-pas-cest-blinde\/"},"modified":"2016-07-02T16:23:12","modified_gmt":"2016-07-02T14:23:12","slug":"x-terra-france-cherchez-pas-cest-blinde","status":"publish","type":"post","link":"https:\/\/vosgesinfo.fr\/laplainedesvosgesinfo\/2016\/07\/x-terra-france-cherchez-pas-cest-blinde\/","title":{"rendered":"X Terra France : cherchez pas, c\u2019est blind\u00e9 !!"},"content":{"rendered":"<p><a href=\"\/2016\/07\/X-terra-2016-France-2.jpg\"><img decoding=\"async\" class=\"aligncenter size-full wp-image-78120\" src=\"\/2016\/07\/X-terra-2016-France-2.jpg\" alt=\"X-terra-2016-France-2\" width=\"1024\" height=\"768\" \/><\/a><\/p>\n<p><strong>900 inscrits pour le X Terra d\u00e9couverte et 1 000 pour l\u2019\u00e9preuve reine dont le d\u00e9part sera donn\u00e9 ce dimanche \u00e0 14 h, le X Terra France de Xonrupt affiche tout simplement complet !!<\/strong><\/p>\n<p><a href=\"http:\/\/gerardmerinfo.fr\/wp-content\/uploads\/2016\/07\/X-terra-2016-France-4.jpg\" data-featherlight=\"image\"><img decoding=\"async\" class=\"alignright  wp-image-90851\" src=\"https:\/\/vosgesinfo.fr\/app\/uploads\/sites\/2\/2016\/07\/x-terra-2016-france-4-340x255-1.jpg\" alt=\"X terra 2016 France (4)\" width=\"333\" height=\"250\" \/><\/a>\u00ab\u00a0On peut pas en mettre plus !\u00a0\u00bb annon\u00e7ait Bernard Charbonnier sur la ligne d\u2019arriv\u00e9e du X Terra Eliminator cette apr\u00e8s-midi. L\u2019\u00e9v\u00e9nement s\u2019annonce donc comme une belle r\u00e9ussite, et ce d\u2019autant plus que le soleil sera vraisemblablement de la partie demain. \u00c7a va envoyer du lourd, du tr\u00e8s lourd m\u00eame apr\u00e8s le petit tour de chauffe en VTT du samedi. Le d\u00e9part dans le lac de Longemer sera sans doute spectaculaire et attendu par un public nombreux compos\u00e9 principalement de fans de sport outdoor. Certains athl\u00e8tes se sont d\u2019ailleurs d\u00e9j\u00e0 mis dans le bain au sens propre comme au figur\u00e9. Bref, rendez-vous d\u00e9s demain matin \u00e0 8 h 00 pour le lancement des r\u00e9jouissances sportives qui dureront toute la journ\u00e9e avec entre deux gros rush les \u00e9preuves destin\u00e9es aux enfants.<\/p>\n<p>Plus d\u2019infos et les r\u00e9sultats sur le <a href=\"http:\/\/xterra-france.com\/\" target=\"_blank\" rel=\"noopener\">http:\/\/xterra-france.com\/<\/a><\/p>\n<h3>Dimanche 03\u00a0Juillet 2016:<\/h3>\n<p><a href=\"http:\/\/gerardmerinfo.fr\/wp-content\/uploads\/2016\/07\/X-terra-2016-France-1.jpg\" data-featherlight=\"image\"><img decoding=\"async\" class=\"alignright  wp-image-90848\" src=\"https:\/\/vosgesinfo.fr\/app\/uploads\/sites\/2\/2016\/07\/x-terra-2016-france-1-340x255-1.jpg\" alt=\"X terra 2016 France (1)\" width=\"329\" height=\"247\" \/><\/a>6h00 : Retrait des dossards XTERRA D\u00e9couverte<br \/>\n6h30 : Ouverture du parc \u00e0 v\u00e9los XTERRA D\u00e9couverte<br \/>\n<strong>8h00 : D\u00e9part du XTERRA D\u00e9couverte<\/strong><br \/>\n8h00 \u2013 18h00 : Expo XTERRA France<br \/>\n8h30 : Retrait des dossards XTERRA France, Kids et Mini-Kids<br \/>\n<strong>11h30 : D\u00e9part du XTERRA Kids<\/strong><br \/>\n<strong> 12h00 : D\u00e9part du XTERRA Mini-Kids<\/strong><br \/>\n12h30 : Ouverture du parc \u00e0 v\u00e9los XTERRA France<br \/>\n<strong>14h00 : D\u00e9part du XTERRA France, qualificatif pour les Championnats du Monde XTERRA\u00a0Maui\u00a02016<\/strong><br \/>\n19h00 : C\u00e9r\u00e9monie de cl\u00f4ture et remise des places pour les Championnats du Monde XTERRA Maui<\/p>\n<p>&nbsp;<\/p>\n\n","protected":false},"excerpt":{"rendered":"<p>900 inscrits pour le X Terra d\u00e9couverte et 1 000 pour l\u2019\u00e9preuve reine dont le d\u00e9part sera donn\u00e9 ce dimanche [&hellip;]<\/p>\n","protected":false},"author":1,"featured_media":5324,"comment_status":"open","ping_status":"open","sticky":false,"template":"","format":"standard","meta":{"footnotes":""},"categories":[14,18],"tags":[233,1554],"class_list":["post-5323","post","type-post","status-publish","format-standard","has-post-thumbnail","hentry","category-sport","category-vosges","tag-vosges","tag-x-terra"],"acf":[],"yoast_head":"<!-- This site is optimized with the Yoast SEO plugin v22.5 - https:\/\/yoast.com\/wordpress\/plugins\/seo\/ -->\n<title>X Terra France : cherchez pas, c\u2019est blind\u00e9 !! - La Plaine des Vosges<\/title>\n<meta name=\"robots\" content=\"index, follow, max-snippet:-1, max-image-preview:large, max-video-preview:-1\" \/>\n<link rel=\"canonical\" href=\"https:\/\/vosgesinfo.fr\/laplainedesvosgesinfo\/2016\/07\/x-terra-france-cherchez-pas-cest-blinde\/\" \/>\n<meta name=\"twitter:card\" content=\"summary_large_image\" \/>\n<meta name=\"twitter:title\" content=\"X Terra France : cherchez pas, c\u2019est blind\u00e9 !! - La Plaine des Vosges\" \/>\n<meta name=\"twitter:description\" content=\"900 inscrits pour le X Terra d\u00e9couverte et 1 000 pour l\u2019\u00e9preuve reine dont le d\u00e9part sera donn\u00e9 ce dimanche [&hellip;]\" \/>\n<meta name=\"twitter:image\" content=\"https:\/\/vosgesinfo.fr\/app\/uploads\/sites\/2\/2024\/06\/201607x-terra-2016-france-2.jpg\" \/>\n<meta name=\"twitter:creator\" content=\"@VosgesInfo88\" \/>\n<meta name=\"twitter:site\" content=\"@VosgesInfo88\" \/>\n<meta name=\"twitter:label1\" content=\"\u00c9crit par\" \/>\n\t<meta name=\"twitter:data1\" content=\"qs_admin\" \/>\n\t<meta name=\"twitter:label2\" content=\"Dur\u00e9e de lecture estim\u00e9e\" \/>\n\t<meta name=\"twitter:data2\" content=\"1 minute\" \/>\n<script type=\"application\/ld+json\" class=\"yoast-schema-graph\">{\"@context\":\"https:\/\/schema.org\",\"@graph\":[{\"@type\":\"Article\",\"@id\":\"https:\/\/vosgesinfo.fr\/laplainedesvosgesinfo\/2016\/07\/x-terra-france-cherchez-pas-cest-blinde\/#article\",\"isPartOf\":{\"@id\":\"https:\/\/vosgesinfo.fr\/laplainedesvosgesinfo\/2016\/07\/x-terra-france-cherchez-pas-cest-blinde\/\"},\"author\":{\"name\":\"qs_admin\",\"@id\":\"https:\/\/vosgesinfo.fr\/laplainedesvosgesinfo\/#\/schema\/person\/bc5d02d71e6932e81b6dadb7386667b1\"},\"headline\":\"X Terra France : cherchez pas, c\u2019est blind\u00e9 !!\",\"datePublished\":\"2016-07-02T14:23:12+00:00\",\"dateModified\":\"2016-07-02T14:23:12+00:00\",\"mainEntityOfPage\":{\"@id\":\"https:\/\/vosgesinfo.fr\/laplainedesvosgesinfo\/2016\/07\/x-terra-france-cherchez-pas-cest-blinde\/\"},\"wordCount\":296,\"commentCount\":0,\"publisher\":{\"@id\":\"https:\/\/vosgesinfo.fr\/laplainedesvosgesinfo\/#organization\"},\"image\":{\"@id\":\"https:\/\/vosgesinfo.fr\/laplainedesvosgesinfo\/2016\/07\/x-terra-france-cherchez-pas-cest-blinde\/#primaryimage\"},\"thumbnailUrl\":\"https:\/\/vosgesinfo.fr\/app\/uploads\/sites\/2\/2024\/06\/201607x-terra-2016-france-2.jpg\",\"keywords\":[\"Vosges\",\"X Terra\"],\"articleSection\":[\"Sport\",\"Vosges\"],\"inLanguage\":\"fr-FR\",\"potentialAction\":[{\"@type\":\"CommentAction\",\"name\":\"Comment\",\"target\":[\"https:\/\/vosgesinfo.fr\/laplainedesvosgesinfo\/2016\/07\/x-terra-france-cherchez-pas-cest-blinde\/#respond\"]}]},{\"@type\":\"WebPage\",\"@id\":\"https:\/\/vosgesinfo.fr\/laplainedesvosgesinfo\/2016\/07\/x-terra-france-cherchez-pas-cest-blinde\/\",\"url\":\"https:\/\/vosgesinfo.fr\/laplainedesvosgesinfo\/2016\/07\/x-terra-france-cherchez-pas-cest-blinde\/\",\"name\":\"X Terra France : cherchez pas, c\u2019est blind\u00e9 !! - La Plaine des Vosges\",\"isPartOf\":{\"@id\":\"https:\/\/vosgesinfo.fr\/laplainedesvosgesinfo\/#website\"},\"primaryImageOfPage\":{\"@id\":\"https:\/\/vosgesinfo.fr\/laplainedesvosgesinfo\/2016\/07\/x-terra-france-cherchez-pas-cest-blinde\/#primaryimage\"},\"image\":{\"@id\":\"https:\/\/vosgesinfo.fr\/laplainedesvosgesinfo\/2016\/07\/x-terra-france-cherchez-pas-cest-blinde\/#primaryimage\"},\"thumbnailUrl\":\"https:\/\/vosgesinfo.fr\/app\/uploads\/sites\/2\/2024\/06\/201607x-terra-2016-france-2.jpg\",\"datePublished\":\"2016-07-02T14:23:12+00:00\",\"dateModified\":\"2016-07-02T14:23:12+00:00\",\"breadcrumb\":{\"@id\":\"https:\/\/vosgesinfo.fr\/laplainedesvosgesinfo\/2016\/07\/x-terra-france-cherchez-pas-cest-blinde\/#breadcrumb\"},\"inLanguage\":\"fr-FR\",\"potentialAction\":[{\"@type\":\"ReadAction\",\"target\":[\"https:\/\/vosgesinfo.fr\/laplainedesvosgesinfo\/2016\/07\/x-terra-france-cherchez-pas-cest-blinde\/\"]}]},{\"@type\":\"ImageObject\",\"inLanguage\":\"fr-FR\",\"@id\":\"https:\/\/vosgesinfo.fr\/laplainedesvosgesinfo\/2016\/07\/x-terra-france-cherchez-pas-cest-blinde\/#primaryimage\",\"url\":\"https:\/\/vosgesinfo.fr\/app\/uploads\/sites\/2\/2024\/06\/201607x-terra-2016-france-2.jpg\",\"contentUrl\":\"https:\/\/vosgesinfo.fr\/app\/uploads\/sites\/2\/2024\/06\/201607x-terra-2016-france-2.jpg\",\"width\":800,\"height\":600},{\"@type\":\"BreadcrumbList\",\"@id\":\"https:\/\/vosgesinfo.fr\/laplainedesvosgesinfo\/2016\/07\/x-terra-france-cherchez-pas-cest-blinde\/#breadcrumb\",\"itemListElement\":[{\"@type\":\"ListItem\",\"position\":1,\"name\":\"Home\",\"item\":\"https:\/\/vosgesinfo.fr\/laplainedesvosgesinfo\/\"},{\"@type\":\"ListItem\",\"position\":2,\"name\":\"X Terra France : cherchez pas, c\u2019est blind\u00e9 !!\"}]},{\"@type\":\"WebSite\",\"@id\":\"https:\/\/vosgesinfo.fr\/laplainedesvosgesinfo\/#website\",\"url\":\"https:\/\/vosgesinfo.fr\/laplainedesvosgesinfo\/\",\"name\":\"La Plaine des Vosges\",\"description\":\"Toute l&#039;actualit\u00e9 de la plaine de Vosges\",\"publisher\":{\"@id\":\"https:\/\/vosgesinfo.fr\/laplainedesvosgesinfo\/#organization\"},\"alternateName\":\"Toute l'actualit\u00e9 de la plaine des Vosges\",\"potentialAction\":[{\"@type\":\"SearchAction\",\"target\":{\"@type\":\"EntryPoint\",\"urlTemplate\":\"https:\/\/vosgesinfo.fr\/laplainedesvosgesinfo\/?s={search_term_string}\"},\"query-input\":\"required name=search_term_string\"}],\"inLanguage\":\"fr-FR\"},{\"@type\":\"Organization\",\"@id\":\"https:\/\/vosgesinfo.fr\/laplainedesvosgesinfo\/#organization\",\"name\":\"La Plaine des Vosges\",\"url\":\"https:\/\/vosgesinfo.fr\/laplainedesvosgesinfo\/\",\"logo\":{\"@type\":\"ImageObject\",\"inLanguage\":\"fr-FR\",\"@id\":\"https:\/\/vosgesinfo.fr\/laplainedesvosgesinfo\/#\/schema\/logo\/image\/\",\"url\":\"https:\/\/vosgesinfo.fr\/app\/uploads\/sites\/2\/2023\/08\/logo-laplaineinfo.svg\",\"contentUrl\":\"https:\/\/vosgesinfo.fr\/app\/uploads\/sites\/2\/2023\/08\/logo-laplaineinfo.svg\",\"width\":1,\"height\":1,\"caption\":\"La Plaine des Vosges\"},\"image\":{\"@id\":\"https:\/\/vosgesinfo.fr\/laplainedesvosgesinfo\/#\/schema\/logo\/image\/\"},\"sameAs\":[\"https:\/\/www.facebook.com\/laplainedesvosges\",\"https:\/\/x.com\/VosgesInfo88\",\"https:\/\/www.youtube.com\/@vosgesinfo\"]},{\"@type\":\"Person\",\"@id\":\"https:\/\/vosgesinfo.fr\/laplainedesvosgesinfo\/#\/schema\/person\/bc5d02d71e6932e81b6dadb7386667b1\",\"name\":\"qs_admin\",\"image\":{\"@type\":\"ImageObject\",\"inLanguage\":\"fr-FR\",\"@id\":\"https:\/\/vosgesinfo.fr\/laplainedesvosgesinfo\/#\/schema\/person\/image\/\",\"url\":\"https:\/\/secure.gravatar.com\/avatar\/94b18ee0ed79e4a42ea2f2931277b6841a8999fc6fde214600c78057cf1fe1de?s=96&d=mm&r=g\",\"contentUrl\":\"https:\/\/secure.gravatar.com\/avatar\/94b18ee0ed79e4a42ea2f2931277b6841a8999fc6fde214600c78057cf1fe1de?s=96&d=mm&r=g\",\"caption\":\"qs_admin\"},\"sameAs\":[\"https:\/\/vosgesinfo.fr\/wp\"],\"url\":\"https:\/\/vosgesinfo.fr\/laplainedesvosgesinfo\/author\/qs_admin\/\"}]}<\/script>\n<!-- \/ Yoast SEO plugin. -->","yoast_head_json":{"title":"X Terra France : cherchez pas, c\u2019est blind\u00e9 !! - La Plaine des Vosges","robots":{"index":"index","follow":"follow","max-snippet":"max-snippet:-1","max-image-preview":"max-image-preview:large","max-video-preview":"max-video-preview:-1"},"canonical":"https:\/\/vosgesinfo.fr\/laplainedesvosgesinfo\/2016\/07\/x-terra-france-cherchez-pas-cest-blinde\/","twitter_card":"summary_large_image","twitter_title":"X Terra France : cherchez pas, c\u2019est blind\u00e9 !! - La Plaine des Vosges","twitter_description":"900 inscrits pour le X Terra d\u00e9couverte et 1 000 pour l\u2019\u00e9preuve reine dont le d\u00e9part sera donn\u00e9 ce dimanche [&hellip;]","twitter_image":"https:\/\/vosgesinfo.fr\/app\/uploads\/sites\/2\/2024\/06\/201607x-terra-2016-france-2.jpg","twitter_creator":"@VosgesInfo88","twitter_site":"@VosgesInfo88","twitter_misc":{"\u00c9crit par":"qs_admin","Dur\u00e9e de lecture estim\u00e9e":"1 minute"},"schema":{"@context":"https:\/\/schema.org","@graph":[{"@type":"Article","@id":"https:\/\/vosgesinfo.fr\/laplainedesvosgesinfo\/2016\/07\/x-terra-france-cherchez-pas-cest-blinde\/#article","isPartOf":{"@id":"https:\/\/vosgesinfo.fr\/laplainedesvosgesinfo\/2016\/07\/x-terra-france-cherchez-pas-cest-blinde\/"},"author":{"name":"qs_admin","@id":"https:\/\/vosgesinfo.fr\/laplainedesvosgesinfo\/#\/schema\/person\/bc5d02d71e6932e81b6dadb7386667b1"},"headline":"X Terra France : cherchez pas, c\u2019est blind\u00e9 !!","datePublished":"2016-07-02T14:23:12+00:00","dateModified":"2016-07-02T14:23:12+00:00","mainEntityOfPage":{"@id":"https:\/\/vosgesinfo.fr\/laplainedesvosgesinfo\/2016\/07\/x-terra-france-cherchez-pas-cest-blinde\/"},"wordCount":296,"commentCount":0,"publisher":{"@id":"https:\/\/vosgesinfo.fr\/laplainedesvosgesinfo\/#organization"},"image":{"@id":"https:\/\/vosgesinfo.fr\/laplainedesvosgesinfo\/2016\/07\/x-terra-france-cherchez-pas-cest-blinde\/#primaryimage"},"thumbnailUrl":"https:\/\/vosgesinfo.fr\/app\/uploads\/sites\/2\/2024\/06\/201607x-terra-2016-france-2.jpg","keywords":["Vosges","X Terra"],"articleSection":["Sport","Vosges"],"inLanguage":"fr-FR","potentialAction":[{"@type":"CommentAction","name":"Comment","target":["https:\/\/vosgesinfo.fr\/laplainedesvosgesinfo\/2016\/07\/x-terra-france-cherchez-pas-cest-blinde\/#respond"]}]},{"@type":"WebPage","@id":"https:\/\/vosgesinfo.fr\/laplainedesvosgesinfo\/2016\/07\/x-terra-france-cherchez-pas-cest-blinde\/","url":"https:\/\/vosgesinfo.fr\/laplainedesvosgesinfo\/2016\/07\/x-terra-france-cherchez-pas-cest-blinde\/","name":"X Terra France : cherchez pas, c\u2019est blind\u00e9 !! - La Plaine des Vosges","isPartOf":{"@id":"https:\/\/vosgesinfo.fr\/laplainedesvosgesinfo\/#website"},"primaryImageOfPage":{"@id":"https:\/\/vosgesinfo.fr\/laplainedesvosgesinfo\/2016\/07\/x-terra-france-cherchez-pas-cest-blinde\/#primaryimage"},"image":{"@id":"https:\/\/vosgesinfo.fr\/laplainedesvosgesinfo\/2016\/07\/x-terra-france-cherchez-pas-cest-blinde\/#primaryimage"},"thumbnailUrl":"https:\/\/vosgesinfo.fr\/app\/uploads\/sites\/2\/2024\/06\/201607x-terra-2016-france-2.jpg","datePublished":"2016-07-02T14:23:12+00:00","dateModified":"2016-07-02T14:23:12+00:00","breadcrumb":{"@id":"https:\/\/vosgesinfo.fr\/laplainedesvosgesinfo\/2016\/07\/x-terra-france-cherchez-pas-cest-blinde\/#breadcrumb"},"inLanguage":"fr-FR","potentialAction":[{"@type":"ReadAction","target":["https:\/\/vosgesinfo.fr\/laplainedesvosgesinfo\/2016\/07\/x-terra-france-cherchez-pas-cest-blinde\/"]}]},{"@type":"ImageObject","inLanguage":"fr-FR","@id":"https:\/\/vosgesinfo.fr\/laplainedesvosgesinfo\/2016\/07\/x-terra-france-cherchez-pas-cest-blinde\/#primaryimage","url":"https:\/\/vosgesinfo.fr\/app\/uploads\/sites\/2\/2024\/06\/201607x-terra-2016-france-2.jpg","contentUrl":"https:\/\/vosgesinfo.fr\/app\/uploads\/sites\/2\/2024\/06\/201607x-terra-2016-france-2.jpg","width":800,"height":600},{"@type":"BreadcrumbList","@id":"https:\/\/vosgesinfo.fr\/laplainedesvosgesinfo\/2016\/07\/x-terra-france-cherchez-pas-cest-blinde\/#breadcrumb","itemListElement":[{"@type":"ListItem","position":1,"name":"Home","item":"https:\/\/vosgesinfo.fr\/laplainedesvosgesinfo\/"},{"@type":"ListItem","position":2,"name":"X Terra France : cherchez pas, c\u2019est blind\u00e9 !!"}]},{"@type":"WebSite","@id":"https:\/\/vosgesinfo.fr\/laplainedesvosgesinfo\/#website","url":"https:\/\/vosgesinfo.fr\/laplainedesvosgesinfo\/","name":"La Plaine des Vosges","description":"Toute l&#039;actualit\u00e9 de la plaine de Vosges","publisher":{"@id":"https:\/\/vosgesinfo.fr\/laplainedesvosgesinfo\/#organization"},"alternateName":"Toute l'actualit\u00e9 de la plaine des Vosges","potentialAction":[{"@type":"SearchAction","target":{"@type":"EntryPoint","urlTemplate":"https:\/\/vosgesinfo.fr\/laplainedesvosgesinfo\/?s={search_term_string}"},"query-input":"required name=search_term_string"}],"inLanguage":"fr-FR"},{"@type":"Organization","@id":"https:\/\/vosgesinfo.fr\/laplainedesvosgesinfo\/#organization","name":"La Plaine des Vosges","url":"https:\/\/vosgesinfo.fr\/laplainedesvosgesinfo\/","logo":{"@type":"ImageObject","inLanguage":"fr-FR","@id":"https:\/\/vosgesinfo.fr\/laplainedesvosgesinfo\/#\/schema\/logo\/image\/","url":"https:\/\/vosgesinfo.fr\/app\/uploads\/sites\/2\/2023\/08\/logo-laplaineinfo.svg","contentUrl":"https:\/\/vosgesinfo.fr\/app\/uploads\/sites\/2\/2023\/08\/logo-laplaineinfo.svg","width":1,"height":1,"caption":"La Plaine des Vosges"},"image":{"@id":"https:\/\/vosgesinfo.fr\/laplainedesvosgesinfo\/#\/schema\/logo\/image\/"},"sameAs":["https:\/\/www.facebook.com\/laplainedesvosges","https:\/\/x.com\/VosgesInfo88","https:\/\/www.youtube.com\/@vosgesinfo"]},{"@type":"Person","@id":"https:\/\/vosgesinfo.fr\/laplainedesvosgesinfo\/#\/schema\/person\/bc5d02d71e6932e81b6dadb7386667b1","name":"qs_admin","image":{"@type":"ImageObject","inLanguage":"fr-FR","@id":"https:\/\/vosgesinfo.fr\/laplainedesvosgesinfo\/#\/schema\/person\/image\/","url":"https:\/\/secure.gravatar.com\/avatar\/94b18ee0ed79e4a42ea2f2931277b6841a8999fc6fde214600c78057cf1fe1de?s=96&d=mm&r=g","contentUrl":"https:\/\/secure.gravatar.com\/avatar\/94b18ee0ed79e4a42ea2f2931277b6841a8999fc6fde214600c78057cf1fe1de?s=96&d=mm&r=g","caption":"qs_admin"},"sameAs":["https:\/\/vosgesinfo.fr\/wp"],"url":"https:\/\/vosgesinfo.fr\/laplainedesvosgesinfo\/author\/qs_admin\/"}]}},"_links":{"self":[{"href":"https:\/\/vosgesinfo.fr\/laplainedesvosgesinfo\/wp-json\/wp\/v2\/posts\/5323","targetHints":{"allow":["GET"]}}],"collection":[{"href":"https:\/\/vosgesinfo.fr\/laplainedesvosgesinfo\/wp-json\/wp\/v2\/posts"}],"about":[{"href":"https:\/\/vosgesinfo.fr\/laplainedesvosgesinfo\/wp-json\/wp\/v2\/types\/post"}],"author":[{"embeddable":true,"href":"https:\/\/vosgesinfo.fr\/laplainedesvosgesinfo\/wp-json\/wp\/v2\/users\/1"}],"replies":[{"embeddable":true,"href":"https:\/\/vosgesinfo.fr\/laplainedesvosgesinfo\/wp-json\/wp\/v2\/comments?post=5323"}],"version-history":[{"count":0,"href":"https:\/\/vosgesinfo.fr\/laplainedesvosgesinfo\/wp-json\/wp\/v2\/posts\/5323\/revisions"}],"wp:featuredmedia":[{"embeddable":true,"href":"https:\/\/vosgesinfo.fr\/laplainedesvosgesinfo\/wp-json\/wp\/v2\/media\/5324"}],"wp:attachment":[{"href":"https:\/\/vosgesinfo.fr\/laplainedesvosgesinfo\/wp-json\/wp\/v2\/media?parent=5323"}],"wp:term":[{"taxonomy":"category","embeddable":true,"href":"https:\/\/vosgesinfo.fr\/laplainedesvosgesinfo\/wp-json\/wp\/v2\/categories?post=5323"},{"taxonomy":"post_tag","embeddable":true,"href":"https:\/\/vosgesinfo.fr\/laplainedesvosgesinfo\/wp-json\/wp\/v2\/tags?post=5323"}],"curies":[{"name":"wp","href":"https:\/\/api.w.org\/{rel}","templated":true}]}}