{"id":5331,"date":"2016-07-03T07:17:16","date_gmt":"2016-07-03T05:17:16","guid":{"rendered":"https:\/\/vosgesinfo.fr\/laplainedesvosgesinfo\/2016\/07\/vosges-un-enfant-de-3-ans-et-une-sexagenaire-gravement-blesses-dans-une-course-de-caisses-a-savon\/"},"modified":"2016-07-03T07:17:16","modified_gmt":"2016-07-03T05:17:16","slug":"vosges-un-enfant-de-3-ans-et-une-sexagenaire-gravement-blesses-dans-une-course-de-caisses-a-savon","status":"publish","type":"post","link":"https:\/\/vosgesinfo.fr\/laplainedesvosgesinfo\/2016\/07\/vosges-un-enfant-de-3-ans-et-une-sexagenaire-gravement-blesses-dans-une-course-de-caisses-a-savon\/","title":{"rendered":"Vosges \u2013 Un enfant de 3 ans et une sexag\u00e9naire gravement bless\u00e9s dans une course de caisses \u00e0 savon"},"content":{"rendered":"<p style=\"text-align: justify;\"><a href=\"\/2016\/03\/smur_remiremont.jpg\"><img decoding=\"async\" class=\"aligncenter size-full wp-image-73525\" src=\"\/2016\/03\/smur_remiremont.jpg\" alt=\"smur_remiremont\" width=\"729\" height=\"460\" \/><\/a><\/p>\n<p style=\"text-align: justify;\"><strong>Drame dans une comp\u00e9tition de caisses \u00e0 savon ce samedi 2 juillet 2016 au Val-d\u2019Ajol. L\u2019une d\u2019elles a\u00a0quitt\u00e9 sa trajectoire pour venir\u00a0percuter un\u00a0spectateur de 3 ans. Ensuite, dans la confusion,\u00a0un autre concurrent a heurt\u00e9 trois\u00a0autres personnes suite \u00e0 un d\u00e9rapage avant de s\u2019arr\u00eater \u00e0 l\u2019arriv\u00e9e.<\/strong><\/p>\n<p style=\"text-align: justify;\">Deux de ces spectateurs sont l\u00e9g\u00e8rement bless\u00e9s et ont \u00e9t\u00e9 pris en charge par une ambulance priv\u00e9e pour \u00eatre \u00e9vacu\u00e9s sur le centre hospitalier de Remiremont.<\/p>\n<p style=\"text-align: justify;\">Une femme d\u2019une soixantaine d\u2019ann\u00e9es est gravement bless\u00e9e. Elle a \u00e9t\u00e9 transport\u00e9e par les sapeurs-pompiers sur le centre hospitalier de Remiremont.<\/p>\n<p style=\"text-align: justify;\">L\u2019enfant de 3 ans est lui aussi gravement bless\u00e9. Il a \u00e9t\u00e9 m\u00e9dicalis\u00e9 sur place par l\u2019\u00e9quipe du SMUR. Une fracture du bassin \u00e9tait suspect\u00e9e. La jeune victime a \u00e9t\u00e9 h\u00e9liport\u00e9e sur le centre hospitalier de Nancy-Brabois par l\u2019h\u00e9licopt\u00e8re du SAMU Lorraine.<\/p>\n<p style=\"text-align: justify;\">La course \u00e9tait organis\u00e9e sur la route de la Grande C\u00f4te par l\u2019amicale du personnel communal. Elle a \u00e9t\u00e9 imm\u00e9diatement interrompue sur les ordres du maire Jean Richard et de la gendarmerie.<\/p>\n<p style=\"text-align: justify;\">Pour sa part, la gendarmerie des Vosges a ouvert les investigations d\u2019usage.<\/p>\n<p style=\"text-align: justify;\"><strong>D.J.<\/strong><\/p>\n","protected":false},"excerpt":{"rendered":"<p>Drame dans une comp\u00e9tition de caisses \u00e0 savon ce samedi 2 juillet 2016 au Val-d\u2019Ajol. L\u2019une d\u2019elles a\u00a0quitt\u00e9 sa trajectoire [&hellip;]<\/p>\n","protected":false},"author":1,"featured_media":5332,"comment_status":"open","ping_status":"open","sticky":false,"template":"","format":"standard","meta":{"footnotes":""},"categories":[8,18],"tags":[1556,928],"class_list":["post-5331","post","type-post","status-publish","format-standard","has-post-thumbnail","hentry","category-faits-divers","category-vosges","tag-caisse-a-savons","tag-val-dajol"],"acf":[],"yoast_head":"<!-- This site is optimized with the Yoast SEO plugin v22.5 - https:\/\/yoast.com\/wordpress\/plugins\/seo\/ -->\n<title>Vosges \u2013 Un enfant de 3 ans et une sexag\u00e9naire gravement bless\u00e9s dans une course de caisses \u00e0 savon - La Plaine des Vosges<\/title>\n<meta name=\"robots\" content=\"index, follow, max-snippet:-1, max-image-preview:large, max-video-preview:-1\" \/>\n<link rel=\"canonical\" href=\"https:\/\/vosgesinfo.fr\/laplainedesvosgesinfo\/2016\/07\/vosges-un-enfant-de-3-ans-et-une-sexagenaire-gravement-blesses-dans-une-course-de-caisses-a-savon\/\" \/>\n<meta name=\"twitter:card\" content=\"summary_large_image\" \/>\n<meta name=\"twitter:title\" content=\"Vosges \u2013 Un enfant de 3 ans et une sexag\u00e9naire gravement bless\u00e9s dans une course de caisses \u00e0 savon - La Plaine des Vosges\" \/>\n<meta name=\"twitter:description\" content=\"Drame dans une comp\u00e9tition de caisses \u00e0 savon ce samedi 2 juillet 2016 au Val-d\u2019Ajol. L\u2019une d\u2019elles a\u00a0quitt\u00e9 sa trajectoire [&hellip;]\" \/>\n<meta name=\"twitter:image\" content=\"https:\/\/vosgesinfo.fr\/app\/uploads\/sites\/2\/2024\/06\/201603smur-remiremont-2.jpg\" \/>\n<meta name=\"twitter:creator\" content=\"@VosgesInfo88\" \/>\n<meta name=\"twitter:site\" content=\"@VosgesInfo88\" \/>\n<meta name=\"twitter:label1\" content=\"\u00c9crit par\" \/>\n\t<meta name=\"twitter:data1\" content=\"qs_admin\" \/>\n\t<meta name=\"twitter:label2\" content=\"Dur\u00e9e de lecture estim\u00e9e\" \/>\n\t<meta name=\"twitter:data2\" content=\"1 minute\" \/>\n<script type=\"application\/ld+json\" class=\"yoast-schema-graph\">{\"@context\":\"https:\/\/schema.org\",\"@graph\":[{\"@type\":\"Article\",\"@id\":\"https:\/\/vosgesinfo.fr\/laplainedesvosgesinfo\/2016\/07\/vosges-un-enfant-de-3-ans-et-une-sexagenaire-gravement-blesses-dans-une-course-de-caisses-a-savon\/#article\",\"isPartOf\":{\"@id\":\"https:\/\/vosgesinfo.fr\/laplainedesvosgesinfo\/2016\/07\/vosges-un-enfant-de-3-ans-et-une-sexagenaire-gravement-blesses-dans-une-course-de-caisses-a-savon\/\"},\"author\":{\"name\":\"qs_admin\",\"@id\":\"https:\/\/vosgesinfo.fr\/laplainedesvosgesinfo\/#\/schema\/person\/bc5d02d71e6932e81b6dadb7386667b1\"},\"headline\":\"Vosges \u2013 Un enfant de 3 ans et une sexag\u00e9naire gravement bless\u00e9s dans une course de caisses \u00e0 savon\",\"datePublished\":\"2016-07-03T05:17:16+00:00\",\"dateModified\":\"2016-07-03T05:17:16+00:00\",\"mainEntityOfPage\":{\"@id\":\"https:\/\/vosgesinfo.fr\/laplainedesvosgesinfo\/2016\/07\/vosges-un-enfant-de-3-ans-et-une-sexagenaire-gravement-blesses-dans-une-course-de-caisses-a-savon\/\"},\"wordCount\":229,\"commentCount\":0,\"publisher\":{\"@id\":\"https:\/\/vosgesinfo.fr\/laplainedesvosgesinfo\/#organization\"},\"image\":{\"@id\":\"https:\/\/vosgesinfo.fr\/laplainedesvosgesinfo\/2016\/07\/vosges-un-enfant-de-3-ans-et-une-sexagenaire-gravement-blesses-dans-une-course-de-caisses-a-savon\/#primaryimage\"},\"thumbnailUrl\":\"https:\/\/vosgesinfo.fr\/app\/uploads\/sites\/2\/2024\/06\/201603smur-remiremont-2.jpg\",\"keywords\":[\"caisse \u00e0 savons\",\"Val d'Ajol\"],\"articleSection\":[\"Faits-divers\",\"Vosges\"],\"inLanguage\":\"fr-FR\",\"potentialAction\":[{\"@type\":\"CommentAction\",\"name\":\"Comment\",\"target\":[\"https:\/\/vosgesinfo.fr\/laplainedesvosgesinfo\/2016\/07\/vosges-un-enfant-de-3-ans-et-une-sexagenaire-gravement-blesses-dans-une-course-de-caisses-a-savon\/#respond\"]}]},{\"@type\":\"WebPage\",\"@id\":\"https:\/\/vosgesinfo.fr\/laplainedesvosgesinfo\/2016\/07\/vosges-un-enfant-de-3-ans-et-une-sexagenaire-gravement-blesses-dans-une-course-de-caisses-a-savon\/\",\"url\":\"https:\/\/vosgesinfo.fr\/laplainedesvosgesinfo\/2016\/07\/vosges-un-enfant-de-3-ans-et-une-sexagenaire-gravement-blesses-dans-une-course-de-caisses-a-savon\/\",\"name\":\"Vosges \u2013 Un enfant de 3 ans et une sexag\u00e9naire gravement bless\u00e9s dans une course de caisses \u00e0 savon - La Plaine des Vosges\",\"isPartOf\":{\"@id\":\"https:\/\/vosgesinfo.fr\/laplainedesvosgesinfo\/#website\"},\"primaryImageOfPage\":{\"@id\":\"https:\/\/vosgesinfo.fr\/laplainedesvosgesinfo\/2016\/07\/vosges-un-enfant-de-3-ans-et-une-sexagenaire-gravement-blesses-dans-une-course-de-caisses-a-savon\/#primaryimage\"},\"image\":{\"@id\":\"https:\/\/vosgesinfo.fr\/laplainedesvosgesinfo\/2016\/07\/vosges-un-enfant-de-3-ans-et-une-sexagenaire-gravement-blesses-dans-une-course-de-caisses-a-savon\/#primaryimage\"},\"thumbnailUrl\":\"https:\/\/vosgesinfo.fr\/app\/uploads\/sites\/2\/2024\/06\/201603smur-remiremont-2.jpg\",\"datePublished\":\"2016-07-03T05:17:16+00:00\",\"dateModified\":\"2016-07-03T05:17:16+00:00\",\"breadcrumb\":{\"@id\":\"https:\/\/vosgesinfo.fr\/laplainedesvosgesinfo\/2016\/07\/vosges-un-enfant-de-3-ans-et-une-sexagenaire-gravement-blesses-dans-une-course-de-caisses-a-savon\/#breadcrumb\"},\"inLanguage\":\"fr-FR\",\"potentialAction\":[{\"@type\":\"ReadAction\",\"target\":[\"https:\/\/vosgesinfo.fr\/laplainedesvosgesinfo\/2016\/07\/vosges-un-enfant-de-3-ans-et-une-sexagenaire-gravement-blesses-dans-une-course-de-caisses-a-savon\/\"]}]},{\"@type\":\"ImageObject\",\"inLanguage\":\"fr-FR\",\"@id\":\"https:\/\/vosgesinfo.fr\/laplainedesvosgesinfo\/2016\/07\/vosges-un-enfant-de-3-ans-et-une-sexagenaire-gravement-blesses-dans-une-course-de-caisses-a-savon\/#primaryimage\",\"url\":\"https:\/\/vosgesinfo.fr\/app\/uploads\/sites\/2\/2024\/06\/201603smur-remiremont-2.jpg\",\"contentUrl\":\"https:\/\/vosgesinfo.fr\/app\/uploads\/sites\/2\/2024\/06\/201603smur-remiremont-2.jpg\",\"width\":729,\"height\":460},{\"@type\":\"BreadcrumbList\",\"@id\":\"https:\/\/vosgesinfo.fr\/laplainedesvosgesinfo\/2016\/07\/vosges-un-enfant-de-3-ans-et-une-sexagenaire-gravement-blesses-dans-une-course-de-caisses-a-savon\/#breadcrumb\",\"itemListElement\":[{\"@type\":\"ListItem\",\"position\":1,\"name\":\"Home\",\"item\":\"https:\/\/vosgesinfo.fr\/laplainedesvosgesinfo\/\"},{\"@type\":\"ListItem\",\"position\":2,\"name\":\"Vosges \u2013 Un enfant de 3 ans et une sexag\u00e9naire gravement bless\u00e9s dans une course de caisses \u00e0 savon\"}]},{\"@type\":\"WebSite\",\"@id\":\"https:\/\/vosgesinfo.fr\/laplainedesvosgesinfo\/#website\",\"url\":\"https:\/\/vosgesinfo.fr\/laplainedesvosgesinfo\/\",\"name\":\"La Plaine des Vosges\",\"description\":\"Toute l&#039;actualit\u00e9 de la plaine de Vosges\",\"publisher\":{\"@id\":\"https:\/\/vosgesinfo.fr\/laplainedesvosgesinfo\/#organization\"},\"alternateName\":\"Toute l'actualit\u00e9 de la plaine des Vosges\",\"potentialAction\":[{\"@type\":\"SearchAction\",\"target\":{\"@type\":\"EntryPoint\",\"urlTemplate\":\"https:\/\/vosgesinfo.fr\/laplainedesvosgesinfo\/?s={search_term_string}\"},\"query-input\":\"required name=search_term_string\"}],\"inLanguage\":\"fr-FR\"},{\"@type\":\"Organization\",\"@id\":\"https:\/\/vosgesinfo.fr\/laplainedesvosgesinfo\/#organization\",\"name\":\"La Plaine des Vosges\",\"url\":\"https:\/\/vosgesinfo.fr\/laplainedesvosgesinfo\/\",\"logo\":{\"@type\":\"ImageObject\",\"inLanguage\":\"fr-FR\",\"@id\":\"https:\/\/vosgesinfo.fr\/laplainedesvosgesinfo\/#\/schema\/logo\/image\/\",\"url\":\"https:\/\/vosgesinfo.fr\/app\/uploads\/sites\/2\/2023\/08\/logo-laplaineinfo.svg\",\"contentUrl\":\"https:\/\/vosgesinfo.fr\/app\/uploads\/sites\/2\/2023\/08\/logo-laplaineinfo.svg\",\"width\":1,\"height\":1,\"caption\":\"La Plaine des Vosges\"},\"image\":{\"@id\":\"https:\/\/vosgesinfo.fr\/laplainedesvosgesinfo\/#\/schema\/logo\/image\/\"},\"sameAs\":[\"https:\/\/www.facebook.com\/laplainedesvosges\",\"https:\/\/x.com\/VosgesInfo88\",\"https:\/\/www.youtube.com\/@vosgesinfo\"]},{\"@type\":\"Person\",\"@id\":\"https:\/\/vosgesinfo.fr\/laplainedesvosgesinfo\/#\/schema\/person\/bc5d02d71e6932e81b6dadb7386667b1\",\"name\":\"qs_admin\",\"image\":{\"@type\":\"ImageObject\",\"inLanguage\":\"fr-FR\",\"@id\":\"https:\/\/vosgesinfo.fr\/laplainedesvosgesinfo\/#\/schema\/person\/image\/\",\"url\":\"https:\/\/secure.gravatar.com\/avatar\/94b18ee0ed79e4a42ea2f2931277b6841a8999fc6fde214600c78057cf1fe1de?s=96&d=mm&r=g\",\"contentUrl\":\"https:\/\/secure.gravatar.com\/avatar\/94b18ee0ed79e4a42ea2f2931277b6841a8999fc6fde214600c78057cf1fe1de?s=96&d=mm&r=g\",\"caption\":\"qs_admin\"},\"sameAs\":[\"https:\/\/vosgesinfo.fr\/wp\"],\"url\":\"https:\/\/vosgesinfo.fr\/laplainedesvosgesinfo\/author\/qs_admin\/\"}]}<\/script>\n<!-- \/ Yoast SEO plugin. -->","yoast_head_json":{"title":"Vosges \u2013 Un enfant de 3 ans et une sexag\u00e9naire gravement bless\u00e9s dans une course de caisses \u00e0 savon - La Plaine des Vosges","robots":{"index":"index","follow":"follow","max-snippet":"max-snippet:-1","max-image-preview":"max-image-preview:large","max-video-preview":"max-video-preview:-1"},"canonical":"https:\/\/vosgesinfo.fr\/laplainedesvosgesinfo\/2016\/07\/vosges-un-enfant-de-3-ans-et-une-sexagenaire-gravement-blesses-dans-une-course-de-caisses-a-savon\/","twitter_card":"summary_large_image","twitter_title":"Vosges \u2013 Un enfant de 3 ans et une sexag\u00e9naire gravement bless\u00e9s dans une course de caisses \u00e0 savon - La Plaine des Vosges","twitter_description":"Drame dans une comp\u00e9tition de caisses \u00e0 savon ce samedi 2 juillet 2016 au Val-d\u2019Ajol. L\u2019une d\u2019elles a\u00a0quitt\u00e9 sa trajectoire [&hellip;]","twitter_image":"https:\/\/vosgesinfo.fr\/app\/uploads\/sites\/2\/2024\/06\/201603smur-remiremont-2.jpg","twitter_creator":"@VosgesInfo88","twitter_site":"@VosgesInfo88","twitter_misc":{"\u00c9crit par":"qs_admin","Dur\u00e9e de lecture estim\u00e9e":"1 minute"},"schema":{"@context":"https:\/\/schema.org","@graph":[{"@type":"Article","@id":"https:\/\/vosgesinfo.fr\/laplainedesvosgesinfo\/2016\/07\/vosges-un-enfant-de-3-ans-et-une-sexagenaire-gravement-blesses-dans-une-course-de-caisses-a-savon\/#article","isPartOf":{"@id":"https:\/\/vosgesinfo.fr\/laplainedesvosgesinfo\/2016\/07\/vosges-un-enfant-de-3-ans-et-une-sexagenaire-gravement-blesses-dans-une-course-de-caisses-a-savon\/"},"author":{"name":"qs_admin","@id":"https:\/\/vosgesinfo.fr\/laplainedesvosgesinfo\/#\/schema\/person\/bc5d02d71e6932e81b6dadb7386667b1"},"headline":"Vosges \u2013 Un enfant de 3 ans et une sexag\u00e9naire gravement bless\u00e9s dans une course de caisses \u00e0 savon","datePublished":"2016-07-03T05:17:16+00:00","dateModified":"2016-07-03T05:17:16+00:00","mainEntityOfPage":{"@id":"https:\/\/vosgesinfo.fr\/laplainedesvosgesinfo\/2016\/07\/vosges-un-enfant-de-3-ans-et-une-sexagenaire-gravement-blesses-dans-une-course-de-caisses-a-savon\/"},"wordCount":229,"commentCount":0,"publisher":{"@id":"https:\/\/vosgesinfo.fr\/laplainedesvosgesinfo\/#organization"},"image":{"@id":"https:\/\/vosgesinfo.fr\/laplainedesvosgesinfo\/2016\/07\/vosges-un-enfant-de-3-ans-et-une-sexagenaire-gravement-blesses-dans-une-course-de-caisses-a-savon\/#primaryimage"},"thumbnailUrl":"https:\/\/vosgesinfo.fr\/app\/uploads\/sites\/2\/2024\/06\/201603smur-remiremont-2.jpg","keywords":["caisse \u00e0 savons","Val d'Ajol"],"articleSection":["Faits-divers","Vosges"],"inLanguage":"fr-FR","potentialAction":[{"@type":"CommentAction","name":"Comment","target":["https:\/\/vosgesinfo.fr\/laplainedesvosgesinfo\/2016\/07\/vosges-un-enfant-de-3-ans-et-une-sexagenaire-gravement-blesses-dans-une-course-de-caisses-a-savon\/#respond"]}]},{"@type":"WebPage","@id":"https:\/\/vosgesinfo.fr\/laplainedesvosgesinfo\/2016\/07\/vosges-un-enfant-de-3-ans-et-une-sexagenaire-gravement-blesses-dans-une-course-de-caisses-a-savon\/","url":"https:\/\/vosgesinfo.fr\/laplainedesvosgesinfo\/2016\/07\/vosges-un-enfant-de-3-ans-et-une-sexagenaire-gravement-blesses-dans-une-course-de-caisses-a-savon\/","name":"Vosges \u2013 Un enfant de 3 ans et une sexag\u00e9naire gravement bless\u00e9s dans une course de caisses \u00e0 savon - La Plaine des Vosges","isPartOf":{"@id":"https:\/\/vosgesinfo.fr\/laplainedesvosgesinfo\/#website"},"primaryImageOfPage":{"@id":"https:\/\/vosgesinfo.fr\/laplainedesvosgesinfo\/2016\/07\/vosges-un-enfant-de-3-ans-et-une-sexagenaire-gravement-blesses-dans-une-course-de-caisses-a-savon\/#primaryimage"},"image":{"@id":"https:\/\/vosgesinfo.fr\/laplainedesvosgesinfo\/2016\/07\/vosges-un-enfant-de-3-ans-et-une-sexagenaire-gravement-blesses-dans-une-course-de-caisses-a-savon\/#primaryimage"},"thumbnailUrl":"https:\/\/vosgesinfo.fr\/app\/uploads\/sites\/2\/2024\/06\/201603smur-remiremont-2.jpg","datePublished":"2016-07-03T05:17:16+00:00","dateModified":"2016-07-03T05:17:16+00:00","breadcrumb":{"@id":"https:\/\/vosgesinfo.fr\/laplainedesvosgesinfo\/2016\/07\/vosges-un-enfant-de-3-ans-et-une-sexagenaire-gravement-blesses-dans-une-course-de-caisses-a-savon\/#breadcrumb"},"inLanguage":"fr-FR","potentialAction":[{"@type":"ReadAction","target":["https:\/\/vosgesinfo.fr\/laplainedesvosgesinfo\/2016\/07\/vosges-un-enfant-de-3-ans-et-une-sexagenaire-gravement-blesses-dans-une-course-de-caisses-a-savon\/"]}]},{"@type":"ImageObject","inLanguage":"fr-FR","@id":"https:\/\/vosgesinfo.fr\/laplainedesvosgesinfo\/2016\/07\/vosges-un-enfant-de-3-ans-et-une-sexagenaire-gravement-blesses-dans-une-course-de-caisses-a-savon\/#primaryimage","url":"https:\/\/vosgesinfo.fr\/app\/uploads\/sites\/2\/2024\/06\/201603smur-remiremont-2.jpg","contentUrl":"https:\/\/vosgesinfo.fr\/app\/uploads\/sites\/2\/2024\/06\/201603smur-remiremont-2.jpg","width":729,"height":460},{"@type":"BreadcrumbList","@id":"https:\/\/vosgesinfo.fr\/laplainedesvosgesinfo\/2016\/07\/vosges-un-enfant-de-3-ans-et-une-sexagenaire-gravement-blesses-dans-une-course-de-caisses-a-savon\/#breadcrumb","itemListElement":[{"@type":"ListItem","position":1,"name":"Home","item":"https:\/\/vosgesinfo.fr\/laplainedesvosgesinfo\/"},{"@type":"ListItem","position":2,"name":"Vosges \u2013 Un enfant de 3 ans et une sexag\u00e9naire gravement bless\u00e9s dans une course de caisses \u00e0 savon"}]},{"@type":"WebSite","@id":"https:\/\/vosgesinfo.fr\/laplainedesvosgesinfo\/#website","url":"https:\/\/vosgesinfo.fr\/laplainedesvosgesinfo\/","name":"La Plaine des Vosges","description":"Toute l&#039;actualit\u00e9 de la plaine de Vosges","publisher":{"@id":"https:\/\/vosgesinfo.fr\/laplainedesvosgesinfo\/#organization"},"alternateName":"Toute l'actualit\u00e9 de la plaine des Vosges","potentialAction":[{"@type":"SearchAction","target":{"@type":"EntryPoint","urlTemplate":"https:\/\/vosgesinfo.fr\/laplainedesvosgesinfo\/?s={search_term_string}"},"query-input":"required name=search_term_string"}],"inLanguage":"fr-FR"},{"@type":"Organization","@id":"https:\/\/vosgesinfo.fr\/laplainedesvosgesinfo\/#organization","name":"La Plaine des Vosges","url":"https:\/\/vosgesinfo.fr\/laplainedesvosgesinfo\/","logo":{"@type":"ImageObject","inLanguage":"fr-FR","@id":"https:\/\/vosgesinfo.fr\/laplainedesvosgesinfo\/#\/schema\/logo\/image\/","url":"https:\/\/vosgesinfo.fr\/app\/uploads\/sites\/2\/2023\/08\/logo-laplaineinfo.svg","contentUrl":"https:\/\/vosgesinfo.fr\/app\/uploads\/sites\/2\/2023\/08\/logo-laplaineinfo.svg","width":1,"height":1,"caption":"La Plaine des Vosges"},"image":{"@id":"https:\/\/vosgesinfo.fr\/laplainedesvosgesinfo\/#\/schema\/logo\/image\/"},"sameAs":["https:\/\/www.facebook.com\/laplainedesvosges","https:\/\/x.com\/VosgesInfo88","https:\/\/www.youtube.com\/@vosgesinfo"]},{"@type":"Person","@id":"https:\/\/vosgesinfo.fr\/laplainedesvosgesinfo\/#\/schema\/person\/bc5d02d71e6932e81b6dadb7386667b1","name":"qs_admin","image":{"@type":"ImageObject","inLanguage":"fr-FR","@id":"https:\/\/vosgesinfo.fr\/laplainedesvosgesinfo\/#\/schema\/person\/image\/","url":"https:\/\/secure.gravatar.com\/avatar\/94b18ee0ed79e4a42ea2f2931277b6841a8999fc6fde214600c78057cf1fe1de?s=96&d=mm&r=g","contentUrl":"https:\/\/secure.gravatar.com\/avatar\/94b18ee0ed79e4a42ea2f2931277b6841a8999fc6fde214600c78057cf1fe1de?s=96&d=mm&r=g","caption":"qs_admin"},"sameAs":["https:\/\/vosgesinfo.fr\/wp"],"url":"https:\/\/vosgesinfo.fr\/laplainedesvosgesinfo\/author\/qs_admin\/"}]}},"_links":{"self":[{"href":"https:\/\/vosgesinfo.fr\/laplainedesvosgesinfo\/wp-json\/wp\/v2\/posts\/5331","targetHints":{"allow":["GET"]}}],"collection":[{"href":"https:\/\/vosgesinfo.fr\/laplainedesvosgesinfo\/wp-json\/wp\/v2\/posts"}],"about":[{"href":"https:\/\/vosgesinfo.fr\/laplainedesvosgesinfo\/wp-json\/wp\/v2\/types\/post"}],"author":[{"embeddable":true,"href":"https:\/\/vosgesinfo.fr\/laplainedesvosgesinfo\/wp-json\/wp\/v2\/users\/1"}],"replies":[{"embeddable":true,"href":"https:\/\/vosgesinfo.fr\/laplainedesvosgesinfo\/wp-json\/wp\/v2\/comments?post=5331"}],"version-history":[{"count":0,"href":"https:\/\/vosgesinfo.fr\/laplainedesvosgesinfo\/wp-json\/wp\/v2\/posts\/5331\/revisions"}],"wp:featuredmedia":[{"embeddable":true,"href":"https:\/\/vosgesinfo.fr\/laplainedesvosgesinfo\/wp-json\/wp\/v2\/media\/5332"}],"wp:attachment":[{"href":"https:\/\/vosgesinfo.fr\/laplainedesvosgesinfo\/wp-json\/wp\/v2\/media?parent=5331"}],"wp:term":[{"taxonomy":"category","embeddable":true,"href":"https:\/\/vosgesinfo.fr\/laplainedesvosgesinfo\/wp-json\/wp\/v2\/categories?post=5331"},{"taxonomy":"post_tag","embeddable":true,"href":"https:\/\/vosgesinfo.fr\/laplainedesvosgesinfo\/wp-json\/wp\/v2\/tags?post=5331"}],"curies":[{"name":"wp","href":"https:\/\/api.w.org\/{rel}","templated":true}]}}