{"id":5333,"date":"2016-07-03T16:08:18","date_gmt":"2016-07-03T14:08:18","guid":{"rendered":"https:\/\/vosgesinfo.fr\/laplainedesvosgesinfo\/2016\/07\/vittel-premiere-edition-du-forum-economique\/"},"modified":"2016-07-03T16:08:18","modified_gmt":"2016-07-03T14:08:18","slug":"vittel-premiere-edition-du-forum-economique","status":"publish","type":"post","link":"https:\/\/vosgesinfo.fr\/laplainedesvosgesinfo\/2016\/07\/vittel-premiere-edition-du-forum-economique\/","title":{"rendered":"Vittel \u2013 Premi\u00e8re \u00e9dition du Forum Economique"},"content":{"rendered":"<p style=\"text-align: justify;\"><a href=\"\/2016\/07\/IMG_0936.jpg\"><img decoding=\"async\" class=\"aligncenter size-full wp-image-78135\" src=\"\/2016\/07\/IMG_0936.jpg\" alt=\"IMG_0936\" width=\"1024\" height=\"683\" \/><\/a><\/p>\n<p style=\"text-align: justify;\">Terre-Eau, association qui f\u00e9d\u00e8re les acteurs \u00e9conomiques du territoire de l&rsquo;Ouest Vosgien, a organis\u00e9 ce vendredi, en partenariat avec la communaut\u00e9 de communes Terre d&rsquo;Eau Vittel-Contrex\u00e9ville, le premier Forum Economique \u00e0 destination des entreprises et acteurs du territoire.<\/p>\n<p style=\"text-align: justify;\">Pour cette premi\u00e8re \u00e9dition, le territoire a eu l&rsquo;honneur de recevoir des Consuls G\u00e9n\u00e9raux et Honoraires du Corps Consulaire du Grand Est. Une quinzaine d&rsquo;entre eux a r\u00e9pondu pr\u00e9sents, allant du Br\u00e9sil au Japon en passant par le Tchad ou le Chili.<\/p>\n<p style=\"text-align: justify;\">A travers cet \u00e9v\u00e8nement, deux objectifs \u00e9taient mis en avant. Le premier de montrer le savoir-faire de l&rsquo;Ouest Vosgien, territoire \u00e0 haute valeur environnementale, \u00e9conomique et industrielle. Un territoire dynamique et attractif pour des nouveaux entrepreneurs et projets d&rsquo;activit\u00e9. Le deuxi\u00e8me \u00e9tait de mettre en avant la capacit\u00e9 des entreprises vosgiennes, au travers de leurs comp\u00e9tences et savoir-faire \u00e0 exporter des produits ou des services.<\/p>\n<p style=\"text-align: justify;\"><a href=\"\/2016\/07\/IMG_0758.jpg\"><img decoding=\"async\" class=\"wp-image-78136 alignright\" src=\"\/2016\/07\/IMG_0758.jpg\" alt=\"IMG_0758\" width=\"369\" height=\"277\" \/><\/a><\/p>\n<p style=\"text-align: justify;\">Une Pl\u00e9ni\u00e8re \u00e9conomique afin de faire valoir les atouts, les entreprises et l&rsquo;attractivit\u00e9 s&rsquo;est d\u00e9roul\u00e9e durant la matin\u00e9e. Cet \u00e9change \u00e9tait anim\u00e9 par Serge Cunin, vice-pr\u00e9sident de Terre-Eau. Jean-Jacques Gaultier, pr\u00e9sident de la communaut\u00e9 de communes Terre d&rsquo;Eau, Luc Gerecke, vice-pr\u00e9sident du Conseil D\u00e9partemental, Bernard Pruvost, pr\u00e9sident de Terre-Eau et H\u00e9l\u00e8ne Dubarry de DIRECCTE &#8211; Service international, \u00e9taient notamment pr\u00e9sents.<\/p>\n<p style=\"text-align: justify;\">Les Consuls ont eu l&rsquo;opportunit\u00e9 de visiter des sites industriels l&rsquo;apr\u00e8s-midi (Agrivair \u2013 Nestl\u00e9 Waters, Bericap, Fromagerie de l&rsquo;Ermitage, Lacroix, Solocap-Mab et Serko).<\/p>\n<p style=\"text-align: justify;\">\u00ab\u00a0<em>L&rsquo;id\u00e9e principale, c&rsquo;est de cr\u00e9er un \u00e9v\u00e8nement r\u00e9current annuel<\/em>\u00a0\u00bb explique Bernard Pruvost, pr\u00e9sident de Terre-Eau. Cette journ\u00e9e conviviale de rencontre entre les Consuls, les entreprises et les acteurs du territoire a permis d&rsquo;accroitre les opportunit\u00e9s d&rsquo;affaires \u00e9conomiques et d&rsquo;\u00e9changes favorables \u00e0 tous. Cette manifestation se voulait aussi \u00eatre un moment d&rsquo;interaction et de partage de r\u00e9seaux entre les entreprises du territoire.<\/p>\n<p style=\"text-align: justify;\">\n<p style=\"text-align: justify;\">A.J.<\/p>\n","protected":false},"excerpt":{"rendered":"<p>Terre-Eau, association qui f\u00e9d\u00e8re les acteurs \u00e9conomiques du territoire de l&rsquo;Ouest Vosgien, a organis\u00e9 ce vendredi, en partenariat avec la [&hellip;]<\/p>\n","protected":false},"author":1,"featured_media":5334,"comment_status":"open","ping_status":"open","sticky":false,"template":"","format":"standard","meta":{"footnotes":""},"categories":[29,5,37,38],"tags":[1557,1558,77],"class_list":["post-5333","post","type-post","status-publish","format-standard","has-post-thumbnail","hentry","category-a-la-une","category-economie","category-la-plaine","category-vittel-la-plaine","tag-consuls-du-corps-consulaire-du-grand-est","tag-forum-economique","tag-vittel"],"acf":[],"yoast_head":"<!-- This site is optimized with the Yoast SEO plugin v22.5 - https:\/\/yoast.com\/wordpress\/plugins\/seo\/ -->\n<title>Vittel \u2013 Premi\u00e8re \u00e9dition du Forum Economique - La Plaine des Vosges<\/title>\n<meta name=\"robots\" content=\"index, follow, max-snippet:-1, max-image-preview:large, max-video-preview:-1\" \/>\n<link rel=\"canonical\" href=\"https:\/\/vosgesinfo.fr\/laplainedesvosgesinfo\/2016\/07\/vittel-premiere-edition-du-forum-economique\/\" \/>\n<meta name=\"twitter:card\" content=\"summary_large_image\" \/>\n<meta name=\"twitter:title\" content=\"Vittel \u2013 Premi\u00e8re \u00e9dition du Forum Economique - La Plaine des Vosges\" \/>\n<meta name=\"twitter:description\" content=\"Terre-Eau, association qui f\u00e9d\u00e8re les acteurs \u00e9conomiques du territoire de l&rsquo;Ouest Vosgien, a organis\u00e9 ce vendredi, en partenariat avec la [&hellip;]\" \/>\n<meta name=\"twitter:image\" content=\"https:\/\/vosgesinfo.fr\/app\/uploads\/sites\/2\/2024\/06\/201607img-0936.jpg\" \/>\n<meta name=\"twitter:creator\" content=\"@VosgesInfo88\" \/>\n<meta name=\"twitter:site\" content=\"@VosgesInfo88\" \/>\n<meta name=\"twitter:label1\" content=\"\u00c9crit par\" \/>\n\t<meta name=\"twitter:data1\" content=\"qs_admin\" \/>\n\t<meta name=\"twitter:label2\" content=\"Dur\u00e9e de lecture estim\u00e9e\" \/>\n\t<meta name=\"twitter:data2\" content=\"2 minutes\" \/>\n<script type=\"application\/ld+json\" class=\"yoast-schema-graph\">{\"@context\":\"https:\/\/schema.org\",\"@graph\":[{\"@type\":\"Article\",\"@id\":\"https:\/\/vosgesinfo.fr\/laplainedesvosgesinfo\/2016\/07\/vittel-premiere-edition-du-forum-economique\/#article\",\"isPartOf\":{\"@id\":\"https:\/\/vosgesinfo.fr\/laplainedesvosgesinfo\/2016\/07\/vittel-premiere-edition-du-forum-economique\/\"},\"author\":{\"name\":\"qs_admin\",\"@id\":\"https:\/\/vosgesinfo.fr\/laplainedesvosgesinfo\/#\/schema\/person\/bc5d02d71e6932e81b6dadb7386667b1\"},\"headline\":\"Vittel \u2013 Premi\u00e8re \u00e9dition du Forum Economique\",\"datePublished\":\"2016-07-03T14:08:18+00:00\",\"dateModified\":\"2016-07-03T14:08:18+00:00\",\"mainEntityOfPage\":{\"@id\":\"https:\/\/vosgesinfo.fr\/laplainedesvosgesinfo\/2016\/07\/vittel-premiere-edition-du-forum-economique\/\"},\"wordCount\":345,\"commentCount\":0,\"publisher\":{\"@id\":\"https:\/\/vosgesinfo.fr\/laplainedesvosgesinfo\/#organization\"},\"image\":{\"@id\":\"https:\/\/vosgesinfo.fr\/laplainedesvosgesinfo\/2016\/07\/vittel-premiere-edition-du-forum-economique\/#primaryimage\"},\"thumbnailUrl\":\"https:\/\/vosgesinfo.fr\/app\/uploads\/sites\/2\/2024\/06\/201607img-0936.jpg\",\"keywords\":[\"Consuls du Corps consulaire du Grand Est\",\"Forum Economique\",\"Vittel\"],\"articleSection\":[\"A la Une\",\"\u00c9conomie\",\"La Plaine\",\"Vittel\"],\"inLanguage\":\"fr-FR\",\"potentialAction\":[{\"@type\":\"CommentAction\",\"name\":\"Comment\",\"target\":[\"https:\/\/vosgesinfo.fr\/laplainedesvosgesinfo\/2016\/07\/vittel-premiere-edition-du-forum-economique\/#respond\"]}]},{\"@type\":\"WebPage\",\"@id\":\"https:\/\/vosgesinfo.fr\/laplainedesvosgesinfo\/2016\/07\/vittel-premiere-edition-du-forum-economique\/\",\"url\":\"https:\/\/vosgesinfo.fr\/laplainedesvosgesinfo\/2016\/07\/vittel-premiere-edition-du-forum-economique\/\",\"name\":\"Vittel \u2013 Premi\u00e8re \u00e9dition du Forum Economique - La Plaine des Vosges\",\"isPartOf\":{\"@id\":\"https:\/\/vosgesinfo.fr\/laplainedesvosgesinfo\/#website\"},\"primaryImageOfPage\":{\"@id\":\"https:\/\/vosgesinfo.fr\/laplainedesvosgesinfo\/2016\/07\/vittel-premiere-edition-du-forum-economique\/#primaryimage\"},\"image\":{\"@id\":\"https:\/\/vosgesinfo.fr\/laplainedesvosgesinfo\/2016\/07\/vittel-premiere-edition-du-forum-economique\/#primaryimage\"},\"thumbnailUrl\":\"https:\/\/vosgesinfo.fr\/app\/uploads\/sites\/2\/2024\/06\/201607img-0936.jpg\",\"datePublished\":\"2016-07-03T14:08:18+00:00\",\"dateModified\":\"2016-07-03T14:08:18+00:00\",\"breadcrumb\":{\"@id\":\"https:\/\/vosgesinfo.fr\/laplainedesvosgesinfo\/2016\/07\/vittel-premiere-edition-du-forum-economique\/#breadcrumb\"},\"inLanguage\":\"fr-FR\",\"potentialAction\":[{\"@type\":\"ReadAction\",\"target\":[\"https:\/\/vosgesinfo.fr\/laplainedesvosgesinfo\/2016\/07\/vittel-premiere-edition-du-forum-economique\/\"]}]},{\"@type\":\"ImageObject\",\"inLanguage\":\"fr-FR\",\"@id\":\"https:\/\/vosgesinfo.fr\/laplainedesvosgesinfo\/2016\/07\/vittel-premiere-edition-du-forum-economique\/#primaryimage\",\"url\":\"https:\/\/vosgesinfo.fr\/app\/uploads\/sites\/2\/2024\/06\/201607img-0936.jpg\",\"contentUrl\":\"https:\/\/vosgesinfo.fr\/app\/uploads\/sites\/2\/2024\/06\/201607img-0936.jpg\",\"width\":800,\"height\":534},{\"@type\":\"BreadcrumbList\",\"@id\":\"https:\/\/vosgesinfo.fr\/laplainedesvosgesinfo\/2016\/07\/vittel-premiere-edition-du-forum-economique\/#breadcrumb\",\"itemListElement\":[{\"@type\":\"ListItem\",\"position\":1,\"name\":\"Home\",\"item\":\"https:\/\/vosgesinfo.fr\/laplainedesvosgesinfo\/\"},{\"@type\":\"ListItem\",\"position\":2,\"name\":\"Vittel \u2013 Premi\u00e8re \u00e9dition du Forum Economique\"}]},{\"@type\":\"WebSite\",\"@id\":\"https:\/\/vosgesinfo.fr\/laplainedesvosgesinfo\/#website\",\"url\":\"https:\/\/vosgesinfo.fr\/laplainedesvosgesinfo\/\",\"name\":\"La Plaine des Vosges\",\"description\":\"Toute l&#039;actualit\u00e9 de la plaine de Vosges\",\"publisher\":{\"@id\":\"https:\/\/vosgesinfo.fr\/laplainedesvosgesinfo\/#organization\"},\"alternateName\":\"Toute l'actualit\u00e9 de la plaine des Vosges\",\"potentialAction\":[{\"@type\":\"SearchAction\",\"target\":{\"@type\":\"EntryPoint\",\"urlTemplate\":\"https:\/\/vosgesinfo.fr\/laplainedesvosgesinfo\/?s={search_term_string}\"},\"query-input\":\"required name=search_term_string\"}],\"inLanguage\":\"fr-FR\"},{\"@type\":\"Organization\",\"@id\":\"https:\/\/vosgesinfo.fr\/laplainedesvosgesinfo\/#organization\",\"name\":\"La Plaine des Vosges\",\"url\":\"https:\/\/vosgesinfo.fr\/laplainedesvosgesinfo\/\",\"logo\":{\"@type\":\"ImageObject\",\"inLanguage\":\"fr-FR\",\"@id\":\"https:\/\/vosgesinfo.fr\/laplainedesvosgesinfo\/#\/schema\/logo\/image\/\",\"url\":\"https:\/\/vosgesinfo.fr\/app\/uploads\/sites\/2\/2023\/08\/logo-laplaineinfo.svg\",\"contentUrl\":\"https:\/\/vosgesinfo.fr\/app\/uploads\/sites\/2\/2023\/08\/logo-laplaineinfo.svg\",\"width\":1,\"height\":1,\"caption\":\"La Plaine des Vosges\"},\"image\":{\"@id\":\"https:\/\/vosgesinfo.fr\/laplainedesvosgesinfo\/#\/schema\/logo\/image\/\"},\"sameAs\":[\"https:\/\/www.facebook.com\/laplainedesvosges\",\"https:\/\/x.com\/VosgesInfo88\",\"https:\/\/www.youtube.com\/@vosgesinfo\"]},{\"@type\":\"Person\",\"@id\":\"https:\/\/vosgesinfo.fr\/laplainedesvosgesinfo\/#\/schema\/person\/bc5d02d71e6932e81b6dadb7386667b1\",\"name\":\"qs_admin\",\"image\":{\"@type\":\"ImageObject\",\"inLanguage\":\"fr-FR\",\"@id\":\"https:\/\/vosgesinfo.fr\/laplainedesvosgesinfo\/#\/schema\/person\/image\/\",\"url\":\"https:\/\/secure.gravatar.com\/avatar\/94b18ee0ed79e4a42ea2f2931277b6841a8999fc6fde214600c78057cf1fe1de?s=96&d=mm&r=g\",\"contentUrl\":\"https:\/\/secure.gravatar.com\/avatar\/94b18ee0ed79e4a42ea2f2931277b6841a8999fc6fde214600c78057cf1fe1de?s=96&d=mm&r=g\",\"caption\":\"qs_admin\"},\"sameAs\":[\"https:\/\/vosgesinfo.fr\/wp\"],\"url\":\"https:\/\/vosgesinfo.fr\/laplainedesvosgesinfo\/author\/qs_admin\/\"}]}<\/script>\n<!-- \/ Yoast SEO plugin. -->","yoast_head_json":{"title":"Vittel \u2013 Premi\u00e8re \u00e9dition du Forum Economique - La Plaine des Vosges","robots":{"index":"index","follow":"follow","max-snippet":"max-snippet:-1","max-image-preview":"max-image-preview:large","max-video-preview":"max-video-preview:-1"},"canonical":"https:\/\/vosgesinfo.fr\/laplainedesvosgesinfo\/2016\/07\/vittel-premiere-edition-du-forum-economique\/","twitter_card":"summary_large_image","twitter_title":"Vittel \u2013 Premi\u00e8re \u00e9dition du Forum Economique - La Plaine des Vosges","twitter_description":"Terre-Eau, association qui f\u00e9d\u00e8re les acteurs \u00e9conomiques du territoire de l&rsquo;Ouest Vosgien, a organis\u00e9 ce vendredi, en partenariat avec la [&hellip;]","twitter_image":"https:\/\/vosgesinfo.fr\/app\/uploads\/sites\/2\/2024\/06\/201607img-0936.jpg","twitter_creator":"@VosgesInfo88","twitter_site":"@VosgesInfo88","twitter_misc":{"\u00c9crit par":"qs_admin","Dur\u00e9e de lecture estim\u00e9e":"2 minutes"},"schema":{"@context":"https:\/\/schema.org","@graph":[{"@type":"Article","@id":"https:\/\/vosgesinfo.fr\/laplainedesvosgesinfo\/2016\/07\/vittel-premiere-edition-du-forum-economique\/#article","isPartOf":{"@id":"https:\/\/vosgesinfo.fr\/laplainedesvosgesinfo\/2016\/07\/vittel-premiere-edition-du-forum-economique\/"},"author":{"name":"qs_admin","@id":"https:\/\/vosgesinfo.fr\/laplainedesvosgesinfo\/#\/schema\/person\/bc5d02d71e6932e81b6dadb7386667b1"},"headline":"Vittel \u2013 Premi\u00e8re \u00e9dition du Forum Economique","datePublished":"2016-07-03T14:08:18+00:00","dateModified":"2016-07-03T14:08:18+00:00","mainEntityOfPage":{"@id":"https:\/\/vosgesinfo.fr\/laplainedesvosgesinfo\/2016\/07\/vittel-premiere-edition-du-forum-economique\/"},"wordCount":345,"commentCount":0,"publisher":{"@id":"https:\/\/vosgesinfo.fr\/laplainedesvosgesinfo\/#organization"},"image":{"@id":"https:\/\/vosgesinfo.fr\/laplainedesvosgesinfo\/2016\/07\/vittel-premiere-edition-du-forum-economique\/#primaryimage"},"thumbnailUrl":"https:\/\/vosgesinfo.fr\/app\/uploads\/sites\/2\/2024\/06\/201607img-0936.jpg","keywords":["Consuls du Corps consulaire du Grand Est","Forum Economique","Vittel"],"articleSection":["A la Une","\u00c9conomie","La Plaine","Vittel"],"inLanguage":"fr-FR","potentialAction":[{"@type":"CommentAction","name":"Comment","target":["https:\/\/vosgesinfo.fr\/laplainedesvosgesinfo\/2016\/07\/vittel-premiere-edition-du-forum-economique\/#respond"]}]},{"@type":"WebPage","@id":"https:\/\/vosgesinfo.fr\/laplainedesvosgesinfo\/2016\/07\/vittel-premiere-edition-du-forum-economique\/","url":"https:\/\/vosgesinfo.fr\/laplainedesvosgesinfo\/2016\/07\/vittel-premiere-edition-du-forum-economique\/","name":"Vittel \u2013 Premi\u00e8re \u00e9dition du Forum Economique - La Plaine des Vosges","isPartOf":{"@id":"https:\/\/vosgesinfo.fr\/laplainedesvosgesinfo\/#website"},"primaryImageOfPage":{"@id":"https:\/\/vosgesinfo.fr\/laplainedesvosgesinfo\/2016\/07\/vittel-premiere-edition-du-forum-economique\/#primaryimage"},"image":{"@id":"https:\/\/vosgesinfo.fr\/laplainedesvosgesinfo\/2016\/07\/vittel-premiere-edition-du-forum-economique\/#primaryimage"},"thumbnailUrl":"https:\/\/vosgesinfo.fr\/app\/uploads\/sites\/2\/2024\/06\/201607img-0936.jpg","datePublished":"2016-07-03T14:08:18+00:00","dateModified":"2016-07-03T14:08:18+00:00","breadcrumb":{"@id":"https:\/\/vosgesinfo.fr\/laplainedesvosgesinfo\/2016\/07\/vittel-premiere-edition-du-forum-economique\/#breadcrumb"},"inLanguage":"fr-FR","potentialAction":[{"@type":"ReadAction","target":["https:\/\/vosgesinfo.fr\/laplainedesvosgesinfo\/2016\/07\/vittel-premiere-edition-du-forum-economique\/"]}]},{"@type":"ImageObject","inLanguage":"fr-FR","@id":"https:\/\/vosgesinfo.fr\/laplainedesvosgesinfo\/2016\/07\/vittel-premiere-edition-du-forum-economique\/#primaryimage","url":"https:\/\/vosgesinfo.fr\/app\/uploads\/sites\/2\/2024\/06\/201607img-0936.jpg","contentUrl":"https:\/\/vosgesinfo.fr\/app\/uploads\/sites\/2\/2024\/06\/201607img-0936.jpg","width":800,"height":534},{"@type":"BreadcrumbList","@id":"https:\/\/vosgesinfo.fr\/laplainedesvosgesinfo\/2016\/07\/vittel-premiere-edition-du-forum-economique\/#breadcrumb","itemListElement":[{"@type":"ListItem","position":1,"name":"Home","item":"https:\/\/vosgesinfo.fr\/laplainedesvosgesinfo\/"},{"@type":"ListItem","position":2,"name":"Vittel \u2013 Premi\u00e8re \u00e9dition du Forum Economique"}]},{"@type":"WebSite","@id":"https:\/\/vosgesinfo.fr\/laplainedesvosgesinfo\/#website","url":"https:\/\/vosgesinfo.fr\/laplainedesvosgesinfo\/","name":"La Plaine des Vosges","description":"Toute l&#039;actualit\u00e9 de la plaine de Vosges","publisher":{"@id":"https:\/\/vosgesinfo.fr\/laplainedesvosgesinfo\/#organization"},"alternateName":"Toute l'actualit\u00e9 de la plaine des Vosges","potentialAction":[{"@type":"SearchAction","target":{"@type":"EntryPoint","urlTemplate":"https:\/\/vosgesinfo.fr\/laplainedesvosgesinfo\/?s={search_term_string}"},"query-input":"required name=search_term_string"}],"inLanguage":"fr-FR"},{"@type":"Organization","@id":"https:\/\/vosgesinfo.fr\/laplainedesvosgesinfo\/#organization","name":"La Plaine des Vosges","url":"https:\/\/vosgesinfo.fr\/laplainedesvosgesinfo\/","logo":{"@type":"ImageObject","inLanguage":"fr-FR","@id":"https:\/\/vosgesinfo.fr\/laplainedesvosgesinfo\/#\/schema\/logo\/image\/","url":"https:\/\/vosgesinfo.fr\/app\/uploads\/sites\/2\/2023\/08\/logo-laplaineinfo.svg","contentUrl":"https:\/\/vosgesinfo.fr\/app\/uploads\/sites\/2\/2023\/08\/logo-laplaineinfo.svg","width":1,"height":1,"caption":"La Plaine des Vosges"},"image":{"@id":"https:\/\/vosgesinfo.fr\/laplainedesvosgesinfo\/#\/schema\/logo\/image\/"},"sameAs":["https:\/\/www.facebook.com\/laplainedesvosges","https:\/\/x.com\/VosgesInfo88","https:\/\/www.youtube.com\/@vosgesinfo"]},{"@type":"Person","@id":"https:\/\/vosgesinfo.fr\/laplainedesvosgesinfo\/#\/schema\/person\/bc5d02d71e6932e81b6dadb7386667b1","name":"qs_admin","image":{"@type":"ImageObject","inLanguage":"fr-FR","@id":"https:\/\/vosgesinfo.fr\/laplainedesvosgesinfo\/#\/schema\/person\/image\/","url":"https:\/\/secure.gravatar.com\/avatar\/94b18ee0ed79e4a42ea2f2931277b6841a8999fc6fde214600c78057cf1fe1de?s=96&d=mm&r=g","contentUrl":"https:\/\/secure.gravatar.com\/avatar\/94b18ee0ed79e4a42ea2f2931277b6841a8999fc6fde214600c78057cf1fe1de?s=96&d=mm&r=g","caption":"qs_admin"},"sameAs":["https:\/\/vosgesinfo.fr\/wp"],"url":"https:\/\/vosgesinfo.fr\/laplainedesvosgesinfo\/author\/qs_admin\/"}]}},"_links":{"self":[{"href":"https:\/\/vosgesinfo.fr\/laplainedesvosgesinfo\/wp-json\/wp\/v2\/posts\/5333","targetHints":{"allow":["GET"]}}],"collection":[{"href":"https:\/\/vosgesinfo.fr\/laplainedesvosgesinfo\/wp-json\/wp\/v2\/posts"}],"about":[{"href":"https:\/\/vosgesinfo.fr\/laplainedesvosgesinfo\/wp-json\/wp\/v2\/types\/post"}],"author":[{"embeddable":true,"href":"https:\/\/vosgesinfo.fr\/laplainedesvosgesinfo\/wp-json\/wp\/v2\/users\/1"}],"replies":[{"embeddable":true,"href":"https:\/\/vosgesinfo.fr\/laplainedesvosgesinfo\/wp-json\/wp\/v2\/comments?post=5333"}],"version-history":[{"count":0,"href":"https:\/\/vosgesinfo.fr\/laplainedesvosgesinfo\/wp-json\/wp\/v2\/posts\/5333\/revisions"}],"wp:featuredmedia":[{"embeddable":true,"href":"https:\/\/vosgesinfo.fr\/laplainedesvosgesinfo\/wp-json\/wp\/v2\/media\/5334"}],"wp:attachment":[{"href":"https:\/\/vosgesinfo.fr\/laplainedesvosgesinfo\/wp-json\/wp\/v2\/media?parent=5333"}],"wp:term":[{"taxonomy":"category","embeddable":true,"href":"https:\/\/vosgesinfo.fr\/laplainedesvosgesinfo\/wp-json\/wp\/v2\/categories?post=5333"},{"taxonomy":"post_tag","embeddable":true,"href":"https:\/\/vosgesinfo.fr\/laplainedesvosgesinfo\/wp-json\/wp\/v2\/tags?post=5333"}],"curies":[{"name":"wp","href":"https:\/\/api.w.org\/{rel}","templated":true}]}}