{"id":5336,"date":"2016-07-03T16:13:23","date_gmt":"2016-07-03T14:13:23","guid":{"rendered":"https:\/\/vosgesinfo.fr\/laplainedesvosgesinfo\/2016\/07\/les-travaux-du-4-au-10-juillet-sur-les-routes-departementales-dans-louest-des-vosges\/"},"modified":"2016-07-03T16:13:23","modified_gmt":"2016-07-03T14:13:23","slug":"les-travaux-du-4-au-10-juillet-sur-les-routes-departementales-dans-louest-des-vosges","status":"publish","type":"post","link":"https:\/\/vosgesinfo.fr\/laplainedesvosgesinfo\/2016\/07\/les-travaux-du-4-au-10-juillet-sur-les-routes-departementales-dans-louest-des-vosges\/","title":{"rendered":"Les travaux du 4 au 10 juillet sur les routes d\u00e9partementales dans l\u2019ouest des Vosges"},"content":{"rendered":"<p><a href=\"\/2016\/02\/Attention-Travaux3.jpg\"><img decoding=\"async\" class=\"wp-image-73037 alignleft\" src=\"\/2016\/02\/Attention-Travaux3.jpg\" alt=\"Attention-Travaux3\" width=\"379\" height=\"311\" \/><\/a><strong>\u00c9tat pr\u00e9visionnel des g\u00eanes \u00e0 la circulation sur les routes d\u00e9partementales dans l\u2019ouest vosgien, du lundi 13 juin au dimanche 20 juin. Ces informations sont fournies sous r\u00e9serve des conditions climatiques et des al\u00e9as de chantier.<\/strong><\/p>\n<p><strong>Dans le secteur de Neufch\u00e2teau :<\/strong><\/p>\n<ul>\n<li>Moncel-sur-Vair (RD3A) \u2013 Travaux sur r\u00e9seaux AEP et assainissement, am\u00e9nagement de voirie : Alternat avec feux (jusqu\u2019au 31 ao\u00fbt).<\/li>\n<li>Domremy-la-Pucelle et Coussey (RD53) \u2013 Circulation Interdite (<strong>1,2,6,8,9,12,15,16 juillet de 17h \u00e0 1h<\/strong>).<\/li>\n<\/ul>\n<p>Sens Greux vers Liffol-le-Grand : RD 164 jusqu\u2019au carrefour RD 3, \u00e0 COUSSEY, RD 3 jusqu\u2019au carrefour avec la RD53 et vice versa dans l\u2019autre sens.<\/p>\n<ul>\n<li>Morelmaison (RD3) \u2013 Am\u00e9nagement de voirie \u2013 Circulation interdite (jusqu\u2019au 08 juillet).<\/li>\n<\/ul>\n<p>Sens Saint-Paul vers Morelmaison : RD 13 jusqu\u2019au carrefour RD 79, RD 79 jusqu\u2019au carrefour RD 16, \u00e0 Ch\u00e2tenois, RD 16 jusqu\u2019au carrefour RD 166, \u00e0 Ch\u00e2tenois, RD 166 jusqu\u2019\u00e0 l\u2019\u00e9changeur \u00ab\u00a0Gironcourt Verrerie\u00a0\u00bb, RD 266, jusqu\u2019au giratoire RD 266 \/ RD 3, \u00e0 Gironcourt-sur-Vraine, \u2013 RD 3, jusqu\u2019\u00e0 Morelmaison et vice versa dans l\u2019autre sens.<\/p>\n<ul>\n<li>Moncel-sur-Vair (RD3) &#8211; Travaux sur r\u00e9seaux AEP et assainissement, Am\u00e9nagement de voirie &#8211; Alternant avec des feux (jusqu&rsquo;au 30 ao\u00fbt).<\/li>\n<\/ul>\n<p><strong>Dans le secteur de Vittel :<\/strong><\/p>\n<ul>\n<li>Remoncourt (RD429) \u2013 Travaux d\u2019assainissement : Poids lourds interdits (jusqu\u2019au 15 juillet).<\/li>\n<\/ul>\n<p>D\u00e9viation mise en place : Sens Vittel vers Mirecourt : RD 165 jusqu\u2019au carrefour avec la RD 166 (giratoire de Dompaire) via Valleroy-le-Sec et Bainville-aux-Saules, RD 166 et vice versa dans l\u2019autre sens.<\/p>\n<p>Sens Vittel vers Hymont : RD 165 jusqu\u2019au carrefour avec la RD 4 via Valleroy-le-Sec et Bainville-aux-Saules, RD 4 jusqu\u2019au carrefour avec la RD 429 via B\u00e9gn\u00e9court et Valleroy-aux-Saules, RD 429 et vice versa dans l\u2019autre sens.<\/p>\n<ul>\n<li>Hymont (RD429) \u2013\u00a0 Travaux de remplacement du r\u00e9seau d&rsquo;eau potable &#8211; Alternat avec feux, Travaux en agglom\u00e9ration (jusqu&rsquo;au 29 juillet)<\/li>\n<li>Ambacourt (RD255) &#8211; Travaux d&rsquo;assainissement &#8211; Alternat avec feux, Travaux\u00a0 en agglom\u00e9ration (jusqu&rsquo;au 31 juillet)<\/li>\n<\/ul>\n","protected":false},"excerpt":{"rendered":"<p>\u00c9tat pr\u00e9visionnel des g\u00eanes \u00e0 la circulation sur les routes d\u00e9partementales dans l\u2019ouest vosgien, du lundi 13 juin au dimanche [&hellip;]<\/p>\n","protected":false},"author":1,"featured_media":5337,"comment_status":"open","ping_status":"open","sticky":false,"template":"","format":"standard","meta":{"footnotes":""},"categories":[29,37],"tags":[865,1559,533],"class_list":["post-5336","post","type-post","status-publish","format-standard","has-post-thumbnail","hentry","category-a-la-une","category-la-plaine","tag-conseil-departemental-des-vosges","tag-route-departemental","tag-travaux"],"acf":[],"yoast_head":"<!-- This site is optimized with the Yoast SEO plugin v22.5 - https:\/\/yoast.com\/wordpress\/plugins\/seo\/ -->\n<title>Les travaux du 4 au 10 juillet sur les routes d\u00e9partementales dans l\u2019ouest des Vosges - La Plaine des Vosges<\/title>\n<meta name=\"robots\" content=\"index, follow, max-snippet:-1, max-image-preview:large, max-video-preview:-1\" \/>\n<link rel=\"canonical\" href=\"https:\/\/vosgesinfo.fr\/laplainedesvosgesinfo\/2016\/07\/les-travaux-du-4-au-10-juillet-sur-les-routes-departementales-dans-louest-des-vosges\/\" \/>\n<meta name=\"twitter:card\" content=\"summary_large_image\" \/>\n<meta name=\"twitter:title\" content=\"Les travaux du 4 au 10 juillet sur les routes d\u00e9partementales dans l\u2019ouest des Vosges - La Plaine des Vosges\" \/>\n<meta name=\"twitter:description\" content=\"\u00c9tat pr\u00e9visionnel des g\u00eanes \u00e0 la circulation sur les routes d\u00e9partementales dans l\u2019ouest vosgien, du lundi 13 juin au dimanche [&hellip;]\" \/>\n<meta name=\"twitter:image\" content=\"https:\/\/vosgesinfo.fr\/app\/uploads\/sites\/2\/2024\/06\/201602attention-travaux3-5.jpg\" \/>\n<meta name=\"twitter:creator\" content=\"@VosgesInfo88\" \/>\n<meta name=\"twitter:site\" content=\"@VosgesInfo88\" \/>\n<meta name=\"twitter:label1\" content=\"\u00c9crit par\" \/>\n\t<meta name=\"twitter:data1\" content=\"qs_admin\" \/>\n\t<meta name=\"twitter:label2\" content=\"Dur\u00e9e de lecture estim\u00e9e\" \/>\n\t<meta name=\"twitter:data2\" content=\"1 minute\" \/>\n<script type=\"application\/ld+json\" class=\"yoast-schema-graph\">{\"@context\":\"https:\/\/schema.org\",\"@graph\":[{\"@type\":\"Article\",\"@id\":\"https:\/\/vosgesinfo.fr\/laplainedesvosgesinfo\/2016\/07\/les-travaux-du-4-au-10-juillet-sur-les-routes-departementales-dans-louest-des-vosges\/#article\",\"isPartOf\":{\"@id\":\"https:\/\/vosgesinfo.fr\/laplainedesvosgesinfo\/2016\/07\/les-travaux-du-4-au-10-juillet-sur-les-routes-departementales-dans-louest-des-vosges\/\"},\"author\":{\"name\":\"qs_admin\",\"@id\":\"https:\/\/vosgesinfo.fr\/laplainedesvosgesinfo\/#\/schema\/person\/bc5d02d71e6932e81b6dadb7386667b1\"},\"headline\":\"Les travaux du 4 au 10 juillet sur les routes d\u00e9partementales dans l\u2019ouest des Vosges\",\"datePublished\":\"2016-07-03T14:13:23+00:00\",\"dateModified\":\"2016-07-03T14:13:23+00:00\",\"mainEntityOfPage\":{\"@id\":\"https:\/\/vosgesinfo.fr\/laplainedesvosgesinfo\/2016\/07\/les-travaux-du-4-au-10-juillet-sur-les-routes-departementales-dans-louest-des-vosges\/\"},\"wordCount\":317,\"commentCount\":0,\"publisher\":{\"@id\":\"https:\/\/vosgesinfo.fr\/laplainedesvosgesinfo\/#organization\"},\"image\":{\"@id\":\"https:\/\/vosgesinfo.fr\/laplainedesvosgesinfo\/2016\/07\/les-travaux-du-4-au-10-juillet-sur-les-routes-departementales-dans-louest-des-vosges\/#primaryimage\"},\"thumbnailUrl\":\"https:\/\/vosgesinfo.fr\/app\/uploads\/sites\/2\/2024\/06\/201602attention-travaux3-5.jpg\",\"keywords\":[\"Conseil d\u00e9partemental des Vosges\",\"route d\u00e9partemental\",\"travaux\"],\"articleSection\":[\"A la Une\",\"La Plaine\"],\"inLanguage\":\"fr-FR\",\"potentialAction\":[{\"@type\":\"CommentAction\",\"name\":\"Comment\",\"target\":[\"https:\/\/vosgesinfo.fr\/laplainedesvosgesinfo\/2016\/07\/les-travaux-du-4-au-10-juillet-sur-les-routes-departementales-dans-louest-des-vosges\/#respond\"]}]},{\"@type\":\"WebPage\",\"@id\":\"https:\/\/vosgesinfo.fr\/laplainedesvosgesinfo\/2016\/07\/les-travaux-du-4-au-10-juillet-sur-les-routes-departementales-dans-louest-des-vosges\/\",\"url\":\"https:\/\/vosgesinfo.fr\/laplainedesvosgesinfo\/2016\/07\/les-travaux-du-4-au-10-juillet-sur-les-routes-departementales-dans-louest-des-vosges\/\",\"name\":\"Les travaux du 4 au 10 juillet sur les routes d\u00e9partementales dans l\u2019ouest des Vosges - La Plaine des Vosges\",\"isPartOf\":{\"@id\":\"https:\/\/vosgesinfo.fr\/laplainedesvosgesinfo\/#website\"},\"primaryImageOfPage\":{\"@id\":\"https:\/\/vosgesinfo.fr\/laplainedesvosgesinfo\/2016\/07\/les-travaux-du-4-au-10-juillet-sur-les-routes-departementales-dans-louest-des-vosges\/#primaryimage\"},\"image\":{\"@id\":\"https:\/\/vosgesinfo.fr\/laplainedesvosgesinfo\/2016\/07\/les-travaux-du-4-au-10-juillet-sur-les-routes-departementales-dans-louest-des-vosges\/#primaryimage\"},\"thumbnailUrl\":\"https:\/\/vosgesinfo.fr\/app\/uploads\/sites\/2\/2024\/06\/201602attention-travaux3-5.jpg\",\"datePublished\":\"2016-07-03T14:13:23+00:00\",\"dateModified\":\"2016-07-03T14:13:23+00:00\",\"breadcrumb\":{\"@id\":\"https:\/\/vosgesinfo.fr\/laplainedesvosgesinfo\/2016\/07\/les-travaux-du-4-au-10-juillet-sur-les-routes-departementales-dans-louest-des-vosges\/#breadcrumb\"},\"inLanguage\":\"fr-FR\",\"potentialAction\":[{\"@type\":\"ReadAction\",\"target\":[\"https:\/\/vosgesinfo.fr\/laplainedesvosgesinfo\/2016\/07\/les-travaux-du-4-au-10-juillet-sur-les-routes-departementales-dans-louest-des-vosges\/\"]}]},{\"@type\":\"ImageObject\",\"inLanguage\":\"fr-FR\",\"@id\":\"https:\/\/vosgesinfo.fr\/laplainedesvosgesinfo\/2016\/07\/les-travaux-du-4-au-10-juillet-sur-les-routes-departementales-dans-louest-des-vosges\/#primaryimage\",\"url\":\"https:\/\/vosgesinfo.fr\/app\/uploads\/sites\/2\/2024\/06\/201602attention-travaux3-5.jpg\",\"contentUrl\":\"https:\/\/vosgesinfo.fr\/app\/uploads\/sites\/2\/2024\/06\/201602attention-travaux3-5.jpg\",\"width\":500,\"height\":410},{\"@type\":\"BreadcrumbList\",\"@id\":\"https:\/\/vosgesinfo.fr\/laplainedesvosgesinfo\/2016\/07\/les-travaux-du-4-au-10-juillet-sur-les-routes-departementales-dans-louest-des-vosges\/#breadcrumb\",\"itemListElement\":[{\"@type\":\"ListItem\",\"position\":1,\"name\":\"Home\",\"item\":\"https:\/\/vosgesinfo.fr\/laplainedesvosgesinfo\/\"},{\"@type\":\"ListItem\",\"position\":2,\"name\":\"Les travaux du 4 au 10 juillet sur les routes d\u00e9partementales dans l\u2019ouest des Vosges\"}]},{\"@type\":\"WebSite\",\"@id\":\"https:\/\/vosgesinfo.fr\/laplainedesvosgesinfo\/#website\",\"url\":\"https:\/\/vosgesinfo.fr\/laplainedesvosgesinfo\/\",\"name\":\"La Plaine des Vosges\",\"description\":\"Toute l&#039;actualit\u00e9 de la plaine de Vosges\",\"publisher\":{\"@id\":\"https:\/\/vosgesinfo.fr\/laplainedesvosgesinfo\/#organization\"},\"alternateName\":\"Toute l'actualit\u00e9 de la plaine des Vosges\",\"potentialAction\":[{\"@type\":\"SearchAction\",\"target\":{\"@type\":\"EntryPoint\",\"urlTemplate\":\"https:\/\/vosgesinfo.fr\/laplainedesvosgesinfo\/?s={search_term_string}\"},\"query-input\":\"required name=search_term_string\"}],\"inLanguage\":\"fr-FR\"},{\"@type\":\"Organization\",\"@id\":\"https:\/\/vosgesinfo.fr\/laplainedesvosgesinfo\/#organization\",\"name\":\"La Plaine des Vosges\",\"url\":\"https:\/\/vosgesinfo.fr\/laplainedesvosgesinfo\/\",\"logo\":{\"@type\":\"ImageObject\",\"inLanguage\":\"fr-FR\",\"@id\":\"https:\/\/vosgesinfo.fr\/laplainedesvosgesinfo\/#\/schema\/logo\/image\/\",\"url\":\"https:\/\/vosgesinfo.fr\/app\/uploads\/sites\/2\/2023\/08\/logo-laplaineinfo.svg\",\"contentUrl\":\"https:\/\/vosgesinfo.fr\/app\/uploads\/sites\/2\/2023\/08\/logo-laplaineinfo.svg\",\"width\":1,\"height\":1,\"caption\":\"La Plaine des Vosges\"},\"image\":{\"@id\":\"https:\/\/vosgesinfo.fr\/laplainedesvosgesinfo\/#\/schema\/logo\/image\/\"},\"sameAs\":[\"https:\/\/www.facebook.com\/laplainedesvosges\",\"https:\/\/x.com\/VosgesInfo88\",\"https:\/\/www.youtube.com\/@vosgesinfo\"]},{\"@type\":\"Person\",\"@id\":\"https:\/\/vosgesinfo.fr\/laplainedesvosgesinfo\/#\/schema\/person\/bc5d02d71e6932e81b6dadb7386667b1\",\"name\":\"qs_admin\",\"image\":{\"@type\":\"ImageObject\",\"inLanguage\":\"fr-FR\",\"@id\":\"https:\/\/vosgesinfo.fr\/laplainedesvosgesinfo\/#\/schema\/person\/image\/\",\"url\":\"https:\/\/secure.gravatar.com\/avatar\/94b18ee0ed79e4a42ea2f2931277b6841a8999fc6fde214600c78057cf1fe1de?s=96&d=mm&r=g\",\"contentUrl\":\"https:\/\/secure.gravatar.com\/avatar\/94b18ee0ed79e4a42ea2f2931277b6841a8999fc6fde214600c78057cf1fe1de?s=96&d=mm&r=g\",\"caption\":\"qs_admin\"},\"sameAs\":[\"https:\/\/vosgesinfo.fr\/wp\"],\"url\":\"https:\/\/vosgesinfo.fr\/laplainedesvosgesinfo\/author\/qs_admin\/\"}]}<\/script>\n<!-- \/ Yoast SEO plugin. -->","yoast_head_json":{"title":"Les travaux du 4 au 10 juillet sur les routes d\u00e9partementales dans l\u2019ouest des Vosges - La Plaine des Vosges","robots":{"index":"index","follow":"follow","max-snippet":"max-snippet:-1","max-image-preview":"max-image-preview:large","max-video-preview":"max-video-preview:-1"},"canonical":"https:\/\/vosgesinfo.fr\/laplainedesvosgesinfo\/2016\/07\/les-travaux-du-4-au-10-juillet-sur-les-routes-departementales-dans-louest-des-vosges\/","twitter_card":"summary_large_image","twitter_title":"Les travaux du 4 au 10 juillet sur les routes d\u00e9partementales dans l\u2019ouest des Vosges - La Plaine des Vosges","twitter_description":"\u00c9tat pr\u00e9visionnel des g\u00eanes \u00e0 la circulation sur les routes d\u00e9partementales dans l\u2019ouest vosgien, du lundi 13 juin au dimanche [&hellip;]","twitter_image":"https:\/\/vosgesinfo.fr\/app\/uploads\/sites\/2\/2024\/06\/201602attention-travaux3-5.jpg","twitter_creator":"@VosgesInfo88","twitter_site":"@VosgesInfo88","twitter_misc":{"\u00c9crit par":"qs_admin","Dur\u00e9e de lecture estim\u00e9e":"1 minute"},"schema":{"@context":"https:\/\/schema.org","@graph":[{"@type":"Article","@id":"https:\/\/vosgesinfo.fr\/laplainedesvosgesinfo\/2016\/07\/les-travaux-du-4-au-10-juillet-sur-les-routes-departementales-dans-louest-des-vosges\/#article","isPartOf":{"@id":"https:\/\/vosgesinfo.fr\/laplainedesvosgesinfo\/2016\/07\/les-travaux-du-4-au-10-juillet-sur-les-routes-departementales-dans-louest-des-vosges\/"},"author":{"name":"qs_admin","@id":"https:\/\/vosgesinfo.fr\/laplainedesvosgesinfo\/#\/schema\/person\/bc5d02d71e6932e81b6dadb7386667b1"},"headline":"Les travaux du 4 au 10 juillet sur les routes d\u00e9partementales dans l\u2019ouest des Vosges","datePublished":"2016-07-03T14:13:23+00:00","dateModified":"2016-07-03T14:13:23+00:00","mainEntityOfPage":{"@id":"https:\/\/vosgesinfo.fr\/laplainedesvosgesinfo\/2016\/07\/les-travaux-du-4-au-10-juillet-sur-les-routes-departementales-dans-louest-des-vosges\/"},"wordCount":317,"commentCount":0,"publisher":{"@id":"https:\/\/vosgesinfo.fr\/laplainedesvosgesinfo\/#organization"},"image":{"@id":"https:\/\/vosgesinfo.fr\/laplainedesvosgesinfo\/2016\/07\/les-travaux-du-4-au-10-juillet-sur-les-routes-departementales-dans-louest-des-vosges\/#primaryimage"},"thumbnailUrl":"https:\/\/vosgesinfo.fr\/app\/uploads\/sites\/2\/2024\/06\/201602attention-travaux3-5.jpg","keywords":["Conseil d\u00e9partemental des Vosges","route d\u00e9partemental","travaux"],"articleSection":["A la Une","La Plaine"],"inLanguage":"fr-FR","potentialAction":[{"@type":"CommentAction","name":"Comment","target":["https:\/\/vosgesinfo.fr\/laplainedesvosgesinfo\/2016\/07\/les-travaux-du-4-au-10-juillet-sur-les-routes-departementales-dans-louest-des-vosges\/#respond"]}]},{"@type":"WebPage","@id":"https:\/\/vosgesinfo.fr\/laplainedesvosgesinfo\/2016\/07\/les-travaux-du-4-au-10-juillet-sur-les-routes-departementales-dans-louest-des-vosges\/","url":"https:\/\/vosgesinfo.fr\/laplainedesvosgesinfo\/2016\/07\/les-travaux-du-4-au-10-juillet-sur-les-routes-departementales-dans-louest-des-vosges\/","name":"Les travaux du 4 au 10 juillet sur les routes d\u00e9partementales dans l\u2019ouest des Vosges - La Plaine des Vosges","isPartOf":{"@id":"https:\/\/vosgesinfo.fr\/laplainedesvosgesinfo\/#website"},"primaryImageOfPage":{"@id":"https:\/\/vosgesinfo.fr\/laplainedesvosgesinfo\/2016\/07\/les-travaux-du-4-au-10-juillet-sur-les-routes-departementales-dans-louest-des-vosges\/#primaryimage"},"image":{"@id":"https:\/\/vosgesinfo.fr\/laplainedesvosgesinfo\/2016\/07\/les-travaux-du-4-au-10-juillet-sur-les-routes-departementales-dans-louest-des-vosges\/#primaryimage"},"thumbnailUrl":"https:\/\/vosgesinfo.fr\/app\/uploads\/sites\/2\/2024\/06\/201602attention-travaux3-5.jpg","datePublished":"2016-07-03T14:13:23+00:00","dateModified":"2016-07-03T14:13:23+00:00","breadcrumb":{"@id":"https:\/\/vosgesinfo.fr\/laplainedesvosgesinfo\/2016\/07\/les-travaux-du-4-au-10-juillet-sur-les-routes-departementales-dans-louest-des-vosges\/#breadcrumb"},"inLanguage":"fr-FR","potentialAction":[{"@type":"ReadAction","target":["https:\/\/vosgesinfo.fr\/laplainedesvosgesinfo\/2016\/07\/les-travaux-du-4-au-10-juillet-sur-les-routes-departementales-dans-louest-des-vosges\/"]}]},{"@type":"ImageObject","inLanguage":"fr-FR","@id":"https:\/\/vosgesinfo.fr\/laplainedesvosgesinfo\/2016\/07\/les-travaux-du-4-au-10-juillet-sur-les-routes-departementales-dans-louest-des-vosges\/#primaryimage","url":"https:\/\/vosgesinfo.fr\/app\/uploads\/sites\/2\/2024\/06\/201602attention-travaux3-5.jpg","contentUrl":"https:\/\/vosgesinfo.fr\/app\/uploads\/sites\/2\/2024\/06\/201602attention-travaux3-5.jpg","width":500,"height":410},{"@type":"BreadcrumbList","@id":"https:\/\/vosgesinfo.fr\/laplainedesvosgesinfo\/2016\/07\/les-travaux-du-4-au-10-juillet-sur-les-routes-departementales-dans-louest-des-vosges\/#breadcrumb","itemListElement":[{"@type":"ListItem","position":1,"name":"Home","item":"https:\/\/vosgesinfo.fr\/laplainedesvosgesinfo\/"},{"@type":"ListItem","position":2,"name":"Les travaux du 4 au 10 juillet sur les routes d\u00e9partementales dans l\u2019ouest des Vosges"}]},{"@type":"WebSite","@id":"https:\/\/vosgesinfo.fr\/laplainedesvosgesinfo\/#website","url":"https:\/\/vosgesinfo.fr\/laplainedesvosgesinfo\/","name":"La Plaine des Vosges","description":"Toute l&#039;actualit\u00e9 de la plaine de Vosges","publisher":{"@id":"https:\/\/vosgesinfo.fr\/laplainedesvosgesinfo\/#organization"},"alternateName":"Toute l'actualit\u00e9 de la plaine des Vosges","potentialAction":[{"@type":"SearchAction","target":{"@type":"EntryPoint","urlTemplate":"https:\/\/vosgesinfo.fr\/laplainedesvosgesinfo\/?s={search_term_string}"},"query-input":"required name=search_term_string"}],"inLanguage":"fr-FR"},{"@type":"Organization","@id":"https:\/\/vosgesinfo.fr\/laplainedesvosgesinfo\/#organization","name":"La Plaine des Vosges","url":"https:\/\/vosgesinfo.fr\/laplainedesvosgesinfo\/","logo":{"@type":"ImageObject","inLanguage":"fr-FR","@id":"https:\/\/vosgesinfo.fr\/laplainedesvosgesinfo\/#\/schema\/logo\/image\/","url":"https:\/\/vosgesinfo.fr\/app\/uploads\/sites\/2\/2023\/08\/logo-laplaineinfo.svg","contentUrl":"https:\/\/vosgesinfo.fr\/app\/uploads\/sites\/2\/2023\/08\/logo-laplaineinfo.svg","width":1,"height":1,"caption":"La Plaine des Vosges"},"image":{"@id":"https:\/\/vosgesinfo.fr\/laplainedesvosgesinfo\/#\/schema\/logo\/image\/"},"sameAs":["https:\/\/www.facebook.com\/laplainedesvosges","https:\/\/x.com\/VosgesInfo88","https:\/\/www.youtube.com\/@vosgesinfo"]},{"@type":"Person","@id":"https:\/\/vosgesinfo.fr\/laplainedesvosgesinfo\/#\/schema\/person\/bc5d02d71e6932e81b6dadb7386667b1","name":"qs_admin","image":{"@type":"ImageObject","inLanguage":"fr-FR","@id":"https:\/\/vosgesinfo.fr\/laplainedesvosgesinfo\/#\/schema\/person\/image\/","url":"https:\/\/secure.gravatar.com\/avatar\/94b18ee0ed79e4a42ea2f2931277b6841a8999fc6fde214600c78057cf1fe1de?s=96&d=mm&r=g","contentUrl":"https:\/\/secure.gravatar.com\/avatar\/94b18ee0ed79e4a42ea2f2931277b6841a8999fc6fde214600c78057cf1fe1de?s=96&d=mm&r=g","caption":"qs_admin"},"sameAs":["https:\/\/vosgesinfo.fr\/wp"],"url":"https:\/\/vosgesinfo.fr\/laplainedesvosgesinfo\/author\/qs_admin\/"}]}},"_links":{"self":[{"href":"https:\/\/vosgesinfo.fr\/laplainedesvosgesinfo\/wp-json\/wp\/v2\/posts\/5336","targetHints":{"allow":["GET"]}}],"collection":[{"href":"https:\/\/vosgesinfo.fr\/laplainedesvosgesinfo\/wp-json\/wp\/v2\/posts"}],"about":[{"href":"https:\/\/vosgesinfo.fr\/laplainedesvosgesinfo\/wp-json\/wp\/v2\/types\/post"}],"author":[{"embeddable":true,"href":"https:\/\/vosgesinfo.fr\/laplainedesvosgesinfo\/wp-json\/wp\/v2\/users\/1"}],"replies":[{"embeddable":true,"href":"https:\/\/vosgesinfo.fr\/laplainedesvosgesinfo\/wp-json\/wp\/v2\/comments?post=5336"}],"version-history":[{"count":0,"href":"https:\/\/vosgesinfo.fr\/laplainedesvosgesinfo\/wp-json\/wp\/v2\/posts\/5336\/revisions"}],"wp:featuredmedia":[{"embeddable":true,"href":"https:\/\/vosgesinfo.fr\/laplainedesvosgesinfo\/wp-json\/wp\/v2\/media\/5337"}],"wp:attachment":[{"href":"https:\/\/vosgesinfo.fr\/laplainedesvosgesinfo\/wp-json\/wp\/v2\/media?parent=5336"}],"wp:term":[{"taxonomy":"category","embeddable":true,"href":"https:\/\/vosgesinfo.fr\/laplainedesvosgesinfo\/wp-json\/wp\/v2\/categories?post=5336"},{"taxonomy":"post_tag","embeddable":true,"href":"https:\/\/vosgesinfo.fr\/laplainedesvosgesinfo\/wp-json\/wp\/v2\/tags?post=5336"}],"curies":[{"name":"wp","href":"https:\/\/api.w.org\/{rel}","templated":true}]}}