{"id":5488,"date":"2016-07-09T12:52:52","date_gmt":"2016-07-09T10:52:52","guid":{"rendered":"https:\/\/vosgesinfo.fr\/laplainedesvosgesinfo\/2016\/07\/vosges-football-un-bus-pour-aller-voir-les-5-matches-de-gala-de-nancy-en-ligue-1\/"},"modified":"2016-07-09T12:52:52","modified_gmt":"2016-07-09T10:52:52","slug":"vosges-football-un-bus-pour-aller-voir-les-5-matches-de-gala-de-nancy-en-ligue-1","status":"publish","type":"post","link":"https:\/\/vosgesinfo.fr\/laplainedesvosgesinfo\/2016\/07\/vosges-football-un-bus-pour-aller-voir-les-5-matches-de-gala-de-nancy-en-ligue-1\/","title":{"rendered":"Vosges \u2013 Football : un bus pour aller voir les 5 matches de gala de Nancy en Ligue 1"},"content":{"rendered":"<p style=\"text-align: justify;\"><a href=\"\/2016\/07\/148999424.jpg\"><img decoding=\"async\" class=\"aligncenter size-full wp-image-78370\" src=\"\/2016\/07\/148999424.jpg\" alt=\"148999424\" width=\"640\" height=\"480\" \/><\/a><\/p>\n<p style=\"text-align: justify;\">A la faveur du retour de l\u2019AS Nancy-Lorraine en Ligue 1, le FC Saulxures-sur-Moselotte-Thi\u00e9fosse organise cinq sorties en bus pour aller suivre ses cinq matches de gala au stade Marcel-Picot lors de la saison 2016-2017. Une occasion unique de vivre le pic de l\u2019\u00e9motion nanc\u00e9ienne durant cette prochaine saison.<\/p>\n<p style=\"text-align: justify;\">Ces cinq matches de gala sont pr\u00e9vus au stade Marcel-Picot :<\/p>\n<ul style=\"text-align: justify;\">\n<li>contre Lyon le\u00a013 ao\u00fbt 2016,<\/li>\n<li>Paris-Saint-Germain le 15 octobre 2016,<\/li>\n<li>Metz le\u00a030 novembre 2016,<\/li>\n<li>Marseille le\u00a022 avril 2017,<\/li>\n<li>Monaco le\u00a06 mai 2017.<\/li>\n<\/ul>\n<p style=\"text-align: justify;\">Pour ces cinq matches de gala, les participants seront plac\u00e9s en tribune Hazotte basse.<\/p>\n<p style=\"text-align: justify;\">Chaque bus partira de Saulxures-sur-Moselotte avec plusieurs arr\u00eats pr\u00e9vus \u00e0 Vagney, Le Syndicat, Remiremont, Eloyes et Epinal.<\/p>\n<p style=\"text-align: justify;\">Un seul tarif est propos\u00e9 pour chacun de ces matches : 75 euros, entr\u00e9e au stade\u00a0et d\u00e9placement compris, soit 375 euros pour l\u2019ensemble de la saison. Comme \u00e0 chaque d\u00e9placement, la boisson sera offerte.<\/p>\n<p style=\"text-align: justify;\">Un seul num\u00e9ro pour s\u2019inscrire : 06.82.96.99.58.<\/p>\n","protected":false},"excerpt":{"rendered":"<p>A la faveur du retour de l\u2019AS Nancy-Lorraine en Ligue 1, le FC Saulxures-sur-Moselotte-Thi\u00e9fosse organise cinq sorties en bus pour [&hellip;]<\/p>\n","protected":false},"author":1,"featured_media":5489,"comment_status":"open","ping_status":"open","sticky":false,"template":"","format":"standard","meta":{"footnotes":""},"categories":[14,18],"tags":[1613,925,1614],"class_list":["post-5488","post","type-post","status-publish","format-standard","has-post-thumbnail","hentry","category-sport","category-vosges","tag-asnl","tag-football","tag-nancy"],"acf":[],"yoast_head":"<!-- This site is optimized with the Yoast SEO plugin v22.5 - https:\/\/yoast.com\/wordpress\/plugins\/seo\/ -->\n<title>Vosges \u2013 Football : un bus pour aller voir les 5 matches de gala de Nancy en Ligue 1 - La Plaine des Vosges<\/title>\n<meta name=\"robots\" content=\"index, follow, max-snippet:-1, max-image-preview:large, max-video-preview:-1\" \/>\n<link rel=\"canonical\" href=\"https:\/\/vosgesinfo.fr\/laplainedesvosgesinfo\/2016\/07\/vosges-football-un-bus-pour-aller-voir-les-5-matches-de-gala-de-nancy-en-ligue-1\/\" \/>\n<meta name=\"twitter:card\" content=\"summary_large_image\" \/>\n<meta name=\"twitter:title\" content=\"Vosges \u2013 Football : un bus pour aller voir les 5 matches de gala de Nancy en Ligue 1 - La Plaine des Vosges\" \/>\n<meta name=\"twitter:description\" content=\"A la faveur du retour de l\u2019AS Nancy-Lorraine en Ligue 1, le FC Saulxures-sur-Moselotte-Thi\u00e9fosse organise cinq sorties en bus pour [&hellip;]\" \/>\n<meta name=\"twitter:image\" content=\"https:\/\/vosgesinfo.fr\/app\/uploads\/sites\/2\/2024\/06\/201607148999424.jpg\" \/>\n<meta name=\"twitter:creator\" content=\"@VosgesInfo88\" \/>\n<meta name=\"twitter:site\" content=\"@VosgesInfo88\" \/>\n<meta name=\"twitter:label1\" content=\"\u00c9crit par\" \/>\n\t<meta name=\"twitter:data1\" content=\"qs_admin\" \/>\n\t<meta name=\"twitter:label2\" content=\"Dur\u00e9e de lecture estim\u00e9e\" \/>\n\t<meta name=\"twitter:data2\" content=\"1 minute\" \/>\n<script type=\"application\/ld+json\" class=\"yoast-schema-graph\">{\"@context\":\"https:\/\/schema.org\",\"@graph\":[{\"@type\":\"Article\",\"@id\":\"https:\/\/vosgesinfo.fr\/laplainedesvosgesinfo\/2016\/07\/vosges-football-un-bus-pour-aller-voir-les-5-matches-de-gala-de-nancy-en-ligue-1\/#article\",\"isPartOf\":{\"@id\":\"https:\/\/vosgesinfo.fr\/laplainedesvosgesinfo\/2016\/07\/vosges-football-un-bus-pour-aller-voir-les-5-matches-de-gala-de-nancy-en-ligue-1\/\"},\"author\":{\"name\":\"qs_admin\",\"@id\":\"https:\/\/vosgesinfo.fr\/laplainedesvosgesinfo\/#\/schema\/person\/bc5d02d71e6932e81b6dadb7386667b1\"},\"headline\":\"Vosges \u2013 Football : un bus pour aller voir les 5 matches de gala de Nancy en Ligue 1\",\"datePublished\":\"2016-07-09T10:52:52+00:00\",\"dateModified\":\"2016-07-09T10:52:52+00:00\",\"mainEntityOfPage\":{\"@id\":\"https:\/\/vosgesinfo.fr\/laplainedesvosgesinfo\/2016\/07\/vosges-football-un-bus-pour-aller-voir-les-5-matches-de-gala-de-nancy-en-ligue-1\/\"},\"wordCount\":170,\"commentCount\":0,\"publisher\":{\"@id\":\"https:\/\/vosgesinfo.fr\/laplainedesvosgesinfo\/#organization\"},\"image\":{\"@id\":\"https:\/\/vosgesinfo.fr\/laplainedesvosgesinfo\/2016\/07\/vosges-football-un-bus-pour-aller-voir-les-5-matches-de-gala-de-nancy-en-ligue-1\/#primaryimage\"},\"thumbnailUrl\":\"https:\/\/vosgesinfo.fr\/app\/uploads\/sites\/2\/2024\/06\/201607148999424.jpg\",\"keywords\":[\"ASNL\",\"football\",\"Nancy\"],\"articleSection\":[\"Sport\",\"Vosges\"],\"inLanguage\":\"fr-FR\",\"potentialAction\":[{\"@type\":\"CommentAction\",\"name\":\"Comment\",\"target\":[\"https:\/\/vosgesinfo.fr\/laplainedesvosgesinfo\/2016\/07\/vosges-football-un-bus-pour-aller-voir-les-5-matches-de-gala-de-nancy-en-ligue-1\/#respond\"]}]},{\"@type\":\"WebPage\",\"@id\":\"https:\/\/vosgesinfo.fr\/laplainedesvosgesinfo\/2016\/07\/vosges-football-un-bus-pour-aller-voir-les-5-matches-de-gala-de-nancy-en-ligue-1\/\",\"url\":\"https:\/\/vosgesinfo.fr\/laplainedesvosgesinfo\/2016\/07\/vosges-football-un-bus-pour-aller-voir-les-5-matches-de-gala-de-nancy-en-ligue-1\/\",\"name\":\"Vosges \u2013 Football : un bus pour aller voir les 5 matches de gala de Nancy en Ligue 1 - La Plaine des Vosges\",\"isPartOf\":{\"@id\":\"https:\/\/vosgesinfo.fr\/laplainedesvosgesinfo\/#website\"},\"primaryImageOfPage\":{\"@id\":\"https:\/\/vosgesinfo.fr\/laplainedesvosgesinfo\/2016\/07\/vosges-football-un-bus-pour-aller-voir-les-5-matches-de-gala-de-nancy-en-ligue-1\/#primaryimage\"},\"image\":{\"@id\":\"https:\/\/vosgesinfo.fr\/laplainedesvosgesinfo\/2016\/07\/vosges-football-un-bus-pour-aller-voir-les-5-matches-de-gala-de-nancy-en-ligue-1\/#primaryimage\"},\"thumbnailUrl\":\"https:\/\/vosgesinfo.fr\/app\/uploads\/sites\/2\/2024\/06\/201607148999424.jpg\",\"datePublished\":\"2016-07-09T10:52:52+00:00\",\"dateModified\":\"2016-07-09T10:52:52+00:00\",\"breadcrumb\":{\"@id\":\"https:\/\/vosgesinfo.fr\/laplainedesvosgesinfo\/2016\/07\/vosges-football-un-bus-pour-aller-voir-les-5-matches-de-gala-de-nancy-en-ligue-1\/#breadcrumb\"},\"inLanguage\":\"fr-FR\",\"potentialAction\":[{\"@type\":\"ReadAction\",\"target\":[\"https:\/\/vosgesinfo.fr\/laplainedesvosgesinfo\/2016\/07\/vosges-football-un-bus-pour-aller-voir-les-5-matches-de-gala-de-nancy-en-ligue-1\/\"]}]},{\"@type\":\"ImageObject\",\"inLanguage\":\"fr-FR\",\"@id\":\"https:\/\/vosgesinfo.fr\/laplainedesvosgesinfo\/2016\/07\/vosges-football-un-bus-pour-aller-voir-les-5-matches-de-gala-de-nancy-en-ligue-1\/#primaryimage\",\"url\":\"https:\/\/vosgesinfo.fr\/app\/uploads\/sites\/2\/2024\/06\/201607148999424.jpg\",\"contentUrl\":\"https:\/\/vosgesinfo.fr\/app\/uploads\/sites\/2\/2024\/06\/201607148999424.jpg\",\"width\":640,\"height\":480},{\"@type\":\"BreadcrumbList\",\"@id\":\"https:\/\/vosgesinfo.fr\/laplainedesvosgesinfo\/2016\/07\/vosges-football-un-bus-pour-aller-voir-les-5-matches-de-gala-de-nancy-en-ligue-1\/#breadcrumb\",\"itemListElement\":[{\"@type\":\"ListItem\",\"position\":1,\"name\":\"Home\",\"item\":\"https:\/\/vosgesinfo.fr\/laplainedesvosgesinfo\/\"},{\"@type\":\"ListItem\",\"position\":2,\"name\":\"Vosges \u2013 Football : un bus pour aller voir les 5 matches de gala de Nancy en Ligue 1\"}]},{\"@type\":\"WebSite\",\"@id\":\"https:\/\/vosgesinfo.fr\/laplainedesvosgesinfo\/#website\",\"url\":\"https:\/\/vosgesinfo.fr\/laplainedesvosgesinfo\/\",\"name\":\"La Plaine des Vosges\",\"description\":\"Toute l&#039;actualit\u00e9 de la plaine de Vosges\",\"publisher\":{\"@id\":\"https:\/\/vosgesinfo.fr\/laplainedesvosgesinfo\/#organization\"},\"alternateName\":\"Toute l'actualit\u00e9 de la plaine des Vosges\",\"potentialAction\":[{\"@type\":\"SearchAction\",\"target\":{\"@type\":\"EntryPoint\",\"urlTemplate\":\"https:\/\/vosgesinfo.fr\/laplainedesvosgesinfo\/?s={search_term_string}\"},\"query-input\":\"required name=search_term_string\"}],\"inLanguage\":\"fr-FR\"},{\"@type\":\"Organization\",\"@id\":\"https:\/\/vosgesinfo.fr\/laplainedesvosgesinfo\/#organization\",\"name\":\"La Plaine des Vosges\",\"url\":\"https:\/\/vosgesinfo.fr\/laplainedesvosgesinfo\/\",\"logo\":{\"@type\":\"ImageObject\",\"inLanguage\":\"fr-FR\",\"@id\":\"https:\/\/vosgesinfo.fr\/laplainedesvosgesinfo\/#\/schema\/logo\/image\/\",\"url\":\"https:\/\/vosgesinfo.fr\/app\/uploads\/sites\/2\/2023\/08\/logo-laplaineinfo.svg\",\"contentUrl\":\"https:\/\/vosgesinfo.fr\/app\/uploads\/sites\/2\/2023\/08\/logo-laplaineinfo.svg\",\"width\":1,\"height\":1,\"caption\":\"La Plaine des Vosges\"},\"image\":{\"@id\":\"https:\/\/vosgesinfo.fr\/laplainedesvosgesinfo\/#\/schema\/logo\/image\/\"},\"sameAs\":[\"https:\/\/www.facebook.com\/laplainedesvosges\",\"https:\/\/x.com\/VosgesInfo88\",\"https:\/\/www.youtube.com\/@vosgesinfo\"]},{\"@type\":\"Person\",\"@id\":\"https:\/\/vosgesinfo.fr\/laplainedesvosgesinfo\/#\/schema\/person\/bc5d02d71e6932e81b6dadb7386667b1\",\"name\":\"qs_admin\",\"image\":{\"@type\":\"ImageObject\",\"inLanguage\":\"fr-FR\",\"@id\":\"https:\/\/vosgesinfo.fr\/laplainedesvosgesinfo\/#\/schema\/person\/image\/\",\"url\":\"https:\/\/secure.gravatar.com\/avatar\/94b18ee0ed79e4a42ea2f2931277b6841a8999fc6fde214600c78057cf1fe1de?s=96&d=mm&r=g\",\"contentUrl\":\"https:\/\/secure.gravatar.com\/avatar\/94b18ee0ed79e4a42ea2f2931277b6841a8999fc6fde214600c78057cf1fe1de?s=96&d=mm&r=g\",\"caption\":\"qs_admin\"},\"sameAs\":[\"https:\/\/vosgesinfo.fr\/wp\"],\"url\":\"https:\/\/vosgesinfo.fr\/laplainedesvosgesinfo\/author\/qs_admin\/\"}]}<\/script>\n<!-- \/ Yoast SEO plugin. -->","yoast_head_json":{"title":"Vosges \u2013 Football : un bus pour aller voir les 5 matches de gala de Nancy en Ligue 1 - La Plaine des Vosges","robots":{"index":"index","follow":"follow","max-snippet":"max-snippet:-1","max-image-preview":"max-image-preview:large","max-video-preview":"max-video-preview:-1"},"canonical":"https:\/\/vosgesinfo.fr\/laplainedesvosgesinfo\/2016\/07\/vosges-football-un-bus-pour-aller-voir-les-5-matches-de-gala-de-nancy-en-ligue-1\/","twitter_card":"summary_large_image","twitter_title":"Vosges \u2013 Football : un bus pour aller voir les 5 matches de gala de Nancy en Ligue 1 - La Plaine des Vosges","twitter_description":"A la faveur du retour de l\u2019AS Nancy-Lorraine en Ligue 1, le FC Saulxures-sur-Moselotte-Thi\u00e9fosse organise cinq sorties en bus pour [&hellip;]","twitter_image":"https:\/\/vosgesinfo.fr\/app\/uploads\/sites\/2\/2024\/06\/201607148999424.jpg","twitter_creator":"@VosgesInfo88","twitter_site":"@VosgesInfo88","twitter_misc":{"\u00c9crit par":"qs_admin","Dur\u00e9e de lecture estim\u00e9e":"1 minute"},"schema":{"@context":"https:\/\/schema.org","@graph":[{"@type":"Article","@id":"https:\/\/vosgesinfo.fr\/laplainedesvosgesinfo\/2016\/07\/vosges-football-un-bus-pour-aller-voir-les-5-matches-de-gala-de-nancy-en-ligue-1\/#article","isPartOf":{"@id":"https:\/\/vosgesinfo.fr\/laplainedesvosgesinfo\/2016\/07\/vosges-football-un-bus-pour-aller-voir-les-5-matches-de-gala-de-nancy-en-ligue-1\/"},"author":{"name":"qs_admin","@id":"https:\/\/vosgesinfo.fr\/laplainedesvosgesinfo\/#\/schema\/person\/bc5d02d71e6932e81b6dadb7386667b1"},"headline":"Vosges \u2013 Football : un bus pour aller voir les 5 matches de gala de Nancy en Ligue 1","datePublished":"2016-07-09T10:52:52+00:00","dateModified":"2016-07-09T10:52:52+00:00","mainEntityOfPage":{"@id":"https:\/\/vosgesinfo.fr\/laplainedesvosgesinfo\/2016\/07\/vosges-football-un-bus-pour-aller-voir-les-5-matches-de-gala-de-nancy-en-ligue-1\/"},"wordCount":170,"commentCount":0,"publisher":{"@id":"https:\/\/vosgesinfo.fr\/laplainedesvosgesinfo\/#organization"},"image":{"@id":"https:\/\/vosgesinfo.fr\/laplainedesvosgesinfo\/2016\/07\/vosges-football-un-bus-pour-aller-voir-les-5-matches-de-gala-de-nancy-en-ligue-1\/#primaryimage"},"thumbnailUrl":"https:\/\/vosgesinfo.fr\/app\/uploads\/sites\/2\/2024\/06\/201607148999424.jpg","keywords":["ASNL","football","Nancy"],"articleSection":["Sport","Vosges"],"inLanguage":"fr-FR","potentialAction":[{"@type":"CommentAction","name":"Comment","target":["https:\/\/vosgesinfo.fr\/laplainedesvosgesinfo\/2016\/07\/vosges-football-un-bus-pour-aller-voir-les-5-matches-de-gala-de-nancy-en-ligue-1\/#respond"]}]},{"@type":"WebPage","@id":"https:\/\/vosgesinfo.fr\/laplainedesvosgesinfo\/2016\/07\/vosges-football-un-bus-pour-aller-voir-les-5-matches-de-gala-de-nancy-en-ligue-1\/","url":"https:\/\/vosgesinfo.fr\/laplainedesvosgesinfo\/2016\/07\/vosges-football-un-bus-pour-aller-voir-les-5-matches-de-gala-de-nancy-en-ligue-1\/","name":"Vosges \u2013 Football : un bus pour aller voir les 5 matches de gala de Nancy en Ligue 1 - La Plaine des Vosges","isPartOf":{"@id":"https:\/\/vosgesinfo.fr\/laplainedesvosgesinfo\/#website"},"primaryImageOfPage":{"@id":"https:\/\/vosgesinfo.fr\/laplainedesvosgesinfo\/2016\/07\/vosges-football-un-bus-pour-aller-voir-les-5-matches-de-gala-de-nancy-en-ligue-1\/#primaryimage"},"image":{"@id":"https:\/\/vosgesinfo.fr\/laplainedesvosgesinfo\/2016\/07\/vosges-football-un-bus-pour-aller-voir-les-5-matches-de-gala-de-nancy-en-ligue-1\/#primaryimage"},"thumbnailUrl":"https:\/\/vosgesinfo.fr\/app\/uploads\/sites\/2\/2024\/06\/201607148999424.jpg","datePublished":"2016-07-09T10:52:52+00:00","dateModified":"2016-07-09T10:52:52+00:00","breadcrumb":{"@id":"https:\/\/vosgesinfo.fr\/laplainedesvosgesinfo\/2016\/07\/vosges-football-un-bus-pour-aller-voir-les-5-matches-de-gala-de-nancy-en-ligue-1\/#breadcrumb"},"inLanguage":"fr-FR","potentialAction":[{"@type":"ReadAction","target":["https:\/\/vosgesinfo.fr\/laplainedesvosgesinfo\/2016\/07\/vosges-football-un-bus-pour-aller-voir-les-5-matches-de-gala-de-nancy-en-ligue-1\/"]}]},{"@type":"ImageObject","inLanguage":"fr-FR","@id":"https:\/\/vosgesinfo.fr\/laplainedesvosgesinfo\/2016\/07\/vosges-football-un-bus-pour-aller-voir-les-5-matches-de-gala-de-nancy-en-ligue-1\/#primaryimage","url":"https:\/\/vosgesinfo.fr\/app\/uploads\/sites\/2\/2024\/06\/201607148999424.jpg","contentUrl":"https:\/\/vosgesinfo.fr\/app\/uploads\/sites\/2\/2024\/06\/201607148999424.jpg","width":640,"height":480},{"@type":"BreadcrumbList","@id":"https:\/\/vosgesinfo.fr\/laplainedesvosgesinfo\/2016\/07\/vosges-football-un-bus-pour-aller-voir-les-5-matches-de-gala-de-nancy-en-ligue-1\/#breadcrumb","itemListElement":[{"@type":"ListItem","position":1,"name":"Home","item":"https:\/\/vosgesinfo.fr\/laplainedesvosgesinfo\/"},{"@type":"ListItem","position":2,"name":"Vosges \u2013 Football : un bus pour aller voir les 5 matches de gala de Nancy en Ligue 1"}]},{"@type":"WebSite","@id":"https:\/\/vosgesinfo.fr\/laplainedesvosgesinfo\/#website","url":"https:\/\/vosgesinfo.fr\/laplainedesvosgesinfo\/","name":"La Plaine des Vosges","description":"Toute l&#039;actualit\u00e9 de la plaine de Vosges","publisher":{"@id":"https:\/\/vosgesinfo.fr\/laplainedesvosgesinfo\/#organization"},"alternateName":"Toute l'actualit\u00e9 de la plaine des Vosges","potentialAction":[{"@type":"SearchAction","target":{"@type":"EntryPoint","urlTemplate":"https:\/\/vosgesinfo.fr\/laplainedesvosgesinfo\/?s={search_term_string}"},"query-input":"required name=search_term_string"}],"inLanguage":"fr-FR"},{"@type":"Organization","@id":"https:\/\/vosgesinfo.fr\/laplainedesvosgesinfo\/#organization","name":"La Plaine des Vosges","url":"https:\/\/vosgesinfo.fr\/laplainedesvosgesinfo\/","logo":{"@type":"ImageObject","inLanguage":"fr-FR","@id":"https:\/\/vosgesinfo.fr\/laplainedesvosgesinfo\/#\/schema\/logo\/image\/","url":"https:\/\/vosgesinfo.fr\/app\/uploads\/sites\/2\/2023\/08\/logo-laplaineinfo.svg","contentUrl":"https:\/\/vosgesinfo.fr\/app\/uploads\/sites\/2\/2023\/08\/logo-laplaineinfo.svg","width":1,"height":1,"caption":"La Plaine des Vosges"},"image":{"@id":"https:\/\/vosgesinfo.fr\/laplainedesvosgesinfo\/#\/schema\/logo\/image\/"},"sameAs":["https:\/\/www.facebook.com\/laplainedesvosges","https:\/\/x.com\/VosgesInfo88","https:\/\/www.youtube.com\/@vosgesinfo"]},{"@type":"Person","@id":"https:\/\/vosgesinfo.fr\/laplainedesvosgesinfo\/#\/schema\/person\/bc5d02d71e6932e81b6dadb7386667b1","name":"qs_admin","image":{"@type":"ImageObject","inLanguage":"fr-FR","@id":"https:\/\/vosgesinfo.fr\/laplainedesvosgesinfo\/#\/schema\/person\/image\/","url":"https:\/\/secure.gravatar.com\/avatar\/94b18ee0ed79e4a42ea2f2931277b6841a8999fc6fde214600c78057cf1fe1de?s=96&d=mm&r=g","contentUrl":"https:\/\/secure.gravatar.com\/avatar\/94b18ee0ed79e4a42ea2f2931277b6841a8999fc6fde214600c78057cf1fe1de?s=96&d=mm&r=g","caption":"qs_admin"},"sameAs":["https:\/\/vosgesinfo.fr\/wp"],"url":"https:\/\/vosgesinfo.fr\/laplainedesvosgesinfo\/author\/qs_admin\/"}]}},"_links":{"self":[{"href":"https:\/\/vosgesinfo.fr\/laplainedesvosgesinfo\/wp-json\/wp\/v2\/posts\/5488","targetHints":{"allow":["GET"]}}],"collection":[{"href":"https:\/\/vosgesinfo.fr\/laplainedesvosgesinfo\/wp-json\/wp\/v2\/posts"}],"about":[{"href":"https:\/\/vosgesinfo.fr\/laplainedesvosgesinfo\/wp-json\/wp\/v2\/types\/post"}],"author":[{"embeddable":true,"href":"https:\/\/vosgesinfo.fr\/laplainedesvosgesinfo\/wp-json\/wp\/v2\/users\/1"}],"replies":[{"embeddable":true,"href":"https:\/\/vosgesinfo.fr\/laplainedesvosgesinfo\/wp-json\/wp\/v2\/comments?post=5488"}],"version-history":[{"count":0,"href":"https:\/\/vosgesinfo.fr\/laplainedesvosgesinfo\/wp-json\/wp\/v2\/posts\/5488\/revisions"}],"wp:featuredmedia":[{"embeddable":true,"href":"https:\/\/vosgesinfo.fr\/laplainedesvosgesinfo\/wp-json\/wp\/v2\/media\/5489"}],"wp:attachment":[{"href":"https:\/\/vosgesinfo.fr\/laplainedesvosgesinfo\/wp-json\/wp\/v2\/media?parent=5488"}],"wp:term":[{"taxonomy":"category","embeddable":true,"href":"https:\/\/vosgesinfo.fr\/laplainedesvosgesinfo\/wp-json\/wp\/v2\/categories?post=5488"},{"taxonomy":"post_tag","embeddable":true,"href":"https:\/\/vosgesinfo.fr\/laplainedesvosgesinfo\/wp-json\/wp\/v2\/tags?post=5488"}],"curies":[{"name":"wp","href":"https:\/\/api.w.org\/{rel}","templated":true}]}}