{"id":5493,"date":"2016-07-09T17:19:42","date_gmt":"2016-07-09T15:19:42","guid":{"rendered":"https:\/\/vosgesinfo.fr\/laplainedesvosgesinfo\/2016\/07\/nouvelle-traversee-du-bourg-a-velotte-et-tatignecourt\/"},"modified":"2016-07-09T17:19:42","modified_gmt":"2016-07-09T15:19:42","slug":"nouvelle-traversee-du-bourg-a-velotte-et-tatignecourt","status":"publish","type":"post","link":"https:\/\/vosgesinfo.fr\/laplainedesvosgesinfo\/2016\/07\/nouvelle-traversee-du-bourg-a-velotte-et-tatignecourt\/","title":{"rendered":"Nouvelle travers\u00e9e du bourg \u00e0 Velotte-et-Tatign\u00e9court"},"content":{"rendered":"<p style=\"text-align: justify;\"><a href=\"\/2016\/07\/Velotte.jpg\"><img decoding=\"async\" class=\"aligncenter size-full wp-image-78378\" src=\"\/2016\/07\/Velotte.jpg\" alt=\"Velotte\" width=\"1024\" height=\"683\" \/><\/a><\/p>\n<p style=\"text-align: justify;\">La commune de Velotte-et-Tatign\u00e9court a r\u00e9cemment r\u00e9alis\u00e9 des travaux d&rsquo;am\u00e9nagement de la RD 266. Le conseil municipal est \u00e0 l&rsquo;initiative de ce projet, avec la participation de la Communaut\u00e9 de Communes du Secteur de Dompaire et le Syndicat Mixe D\u00e9partemental d&rsquo;Electrification des Vosges. Le montant total des travaux s&rsquo;\u00e9l\u00e8ve \u00e0 537 780\u20ac. Le d\u00e9partement des Vosges a allou\u00e9 une subvention de 186 727\u20ac pour ces travaux, mais a \u00e9galement apport\u00e9 un appui technique de ses services pour la construction g\u00e9om\u00e9trique des ouvrages et le renouvellement des enrob\u00e9s s&rsquo;\u00e9levant pour leur part \u00e0 98 400\u20ac.<\/p>\n","protected":false},"excerpt":{"rendered":"<p>La commune de Velotte-et-Tatign\u00e9court a r\u00e9cemment r\u00e9alis\u00e9 des travaux d&rsquo;am\u00e9nagement de la RD 266. Le conseil municipal est \u00e0 l&rsquo;initiative [&hellip;]<\/p>\n","protected":false},"author":1,"featured_media":5494,"comment_status":"open","ping_status":"open","sticky":false,"template":"","format":"standard","meta":{"footnotes":""},"categories":[5,37],"tags":[865,1617],"class_list":["post-5493","post","type-post","status-publish","format-standard","has-post-thumbnail","hentry","category-economie","category-la-plaine","tag-conseil-departemental-des-vosges","tag-velotte-et-tatignecourt"],"acf":[],"yoast_head":"<!-- This site is optimized with the Yoast SEO plugin v22.5 - https:\/\/yoast.com\/wordpress\/plugins\/seo\/ -->\n<title>Nouvelle travers\u00e9e du bourg \u00e0 Velotte-et-Tatign\u00e9court - La Plaine des Vosges<\/title>\n<meta name=\"robots\" content=\"index, follow, max-snippet:-1, max-image-preview:large, max-video-preview:-1\" \/>\n<link rel=\"canonical\" href=\"https:\/\/vosgesinfo.fr\/laplainedesvosgesinfo\/2016\/07\/nouvelle-traversee-du-bourg-a-velotte-et-tatignecourt\/\" \/>\n<meta name=\"twitter:card\" content=\"summary_large_image\" \/>\n<meta name=\"twitter:title\" content=\"Nouvelle travers\u00e9e du bourg \u00e0 Velotte-et-Tatign\u00e9court - La Plaine des Vosges\" \/>\n<meta name=\"twitter:description\" content=\"La commune de Velotte-et-Tatign\u00e9court a r\u00e9cemment r\u00e9alis\u00e9 des travaux d&rsquo;am\u00e9nagement de la RD 266. Le conseil municipal est \u00e0 l&rsquo;initiative [&hellip;]\" \/>\n<meta name=\"twitter:image\" content=\"https:\/\/vosgesinfo.fr\/app\/uploads\/sites\/2\/2024\/06\/201607velotte.jpg\" \/>\n<meta name=\"twitter:creator\" content=\"@VosgesInfo88\" \/>\n<meta name=\"twitter:site\" content=\"@VosgesInfo88\" \/>\n<meta name=\"twitter:label1\" content=\"\u00c9crit par\" \/>\n\t<meta name=\"twitter:data1\" content=\"qs_admin\" \/>\n<script type=\"application\/ld+json\" class=\"yoast-schema-graph\">{\"@context\":\"https:\/\/schema.org\",\"@graph\":[{\"@type\":\"Article\",\"@id\":\"https:\/\/vosgesinfo.fr\/laplainedesvosgesinfo\/2016\/07\/nouvelle-traversee-du-bourg-a-velotte-et-tatignecourt\/#article\",\"isPartOf\":{\"@id\":\"https:\/\/vosgesinfo.fr\/laplainedesvosgesinfo\/2016\/07\/nouvelle-traversee-du-bourg-a-velotte-et-tatignecourt\/\"},\"author\":{\"name\":\"qs_admin\",\"@id\":\"https:\/\/vosgesinfo.fr\/laplainedesvosgesinfo\/#\/schema\/person\/bc5d02d71e6932e81b6dadb7386667b1\"},\"headline\":\"Nouvelle travers\u00e9e du bourg \u00e0 Velotte-et-Tatign\u00e9court\",\"datePublished\":\"2016-07-09T15:19:42+00:00\",\"dateModified\":\"2016-07-09T15:19:42+00:00\",\"mainEntityOfPage\":{\"@id\":\"https:\/\/vosgesinfo.fr\/laplainedesvosgesinfo\/2016\/07\/nouvelle-traversee-du-bourg-a-velotte-et-tatignecourt\/\"},\"wordCount\":106,\"commentCount\":0,\"publisher\":{\"@id\":\"https:\/\/vosgesinfo.fr\/laplainedesvosgesinfo\/#organization\"},\"image\":{\"@id\":\"https:\/\/vosgesinfo.fr\/laplainedesvosgesinfo\/2016\/07\/nouvelle-traversee-du-bourg-a-velotte-et-tatignecourt\/#primaryimage\"},\"thumbnailUrl\":\"https:\/\/vosgesinfo.fr\/app\/uploads\/sites\/2\/2024\/06\/201607velotte.jpg\",\"keywords\":[\"Conseil d\u00e9partemental des Vosges\",\"Velotte-et-Tatign\u00e9court\"],\"articleSection\":[\"\u00c9conomie\",\"La Plaine\"],\"inLanguage\":\"fr-FR\",\"potentialAction\":[{\"@type\":\"CommentAction\",\"name\":\"Comment\",\"target\":[\"https:\/\/vosgesinfo.fr\/laplainedesvosgesinfo\/2016\/07\/nouvelle-traversee-du-bourg-a-velotte-et-tatignecourt\/#respond\"]}]},{\"@type\":\"WebPage\",\"@id\":\"https:\/\/vosgesinfo.fr\/laplainedesvosgesinfo\/2016\/07\/nouvelle-traversee-du-bourg-a-velotte-et-tatignecourt\/\",\"url\":\"https:\/\/vosgesinfo.fr\/laplainedesvosgesinfo\/2016\/07\/nouvelle-traversee-du-bourg-a-velotte-et-tatignecourt\/\",\"name\":\"Nouvelle travers\u00e9e du bourg \u00e0 Velotte-et-Tatign\u00e9court - La Plaine des Vosges\",\"isPartOf\":{\"@id\":\"https:\/\/vosgesinfo.fr\/laplainedesvosgesinfo\/#website\"},\"primaryImageOfPage\":{\"@id\":\"https:\/\/vosgesinfo.fr\/laplainedesvosgesinfo\/2016\/07\/nouvelle-traversee-du-bourg-a-velotte-et-tatignecourt\/#primaryimage\"},\"image\":{\"@id\":\"https:\/\/vosgesinfo.fr\/laplainedesvosgesinfo\/2016\/07\/nouvelle-traversee-du-bourg-a-velotte-et-tatignecourt\/#primaryimage\"},\"thumbnailUrl\":\"https:\/\/vosgesinfo.fr\/app\/uploads\/sites\/2\/2024\/06\/201607velotte.jpg\",\"datePublished\":\"2016-07-09T15:19:42+00:00\",\"dateModified\":\"2016-07-09T15:19:42+00:00\",\"breadcrumb\":{\"@id\":\"https:\/\/vosgesinfo.fr\/laplainedesvosgesinfo\/2016\/07\/nouvelle-traversee-du-bourg-a-velotte-et-tatignecourt\/#breadcrumb\"},\"inLanguage\":\"fr-FR\",\"potentialAction\":[{\"@type\":\"ReadAction\",\"target\":[\"https:\/\/vosgesinfo.fr\/laplainedesvosgesinfo\/2016\/07\/nouvelle-traversee-du-bourg-a-velotte-et-tatignecourt\/\"]}]},{\"@type\":\"ImageObject\",\"inLanguage\":\"fr-FR\",\"@id\":\"https:\/\/vosgesinfo.fr\/laplainedesvosgesinfo\/2016\/07\/nouvelle-traversee-du-bourg-a-velotte-et-tatignecourt\/#primaryimage\",\"url\":\"https:\/\/vosgesinfo.fr\/app\/uploads\/sites\/2\/2024\/06\/201607velotte.jpg\",\"contentUrl\":\"https:\/\/vosgesinfo.fr\/app\/uploads\/sites\/2\/2024\/06\/201607velotte.jpg\",\"width\":800,\"height\":534},{\"@type\":\"BreadcrumbList\",\"@id\":\"https:\/\/vosgesinfo.fr\/laplainedesvosgesinfo\/2016\/07\/nouvelle-traversee-du-bourg-a-velotte-et-tatignecourt\/#breadcrumb\",\"itemListElement\":[{\"@type\":\"ListItem\",\"position\":1,\"name\":\"Home\",\"item\":\"https:\/\/vosgesinfo.fr\/laplainedesvosgesinfo\/\"},{\"@type\":\"ListItem\",\"position\":2,\"name\":\"Nouvelle travers\u00e9e du bourg \u00e0 Velotte-et-Tatign\u00e9court\"}]},{\"@type\":\"WebSite\",\"@id\":\"https:\/\/vosgesinfo.fr\/laplainedesvosgesinfo\/#website\",\"url\":\"https:\/\/vosgesinfo.fr\/laplainedesvosgesinfo\/\",\"name\":\"La Plaine des Vosges\",\"description\":\"Toute l&#039;actualit\u00e9 de la plaine de Vosges\",\"publisher\":{\"@id\":\"https:\/\/vosgesinfo.fr\/laplainedesvosgesinfo\/#organization\"},\"alternateName\":\"Toute l'actualit\u00e9 de la plaine des Vosges\",\"potentialAction\":[{\"@type\":\"SearchAction\",\"target\":{\"@type\":\"EntryPoint\",\"urlTemplate\":\"https:\/\/vosgesinfo.fr\/laplainedesvosgesinfo\/?s={search_term_string}\"},\"query-input\":\"required name=search_term_string\"}],\"inLanguage\":\"fr-FR\"},{\"@type\":\"Organization\",\"@id\":\"https:\/\/vosgesinfo.fr\/laplainedesvosgesinfo\/#organization\",\"name\":\"La Plaine des Vosges\",\"url\":\"https:\/\/vosgesinfo.fr\/laplainedesvosgesinfo\/\",\"logo\":{\"@type\":\"ImageObject\",\"inLanguage\":\"fr-FR\",\"@id\":\"https:\/\/vosgesinfo.fr\/laplainedesvosgesinfo\/#\/schema\/logo\/image\/\",\"url\":\"https:\/\/vosgesinfo.fr\/app\/uploads\/sites\/2\/2023\/08\/logo-laplaineinfo.svg\",\"contentUrl\":\"https:\/\/vosgesinfo.fr\/app\/uploads\/sites\/2\/2023\/08\/logo-laplaineinfo.svg\",\"width\":1,\"height\":1,\"caption\":\"La Plaine des Vosges\"},\"image\":{\"@id\":\"https:\/\/vosgesinfo.fr\/laplainedesvosgesinfo\/#\/schema\/logo\/image\/\"},\"sameAs\":[\"https:\/\/www.facebook.com\/laplainedesvosges\",\"https:\/\/x.com\/VosgesInfo88\",\"https:\/\/www.youtube.com\/@vosgesinfo\"]},{\"@type\":\"Person\",\"@id\":\"https:\/\/vosgesinfo.fr\/laplainedesvosgesinfo\/#\/schema\/person\/bc5d02d71e6932e81b6dadb7386667b1\",\"name\":\"qs_admin\",\"image\":{\"@type\":\"ImageObject\",\"inLanguage\":\"fr-FR\",\"@id\":\"https:\/\/vosgesinfo.fr\/laplainedesvosgesinfo\/#\/schema\/person\/image\/\",\"url\":\"https:\/\/secure.gravatar.com\/avatar\/94b18ee0ed79e4a42ea2f2931277b6841a8999fc6fde214600c78057cf1fe1de?s=96&d=mm&r=g\",\"contentUrl\":\"https:\/\/secure.gravatar.com\/avatar\/94b18ee0ed79e4a42ea2f2931277b6841a8999fc6fde214600c78057cf1fe1de?s=96&d=mm&r=g\",\"caption\":\"qs_admin\"},\"sameAs\":[\"https:\/\/vosgesinfo.fr\/wp\"],\"url\":\"https:\/\/vosgesinfo.fr\/laplainedesvosgesinfo\/author\/qs_admin\/\"}]}<\/script>\n<!-- \/ Yoast SEO plugin. -->","yoast_head_json":{"title":"Nouvelle travers\u00e9e du bourg \u00e0 Velotte-et-Tatign\u00e9court - La Plaine des Vosges","robots":{"index":"index","follow":"follow","max-snippet":"max-snippet:-1","max-image-preview":"max-image-preview:large","max-video-preview":"max-video-preview:-1"},"canonical":"https:\/\/vosgesinfo.fr\/laplainedesvosgesinfo\/2016\/07\/nouvelle-traversee-du-bourg-a-velotte-et-tatignecourt\/","twitter_card":"summary_large_image","twitter_title":"Nouvelle travers\u00e9e du bourg \u00e0 Velotte-et-Tatign\u00e9court - La Plaine des Vosges","twitter_description":"La commune de Velotte-et-Tatign\u00e9court a r\u00e9cemment r\u00e9alis\u00e9 des travaux d&rsquo;am\u00e9nagement de la RD 266. Le conseil municipal est \u00e0 l&rsquo;initiative [&hellip;]","twitter_image":"https:\/\/vosgesinfo.fr\/app\/uploads\/sites\/2\/2024\/06\/201607velotte.jpg","twitter_creator":"@VosgesInfo88","twitter_site":"@VosgesInfo88","twitter_misc":{"\u00c9crit par":"qs_admin"},"schema":{"@context":"https:\/\/schema.org","@graph":[{"@type":"Article","@id":"https:\/\/vosgesinfo.fr\/laplainedesvosgesinfo\/2016\/07\/nouvelle-traversee-du-bourg-a-velotte-et-tatignecourt\/#article","isPartOf":{"@id":"https:\/\/vosgesinfo.fr\/laplainedesvosgesinfo\/2016\/07\/nouvelle-traversee-du-bourg-a-velotte-et-tatignecourt\/"},"author":{"name":"qs_admin","@id":"https:\/\/vosgesinfo.fr\/laplainedesvosgesinfo\/#\/schema\/person\/bc5d02d71e6932e81b6dadb7386667b1"},"headline":"Nouvelle travers\u00e9e du bourg \u00e0 Velotte-et-Tatign\u00e9court","datePublished":"2016-07-09T15:19:42+00:00","dateModified":"2016-07-09T15:19:42+00:00","mainEntityOfPage":{"@id":"https:\/\/vosgesinfo.fr\/laplainedesvosgesinfo\/2016\/07\/nouvelle-traversee-du-bourg-a-velotte-et-tatignecourt\/"},"wordCount":106,"commentCount":0,"publisher":{"@id":"https:\/\/vosgesinfo.fr\/laplainedesvosgesinfo\/#organization"},"image":{"@id":"https:\/\/vosgesinfo.fr\/laplainedesvosgesinfo\/2016\/07\/nouvelle-traversee-du-bourg-a-velotte-et-tatignecourt\/#primaryimage"},"thumbnailUrl":"https:\/\/vosgesinfo.fr\/app\/uploads\/sites\/2\/2024\/06\/201607velotte.jpg","keywords":["Conseil d\u00e9partemental des Vosges","Velotte-et-Tatign\u00e9court"],"articleSection":["\u00c9conomie","La Plaine"],"inLanguage":"fr-FR","potentialAction":[{"@type":"CommentAction","name":"Comment","target":["https:\/\/vosgesinfo.fr\/laplainedesvosgesinfo\/2016\/07\/nouvelle-traversee-du-bourg-a-velotte-et-tatignecourt\/#respond"]}]},{"@type":"WebPage","@id":"https:\/\/vosgesinfo.fr\/laplainedesvosgesinfo\/2016\/07\/nouvelle-traversee-du-bourg-a-velotte-et-tatignecourt\/","url":"https:\/\/vosgesinfo.fr\/laplainedesvosgesinfo\/2016\/07\/nouvelle-traversee-du-bourg-a-velotte-et-tatignecourt\/","name":"Nouvelle travers\u00e9e du bourg \u00e0 Velotte-et-Tatign\u00e9court - La Plaine des Vosges","isPartOf":{"@id":"https:\/\/vosgesinfo.fr\/laplainedesvosgesinfo\/#website"},"primaryImageOfPage":{"@id":"https:\/\/vosgesinfo.fr\/laplainedesvosgesinfo\/2016\/07\/nouvelle-traversee-du-bourg-a-velotte-et-tatignecourt\/#primaryimage"},"image":{"@id":"https:\/\/vosgesinfo.fr\/laplainedesvosgesinfo\/2016\/07\/nouvelle-traversee-du-bourg-a-velotte-et-tatignecourt\/#primaryimage"},"thumbnailUrl":"https:\/\/vosgesinfo.fr\/app\/uploads\/sites\/2\/2024\/06\/201607velotte.jpg","datePublished":"2016-07-09T15:19:42+00:00","dateModified":"2016-07-09T15:19:42+00:00","breadcrumb":{"@id":"https:\/\/vosgesinfo.fr\/laplainedesvosgesinfo\/2016\/07\/nouvelle-traversee-du-bourg-a-velotte-et-tatignecourt\/#breadcrumb"},"inLanguage":"fr-FR","potentialAction":[{"@type":"ReadAction","target":["https:\/\/vosgesinfo.fr\/laplainedesvosgesinfo\/2016\/07\/nouvelle-traversee-du-bourg-a-velotte-et-tatignecourt\/"]}]},{"@type":"ImageObject","inLanguage":"fr-FR","@id":"https:\/\/vosgesinfo.fr\/laplainedesvosgesinfo\/2016\/07\/nouvelle-traversee-du-bourg-a-velotte-et-tatignecourt\/#primaryimage","url":"https:\/\/vosgesinfo.fr\/app\/uploads\/sites\/2\/2024\/06\/201607velotte.jpg","contentUrl":"https:\/\/vosgesinfo.fr\/app\/uploads\/sites\/2\/2024\/06\/201607velotte.jpg","width":800,"height":534},{"@type":"BreadcrumbList","@id":"https:\/\/vosgesinfo.fr\/laplainedesvosgesinfo\/2016\/07\/nouvelle-traversee-du-bourg-a-velotte-et-tatignecourt\/#breadcrumb","itemListElement":[{"@type":"ListItem","position":1,"name":"Home","item":"https:\/\/vosgesinfo.fr\/laplainedesvosgesinfo\/"},{"@type":"ListItem","position":2,"name":"Nouvelle travers\u00e9e du bourg \u00e0 Velotte-et-Tatign\u00e9court"}]},{"@type":"WebSite","@id":"https:\/\/vosgesinfo.fr\/laplainedesvosgesinfo\/#website","url":"https:\/\/vosgesinfo.fr\/laplainedesvosgesinfo\/","name":"La Plaine des Vosges","description":"Toute l&#039;actualit\u00e9 de la plaine de Vosges","publisher":{"@id":"https:\/\/vosgesinfo.fr\/laplainedesvosgesinfo\/#organization"},"alternateName":"Toute l'actualit\u00e9 de la plaine des Vosges","potentialAction":[{"@type":"SearchAction","target":{"@type":"EntryPoint","urlTemplate":"https:\/\/vosgesinfo.fr\/laplainedesvosgesinfo\/?s={search_term_string}"},"query-input":"required name=search_term_string"}],"inLanguage":"fr-FR"},{"@type":"Organization","@id":"https:\/\/vosgesinfo.fr\/laplainedesvosgesinfo\/#organization","name":"La Plaine des Vosges","url":"https:\/\/vosgesinfo.fr\/laplainedesvosgesinfo\/","logo":{"@type":"ImageObject","inLanguage":"fr-FR","@id":"https:\/\/vosgesinfo.fr\/laplainedesvosgesinfo\/#\/schema\/logo\/image\/","url":"https:\/\/vosgesinfo.fr\/app\/uploads\/sites\/2\/2023\/08\/logo-laplaineinfo.svg","contentUrl":"https:\/\/vosgesinfo.fr\/app\/uploads\/sites\/2\/2023\/08\/logo-laplaineinfo.svg","width":1,"height":1,"caption":"La Plaine des Vosges"},"image":{"@id":"https:\/\/vosgesinfo.fr\/laplainedesvosgesinfo\/#\/schema\/logo\/image\/"},"sameAs":["https:\/\/www.facebook.com\/laplainedesvosges","https:\/\/x.com\/VosgesInfo88","https:\/\/www.youtube.com\/@vosgesinfo"]},{"@type":"Person","@id":"https:\/\/vosgesinfo.fr\/laplainedesvosgesinfo\/#\/schema\/person\/bc5d02d71e6932e81b6dadb7386667b1","name":"qs_admin","image":{"@type":"ImageObject","inLanguage":"fr-FR","@id":"https:\/\/vosgesinfo.fr\/laplainedesvosgesinfo\/#\/schema\/person\/image\/","url":"https:\/\/secure.gravatar.com\/avatar\/94b18ee0ed79e4a42ea2f2931277b6841a8999fc6fde214600c78057cf1fe1de?s=96&d=mm&r=g","contentUrl":"https:\/\/secure.gravatar.com\/avatar\/94b18ee0ed79e4a42ea2f2931277b6841a8999fc6fde214600c78057cf1fe1de?s=96&d=mm&r=g","caption":"qs_admin"},"sameAs":["https:\/\/vosgesinfo.fr\/wp"],"url":"https:\/\/vosgesinfo.fr\/laplainedesvosgesinfo\/author\/qs_admin\/"}]}},"_links":{"self":[{"href":"https:\/\/vosgesinfo.fr\/laplainedesvosgesinfo\/wp-json\/wp\/v2\/posts\/5493","targetHints":{"allow":["GET"]}}],"collection":[{"href":"https:\/\/vosgesinfo.fr\/laplainedesvosgesinfo\/wp-json\/wp\/v2\/posts"}],"about":[{"href":"https:\/\/vosgesinfo.fr\/laplainedesvosgesinfo\/wp-json\/wp\/v2\/types\/post"}],"author":[{"embeddable":true,"href":"https:\/\/vosgesinfo.fr\/laplainedesvosgesinfo\/wp-json\/wp\/v2\/users\/1"}],"replies":[{"embeddable":true,"href":"https:\/\/vosgesinfo.fr\/laplainedesvosgesinfo\/wp-json\/wp\/v2\/comments?post=5493"}],"version-history":[{"count":0,"href":"https:\/\/vosgesinfo.fr\/laplainedesvosgesinfo\/wp-json\/wp\/v2\/posts\/5493\/revisions"}],"wp:featuredmedia":[{"embeddable":true,"href":"https:\/\/vosgesinfo.fr\/laplainedesvosgesinfo\/wp-json\/wp\/v2\/media\/5494"}],"wp:attachment":[{"href":"https:\/\/vosgesinfo.fr\/laplainedesvosgesinfo\/wp-json\/wp\/v2\/media?parent=5493"}],"wp:term":[{"taxonomy":"category","embeddable":true,"href":"https:\/\/vosgesinfo.fr\/laplainedesvosgesinfo\/wp-json\/wp\/v2\/categories?post=5493"},{"taxonomy":"post_tag","embeddable":true,"href":"https:\/\/vosgesinfo.fr\/laplainedesvosgesinfo\/wp-json\/wp\/v2\/tags?post=5493"}],"curies":[{"name":"wp","href":"https:\/\/api.w.org\/{rel}","templated":true}]}}