{"id":5637,"date":"2016-07-15T14:45:55","date_gmt":"2016-07-15T12:45:55","guid":{"rendered":"https:\/\/vosgesinfo.fr\/laplainedesvosgesinfo\/2016\/07\/bulgneville-la-place-rene-linge-se-refait-une-beaute\/"},"modified":"2016-07-15T14:45:55","modified_gmt":"2016-07-15T12:45:55","slug":"bulgneville-la-place-rene-linge-se-refait-une-beaute","status":"publish","type":"post","link":"https:\/\/vosgesinfo.fr\/laplainedesvosgesinfo\/2016\/07\/bulgneville-la-place-rene-linge-se-refait-une-beaute\/","title":{"rendered":"Bulgn\u00e9ville &#8211; La Place Ren\u00e9 Linge se refait une beaut\u00e9"},"content":{"rendered":"<p style=\"text-align: justify;\"><a href=\"\/2016\/07\/Tx-Place-Linge-12.07.jpg\"><img decoding=\"async\" class=\"aligncenter size-full wp-image-78594\" src=\"\/2016\/07\/Tx-Place-Linge-12.07.jpg\" alt=\"Tx Place Linge 12.07\" width=\"900\" height=\"675\" \/><\/a><\/p>\n<p style=\"text-align: justify;\">Apr\u00e8s une derni\u00e8re r\u00e9union d&rsquo;information en date du 27 juin avec les riverains, les travaux viennent de d\u00e9buter place Ren\u00e9 Linge. Ce projet de restructuration entrepris par la commune, dont le co\u00fbt avoisine 500 000\u20ac, a pour but principal d&rsquo;assurer la s\u00e9curit\u00e9 des enfants aux abords de l&rsquo;\u00e9cole.<\/p>\n<p style=\"text-align: justify;\">Les travaux les plus importants sont pr\u00e9vus pour durer durant tout l&rsquo;\u00e9t\u00e9, afin de limiter les contraintes lors de la rentr\u00e9e scolaire en septembre. Des am\u00e9liorations vont \u00eatre apport\u00e9es comme le r\u00e9tr\u00e9cissement de la voirie, des places de parking suppl\u00e9mentaires et l&rsquo;ajout d&rsquo;espaces verts.<\/p>\n<p style=\"text-align: justify;\">A.J.<\/p>\n","protected":false},"excerpt":{"rendered":"<p>Apr\u00e8s une derni\u00e8re r\u00e9union d&rsquo;information en date du 27 juin avec les riverains, les travaux viennent de d\u00e9buter place Ren\u00e9 [&hellip;]<\/p>\n","protected":false},"author":1,"featured_media":5638,"comment_status":"open","ping_status":"open","sticky":false,"template":"","format":"standard","meta":{"footnotes":""},"categories":[37],"tags":[550,533],"class_list":["post-5637","post","type-post","status-publish","format-standard","has-post-thumbnail","hentry","category-la-plaine","tag-bulgneville","tag-travaux"],"acf":[],"yoast_head":"<!-- This site is optimized with the Yoast SEO plugin v22.5 - https:\/\/yoast.com\/wordpress\/plugins\/seo\/ -->\n<title>Bulgn\u00e9ville - La Place Ren\u00e9 Linge se refait une beaut\u00e9 - La Plaine des Vosges<\/title>\n<meta name=\"robots\" content=\"index, follow, max-snippet:-1, max-image-preview:large, max-video-preview:-1\" \/>\n<link rel=\"canonical\" href=\"https:\/\/vosgesinfo.fr\/laplainedesvosgesinfo\/2016\/07\/bulgneville-la-place-rene-linge-se-refait-une-beaute\/\" \/>\n<meta name=\"twitter:card\" content=\"summary_large_image\" \/>\n<meta name=\"twitter:title\" content=\"Bulgn\u00e9ville - La Place Ren\u00e9 Linge se refait une beaut\u00e9 - La Plaine des Vosges\" \/>\n<meta name=\"twitter:description\" content=\"Apr\u00e8s une derni\u00e8re r\u00e9union d&rsquo;information en date du 27 juin avec les riverains, les travaux viennent de d\u00e9buter place Ren\u00e9 [&hellip;]\" \/>\n<meta name=\"twitter:image\" content=\"https:\/\/vosgesinfo.fr\/app\/uploads\/sites\/2\/2024\/06\/201607tx-place-linge-12.07.jpg\" \/>\n<meta name=\"twitter:creator\" content=\"@VosgesInfo88\" \/>\n<meta name=\"twitter:site\" content=\"@VosgesInfo88\" \/>\n<meta name=\"twitter:label1\" content=\"\u00c9crit par\" \/>\n\t<meta name=\"twitter:data1\" content=\"qs_admin\" \/>\n\t<meta name=\"twitter:label2\" content=\"Dur\u00e9e de lecture estim\u00e9e\" \/>\n\t<meta name=\"twitter:data2\" content=\"1 minute\" \/>\n<script type=\"application\/ld+json\" class=\"yoast-schema-graph\">{\"@context\":\"https:\/\/schema.org\",\"@graph\":[{\"@type\":\"Article\",\"@id\":\"https:\/\/vosgesinfo.fr\/laplainedesvosgesinfo\/2016\/07\/bulgneville-la-place-rene-linge-se-refait-une-beaute\/#article\",\"isPartOf\":{\"@id\":\"https:\/\/vosgesinfo.fr\/laplainedesvosgesinfo\/2016\/07\/bulgneville-la-place-rene-linge-se-refait-une-beaute\/\"},\"author\":{\"name\":\"qs_admin\",\"@id\":\"https:\/\/vosgesinfo.fr\/laplainedesvosgesinfo\/#\/schema\/person\/bc5d02d71e6932e81b6dadb7386667b1\"},\"headline\":\"Bulgn\u00e9ville &#8211; La Place Ren\u00e9 Linge se refait une beaut\u00e9\",\"datePublished\":\"2016-07-15T12:45:55+00:00\",\"dateModified\":\"2016-07-15T12:45:55+00:00\",\"mainEntityOfPage\":{\"@id\":\"https:\/\/vosgesinfo.fr\/laplainedesvosgesinfo\/2016\/07\/bulgneville-la-place-rene-linge-se-refait-une-beaute\/\"},\"wordCount\":121,\"commentCount\":0,\"publisher\":{\"@id\":\"https:\/\/vosgesinfo.fr\/laplainedesvosgesinfo\/#organization\"},\"image\":{\"@id\":\"https:\/\/vosgesinfo.fr\/laplainedesvosgesinfo\/2016\/07\/bulgneville-la-place-rene-linge-se-refait-une-beaute\/#primaryimage\"},\"thumbnailUrl\":\"https:\/\/vosgesinfo.fr\/app\/uploads\/sites\/2\/2024\/06\/201607tx-place-linge-12.07.jpg\",\"keywords\":[\"Bulgn\u00e9ville\",\"travaux\"],\"articleSection\":[\"La Plaine\"],\"inLanguage\":\"fr-FR\",\"potentialAction\":[{\"@type\":\"CommentAction\",\"name\":\"Comment\",\"target\":[\"https:\/\/vosgesinfo.fr\/laplainedesvosgesinfo\/2016\/07\/bulgneville-la-place-rene-linge-se-refait-une-beaute\/#respond\"]}]},{\"@type\":\"WebPage\",\"@id\":\"https:\/\/vosgesinfo.fr\/laplainedesvosgesinfo\/2016\/07\/bulgneville-la-place-rene-linge-se-refait-une-beaute\/\",\"url\":\"https:\/\/vosgesinfo.fr\/laplainedesvosgesinfo\/2016\/07\/bulgneville-la-place-rene-linge-se-refait-une-beaute\/\",\"name\":\"Bulgn\u00e9ville - La Place Ren\u00e9 Linge se refait une beaut\u00e9 - La Plaine des Vosges\",\"isPartOf\":{\"@id\":\"https:\/\/vosgesinfo.fr\/laplainedesvosgesinfo\/#website\"},\"primaryImageOfPage\":{\"@id\":\"https:\/\/vosgesinfo.fr\/laplainedesvosgesinfo\/2016\/07\/bulgneville-la-place-rene-linge-se-refait-une-beaute\/#primaryimage\"},\"image\":{\"@id\":\"https:\/\/vosgesinfo.fr\/laplainedesvosgesinfo\/2016\/07\/bulgneville-la-place-rene-linge-se-refait-une-beaute\/#primaryimage\"},\"thumbnailUrl\":\"https:\/\/vosgesinfo.fr\/app\/uploads\/sites\/2\/2024\/06\/201607tx-place-linge-12.07.jpg\",\"datePublished\":\"2016-07-15T12:45:55+00:00\",\"dateModified\":\"2016-07-15T12:45:55+00:00\",\"breadcrumb\":{\"@id\":\"https:\/\/vosgesinfo.fr\/laplainedesvosgesinfo\/2016\/07\/bulgneville-la-place-rene-linge-se-refait-une-beaute\/#breadcrumb\"},\"inLanguage\":\"fr-FR\",\"potentialAction\":[{\"@type\":\"ReadAction\",\"target\":[\"https:\/\/vosgesinfo.fr\/laplainedesvosgesinfo\/2016\/07\/bulgneville-la-place-rene-linge-se-refait-une-beaute\/\"]}]},{\"@type\":\"ImageObject\",\"inLanguage\":\"fr-FR\",\"@id\":\"https:\/\/vosgesinfo.fr\/laplainedesvosgesinfo\/2016\/07\/bulgneville-la-place-rene-linge-se-refait-une-beaute\/#primaryimage\",\"url\":\"https:\/\/vosgesinfo.fr\/app\/uploads\/sites\/2\/2024\/06\/201607tx-place-linge-12.07.jpg\",\"contentUrl\":\"https:\/\/vosgesinfo.fr\/app\/uploads\/sites\/2\/2024\/06\/201607tx-place-linge-12.07.jpg\",\"width\":800,\"height\":600},{\"@type\":\"BreadcrumbList\",\"@id\":\"https:\/\/vosgesinfo.fr\/laplainedesvosgesinfo\/2016\/07\/bulgneville-la-place-rene-linge-se-refait-une-beaute\/#breadcrumb\",\"itemListElement\":[{\"@type\":\"ListItem\",\"position\":1,\"name\":\"Home\",\"item\":\"https:\/\/vosgesinfo.fr\/laplainedesvosgesinfo\/\"},{\"@type\":\"ListItem\",\"position\":2,\"name\":\"Bulgn\u00e9ville &#8211; La Place Ren\u00e9 Linge se refait une beaut\u00e9\"}]},{\"@type\":\"WebSite\",\"@id\":\"https:\/\/vosgesinfo.fr\/laplainedesvosgesinfo\/#website\",\"url\":\"https:\/\/vosgesinfo.fr\/laplainedesvosgesinfo\/\",\"name\":\"La Plaine des Vosges\",\"description\":\"Toute l&#039;actualit\u00e9 de la plaine de Vosges\",\"publisher\":{\"@id\":\"https:\/\/vosgesinfo.fr\/laplainedesvosgesinfo\/#organization\"},\"alternateName\":\"Toute l'actualit\u00e9 de la plaine des Vosges\",\"potentialAction\":[{\"@type\":\"SearchAction\",\"target\":{\"@type\":\"EntryPoint\",\"urlTemplate\":\"https:\/\/vosgesinfo.fr\/laplainedesvosgesinfo\/?s={search_term_string}\"},\"query-input\":\"required name=search_term_string\"}],\"inLanguage\":\"fr-FR\"},{\"@type\":\"Organization\",\"@id\":\"https:\/\/vosgesinfo.fr\/laplainedesvosgesinfo\/#organization\",\"name\":\"La Plaine des Vosges\",\"url\":\"https:\/\/vosgesinfo.fr\/laplainedesvosgesinfo\/\",\"logo\":{\"@type\":\"ImageObject\",\"inLanguage\":\"fr-FR\",\"@id\":\"https:\/\/vosgesinfo.fr\/laplainedesvosgesinfo\/#\/schema\/logo\/image\/\",\"url\":\"https:\/\/vosgesinfo.fr\/app\/uploads\/sites\/2\/2023\/08\/logo-laplaineinfo.svg\",\"contentUrl\":\"https:\/\/vosgesinfo.fr\/app\/uploads\/sites\/2\/2023\/08\/logo-laplaineinfo.svg\",\"width\":1,\"height\":1,\"caption\":\"La Plaine des Vosges\"},\"image\":{\"@id\":\"https:\/\/vosgesinfo.fr\/laplainedesvosgesinfo\/#\/schema\/logo\/image\/\"},\"sameAs\":[\"https:\/\/www.facebook.com\/laplainedesvosges\",\"https:\/\/x.com\/VosgesInfo88\",\"https:\/\/www.youtube.com\/@vosgesinfo\"]},{\"@type\":\"Person\",\"@id\":\"https:\/\/vosgesinfo.fr\/laplainedesvosgesinfo\/#\/schema\/person\/bc5d02d71e6932e81b6dadb7386667b1\",\"name\":\"qs_admin\",\"image\":{\"@type\":\"ImageObject\",\"inLanguage\":\"fr-FR\",\"@id\":\"https:\/\/vosgesinfo.fr\/laplainedesvosgesinfo\/#\/schema\/person\/image\/\",\"url\":\"https:\/\/secure.gravatar.com\/avatar\/94b18ee0ed79e4a42ea2f2931277b6841a8999fc6fde214600c78057cf1fe1de?s=96&d=mm&r=g\",\"contentUrl\":\"https:\/\/secure.gravatar.com\/avatar\/94b18ee0ed79e4a42ea2f2931277b6841a8999fc6fde214600c78057cf1fe1de?s=96&d=mm&r=g\",\"caption\":\"qs_admin\"},\"sameAs\":[\"https:\/\/vosgesinfo.fr\/wp\"],\"url\":\"https:\/\/vosgesinfo.fr\/laplainedesvosgesinfo\/author\/qs_admin\/\"}]}<\/script>\n<!-- \/ Yoast SEO plugin. -->","yoast_head_json":{"title":"Bulgn\u00e9ville - La Place Ren\u00e9 Linge se refait une beaut\u00e9 - La Plaine des Vosges","robots":{"index":"index","follow":"follow","max-snippet":"max-snippet:-1","max-image-preview":"max-image-preview:large","max-video-preview":"max-video-preview:-1"},"canonical":"https:\/\/vosgesinfo.fr\/laplainedesvosgesinfo\/2016\/07\/bulgneville-la-place-rene-linge-se-refait-une-beaute\/","twitter_card":"summary_large_image","twitter_title":"Bulgn\u00e9ville - La Place Ren\u00e9 Linge se refait une beaut\u00e9 - La Plaine des Vosges","twitter_description":"Apr\u00e8s une derni\u00e8re r\u00e9union d&rsquo;information en date du 27 juin avec les riverains, les travaux viennent de d\u00e9buter place Ren\u00e9 [&hellip;]","twitter_image":"https:\/\/vosgesinfo.fr\/app\/uploads\/sites\/2\/2024\/06\/201607tx-place-linge-12.07.jpg","twitter_creator":"@VosgesInfo88","twitter_site":"@VosgesInfo88","twitter_misc":{"\u00c9crit par":"qs_admin","Dur\u00e9e de lecture estim\u00e9e":"1 minute"},"schema":{"@context":"https:\/\/schema.org","@graph":[{"@type":"Article","@id":"https:\/\/vosgesinfo.fr\/laplainedesvosgesinfo\/2016\/07\/bulgneville-la-place-rene-linge-se-refait-une-beaute\/#article","isPartOf":{"@id":"https:\/\/vosgesinfo.fr\/laplainedesvosgesinfo\/2016\/07\/bulgneville-la-place-rene-linge-se-refait-une-beaute\/"},"author":{"name":"qs_admin","@id":"https:\/\/vosgesinfo.fr\/laplainedesvosgesinfo\/#\/schema\/person\/bc5d02d71e6932e81b6dadb7386667b1"},"headline":"Bulgn\u00e9ville &#8211; La Place Ren\u00e9 Linge se refait une beaut\u00e9","datePublished":"2016-07-15T12:45:55+00:00","dateModified":"2016-07-15T12:45:55+00:00","mainEntityOfPage":{"@id":"https:\/\/vosgesinfo.fr\/laplainedesvosgesinfo\/2016\/07\/bulgneville-la-place-rene-linge-se-refait-une-beaute\/"},"wordCount":121,"commentCount":0,"publisher":{"@id":"https:\/\/vosgesinfo.fr\/laplainedesvosgesinfo\/#organization"},"image":{"@id":"https:\/\/vosgesinfo.fr\/laplainedesvosgesinfo\/2016\/07\/bulgneville-la-place-rene-linge-se-refait-une-beaute\/#primaryimage"},"thumbnailUrl":"https:\/\/vosgesinfo.fr\/app\/uploads\/sites\/2\/2024\/06\/201607tx-place-linge-12.07.jpg","keywords":["Bulgn\u00e9ville","travaux"],"articleSection":["La Plaine"],"inLanguage":"fr-FR","potentialAction":[{"@type":"CommentAction","name":"Comment","target":["https:\/\/vosgesinfo.fr\/laplainedesvosgesinfo\/2016\/07\/bulgneville-la-place-rene-linge-se-refait-une-beaute\/#respond"]}]},{"@type":"WebPage","@id":"https:\/\/vosgesinfo.fr\/laplainedesvosgesinfo\/2016\/07\/bulgneville-la-place-rene-linge-se-refait-une-beaute\/","url":"https:\/\/vosgesinfo.fr\/laplainedesvosgesinfo\/2016\/07\/bulgneville-la-place-rene-linge-se-refait-une-beaute\/","name":"Bulgn\u00e9ville - La Place Ren\u00e9 Linge se refait une beaut\u00e9 - La Plaine des Vosges","isPartOf":{"@id":"https:\/\/vosgesinfo.fr\/laplainedesvosgesinfo\/#website"},"primaryImageOfPage":{"@id":"https:\/\/vosgesinfo.fr\/laplainedesvosgesinfo\/2016\/07\/bulgneville-la-place-rene-linge-se-refait-une-beaute\/#primaryimage"},"image":{"@id":"https:\/\/vosgesinfo.fr\/laplainedesvosgesinfo\/2016\/07\/bulgneville-la-place-rene-linge-se-refait-une-beaute\/#primaryimage"},"thumbnailUrl":"https:\/\/vosgesinfo.fr\/app\/uploads\/sites\/2\/2024\/06\/201607tx-place-linge-12.07.jpg","datePublished":"2016-07-15T12:45:55+00:00","dateModified":"2016-07-15T12:45:55+00:00","breadcrumb":{"@id":"https:\/\/vosgesinfo.fr\/laplainedesvosgesinfo\/2016\/07\/bulgneville-la-place-rene-linge-se-refait-une-beaute\/#breadcrumb"},"inLanguage":"fr-FR","potentialAction":[{"@type":"ReadAction","target":["https:\/\/vosgesinfo.fr\/laplainedesvosgesinfo\/2016\/07\/bulgneville-la-place-rene-linge-se-refait-une-beaute\/"]}]},{"@type":"ImageObject","inLanguage":"fr-FR","@id":"https:\/\/vosgesinfo.fr\/laplainedesvosgesinfo\/2016\/07\/bulgneville-la-place-rene-linge-se-refait-une-beaute\/#primaryimage","url":"https:\/\/vosgesinfo.fr\/app\/uploads\/sites\/2\/2024\/06\/201607tx-place-linge-12.07.jpg","contentUrl":"https:\/\/vosgesinfo.fr\/app\/uploads\/sites\/2\/2024\/06\/201607tx-place-linge-12.07.jpg","width":800,"height":600},{"@type":"BreadcrumbList","@id":"https:\/\/vosgesinfo.fr\/laplainedesvosgesinfo\/2016\/07\/bulgneville-la-place-rene-linge-se-refait-une-beaute\/#breadcrumb","itemListElement":[{"@type":"ListItem","position":1,"name":"Home","item":"https:\/\/vosgesinfo.fr\/laplainedesvosgesinfo\/"},{"@type":"ListItem","position":2,"name":"Bulgn\u00e9ville &#8211; La Place Ren\u00e9 Linge se refait une beaut\u00e9"}]},{"@type":"WebSite","@id":"https:\/\/vosgesinfo.fr\/laplainedesvosgesinfo\/#website","url":"https:\/\/vosgesinfo.fr\/laplainedesvosgesinfo\/","name":"La Plaine des Vosges","description":"Toute l&#039;actualit\u00e9 de la plaine de Vosges","publisher":{"@id":"https:\/\/vosgesinfo.fr\/laplainedesvosgesinfo\/#organization"},"alternateName":"Toute l'actualit\u00e9 de la plaine des Vosges","potentialAction":[{"@type":"SearchAction","target":{"@type":"EntryPoint","urlTemplate":"https:\/\/vosgesinfo.fr\/laplainedesvosgesinfo\/?s={search_term_string}"},"query-input":"required name=search_term_string"}],"inLanguage":"fr-FR"},{"@type":"Organization","@id":"https:\/\/vosgesinfo.fr\/laplainedesvosgesinfo\/#organization","name":"La Plaine des Vosges","url":"https:\/\/vosgesinfo.fr\/laplainedesvosgesinfo\/","logo":{"@type":"ImageObject","inLanguage":"fr-FR","@id":"https:\/\/vosgesinfo.fr\/laplainedesvosgesinfo\/#\/schema\/logo\/image\/","url":"https:\/\/vosgesinfo.fr\/app\/uploads\/sites\/2\/2023\/08\/logo-laplaineinfo.svg","contentUrl":"https:\/\/vosgesinfo.fr\/app\/uploads\/sites\/2\/2023\/08\/logo-laplaineinfo.svg","width":1,"height":1,"caption":"La Plaine des Vosges"},"image":{"@id":"https:\/\/vosgesinfo.fr\/laplainedesvosgesinfo\/#\/schema\/logo\/image\/"},"sameAs":["https:\/\/www.facebook.com\/laplainedesvosges","https:\/\/x.com\/VosgesInfo88","https:\/\/www.youtube.com\/@vosgesinfo"]},{"@type":"Person","@id":"https:\/\/vosgesinfo.fr\/laplainedesvosgesinfo\/#\/schema\/person\/bc5d02d71e6932e81b6dadb7386667b1","name":"qs_admin","image":{"@type":"ImageObject","inLanguage":"fr-FR","@id":"https:\/\/vosgesinfo.fr\/laplainedesvosgesinfo\/#\/schema\/person\/image\/","url":"https:\/\/secure.gravatar.com\/avatar\/94b18ee0ed79e4a42ea2f2931277b6841a8999fc6fde214600c78057cf1fe1de?s=96&d=mm&r=g","contentUrl":"https:\/\/secure.gravatar.com\/avatar\/94b18ee0ed79e4a42ea2f2931277b6841a8999fc6fde214600c78057cf1fe1de?s=96&d=mm&r=g","caption":"qs_admin"},"sameAs":["https:\/\/vosgesinfo.fr\/wp"],"url":"https:\/\/vosgesinfo.fr\/laplainedesvosgesinfo\/author\/qs_admin\/"}]}},"_links":{"self":[{"href":"https:\/\/vosgesinfo.fr\/laplainedesvosgesinfo\/wp-json\/wp\/v2\/posts\/5637","targetHints":{"allow":["GET"]}}],"collection":[{"href":"https:\/\/vosgesinfo.fr\/laplainedesvosgesinfo\/wp-json\/wp\/v2\/posts"}],"about":[{"href":"https:\/\/vosgesinfo.fr\/laplainedesvosgesinfo\/wp-json\/wp\/v2\/types\/post"}],"author":[{"embeddable":true,"href":"https:\/\/vosgesinfo.fr\/laplainedesvosgesinfo\/wp-json\/wp\/v2\/users\/1"}],"replies":[{"embeddable":true,"href":"https:\/\/vosgesinfo.fr\/laplainedesvosgesinfo\/wp-json\/wp\/v2\/comments?post=5637"}],"version-history":[{"count":0,"href":"https:\/\/vosgesinfo.fr\/laplainedesvosgesinfo\/wp-json\/wp\/v2\/posts\/5637\/revisions"}],"wp:featuredmedia":[{"embeddable":true,"href":"https:\/\/vosgesinfo.fr\/laplainedesvosgesinfo\/wp-json\/wp\/v2\/media\/5638"}],"wp:attachment":[{"href":"https:\/\/vosgesinfo.fr\/laplainedesvosgesinfo\/wp-json\/wp\/v2\/media?parent=5637"}],"wp:term":[{"taxonomy":"category","embeddable":true,"href":"https:\/\/vosgesinfo.fr\/laplainedesvosgesinfo\/wp-json\/wp\/v2\/categories?post=5637"},{"taxonomy":"post_tag","embeddable":true,"href":"https:\/\/vosgesinfo.fr\/laplainedesvosgesinfo\/wp-json\/wp\/v2\/tags?post=5637"}],"curies":[{"name":"wp","href":"https:\/\/api.w.org\/{rel}","templated":true}]}}