{"id":5883,"date":"2016-07-28T11:53:55","date_gmt":"2016-07-28T09:53:55","guid":{"rendered":"https:\/\/vosgesinfo.fr\/laplainedesvosgesinfo\/2016\/07\/le-tour-de-france-de-passage-a-vittel-en-juillet-2017\/"},"modified":"2016-07-28T11:53:55","modified_gmt":"2016-07-28T09:53:55","slug":"le-tour-de-france-de-passage-a-vittel-en-juillet-2017","status":"publish","type":"post","link":"https:\/\/vosgesinfo.fr\/laplainedesvosgesinfo\/2016\/07\/le-tour-de-france-de-passage-a-vittel-en-juillet-2017\/","title":{"rendered":"Le Tour de France de passage \u00e0 Vittel en juillet 2017 ?"},"content":{"rendered":"<div id=\"attachment_78977\" style=\"width: 713px\" class=\"wp-caption aligncenter\"><a href=\"\/2016\/07\/tour-de-france-941810_960_720.jpg\"><img decoding=\"async\" aria-describedby=\"caption-attachment-78977\" class=\" wp-image-78977\" src=\"\/2016\/07\/tour-de-france-941810_960_720.jpg\" alt=\"(Photographie d'illustration)\" width=\"703\" height=\"527\" \/><\/a><p id=\"caption-attachment-78977\" class=\"wp-caption-text\">(Photographie d&rsquo;illustration)<\/p><\/div>\n<p style=\"text-align: justify;\"><strong>La 103\u00e8me \u00e9dition du Tour de France vient de se terminer et ASO, l&rsquo;organisateur, pr\u00e9pare d\u00e9j\u00e0 le parcours 2017 et la Grande Boucle devrait revenir dans les Vosges !<\/strong> En 2016, le Tour est\u00a0pass\u00e9 par la Normandie alors qu\u2019en 2015, la Bretagne Nord a \u00e9t\u00e9 privil\u00e9gi\u00e9e : l\u2019Est de l\u2019hexagone est contourn\u00e9 depuis 2014.<\/p>\n<p style=\"text-align: justify;\">Lors de la c\u00e9r\u00e9monie des v\u0153ux qui s&rsquo;est tenue en d\u00e9but d&rsquo;ann\u00e9e, le maire de Vittel, Jean-Jacques Gaultier, avait fait part de sa volont\u00e9 de proposer la cit\u00e9 thermale pour l&rsquo;accueil d&rsquo;une \u00e9tape du Tour de France en 2017. M\u00eame si rien n&rsquo;est confirm\u00e9 officiellement par l&rsquo;organisateur, la candidature de la ville semble \u00eatre sur une bonne voie. Il semble tr\u00e8s fort probable que les cyclistes s&rsquo;arr\u00eatent \u00e0 Vittel dans la nuit du 4 au 5 juillet 2017. \u00ab\u00a0<em>Nous n&rsquo;avons pas re\u00e7u de validation officielle, mais nous sommes confiants<\/em>\u00a0\u00bb explique Jean-Jacques Gaultier.<\/p>\n<p style=\"text-align: justify;\">Apr\u00e8s un Grand D\u00e9part le samedi 1er juillet 2017 de D\u00fcsseldorf, en Allemagne et un passage par la Belgique et par le Grand-Duch\u00e9 du Luxembourg, la Grande Boucle devrait passer dans notre d\u00e9partement le mardi 4 juillet avec une arriv\u00e9e \u00e0 Vittel. Le lendemain, une \u00e9tape Vittel \u2013 Planches-des-Belles-Filles (Haute-Sa\u00f4ne) est \u00e9voqu\u00e9e. \u00ab\u00a0<em>C&rsquo;est une superbe vitrine pour la ville et cela colle avec l&rsquo;image sportive de Vittel. C&rsquo;est aussi une promotion de notre territoire, car le Tour de France est m\u00e9diatis\u00e9 dans beaucoup de pays.<\/em>\u00a0\u00bb ajoute le premier magistrat.<\/p>\n<p>\u00ab\u00a0<em>Des d\u00e9marches ont d\u00e9but\u00e9 du c\u00f4t\u00e9 des h\u00f4teliers de la ville<\/em>\u00a0\u00bb poursuite le maire. En effet, deux h\u00f4tels de la cit\u00e9 sont d&rsquo;ores et d\u00e9j\u00e0 r\u00e9serv\u00e9s pour le 4 juillet 2017. En effet, L&rsquo;Or\u00e9e du Bois et l&rsquo;H\u00f4tel Mercure ont enti\u00e8rement bloqu\u00e9 les r\u00e9servations de leur \u00e9tablissement \u00e0 cette date, tr\u00e8s certainement en vue d&rsquo;accueillir les \u00e9quipes de la Grande Boucle.<\/p>\n<p style=\"text-align: justify;\">Nestl\u00e9-Waters, \u00e0 travers la marque d\u2019eau min\u00e9rale Vittel, sponsorise le Tour de France depuis plusieurs d\u00e9cennies et est engag\u00e9e jusqu\u2019en 2018. Pour rappel, Vittel a d\u00e9j\u00e0 accueilli une \u00e9tape de la Grande Boucle en 1968, 1990 et 2009.<\/p>\n<p style=\"text-align: justify;\">La suite\u00a0? Les Alpes puis les Pyr\u00e9n\u00e9es, \u00e0 moins que Christian Prudhomme ne surprenne encore. R\u00e9ponse sur le parcours complet, le 18 octobre 2016, au Palais des Congr\u00e8s de Paris.<\/p>\n<p style=\"text-align: justify;\">A.J.<\/p>\n","protected":false},"excerpt":{"rendered":"<p>La 103\u00e8me \u00e9dition du Tour de France vient de se terminer et ASO, l&rsquo;organisateur, pr\u00e9pare d\u00e9j\u00e0 le parcours 2017 et [&hellip;]<\/p>\n","protected":false},"author":1,"featured_media":5884,"comment_status":"open","ping_status":"open","sticky":false,"template":"","format":"standard","meta":{"footnotes":""},"categories":[29,37,14,38],"tags":[277,1199,77],"class_list":["post-5883","post","type-post","status-publish","format-standard","has-post-thumbnail","hentry","category-a-la-une","category-la-plaine","category-sport","category-vittel-la-plaine","tag-tour-de-france","tag-velo","tag-vittel"],"acf":[],"yoast_head":"<!-- This site is optimized with the Yoast SEO plugin v22.5 - https:\/\/yoast.com\/wordpress\/plugins\/seo\/ -->\n<title>Le Tour de France de passage \u00e0 Vittel en juillet 2017 ? - La Plaine des Vosges<\/title>\n<meta name=\"robots\" content=\"index, follow, max-snippet:-1, max-image-preview:large, max-video-preview:-1\" \/>\n<link rel=\"canonical\" href=\"https:\/\/vosgesinfo.fr\/laplainedesvosgesinfo\/2016\/07\/le-tour-de-france-de-passage-a-vittel-en-juillet-2017\/\" \/>\n<meta name=\"twitter:card\" content=\"summary_large_image\" \/>\n<meta name=\"twitter:title\" content=\"Le Tour de France de passage \u00e0 Vittel en juillet 2017 ? - La Plaine des Vosges\" \/>\n<meta name=\"twitter:description\" content=\"La 103\u00e8me \u00e9dition du Tour de France vient de se terminer et ASO, l&rsquo;organisateur, pr\u00e9pare d\u00e9j\u00e0 le parcours 2017 et [&hellip;]\" \/>\n<meta name=\"twitter:image\" content=\"https:\/\/vosgesinfo.fr\/app\/uploads\/sites\/2\/2024\/06\/201607tour-de-france-941810-960-720.jpg\" \/>\n<meta name=\"twitter:creator\" content=\"@VosgesInfo88\" \/>\n<meta name=\"twitter:site\" content=\"@VosgesInfo88\" \/>\n<meta name=\"twitter:label1\" content=\"\u00c9crit par\" \/>\n\t<meta name=\"twitter:data1\" content=\"qs_admin\" \/>\n\t<meta name=\"twitter:label2\" content=\"Dur\u00e9e de lecture estim\u00e9e\" \/>\n\t<meta name=\"twitter:data2\" content=\"2 minutes\" \/>\n<script type=\"application\/ld+json\" class=\"yoast-schema-graph\">{\"@context\":\"https:\/\/schema.org\",\"@graph\":[{\"@type\":\"Article\",\"@id\":\"https:\/\/vosgesinfo.fr\/laplainedesvosgesinfo\/2016\/07\/le-tour-de-france-de-passage-a-vittel-en-juillet-2017\/#article\",\"isPartOf\":{\"@id\":\"https:\/\/vosgesinfo.fr\/laplainedesvosgesinfo\/2016\/07\/le-tour-de-france-de-passage-a-vittel-en-juillet-2017\/\"},\"author\":{\"name\":\"qs_admin\",\"@id\":\"https:\/\/vosgesinfo.fr\/laplainedesvosgesinfo\/#\/schema\/person\/bc5d02d71e6932e81b6dadb7386667b1\"},\"headline\":\"Le Tour de France de passage \u00e0 Vittel en juillet 2017 ?\",\"datePublished\":\"2016-07-28T09:53:55+00:00\",\"dateModified\":\"2016-07-28T09:53:55+00:00\",\"mainEntityOfPage\":{\"@id\":\"https:\/\/vosgesinfo.fr\/laplainedesvosgesinfo\/2016\/07\/le-tour-de-france-de-passage-a-vittel-en-juillet-2017\/\"},\"wordCount\":424,\"commentCount\":0,\"publisher\":{\"@id\":\"https:\/\/vosgesinfo.fr\/laplainedesvosgesinfo\/#organization\"},\"image\":{\"@id\":\"https:\/\/vosgesinfo.fr\/laplainedesvosgesinfo\/2016\/07\/le-tour-de-france-de-passage-a-vittel-en-juillet-2017\/#primaryimage\"},\"thumbnailUrl\":\"https:\/\/vosgesinfo.fr\/app\/uploads\/sites\/2\/2024\/06\/201607tour-de-france-941810-960-720.jpg\",\"keywords\":[\"Tour de France\",\"v\u00e9lo\",\"Vittel\"],\"articleSection\":[\"A la Une\",\"La Plaine\",\"Sport\",\"Vittel\"],\"inLanguage\":\"fr-FR\",\"potentialAction\":[{\"@type\":\"CommentAction\",\"name\":\"Comment\",\"target\":[\"https:\/\/vosgesinfo.fr\/laplainedesvosgesinfo\/2016\/07\/le-tour-de-france-de-passage-a-vittel-en-juillet-2017\/#respond\"]}]},{\"@type\":\"WebPage\",\"@id\":\"https:\/\/vosgesinfo.fr\/laplainedesvosgesinfo\/2016\/07\/le-tour-de-france-de-passage-a-vittel-en-juillet-2017\/\",\"url\":\"https:\/\/vosgesinfo.fr\/laplainedesvosgesinfo\/2016\/07\/le-tour-de-france-de-passage-a-vittel-en-juillet-2017\/\",\"name\":\"Le Tour de France de passage \u00e0 Vittel en juillet 2017 ? - La Plaine des Vosges\",\"isPartOf\":{\"@id\":\"https:\/\/vosgesinfo.fr\/laplainedesvosgesinfo\/#website\"},\"primaryImageOfPage\":{\"@id\":\"https:\/\/vosgesinfo.fr\/laplainedesvosgesinfo\/2016\/07\/le-tour-de-france-de-passage-a-vittel-en-juillet-2017\/#primaryimage\"},\"image\":{\"@id\":\"https:\/\/vosgesinfo.fr\/laplainedesvosgesinfo\/2016\/07\/le-tour-de-france-de-passage-a-vittel-en-juillet-2017\/#primaryimage\"},\"thumbnailUrl\":\"https:\/\/vosgesinfo.fr\/app\/uploads\/sites\/2\/2024\/06\/201607tour-de-france-941810-960-720.jpg\",\"datePublished\":\"2016-07-28T09:53:55+00:00\",\"dateModified\":\"2016-07-28T09:53:55+00:00\",\"breadcrumb\":{\"@id\":\"https:\/\/vosgesinfo.fr\/laplainedesvosgesinfo\/2016\/07\/le-tour-de-france-de-passage-a-vittel-en-juillet-2017\/#breadcrumb\"},\"inLanguage\":\"fr-FR\",\"potentialAction\":[{\"@type\":\"ReadAction\",\"target\":[\"https:\/\/vosgesinfo.fr\/laplainedesvosgesinfo\/2016\/07\/le-tour-de-france-de-passage-a-vittel-en-juillet-2017\/\"]}]},{\"@type\":\"ImageObject\",\"inLanguage\":\"fr-FR\",\"@id\":\"https:\/\/vosgesinfo.fr\/laplainedesvosgesinfo\/2016\/07\/le-tour-de-france-de-passage-a-vittel-en-juillet-2017\/#primaryimage\",\"url\":\"https:\/\/vosgesinfo.fr\/app\/uploads\/sites\/2\/2024\/06\/201607tour-de-france-941810-960-720.jpg\",\"contentUrl\":\"https:\/\/vosgesinfo.fr\/app\/uploads\/sites\/2\/2024\/06\/201607tour-de-france-941810-960-720.jpg\",\"width\":800,\"height\":600},{\"@type\":\"BreadcrumbList\",\"@id\":\"https:\/\/vosgesinfo.fr\/laplainedesvosgesinfo\/2016\/07\/le-tour-de-france-de-passage-a-vittel-en-juillet-2017\/#breadcrumb\",\"itemListElement\":[{\"@type\":\"ListItem\",\"position\":1,\"name\":\"Home\",\"item\":\"https:\/\/vosgesinfo.fr\/laplainedesvosgesinfo\/\"},{\"@type\":\"ListItem\",\"position\":2,\"name\":\"Le Tour de France de passage \u00e0 Vittel en juillet 2017 ?\"}]},{\"@type\":\"WebSite\",\"@id\":\"https:\/\/vosgesinfo.fr\/laplainedesvosgesinfo\/#website\",\"url\":\"https:\/\/vosgesinfo.fr\/laplainedesvosgesinfo\/\",\"name\":\"La Plaine des Vosges\",\"description\":\"Toute l&#039;actualit\u00e9 de la plaine de Vosges\",\"publisher\":{\"@id\":\"https:\/\/vosgesinfo.fr\/laplainedesvosgesinfo\/#organization\"},\"alternateName\":\"Toute l'actualit\u00e9 de la plaine des Vosges\",\"potentialAction\":[{\"@type\":\"SearchAction\",\"target\":{\"@type\":\"EntryPoint\",\"urlTemplate\":\"https:\/\/vosgesinfo.fr\/laplainedesvosgesinfo\/?s={search_term_string}\"},\"query-input\":\"required name=search_term_string\"}],\"inLanguage\":\"fr-FR\"},{\"@type\":\"Organization\",\"@id\":\"https:\/\/vosgesinfo.fr\/laplainedesvosgesinfo\/#organization\",\"name\":\"La Plaine des Vosges\",\"url\":\"https:\/\/vosgesinfo.fr\/laplainedesvosgesinfo\/\",\"logo\":{\"@type\":\"ImageObject\",\"inLanguage\":\"fr-FR\",\"@id\":\"https:\/\/vosgesinfo.fr\/laplainedesvosgesinfo\/#\/schema\/logo\/image\/\",\"url\":\"https:\/\/vosgesinfo.fr\/app\/uploads\/sites\/2\/2023\/08\/logo-laplaineinfo.svg\",\"contentUrl\":\"https:\/\/vosgesinfo.fr\/app\/uploads\/sites\/2\/2023\/08\/logo-laplaineinfo.svg\",\"width\":1,\"height\":1,\"caption\":\"La Plaine des Vosges\"},\"image\":{\"@id\":\"https:\/\/vosgesinfo.fr\/laplainedesvosgesinfo\/#\/schema\/logo\/image\/\"},\"sameAs\":[\"https:\/\/www.facebook.com\/laplainedesvosges\",\"https:\/\/x.com\/VosgesInfo88\",\"https:\/\/www.youtube.com\/@vosgesinfo\"]},{\"@type\":\"Person\",\"@id\":\"https:\/\/vosgesinfo.fr\/laplainedesvosgesinfo\/#\/schema\/person\/bc5d02d71e6932e81b6dadb7386667b1\",\"name\":\"qs_admin\",\"image\":{\"@type\":\"ImageObject\",\"inLanguage\":\"fr-FR\",\"@id\":\"https:\/\/vosgesinfo.fr\/laplainedesvosgesinfo\/#\/schema\/person\/image\/\",\"url\":\"https:\/\/secure.gravatar.com\/avatar\/94b18ee0ed79e4a42ea2f2931277b6841a8999fc6fde214600c78057cf1fe1de?s=96&d=mm&r=g\",\"contentUrl\":\"https:\/\/secure.gravatar.com\/avatar\/94b18ee0ed79e4a42ea2f2931277b6841a8999fc6fde214600c78057cf1fe1de?s=96&d=mm&r=g\",\"caption\":\"qs_admin\"},\"sameAs\":[\"https:\/\/vosgesinfo.fr\/wp\"],\"url\":\"https:\/\/vosgesinfo.fr\/laplainedesvosgesinfo\/author\/qs_admin\/\"}]}<\/script>\n<!-- \/ Yoast SEO plugin. -->","yoast_head_json":{"title":"Le Tour de France de passage \u00e0 Vittel en juillet 2017 ? - La Plaine des Vosges","robots":{"index":"index","follow":"follow","max-snippet":"max-snippet:-1","max-image-preview":"max-image-preview:large","max-video-preview":"max-video-preview:-1"},"canonical":"https:\/\/vosgesinfo.fr\/laplainedesvosgesinfo\/2016\/07\/le-tour-de-france-de-passage-a-vittel-en-juillet-2017\/","twitter_card":"summary_large_image","twitter_title":"Le Tour de France de passage \u00e0 Vittel en juillet 2017 ? - La Plaine des Vosges","twitter_description":"La 103\u00e8me \u00e9dition du Tour de France vient de se terminer et ASO, l&rsquo;organisateur, pr\u00e9pare d\u00e9j\u00e0 le parcours 2017 et [&hellip;]","twitter_image":"https:\/\/vosgesinfo.fr\/app\/uploads\/sites\/2\/2024\/06\/201607tour-de-france-941810-960-720.jpg","twitter_creator":"@VosgesInfo88","twitter_site":"@VosgesInfo88","twitter_misc":{"\u00c9crit par":"qs_admin","Dur\u00e9e de lecture estim\u00e9e":"2 minutes"},"schema":{"@context":"https:\/\/schema.org","@graph":[{"@type":"Article","@id":"https:\/\/vosgesinfo.fr\/laplainedesvosgesinfo\/2016\/07\/le-tour-de-france-de-passage-a-vittel-en-juillet-2017\/#article","isPartOf":{"@id":"https:\/\/vosgesinfo.fr\/laplainedesvosgesinfo\/2016\/07\/le-tour-de-france-de-passage-a-vittel-en-juillet-2017\/"},"author":{"name":"qs_admin","@id":"https:\/\/vosgesinfo.fr\/laplainedesvosgesinfo\/#\/schema\/person\/bc5d02d71e6932e81b6dadb7386667b1"},"headline":"Le Tour de France de passage \u00e0 Vittel en juillet 2017 ?","datePublished":"2016-07-28T09:53:55+00:00","dateModified":"2016-07-28T09:53:55+00:00","mainEntityOfPage":{"@id":"https:\/\/vosgesinfo.fr\/laplainedesvosgesinfo\/2016\/07\/le-tour-de-france-de-passage-a-vittel-en-juillet-2017\/"},"wordCount":424,"commentCount":0,"publisher":{"@id":"https:\/\/vosgesinfo.fr\/laplainedesvosgesinfo\/#organization"},"image":{"@id":"https:\/\/vosgesinfo.fr\/laplainedesvosgesinfo\/2016\/07\/le-tour-de-france-de-passage-a-vittel-en-juillet-2017\/#primaryimage"},"thumbnailUrl":"https:\/\/vosgesinfo.fr\/app\/uploads\/sites\/2\/2024\/06\/201607tour-de-france-941810-960-720.jpg","keywords":["Tour de France","v\u00e9lo","Vittel"],"articleSection":["A la Une","La Plaine","Sport","Vittel"],"inLanguage":"fr-FR","potentialAction":[{"@type":"CommentAction","name":"Comment","target":["https:\/\/vosgesinfo.fr\/laplainedesvosgesinfo\/2016\/07\/le-tour-de-france-de-passage-a-vittel-en-juillet-2017\/#respond"]}]},{"@type":"WebPage","@id":"https:\/\/vosgesinfo.fr\/laplainedesvosgesinfo\/2016\/07\/le-tour-de-france-de-passage-a-vittel-en-juillet-2017\/","url":"https:\/\/vosgesinfo.fr\/laplainedesvosgesinfo\/2016\/07\/le-tour-de-france-de-passage-a-vittel-en-juillet-2017\/","name":"Le Tour de France de passage \u00e0 Vittel en juillet 2017 ? - La Plaine des Vosges","isPartOf":{"@id":"https:\/\/vosgesinfo.fr\/laplainedesvosgesinfo\/#website"},"primaryImageOfPage":{"@id":"https:\/\/vosgesinfo.fr\/laplainedesvosgesinfo\/2016\/07\/le-tour-de-france-de-passage-a-vittel-en-juillet-2017\/#primaryimage"},"image":{"@id":"https:\/\/vosgesinfo.fr\/laplainedesvosgesinfo\/2016\/07\/le-tour-de-france-de-passage-a-vittel-en-juillet-2017\/#primaryimage"},"thumbnailUrl":"https:\/\/vosgesinfo.fr\/app\/uploads\/sites\/2\/2024\/06\/201607tour-de-france-941810-960-720.jpg","datePublished":"2016-07-28T09:53:55+00:00","dateModified":"2016-07-28T09:53:55+00:00","breadcrumb":{"@id":"https:\/\/vosgesinfo.fr\/laplainedesvosgesinfo\/2016\/07\/le-tour-de-france-de-passage-a-vittel-en-juillet-2017\/#breadcrumb"},"inLanguage":"fr-FR","potentialAction":[{"@type":"ReadAction","target":["https:\/\/vosgesinfo.fr\/laplainedesvosgesinfo\/2016\/07\/le-tour-de-france-de-passage-a-vittel-en-juillet-2017\/"]}]},{"@type":"ImageObject","inLanguage":"fr-FR","@id":"https:\/\/vosgesinfo.fr\/laplainedesvosgesinfo\/2016\/07\/le-tour-de-france-de-passage-a-vittel-en-juillet-2017\/#primaryimage","url":"https:\/\/vosgesinfo.fr\/app\/uploads\/sites\/2\/2024\/06\/201607tour-de-france-941810-960-720.jpg","contentUrl":"https:\/\/vosgesinfo.fr\/app\/uploads\/sites\/2\/2024\/06\/201607tour-de-france-941810-960-720.jpg","width":800,"height":600},{"@type":"BreadcrumbList","@id":"https:\/\/vosgesinfo.fr\/laplainedesvosgesinfo\/2016\/07\/le-tour-de-france-de-passage-a-vittel-en-juillet-2017\/#breadcrumb","itemListElement":[{"@type":"ListItem","position":1,"name":"Home","item":"https:\/\/vosgesinfo.fr\/laplainedesvosgesinfo\/"},{"@type":"ListItem","position":2,"name":"Le Tour de France de passage \u00e0 Vittel en juillet 2017 ?"}]},{"@type":"WebSite","@id":"https:\/\/vosgesinfo.fr\/laplainedesvosgesinfo\/#website","url":"https:\/\/vosgesinfo.fr\/laplainedesvosgesinfo\/","name":"La Plaine des Vosges","description":"Toute l&#039;actualit\u00e9 de la plaine de Vosges","publisher":{"@id":"https:\/\/vosgesinfo.fr\/laplainedesvosgesinfo\/#organization"},"alternateName":"Toute l'actualit\u00e9 de la plaine des Vosges","potentialAction":[{"@type":"SearchAction","target":{"@type":"EntryPoint","urlTemplate":"https:\/\/vosgesinfo.fr\/laplainedesvosgesinfo\/?s={search_term_string}"},"query-input":"required name=search_term_string"}],"inLanguage":"fr-FR"},{"@type":"Organization","@id":"https:\/\/vosgesinfo.fr\/laplainedesvosgesinfo\/#organization","name":"La Plaine des Vosges","url":"https:\/\/vosgesinfo.fr\/laplainedesvosgesinfo\/","logo":{"@type":"ImageObject","inLanguage":"fr-FR","@id":"https:\/\/vosgesinfo.fr\/laplainedesvosgesinfo\/#\/schema\/logo\/image\/","url":"https:\/\/vosgesinfo.fr\/app\/uploads\/sites\/2\/2023\/08\/logo-laplaineinfo.svg","contentUrl":"https:\/\/vosgesinfo.fr\/app\/uploads\/sites\/2\/2023\/08\/logo-laplaineinfo.svg","width":1,"height":1,"caption":"La Plaine des Vosges"},"image":{"@id":"https:\/\/vosgesinfo.fr\/laplainedesvosgesinfo\/#\/schema\/logo\/image\/"},"sameAs":["https:\/\/www.facebook.com\/laplainedesvosges","https:\/\/x.com\/VosgesInfo88","https:\/\/www.youtube.com\/@vosgesinfo"]},{"@type":"Person","@id":"https:\/\/vosgesinfo.fr\/laplainedesvosgesinfo\/#\/schema\/person\/bc5d02d71e6932e81b6dadb7386667b1","name":"qs_admin","image":{"@type":"ImageObject","inLanguage":"fr-FR","@id":"https:\/\/vosgesinfo.fr\/laplainedesvosgesinfo\/#\/schema\/person\/image\/","url":"https:\/\/secure.gravatar.com\/avatar\/94b18ee0ed79e4a42ea2f2931277b6841a8999fc6fde214600c78057cf1fe1de?s=96&d=mm&r=g","contentUrl":"https:\/\/secure.gravatar.com\/avatar\/94b18ee0ed79e4a42ea2f2931277b6841a8999fc6fde214600c78057cf1fe1de?s=96&d=mm&r=g","caption":"qs_admin"},"sameAs":["https:\/\/vosgesinfo.fr\/wp"],"url":"https:\/\/vosgesinfo.fr\/laplainedesvosgesinfo\/author\/qs_admin\/"}]}},"_links":{"self":[{"href":"https:\/\/vosgesinfo.fr\/laplainedesvosgesinfo\/wp-json\/wp\/v2\/posts\/5883","targetHints":{"allow":["GET"]}}],"collection":[{"href":"https:\/\/vosgesinfo.fr\/laplainedesvosgesinfo\/wp-json\/wp\/v2\/posts"}],"about":[{"href":"https:\/\/vosgesinfo.fr\/laplainedesvosgesinfo\/wp-json\/wp\/v2\/types\/post"}],"author":[{"embeddable":true,"href":"https:\/\/vosgesinfo.fr\/laplainedesvosgesinfo\/wp-json\/wp\/v2\/users\/1"}],"replies":[{"embeddable":true,"href":"https:\/\/vosgesinfo.fr\/laplainedesvosgesinfo\/wp-json\/wp\/v2\/comments?post=5883"}],"version-history":[{"count":0,"href":"https:\/\/vosgesinfo.fr\/laplainedesvosgesinfo\/wp-json\/wp\/v2\/posts\/5883\/revisions"}],"wp:featuredmedia":[{"embeddable":true,"href":"https:\/\/vosgesinfo.fr\/laplainedesvosgesinfo\/wp-json\/wp\/v2\/media\/5884"}],"wp:attachment":[{"href":"https:\/\/vosgesinfo.fr\/laplainedesvosgesinfo\/wp-json\/wp\/v2\/media?parent=5883"}],"wp:term":[{"taxonomy":"category","embeddable":true,"href":"https:\/\/vosgesinfo.fr\/laplainedesvosgesinfo\/wp-json\/wp\/v2\/categories?post=5883"},{"taxonomy":"post_tag","embeddable":true,"href":"https:\/\/vosgesinfo.fr\/laplainedesvosgesinfo\/wp-json\/wp\/v2\/tags?post=5883"}],"curies":[{"name":"wp","href":"https:\/\/api.w.org\/{rel}","templated":true}]}}